{"id":79386,"date":"2025-10-30T17:24:52","date_gmt":"2025-10-30T20:24:52","guid":{"rendered":"https:\/\/noticiasribeiraopreto.com.br\/index.php\/2025\/10\/30\/entre-tacas-e-destinos-evento-em-ribeirao-preto-discute-o-futuro-do-turismo-e-da-vitivinicultura-na-regiao\/"},"modified":"2025-10-30T17:24:52","modified_gmt":"2025-10-30T20:24:52","slug":"entre-tacas-e-destinos-evento-em-ribeirao-preto-discute-o-futuro-do-turismo-e-da-vitivinicultura-na-regiao","status":"publish","type":"post","link":"https:\/\/noticiasribeiraopreto.com.br\/index.php\/2025\/10\/30\/entre-tacas-e-destinos-evento-em-ribeirao-preto-discute-o-futuro-do-turismo-e-da-vitivinicultura-na-regiao\/","title":{"rendered":"Entre ta\u00e7as e destinos: evento em Ribeir\u00e3o Preto discute o futuro do turismo e da vitivinicultura na regi\u00e3o"},"content":{"rendered":"<div class='code-block code-block-1' style='margin: 8px 0 8px auto; text-align: right; display: block; clear: both;'>\n<p><a href=\"https:\/\/wa.link\/vpicfd\"><img data-recalc-dims=\"1\" class=\"wp-image-4922\" style=\"aspect-ratio: 2.0253164556962027; width: 561px; height: auto;\" src=\"https:\/\/i0.wp.com\/ismaelcolosi.com.br\/wp-content\/uploads\/2023\/11\/grupo-de-empregos-whatsapp-e-facebook-ismael-colosi-vagas.jpg?ssl=1\" alt=\"\" \/><\/a><\/p>\n<!-- \/wp:image -->\n<\/div>\n<p> <br \/>\n<\/p>\n<div>\n<p>Ribeir\u00e3o Preto sedia, nos dias <strong>4 e 5 de novembro<\/strong>, a terceira edi\u00e7\u00e3o do Encontro Ribeir\u00e3o, que discute estrat\u00e9gias para o desenvolvimento do turismo regional e a valoriza\u00e7\u00e3o da produ\u00e7\u00e3o paulista de vinhos. <\/p>\n<p>O encontro re\u00fane <strong>profissionais, gestores p\u00fablicos e representantes do setor produtivo<\/strong> para discutir estrat\u00e9gias de promo\u00e7\u00e3o de destinos tur\u00edsticos e o fortalecimento da vitivinicultura estadual. <\/p>\n<p>O evento, que conta com <strong>apoio da Acirp (Associa\u00e7\u00e3o Comercial e Industrial de Ribeir\u00e3o Preto)<\/strong>, acontece no <strong>Hotel JP Ribeir\u00e3o Preto<\/strong>, com <strong>inscri\u00e7\u00f5es gratuitas<\/strong> dispon\u00edveis no site do <strong>Senac Ribeir\u00e3o Preto<\/strong> \u2013 <a href=\"https:\/\/eventos.sp.senac.br\/evento\/2o-encontro-ribeirao-destino-de-turismo-e-hospitalidade\/?utm_campaign=RIB_Evento&amp;utm_source=Whatsapp&amp;utm_medium=link&amp;utm_content=programacaoterceiroencontroribeirao\" data-type=\"link\" data-id=\"https:\/\/eventos.sp.senac.br\/evento\/2o-encontro-ribeirao-destino-de-turismo-e-hospitalidade\/?utm_campaign=RIB_Evento&amp;utm_source=Whatsapp&amp;utm_medium=link&amp;utm_content=programacaoterceiroencontroribeirao\" target=\"_blank\" rel=\"noopener\">clique aqui<\/a>.<\/p>\n<h3 class=\"wp-block-heading\"><strong>Programa\u00e7\u00e3o<\/strong><\/h3>\n<p>Durante os dois dias, os participantes acompanham <strong>palestras, pain\u00e9is e debates<\/strong> sobre <strong>hospitalidade, inova\u00e7\u00e3o e experi\u00eancias aut\u00eanticas<\/strong> como diferenciais competitivos para o turismo. O evento tamb\u00e9m apresenta o <strong>balan\u00e7o das a\u00e7\u00f5es de 2025<\/strong>, o <strong>calend\u00e1rio de eventos do pr\u00f3ximo ano<\/strong> e as <strong>tend\u00eancias do setor<\/strong>.<\/p>\n<p>Entre os palestrantes est\u00e3o <strong>Maria Eug\u00eania Biffi<\/strong>, secret\u00e1ria municipal da Cultura e Turismo, <strong>Lilian Alves<\/strong>, coordenadora do Senac Ribeir\u00e3o Preto, e o <strong>turism\u00f3logo Vitor Hugo Vieira<\/strong>. A produtora cultural <strong>Bruna Muniz<\/strong>, a turism\u00f3loga <strong>Raquel Schnorr<\/strong> e <strong>Ana Carolina<\/strong>, gerente geral do Hotel Tryp by Wyndham Ribeir\u00e3o Preto, compartilham experi\u00eancias locais e internacionais.<\/p>\n<figure class=\"wp-block-gallery has-nested-images columns-default is-cropped wp-block-gallery-1 is-layout-flex wp-block-gallery-is-layout-flex\">\n<figure class=\"wp-block-image size-large\"><img data-recalc-dims=\"1\" loading=\"lazy\" decoding=\"async\" width=\"150\" height=\"150\" data-id=\"134113\" src=\"https:\/\/i0.wp.com\/cdn.media-acidadeon.com.br\/ribeiraopreto\/wp-content\/uploads\/sites\/3\/2025\/10\/image_2025-10-30_17-37-16.webp?resize=150%2C150&#038;ssl=1\" alt=\"encontro\" class=\"wp-image-134113\" title=\"Entre ta\u00e7as e destinos: evento em Ribeir\u00e3o Preto discute o futuro do turismo e da vitivinicultura na regi\u00e3o 1\"\/><figcaption class=\"wp-element-caption\">Vitor Hugo Vieira<\/figcaption><\/figure>\n<figure class=\"wp-block-image size-large\"><img data-recalc-dims=\"1\" loading=\"lazy\" decoding=\"async\" width=\"150\" height=\"150\" data-id=\"134111\" src=\"https:\/\/i0.wp.com\/cdn.media-acidadeon.com.br\/ribeiraopreto\/wp-content\/uploads\/sites\/3\/2025\/10\/image_2025-10-30_17-36-51.webp?resize=150%2C150&#038;ssl=1\" alt=\"evento\" class=\"wp-image-134111\" title=\"Entre ta\u00e7as e destinos: evento em Ribeir\u00e3o Preto discute o futuro do turismo e da vitivinicultura na regi\u00e3o 2\"\/><figcaption class=\"wp-element-caption\">Lilian Alves<\/figcaption><\/figure>\n<figure class=\"wp-block-image size-large\"><img data-recalc-dims=\"1\" loading=\"lazy\" decoding=\"async\" width=\"150\" height=\"150\" data-id=\"134112\" src=\"https:\/\/i0.wp.com\/cdn.media-acidadeon.com.br\/ribeiraopreto\/wp-content\/uploads\/sites\/3\/2025\/10\/image_2025-10-30_17-37-06.webp?resize=150%2C150&#038;ssl=1\" alt=\"image 2025 10 30 17 37 06\" class=\"wp-image-134112\" title=\"Entre ta\u00e7as e destinos: evento em Ribeir\u00e3o Preto discute o futuro do turismo e da vitivinicultura na regi\u00e3o 3\"\/><figcaption class=\"wp-element-caption\">Elziane Sandrim<\/figcaption><\/figure>\n<\/figure>\n<p>O segundo dia traz uma <strong>imers\u00e3o na vitivinicultura paulista<\/strong>, com a apresenta\u00e7\u00e3o do projeto <strong>\u201cWines of S\u00e3o Paulo\u201d<\/strong> e um bate-papo com <strong>representantes de vin\u00edcolas<\/strong>. A proposta destaca o <strong>potencial das rotas do vinho<\/strong> e o <strong>papel de Ribeir\u00e3o Preto e regi\u00e3o<\/strong> como <strong>novos territ\u00f3rios produtores<\/strong>, conectando <strong>cultura, gastronomia, lazer e hospitalidade<\/strong>.<\/p>\n<hr class=\"wp-block-separator has-alpha-channel-opacity\"\/>\n<p>SAIBA MAIS<br \/>Nova frente fria traz risco de chuva forte ao interior de SP; Confira previs\u00e3o<\/p>\n<h2 class=\"wp-block-heading\"><strong>FIQUE ON<\/strong><\/h2>\n<p>Fique ligado em tudo que acontece em Ribeir\u00e3o Preto e regi\u00e3o. Siga os perfis do\u00a0<strong>acidade on\u00a0<\/strong>no<a href=\"https:\/\/www.instagram.com\/acidadeonribeirao\" target=\"_blank\" rel=\"noreferrer noopener\">\u00a0Instagram<\/a>\u00a0e no\u00a0<a href=\"https:\/\/www.facebook.com\/acidadeonribeirao\/\" target=\"_blank\" rel=\"noreferrer noopener\">Facebook<\/a>.<\/p>\n<p>Receba not\u00edcias do\u00a0<strong>acidade on<\/strong>\u00a0no WhatsApp. Para entrar no grupo,\u00a0basta\u00a0<a href=\"https:\/\/chat.whatsapp.com\/I4nieTEMKlf50pJ28aMemC?mode=ac_t\" target=\"_blank\" rel=\"noreferrer noopener\">clicar aqui<\/a>. Ou, acesse o nosso\u00a0Canal\u00a0<a href=\"https:\/\/whatsapp.com\/channel\/0029Vb6IQl1JENyAeS57fk2p\" target=\"_blank\" rel=\"noreferrer noopener\">clicando aqui<\/a>.<\/p>\n<p>Fa\u00e7a uma den\u00fancia ou sugira uma reportagem sobre Ribeir\u00e3o Preto e regi\u00e3o pelo WhatsApp: 16 99117 7802.<\/p>\n<p>VEJA TAMB\u00c9M<br \/>Felipe Massa pode ficar com o t\u00edtulo de 2008 da F1?<\/p>\n<p><!-- AI CONTENT END 1 -->\n<\/div>\n<p><script async src=\"\/\/www.instagram.com\/embed.js\"><\/script><br \/>\n<br \/><br \/>\n<br \/><a href=\"https:\/\/www.acidadeon.com\/ribeiraopreto\/cotidiano\/entre-tacas-e-destinos-evento-em-ribeirao-preto-discute-o-futuro-do-turismo-e-da-vitivinicultura-na-regiao\/\">Source link <\/a><\/p>\n<!-- CONTENT END 1 -->\n","protected":false},"excerpt":{"rendered":"<p>Ribeir\u00e3o Preto sedia, nos dias 4 e 5 de novembro, a terceira edi\u00e7\u00e3o do Encontro Ribeir\u00e3o, que discute estrat\u00e9gias para o desenvolvimento do turismo regional&#8230;<\/p>\n","protected":false},"author":1,"featured_media":79387,"comment_status":"open","ping_status":"open","sticky":false,"template":"","format":"standard","meta":{"advanced_seo_description":"","jetpack_seo_html_title":"","jetpack_seo_noindex":false,"jetpack_post_was_ever_published":false,"_jetpack_newsletter_access":"","_jetpack_dont_email_post_to_subs":false,"_jetpack_newsletter_tier_id":0,"_jetpack_memberships_contains_paywalled_content":false,"_jetpack_memberships_contains_paid_content":false,"footnotes":"","jetpack_publicize_message":"","jetpack_publicize_feature_enabled":true,"jetpack_social_post_already_shared":true,"jetpack_social_options":{"image_generator_settings":{"template":"highway","default_image_id":0,"font":"","enabled":false},"version":2}},"categories":[11],"tags":[],"class_list":["post-79386","post","type-post","status-publish","format-standard","has-post-thumbnail","hentry","category-noticias-de-ribeirao-preto-sp-e-regiao-ismael-colosi"],"jetpack_publicize_connections":[],"jetpack_featured_media_url":"https:\/\/i0.wp.com\/noticiasribeiraopreto.com.br\/wp-content\/uploads\/2025\/10\/terror_2025-10-30_17-42-37.webp.webp?fit=1200%2C675&ssl=1","jetpack-related-posts":[{"id":79392,"url":"https:\/\/noticiasribeiraopreto.com.br\/index.php\/2025\/10\/30\/rotas-do-queijo-quatro-cidades-da-regiao-de-ribeirao-preto-entram-no-mapa-do-turismo-gastronomico\/","url_meta":{"origin":79386,"position":0},"title":"Rotas do Queijo: quatro cidades da regi\u00e3o de Ribeir\u00e3o Preto entram no mapa do turismo gastron\u00f4mico","author":"noticiasribeiraopreto.com.br","date":"30 de October de 2025","format":false,"excerpt":"Quatro cidades da regi\u00e3o de Ribeir\u00e3o Preto \u2013 C\u00e1ssia dos Coqueiros, Jaboticabal, Jardin\u00f3polis e Pedregulho \u2013 passam a integrar as Rotas do Queijo de S\u00e3o Paulo, projeto que valoriza a produ\u00e7\u00e3o de queijos artesanais e fortalece o turismo gastron\u00f4mico no estado. A inclus\u00e3o dessas cidades refor\u00e7a a presen\u00e7a da Mogiana\u2026","rel":"","context":"In &quot;Not\u00edcias de Ribeir\u00e3o Preto-SP e Regi\u00e3o&quot;","block_context":{"text":"Not\u00edcias de Ribeir\u00e3o Preto-SP e Regi\u00e3o","link":"https:\/\/noticiasribeiraopreto.com.br\/index.php\/category\/noticias-de-ribeirao-preto-sp-e-regiao-ismael-colosi\/"},"img":{"alt_text":"","src":"https:\/\/i0.wp.com\/noticiasribeiraopreto.com.br\/wp-content\/uploads\/2025\/10\/terror-5_2025-10-30_21-05-44.webp.webp?fit=1200%2C675&ssl=1&resize=350%2C200","width":350,"height":200,"srcset":"https:\/\/i0.wp.com\/noticiasribeiraopreto.com.br\/wp-content\/uploads\/2025\/10\/terror-5_2025-10-30_21-05-44.webp.webp?fit=1200%2C675&ssl=1&resize=350%2C200 1x, https:\/\/i0.wp.com\/noticiasribeiraopreto.com.br\/wp-content\/uploads\/2025\/10\/terror-5_2025-10-30_21-05-44.webp.webp?fit=1200%2C675&ssl=1&resize=525%2C300 1.5x, https:\/\/i0.wp.com\/noticiasribeiraopreto.com.br\/wp-content\/uploads\/2025\/10\/terror-5_2025-10-30_21-05-44.webp.webp?fit=1200%2C675&ssl=1&resize=700%2C400 2x, https:\/\/i0.wp.com\/noticiasribeiraopreto.com.br\/wp-content\/uploads\/2025\/10\/terror-5_2025-10-30_21-05-44.webp.webp?fit=1200%2C675&ssl=1&resize=1050%2C600 3x"},"classes":[]},{"id":82766,"url":"https:\/\/noticiasribeiraopreto.com.br\/index.php\/2026\/02\/26\/turismo-em-ribeirao-preto-deve-ganhar-novos-rumos\/","url_meta":{"origin":79386,"position":1},"title":"Turismo em Ribeir\u00e3o Preto deve ganhar novos rumos","author":"noticiasribeiraopreto.com.br","date":"26 de February de 2026","format":false,"excerpt":"Nesta quarta-feira (25), foi realizado no Sindicato de Turismo, Hospitalidade, Servi\u00e7os e Mercado Imobili\u00e1rio de Ribeir\u00e3o Preto e Regi\u00e3o (SINDTUR) um encontro entre o presidente da Federa\u00e7\u00e3o do Com\u00e9rcio de Bens, Servi\u00e7os e Turismo (FECOM\u00c9RCIO), Ivo Dall\u2019Acqua J\u00fanior, o diretor geral do Sesc S\u00e3o Paulo, Luiz Galina, o presidente do\u2026","rel":"","context":"In &quot;Not\u00edcias de Ribeir\u00e3o Preto-SP e Regi\u00e3o&quot;","block_context":{"text":"Not\u00edcias de Ribeir\u00e3o Preto-SP e Regi\u00e3o","link":"https:\/\/noticiasribeiraopreto.com.br\/index.php\/category\/noticias-de-ribeirao-preto-sp-e-regiao-ismael-colosi\/"},"img":{"alt_text":"","src":"https:\/\/i0.wp.com\/noticiasribeiraopreto.com.br\/wp-content\/uploads\/2026\/02\/WhatsApp-Image-2026-02-25-at-16.22.10-scaled.jpeg?fit=1170%2C780&ssl=1&resize=350%2C200","width":350,"height":200,"srcset":"https:\/\/i0.wp.com\/noticiasribeiraopreto.com.br\/wp-content\/uploads\/2026\/02\/WhatsApp-Image-2026-02-25-at-16.22.10-scaled.jpeg?fit=1170%2C780&ssl=1&resize=350%2C200 1x, https:\/\/i0.wp.com\/noticiasribeiraopreto.com.br\/wp-content\/uploads\/2026\/02\/WhatsApp-Image-2026-02-25-at-16.22.10-scaled.jpeg?fit=1170%2C780&ssl=1&resize=525%2C300 1.5x, https:\/\/i0.wp.com\/noticiasribeiraopreto.com.br\/wp-content\/uploads\/2026\/02\/WhatsApp-Image-2026-02-25-at-16.22.10-scaled.jpeg?fit=1170%2C780&ssl=1&resize=700%2C400 2x, https:\/\/i0.wp.com\/noticiasribeiraopreto.com.br\/wp-content\/uploads\/2026\/02\/WhatsApp-Image-2026-02-25-at-16.22.10-scaled.jpeg?fit=1170%2C780&ssl=1&resize=1050%2C600 3x"},"classes":[]},{"id":79525,"url":"https:\/\/noticiasribeiraopreto.com.br\/index.php\/2025\/11\/03\/evento-em-ribeirao-discute-seguranca-e-boas-praticas-em-condominios-saiba-como-participar\/","url_meta":{"origin":79386,"position":2},"title":"Evento em Ribeir\u00e3o discute seguran\u00e7a e boas pr\u00e1ticas em condom\u00ednios; Saiba como participar","author":"noticiasribeiraopreto.com.br","date":"3 de November de 2025","format":false,"excerpt":"Acidentes em pr\u00e9dios brasileiros nos \u00faltimos anos refor\u00e7am a necessidade de manuten\u00e7\u00e3o predial e da presen\u00e7a de profissionais habilitados na gest\u00e3o de condom\u00ednios. Para discutir o tema, Ribeir\u00e3o Preto recebe nesta quinta-feira (6), a partir das 18h, na sede da Associa\u00e7\u00e3o de Engenharia, Arquitetura e Agronomia de Ribeir\u00e3o Preto (AEAARP),\u2026","rel":"","context":"In &quot;Not\u00edcias de Ribeir\u00e3o Preto-SP e Regi\u00e3o&quot;","block_context":{"text":"Not\u00edcias de Ribeir\u00e3o Preto-SP e Regi\u00e3o","link":"https:\/\/noticiasribeiraopreto.com.br\/index.php\/category\/noticias-de-ribeirao-preto-sp-e-regiao-ismael-colosi\/"},"img":{"alt_text":"","src":"https:\/\/i0.wp.com\/noticiasribeiraopreto.com.br\/wp-content\/uploads\/2025\/11\/WhatsApp-Image-2024-06-13-at-10.11.31_2024-06-13_13-22-04_jpeg_2024-06-13_13-22-05-1024x576.webp.webp?fit=1024%2C576&ssl=1&resize=350%2C200","width":350,"height":200,"srcset":"https:\/\/i0.wp.com\/noticiasribeiraopreto.com.br\/wp-content\/uploads\/2025\/11\/WhatsApp-Image-2024-06-13-at-10.11.31_2024-06-13_13-22-04_jpeg_2024-06-13_13-22-05-1024x576.webp.webp?fit=1024%2C576&ssl=1&resize=350%2C200 1x, https:\/\/i0.wp.com\/noticiasribeiraopreto.com.br\/wp-content\/uploads\/2025\/11\/WhatsApp-Image-2024-06-13-at-10.11.31_2024-06-13_13-22-04_jpeg_2024-06-13_13-22-05-1024x576.webp.webp?fit=1024%2C576&ssl=1&resize=525%2C300 1.5x, https:\/\/i0.wp.com\/noticiasribeiraopreto.com.br\/wp-content\/uploads\/2025\/11\/WhatsApp-Image-2024-06-13-at-10.11.31_2024-06-13_13-22-04_jpeg_2024-06-13_13-22-05-1024x576.webp.webp?fit=1024%2C576&ssl=1&resize=700%2C400 2x"},"classes":[]},{"id":62220,"url":"https:\/\/noticiasribeiraopreto.com.br\/index.php\/2025\/01\/07\/ribeirao-preto-recebe-a-31a-edicao-do-encontro-nacional-de-folia-de-reis\/","url_meta":{"origin":79386,"position":3},"title":"Ribeir\u00e3o Preto recebe a 31\u00aa edi\u00e7\u00e3o do Encontro Nacional de Folia de Reis","author":"noticiasribeiraopreto.com.br","date":"7 de January de 2025","format":false,"excerpt":"A 31\u00aa edi\u00e7\u00e3o do Encontro Nacional de Folia de Reis acontece no pr\u00f3ximo dia 26 de janeiro, na pra\u00e7a Jos\u00e9 Rossi, na Vila Virg\u00ednia. Neste ano, a festa tem como tema \u201cF\u00e9 e Cidadania\u201d e, de acordo com a Secretaria da Cultura, deve reunir at\u00e9 8 mil pessoas durante o\u2026","rel":"","context":"In &quot;Not\u00edcias de Ribeir\u00e3o Preto-SP e Regi\u00e3o&quot;","block_context":{"text":"Not\u00edcias de Ribeir\u00e3o Preto-SP e Regi\u00e3o","link":"https:\/\/noticiasribeiraopreto.com.br\/index.php\/category\/noticias-de-ribeirao-preto-sp-e-regiao-ismael-colosi\/"},"img":{"alt_text":"","src":"https:\/\/i0.wp.com\/noticiasribeiraopreto.com.br\/wp-content\/uploads\/2025\/01\/folia-de-reis_2025-01-07_20-12-48_jpg_2025-01-07_20-12-49.webp.webp?fit=1200%2C800&ssl=1&resize=350%2C200","width":350,"height":200,"srcset":"https:\/\/i0.wp.com\/noticiasribeiraopreto.com.br\/wp-content\/uploads\/2025\/01\/folia-de-reis_2025-01-07_20-12-48_jpg_2025-01-07_20-12-49.webp.webp?fit=1200%2C800&ssl=1&resize=350%2C200 1x, https:\/\/i0.wp.com\/noticiasribeiraopreto.com.br\/wp-content\/uploads\/2025\/01\/folia-de-reis_2025-01-07_20-12-48_jpg_2025-01-07_20-12-49.webp.webp?fit=1200%2C800&ssl=1&resize=525%2C300 1.5x, https:\/\/i0.wp.com\/noticiasribeiraopreto.com.br\/wp-content\/uploads\/2025\/01\/folia-de-reis_2025-01-07_20-12-48_jpg_2025-01-07_20-12-49.webp.webp?fit=1200%2C800&ssl=1&resize=700%2C400 2x, https:\/\/i0.wp.com\/noticiasribeiraopreto.com.br\/wp-content\/uploads\/2025\/01\/folia-de-reis_2025-01-07_20-12-48_jpg_2025-01-07_20-12-49.webp.webp?fit=1200%2C800&ssl=1&resize=1050%2C600 3x"},"classes":[]},{"id":42037,"url":"https:\/\/noticiasribeiraopreto.com.br\/index.php\/2024\/03\/12\/exposicao-reune-carros-antigos-na-regiao-de-ribeirao-preto\/","url_meta":{"origin":79386,"position":4},"title":"Exposi\u00e7\u00e3o re\u00fane carros antigos na regi\u00e3o de Ribeir\u00e3o Preto","author":"noticiasribeiraopreto.com.br","date":"12 de March de 2024","format":false,"excerpt":"O 5\u00ba Encontro de Antigomobilismo acontece no pr\u00f3ximo domingo (17) em Batatais, cidade a 44 quil\u00f4metros de Ribeir\u00e3o Preto. O evento faz parte da programa\u00e7\u00e3o do anivers\u00e1rio dos 185 anos de Batatais, comemorado em 14 de mar\u00e7o.\u00a0 De acordo com o diretor de patrim\u00f4nio da ABA (Associa\u00e7\u00e3o Batataense de Antigomobilismo)\u2026","rel":"","context":"In &quot;Not\u00edcias de Ribeir\u00e3o Preto-SP e Regi\u00e3o&quot;","block_context":{"text":"Not\u00edcias de Ribeir\u00e3o Preto-SP e Regi\u00e3o","link":"https:\/\/noticiasribeiraopreto.com.br\/index.php\/category\/noticias-de-ribeirao-preto-sp-e-regiao-ismael-colosi\/"},"img":{"alt_text":"","src":"https:\/\/i0.wp.com\/noticiasribeiraopreto.com.br\/wp-content\/uploads\/2024\/03\/Copia-de-Copia-de-TAMANHO-EXATO-PARA-FOTOS-NO-SISTEMA-NOVO-43.jpg?fit=1200%2C675&ssl=1&resize=350%2C200","width":350,"height":200,"srcset":"https:\/\/i0.wp.com\/noticiasribeiraopreto.com.br\/wp-content\/uploads\/2024\/03\/Copia-de-Copia-de-TAMANHO-EXATO-PARA-FOTOS-NO-SISTEMA-NOVO-43.jpg?fit=1200%2C675&ssl=1&resize=350%2C200 1x, https:\/\/i0.wp.com\/noticiasribeiraopreto.com.br\/wp-content\/uploads\/2024\/03\/Copia-de-Copia-de-TAMANHO-EXATO-PARA-FOTOS-NO-SISTEMA-NOVO-43.jpg?fit=1200%2C675&ssl=1&resize=525%2C300 1.5x, https:\/\/i0.wp.com\/noticiasribeiraopreto.com.br\/wp-content\/uploads\/2024\/03\/Copia-de-Copia-de-TAMANHO-EXATO-PARA-FOTOS-NO-SISTEMA-NOVO-43.jpg?fit=1200%2C675&ssl=1&resize=700%2C400 2x, https:\/\/i0.wp.com\/noticiasribeiraopreto.com.br\/wp-content\/uploads\/2024\/03\/Copia-de-Copia-de-TAMANHO-EXATO-PARA-FOTOS-NO-SISTEMA-NOVO-43.jpg?fit=1200%2C675&ssl=1&resize=1050%2C600 3x"},"classes":[]},{"id":43337,"url":"https:\/\/noticiasribeiraopreto.com.br\/index.php\/2024\/03\/20\/ribeirao-preto-discute-gestao-do-lixo-em-conjunto-com-a-regiao-entenda\/","url_meta":{"origin":79386,"position":5},"title":"Ribeir\u00e3o Preto discute gest\u00e3o do lixo em conjunto com a regi\u00e3o; Entenda","author":"noticiasribeiraopreto.com.br","date":"20 de March de 2024","format":false,"excerpt":"Acontecem nesta quinta-feira (21) duas audi\u00eancias p\u00fablicas para discutir a gest\u00e3o do lixo produzido em Ribeir\u00e3o Preto e em outras 17 cidades da regi\u00e3o quem fazem parte do CMM (Cons\u00f3rcio de Munic\u00edpios da Mogiana). A popula\u00e7\u00e3o ser\u00e1 consulta sobre o Pigirs (Plano Intermunicipal de Gest\u00e3o Integrada de Res\u00edduos S\u00f3lidos) e\u2026","rel":"","context":"In &quot;Not\u00edcias de Ribeir\u00e3o Preto-SP e Regi\u00e3o&quot;","block_context":{"text":"Not\u00edcias de Ribeir\u00e3o Preto-SP e Regi\u00e3o","link":"https:\/\/noticiasribeiraopreto.com.br\/index.php\/category\/noticias-de-ribeirao-preto-sp-e-regiao-ismael-colosi\/"},"img":{"alt_text":"","src":"https:\/\/i0.wp.com\/noticiasribeiraopreto.com.br\/wp-content\/uploads\/2024\/03\/AnyConv.com__lixo.webp.webp?fit=1200%2C831&ssl=1&resize=350%2C200","width":350,"height":200,"srcset":"https:\/\/i0.wp.com\/noticiasribeiraopreto.com.br\/wp-content\/uploads\/2024\/03\/AnyConv.com__lixo.webp.webp?fit=1200%2C831&ssl=1&resize=350%2C200 1x, https:\/\/i0.wp.com\/noticiasribeiraopreto.com.br\/wp-content\/uploads\/2024\/03\/AnyConv.com__lixo.webp.webp?fit=1200%2C831&ssl=1&resize=525%2C300 1.5x, https:\/\/i0.wp.com\/noticiasribeiraopreto.com.br\/wp-content\/uploads\/2024\/03\/AnyConv.com__lixo.webp.webp?fit=1200%2C831&ssl=1&resize=700%2C400 2x, https:\/\/i0.wp.com\/noticiasribeiraopreto.com.br\/wp-content\/uploads\/2024\/03\/AnyConv.com__lixo.webp.webp?fit=1200%2C831&ssl=1&resize=1050%2C600 3x"},"classes":[]}],"jetpack_sharing_enabled":true,"jetpack_shortlink":"https:\/\/wp.me\/peQAOb-kEq","_links":{"self":[{"href":"https:\/\/noticiasribeiraopreto.com.br\/index.php\/wp-json\/wp\/v2\/posts\/79386","targetHints":{"allow":["GET"]}}],"collection":[{"href":"https:\/\/noticiasribeiraopreto.com.br\/index.php\/wp-json\/wp\/v2\/posts"}],"about":[{"href":"https:\/\/noticiasribeiraopreto.com.br\/index.php\/wp-json\/wp\/v2\/types\/post"}],"author":[{"embeddable":true,"href":"https:\/\/noticiasribeiraopreto.com.br\/index.php\/wp-json\/wp\/v2\/users\/1"}],"replies":[{"embeddable":true,"href":"https:\/\/noticiasribeiraopreto.com.br\/index.php\/wp-json\/wp\/v2\/comments?post=79386"}],"version-history":[{"count":0,"href":"https:\/\/noticiasribeiraopreto.com.br\/index.php\/wp-json\/wp\/v2\/posts\/79386\/revisions"}],"wp:featuredmedia":[{"embeddable":true,"href":"https:\/\/noticiasribeiraopreto.com.br\/index.php\/wp-json\/wp\/v2\/media\/79387"}],"wp:attachment":[{"href":"https:\/\/noticiasribeiraopreto.com.br\/index.php\/wp-json\/wp\/v2\/media?parent=79386"}],"wp:term":[{"taxonomy":"category","embeddable":true,"href":"https:\/\/noticiasribeiraopreto.com.br\/index.php\/wp-json\/wp\/v2\/categories?post=79386"},{"taxonomy":"post_tag","embeddable":true,"href":"https:\/\/noticiasribeiraopreto.com.br\/index.php\/wp-json\/wp\/v2\/tags?post=79386"}],"curies":[{"name":"wp","href":"https:\/\/api.w.org\/{rel}","templated":true}]}}