{"id":79390,"date":"2025-10-30T20:05:03","date_gmt":"2025-10-30T23:05:03","guid":{"rendered":"https:\/\/noticiasribeiraopreto.com.br\/index.php\/2025\/10\/30\/caso-bigodini-conselho-de-etica-troca-relator-do-processo-de-cassacao-do-vereador\/"},"modified":"2025-10-30T20:05:03","modified_gmt":"2025-10-30T23:05:03","slug":"caso-bigodini-conselho-de-etica-troca-relator-do-processo-de-cassacao-do-vereador","status":"publish","type":"post","link":"https:\/\/noticiasribeiraopreto.com.br\/index.php\/2025\/10\/30\/caso-bigodini-conselho-de-etica-troca-relator-do-processo-de-cassacao-do-vereador\/","title":{"rendered":"Caso Bigodini: Conselho de \u00c9tica troca relator do processo de cassa\u00e7\u00e3o do vereador"},"content":{"rendered":"<div class='code-block code-block-1' style='margin: 8px 0 8px auto; text-align: right; display: block; clear: both;'>\n<p><a href=\"https:\/\/wa.link\/vpicfd\"><img data-recalc-dims=\"1\" class=\"wp-image-4922\" style=\"aspect-ratio: 2.0253164556962027; width: 561px; height: auto;\" src=\"https:\/\/i0.wp.com\/ismaelcolosi.com.br\/wp-content\/uploads\/2023\/11\/grupo-de-empregos-whatsapp-e-facebook-ismael-colosi-vagas.jpg?ssl=1\" alt=\"\" \/><\/a><\/p>\n<!-- \/wp:image -->\n<\/div>\n<p> <br \/>\n<\/p>\n<div data-td-block-uid=\"tdi_95\">\n<div class=\"tdb-block-inner td-fix-index\">\n<p>O <strong>Conselho de \u00c9tica da C\u00e2mara de Ribeir\u00e3o Preto<\/strong> nomeou nesta quinta-feira (30) <strong>Maur\u00edcio Vila Abranches (PSDB)<\/strong> como novo relator do processo de cassa\u00e7\u00e3o de <strong>Roger Ronan da Silva<\/strong>, o Bigodini (MDB). <strong>A troca ocorreu ap\u00f3s Jean Corauci se afastar das atividades por problemas de sa\u00fade.<\/strong> Abranches conduzir\u00e1 a apura\u00e7\u00e3o e emitir\u00e1 parecer sobre a quebra de decoro parlamentar.<\/p>\n<h3 class=\"wp-block-heading\"><strong>Declina\u00e7\u00e3o do relator e nomea\u00e7\u00e3o do substituto<\/strong><\/h3>\n<p>Segundo Di\u00e1cono Ramos, presidente do Conselho de \u00c9tica, Corauci protocolou nesta quinta-feira um pedido de afastamento da relatoria, alegando problemas de sa\u00fade e estando afastado das atividades por sete dias. Ramos afirmou:<\/p>\n<figure class=\"wp-block-pullquote\">\n<blockquote>\n<p><em>Entendo que h\u00e1 necessidade de celeridade neste processo, ent\u00e3o defiro o pedido de declina\u00e7\u00e3o apresentado e, na condi\u00e7\u00e3o de presidente desse conselho, nomeio como relator o vereador Maur\u00edcio Vila Abranches.<\/em><\/p>\n<\/blockquote>\n<\/figure>\n<figure class=\"wp-block-image size-large\"><img data-recalc-dims=\"1\" fetchpriority=\"high\" decoding=\"async\" width=\"1024\" height=\"425\" src=\"https:\/\/i0.wp.com\/cdn.media-acidadeon.com.br\/ribeiraopreto\/wp-content\/uploads\/sites\/3\/2025\/10\/6t3e_2025-10-30_22-06-25-1024x425.webp?resize=1024%2C425&#038;ssl=1\" alt=\"caso bigodini\" class=\"wp-image-134162\" title=\"Caso Bigodini: Conselho de \u00c9tica troca relator do processo de cassa\u00e7\u00e3o do vereador 1\" srcset=\"https:\/\/cdn.media-acidadeon.com.br\/ribeiraopreto\/wp-content\/uploads\/sites\/3\/2025\/10\/6t3e_2025-10-30_22-06-25-1024x425.webp 1024w, https:\/\/cdn.media-acidadeon.com.br\/ribeiraopreto\/wp-content\/uploads\/sites\/3\/2025\/10\/6t3e_2025-10-30_22-06-25-300x125.webp 300w, https:\/\/cdn.media-acidadeon.com.br\/ribeiraopreto\/wp-content\/uploads\/sites\/3\/2025\/10\/6t3e_2025-10-30_22-06-25-768x319.webp 768w, https:\/\/cdn.media-acidadeon.com.br\/ribeiraopreto\/wp-content\/uploads\/sites\/3\/2025\/10\/6t3e_2025-10-30_22-06-25-696x289.webp 696w, https:\/\/cdn.media-acidadeon.com.br\/ribeiraopreto\/wp-content\/uploads\/sites\/3\/2025\/10\/6t3e_2025-10-30_22-06-25-1068x443.webp 1068w, https:\/\/cdn.media-acidadeon.com.br\/ribeiraopreto\/wp-content\/uploads\/sites\/3\/2025\/10\/6t3e_2025-10-30_22-06-25.webp 1200w\" sizes=\"(max-width: 1024px) 100vw, 1024px\"\/><\/figure>\n<p>Nomeado relator, <strong>Maur\u00edcio Vila Abranches afirmou que o trabalho precisa continuar e que \u00e9 necess\u00e1rio dar uma resposta \u00e0 sociedade<\/strong> sobre o caso.<\/p>\n<figure class=\"wp-block-pullquote\">\n<blockquote>\n<p><em>Seriedade. Precisamos realmente dar uma resposta \u00e0 sociedade e \u00e9 isso que vamos fazer<\/em><\/p>\n<p><cite>disse Abranches<\/cite><\/p><\/blockquote>\n<\/figure>\n<h3 class=\"wp-block-heading\"><strong>Relat\u00f3rios m\u00e9dicos<\/strong><\/h3>\n<p>O <strong>Conselho de \u00c9tica da C\u00e2mara de Ribeir\u00e3o Preto<\/strong> definiu tamb\u00e9m nesta quinta-feira (30) que vai <strong>notificar uma cl\u00ednica para entregar prontu\u00e1rios e relat\u00f3rios m\u00e9dicos de Bigodini<\/strong>. O \u00f3rg\u00e3o, aprovado no in\u00edcio de outubro, realizou a terceira reuni\u00e3o e tem inicialmente 90 dias para apresentar o relat\u00f3rio, prazo que pode ser prorrogado.<\/p>\n<h4 class=\"wp-block-heading\"><strong>Assista:<\/strong><\/h4>\n<figure class=\"wp-block-embed aligncenter is-type-video is-provider-youtube wp-block-embed-youtube wp-embed-aspect-16-9 wp-has-aspect-ratio\">\n<div class=\"wp-block-embed__wrapper\">\n<p><iframe loading=\"lazy\" title=\"REUNI\u00c3O DO CONSELHO DE \u00c9TICA - 30\/10\/2025\" width=\"500\" height=\"281\" src=\"https:\/\/www.youtube.com\/embed\/hWjxLVKcTeM?feature=oembed\" frameborder=\"0\" allow=\"accelerometer; autoplay; clipboard-write; encrypted-media; gyroscope; picture-in-picture; web-share\" referrerpolicy=\"strict-origin-when-cross-origin\" allowfullscreen><\/iframe><\/p>\n<\/div>\n<\/figure>\n<p>A reportagem do <em><strong>acidade on<\/strong> <\/em>entrou em contato com a defesa de Bigodini, mas n\u00e3o obteve retorno at\u00e9 a publica\u00e7\u00e3o desta mat\u00e9ria.<\/p>\n<hr class=\"wp-block-separator has-alpha-channel-opacity\"\/>\n<p>SAIBA MAIS<\/p>\n<p>Entre ta\u00e7as e destinos: evento em Ribeir\u00e3o Preto discute o futuro do turismo e da vitivinicultura na regi\u00e3o<\/p>\n<h2 class=\"wp-block-heading\"><strong>FIQUE ON<\/strong><\/h2>\n<p>Fique ligado em tudo que acontece em Ribeir\u00e3o Preto e regi\u00e3o. Siga os perfis do\u00a0<strong>acidade on\u00a0<\/strong>no<a href=\"https:\/\/www.instagram.com\/acidadeonribeirao\" target=\"_blank\" rel=\"noreferrer noopener\">\u00a0Instagram<\/a>\u00a0e no\u00a0<a href=\"https:\/\/www.facebook.com\/acidadeonribeirao\/\" target=\"_blank\" rel=\"noreferrer noopener\">Facebook<\/a>.<\/p>\n<p>Receba not\u00edcias do\u00a0<strong>acidade on<\/strong>\u00a0no WhatsApp. Para entrar no grupo,\u00a0basta\u00a0<a href=\"https:\/\/chat.whatsapp.com\/I4nieTEMKlf50pJ28aMemC?mode=ac_t\" target=\"_blank\" rel=\"noreferrer noopener\">clicar aqui<\/a>. Ou, acesse o nosso\u00a0Canal\u00a0<a href=\"https:\/\/whatsapp.com\/channel\/0029Vb6IQl1JENyAeS57fk2p\" target=\"_blank\" rel=\"noreferrer noopener\">clicando aqui<\/a>.<\/p>\n<p>Fa\u00e7a uma den\u00fancia ou sugira uma reportagem sobre Ribeir\u00e3o Preto e regi\u00e3o pelo WhatsApp: 16 99117 7802.<\/p>\n<p>VEJA TAMB\u00c9M<\/p>\n<p>A fruta que s\u00f3 o Brasil tem: descubra os segredos da jabuticaba<\/p>\n<p><!-- AI CONTENT END 1 -->\n<\/div>\n<\/div>\n<p><script async src=\"\/\/www.instagram.com\/embed.js\"><\/script><br \/>\n<br \/><br \/>\n<br \/><a href=\"https:\/\/www.acidadeon.com\/ribeiraopreto\/politica\/caso-bigodini-conselho-de-etica-troca-relator-do-processo-de-cassacao-do-vereador\/\">Source link <\/a><\/p>\n<!-- CONTENT END 1 -->\n","protected":false},"excerpt":{"rendered":"<p>O Conselho de \u00c9tica da C\u00e2mara de Ribeir\u00e3o Preto nomeou nesta quinta-feira (30) Maur\u00edcio Vila Abranches (PSDB) como novo relator do processo de cassa\u00e7\u00e3o de&#8230;<\/p>\n","protected":false},"author":1,"featured_media":79131,"comment_status":"open","ping_status":"open","sticky":false,"template":"","format":"standard","meta":{"advanced_seo_description":"","jetpack_seo_html_title":"","jetpack_seo_noindex":false,"jetpack_post_was_ever_published":false,"_jetpack_newsletter_access":"","_jetpack_dont_email_post_to_subs":false,"_jetpack_newsletter_tier_id":0,"_jetpack_memberships_contains_paywalled_content":false,"_jetpack_memberships_contains_paid_content":false,"footnotes":"","jetpack_publicize_message":"","jetpack_publicize_feature_enabled":true,"jetpack_social_post_already_shared":true,"jetpack_social_options":{"image_generator_settings":{"template":"highway","default_image_id":0,"font":"","enabled":false},"version":2}},"categories":[11],"tags":[],"class_list":["post-79390","post","type-post","status-publish","format-standard","has-post-thumbnail","hentry","category-noticias-de-ribeirao-preto-sp-e-regiao-ismael-colosi"],"jetpack_publicize_connections":[],"jetpack_featured_media_url":"https:\/\/i0.wp.com\/noticiasribeiraopreto.com.br\/wp-content\/uploads\/2025\/10\/Imagem-do-WhatsApp-de-2025-10-22-as-16.13.51_ec1ee62b_2025-10-22_19-19-05.webp.webp?fit=1200%2C800&ssl=1","jetpack-related-posts":[{"id":78117,"url":"https:\/\/noticiasribeiraopreto.com.br\/index.php\/2025\/10\/02\/conselho-de-etica-define-relator-do-processo-de-cassacao-contra-bigodini\/","url_meta":{"origin":79390,"position":0},"title":"Conselho de \u00c9tica define relator do processo de cassa\u00e7\u00e3o contra Bigodini","author":"noticiasribeiraopreto.com.br","date":"2 de October de 2025","format":false,"excerpt":"O Conselho de \u00c9tica da C\u00e2mara de Ribeir\u00e3o Preto se reuniu na manh\u00e3 desta quinta-feira (2) para dar in\u00edcio ao processo de cassa\u00e7\u00e3o contra o vereador Roger Ronan da Silva (MDB), o Bigodini. O conselho definiu que Jean Corauci (PSD) ser\u00e1 o relator da investiga\u00e7\u00e3o. O presidente do Conselho, Di\u00e1cono\u2026","rel":"","context":"In &quot;Not\u00edcias de Ribeir\u00e3o Preto-SP e Regi\u00e3o&quot;","block_context":{"text":"Not\u00edcias de Ribeir\u00e3o Preto-SP e Regi\u00e3o","link":"https:\/\/noticiasribeiraopreto.com.br\/index.php\/category\/noticias-de-ribeirao-preto-sp-e-regiao-ismael-colosi\/"},"img":{"alt_text":"","src":"https:\/\/i0.wp.com\/noticiasribeiraopreto.com.br\/wp-content\/uploads\/2025\/10\/corauci_2025-10-02_14-55-47.webp.webp?fit=1200%2C674&ssl=1&resize=350%2C200","width":350,"height":200,"srcset":"https:\/\/i0.wp.com\/noticiasribeiraopreto.com.br\/wp-content\/uploads\/2025\/10\/corauci_2025-10-02_14-55-47.webp.webp?fit=1200%2C674&ssl=1&resize=350%2C200 1x, https:\/\/i0.wp.com\/noticiasribeiraopreto.com.br\/wp-content\/uploads\/2025\/10\/corauci_2025-10-02_14-55-47.webp.webp?fit=1200%2C674&ssl=1&resize=525%2C300 1.5x, https:\/\/i0.wp.com\/noticiasribeiraopreto.com.br\/wp-content\/uploads\/2025\/10\/corauci_2025-10-02_14-55-47.webp.webp?fit=1200%2C674&ssl=1&resize=700%2C400 2x, https:\/\/i0.wp.com\/noticiasribeiraopreto.com.br\/wp-content\/uploads\/2025\/10\/corauci_2025-10-02_14-55-47.webp.webp?fit=1200%2C674&ssl=1&resize=1050%2C600 3x"},"classes":[]},{"id":78707,"url":"https:\/\/noticiasribeiraopreto.com.br\/index.php\/2025\/10\/16\/camara-de-ribeirao-preto-recebe-defesa-de-bigodini-em-processo-de-cassacao\/","url_meta":{"origin":79390,"position":1},"title":"C\u00e2mara de Ribeir\u00e3o Preto recebe defesa de Bigodini em processo de cassa\u00e7\u00e3o","author":"noticiasribeiraopreto.com.br","date":"16 de October de 2025","format":false,"excerpt":"A C\u00e2mara de Ribeir\u00e3o Preto recebeu nesta quinta-feira (16) a defesa do vereador Roger Ronan da Silva, o Bigodini (MDB), alvo de um processo de cassa\u00e7\u00e3o. O vereador \u00e9 investigado por ter se envolvido em um acidente na avenida do Caf\u00e9 no final de setembro, no qual ele alega que\u2026","rel":"","context":"In &quot;Not\u00edcias de Ribeir\u00e3o Preto-SP e Regi\u00e3o&quot;","block_context":{"text":"Not\u00edcias de Ribeir\u00e3o Preto-SP e Regi\u00e3o","link":"https:\/\/noticiasribeiraopreto.com.br\/index.php\/category\/noticias-de-ribeirao-preto-sp-e-regiao-ismael-colosi\/"},"img":{"alt_text":"","src":"https:\/\/i0.wp.com\/noticiasribeiraopreto.com.br\/wp-content\/uploads\/2025\/09\/Copia-de-Copia-de-Copia-de-TAMANHO-EXATO-PARA-FOTOS-NO-SISTEMA-NOVO-2025-09-29T194022.694_2025-09-29_22-40-31.webp.webp?fit=1200%2C675&ssl=1&resize=350%2C200","width":350,"height":200,"srcset":"https:\/\/i0.wp.com\/noticiasribeiraopreto.com.br\/wp-content\/uploads\/2025\/09\/Copia-de-Copia-de-Copia-de-TAMANHO-EXATO-PARA-FOTOS-NO-SISTEMA-NOVO-2025-09-29T194022.694_2025-09-29_22-40-31.webp.webp?fit=1200%2C675&ssl=1&resize=350%2C200 1x, https:\/\/i0.wp.com\/noticiasribeiraopreto.com.br\/wp-content\/uploads\/2025\/09\/Copia-de-Copia-de-Copia-de-TAMANHO-EXATO-PARA-FOTOS-NO-SISTEMA-NOVO-2025-09-29T194022.694_2025-09-29_22-40-31.webp.webp?fit=1200%2C675&ssl=1&resize=525%2C300 1.5x, https:\/\/i0.wp.com\/noticiasribeiraopreto.com.br\/wp-content\/uploads\/2025\/09\/Copia-de-Copia-de-Copia-de-TAMANHO-EXATO-PARA-FOTOS-NO-SISTEMA-NOVO-2025-09-29T194022.694_2025-09-29_22-40-31.webp.webp?fit=1200%2C675&ssl=1&resize=700%2C400 2x, https:\/\/i0.wp.com\/noticiasribeiraopreto.com.br\/wp-content\/uploads\/2025\/09\/Copia-de-Copia-de-Copia-de-TAMANHO-EXATO-PARA-FOTOS-NO-SISTEMA-NOVO-2025-09-29T194022.694_2025-09-29_22-40-31.webp.webp?fit=1200%2C675&ssl=1&resize=1050%2C600 3x"},"classes":[]},{"id":79620,"url":"https:\/\/noticiasribeiraopreto.com.br\/index.php\/2025\/11\/04\/conselho-de-etica-da-camara-de-ribeirao-pede-suspensao-de-bigodini-mas-barra-cassacao-2\/","url_meta":{"origin":79390,"position":2},"title":"Conselho de \u00c9tica da C\u00e2mara de Ribeir\u00e3o pede suspens\u00e3o de Bigodini, mas barra cassa\u00e7\u00e3o","author":"noticiasribeiraopreto.com.br","date":"4 de November de 2025","format":false,"excerpt":"O relat\u00f3rio do Conselho de \u00c9tica da C\u00e2mara de Ribeir\u00e3o Preto pediu a suspens\u00e3o do mandato do vereador Roger Ronan da Silva, o Bigodini (MDB), por seis meses. O relat\u00f3rio foi lido na tarde desta ter\u00e7a-feira (4) pelo vereador Maur\u00edcio Vila Abranches (PSDB), que optou por manter os direitos pol\u00edticos\u2026","rel":"","context":"In &quot;Not\u00edcias de Ribeir\u00e3o Preto-SP e Regi\u00e3o&quot;","block_context":{"text":"Not\u00edcias de Ribeir\u00e3o Preto-SP e Regi\u00e3o","link":"https:\/\/noticiasribeiraopreto.com.br\/index.php\/category\/noticias-de-ribeirao-preto-sp-e-regiao-ismael-colosi\/"},"img":{"alt_text":"","src":"https:\/\/i0.wp.com\/noticiasribeiraopreto.com.br\/wp-content\/uploads\/2025\/10\/bigodini-cerveja_2025-10-24_13-49-24.webp.webp?fit=1200%2C674&ssl=1&resize=350%2C200","width":350,"height":200,"srcset":"https:\/\/i0.wp.com\/noticiasribeiraopreto.com.br\/wp-content\/uploads\/2025\/10\/bigodini-cerveja_2025-10-24_13-49-24.webp.webp?fit=1200%2C674&ssl=1&resize=350%2C200 1x, https:\/\/i0.wp.com\/noticiasribeiraopreto.com.br\/wp-content\/uploads\/2025\/10\/bigodini-cerveja_2025-10-24_13-49-24.webp.webp?fit=1200%2C674&ssl=1&resize=525%2C300 1.5x, https:\/\/i0.wp.com\/noticiasribeiraopreto.com.br\/wp-content\/uploads\/2025\/10\/bigodini-cerveja_2025-10-24_13-49-24.webp.webp?fit=1200%2C674&ssl=1&resize=700%2C400 2x, https:\/\/i0.wp.com\/noticiasribeiraopreto.com.br\/wp-content\/uploads\/2025\/10\/bigodini-cerveja_2025-10-24_13-49-24.webp.webp?fit=1200%2C674&ssl=1&resize=1050%2C600 3x"},"classes":[]},{"id":78942,"url":"https:\/\/noticiasribeiraopreto.com.br\/index.php\/2025\/10\/21\/processo-de-cassacao-contra-bigodini-tem-segunda-reuniao-no-conselho-de-etica\/","url_meta":{"origin":79390,"position":3},"title":"Processo de cassa\u00e7\u00e3o contra Bigodini tem segunda reuni\u00e3o no Conselho de \u00c9tica","author":"noticiasribeiraopreto.com.br","date":"21 de October de 2025","format":false,"excerpt":"O Conselho de \u00c9tica da C\u00e2mara de Ribeir\u00e3o Preto volta a se reunir na quarta-feira (22) para segunda reuni\u00e3o do processo de cassa\u00e7\u00e3o contra o vereador Roger Ronan da Silva, o Bigodini (MDB). De acordo com o Legislativo, a reuni\u00e3o acontece a partir das 15h, na Sala de Comiss\u00f5es do\u2026","rel":"","context":"In &quot;Not\u00edcias de Ribeir\u00e3o Preto-SP e Regi\u00e3o&quot;","block_context":{"text":"Not\u00edcias de Ribeir\u00e3o Preto-SP e Regi\u00e3o","link":"https:\/\/noticiasribeiraopreto.com.br\/index.php\/category\/noticias-de-ribeirao-preto-sp-e-regiao-ismael-colosi\/"},"img":{"alt_text":"","src":"https:\/\/i0.wp.com\/noticiasribeiraopreto.com.br\/wp-content\/uploads\/2025\/10\/Copia-de-Copia-de-Copia-de-TAMANHO-EXATO-PARA-FOTOS-NO-SISTEMA-NOVO-2025-10-03T142815.473_2025-10-03_17-28-22.webp.webp?fit=1200%2C675&ssl=1&resize=350%2C200","width":350,"height":200,"srcset":"https:\/\/i0.wp.com\/noticiasribeiraopreto.com.br\/wp-content\/uploads\/2025\/10\/Copia-de-Copia-de-Copia-de-TAMANHO-EXATO-PARA-FOTOS-NO-SISTEMA-NOVO-2025-10-03T142815.473_2025-10-03_17-28-22.webp.webp?fit=1200%2C675&ssl=1&resize=350%2C200 1x, https:\/\/i0.wp.com\/noticiasribeiraopreto.com.br\/wp-content\/uploads\/2025\/10\/Copia-de-Copia-de-Copia-de-TAMANHO-EXATO-PARA-FOTOS-NO-SISTEMA-NOVO-2025-10-03T142815.473_2025-10-03_17-28-22.webp.webp?fit=1200%2C675&ssl=1&resize=525%2C300 1.5x, https:\/\/i0.wp.com\/noticiasribeiraopreto.com.br\/wp-content\/uploads\/2025\/10\/Copia-de-Copia-de-Copia-de-TAMANHO-EXATO-PARA-FOTOS-NO-SISTEMA-NOVO-2025-10-03T142815.473_2025-10-03_17-28-22.webp.webp?fit=1200%2C675&ssl=1&resize=700%2C400 2x, https:\/\/i0.wp.com\/noticiasribeiraopreto.com.br\/wp-content\/uploads\/2025\/10\/Copia-de-Copia-de-Copia-de-TAMANHO-EXATO-PARA-FOTOS-NO-SISTEMA-NOVO-2025-10-03T142815.473_2025-10-03_17-28-22.webp.webp?fit=1200%2C675&ssl=1&resize=1050%2C600 3x"},"classes":[]},{"id":79599,"url":"https:\/\/noticiasribeiraopreto.com.br\/index.php\/2025\/11\/04\/conselho-de-etica-da-camara-de-ribeirao-pede-suspensao-de-bigodini-mas-barra-cassacao\/","url_meta":{"origin":79390,"position":4},"title":"Conselho de \u00c9tica da C\u00e2mara de Ribeir\u00e3o pede suspens\u00e3o de Bigodini, mas barra cassa\u00e7\u00e3o","author":"noticiasribeiraopreto.com.br","date":"4 de November de 2025","format":false,"excerpt":"O relat\u00f3rio do Conselho de \u00c9tica da C\u00e2mara de Ribeir\u00e3o Preto pediu a suspens\u00e3o do mandato do vereador Roger Ronan da Silva, o Bigodini (MDB), por seis meses. O relat\u00f3rio foi lido na tarde desta ter\u00e7a-feira (4) pelo vereador Maur\u00edcio Vila Abranches (PSDB), que optou por manter os direitos pol\u00edticos\u2026","rel":"","context":"In &quot;Not\u00edcias de Ribeir\u00e3o Preto-SP e Regi\u00e3o&quot;","block_context":{"text":"Not\u00edcias de Ribeir\u00e3o Preto-SP e Regi\u00e3o","link":"https:\/\/noticiasribeiraopreto.com.br\/index.php\/category\/noticias-de-ribeirao-preto-sp-e-regiao-ismael-colosi\/"},"img":{"alt_text":"","src":"https:\/\/i0.wp.com\/noticiasribeiraopreto.com.br\/wp-content\/uploads\/2025\/10\/bigodini-cerveja_2025-10-24_13-49-24.webp.webp?fit=1200%2C674&ssl=1&resize=350%2C200","width":350,"height":200,"srcset":"https:\/\/i0.wp.com\/noticiasribeiraopreto.com.br\/wp-content\/uploads\/2025\/10\/bigodini-cerveja_2025-10-24_13-49-24.webp.webp?fit=1200%2C674&ssl=1&resize=350%2C200 1x, https:\/\/i0.wp.com\/noticiasribeiraopreto.com.br\/wp-content\/uploads\/2025\/10\/bigodini-cerveja_2025-10-24_13-49-24.webp.webp?fit=1200%2C674&ssl=1&resize=525%2C300 1.5x, https:\/\/i0.wp.com\/noticiasribeiraopreto.com.br\/wp-content\/uploads\/2025\/10\/bigodini-cerveja_2025-10-24_13-49-24.webp.webp?fit=1200%2C674&ssl=1&resize=700%2C400 2x, https:\/\/i0.wp.com\/noticiasribeiraopreto.com.br\/wp-content\/uploads\/2025\/10\/bigodini-cerveja_2025-10-24_13-49-24.webp.webp?fit=1200%2C674&ssl=1&resize=1050%2C600 3x"},"classes":[]},{"id":78236,"url":"https:\/\/noticiasribeiraopreto.com.br\/index.php\/2025\/10\/07\/bigodini-apresenta-novo-atestado-de-saude-com-dez-dias-de-duracao\/","url_meta":{"origin":79390,"position":5},"title":"Bigodini apresenta novo atestado de sa\u00fade com dez dias de dura\u00e7\u00e3o","author":"noticiasribeiraopreto.com.br","date":"7 de October de 2025","format":false,"excerpt":"Desde que se envolveu em um acidente de tr\u00e2nsito no dia 28 de setembro, supostamente embriagado, o vereador de Ribeir\u00e3o Preto se afastou de suas atividades legislativas por estresse; novo atestado foi apresentado nesta segunda-feira O vereador de Ribeir\u00e3o Preto, Roger Ronan da Silva, o Bigodini (MDB), apresentou nesta segunda-feira,\u2026","rel":"","context":"In &quot;Not\u00edcias de Ribeir\u00e3o Preto-SP e Regi\u00e3o&quot;","block_context":{"text":"Not\u00edcias de Ribeir\u00e3o Preto-SP e Regi\u00e3o","link":"https:\/\/noticiasribeiraopreto.com.br\/index.php\/category\/noticias-de-ribeirao-preto-sp-e-regiao-ismael-colosi\/"},"img":{"alt_text":"","src":"https:\/\/i0.wp.com\/noticiasribeiraopreto.com.br\/wp-content\/uploads\/2025\/10\/verador-Bigodini-02-scaled.jpeg?fit=1170%2C780&ssl=1&resize=350%2C200","width":350,"height":200,"srcset":"https:\/\/i0.wp.com\/noticiasribeiraopreto.com.br\/wp-content\/uploads\/2025\/10\/verador-Bigodini-02-scaled.jpeg?fit=1170%2C780&ssl=1&resize=350%2C200 1x, https:\/\/i0.wp.com\/noticiasribeiraopreto.com.br\/wp-content\/uploads\/2025\/10\/verador-Bigodini-02-scaled.jpeg?fit=1170%2C780&ssl=1&resize=525%2C300 1.5x, https:\/\/i0.wp.com\/noticiasribeiraopreto.com.br\/wp-content\/uploads\/2025\/10\/verador-Bigodini-02-scaled.jpeg?fit=1170%2C780&ssl=1&resize=700%2C400 2x, https:\/\/i0.wp.com\/noticiasribeiraopreto.com.br\/wp-content\/uploads\/2025\/10\/verador-Bigodini-02-scaled.jpeg?fit=1170%2C780&ssl=1&resize=1050%2C600 3x"},"classes":[]}],"jetpack_sharing_enabled":true,"jetpack_shortlink":"https:\/\/wp.me\/peQAOb-kEu","_links":{"self":[{"href":"https:\/\/noticiasribeiraopreto.com.br\/index.php\/wp-json\/wp\/v2\/posts\/79390","targetHints":{"allow":["GET"]}}],"collection":[{"href":"https:\/\/noticiasribeiraopreto.com.br\/index.php\/wp-json\/wp\/v2\/posts"}],"about":[{"href":"https:\/\/noticiasribeiraopreto.com.br\/index.php\/wp-json\/wp\/v2\/types\/post"}],"author":[{"embeddable":true,"href":"https:\/\/noticiasribeiraopreto.com.br\/index.php\/wp-json\/wp\/v2\/users\/1"}],"replies":[{"embeddable":true,"href":"https:\/\/noticiasribeiraopreto.com.br\/index.php\/wp-json\/wp\/v2\/comments?post=79390"}],"version-history":[{"count":0,"href":"https:\/\/noticiasribeiraopreto.com.br\/index.php\/wp-json\/wp\/v2\/posts\/79390\/revisions"}],"wp:featuredmedia":[{"embeddable":true,"href":"https:\/\/noticiasribeiraopreto.com.br\/index.php\/wp-json\/wp\/v2\/media\/79131"}],"wp:attachment":[{"href":"https:\/\/noticiasribeiraopreto.com.br\/index.php\/wp-json\/wp\/v2\/media?parent=79390"}],"wp:term":[{"taxonomy":"category","embeddable":true,"href":"https:\/\/noticiasribeiraopreto.com.br\/index.php\/wp-json\/wp\/v2\/categories?post=79390"},{"taxonomy":"post_tag","embeddable":true,"href":"https:\/\/noticiasribeiraopreto.com.br\/index.php\/wp-json\/wp\/v2\/tags?post=79390"}],"curies":[{"name":"wp","href":"https:\/\/api.w.org\/{rel}","templated":true}]}}