{"id":79392,"date":"2025-10-30T20:14:25","date_gmt":"2025-10-30T23:14:25","guid":{"rendered":"https:\/\/noticiasribeiraopreto.com.br\/index.php\/2025\/10\/30\/rotas-do-queijo-quatro-cidades-da-regiao-de-ribeirao-preto-entram-no-mapa-do-turismo-gastronomico\/"},"modified":"2025-10-30T20:14:25","modified_gmt":"2025-10-30T23:14:25","slug":"rotas-do-queijo-quatro-cidades-da-regiao-de-ribeirao-preto-entram-no-mapa-do-turismo-gastronomico","status":"publish","type":"post","link":"https:\/\/noticiasribeiraopreto.com.br\/index.php\/2025\/10\/30\/rotas-do-queijo-quatro-cidades-da-regiao-de-ribeirao-preto-entram-no-mapa-do-turismo-gastronomico\/","title":{"rendered":"Rotas do Queijo: quatro cidades da regi\u00e3o de Ribeir\u00e3o Preto entram no mapa do turismo gastron\u00f4mico"},"content":{"rendered":"<div class='code-block code-block-1' style='margin: 8px 0 8px auto; text-align: right; display: block; clear: both;'>\n<p><a href=\"https:\/\/wa.link\/vpicfd\"><img data-recalc-dims=\"1\" class=\"wp-image-4922\" style=\"aspect-ratio: 2.0253164556962027; width: 561px; height: auto;\" src=\"https:\/\/i0.wp.com\/ismaelcolosi.com.br\/wp-content\/uploads\/2023\/11\/grupo-de-empregos-whatsapp-e-facebook-ismael-colosi-vagas.jpg?ssl=1\" alt=\"\" \/><\/a><\/p>\n<!-- \/wp:image -->\n<\/div>\n<p> <br \/>\n<\/p>\n<div data-td-block-uid=\"tdi_95\">\n<div class=\"tdb-block-inner td-fix-index\">\n<p>Quatro cidades da <strong>regi\u00e3o de Ribeir\u00e3o Preto<\/strong> \u2013 C\u00e1ssia dos Coqueiros, Jaboticabal, Jardin\u00f3polis e Pedregulho \u2013 passam a integrar as <strong><a href=\"http:\/\/www.rotasdoqueijo.sp.gov.br\" data-type=\"link\" data-id=\"www.rotasdoqueijo.sp.gov.br\" target=\"_blank\" rel=\"noopener\">Rotas do Queijo de S\u00e3o Paulo<\/a><\/strong>, projeto que valoriza a produ\u00e7\u00e3o de <strong>queijos artesanais<\/strong> e fortalece o <strong>turismo gastron\u00f4mico<\/strong> no estado.<\/p>\n<p>A inclus\u00e3o dessas cidades refor\u00e7a a presen\u00e7a da <strong>Mogiana Paulista<\/strong> no roteiro de experi\u00eancias rurais e gastron\u00f4micas, atraindo visitantes interessados em conhecer a produ\u00e7\u00e3o local e participar de degusta\u00e7\u00f5es.<\/p>\n<h2 class=\"wp-block-heading\"><strong>Produ\u00e7\u00e3o artesanal em destaque<\/strong><\/h2>\n<ul class=\"wp-block-list\">\n<li><strong>Pedregulho \u2013 Queijaria Artesanal Dona Ziza<\/strong><br \/>Produz queijos com leite integral da pr\u00f3pria fazenda, mantendo as caracter\u00edsticas tradicionais do campo.<\/li>\n<\/ul>\n<div class=\"wp-block-image\">\n<figure class=\"aligncenter size-large is-resized\"><img data-recalc-dims=\"1\" fetchpriority=\"high\" decoding=\"async\" width=\"1024\" height=\"576\" src=\"https:\/\/i0.wp.com\/cdn.media-acidadeon.com.br\/ribeiraopreto\/wp-content\/uploads\/sites\/3\/2025\/10\/terror-2_2025-10-30_20-43-21-1024x576.webp?resize=1024%2C576&#038;ssl=1\" alt=\"queijos\" class=\"wp-image-134153\" style=\"width:955px;height:auto\" title=\"Rotas do Queijo: quatro cidades da regi\u00e3o de Ribeir\u00e3o Preto entram no mapa do turismo gastron\u00f4mico 1\" srcset=\"https:\/\/cdn.media-acidadeon.com.br\/ribeiraopreto\/wp-content\/uploads\/sites\/3\/2025\/10\/terror-2_2025-10-30_20-43-21-1024x576.webp 1024w, https:\/\/cdn.media-acidadeon.com.br\/ribeiraopreto\/wp-content\/uploads\/sites\/3\/2025\/10\/terror-2_2025-10-30_20-43-21-300x169.webp 300w, https:\/\/cdn.media-acidadeon.com.br\/ribeiraopreto\/wp-content\/uploads\/sites\/3\/2025\/10\/terror-2_2025-10-30_20-43-21-768x432.webp 768w, https:\/\/cdn.media-acidadeon.com.br\/ribeiraopreto\/wp-content\/uploads\/sites\/3\/2025\/10\/terror-2_2025-10-30_20-43-21-696x392.webp 696w, https:\/\/cdn.media-acidadeon.com.br\/ribeiraopreto\/wp-content\/uploads\/sites\/3\/2025\/10\/terror-2_2025-10-30_20-43-21-1068x601.webp 1068w, https:\/\/cdn.media-acidadeon.com.br\/ribeiraopreto\/wp-content\/uploads\/sites\/3\/2025\/10\/terror-2_2025-10-30_20-43-21.webp 1200w\" sizes=\"(max-width: 1024px) 100vw, 1024px\"\/><\/figure>\n<\/div>\n<ul class=\"wp-block-list\">\n<li><strong>Jaboticabal \u2013 Cabana da Fonte<\/strong><br \/>Queijos de cabra e vaca, com todas as etapas do processo cuidadas. Turismo rural aos s\u00e1bados e caf\u00e9 colonial mensal.<\/li>\n<\/ul>\n<figure class=\"wp-block-image size-large\"><img data-recalc-dims=\"1\" loading=\"lazy\" decoding=\"async\" width=\"1024\" height=\"576\" src=\"https:\/\/i0.wp.com\/cdn.media-acidadeon.com.br\/ribeiraopreto\/wp-content\/uploads\/sites\/3\/2025\/10\/terror-3_2025-10-30_20-47-49-1024x576.webp?resize=1024%2C576&#038;ssl=1\" alt=\"queijos\" class=\"wp-image-134154\" title=\"Rotas do Queijo: quatro cidades da regi\u00e3o de Ribeir\u00e3o Preto entram no mapa do turismo gastron\u00f4mico 2\" srcset=\"https:\/\/cdn.media-acidadeon.com.br\/ribeiraopreto\/wp-content\/uploads\/sites\/3\/2025\/10\/terror-3_2025-10-30_20-47-49-1024x576.webp 1024w, https:\/\/cdn.media-acidadeon.com.br\/ribeiraopreto\/wp-content\/uploads\/sites\/3\/2025\/10\/terror-3_2025-10-30_20-47-49-300x169.webp 300w, https:\/\/cdn.media-acidadeon.com.br\/ribeiraopreto\/wp-content\/uploads\/sites\/3\/2025\/10\/terror-3_2025-10-30_20-47-49-768x432.webp 768w, https:\/\/cdn.media-acidadeon.com.br\/ribeiraopreto\/wp-content\/uploads\/sites\/3\/2025\/10\/terror-3_2025-10-30_20-47-49-696x392.webp 696w, https:\/\/cdn.media-acidadeon.com.br\/ribeiraopreto\/wp-content\/uploads\/sites\/3\/2025\/10\/terror-3_2025-10-30_20-47-49-1068x601.webp 1068w, https:\/\/cdn.media-acidadeon.com.br\/ribeiraopreto\/wp-content\/uploads\/sites\/3\/2025\/10\/terror-3_2025-10-30_20-47-49.webp 1200w\" sizes=\"auto, (max-width: 1024px) 100vw, 1024px\"\/><\/figure>\n<ul class=\"wp-block-list\">\n<li><strong>C\u00e1ssia dos Coqueiros \u2013 S\u00edtio Terra L\u00edmpida<\/strong><br \/>Queijos org\u00e2nicos com leite de vacas Jersey. Degusta\u00e7\u00f5es, almo\u00e7os harmonizados, cursos e visitas guiadas. Produtos premiados incluem queijos, iogurte, ricota e leite fresco.<\/li>\n<\/ul>\n<div class=\"wp-block-image\">\n<figure class=\"aligncenter size-large\"><img data-recalc-dims=\"1\" loading=\"lazy\" decoding=\"async\" width=\"1024\" height=\"576\" src=\"https:\/\/i0.wp.com\/cdn.media-acidadeon.com.br\/ribeiraopreto\/wp-content\/uploads\/sites\/3\/2025\/10\/terror-4_2025-10-30_20-52-01-1024x576.webp?resize=1024%2C576&#038;ssl=1\" alt=\"terror 4 2025 10 30 20 52 01\" class=\"wp-image-134156\" title=\"Rotas do Queijo: quatro cidades da regi\u00e3o de Ribeir\u00e3o Preto entram no mapa do turismo gastron\u00f4mico 3\" srcset=\"https:\/\/cdn.media-acidadeon.com.br\/ribeiraopreto\/wp-content\/uploads\/sites\/3\/2025\/10\/terror-4_2025-10-30_20-52-01-1024x576.webp 1024w, https:\/\/cdn.media-acidadeon.com.br\/ribeiraopreto\/wp-content\/uploads\/sites\/3\/2025\/10\/terror-4_2025-10-30_20-52-01-300x169.webp 300w, https:\/\/cdn.media-acidadeon.com.br\/ribeiraopreto\/wp-content\/uploads\/sites\/3\/2025\/10\/terror-4_2025-10-30_20-52-01-768x432.webp 768w, https:\/\/cdn.media-acidadeon.com.br\/ribeiraopreto\/wp-content\/uploads\/sites\/3\/2025\/10\/terror-4_2025-10-30_20-52-01-696x392.webp 696w, https:\/\/cdn.media-acidadeon.com.br\/ribeiraopreto\/wp-content\/uploads\/sites\/3\/2025\/10\/terror-4_2025-10-30_20-52-01-1068x601.webp 1068w, https:\/\/cdn.media-acidadeon.com.br\/ribeiraopreto\/wp-content\/uploads\/sites\/3\/2025\/10\/terror-4_2025-10-30_20-52-01.webp 1200w\" sizes=\"auto, (max-width: 1024px) 100vw, 1024px\"\/><\/figure>\n<\/div>\n<ul class=\"wp-block-list\">\n<li><strong>Jardin\u00f3polis<\/strong><br \/>Produ\u00e7\u00e3o artesanal de queijos, integrando experi\u00eancias gastron\u00f4micas e turismo rural.<\/li>\n<\/ul>\n<p>As <strong><em>Rotas do Queijo <\/em><\/strong>oferecem aos visitantes oportunidades de degustar queijos artesanais, conhecer propriedades rurais, participar de cursos sobre produ\u00e7\u00e3o de queijos, desfrutar de caf\u00e9s coloniais e almo\u00e7os harmonizados, al\u00e9m de passeios em \u00e1reas de preserva\u00e7\u00e3o e contato com os animais.<\/p>\n<h3 class=\"wp-block-heading\"><strong>Turismo rural e gastronomia<\/strong><\/h3>\n<p>S\u00e3o Paulo se destaca internacionalmente na produ\u00e7\u00e3o de queijos artesanais, com quatro medalhas de ouro na 7\u00aa edi\u00e7\u00e3o do <strong>Mondial du Fromage et des Produits Laitiers<\/strong>, na Fran\u00e7a.<\/p>\n<p>O <strong>turismo rural<\/strong> cresce cerca de 30% ao ano desde o in\u00edcio da pandemia, segundo pesquisa do Sebrae. A <strong>gastronomia<\/strong> \u00e9 o terceiro maior motivador de viagens no mundo, atr\u00e1s da natureza e da cultura, conforme a <strong>Organiza\u00e7\u00e3o Mundial do Turismo (OMT)<\/strong>.<\/p>\n<hr class=\"wp-block-separator has-alpha-channel-opacity\"\/>\n<p>SAIBA MAIS<\/p>\n<p>Entre ta\u00e7as e destinos: evento em Ribeir\u00e3o Preto discute o futuro do turismo e da vitivinicultura na regi\u00e3o<\/p>\n<h2 class=\"wp-block-heading\"><strong>FIQUE ON<\/strong><\/h2>\n<p>Fique ligado em tudo que acontece em Ribeir\u00e3o Preto e regi\u00e3o. Siga os perfis do\u00a0<strong>acidade on\u00a0<\/strong>no<a href=\"https:\/\/www.instagram.com\/acidadeonribeirao\" target=\"_blank\" rel=\"noreferrer noopener\">\u00a0Instagram<\/a>\u00a0e no\u00a0<a href=\"https:\/\/www.facebook.com\/acidadeonribeirao\/\" target=\"_blank\" rel=\"noreferrer noopener\">Facebook<\/a>.<\/p>\n<p>Receba not\u00edcias do\u00a0<strong>acidade on<\/strong>\u00a0no WhatsApp. Para entrar no grupo,\u00a0basta\u00a0<a href=\"https:\/\/chat.whatsapp.com\/I4nieTEMKlf50pJ28aMemC?mode=ac_t\" target=\"_blank\" rel=\"noreferrer noopener\">clicar aqui<\/a>. Ou, acesse o nosso\u00a0Canal\u00a0<a href=\"https:\/\/whatsapp.com\/channel\/0029Vb6IQl1JENyAeS57fk2p\" target=\"_blank\" rel=\"noreferrer noopener\">clicando aqui<\/a>.<\/p>\n<p>Fa\u00e7a uma den\u00fancia ou sugira uma reportagem sobre Ribeir\u00e3o Preto e regi\u00e3o pelo WhatsApp: 16 99117 7802.<\/p>\n<p>VEJA TAMB\u00c9M<\/p>\n<p>A fruta que s\u00f3 o Brasil tem: descubra os segredos da jabuticaba<\/p>\n<p><!-- AI CONTENT END 1 -->\n<\/div>\n<\/div>\n<p><script async src=\"\/\/www.instagram.com\/embed.js\"><\/script><br \/>\n<br \/><br \/>\n<br \/><a href=\"https:\/\/www.acidadeon.com\/ribeiraopreto\/lazer-e-cultura\/rotas-do-queijo-quatro-cidades-da-regiao-de-ribeirao-preto-entram-no-mapa-do-turismo-gastronomico\/\">Source link <\/a><\/p>\n<!-- CONTENT END 1 -->\n","protected":false},"excerpt":{"rendered":"<p>Quatro cidades da regi\u00e3o de Ribeir\u00e3o Preto \u2013 C\u00e1ssia dos Coqueiros, Jaboticabal, Jardin\u00f3polis e Pedregulho \u2013 passam a integrar as Rotas do Queijo de S\u00e3o&#8230;<\/p>\n","protected":false},"author":1,"featured_media":79393,"comment_status":"open","ping_status":"open","sticky":false,"template":"","format":"standard","meta":{"advanced_seo_description":"","jetpack_seo_html_title":"","jetpack_seo_noindex":false,"jetpack_post_was_ever_published":false,"_jetpack_newsletter_access":"","_jetpack_dont_email_post_to_subs":false,"_jetpack_newsletter_tier_id":0,"_jetpack_memberships_contains_paywalled_content":false,"_jetpack_memberships_contains_paid_content":false,"footnotes":"","jetpack_publicize_message":"","jetpack_publicize_feature_enabled":true,"jetpack_social_post_already_shared":true,"jetpack_social_options":{"image_generator_settings":{"template":"highway","default_image_id":0,"font":"","enabled":false},"version":2}},"categories":[11],"tags":[],"class_list":["post-79392","post","type-post","status-publish","format-standard","has-post-thumbnail","hentry","category-noticias-de-ribeirao-preto-sp-e-regiao-ismael-colosi"],"jetpack_publicize_connections":[],"jetpack_featured_media_url":"https:\/\/i0.wp.com\/noticiasribeiraopreto.com.br\/wp-content\/uploads\/2025\/10\/terror-5_2025-10-30_21-05-44.webp.webp?fit=1200%2C675&ssl=1","jetpack-related-posts":[{"id":79658,"url":"https:\/\/noticiasribeiraopreto.com.br\/index.php\/2025\/11\/05\/evento-com-entrada-gratuita-reune-produtores-artesanais-de-queijo-e-charcutaria-em-ribeirao-veja-quando\/","url_meta":{"origin":79392,"position":0},"title":"Evento com entrada gratuita re\u00fane produtores artesanais de queijo e charcutaria em Ribeir\u00e3o; Veja quando","author":"noticiasribeiraopreto.com.br","date":"5 de November de 2025","format":false,"excerpt":"Ribeir\u00e3o Preto recebe neste fim de semana a 1\u00aa edi\u00e7\u00e3o da Feirinha de Queijos e Charcutaria, evento que valoriza produtos artesanais feitos na regi\u00e3o. Com entrada gratuita, a Feirinha acontece na Galeria Renato Aguiar, zona Sul do munic\u00edpio, na sexta-feira (07), das 16h \u00e0s 20h, e no s\u00e1bado (08), das\u2026","rel":"","context":"In &quot;Not\u00edcias de Ribeir\u00e3o Preto-SP e Regi\u00e3o&quot;","block_context":{"text":"Not\u00edcias de Ribeir\u00e3o Preto-SP e Regi\u00e3o","link":"https:\/\/noticiasribeiraopreto.com.br\/index.php\/category\/noticias-de-ribeirao-preto-sp-e-regiao-ismael-colosi\/"},"img":{"alt_text":"","src":"https:\/\/i0.wp.com\/noticiasribeiraopreto.com.br\/wp-content\/uploads\/2025\/11\/palace-14_2025-11-05_16-27-25.webp.webp?fit=1200%2C675&ssl=1&resize=350%2C200","width":350,"height":200,"srcset":"https:\/\/i0.wp.com\/noticiasribeiraopreto.com.br\/wp-content\/uploads\/2025\/11\/palace-14_2025-11-05_16-27-25.webp.webp?fit=1200%2C675&ssl=1&resize=350%2C200 1x, https:\/\/i0.wp.com\/noticiasribeiraopreto.com.br\/wp-content\/uploads\/2025\/11\/palace-14_2025-11-05_16-27-25.webp.webp?fit=1200%2C675&ssl=1&resize=525%2C300 1.5x, https:\/\/i0.wp.com\/noticiasribeiraopreto.com.br\/wp-content\/uploads\/2025\/11\/palace-14_2025-11-05_16-27-25.webp.webp?fit=1200%2C675&ssl=1&resize=700%2C400 2x, https:\/\/i0.wp.com\/noticiasribeiraopreto.com.br\/wp-content\/uploads\/2025\/11\/palace-14_2025-11-05_16-27-25.webp.webp?fit=1200%2C675&ssl=1&resize=1050%2C600 3x"},"classes":[]},{"id":70671,"url":"https:\/\/noticiasribeiraopreto.com.br\/index.php\/2025\/05\/28\/casacos-prontos-confira-tres-destinos-para-curtir-o-frio-na-regiao-de-ribeirao-preto\/","url_meta":{"origin":79392,"position":1},"title":"Casacos prontos? Confira tr\u00eas destinos para curtir o frio na regi\u00e3o de Ribeir\u00e3o Preto","author":"noticiasribeiraopreto.com.br","date":"28 de May de 2025","format":false,"excerpt":"A primeira frente fria do ano chega a Ribeir\u00e3o Preto nesta quinta-feira (29). O per\u00edodo \u00e9 ideal para quem busca op\u00e7\u00f5es de turismo na regi\u00e3o, especialmente em destinos voltados \u00e0 natureza, atividades ao ar livre e gastronomia do interior. As cidades do entorno oferecem passeios com foco em ecoturismo, hospedagens\u2026","rel":"","context":"In &quot;Not\u00edcias de Ribeir\u00e3o Preto-SP e Regi\u00e3o&quot;","block_context":{"text":"Not\u00edcias de Ribeir\u00e3o Preto-SP e Regi\u00e3o","link":"https:\/\/noticiasribeiraopreto.com.br\/index.php\/category\/noticias-de-ribeirao-preto-sp-e-regiao-ismael-colosi\/"},"img":{"alt_text":"","src":"https:\/\/i0.wp.com\/noticiasribeiraopreto.com.br\/wp-content\/uploads\/2025\/05\/Copia-de-Copia-de-Copia-de-TAMANHO-EXATO-PARA-FOTOS-NO-SISTEMA-NOVO-2025-05-28T174204.557_2025-05-28_20-42-22.webp.webp?fit=1200%2C675&ssl=1&resize=350%2C200","width":350,"height":200,"srcset":"https:\/\/i0.wp.com\/noticiasribeiraopreto.com.br\/wp-content\/uploads\/2025\/05\/Copia-de-Copia-de-Copia-de-TAMANHO-EXATO-PARA-FOTOS-NO-SISTEMA-NOVO-2025-05-28T174204.557_2025-05-28_20-42-22.webp.webp?fit=1200%2C675&ssl=1&resize=350%2C200 1x, https:\/\/i0.wp.com\/noticiasribeiraopreto.com.br\/wp-content\/uploads\/2025\/05\/Copia-de-Copia-de-Copia-de-TAMANHO-EXATO-PARA-FOTOS-NO-SISTEMA-NOVO-2025-05-28T174204.557_2025-05-28_20-42-22.webp.webp?fit=1200%2C675&ssl=1&resize=525%2C300 1.5x, https:\/\/i0.wp.com\/noticiasribeiraopreto.com.br\/wp-content\/uploads\/2025\/05\/Copia-de-Copia-de-Copia-de-TAMANHO-EXATO-PARA-FOTOS-NO-SISTEMA-NOVO-2025-05-28T174204.557_2025-05-28_20-42-22.webp.webp?fit=1200%2C675&ssl=1&resize=700%2C400 2x, https:\/\/i0.wp.com\/noticiasribeiraopreto.com.br\/wp-content\/uploads\/2025\/05\/Copia-de-Copia-de-Copia-de-TAMANHO-EXATO-PARA-FOTOS-NO-SISTEMA-NOVO-2025-05-28T174204.557_2025-05-28_20-42-22.webp.webp?fit=1200%2C675&ssl=1&resize=1050%2C600 3x"},"classes":[]},{"id":76273,"url":"https:\/\/noticiasribeiraopreto.com.br\/index.php\/2025\/08\/25\/vigilancia-sanitaria-apreende-270-kg-de-queijos-irregulares-no-mercadao-de-ribeirao-preto\/","url_meta":{"origin":79392,"position":2},"title":"Vigil\u00e2ncia Sanit\u00e1ria apreende 270 kg de queijos irregulares no Mercad\u00e3o de Ribeir\u00e3o Preto","author":"noticiasribeiraopreto.com.br","date":"25 de August de 2025","format":false,"excerpt":"A Vigil\u00e2ncia Sanit\u00e1ria de Ribeir\u00e3o Preto apreendeu 270 quilos de queijos e outros produtos de origem animal irregulares durante uma fiscaliza\u00e7\u00e3o no Mercad\u00e3o Central, nesta segunda-feira (25). A opera\u00e7\u00e3o ocorreu em cinco boxes \u2013 tr\u00eas no per\u00edodo da manh\u00e3 e dois \u00e0 tarde \u2013 e recolheu itens como queijo meia\u2026","rel":"","context":"In &quot;Not\u00edcias de Ribeir\u00e3o Preto-SP e Regi\u00e3o&quot;","block_context":{"text":"Not\u00edcias de Ribeir\u00e3o Preto-SP e Regi\u00e3o","link":"https:\/\/noticiasribeiraopreto.com.br\/index.php\/category\/noticias-de-ribeirao-preto-sp-e-regiao-ismael-colosi\/"},"img":{"alt_text":"","src":"https:\/\/i0.wp.com\/noticiasribeiraopreto.com.br\/wp-content\/uploads\/2025\/08\/Copia-de-Copia-de-Copia-de-TAMANHO-EXATO-PARA-FOTOS-NO-SISTEMA-NOVO-2025-08-25T184638.337_2025-08-25_21-46-53.webp.webp?fit=1200%2C675&ssl=1&resize=350%2C200","width":350,"height":200,"srcset":"https:\/\/i0.wp.com\/noticiasribeiraopreto.com.br\/wp-content\/uploads\/2025\/08\/Copia-de-Copia-de-Copia-de-TAMANHO-EXATO-PARA-FOTOS-NO-SISTEMA-NOVO-2025-08-25T184638.337_2025-08-25_21-46-53.webp.webp?fit=1200%2C675&ssl=1&resize=350%2C200 1x, https:\/\/i0.wp.com\/noticiasribeiraopreto.com.br\/wp-content\/uploads\/2025\/08\/Copia-de-Copia-de-Copia-de-TAMANHO-EXATO-PARA-FOTOS-NO-SISTEMA-NOVO-2025-08-25T184638.337_2025-08-25_21-46-53.webp.webp?fit=1200%2C675&ssl=1&resize=525%2C300 1.5x, https:\/\/i0.wp.com\/noticiasribeiraopreto.com.br\/wp-content\/uploads\/2025\/08\/Copia-de-Copia-de-Copia-de-TAMANHO-EXATO-PARA-FOTOS-NO-SISTEMA-NOVO-2025-08-25T184638.337_2025-08-25_21-46-53.webp.webp?fit=1200%2C675&ssl=1&resize=700%2C400 2x, https:\/\/i0.wp.com\/noticiasribeiraopreto.com.br\/wp-content\/uploads\/2025\/08\/Copia-de-Copia-de-Copia-de-TAMANHO-EXATO-PARA-FOTOS-NO-SISTEMA-NOVO-2025-08-25T184638.337_2025-08-25_21-46-53.webp.webp?fit=1200%2C675&ssl=1&resize=1050%2C600 3x"},"classes":[]},{"id":80099,"url":"https:\/\/noticiasribeiraopreto.com.br\/index.php\/2025\/11\/14\/apos-apreensoes-de-queijos-comerciantes-recebem-orientacoes-sobre-registro-em-ribeirao-preto\/","url_meta":{"origin":79392,"position":3},"title":"Ap\u00f3s apreens\u00f5es de queijos, comerciantes recebem orienta\u00e7\u00f5es sobre registro em Ribeir\u00e3o Preto","author":"noticiasribeiraopreto.com.br","date":"14 de November de 2025","format":false,"excerpt":"Ap\u00f3s as apreens\u00f5es de queijos e outros produtos artesanais no Mercad\u00e3o de Ribeir\u00e3o Preto, a Acirp (Associa\u00e7\u00e3o Comercial e Industrial de Ribeir\u00e3o Preto) promove evento sobre regulariza\u00e7\u00e3o de produtos de origem animal. O evento conta com palestra do diretor da Divis\u00e3o de Registro de Produtos Artesanais do Estado, Thiago Braga\u2026","rel":"","context":"In &quot;Not\u00edcias de Ribeir\u00e3o Preto-SP e Regi\u00e3o&quot;","block_context":{"text":"Not\u00edcias de Ribeir\u00e3o Preto-SP e Regi\u00e3o","link":"https:\/\/noticiasribeiraopreto.com.br\/index.php\/category\/noticias-de-ribeirao-preto-sp-e-regiao-ismael-colosi\/"},"img":{"alt_text":"","src":"https:\/\/i0.wp.com\/noticiasribeiraopreto.com.br\/wp-content\/uploads\/2025\/08\/Copia-de-Copia-de-Copia-de-TAMANHO-EXATO-PARA-FOTOS-NO-SISTEMA-NOVO-2025-08-28T154735.930_2025-08-28_18-48-21.webp.webp?fit=1200%2C675&ssl=1&resize=350%2C200","width":350,"height":200,"srcset":"https:\/\/i0.wp.com\/noticiasribeiraopreto.com.br\/wp-content\/uploads\/2025\/08\/Copia-de-Copia-de-Copia-de-TAMANHO-EXATO-PARA-FOTOS-NO-SISTEMA-NOVO-2025-08-28T154735.930_2025-08-28_18-48-21.webp.webp?fit=1200%2C675&ssl=1&resize=350%2C200 1x, https:\/\/i0.wp.com\/noticiasribeiraopreto.com.br\/wp-content\/uploads\/2025\/08\/Copia-de-Copia-de-Copia-de-TAMANHO-EXATO-PARA-FOTOS-NO-SISTEMA-NOVO-2025-08-28T154735.930_2025-08-28_18-48-21.webp.webp?fit=1200%2C675&ssl=1&resize=525%2C300 1.5x, https:\/\/i0.wp.com\/noticiasribeiraopreto.com.br\/wp-content\/uploads\/2025\/08\/Copia-de-Copia-de-Copia-de-TAMANHO-EXATO-PARA-FOTOS-NO-SISTEMA-NOVO-2025-08-28T154735.930_2025-08-28_18-48-21.webp.webp?fit=1200%2C675&ssl=1&resize=700%2C400 2x, https:\/\/i0.wp.com\/noticiasribeiraopreto.com.br\/wp-content\/uploads\/2025\/08\/Copia-de-Copia-de-Copia-de-TAMANHO-EXATO-PARA-FOTOS-NO-SISTEMA-NOVO-2025-08-28T154735.930_2025-08-28_18-48-21.webp.webp?fit=1200%2C675&ssl=1&resize=1050%2C600 3x"},"classes":[]},{"id":65441,"url":"https:\/\/noticiasribeiraopreto.com.br\/index.php\/2025\/03\/20\/jornal-da-franca-fazenda-barra-grande-esta-na-rota-gastronomica-do-sabor-de-sp-em-evento-em-franca\/","url_meta":{"origin":79392,"position":4},"title":"Jornal da Franca &#8211; Fazenda Barra Grande est\u00e1 na Rota Gastron\u00f4mica do Sabor de SP em evento em Franca","author":"noticiasribeiraopreto.com.br","date":"20 de March de 2025","format":false,"excerpt":"compartilhar no whatsapp compartilhar no telegram compartilhar no facebook compartilhar no linkedin Evento fortalece a gastronomia e o turismo regional com produtores, chefs e especialistas de Franca e de v\u00e1rias cidades pr\u00f3ximas O Sabor de S\u00e3o Paulo, maior programa de valoriza\u00e7\u00e3o da gastronomia paulista, est\u00e1 em Franca promovendo a capacita\u00e7\u00e3o\u2026","rel":"","context":"In &quot;Not\u00edcias de Franca-SP&quot;","block_context":{"text":"Not\u00edcias de Franca-SP","link":"https:\/\/noticiasribeiraopreto.com.br\/index.php\/category\/noticias-de-ribeirao-preto-sp-e-regiao-ismael-colosi\/noticias-franca-sp\/"},"img":{"alt_text":"","src":"https:\/\/i0.wp.com\/noticiasribeiraopreto.com.br\/wp-content\/uploads\/2025\/03\/5829b92e311df71bddfeeba201642b6blow.jpeg?fit=960%2C688&ssl=1&resize=350%2C200","width":350,"height":200,"srcset":"https:\/\/i0.wp.com\/noticiasribeiraopreto.com.br\/wp-content\/uploads\/2025\/03\/5829b92e311df71bddfeeba201642b6blow.jpeg?fit=960%2C688&ssl=1&resize=350%2C200 1x, https:\/\/i0.wp.com\/noticiasribeiraopreto.com.br\/wp-content\/uploads\/2025\/03\/5829b92e311df71bddfeeba201642b6blow.jpeg?fit=960%2C688&ssl=1&resize=525%2C300 1.5x, https:\/\/i0.wp.com\/noticiasribeiraopreto.com.br\/wp-content\/uploads\/2025\/03\/5829b92e311df71bddfeeba201642b6blow.jpeg?fit=960%2C688&ssl=1&resize=700%2C400 2x"},"classes":[]},{"id":76317,"url":"https:\/\/noticiasribeiraopreto.com.br\/index.php\/2025\/08\/26\/em-dumont-nao-faz-mal-aqui-em-ribeirao-faz-comerciantes-reagem-apos-apreensao-de-queijos\/","url_meta":{"origin":79392,"position":5},"title":"&#8216;Em Dumont n\u00e3o faz mal, aqui em Ribeir\u00e3o faz?&#8217;: comerciantes reagem ap\u00f3s apreens\u00e3o de queijos","author":"noticiasribeiraopreto.com.br","date":"26 de August de 2025","format":false,"excerpt":"A apreens\u00e3o de 270 kg de queijos artesanais no Mercad\u00e3o Central de Ribeir\u00e3o Preto, nesta segunda-feira (25), gerou reclama\u00e7\u00f5es entre os comerciantes, que alegam n\u00e3o ter alternativas. Comerciantes afirmam que a exig\u00eancia de certifica\u00e7\u00f5es dificulta a venda de produtos artesanais no munic\u00edpio. Segundo eles, Ribeir\u00e3o Preto n\u00e3o conta com produtores\u2026","rel":"","context":"In &quot;Not\u00edcias de Ribeir\u00e3o Preto-SP e Regi\u00e3o&quot;","block_context":{"text":"Not\u00edcias de Ribeir\u00e3o Preto-SP e Regi\u00e3o","link":"https:\/\/noticiasribeiraopreto.com.br\/index.php\/category\/noticias-de-ribeirao-preto-sp-e-regiao-ismael-colosi\/"},"img":{"alt_text":"","src":"https:\/\/i0.wp.com\/noticiasribeiraopreto.com.br\/wp-content\/uploads\/2025\/08\/Copia-de-Copia-de-Copia-de-TAMANHO-EXATO-PARA-FOTOS-NO-SISTEMA-NOVO-2025-08-25T184638.337_2025-08-25_21-46-53.webp.webp?fit=1200%2C675&ssl=1&resize=350%2C200","width":350,"height":200,"srcset":"https:\/\/i0.wp.com\/noticiasribeiraopreto.com.br\/wp-content\/uploads\/2025\/08\/Copia-de-Copia-de-Copia-de-TAMANHO-EXATO-PARA-FOTOS-NO-SISTEMA-NOVO-2025-08-25T184638.337_2025-08-25_21-46-53.webp.webp?fit=1200%2C675&ssl=1&resize=350%2C200 1x, https:\/\/i0.wp.com\/noticiasribeiraopreto.com.br\/wp-content\/uploads\/2025\/08\/Copia-de-Copia-de-Copia-de-TAMANHO-EXATO-PARA-FOTOS-NO-SISTEMA-NOVO-2025-08-25T184638.337_2025-08-25_21-46-53.webp.webp?fit=1200%2C675&ssl=1&resize=525%2C300 1.5x, https:\/\/i0.wp.com\/noticiasribeiraopreto.com.br\/wp-content\/uploads\/2025\/08\/Copia-de-Copia-de-Copia-de-TAMANHO-EXATO-PARA-FOTOS-NO-SISTEMA-NOVO-2025-08-25T184638.337_2025-08-25_21-46-53.webp.webp?fit=1200%2C675&ssl=1&resize=700%2C400 2x, https:\/\/i0.wp.com\/noticiasribeiraopreto.com.br\/wp-content\/uploads\/2025\/08\/Copia-de-Copia-de-Copia-de-TAMANHO-EXATO-PARA-FOTOS-NO-SISTEMA-NOVO-2025-08-25T184638.337_2025-08-25_21-46-53.webp.webp?fit=1200%2C675&ssl=1&resize=1050%2C600 3x"},"classes":[]}],"jetpack_sharing_enabled":true,"jetpack_shortlink":"https:\/\/wp.me\/peQAOb-kEw","_links":{"self":[{"href":"https:\/\/noticiasribeiraopreto.com.br\/index.php\/wp-json\/wp\/v2\/posts\/79392","targetHints":{"allow":["GET"]}}],"collection":[{"href":"https:\/\/noticiasribeiraopreto.com.br\/index.php\/wp-json\/wp\/v2\/posts"}],"about":[{"href":"https:\/\/noticiasribeiraopreto.com.br\/index.php\/wp-json\/wp\/v2\/types\/post"}],"author":[{"embeddable":true,"href":"https:\/\/noticiasribeiraopreto.com.br\/index.php\/wp-json\/wp\/v2\/users\/1"}],"replies":[{"embeddable":true,"href":"https:\/\/noticiasribeiraopreto.com.br\/index.php\/wp-json\/wp\/v2\/comments?post=79392"}],"version-history":[{"count":0,"href":"https:\/\/noticiasribeiraopreto.com.br\/index.php\/wp-json\/wp\/v2\/posts\/79392\/revisions"}],"wp:featuredmedia":[{"embeddable":true,"href":"https:\/\/noticiasribeiraopreto.com.br\/index.php\/wp-json\/wp\/v2\/media\/79393"}],"wp:attachment":[{"href":"https:\/\/noticiasribeiraopreto.com.br\/index.php\/wp-json\/wp\/v2\/media?parent=79392"}],"wp:term":[{"taxonomy":"category","embeddable":true,"href":"https:\/\/noticiasribeiraopreto.com.br\/index.php\/wp-json\/wp\/v2\/categories?post=79392"},{"taxonomy":"post_tag","embeddable":true,"href":"https:\/\/noticiasribeiraopreto.com.br\/index.php\/wp-json\/wp\/v2\/tags?post=79392"}],"curies":[{"name":"wp","href":"https:\/\/api.w.org\/{rel}","templated":true}]}}