{"id":79394,"date":"2025-10-30T20:22:03","date_gmt":"2025-10-30T23:22:03","guid":{"rendered":"https:\/\/noticiasribeiraopreto.com.br\/index.php\/2025\/10\/30\/defesa-civil-alerta-para-chuvas-intensas-e-risco-de-transtornos-no-final-de-semana-veja-regioes-afetadas\/"},"modified":"2025-10-30T20:22:03","modified_gmt":"2025-10-30T23:22:03","slug":"defesa-civil-alerta-para-chuvas-intensas-e-risco-de-transtornos-no-final-de-semana-veja-regioes-afetadas","status":"publish","type":"post","link":"https:\/\/noticiasribeiraopreto.com.br\/index.php\/2025\/10\/30\/defesa-civil-alerta-para-chuvas-intensas-e-risco-de-transtornos-no-final-de-semana-veja-regioes-afetadas\/","title":{"rendered":"Defesa Civil alerta para chuvas intensas e risco de transtornos no final de semana; Veja regi\u00f5es afetadas"},"content":{"rendered":"<div class='code-block code-block-1' style='margin: 8px 0 8px auto; text-align: right; display: block; clear: both;'>\n<p><a href=\"https:\/\/wa.link\/vpicfd\"><img data-recalc-dims=\"1\" class=\"wp-image-4922\" style=\"aspect-ratio: 2.0253164556962027; width: 561px; height: auto;\" src=\"https:\/\/i0.wp.com\/ismaelcolosi.com.br\/wp-content\/uploads\/2023\/11\/grupo-de-empregos-whatsapp-e-facebook-ismael-colosi-vagas.jpg?ssl=1\" alt=\"\" \/><\/a><\/p>\n<!-- \/wp:image -->\n<\/div>\n<p> <br \/>\n<\/p>\n<div>\n<p>A <strong>Defesa Civil do Estado de S\u00e3o Paulo<\/strong> emitiu um <strong>alerta para chuva generalizada<\/strong> entre a sexta-feira (31) e o domingo (2) \u2013 veja regi\u00f5es afetadas logo abaixo.<\/p>\n<p>Conforme o \u00f3rg\u00e3o, o comunicado foi emitido devido a <strong>lenta progress\u00e3o de uma frente fria <\/strong>sobre o territ\u00f3rio paulista. \u201cA instabilidade atmosf\u00e9rica favorecer\u00e1 precipita\u00e7\u00f5es a qualquer hora do dia, com possibilidade de temporais mais intensos entre a tarde e a noite.\u201d<\/p>\n<div class=\"wp-block-image\">\n<figure class=\"aligncenter size-large is-resized\"><img data-recalc-dims=\"1\" fetchpriority=\"high\" decoding=\"async\" width=\"1024\" height=\"769\" src=\"https:\/\/i0.wp.com\/cdn.media-acidadeon.com.br\/ribeiraopreto\/wp-content\/uploads\/sites\/3\/2025\/04\/chuva_mudanca_tempo_05_2025-04-08_20-53-35_jpg_2025-04-08_20-53-35-1024x769.webp?resize=1024%2C769&#038;ssl=1\" alt=\"Defesa Civil alerta para chuva generalizada no estado de SP - Foto: Paulo Pinto\/Ag\u00eancia Brasil.\" class=\"wp-image-112986\" style=\"width:654px\" title=\"Defesa Civil alerta para chuvas intensas e risco de transtornos no final de semana; Veja regi\u00f5es afetadas 1\" srcset=\"https:\/\/cdn.media-acidadeon.com.br\/ribeiraopreto\/wp-content\/uploads\/sites\/3\/2025\/04\/chuva_mudanca_tempo_05_2025-04-08_20-53-35_jpg_2025-04-08_20-53-35-1024x769.webp 1024w, https:\/\/cdn.media-acidadeon.com.br\/ribeiraopreto\/wp-content\/uploads\/sites\/3\/2025\/04\/chuva_mudanca_tempo_05_2025-04-08_20-53-35_jpg_2025-04-08_20-53-35-300x225.webp 300w, https:\/\/cdn.media-acidadeon.com.br\/ribeiraopreto\/wp-content\/uploads\/sites\/3\/2025\/04\/chuva_mudanca_tempo_05_2025-04-08_20-53-35_jpg_2025-04-08_20-53-35-768x576.webp 768w, https:\/\/cdn.media-acidadeon.com.br\/ribeiraopreto\/wp-content\/uploads\/sites\/3\/2025\/04\/chuva_mudanca_tempo_05_2025-04-08_20-53-35_jpg_2025-04-08_20-53-35-1536x1153.webp 1536w, https:\/\/cdn.media-acidadeon.com.br\/ribeiraopreto\/wp-content\/uploads\/sites\/3\/2025\/04\/chuva_mudanca_tempo_05_2025-04-08_20-53-35_jpg_2025-04-08_20-53-35-2048x1537.webp 2048w, https:\/\/cdn.media-acidadeon.com.br\/ribeiraopreto\/wp-content\/uploads\/sites\/3\/2025\/04\/chuva_mudanca_tempo_05_2025-04-08_20-53-35_jpg_2025-04-08_20-53-35-696x522.webp 696w, https:\/\/cdn.media-acidadeon.com.br\/ribeiraopreto\/wp-content\/uploads\/sites\/3\/2025\/04\/chuva_mudanca_tempo_05_2025-04-08_20-53-35_jpg_2025-04-08_20-53-35-1068x802.webp 1068w, https:\/\/cdn.media-acidadeon.com.br\/ribeiraopreto\/wp-content\/uploads\/sites\/3\/2025\/04\/chuva_mudanca_tempo_05_2025-04-08_20-53-35_jpg_2025-04-08_20-53-35-1920x1441.webp 1920w\" sizes=\"(max-width: 1024px) 100vw, 1024px\"\/><figcaption class=\"wp-element-caption\">Defesa Civil alerta para chuva generalizada no estado de SP \u2013 Foto: Paulo Pinto\/Ag\u00eancia Brasil.<\/figcaption><\/figure>\n<\/div>\n<h2 class=\"wp-block-heading\"><strong>Chuva vai continuar<\/strong><\/h2>\n<p>Ainda de acordo com a<strong> Defesa Civil<\/strong>, essa <strong>frente fria<\/strong> deve come\u00e7ar a se afastar no domingo, no entanto, <mark style=\"background-color:#fcb900\" class=\"has-inline-color\">a forma\u00e7\u00e3o de um corredor de umidade proveniente da Amaz\u00f4nia manter\u00e1 o <strong>padr\u00e3o chuvoso sobre o estado de S\u00e3o Paulo<\/strong>.<\/mark><\/p>\n<p>Isso far\u00e1 com que <strong>pancadas de chuva sejam frequentes<\/strong> <strong>e persistentes<\/strong>, acompanhadas de descargas el\u00e9tricas, rajadas de vento e acumulados que podem atingir valores moderados a elevados em diversas regi\u00f5es.<\/p>\n<figure class=\"wp-block-pullquote\">\n<blockquote>\n<p>A Defesa Civil recomenda aten\u00e7\u00e3o redobrada em \u00e1reas suscet\u00edveis a deslizamentos, alagamentos e quedas de \u00e1rvores, diante das condi\u00e7\u00f5es favor\u00e1veis a transtornos pontuais, especialmente em localidades com \u00e1reas de risco<\/p>\n<p><cite>Defesa Civil<\/cite><\/p><\/blockquote>\n<\/figure>\n<h2 class=\"wp-block-heading\"><strong>Confira os acumulados previstos para o final de semana<\/strong><\/h2>\n<ul class=\"wp-block-list\">\n<li><strong>Acumulado de chuva m\u00e9dio<\/strong> \u2013 Serra da Mantiqueira, regi\u00f5es de Sorocaba, Campinas, Baixada Santista, Bauru, Araraquara, Regi\u00e3o Metropolitana de S\u00e3o Paulo, S\u00e3o Jos\u00e9 dos Campos e Litoral Norte.<\/li>\n<\/ul>\n<ul class=\"wp-block-list\">\n<li><strong>Acumulado de chuva alto<\/strong> \u2013 Regi\u00f5es de Barretos, Franca, <strong>Ribeir\u00e3o Preto<\/strong>, Vale do Ribeira, Itapeva, Presidente Prudente e Mar\u00edlia.<\/li>\n<\/ul>\n<ul class=\"wp-block-list\">\n<li><strong>Acumulado de chuva muito alto<\/strong> \u2013 Regi\u00f5es de Ara\u00e7atuba e S\u00e3o Jos\u00e9 do Rio Preto.<\/li>\n<\/ul>\n<p>Em caso de emerg\u00eancia, a orienta\u00e7\u00e3o \u00e9 ligar para a Defesa Civil pelo n\u00famero 199 ou para o Corpo de Bombeiros pelo n\u00famero 193.<\/p>\n<div class=\"wp-block-image\">\n<figure class=\"aligncenter size-large is-resized\"><img data-recalc-dims=\"1\" loading=\"lazy\" decoding=\"async\" width=\"1024\" height=\"815\" src=\"https:\/\/i0.wp.com\/cdn.media-acidadeon.com.br\/ribeiraopreto\/wp-content\/uploads\/sites\/3\/2025\/06\/CHUVA_2025-06-03_11-24-36-1024x815.webp?resize=1024%2C815&#038;ssl=1\" alt=\"Defesa Civil alerta para o risco de chuva generalizada - Foto: Ricardo Canaveze.\" class=\"wp-image-118704\" style=\"width:654px\" title=\"Defesa Civil alerta para chuvas intensas e risco de transtornos no final de semana; Veja regi\u00f5es afetadas 2\" srcset=\"https:\/\/cdn.media-acidadeon.com.br\/ribeiraopreto\/wp-content\/uploads\/sites\/3\/2025\/06\/CHUVA_2025-06-03_11-24-36-1024x815.webp 1024w, https:\/\/cdn.media-acidadeon.com.br\/ribeiraopreto\/wp-content\/uploads\/sites\/3\/2025\/06\/CHUVA_2025-06-03_11-24-36-300x239.webp 300w, https:\/\/cdn.media-acidadeon.com.br\/ribeiraopreto\/wp-content\/uploads\/sites\/3\/2025\/06\/CHUVA_2025-06-03_11-24-36-768x611.webp 768w, https:\/\/cdn.media-acidadeon.com.br\/ribeiraopreto\/wp-content\/uploads\/sites\/3\/2025\/06\/CHUVA_2025-06-03_11-24-36-696x554.webp 696w, https:\/\/cdn.media-acidadeon.com.br\/ribeiraopreto\/wp-content\/uploads\/sites\/3\/2025\/06\/CHUVA_2025-06-03_11-24-36-1068x850.webp 1068w, https:\/\/cdn.media-acidadeon.com.br\/ribeiraopreto\/wp-content\/uploads\/sites\/3\/2025\/06\/CHUVA_2025-06-03_11-24-36.webp 1200w\" sizes=\"auto, (max-width: 1024px) 100vw, 1024px\"\/><figcaption class=\"wp-element-caption\">Defesa Civil alerta para o risco de chuva generalizada \u2013 Foto: Ricardo Canaveze.<\/figcaption><\/figure>\n<\/div>\n<h2 class=\"wp-block-heading\"><strong>Alerta do Inmet para chuva<\/strong><\/h2>\n<p>Al\u00e9m da Defesa Civil, o Inmet (Instituo Nacional de Meteorologia) publicou nesta quinta-feira (30)\u00a0um alerta de <strong>\u201cperigo potencial\u201d para chuvas intensas <\/strong>em diversas regi\u00f5es do <strong>estado de S\u00e3o Paulo.<\/strong> <\/p>\n<p><strong>Ribeir\u00e3o Preto e cidades da regi\u00e3o<\/strong> est\u00e3o inclu\u00eddas na faixa amarela, a primeira em uma escala at\u00e9 tr\u00eas n\u00edveis de severidade, que abrange parte do estado paulista.\u00a0<strong>Clique\u00a0<a href=\"https:\/\/alertas2.inmet.gov.br\/52120\" target=\"_blank\" rel=\"noreferrer noopener\">aqui\u00a0<\/a>e veja as cidades<\/strong>. O comunicado \u00e9 v\u00e1lido at\u00e9 as 10h desta sexta-feira (31).\u00a0<\/p>\n<h3 class=\"wp-block-heading\"><strong>Confira o que diz o alerta:<\/strong><\/h3>\n<ul class=\"wp-block-list\">\n<li>Chuva entre 20 mm\/h e 30 mm\/h ou at\u00e9 50 mm\/dia<\/li>\n<li>Ventos intensos entre 40 km\/h e 60 km\/h<\/li>\n<li>Baixo risco de corte de energia el\u00e9trica, queda de galhos de \u00e1rvores, alagamentos e de descargas el\u00e9tricas<\/li>\n<\/ul>\n<div class=\"wp-block-image\">\n<figure class=\"aligncenter size-large is-resized\"><img data-recalc-dims=\"1\" loading=\"lazy\" decoding=\"async\" width=\"1024\" height=\"768\" src=\"https:\/\/i0.wp.com\/cdn.media-acidadeon.com.br\/ribeiraopreto\/wp-content\/uploads\/sites\/3\/2025\/03\/Imagem-do-WhatsApp-de-2025-03-10-as-14.55.26_1805280d_2025-03-10_17-56-39_jpg_2025-03-10_17-56-39-1024x768.webp?resize=1024%2C768&#038;ssl=1\" alt=\"Inmet tamb\u00e9m emitiu alerta de chuva para Ribeir\u00e3o Preto e regi\u00e3o - Foto: Leonardo Santos \/ acidade on \" class=\"wp-image-110143\" style=\"width:654px\" title=\"Defesa Civil alerta para chuvas intensas e risco de transtornos no final de semana; Veja regi\u00f5es afetadas 3\" srcset=\"https:\/\/cdn.media-acidadeon.com.br\/ribeiraopreto\/wp-content\/uploads\/sites\/3\/2025\/03\/Imagem-do-WhatsApp-de-2025-03-10-as-14.55.26_1805280d_2025-03-10_17-56-39_jpg_2025-03-10_17-56-39-1024x768.webp 1024w, https:\/\/cdn.media-acidadeon.com.br\/ribeiraopreto\/wp-content\/uploads\/sites\/3\/2025\/03\/Imagem-do-WhatsApp-de-2025-03-10-as-14.55.26_1805280d_2025-03-10_17-56-39_jpg_2025-03-10_17-56-39-300x225.webp 300w, https:\/\/cdn.media-acidadeon.com.br\/ribeiraopreto\/wp-content\/uploads\/sites\/3\/2025\/03\/Imagem-do-WhatsApp-de-2025-03-10-as-14.55.26_1805280d_2025-03-10_17-56-39_jpg_2025-03-10_17-56-39-768x576.webp 768w, https:\/\/cdn.media-acidadeon.com.br\/ribeiraopreto\/wp-content\/uploads\/sites\/3\/2025\/03\/Imagem-do-WhatsApp-de-2025-03-10-as-14.55.26_1805280d_2025-03-10_17-56-39_jpg_2025-03-10_17-56-39-1536x1152.webp 1536w, https:\/\/cdn.media-acidadeon.com.br\/ribeiraopreto\/wp-content\/uploads\/sites\/3\/2025\/03\/Imagem-do-WhatsApp-de-2025-03-10-as-14.55.26_1805280d_2025-03-10_17-56-39_jpg_2025-03-10_17-56-39-696x522.webp 696w, https:\/\/cdn.media-acidadeon.com.br\/ribeiraopreto\/wp-content\/uploads\/sites\/3\/2025\/03\/Imagem-do-WhatsApp-de-2025-03-10-as-14.55.26_1805280d_2025-03-10_17-56-39_jpg_2025-03-10_17-56-39-1068x801.webp 1068w, https:\/\/cdn.media-acidadeon.com.br\/ribeiraopreto\/wp-content\/uploads\/sites\/3\/2025\/03\/Imagem-do-WhatsApp-de-2025-03-10-as-14.55.26_1805280d_2025-03-10_17-56-39_jpg_2025-03-10_17-56-39.webp 1600w\" sizes=\"auto, (max-width: 1024px) 100vw, 1024px\"\/><figcaption class=\"wp-element-caption\">Inmet tamb\u00e9m emitiu alerta de chuva para Ribeir\u00e3o Preto e regi\u00e3o \u2013 Foto: Leonardo Santos \/ acidade on <\/figcaption><\/figure>\n<\/div>\n<hr class=\"wp-block-separator has-alpha-channel-opacity\"\/>\n<p>SAIBA MAIS<\/p>\n<p>A rotina e os desafios de um pequeno produtor rural em Ribeir\u00e3o Preto: do cultivo \u00e0 comercializa\u00e7\u00e3o<\/p>\n<h2 class=\"wp-block-heading\"><strong>FIQUE ON<\/strong><\/h2>\n<p>Fique ligado em tudo que acontece em Ribeir\u00e3o Preto e regi\u00e3o. Siga os perfis do\u00a0<strong>acidade on\u00a0<\/strong>no<a href=\"https:\/\/www.instagram.com\/acidadeonribeirao\" target=\"_blank\" rel=\"noreferrer noopener\">\u00a0Instagram<\/a>\u00a0e no\u00a0<a href=\"https:\/\/www.facebook.com\/acidadeonribeirao\/\" target=\"_blank\" rel=\"noreferrer noopener\">Facebook<\/a>.<\/p>\n<p>Receba not\u00edcias do\u00a0<strong>acidade on<\/strong>\u00a0no WhatsApp. Para entrar no grupo,\u00a0basta\u00a0<a href=\"https:\/\/chat.whatsapp.com\/I4nieTEMKlf50pJ28aMemC?mode=ac_t\" target=\"_blank\" rel=\"noreferrer noopener\">clicar aqui<\/a>. Ou, acesse o nosso\u00a0Canal\u00a0<a href=\"https:\/\/whatsapp.com\/channel\/0029Vb6IQl1JENyAeS57fk2p\" target=\"_blank\" rel=\"noreferrer noopener\">clicando aqui<\/a>.<\/p>\n<p>Fa\u00e7a uma den\u00fancia ou sugira uma reportagem sobre Ribeir\u00e3o Preto e regi\u00e3o pelo WhatsApp: 16 99117 7802.<\/p>\n<p>VEJA TAMB\u00c9M<\/p>\n<p>\u2018Um Maluco no Peda\u00e7o\u2019: qual era o personagem de Floyd Roger Myers Jr.?<\/p>\n<p><!-- AI CONTENT END 1 -->\n<\/div>\n<p><script async src=\"\/\/www.instagram.com\/embed.js\"><\/script><br \/>\n<br \/><br \/>\n<br \/><a href=\"https:\/\/www.acidadeon.com\/ribeiraopreto\/cotidiano\/defesa-civil-alerta-para-chuvas-intensas-e-risco-de-transtornos-no-final-de-semana-veja-regioes-afetadas\/\">Source link <\/a><\/p>\n<!-- CONTENT END 1 -->\n","protected":false},"excerpt":{"rendered":"<p>A Defesa Civil do Estado de S\u00e3o Paulo emitiu um alerta para chuva generalizada entre a sexta-feira (31) e o domingo (2) \u2013 veja regi\u00f5es&#8230;<\/p>\n","protected":false},"author":1,"featured_media":79395,"comment_status":"open","ping_status":"open","sticky":false,"template":"","format":"standard","meta":{"advanced_seo_description":"","jetpack_seo_html_title":"","jetpack_seo_noindex":false,"jetpack_post_was_ever_published":false,"_jetpack_newsletter_access":"","_jetpack_dont_email_post_to_subs":false,"_jetpack_newsletter_tier_id":0,"_jetpack_memberships_contains_paywalled_content":false,"_jetpack_memberships_contains_paid_content":false,"footnotes":"","jetpack_publicize_message":"","jetpack_publicize_feature_enabled":true,"jetpack_social_post_already_shared":true,"jetpack_social_options":{"image_generator_settings":{"template":"highway","default_image_id":0,"font":"","enabled":false},"version":2}},"categories":[11],"tags":[],"class_list":["post-79394","post","type-post","status-publish","format-standard","has-post-thumbnail","hentry","category-noticias-de-ribeirao-preto-sp-e-regiao-ismael-colosi"],"jetpack_publicize_connections":[],"jetpack_featured_media_url":"https:\/\/i0.wp.com\/noticiasribeiraopreto.com.br\/wp-content\/uploads\/2025\/10\/calor_chuva_sp_24_2025-02-20_20-46-45_jpg_2025-02-20_20-46-45-1024x743.webp.webp?fit=1024%2C743&ssl=1","jetpack-related-posts":[{"id":70104,"url":"https:\/\/noticiasribeiraopreto.com.br\/index.php\/2025\/05\/22\/defesa-civil-emite-alerta-para-risco-de-chuva-forte-veja-regioes-afetadas-no-estado-de-sp\/","url_meta":{"origin":79394,"position":0},"title":"Defesa Civil emite alerta para risco de chuva forte; Veja regi\u00f5es afetadas no estado de SP","author":"noticiasribeiraopreto.com.br","date":"22 de May de 2025","format":false,"excerpt":"A Defesa Civil de S\u00e3o Paulo emitiu um alerta para o risco de chuva moderada a forte\u00a0devido ao avan\u00e7o de uma nova frente fria entre esta quinta-feira (22) e sexta-feira (23). Segundo o \u00f3rg\u00e3o, esse sistema deve provocar mudan\u00e7as nas condi\u00e7\u00f5es do tempo, especialmente na faixa Leste paulista, e contribuir\u2026","rel":"","context":"In &quot;Not\u00edcias de Ribeir\u00e3o Preto-SP e Regi\u00e3o&quot;","block_context":{"text":"Not\u00edcias de Ribeir\u00e3o Preto-SP e Regi\u00e3o","link":"https:\/\/noticiasribeiraopreto.com.br\/index.php\/category\/noticias-de-ribeirao-preto-sp-e-regiao-ismael-colosi\/"},"img":{"alt_text":"","src":"https:\/\/i0.wp.com\/noticiasribeiraopreto.com.br\/wp-content\/uploads\/2025\/05\/chuva.jpeg?fit=1200%2C903&ssl=1&resize=350%2C200","width":350,"height":200,"srcset":"https:\/\/i0.wp.com\/noticiasribeiraopreto.com.br\/wp-content\/uploads\/2025\/05\/chuva.jpeg?fit=1200%2C903&ssl=1&resize=350%2C200 1x, https:\/\/i0.wp.com\/noticiasribeiraopreto.com.br\/wp-content\/uploads\/2025\/05\/chuva.jpeg?fit=1200%2C903&ssl=1&resize=525%2C300 1.5x, https:\/\/i0.wp.com\/noticiasribeiraopreto.com.br\/wp-content\/uploads\/2025\/05\/chuva.jpeg?fit=1200%2C903&ssl=1&resize=700%2C400 2x, https:\/\/i0.wp.com\/noticiasribeiraopreto.com.br\/wp-content\/uploads\/2025\/05\/chuva.jpeg?fit=1200%2C903&ssl=1&resize=1050%2C600 3x"},"classes":[]},{"id":79151,"url":"https:\/\/noticiasribeiraopreto.com.br\/index.php\/2025\/10\/25\/inmet-emite-alerta-de-perigo-potencial-para-o-interior-de-sp-confira-regioes-afetadas\/","url_meta":{"origin":79394,"position":1},"title":"Inmet emite alerta de perigo potencial para o interior de SP; Confira regi\u00f5es afetadas","author":"noticiasribeiraopreto.com.br","date":"25 de October de 2025","format":false,"excerpt":"O Inmet (Instituto Nacional de Meteorologia) emitiu um novo alerta de perigo potencial para abaixa umidade do ar no interior de S\u00e3o Paulo neste s\u00e1bado (25). De acordo com o \u00f3rg\u00e3o, a umidade relativa do ar pode variar entre 20% e 30% em diferentes regi\u00f5es. Apesar de baixo, o Inmet\u2026","rel":"","context":"In &quot;Not\u00edcias de Ribeir\u00e3o Preto-SP e Regi\u00e3o&quot;","block_context":{"text":"Not\u00edcias de Ribeir\u00e3o Preto-SP e Regi\u00e3o","link":"https:\/\/noticiasribeiraopreto.com.br\/index.php\/category\/noticias-de-ribeirao-preto-sp-e-regiao-ismael-colosi\/"},"img":{"alt_text":"","src":"https:\/\/i0.wp.com\/noticiasribeiraopreto.com.br\/wp-content\/uploads\/2025\/10\/20230711_174150-scaled.jpg?fit=1200%2C540&ssl=1&resize=350%2C200","width":350,"height":200,"srcset":"https:\/\/i0.wp.com\/noticiasribeiraopreto.com.br\/wp-content\/uploads\/2025\/10\/20230711_174150-scaled.jpg?fit=1200%2C540&ssl=1&resize=350%2C200 1x, https:\/\/i0.wp.com\/noticiasribeiraopreto.com.br\/wp-content\/uploads\/2025\/10\/20230711_174150-scaled.jpg?fit=1200%2C540&ssl=1&resize=525%2C300 1.5x, https:\/\/i0.wp.com\/noticiasribeiraopreto.com.br\/wp-content\/uploads\/2025\/10\/20230711_174150-scaled.jpg?fit=1200%2C540&ssl=1&resize=700%2C400 2x, https:\/\/i0.wp.com\/noticiasribeiraopreto.com.br\/wp-content\/uploads\/2025\/10\/20230711_174150-scaled.jpg?fit=1200%2C540&ssl=1&resize=1050%2C600 3x"},"classes":[]},{"id":61830,"url":"https:\/\/noticiasribeiraopreto.com.br\/index.php\/2024\/12\/23\/defesa-civil-alerta-para-chuvas-intensas-no-feriado-de-natal-veja-regioes-afetadas-no-estado-de-sp\/","url_meta":{"origin":79394,"position":2},"title":"Defesa Civil alerta para chuvas intensas no feriado de Natal; Veja regi\u00f5es afetadas no estado de SP","author":"noticiasribeiraopreto.com.br","date":"23 de December de 2024","format":false,"excerpt":"A Defesa Civil do Estado de S\u00e3o Paulo emitiu um alerta para chuvas intensas durante o per\u00edodo natalino, entre ter\u00e7a-feira (24) e sexta-feira (27). Veja as regi\u00f5es: Litoral Norte Litoral Sul Vale do Para\u00edba Capital paulista Regi\u00e3o Metropolitana de S\u00e3o Paulo Regi\u00e3o de Campinas Sorocaba Bauru Pancadas de chuva A\u2026","rel":"","context":"In &quot;Not\u00edcias de Ribeir\u00e3o Preto-SP e Regi\u00e3o&quot;","block_context":{"text":"Not\u00edcias de Ribeir\u00e3o Preto-SP e Regi\u00e3o","link":"https:\/\/noticiasribeiraopreto.com.br\/index.php\/category\/noticias-de-ribeirao-preto-sp-e-regiao-ismael-colosi\/"},"img":{"alt_text":"","src":"https:\/\/i0.wp.com\/noticiasribeiraopreto.com.br\/wp-content\/uploads\/2024\/12\/CHUVA-1.jpg?fit=1200%2C667&ssl=1&resize=350%2C200","width":350,"height":200,"srcset":"https:\/\/i0.wp.com\/noticiasribeiraopreto.com.br\/wp-content\/uploads\/2024\/12\/CHUVA-1.jpg?fit=1200%2C667&ssl=1&resize=350%2C200 1x, https:\/\/i0.wp.com\/noticiasribeiraopreto.com.br\/wp-content\/uploads\/2024\/12\/CHUVA-1.jpg?fit=1200%2C667&ssl=1&resize=525%2C300 1.5x, https:\/\/i0.wp.com\/noticiasribeiraopreto.com.br\/wp-content\/uploads\/2024\/12\/CHUVA-1.jpg?fit=1200%2C667&ssl=1&resize=700%2C400 2x, https:\/\/i0.wp.com\/noticiasribeiraopreto.com.br\/wp-content\/uploads\/2024\/12\/CHUVA-1.jpg?fit=1200%2C667&ssl=1&resize=1050%2C600 3x"},"classes":[]},{"id":78516,"url":"https:\/\/noticiasribeiraopreto.com.br\/index.php\/2025\/10\/12\/inmet-emite-alertas-de-tempestade-e-chuvas-intensas-para-o-interior-de-sp-veja-regioes-afetadas\/","url_meta":{"origin":79394,"position":3},"title":"Inmet emite alertas de tempestade e chuvas intensas para o interior de SP; Veja regi\u00f5es afetadas","author":"noticiasribeiraopreto.com.br","date":"12 de October de 2025","format":false,"excerpt":"O Inmet (Instituto Nacional de Meteorologia) emitiu dois novos alertas para o interior de S\u00e3o Paulo neste domingo (12). Os avisos s\u00e3o de \u201cperigo\u201d para tempestade e \u201cperigo potencial\u201d para chuvas intensas em diferentes regi\u00f5es. Ambos s\u00e3o v\u00e1lidos at\u00e9 \u00e0s 10h desta segunda-feira (13). Confira: Alerta de perigo O comunicado\u2026","rel":"","context":"In &quot;Not\u00edcias de Ribeir\u00e3o Preto-SP e Regi\u00e3o&quot;","block_context":{"text":"Not\u00edcias de Ribeir\u00e3o Preto-SP e Regi\u00e3o","link":"https:\/\/noticiasribeiraopreto.com.br\/index.php\/category\/noticias-de-ribeirao-preto-sp-e-regiao-ismael-colosi\/"},"img":{"alt_text":"","src":"https:\/\/i0.wp.com\/noticiasribeiraopreto.com.br\/wp-content\/uploads\/2025\/10\/WhatsApp-Image-2024-12-03-at-09.16.43_2024-12-03_12-22-10_jpeg_2024-12-03_12-22-10.webp.webp?fit=1200%2C540&ssl=1&resize=350%2C200","width":350,"height":200,"srcset":"https:\/\/i0.wp.com\/noticiasribeiraopreto.com.br\/wp-content\/uploads\/2025\/10\/WhatsApp-Image-2024-12-03-at-09.16.43_2024-12-03_12-22-10_jpeg_2024-12-03_12-22-10.webp.webp?fit=1200%2C540&ssl=1&resize=350%2C200 1x, https:\/\/i0.wp.com\/noticiasribeiraopreto.com.br\/wp-content\/uploads\/2025\/10\/WhatsApp-Image-2024-12-03-at-09.16.43_2024-12-03_12-22-10_jpeg_2024-12-03_12-22-10.webp.webp?fit=1200%2C540&ssl=1&resize=525%2C300 1.5x, https:\/\/i0.wp.com\/noticiasribeiraopreto.com.br\/wp-content\/uploads\/2025\/10\/WhatsApp-Image-2024-12-03-at-09.16.43_2024-12-03_12-22-10_jpeg_2024-12-03_12-22-10.webp.webp?fit=1200%2C540&ssl=1&resize=700%2C400 2x, https:\/\/i0.wp.com\/noticiasribeiraopreto.com.br\/wp-content\/uploads\/2025\/10\/WhatsApp-Image-2024-12-03-at-09.16.43_2024-12-03_12-22-10_jpeg_2024-12-03_12-22-10.webp.webp?fit=1200%2C540&ssl=1&resize=1050%2C600 3x"},"classes":[]},{"id":61845,"url":"https:\/\/noticiasribeiraopreto.com.br\/index.php\/2024\/12\/24\/feriado-de-natal-tem-alerta-de-chuvas-intensas-veja-regioes-afetadas\/","url_meta":{"origin":79394,"position":4},"title":"Feriado de Natal tem alerta de chuvas intensas; veja regi\u00f5es afetadas","author":"noticiasribeiraopreto.com.br","date":"24 de December de 2024","format":false,"excerpt":"Nesta segunda-feira (23), a Defesa Civil do Estado de S\u00e3o Paulo emitiu um alerta para chuvas intensas durante o per\u00edodo natalino. De acordo com o \u00f3rg\u00e3o, est\u00e3o previstos temporais, principalmente, nas \u00e1reas que fazem divisa com Minas Gerais e na faixa leste do Estado, entre ter\u00e7a-feira (24) e sexta-feira (27).\u2026","rel":"","context":"In &quot;Not\u00edcias de Ribeir\u00e3o Preto-SP e Regi\u00e3o&quot;","block_context":{"text":"Not\u00edcias de Ribeir\u00e3o Preto-SP e Regi\u00e3o","link":"https:\/\/noticiasribeiraopreto.com.br\/index.php\/category\/noticias-de-ribeirao-preto-sp-e-regiao-ismael-colosi\/"},"img":{"alt_text":"","src":"https:\/\/i0.wp.com\/noticiasribeiraopreto.com.br\/wp-content\/uploads\/2024\/12\/chuva_temporal_1024x576_07012021130023_2024-10-24_18-15-47_jpg_2024-10-24_18-15-47.webp.webp?fit=1024%2C575&ssl=1&resize=350%2C200","width":350,"height":200,"srcset":"https:\/\/i0.wp.com\/noticiasribeiraopreto.com.br\/wp-content\/uploads\/2024\/12\/chuva_temporal_1024x576_07012021130023_2024-10-24_18-15-47_jpg_2024-10-24_18-15-47.webp.webp?fit=1024%2C575&ssl=1&resize=350%2C200 1x, https:\/\/i0.wp.com\/noticiasribeiraopreto.com.br\/wp-content\/uploads\/2024\/12\/chuva_temporal_1024x576_07012021130023_2024-10-24_18-15-47_jpg_2024-10-24_18-15-47.webp.webp?fit=1024%2C575&ssl=1&resize=525%2C300 1.5x, https:\/\/i0.wp.com\/noticiasribeiraopreto.com.br\/wp-content\/uploads\/2024\/12\/chuva_temporal_1024x576_07012021130023_2024-10-24_18-15-47_jpg_2024-10-24_18-15-47.webp.webp?fit=1024%2C575&ssl=1&resize=700%2C400 2x"},"classes":[]},{"id":57589,"url":"https:\/\/noticiasribeiraopreto.com.br\/index.php\/2024\/09\/04\/interior-de-sp-pode-registrar-ventos-de-ate-50-km-h-veja-quando\/","url_meta":{"origin":79394,"position":5},"title":"Interior de SP pode registrar ventos de at\u00e9 50 km\/h; Veja quando","author":"noticiasribeiraopreto.com.br","date":"4 de September de 2024","format":false,"excerpt":"Uma nova frente fria deve chegar nesta semana e mudar o tempo em algumas cidades do interior de S\u00e3o Paulo, da capital e litoral paulista, de acordo com os meteorologistas. Por conta desse cen\u00e1rio, a Defesa Civil publicou um aviso para ventos fortes em todo o estado de S\u00e3o Paulo.\u2026","rel":"","context":"In &quot;Not\u00edcias de Ribeir\u00e3o Preto-SP e Regi\u00e3o&quot;","block_context":{"text":"Not\u00edcias de Ribeir\u00e3o Preto-SP e Regi\u00e3o","link":"https:\/\/noticiasribeiraopreto.com.br\/index.php\/category\/noticias-de-ribeirao-preto-sp-e-regiao-ismael-colosi\/"},"img":{"alt_text":"","src":"https:\/\/i0.wp.com\/noticiasribeiraopreto.com.br\/wp-content\/uploads\/2024\/06\/WhatsApp-Image-2024-06-05-at-08.22.06_2024-06-05_11-29-47_jpeg_2024-06-05_11-29-48.webp.webp?fit=1200%2C540&ssl=1&resize=350%2C200","width":350,"height":200,"srcset":"https:\/\/i0.wp.com\/noticiasribeiraopreto.com.br\/wp-content\/uploads\/2024\/06\/WhatsApp-Image-2024-06-05-at-08.22.06_2024-06-05_11-29-47_jpeg_2024-06-05_11-29-48.webp.webp?fit=1200%2C540&ssl=1&resize=350%2C200 1x, https:\/\/i0.wp.com\/noticiasribeiraopreto.com.br\/wp-content\/uploads\/2024\/06\/WhatsApp-Image-2024-06-05-at-08.22.06_2024-06-05_11-29-47_jpeg_2024-06-05_11-29-48.webp.webp?fit=1200%2C540&ssl=1&resize=525%2C300 1.5x, https:\/\/i0.wp.com\/noticiasribeiraopreto.com.br\/wp-content\/uploads\/2024\/06\/WhatsApp-Image-2024-06-05-at-08.22.06_2024-06-05_11-29-47_jpeg_2024-06-05_11-29-48.webp.webp?fit=1200%2C540&ssl=1&resize=700%2C400 2x, https:\/\/i0.wp.com\/noticiasribeiraopreto.com.br\/wp-content\/uploads\/2024\/06\/WhatsApp-Image-2024-06-05-at-08.22.06_2024-06-05_11-29-47_jpeg_2024-06-05_11-29-48.webp.webp?fit=1200%2C540&ssl=1&resize=1050%2C600 3x"},"classes":[]}],"jetpack_sharing_enabled":true,"jetpack_shortlink":"https:\/\/wp.me\/peQAOb-kEy","_links":{"self":[{"href":"https:\/\/noticiasribeiraopreto.com.br\/index.php\/wp-json\/wp\/v2\/posts\/79394","targetHints":{"allow":["GET"]}}],"collection":[{"href":"https:\/\/noticiasribeiraopreto.com.br\/index.php\/wp-json\/wp\/v2\/posts"}],"about":[{"href":"https:\/\/noticiasribeiraopreto.com.br\/index.php\/wp-json\/wp\/v2\/types\/post"}],"author":[{"embeddable":true,"href":"https:\/\/noticiasribeiraopreto.com.br\/index.php\/wp-json\/wp\/v2\/users\/1"}],"replies":[{"embeddable":true,"href":"https:\/\/noticiasribeiraopreto.com.br\/index.php\/wp-json\/wp\/v2\/comments?post=79394"}],"version-history":[{"count":0,"href":"https:\/\/noticiasribeiraopreto.com.br\/index.php\/wp-json\/wp\/v2\/posts\/79394\/revisions"}],"wp:featuredmedia":[{"embeddable":true,"href":"https:\/\/noticiasribeiraopreto.com.br\/index.php\/wp-json\/wp\/v2\/media\/79395"}],"wp:attachment":[{"href":"https:\/\/noticiasribeiraopreto.com.br\/index.php\/wp-json\/wp\/v2\/media?parent=79394"}],"wp:term":[{"taxonomy":"category","embeddable":true,"href":"https:\/\/noticiasribeiraopreto.com.br\/index.php\/wp-json\/wp\/v2\/categories?post=79394"},{"taxonomy":"post_tag","embeddable":true,"href":"https:\/\/noticiasribeiraopreto.com.br\/index.php\/wp-json\/wp\/v2\/tags?post=79394"}],"curies":[{"name":"wp","href":"https:\/\/api.w.org\/{rel}","templated":true}]}}