{"id":79396,"date":"2025-10-30T20:30:46","date_gmt":"2025-10-30T23:30:46","guid":{"rendered":"https:\/\/noticiasribeiraopreto.com.br\/index.php\/2025\/10\/30\/a-rotina-e-os-desafios-de-um-pequeno-produtor-rural-em-ribeirao-preto-do-cultivo-a-comercializacao\/"},"modified":"2025-10-30T20:30:46","modified_gmt":"2025-10-30T23:30:46","slug":"a-rotina-e-os-desafios-de-um-pequeno-produtor-rural-em-ribeirao-preto-do-cultivo-a-comercializacao","status":"publish","type":"post","link":"https:\/\/noticiasribeiraopreto.com.br\/index.php\/2025\/10\/30\/a-rotina-e-os-desafios-de-um-pequeno-produtor-rural-em-ribeirao-preto-do-cultivo-a-comercializacao\/","title":{"rendered":"A rotina e os desafios de um pequeno produtor rural em Ribeir\u00e3o Preto: do cultivo \u00e0 comercializa\u00e7\u00e3o"},"content":{"rendered":"<div class='code-block code-block-1' style='margin: 8px 0 8px auto; text-align: right; display: block; clear: both;'>\n<p><a href=\"https:\/\/wa.link\/vpicfd\"><img data-recalc-dims=\"1\" class=\"wp-image-4922\" style=\"aspect-ratio: 2.0253164556962027; width: 561px; height: auto;\" src=\"https:\/\/i0.wp.com\/ismaelcolosi.com.br\/wp-content\/uploads\/2023\/11\/grupo-de-empregos-whatsapp-e-facebook-ismael-colosi-vagas.jpg?ssl=1\" alt=\"\" \/><\/a><\/p>\n<!-- \/wp:image -->\n<\/div>\n<p> <br \/>\n<\/p>\n<div>\n<p>A rotina de um <strong>pequeno produtor<\/strong> \u00e9 marcada por persist\u00eancia, adapta\u00e7\u00e3o e, acima de tudo, paix\u00e3o pela produ\u00e7\u00e3o de alimentos. Em <strong>Ribeir\u00e3o Preto e regi\u00e3o<\/strong>, por exemplo, pequenos produtores mostram que mesmo diante de <strong>desafios clim\u00e1ticos<\/strong>, <strong>econ\u00f4micos<\/strong> e at\u00e9 mesmo <strong>estruturais<\/strong>, \u00e9 poss\u00edvel criar caminhos seus pr\u00f3prios \u2013 saiba mais abaixo.<\/p>\n<p>De acordo com dados do \u00faltimo <strong><a href=\"https:\/\/www.ibge.gov.br\/estatisticas\/economicas\/agricultura-e-pecuaria\/21814-2017-censo-agropecuario.html\" target=\"_blank\" data-type=\"link\" data-id=\"https:\/\/www.ibge.gov.br\/estatisticas\/economicas\/agricultura-e-pecuaria\/21814-2017-censo-agropecuario.html\" rel=\"noreferrer noopener\">Censo Agropecu\u00e1rio<\/a><\/strong>, realizado em 2017 e divulgado em 2019, <mark style=\"background-color:#fcb900\" class=\"has-inline-color\">cerca de <strong>77% dos estabelecimentos rurais no Brasil s\u00e3o de agricultura familiar<\/strong>, em sua maior parte formados por <strong>pequenos produtores<\/strong>.<\/mark><\/p>\n<p>Na <strong>regi\u00e3o de Ribeir\u00e3o Preto<\/strong>, segundo dados obtidos pela reportagem junto a <strong>Coordenadoria de Assist\u00eancia T\u00e9cnica Integral (CATI)<\/strong>, ligado \u00e0 <strong>Secretaria de Agricultura e Abastecimento (SAA)<\/strong> s\u00e3o 10.118 im\u00f3veis rurais com Cadastro Ambiental Rural ativo \u2013 <em>vale lembrar que esse n\u00famero engloba pequenos, m\u00e9dios e grandes produtores<\/em>.<\/p>\n<p>Conforme explica\u00e7\u00e3o de <strong>Fabio Lucheta Isaac<\/strong>, Chefe de Divis\u00e3o da CATI Ribeir\u00e3o Preto, a <strong>cana-de-a\u00e7\u00facar<\/strong> ocupa a maior \u00e1rea cultivada da regi\u00e3o, com presen\u00e7a de arrendamentos e integra\u00e7\u00e3o com usinas. O <strong>caf\u00e9 <\/strong>se destaca em \u00e1reas de altitude m\u00e9dia, cultivado principalmente em propriedades familiares de pequeno porte.<\/p>\n<p>J\u00e1 as <strong>hortali\u00e7as <\/strong>formam a base da produ\u00e7\u00e3o de alimentos locais e abastecem programas institucionais. J\u00e1 a <strong>ovinocultura de leite e a produ\u00e7\u00e3o artesanal de queijos<\/strong> s\u00e3o atividades t\u00edpicas da agricultura familiar, com possibilidade de agrega\u00e7\u00e3o de valor aos produtos.<\/p>\n<h2 class=\"wp-block-heading\"><strong>Reinven\u00e7\u00e3o di\u00e1ria na horta hidrop\u00f4nica<\/strong><\/h2>\n<p>No Jardim Paulistano, zona Leste de Ribeir\u00e3o Preto, a produtora rural <strong>Linda Galbiati de Souza<\/strong> e o marido mant\u00e9m h\u00e1 uma d\u00e9cada uma pequena <strong>produ\u00e7\u00e3o hidrop\u00f4nica<\/strong>. A t\u00e9cnica permite que o cultivo seja feito sem o uso de terra, oferecendo uma alternativa eficiente e sustent\u00e1vel para o plantio.<\/p>\n<p>Ao <strong>acidade on<\/strong>, ela contou que a ideia surgiu ap\u00f3s viver por tr\u00eas anos em S\u00e3o Carlos, onde o <strong>clima mais ameno<\/strong> e <strong>experi\u00eancias locais <\/strong>despertaram o interesse do casal pelo cultivo. Na \u00e9poca, ele trabalhava como funcion\u00e1rio p\u00fablico e ela era propriet\u00e1ria de uma loja de roupas.<\/p>\n<figure class=\"wp-block-pullquote\">\n<blockquote>\n<p>A gente plantou e foi bem nos primeiros meses. Depois, perdemos tudo porque n\u00e3o t\u00ednhamos experi\u00eancia nenhuma. Com o tempo, fomos nos reinventando, lutando, pesquisando, pedindo ajuda de um, de outro, de um agr\u00f4nomo, e fomos indo<\/p>\n<p><cite>Linda Galbiati de Souza<\/cite><\/p><\/blockquote>\n<\/figure>\n<p>Ap\u00f3s o susto e a perda total da produ\u00e7\u00e3o, <strong>Linda <\/strong>conta que o casal fez ajustes importantes na horta. Eles passaram a usar <strong>armadilhas adesivas<\/strong>, <strong>aplicaram \u00f3leo de nim para controlar pragas<\/strong> e <strong>inseriram esp\u00e9cies de vespas como forma de manejo natural da planta\u00e7\u00e3o<\/strong>.<\/p>\n<figure class=\"wp-block-gallery has-nested-images columns-default is-cropped wp-block-gallery-1 is-layout-flex wp-block-gallery-is-layout-flex\">\n<figure class=\"wp-block-image size-large\"><img data-recalc-dims=\"1\" fetchpriority=\"high\" decoding=\"async\" width=\"1024\" height=\"576\" data-id=\"134119\" src=\"https:\/\/i0.wp.com\/cdn.media-acidadeon.com.br\/ribeiraopreto\/wp-content\/uploads\/sites\/3\/2025\/10\/terror-5_2025-10-30_18-26-16-1024x576.webp?resize=1024%2C576&#038;ssl=1\" alt=\"Horta hidrop\u00f4nica fica na zona Sul de Ribeir\u00e3o Preto - Foto: V\u00edtor Neves\/ acidade on.\" class=\"wp-image-134119\" title=\"A rotina e os desafios de um pequeno produtor rural em Ribeir\u00e3o Preto: do cultivo \u00e0 comercializa\u00e7\u00e3o 1\" srcset=\"https:\/\/cdn.media-acidadeon.com.br\/ribeiraopreto\/wp-content\/uploads\/sites\/3\/2025\/10\/terror-5_2025-10-30_18-26-16-1024x576.webp 1024w, https:\/\/cdn.media-acidadeon.com.br\/ribeiraopreto\/wp-content\/uploads\/sites\/3\/2025\/10\/terror-5_2025-10-30_18-26-16-300x169.webp 300w, https:\/\/cdn.media-acidadeon.com.br\/ribeiraopreto\/wp-content\/uploads\/sites\/3\/2025\/10\/terror-5_2025-10-30_18-26-16-768x432.webp 768w, https:\/\/cdn.media-acidadeon.com.br\/ribeiraopreto\/wp-content\/uploads\/sites\/3\/2025\/10\/terror-5_2025-10-30_18-26-16-696x392.webp 696w, https:\/\/cdn.media-acidadeon.com.br\/ribeiraopreto\/wp-content\/uploads\/sites\/3\/2025\/10\/terror-5_2025-10-30_18-26-16-1068x601.webp 1068w, https:\/\/cdn.media-acidadeon.com.br\/ribeiraopreto\/wp-content\/uploads\/sites\/3\/2025\/10\/terror-5_2025-10-30_18-26-16.webp 1200w\" sizes=\"(max-width: 1024px) 100vw, 1024px\"\/><figcaption class=\"wp-element-caption\">Horta hidrop\u00f4nica fica na zona Leste de Ribeir\u00e3o Preto \u2013 Foto: V\u00edtor Neves\/ acidade on.<\/figcaption><\/figure>\n<figure class=\"wp-block-image size-large\"><img data-recalc-dims=\"1\" loading=\"lazy\" decoding=\"async\" width=\"1024\" height=\"576\" data-id=\"134120\" src=\"https:\/\/i0.wp.com\/cdn.media-acidadeon.com.br\/ribeiraopreto\/wp-content\/uploads\/sites\/3\/2025\/10\/terror-4_2025-10-30_18-26-19-1024x576.webp?resize=1024%2C576&#038;ssl=1\" alt=\"Horta hidrop\u00f4nica fica na zona Sul de Ribeir\u00e3o Preto - Foto: V\u00edtor Neves\/ acidade on.\" class=\"wp-image-134120\" title=\"A rotina e os desafios de um pequeno produtor rural em Ribeir\u00e3o Preto: do cultivo \u00e0 comercializa\u00e7\u00e3o 2\" srcset=\"https:\/\/cdn.media-acidadeon.com.br\/ribeiraopreto\/wp-content\/uploads\/sites\/3\/2025\/10\/terror-4_2025-10-30_18-26-19-1024x576.webp 1024w, https:\/\/cdn.media-acidadeon.com.br\/ribeiraopreto\/wp-content\/uploads\/sites\/3\/2025\/10\/terror-4_2025-10-30_18-26-19-300x169.webp 300w, https:\/\/cdn.media-acidadeon.com.br\/ribeiraopreto\/wp-content\/uploads\/sites\/3\/2025\/10\/terror-4_2025-10-30_18-26-19-768x432.webp 768w, https:\/\/cdn.media-acidadeon.com.br\/ribeiraopreto\/wp-content\/uploads\/sites\/3\/2025\/10\/terror-4_2025-10-30_18-26-19-696x392.webp 696w, https:\/\/cdn.media-acidadeon.com.br\/ribeiraopreto\/wp-content\/uploads\/sites\/3\/2025\/10\/terror-4_2025-10-30_18-26-19-1068x601.webp 1068w, https:\/\/cdn.media-acidadeon.com.br\/ribeiraopreto\/wp-content\/uploads\/sites\/3\/2025\/10\/terror-4_2025-10-30_18-26-19.webp 1200w\" sizes=\"auto, (max-width: 1024px) 100vw, 1024px\"\/><figcaption class=\"wp-element-caption\">Horta hidrop\u00f4nica fica na zona Leste de Ribeir\u00e3o Preto \u2013 Foto: V\u00edtor Neves\/ acidade on.<\/figcaption><\/figure>\n<figure class=\"wp-block-image size-large\"><img data-recalc-dims=\"1\" loading=\"lazy\" decoding=\"async\" width=\"1024\" height=\"576\" data-id=\"134121\" src=\"https:\/\/i0.wp.com\/cdn.media-acidadeon.com.br\/ribeiraopreto\/wp-content\/uploads\/sites\/3\/2025\/10\/terror-2_2025-10-30_18-26-23-1024x576.webp?resize=1024%2C576&#038;ssl=1\" alt=\"Horta hidrop\u00f4nica fica na zona Sul de Ribeir\u00e3o Preto - Foto: V\u00edtor Neves\/ acidade on.\" class=\"wp-image-134121\" title=\"A rotina e os desafios de um pequeno produtor rural em Ribeir\u00e3o Preto: do cultivo \u00e0 comercializa\u00e7\u00e3o 3\" srcset=\"https:\/\/cdn.media-acidadeon.com.br\/ribeiraopreto\/wp-content\/uploads\/sites\/3\/2025\/10\/terror-2_2025-10-30_18-26-23-1024x576.webp 1024w, https:\/\/cdn.media-acidadeon.com.br\/ribeiraopreto\/wp-content\/uploads\/sites\/3\/2025\/10\/terror-2_2025-10-30_18-26-23-300x169.webp 300w, https:\/\/cdn.media-acidadeon.com.br\/ribeiraopreto\/wp-content\/uploads\/sites\/3\/2025\/10\/terror-2_2025-10-30_18-26-23-768x432.webp 768w, https:\/\/cdn.media-acidadeon.com.br\/ribeiraopreto\/wp-content\/uploads\/sites\/3\/2025\/10\/terror-2_2025-10-30_18-26-23-696x392.webp 696w, https:\/\/cdn.media-acidadeon.com.br\/ribeiraopreto\/wp-content\/uploads\/sites\/3\/2025\/10\/terror-2_2025-10-30_18-26-23-1068x601.webp 1068w, https:\/\/cdn.media-acidadeon.com.br\/ribeiraopreto\/wp-content\/uploads\/sites\/3\/2025\/10\/terror-2_2025-10-30_18-26-23.webp 1200w\" sizes=\"auto, (max-width: 1024px) 100vw, 1024px\"\/><figcaption class=\"wp-element-caption\">Horta hidrop\u00f4nica fica na zona Leste de Ribeir\u00e3o Preto \u2013 Foto: V\u00edtor Neves\/ acidade on.<\/figcaption><\/figure>\n<figure class=\"wp-block-image size-large\"><img data-recalc-dims=\"1\" loading=\"lazy\" decoding=\"async\" width=\"1024\" height=\"576\" data-id=\"134122\" src=\"https:\/\/i0.wp.com\/cdn.media-acidadeon.com.br\/ribeiraopreto\/wp-content\/uploads\/sites\/3\/2025\/10\/terror-1_2025-10-30_18-26-25-1024x576.webp?resize=1024%2C576&#038;ssl=1\" alt=\"Horta hidrop\u00f4nica fica na zona Sul de Ribeir\u00e3o Preto - Foto: V\u00edtor Neves\/ acidade on.\" class=\"wp-image-134122\" title=\"A rotina e os desafios de um pequeno produtor rural em Ribeir\u00e3o Preto: do cultivo \u00e0 comercializa\u00e7\u00e3o 4\" srcset=\"https:\/\/cdn.media-acidadeon.com.br\/ribeiraopreto\/wp-content\/uploads\/sites\/3\/2025\/10\/terror-1_2025-10-30_18-26-25-1024x576.webp 1024w, https:\/\/cdn.media-acidadeon.com.br\/ribeiraopreto\/wp-content\/uploads\/sites\/3\/2025\/10\/terror-1_2025-10-30_18-26-25-300x169.webp 300w, https:\/\/cdn.media-acidadeon.com.br\/ribeiraopreto\/wp-content\/uploads\/sites\/3\/2025\/10\/terror-1_2025-10-30_18-26-25-768x432.webp 768w, https:\/\/cdn.media-acidadeon.com.br\/ribeiraopreto\/wp-content\/uploads\/sites\/3\/2025\/10\/terror-1_2025-10-30_18-26-25-696x392.webp 696w, https:\/\/cdn.media-acidadeon.com.br\/ribeiraopreto\/wp-content\/uploads\/sites\/3\/2025\/10\/terror-1_2025-10-30_18-26-25-1068x601.webp 1068w, https:\/\/cdn.media-acidadeon.com.br\/ribeiraopreto\/wp-content\/uploads\/sites\/3\/2025\/10\/terror-1_2025-10-30_18-26-25.webp 1200w\" sizes=\"auto, (max-width: 1024px) 100vw, 1024px\"\/><figcaption class=\"wp-element-caption\">Horta hidrop\u00f4nica fica na zona Leste de Ribeir\u00e3o Preto \u2013 Foto: V\u00edtor Neves\/ acidade on.<\/figcaption><\/figure>\n<\/figure>\n<p>Embora as mudan\u00e7as tenham ajudado, ela relata que ainda enfrentaram novas perdas, <strong>uma delas causada pelo forte calor de Ribeir\u00e3o Preto<\/strong>, <mark style=\"background-color:#fcb900\" class=\"has-inline-color\">que aquecia demais a \u00e1gua e, consequentemente, \u201ccozinhava\u201d as ra\u00edzes das hortali\u00e7as.<\/mark><\/p>\n<p>Vale destacar que a <strong>solu\u00e7\u00e3o nutritiva usada na hidroponia<\/strong> n\u00e3o \u00e9 composta apenas por \u00e1gua. Segundo a <strong><a href=\"https:\/\/www.embrapa.br\/\" target=\"_blank\" data-type=\"link\" data-id=\"https:\/\/www.embrapa.br\/\" rel=\"noreferrer noopener\">Empresa Brasileira de Pesquisa Agropecu\u00e1ria (Embrapa)<\/a><\/strong>, ela re\u00fane todos os elementos indispens\u00e1veis ao desenvolvimento das plantas, como nitrog\u00eanio, f\u00f3sforo, pot\u00e1ssio, c\u00e1lcio, magn\u00e9sio, enxofre, ferro, boro, mangan\u00eas, cobre, zinco e molibd\u00eanio.<\/p>\n<figure class=\"wp-block-pullquote\">\n<blockquote>\n<p>A gente foi se reinventando. A\u00ed depois veio um calor danado e perdemos tudo de novo. A \u00e1gua esquentava muito e acabava cozinhando a raiz. Mas estamos sempre nos levantando, sempre buscando alternativas, sempre seguindo em frente.\u201d<\/p>\n<p><cite>Linda Galbiati de Souza<\/cite><\/p><\/blockquote>\n<\/figure>\n<h3 class=\"wp-block-heading\"><strong>Conhecimento e consuma\u00e7\u00e3o<\/strong><\/h3>\n<p>Com o conhecimento adquirido na pr\u00e1tica e o apoio t\u00e9cnico eventual, a produtora explica que hoje o processo \u00e9 mais organizado. As <strong>mudas <\/strong>chegam semanalmente, <strong>passam pelo ber\u00e7\u00e1rio<\/strong> e depois seguem para os <strong>canteiros<\/strong>, que s\u00e3o higienizados ao final de cada ciclo.<\/p>\n<p>A colheita \u00e9 realizada constantemente, v\u00e1rias vezes ao dia, e a produ\u00e7\u00e3o <strong>atende exclusivamente os consumidores do Jardim Paulistano<\/strong>, por meio de retirada ou entrega. \u201cO que \u00e9 vendido aqui \u00e9 consumido tudo aqui\u201d, resume <strong>Linda<\/strong>.<\/p>\n<figure class=\"wp-block-video\"><video controls=\"\" src=\"https:\/\/www.acidadeon.com\/ribeiraopreto\/wp-content\/uploads\/sites\/3\/2025\/10\/WhatsApp-Video-2025-10-30-at-15.43.56-1.mp4\"\/><\/figure>\n<h2 class=\"wp-block-heading\"><strong>Do encantamento \u00e0s abelhas ao empreendedorismo<\/strong><\/h2>\n<p>As <strong>abelhas <\/strong>sem ferr\u00e3o desempenham <strong>papel essencial<\/strong> em um dos servi\u00e7os ecossist\u00eamicos mais importantes do planeta, a <strong>poliniza\u00e7\u00e3o<\/strong>. Elas t\u00eam ganhado cada vez mais destaque no Estado de S\u00e3o Paulo.<\/p>\n<p>Segundo o <strong>Governo Estadual<\/strong>, S\u00e3o Paulo possui <strong>mais de 55 mil colmeias<\/strong>, de 75 esp\u00e9cies diferentes, distribu\u00eddas em <strong>2.978 melipon\u00e1rios<\/strong> autorizados para o manejo desses insetos nativos.<\/p>\n<p><mark style=\"background-color:#fcb900\" class=\"has-inline-color\">S\u00f3 na <strong>regi\u00e3o de Ribeir\u00e3o Preto<\/strong>, existem cerca de <strong>265 melipon\u00e1rios<\/strong><\/mark>, entre eles o de <strong>Thiago Lira Buosi<\/strong>, produtor e fot\u00f3grafo que se aproximou do mundo do mel quase por acaso. Em entrevista ao <strong>acidade on<\/strong>, ele conta que desde crian\u00e7a participava de uma festa promovida pela Apis Flora, empresa pioneira no segmento de pr\u00f3polis, no bairro Dom Miele, zona Oeste de Ribeir\u00e3o Preto.<\/p>\n<p>O tempo passou e <strong>Thiago <\/strong>se tornou fot\u00f3grafo, mas, em 2015, ao se mudar para uma ch\u00e1cara e observar um enxame pousar em sua propriedade, <strong>voltou a se interessar pelo universo das abelhas<\/strong>. A partir disso, uma conhecida pediu sua ajuda para <strong>polinizar uma horta org\u00e2nica<\/strong>, e foi assim que ele come\u00e7ou a produzir e a capturar os enxames.<\/p>\n<p><em>\ud83d\udd0e Segundo explica\u00e7\u00e3o da <strong>Embrapa<\/strong>, a poliniza\u00e7\u00e3o \u00e9 a transfer\u00eancia de gr\u00e3os de p\u00f3len das anteras de uma flor para o estigma, que faz parte do aparelho reprodutor feminino, seja na mesma flor ou em outra da mesma esp\u00e9cie. \u201cAs anteras s\u00e3o os \u00f3rg\u00e3os masculinos da flor e o p\u00f3len \u00e9 a gameta masculino. Para que haja a forma\u00e7\u00e3o das sementes e frutos \u00e9 necess\u00e1rio que os gr\u00e3os de p\u00f3len fecundem os \u00f3vulos existentes no aparelho reprodutor feminino.\u201d<\/em><\/p>\n<figure class=\"wp-block-gallery has-nested-images columns-default is-cropped wp-block-gallery-2 is-layout-flex wp-block-gallery-is-layout-flex\">\n<figure class=\"wp-block-image size-large\"><img data-recalc-dims=\"1\" loading=\"lazy\" decoding=\"async\" width=\"1024\" height=\"576\" data-id=\"134127\" src=\"https:\/\/i0.wp.com\/cdn.media-acidadeon.com.br\/ribeiraopreto\/wp-content\/uploads\/sites\/3\/2025\/10\/terror-8_2025-10-30_18-33-54-1024x576.webp?resize=1024%2C576&#038;ssl=1\" alt=\"Abelhas sem ferr\u00e3o s\u00e3o essenciais ao ecossistema e geram benef\u00edcios ao produtor rural - Foto: reprodu\u00e7\u00e3o\/redes sociais\/ @criadordeabelhas.\" class=\"wp-image-134127\" title=\"A rotina e os desafios de um pequeno produtor rural em Ribeir\u00e3o Preto: do cultivo \u00e0 comercializa\u00e7\u00e3o 5\" srcset=\"https:\/\/cdn.media-acidadeon.com.br\/ribeiraopreto\/wp-content\/uploads\/sites\/3\/2025\/10\/terror-8_2025-10-30_18-33-54-1024x576.webp 1024w, https:\/\/cdn.media-acidadeon.com.br\/ribeiraopreto\/wp-content\/uploads\/sites\/3\/2025\/10\/terror-8_2025-10-30_18-33-54-300x169.webp 300w, https:\/\/cdn.media-acidadeon.com.br\/ribeiraopreto\/wp-content\/uploads\/sites\/3\/2025\/10\/terror-8_2025-10-30_18-33-54-768x432.webp 768w, https:\/\/cdn.media-acidadeon.com.br\/ribeiraopreto\/wp-content\/uploads\/sites\/3\/2025\/10\/terror-8_2025-10-30_18-33-54-696x392.webp 696w, https:\/\/cdn.media-acidadeon.com.br\/ribeiraopreto\/wp-content\/uploads\/sites\/3\/2025\/10\/terror-8_2025-10-30_18-33-54-1068x601.webp 1068w, https:\/\/cdn.media-acidadeon.com.br\/ribeiraopreto\/wp-content\/uploads\/sites\/3\/2025\/10\/terror-8_2025-10-30_18-33-54.webp 1200w\" sizes=\"auto, (max-width: 1024px) 100vw, 1024px\"\/><figcaption class=\"wp-element-caption\">Abelhas sem ferr\u00e3o s\u00e3o essenciais ao ecossistema e geram benef\u00edcios ao produtor rural \u2013 Foto: reprodu\u00e7\u00e3o\/redes sociais\/ @criadordeabelhas.<\/figcaption><\/figure>\n<figure class=\"wp-block-image size-large\"><img data-recalc-dims=\"1\" loading=\"lazy\" decoding=\"async\" width=\"1024\" height=\"576\" data-id=\"134128\" src=\"https:\/\/i0.wp.com\/cdn.media-acidadeon.com.br\/ribeiraopreto\/wp-content\/uploads\/sites\/3\/2025\/10\/terror-7_2025-10-30_18-33-56-1024x576.webp?resize=1024%2C576&#038;ssl=1\" alt=\"Abelhas sem ferr\u00e3o s\u00e3o essenciais ao ecossistema e geram benef\u00edcios ao produtor rural - Foto: reprodu\u00e7\u00e3o\/redes sociais\/ @criadordeabelhas.\" class=\"wp-image-134128\" title=\"A rotina e os desafios de um pequeno produtor rural em Ribeir\u00e3o Preto: do cultivo \u00e0 comercializa\u00e7\u00e3o 6\" srcset=\"https:\/\/cdn.media-acidadeon.com.br\/ribeiraopreto\/wp-content\/uploads\/sites\/3\/2025\/10\/terror-7_2025-10-30_18-33-56-1024x576.webp 1024w, https:\/\/cdn.media-acidadeon.com.br\/ribeiraopreto\/wp-content\/uploads\/sites\/3\/2025\/10\/terror-7_2025-10-30_18-33-56-300x169.webp 300w, https:\/\/cdn.media-acidadeon.com.br\/ribeiraopreto\/wp-content\/uploads\/sites\/3\/2025\/10\/terror-7_2025-10-30_18-33-56-768x432.webp 768w, https:\/\/cdn.media-acidadeon.com.br\/ribeiraopreto\/wp-content\/uploads\/sites\/3\/2025\/10\/terror-7_2025-10-30_18-33-56-696x392.webp 696w, https:\/\/cdn.media-acidadeon.com.br\/ribeiraopreto\/wp-content\/uploads\/sites\/3\/2025\/10\/terror-7_2025-10-30_18-33-56-1068x601.webp 1068w, https:\/\/cdn.media-acidadeon.com.br\/ribeiraopreto\/wp-content\/uploads\/sites\/3\/2025\/10\/terror-7_2025-10-30_18-33-56.webp 1200w\" sizes=\"auto, (max-width: 1024px) 100vw, 1024px\"\/><figcaption class=\"wp-element-caption\">Abelhas sem ferr\u00e3o s\u00e3o essenciais ao ecossistema e geram benef\u00edcios ao produtor rural \u2013 Foto: reprodu\u00e7\u00e3o\/redes sociais\/ @criadordeabelhas.<\/figcaption><\/figure>\n<figure class=\"wp-block-image size-large\"><img data-recalc-dims=\"1\" loading=\"lazy\" decoding=\"async\" width=\"1024\" height=\"576\" data-id=\"134129\" src=\"https:\/\/i0.wp.com\/cdn.media-acidadeon.com.br\/ribeiraopreto\/wp-content\/uploads\/sites\/3\/2025\/10\/terror-6_2025-10-30_18-34-00-1024x576.webp?resize=1024%2C576&#038;ssl=1\" alt=\"Abelhas sem ferr\u00e3o s\u00e3o essenciais ao ecossistema e geram benef\u00edcios ao produtor rural - Foto: reprodu\u00e7\u00e3o\/redes sociais\/ @criadordeabelhas.\" class=\"wp-image-134129\" title=\"A rotina e os desafios de um pequeno produtor rural em Ribeir\u00e3o Preto: do cultivo \u00e0 comercializa\u00e7\u00e3o 7\" srcset=\"https:\/\/cdn.media-acidadeon.com.br\/ribeiraopreto\/wp-content\/uploads\/sites\/3\/2025\/10\/terror-6_2025-10-30_18-34-00-1024x576.webp 1024w, https:\/\/cdn.media-acidadeon.com.br\/ribeiraopreto\/wp-content\/uploads\/sites\/3\/2025\/10\/terror-6_2025-10-30_18-34-00-300x169.webp 300w, https:\/\/cdn.media-acidadeon.com.br\/ribeiraopreto\/wp-content\/uploads\/sites\/3\/2025\/10\/terror-6_2025-10-30_18-34-00-768x432.webp 768w, https:\/\/cdn.media-acidadeon.com.br\/ribeiraopreto\/wp-content\/uploads\/sites\/3\/2025\/10\/terror-6_2025-10-30_18-34-00-696x392.webp 696w, https:\/\/cdn.media-acidadeon.com.br\/ribeiraopreto\/wp-content\/uploads\/sites\/3\/2025\/10\/terror-6_2025-10-30_18-34-00-1068x601.webp 1068w, https:\/\/cdn.media-acidadeon.com.br\/ribeiraopreto\/wp-content\/uploads\/sites\/3\/2025\/10\/terror-6_2025-10-30_18-34-00.webp 1200w\" sizes=\"auto, (max-width: 1024px) 100vw, 1024px\"\/><figcaption class=\"wp-element-caption\">Abelhas sem ferr\u00e3o s\u00e3o essenciais ao ecossistema e geram benef\u00edcios ao produtor rural \u2013 Foto: reprodu\u00e7\u00e3o\/redes sociais\/ @criadordeabelhas.<\/figcaption><\/figure>\n<figure class=\"wp-block-image size-large\"><img data-recalc-dims=\"1\" loading=\"lazy\" decoding=\"async\" width=\"1024\" height=\"576\" data-id=\"134130\" src=\"https:\/\/i0.wp.com\/cdn.media-acidadeon.com.br\/ribeiraopreto\/wp-content\/uploads\/sites\/3\/2025\/10\/terror-10_2025-10-30_18-36-05-1024x576.webp?resize=1024%2C576&#038;ssl=1\" alt=\"Abelhas sem ferr\u00e3o s\u00e3o essenciais ao ecossistema e geram benef\u00edcios ao produtor rural - Foto: reprodu\u00e7\u00e3o\/redes sociais\/ @criadordeabelhas.\" class=\"wp-image-134130\" title=\"A rotina e os desafios de um pequeno produtor rural em Ribeir\u00e3o Preto: do cultivo \u00e0 comercializa\u00e7\u00e3o 8\" srcset=\"https:\/\/cdn.media-acidadeon.com.br\/ribeiraopreto\/wp-content\/uploads\/sites\/3\/2025\/10\/terror-10_2025-10-30_18-36-05-1024x576.webp 1024w, https:\/\/cdn.media-acidadeon.com.br\/ribeiraopreto\/wp-content\/uploads\/sites\/3\/2025\/10\/terror-10_2025-10-30_18-36-05-300x169.webp 300w, https:\/\/cdn.media-acidadeon.com.br\/ribeiraopreto\/wp-content\/uploads\/sites\/3\/2025\/10\/terror-10_2025-10-30_18-36-05-768x432.webp 768w, https:\/\/cdn.media-acidadeon.com.br\/ribeiraopreto\/wp-content\/uploads\/sites\/3\/2025\/10\/terror-10_2025-10-30_18-36-05-696x392.webp 696w, https:\/\/cdn.media-acidadeon.com.br\/ribeiraopreto\/wp-content\/uploads\/sites\/3\/2025\/10\/terror-10_2025-10-30_18-36-05-1068x601.webp 1068w, https:\/\/cdn.media-acidadeon.com.br\/ribeiraopreto\/wp-content\/uploads\/sites\/3\/2025\/10\/terror-10_2025-10-30_18-36-05.webp 1200w\" sizes=\"auto, (max-width: 1024px) 100vw, 1024px\"\/><figcaption class=\"wp-element-caption\">Abelhas sem ferr\u00e3o s\u00e3o essenciais ao ecossistema e geram benef\u00edcios ao produtor rural \u2013 Foto: reprodu\u00e7\u00e3o\/redes sociais\/ @criadordeabelhas.<\/figcaption><\/figure>\n<figure class=\"wp-block-image size-large\"><img data-recalc-dims=\"1\" loading=\"lazy\" decoding=\"async\" width=\"1024\" height=\"576\" data-id=\"134131\" src=\"https:\/\/i0.wp.com\/cdn.media-acidadeon.com.br\/ribeiraopreto\/wp-content\/uploads\/sites\/3\/2025\/10\/terror-9_2025-10-30_18-36-08-1024x576.webp?resize=1024%2C576&#038;ssl=1\" alt=\"Abelhas sem ferr\u00e3o s\u00e3o essenciais ao ecossistema e geram benef\u00edcios ao produtor rural - Foto: reprodu\u00e7\u00e3o\/redes sociais\/ @criadordeabelhas.\" class=\"wp-image-134131\" title=\"A rotina e os desafios de um pequeno produtor rural em Ribeir\u00e3o Preto: do cultivo \u00e0 comercializa\u00e7\u00e3o 9\" srcset=\"https:\/\/cdn.media-acidadeon.com.br\/ribeiraopreto\/wp-content\/uploads\/sites\/3\/2025\/10\/terror-9_2025-10-30_18-36-08-1024x576.webp 1024w, https:\/\/cdn.media-acidadeon.com.br\/ribeiraopreto\/wp-content\/uploads\/sites\/3\/2025\/10\/terror-9_2025-10-30_18-36-08-300x169.webp 300w, https:\/\/cdn.media-acidadeon.com.br\/ribeiraopreto\/wp-content\/uploads\/sites\/3\/2025\/10\/terror-9_2025-10-30_18-36-08-768x432.webp 768w, https:\/\/cdn.media-acidadeon.com.br\/ribeiraopreto\/wp-content\/uploads\/sites\/3\/2025\/10\/terror-9_2025-10-30_18-36-08-696x392.webp 696w, https:\/\/cdn.media-acidadeon.com.br\/ribeiraopreto\/wp-content\/uploads\/sites\/3\/2025\/10\/terror-9_2025-10-30_18-36-08-1068x601.webp 1068w, https:\/\/cdn.media-acidadeon.com.br\/ribeiraopreto\/wp-content\/uploads\/sites\/3\/2025\/10\/terror-9_2025-10-30_18-36-08.webp 1200w\" sizes=\"auto, (max-width: 1024px) 100vw, 1024px\"\/><figcaption class=\"wp-element-caption\">Abelhas sem ferr\u00e3o s\u00e3o essenciais ao ecossistema e geram benef\u00edcios ao produtor rural \u2013 Foto: reprodu\u00e7\u00e3o\/redes sociais\/ @criadordeabelhas.<\/figcaption><\/figure>\n<\/figure>\n<h3 class=\"wp-block-heading\"><strong>Processo de produ\u00e7\u00e3o e venda dos produtos<\/strong><\/h3>\n<p><strong>Thiago <\/strong>conta que produz cerca de <strong>500 quilos de mel <\/strong>de forma anual e para isso, \u201cexistem alguns manejos que a gente faz l\u00e1 na fazenda para atingir certo n\u00famero de cada produto\u201d.<\/p>\n<p>Entre os <strong>manejos<\/strong> realizados est\u00e1 \u00e0 oferta de um ambiente adequado para as <strong>abelhas<\/strong>, como o pasto ap\u00edcola, uma vegeta\u00e7\u00e3o apropriada que serve de <strong>alimento para as abelhas fornecerem n\u00e9ctar e p\u00f3len<\/strong>.<\/p>\n<p>J\u00e1 em per\u00edodos de escassez, como no inverno, quando a quantidade de flores e \u00e1gua s\u00e3o menores, esse suporte \u00e9 oferecido diretamente no campo. \u201cEsses s\u00e3o alguns dos manejos que a gente faz para garantir a produ\u00e7\u00e3o. A abelha vai produzir naturalmente, mas podemos coloc\u00e1-la em um ambiente adequado para que produza mais\u201d, diz <strong>Buosi<\/strong>.<\/p>\n<p>A partir dessa produ\u00e7\u00e3o, nasceu a marca pr\u00f3pria, utilizada para comercializar <strong>mel<\/strong>, <strong>pr\u00f3polis<\/strong>, <strong>p\u00f3len<\/strong>, <strong>geleia real<\/strong>, <strong>favos<\/strong>, <strong>velas<\/strong>, <strong>cera <\/strong>e <strong>hidromel<\/strong>. Ele conta que a venda hoje acontece principalmente online e em algumas <strong>feiras<\/strong>, ambiente que, segundo ele, tem papel fundamental no fortalecimento do <strong>pequeno produtor<\/strong>.<\/p>\n<figure class=\"wp-block-pullquote\">\n<blockquote>\n<p>Essas feiras s\u00e3o oportunidades de alavancar o pequeno produtor, que tem o produto, mas n\u00e3o possui canais para escoar essa produ\u00e7\u00e3o [\u2026] As feiras acabam sendo algo mais intimista, direto do produtor, porque o mel, por exemplo, \u00e9 um produto muito falsificado e adulterado. Ent\u00e3o, o contato do consumidor diretamente com o criador de abelhas elimina essas barreiras, e a pessoa tem certeza de que est\u00e1 comprando um produto original, verdadeiro e de qualidade<\/p>\n<p><cite>Thiago Lira Buosi<\/cite><\/p><\/blockquote>\n<\/figure>\n<figure class=\"wp-block-video\"><video controls=\"\" src=\"https:\/\/www.acidadeon.com\/ribeiraopreto\/wp-content\/uploads\/sites\/3\/2025\/10\/WhatsApp-Video-2025-10-30-at-15.45.42.mp4\"\/><\/figure>\n<p>Al\u00e9m do sustento complementar, <strong>Thiago <\/strong>destaca o impacto familiar e ambiental do seu trabalho com as <strong>abelhas<\/strong>. \u201cPara a minha fam\u00edlia, elas [as abelhas] s\u00e3o uma fonte de renda, sustentabilidade e ensinamento. Minha filha, por exemplo, j\u00e1 consegue diferenciar os tipos de abelha. Ela \u00e9 mais conectada com os animais, com o meio natural, e leva isso, por exemplo, para a alimenta\u00e7\u00e3o saud\u00e1vel no dia a dia dela e para a conviv\u00eancia com os amiguinhos da escola\u201d.<\/p>\n<figure class=\"wp-block-pullquote\">\n<blockquote>\n<p>Eu j\u00e1 fui convidado para fazer palestras sobre as abelhas e sobre o quanto elas influenciam no meio ambiente. Isso, para mim, \u00e9 muito importante, porque \u00e9 o ambiente no qual a minha filha estar\u00e1 inserida. Se esse ambiente esteja saud\u00e1vel ou n\u00e3o vai depender da gente, com nossa expertise passar isso para outras pessoas<\/p>\n<p><cite>Thiago Lira Buosi<\/cite><\/p><\/blockquote>\n<\/figure>\n<p>As hist\u00f3rias de <strong>Linda <\/strong>e <strong>Thiago <\/strong>mostram realidades diferentes, mas complementares. Cada um, \u00e0 sua maneira, constr\u00f3i uma <strong>agricultura em escala humana<\/strong>, feita de tentativas, aprendizados e v\u00ednculos com a comunidade.<\/p>\n<hr class=\"wp-block-separator has-alpha-channel-opacity\"\/>\n<p>SAIBA MAIS<\/p>\n<p>Entre ta\u00e7as e destinos: evento em Ribeir\u00e3o Preto discute o futuro do turismo e da vitivinicultura na regi\u00e3o<\/p>\n<h2 class=\"wp-block-heading\"><strong>FIQUE ON<\/strong><\/h2>\n<p>Fique ligado em tudo que acontece em Ribeir\u00e3o Preto e regi\u00e3o. Siga os perfis do\u00a0<strong>acidade on\u00a0<\/strong>no<a href=\"https:\/\/www.instagram.com\/acidadeonribeirao\" target=\"_blank\" rel=\"noreferrer noopener\">\u00a0Instagram<\/a>\u00a0e no\u00a0<a href=\"https:\/\/www.facebook.com\/acidadeonribeirao\/\" target=\"_blank\" rel=\"noreferrer noopener\">Facebook<\/a>.<\/p>\n<p>Receba not\u00edcias do\u00a0<strong>acidade on<\/strong>\u00a0no WhatsApp. Para entrar no grupo,\u00a0basta\u00a0<a href=\"https:\/\/chat.whatsapp.com\/I4nieTEMKlf50pJ28aMemC?mode=ac_t\" target=\"_blank\" rel=\"noreferrer noopener\">clicar aqui<\/a>. Ou, acesse o nosso\u00a0Canal\u00a0<a href=\"https:\/\/whatsapp.com\/channel\/0029Vb6IQl1JENyAeS57fk2p\" target=\"_blank\" rel=\"noreferrer noopener\">clicando aqui<\/a>.<\/p>\n<p>Fa\u00e7a uma den\u00fancia ou sugira uma reportagem sobre Ribeir\u00e3o Preto e regi\u00e3o pelo WhatsApp: 16 99117 7802.<\/p>\n<p>VEJA TAMB\u00c9M<\/p>\n<p>A fruta que s\u00f3 o Brasil tem: descubra os segredos da jabuticaba<\/p>\n<p><!-- AI CONTENT END 1 -->\n<\/div>\n<p><script async src=\"\/\/www.instagram.com\/embed.js\"><\/script><br \/>\n<br \/><br \/>\n<br \/><a href=\"https:\/\/www.acidadeon.com\/ribeiraopreto\/cotidiano\/a-rotina-e-os-desafios-de-um-pequeno-produtor-rural-em-ribeirao-preto-do-cultivo-a-comercializacao\/\">Source link <\/a><\/p>\n<!-- CONTENT END 1 -->\n","protected":false},"excerpt":{"rendered":"<p>A rotina de um pequeno produtor \u00e9 marcada por persist\u00eancia, adapta\u00e7\u00e3o e, acima de tudo, paix\u00e3o pela produ\u00e7\u00e3o de alimentos. Em Ribeir\u00e3o Preto e regi\u00e3o,&#8230;<\/p>\n","protected":false},"author":1,"featured_media":79397,"comment_status":"open","ping_status":"open","sticky":false,"template":"","format":"standard","meta":{"advanced_seo_description":"","jetpack_seo_html_title":"","jetpack_seo_noindex":false,"jetpack_post_was_ever_published":false,"_jetpack_newsletter_access":"","_jetpack_dont_email_post_to_subs":false,"_jetpack_newsletter_tier_id":0,"_jetpack_memberships_contains_paywalled_content":false,"_jetpack_memberships_contains_paid_content":false,"footnotes":"","jetpack_publicize_message":"","jetpack_publicize_feature_enabled":true,"jetpack_social_post_already_shared":true,"jetpack_social_options":{"image_generator_settings":{"template":"highway","default_image_id":0,"font":"","enabled":false},"version":2}},"categories":[11],"tags":[],"class_list":["post-79396","post","type-post","status-publish","format-standard","has-post-thumbnail","hentry","category-noticias-de-ribeirao-preto-sp-e-regiao-ismael-colosi"],"jetpack_publicize_connections":[],"jetpack_featured_media_url":"https:\/\/i0.wp.com\/noticiasribeiraopreto.com.br\/wp-content\/uploads\/2025\/10\/Copia-de-Copia-de-Copia-de-TAMANHO-EXATO-PARA-FOTOS-NO-SISTEMA-NOVO-2025-10-30T152820.995_2025-10-30_18-28-26.webp.webp?fit=1200%2C675&ssl=1","jetpack-related-posts":[{"id":74571,"url":"https:\/\/noticiasribeiraopreto.com.br\/index.php\/2025\/07\/24\/ribeirao-preto-recebe-feirinha-do-produtor-edicao-especial-dia-dos-pais\/","url_meta":{"origin":79396,"position":0},"title":"Ribeir\u00e3o Preto recebe Feirinha do Produtor edi\u00e7\u00e3o especial Dia dos Pais","author":"noticiasribeiraopreto.com.br","date":"24 de July de 2025","format":false,"excerpt":"A Feirinha do Produtor da Galeria Renato Aguiar, na zona Sul de Ribeir\u00e3o Preto, chega \u00e0 sua 9\u00aa edi\u00e7\u00e3o em agosto em comemora\u00e7\u00e3o ao Dia dos Pais. O evento tem entrada gratuita e funcionar\u00e1 das 16h \u00e0s 20h, na sexta-feira (8), e, das 9h \u00e0s 13h, no s\u00e1bado (9). A\u2026","rel":"","context":"In &quot;Not\u00edcias de Ribeir\u00e3o Preto-SP e Regi\u00e3o&quot;","block_context":{"text":"Not\u00edcias de Ribeir\u00e3o Preto-SP e Regi\u00e3o","link":"https:\/\/noticiasribeiraopreto.com.br\/index.php\/category\/noticias-de-ribeirao-preto-sp-e-regiao-ismael-colosi\/"},"img":{"alt_text":"","src":"https:\/\/i0.wp.com\/noticiasribeiraopreto.com.br\/wp-content\/uploads\/2025\/07\/feirinha-do-produtor_2025-07-24_19-46-16.webp.webp?fit=1078%2C792&ssl=1&resize=350%2C200","width":350,"height":200,"srcset":"https:\/\/i0.wp.com\/noticiasribeiraopreto.com.br\/wp-content\/uploads\/2025\/07\/feirinha-do-produtor_2025-07-24_19-46-16.webp.webp?fit=1078%2C792&ssl=1&resize=350%2C200 1x, https:\/\/i0.wp.com\/noticiasribeiraopreto.com.br\/wp-content\/uploads\/2025\/07\/feirinha-do-produtor_2025-07-24_19-46-16.webp.webp?fit=1078%2C792&ssl=1&resize=525%2C300 1.5x, https:\/\/i0.wp.com\/noticiasribeiraopreto.com.br\/wp-content\/uploads\/2025\/07\/feirinha-do-produtor_2025-07-24_19-46-16.webp.webp?fit=1078%2C792&ssl=1&resize=700%2C400 2x, https:\/\/i0.wp.com\/noticiasribeiraopreto.com.br\/wp-content\/uploads\/2025\/07\/feirinha-do-produtor_2025-07-24_19-46-16.webp.webp?fit=1078%2C792&ssl=1&resize=1050%2C600 3x"},"classes":[]},{"id":3152,"url":"https:\/\/noticiasribeiraopreto.com.br\/index.php\/2022\/04\/26\/pela-primeira-vez-agrishow-tem-espaco-exclusivo-para-pequenos-produtores-rurais\/","url_meta":{"origin":79396,"position":1},"title":"Pela primeira vez, Agrishow tem espa\u00e7o exclusivo para pequenos produtores rurais","author":"noticiasribeiraopreto.com.br","date":"26 de April de 2022","format":false,"excerpt":"Pela primeira vez, a Agrishow reservou espa\u00e7o exclusivo para os pequenos produtores rurais. Cerca de 80 expositores do estado de S\u00e3o Paulo v\u00e3o apresentar aos visitantes da feira seus produtos artesanais, como queijos, vinhos e doces.Francisco Maturro, presidente da Agrishow, ressaltou a import\u00e2ncia do espa\u00e7o para a comercializa\u00e7\u00e3o dos alimentos:\u2026","rel":"","context":"In &quot;Not\u00edcias de Ribeir\u00e3o Preto-SP e Regi\u00e3o&quot;","block_context":{"text":"Not\u00edcias de Ribeir\u00e3o Preto-SP e Regi\u00e3o","link":"https:\/\/noticiasribeiraopreto.com.br\/index.php\/category\/noticias-de-ribeirao-preto-sp-e-regiao-ismael-colosi\/"},"img":{"alt_text":"","src":"https:\/\/i0.wp.com\/noticiasribeiraopreto.com.br\/wp-content\/uploads\/2023\/11\/ED_360_240422_IL_AGRISHOW_frame_1730.jpeg?fit=1200%2C675&ssl=1&resize=350%2C200","width":350,"height":200,"srcset":"https:\/\/i0.wp.com\/noticiasribeiraopreto.com.br\/wp-content\/uploads\/2023\/11\/ED_360_240422_IL_AGRISHOW_frame_1730.jpeg?fit=1200%2C675&ssl=1&resize=350%2C200 1x, https:\/\/i0.wp.com\/noticiasribeiraopreto.com.br\/wp-content\/uploads\/2023\/11\/ED_360_240422_IL_AGRISHOW_frame_1730.jpeg?fit=1200%2C675&ssl=1&resize=525%2C300 1.5x, https:\/\/i0.wp.com\/noticiasribeiraopreto.com.br\/wp-content\/uploads\/2023\/11\/ED_360_240422_IL_AGRISHOW_frame_1730.jpeg?fit=1200%2C675&ssl=1&resize=700%2C400 2x, https:\/\/i0.wp.com\/noticiasribeiraopreto.com.br\/wp-content\/uploads\/2023\/11\/ED_360_240422_IL_AGRISHOW_frame_1730.jpeg?fit=1200%2C675&ssl=1&resize=1050%2C600 3x"},"classes":[]},{"id":5103,"url":"https:\/\/noticiasribeiraopreto.com.br\/index.php\/2023\/11\/22\/produtor-rural-e-ameacado-de-morte-ao-dar-entrevista-sobre-roubos-na-regiao-de-ribeirao\/","url_meta":{"origin":79396,"position":2},"title":"Produtor rural \u00e9 amea\u00e7ado de morte ao dar entrevista sobre roubos na regi\u00e3o de Ribeir\u00e3o","author":"noticiasribeiraopreto.com.br","date":"22 de November de 2023","format":false,"excerpt":"Um produtor rural de Taquaritinga, cidade na regi\u00e3o de Ribeir\u00e3o Preto, foi amea\u00e7ado de morte por bandidos, nesta quarta-feira (22), enquanto era entrevistado pela EPTV. O homem teve seu s\u00edtio roubado por pelo menos seis homens armados. O caso aconteceu na \u00faltima segunda-feira (20). De acordo com Jos\u00e9 Bov\u00e9rio e\u2026","rel":"","context":"In &quot;Not\u00edcias de Ribeir\u00e3o Preto-SP e Regi\u00e3o&quot;","block_context":{"text":"Not\u00edcias de Ribeir\u00e3o Preto-SP e Regi\u00e3o","link":"https:\/\/noticiasribeiraopreto.com.br\/index.php\/category\/noticias-de-ribeirao-preto-sp-e-regiao-ismael-colosi\/"},"img":{"alt_text":"","src":"https:\/\/i0.wp.com\/noticiasribeiraopreto.com.br\/wp-content\/uploads\/2023\/11\/sirene_giroflex_1024x576_11032021085239.jpg?fit=1024%2C576&ssl=1&resize=350%2C200","width":350,"height":200,"srcset":"https:\/\/i0.wp.com\/noticiasribeiraopreto.com.br\/wp-content\/uploads\/2023\/11\/sirene_giroflex_1024x576_11032021085239.jpg?fit=1024%2C576&ssl=1&resize=350%2C200 1x, https:\/\/i0.wp.com\/noticiasribeiraopreto.com.br\/wp-content\/uploads\/2023\/11\/sirene_giroflex_1024x576_11032021085239.jpg?fit=1024%2C576&ssl=1&resize=525%2C300 1.5x, https:\/\/i0.wp.com\/noticiasribeiraopreto.com.br\/wp-content\/uploads\/2023\/11\/sirene_giroflex_1024x576_11032021085239.jpg?fit=1024%2C576&ssl=1&resize=700%2C400 2x"},"classes":[]},{"id":67180,"url":"https:\/\/noticiasribeiraopreto.com.br\/index.php\/2025\/04\/10\/feira-de-pascoa-com-entrada-gratuita-reune-produtores-locais-na-galeria-renato-aguiar\/","url_meta":{"origin":79396,"position":3},"title":"Feira de P\u00e1scoa com entrada gratuita re\u00fane produtores locais na Galeria Renato Aguiar","author":"noticiasribeiraopreto.com.br","date":"10 de April de 2025","format":false,"excerpt":"Ribeir\u00e3o Preto recebe neste final de semana, a edi\u00e7\u00e3o de P\u00e1scoa da \u201cFeirinha do Produtor\u201d, da Galeria Renato Aguiar, com entrada gratuita. O evento vai reunir mais de dez produtores da regi\u00e3o, que oferecer\u00e3o degusta\u00e7\u00e3o de produtos, como, ovos de P\u00e1scoa, charcutaria, doces, geleias e mais \u2013 veja abaixo. A\u2026","rel":"","context":"In &quot;Not\u00edcias de Ribeir\u00e3o Preto-SP e Regi\u00e3o&quot;","block_context":{"text":"Not\u00edcias de Ribeir\u00e3o Preto-SP e Regi\u00e3o","link":"https:\/\/noticiasribeiraopreto.com.br\/index.php\/category\/noticias-de-ribeirao-preto-sp-e-regiao-ismael-colosi\/"},"img":{"alt_text":"","src":"https:\/\/i0.wp.com\/noticiasribeiraopreto.com.br\/wp-content\/uploads\/2025\/04\/Copia-de-Copia-de-Copia-de-TAMANHO-EXATO-PARA-FOTOS-NO-SISTEMA-NOVO-2025-04-10T141734.968_2025-04-10_17-17-41_png_2025-04-10_17-17-41.webp.webp?fit=1200%2C675&ssl=1&resize=350%2C200","width":350,"height":200,"srcset":"https:\/\/i0.wp.com\/noticiasribeiraopreto.com.br\/wp-content\/uploads\/2025\/04\/Copia-de-Copia-de-Copia-de-TAMANHO-EXATO-PARA-FOTOS-NO-SISTEMA-NOVO-2025-04-10T141734.968_2025-04-10_17-17-41_png_2025-04-10_17-17-41.webp.webp?fit=1200%2C675&ssl=1&resize=350%2C200 1x, https:\/\/i0.wp.com\/noticiasribeiraopreto.com.br\/wp-content\/uploads\/2025\/04\/Copia-de-Copia-de-Copia-de-TAMANHO-EXATO-PARA-FOTOS-NO-SISTEMA-NOVO-2025-04-10T141734.968_2025-04-10_17-17-41_png_2025-04-10_17-17-41.webp.webp?fit=1200%2C675&ssl=1&resize=525%2C300 1.5x, https:\/\/i0.wp.com\/noticiasribeiraopreto.com.br\/wp-content\/uploads\/2025\/04\/Copia-de-Copia-de-Copia-de-TAMANHO-EXATO-PARA-FOTOS-NO-SISTEMA-NOVO-2025-04-10T141734.968_2025-04-10_17-17-41_png_2025-04-10_17-17-41.webp.webp?fit=1200%2C675&ssl=1&resize=700%2C400 2x, https:\/\/i0.wp.com\/noticiasribeiraopreto.com.br\/wp-content\/uploads\/2025\/04\/Copia-de-Copia-de-Copia-de-TAMANHO-EXATO-PARA-FOTOS-NO-SISTEMA-NOVO-2025-04-10T141734.968_2025-04-10_17-17-41_png_2025-04-10_17-17-41.webp.webp?fit=1200%2C675&ssl=1&resize=1050%2C600 3x"},"classes":[]},{"id":73386,"url":"https:\/\/noticiasribeiraopreto.com.br\/index.php\/2025\/07\/01\/ribeirao-preto-recebe-festa-julina-e-feirinha-do-produtor-veja-quando\/","url_meta":{"origin":79396,"position":4},"title":"Ribeir\u00e3o Preto recebe festa julina e feirinha do produtor; Veja quando","author":"noticiasribeiraopreto.com.br","date":"1 de July de 2025","format":false,"excerpt":"A Galeria Renato Aguiar, na zona Sul de Ribeir\u00e3o Preto, promove, neste fim de semana, uma festa julina com m\u00fasica, comidas e bebidas t\u00edpicas e a tradicional feirinha do produtor, com fabricantes locais e diversas op\u00e7\u00f5es gastron\u00f4micas artesanais. A entrada \u00e9 gratuita. A festa julina acontece na sexta-feira (4), das\u2026","rel":"","context":"In &quot;Not\u00edcias de Ribeir\u00e3o Preto-SP e Regi\u00e3o&quot;","block_context":{"text":"Not\u00edcias de Ribeir\u00e3o Preto-SP e Regi\u00e3o","link":"https:\/\/noticiasribeiraopreto.com.br\/index.php\/category\/noticias-de-ribeirao-preto-sp-e-regiao-ismael-colosi\/"},"img":{"alt_text":"","src":"https:\/\/i0.wp.com\/noticiasribeiraopreto.com.br\/wp-content\/uploads\/2025\/07\/teatro-ias-1_2025-07-01_11-43-31.webp.webp?fit=1200%2C675&ssl=1&resize=350%2C200","width":350,"height":200,"srcset":"https:\/\/i0.wp.com\/noticiasribeiraopreto.com.br\/wp-content\/uploads\/2025\/07\/teatro-ias-1_2025-07-01_11-43-31.webp.webp?fit=1200%2C675&ssl=1&resize=350%2C200 1x, https:\/\/i0.wp.com\/noticiasribeiraopreto.com.br\/wp-content\/uploads\/2025\/07\/teatro-ias-1_2025-07-01_11-43-31.webp.webp?fit=1200%2C675&ssl=1&resize=525%2C300 1.5x, https:\/\/i0.wp.com\/noticiasribeiraopreto.com.br\/wp-content\/uploads\/2025\/07\/teatro-ias-1_2025-07-01_11-43-31.webp.webp?fit=1200%2C675&ssl=1&resize=700%2C400 2x, https:\/\/i0.wp.com\/noticiasribeiraopreto.com.br\/wp-content\/uploads\/2025\/07\/teatro-ias-1_2025-07-01_11-43-31.webp.webp?fit=1200%2C675&ssl=1&resize=1050%2C600 3x"},"classes":[]},{"id":71113,"url":"https:\/\/noticiasribeiraopreto.com.br\/index.php\/2025\/06\/02\/ribeirao-preto-recebe-nova-edicao-da-feirinha-do-produtor-veja-quando\/","url_meta":{"origin":79396,"position":5},"title":"Ribeir\u00e3o Preto recebe nova edi\u00e7\u00e3o da &#8216;Feirinha do Produtor&#8217;; Veja quando","author":"noticiasribeiraopreto.com.br","date":"2 de June de 2025","format":false,"excerpt":"Ribeir\u00e3o Preto recebe uma nova edi\u00e7\u00e3o da \u201cFeirinha do Produtor\u201d nesta semana. O evento, que tem entrada gratuita, acontece na sexta-feira (6) e no s\u00e1bado (7), na Galeria Renato Aguiar, localizada na zona Sul do munic\u00edpio. Nesta edi\u00e7\u00e3o, a Feirinha vai reunir 12 expositores que oferecer\u00e3o produtos artesanais \u2013 na\u2026","rel":"","context":"In &quot;Not\u00edcias de Ribeir\u00e3o Preto-SP e Regi\u00e3o&quot;","block_context":{"text":"Not\u00edcias de Ribeir\u00e3o Preto-SP e Regi\u00e3o","link":"https:\/\/noticiasribeiraopreto.com.br\/index.php\/category\/noticias-de-ribeirao-preto-sp-e-regiao-ismael-colosi\/"},"img":{"alt_text":"","src":"https:\/\/i0.wp.com\/noticiasribeiraopreto.com.br\/wp-content\/uploads\/2025\/04\/Copia-de-Copia-de-Copia-de-TAMANHO-EXATO-PARA-FOTOS-NO-SISTEMA-NOVO-2025-04-10T141734.968_2025-04-10_17-17-41_png_2025-04-10_17-17-41.webp.webp?fit=1200%2C675&ssl=1&resize=350%2C200","width":350,"height":200,"srcset":"https:\/\/i0.wp.com\/noticiasribeiraopreto.com.br\/wp-content\/uploads\/2025\/04\/Copia-de-Copia-de-Copia-de-TAMANHO-EXATO-PARA-FOTOS-NO-SISTEMA-NOVO-2025-04-10T141734.968_2025-04-10_17-17-41_png_2025-04-10_17-17-41.webp.webp?fit=1200%2C675&ssl=1&resize=350%2C200 1x, https:\/\/i0.wp.com\/noticiasribeiraopreto.com.br\/wp-content\/uploads\/2025\/04\/Copia-de-Copia-de-Copia-de-TAMANHO-EXATO-PARA-FOTOS-NO-SISTEMA-NOVO-2025-04-10T141734.968_2025-04-10_17-17-41_png_2025-04-10_17-17-41.webp.webp?fit=1200%2C675&ssl=1&resize=525%2C300 1.5x, https:\/\/i0.wp.com\/noticiasribeiraopreto.com.br\/wp-content\/uploads\/2025\/04\/Copia-de-Copia-de-Copia-de-TAMANHO-EXATO-PARA-FOTOS-NO-SISTEMA-NOVO-2025-04-10T141734.968_2025-04-10_17-17-41_png_2025-04-10_17-17-41.webp.webp?fit=1200%2C675&ssl=1&resize=700%2C400 2x, https:\/\/i0.wp.com\/noticiasribeiraopreto.com.br\/wp-content\/uploads\/2025\/04\/Copia-de-Copia-de-Copia-de-TAMANHO-EXATO-PARA-FOTOS-NO-SISTEMA-NOVO-2025-04-10T141734.968_2025-04-10_17-17-41_png_2025-04-10_17-17-41.webp.webp?fit=1200%2C675&ssl=1&resize=1050%2C600 3x"},"classes":[]}],"jetpack_sharing_enabled":true,"jetpack_shortlink":"https:\/\/wp.me\/peQAOb-kEA","_links":{"self":[{"href":"https:\/\/noticiasribeiraopreto.com.br\/index.php\/wp-json\/wp\/v2\/posts\/79396","targetHints":{"allow":["GET"]}}],"collection":[{"href":"https:\/\/noticiasribeiraopreto.com.br\/index.php\/wp-json\/wp\/v2\/posts"}],"about":[{"href":"https:\/\/noticiasribeiraopreto.com.br\/index.php\/wp-json\/wp\/v2\/types\/post"}],"author":[{"embeddable":true,"href":"https:\/\/noticiasribeiraopreto.com.br\/index.php\/wp-json\/wp\/v2\/users\/1"}],"replies":[{"embeddable":true,"href":"https:\/\/noticiasribeiraopreto.com.br\/index.php\/wp-json\/wp\/v2\/comments?post=79396"}],"version-history":[{"count":0,"href":"https:\/\/noticiasribeiraopreto.com.br\/index.php\/wp-json\/wp\/v2\/posts\/79396\/revisions"}],"wp:featuredmedia":[{"embeddable":true,"href":"https:\/\/noticiasribeiraopreto.com.br\/index.php\/wp-json\/wp\/v2\/media\/79397"}],"wp:attachment":[{"href":"https:\/\/noticiasribeiraopreto.com.br\/index.php\/wp-json\/wp\/v2\/media?parent=79396"}],"wp:term":[{"taxonomy":"category","embeddable":true,"href":"https:\/\/noticiasribeiraopreto.com.br\/index.php\/wp-json\/wp\/v2\/categories?post=79396"},{"taxonomy":"post_tag","embeddable":true,"href":"https:\/\/noticiasribeiraopreto.com.br\/index.php\/wp-json\/wp\/v2\/tags?post=79396"}],"curies":[{"name":"wp","href":"https:\/\/api.w.org\/{rel}","templated":true}]}}