{"id":79404,"date":"2025-10-31T03:32:33","date_gmt":"2025-10-31T06:32:33","guid":{"rendered":"https:\/\/noticiasribeiraopreto.com.br\/index.php\/2025\/10\/31\/moradores-do-quintino-ii-exigem-retratacao-publica-da-esquerdogata\/"},"modified":"2025-10-31T03:32:33","modified_gmt":"2025-10-31T06:32:33","slug":"moradores-do-quintino-ii-exigem-retratacao-publica-da-esquerdogata","status":"publish","type":"post","link":"https:\/\/noticiasribeiraopreto.com.br\/index.php\/2025\/10\/31\/moradores-do-quintino-ii-exigem-retratacao-publica-da-esquerdogata\/","title":{"rendered":"Moradores do Quintino II exigem retrata\u00e7\u00e3o p\u00fablica da \u201cesquerdogata\u201d"},"content":{"rendered":"<p> <br \/>\n<\/p>\n<div id=\"\">\n<p>\n\t\t\t\t\t\t\t\t\t<span class=\"entry-meta-item penci-posted-on\"><i class=\"fa fa-clock-o\"\/><time class=\"entry-date published\" datetime=\"2025-10-31T03:25:24-03:00\">31 de outubro de 2025 03:25<\/time><time class=\"updated\" datetime=\"2025-10-31T00:17:38-03:00\">31 de outubro de 2025 00:17<\/time><\/span><span class=\"entry-meta-item penci-post-countview\"><span class=\"entry-meta-item penci-post-countview penci_post-meta_item\"><i class=\"fa fa-eye\"\/><span class=\"penci-post-countview-number penci-post-countview-p444824\">11<\/span><\/span><\/span>\t\t\t\t\t\t\t\t<\/p>\n<p><!-- .entry-meta --><br \/>\n\t\t\t\t\t\t\t\t<span class=\"penci-social-buttons penci-social-share-footer\"><span class=\"penci-social-share-text\">Compartilhar<\/span><a href=\"#\" class=\"penci-post-like penci_post-meta_item  single-like-button penci-social-item like\" data-post_id=\"444824\" title=\"Like\" data-like=\"Like\" data-unlike=\"Unlike\"><i class=\"fa fa-thumbs-o-up\"\/><span class=\"penci-share-number\">0<\/span><\/a><i class=\"fa fa-facebook\"\/><a class=\"penci-social-item twitter\" target=\"_blank\" rel=\"noopener\" title=\"\" href=\"https:\/\/twitter.com\/intent\/tweet?text=Moradores%20do%20Quintino%20II%20exigem%20retrata\u00e7\u00e3o%20p\u00fablica%20da%20%20\u201cesquerdogata\u201d%20-%20https:\/\/www.tribunaribeirao.com.br\/moradores-do-quintino-ii-exigem-que-esquerdogata-faca-retracao-publica\/\"><i class=\"fa fa-twitter\"\/><\/a><i class=\"fa fa-linkedin\"\/><i class=\"fa fa-whatsapp\"\/><i class=\"fa fa-telegram\"\/><i class=\"fa fa-envelope\"\/><\/span>\t\t\t\t\t\t\t<\/div>\n<div>\n<p>A Associa\u00e7\u00e3o de Moradores do bairro, localizado na Zona Norte da cidade, divulgou Manifesto de Rep\u00fadio as declara\u00e7\u00f5es, ap\u00f3s coment\u00e1rios considerados preconceituosos da influenciadora sobre o bairro<\/p>\n<p>A Associa\u00e7\u00e3o de Moradores do Bairro Quintino Facci II, localizado na zona Norte de Ribeir\u00e3o Preto, divulgou um Manifesto P\u00fablico de Rep\u00fadio as declara\u00e7\u00f5es consideradas pejorativas e preconceituosas, feitas sobre o bairro pela influenciadora digital e professora da Rede Municipal de Educa\u00e7\u00e3o de Ribeir\u00e3o Preto, Aline Bardy Dutra, conhecida como \u201cEsquerdogata\u201d.<\/p>\n<p>As declara\u00e7\u00f5es foram feitas durante uma abordagem policial realizada no s\u00e1bado, 25 de outubro. O documento foi divulgado nesta sexta-feira, 30 de outubro e \u00e9 assinado pelo presidente da Associa\u00e7\u00e3o, Renato Roberto do Nascimento.<\/p>\n<p>Na ocasi\u00e3o, ela teria cometido injuria racial e desacato contra policiais militares. Em uma de suas falas durante a abordagem tamb\u00e9m teria ofendido os moradores do Complexo de bairros do Quintino Facci, ao perguntar de forma considerada pejorativa ao PM: \u201cvoc\u00ea nasceu onde? No Quintino, n\u00e9?<\/p>\n<p>O Quintino Facci II faz parte de um complexo de bairros com cerca de 40 mil moradores formado pelos conjuntos Quintino Facci I e II, Adelino Simione, Avelino Alves Palma e Parque dos Sabi\u00e1s.<br \/>Segundo manifesto, a influenciadora utilizou express\u00f5es depreciativas contra os moradores da regi\u00e3o ao agredir verbalmente os Policiais Militares \u201ccom a clara inten\u00e7\u00e3o de usar o nome de nosso bairro como motivo de humilha\u00e7\u00e3o\u201d, diz o texto.<\/p>\n<p>Ressalta que a conduta da influenciadora \u00e9 inadmiss\u00edvel e ofensiva por v\u00e1rios motivos. Entre eles, o de querer desmerecer origem comunit\u00e1ria da popula\u00e7\u00e3o daquela regi\u00e3o. \u201cO uso do nome \u201cQuintino\u201d como se fosse sin\u00f4nimo de inferioridade ou motivo de esc\u00e1rnio atinge toda a comunidade, desvaloriza o bairro e seus moradores que lutam dia a dia para viver com dignidade\u201d.<\/p>\n<p>O documento destaca que a liberdade de express\u00e3o n\u00e3o deve se converter em ofensa gratuita, sobretudo quando utilizada para humilhar ou denegrir pessoas ou comunidades.<br \/>Por fim afirma que uma pessoa com visibilidade nas redes sociais assume responsabilidade pelas suas falas \u201cquando as mesmas incitam desprezo e geram dano para a pessoa ofendida e para a coletividade\u201d.<\/p>\n<p>O manifesto reitera que os moradores do bairro Quintino exigem que a influenciadora apresente desculpas p\u00fablicas e formais, reconhecendo o erro e o dano causado tanto ao policial quanto \u00e0 comunidade atingida por suas falas, E que ela seja feita de maneira a alcan\u00e7ar a mesma visibilidade das ofensas que ganharam repercuss\u00e3o pelas redes sociais e pela imprensa.<\/p>\n<p>\u201cReafirmamos que o Bairro Quintino \u00e9 composto por pessoas de todas as origens, profiss\u00f5es e classes, que merecem respeito e reconhecimento. N\u00e3o aceitaremos que o nome do nosso bairro seja invocado como s\u00edmbolo de inferioridade ou objeto de desprezo\u201d, conclui o comunicado.<\/p>\n<p>A professora tamb\u00e9m \u00e9 alvo um processo administrativo, aberto pela prefeitura, ap\u00f3s o epis\u00f3dio. Aline \u00e9 professora da Escola Municipal de Educa\u00e7\u00e3o Infantil (Emei) Paulo Henrique de Souza, no bairro Maria Casa Grande Lopes, tamb\u00e9m localizado na zona Norte da cidade, mas est\u00e1 afastada do cargo desde 22 de julho de 2024 quando pediu afastamento sem vencimentos. O afastamento vence em julho de 2027. A influenciadora tinha cerca de 900 mil seguidores nas Redes sociais, mas, desde o epis\u00f3dio, perdeu quase cem mil deles.<\/p>\n<p>\u00a0<\/p>\n<p><!-- CONTENT END 3 -->\n<\/div>\n<p><script async src=\"\/\/platform.twitter.com\/widgets.js\" charset=\"utf-8\"><\/script><br \/>\n<br \/><br \/>\n<br \/><a href=\"https:\/\/www.tribunaribeirao.com.br\/moradores-do-quintino-ii-exigem-que-esquerdogata-faca-retracao-publica\/\">Source link <\/a><\/p>\n","protected":false},"excerpt":{"rendered":"<p>31 de outubro de 2025 03:2531 de outubro de 2025 00:1711 Compartilhar0 A Associa\u00e7\u00e3o de Moradores do bairro, localizado na Zona Norte da cidade, divulgou&#8230;<\/p>\n","protected":false},"author":1,"featured_media":79405,"comment_status":"open","ping_status":"open","sticky":false,"template":"","format":"standard","meta":{"advanced_seo_description":"","jetpack_seo_html_title":"","jetpack_seo_noindex":false,"jetpack_post_was_ever_published":false,"_jetpack_newsletter_access":"","_jetpack_dont_email_post_to_subs":false,"_jetpack_newsletter_tier_id":0,"_jetpack_memberships_contains_paywalled_content":false,"_jetpack_memberships_contains_paid_content":false,"footnotes":"","jetpack_publicize_message":"","jetpack_publicize_feature_enabled":true,"jetpack_social_post_already_shared":true,"jetpack_social_options":{"image_generator_settings":{"template":"highway","default_image_id":0,"font":"","enabled":false},"version":2}},"categories":[11],"tags":[],"class_list":["post-79404","post","type-post","status-publish","format-standard","has-post-thumbnail","hentry","category-noticias-de-ribeirao-preto-sp-e-regiao-ismael-colosi"],"jetpack_publicize_connections":[],"jetpack_featured_media_url":"https:\/\/i0.wp.com\/noticiasribeiraopreto.com.br\/wp-content\/uploads\/2025\/10\/quintino.jpeg?fit=984%2C544&ssl=1","jetpack-related-posts":[{"id":10732,"url":"https:\/\/noticiasribeiraopreto.com.br\/index.php\/2023\/12\/05\/jumil-justino-de-morais-irmaos-s-a-ata-da-reuniao-do-conselho-de-administracao-realizada-em-17-de-outubro-de-2023\/","url_meta":{"origin":79404,"position":0},"title":"Jumil \u2013 Justino de Morais, Irm\u00e3os S\/A \u2013 Ata da Reuni\u00e3o do Conselho de Administra\u00e7\u00e3o realizada em 17 de outubro de 2023","author":"noticiasribeiraopreto.com.br","date":"5 de December de 2023","format":false,"excerpt":"O post Jumil \u2013 Justino de Morais, Irm\u00e3os S\/A \u2013 Ata da Reuni\u00e3o do Conselho de Administra\u00e7\u00e3o realizada em 17 de outubro de 2023 apareceu primeiro em Jornal Tribuna Ribeir\u00e3o. Source link","rel":"","context":"In &quot;Not\u00edcias de Ribeir\u00e3o Preto-SP e Regi\u00e3o&quot;","block_context":{"text":"Not\u00edcias de Ribeir\u00e3o Preto-SP e Regi\u00e3o","link":"https:\/\/noticiasribeiraopreto.com.br\/index.php\/category\/noticias-de-ribeirao-preto-sp-e-regiao-ismael-colosi\/"},"img":{"alt_text":"","src":"https:\/\/i0.wp.com\/noticiasribeiraopreto.com.br\/wp-content\/uploads\/2023\/12\/publicidade-legal.png?fit=700%2C450&ssl=1&resize=350%2C200","width":350,"height":200,"srcset":"https:\/\/i0.wp.com\/noticiasribeiraopreto.com.br\/wp-content\/uploads\/2023\/12\/publicidade-legal.png?fit=700%2C450&ssl=1&resize=350%2C200 1x, https:\/\/i0.wp.com\/noticiasribeiraopreto.com.br\/wp-content\/uploads\/2023\/12\/publicidade-legal.png?fit=700%2C450&ssl=1&resize=525%2C300 1.5x, https:\/\/i0.wp.com\/noticiasribeiraopreto.com.br\/wp-content\/uploads\/2023\/12\/publicidade-legal.png?fit=700%2C450&ssl=1&resize=700%2C400 2x"},"classes":[]},{"id":1031,"url":"https:\/\/noticiasribeiraopreto.com.br\/index.php\/2023\/11\/10\/autovias-s-a-ata-de-assembleia-geral-extraordinaria-realizada-em-10-de-outubro-de-2023\/","url_meta":{"origin":79404,"position":1},"title":"Autovias S.A. \u2013 Ata de Assembleia Geral Extraordin\u00e1ria realizada em 10 de outubro de 2023","author":"noticiasribeiraopreto.com.br","date":"10 de November de 2023","format":false,"excerpt":"O post Autovias S.A. \u2013 Ata de Assembleia Geral Extraordin\u00e1ria realizada em 10 de outubro de 2023 apareceu primeiro em Jornal Tribuna Ribeir\u00e3o. Source link","rel":"","context":"In &quot;Not\u00edcias de Ribeir\u00e3o Preto-SP e Regi\u00e3o&quot;","block_context":{"text":"Not\u00edcias de Ribeir\u00e3o Preto-SP e Regi\u00e3o","link":"https:\/\/noticiasribeiraopreto.com.br\/index.php\/category\/noticias-de-ribeirao-preto-sp-e-regiao-ismael-colosi\/"},"img":{"alt_text":"","src":"https:\/\/i0.wp.com\/noticiasribeiraopreto.com.br\/wp-content\/uploads\/2023\/11\/pdfdownload.png?fit=1000%2C268&ssl=1&resize=350%2C200","width":350,"height":200,"srcset":"https:\/\/i0.wp.com\/noticiasribeiraopreto.com.br\/wp-content\/uploads\/2023\/11\/pdfdownload.png?fit=1000%2C268&ssl=1&resize=350%2C200 1x, https:\/\/i0.wp.com\/noticiasribeiraopreto.com.br\/wp-content\/uploads\/2023\/11\/pdfdownload.png?fit=1000%2C268&ssl=1&resize=525%2C300 1.5x, https:\/\/i0.wp.com\/noticiasribeiraopreto.com.br\/wp-content\/uploads\/2023\/11\/pdfdownload.png?fit=1000%2C268&ssl=1&resize=700%2C400 2x"},"classes":[]},{"id":58837,"url":"https:\/\/noticiasribeiraopreto.com.br\/index.php\/2024\/10\/07\/semana-da-crianca-veja-a-programacao-cultural-em-ribeirao-preto-e-regiao\/","url_meta":{"origin":79404,"position":2},"title":"Semana da crian\u00e7a: Veja a programa\u00e7\u00e3o cultural em Ribeir\u00e3o Preto e regi\u00e3o","author":"noticiasribeiraopreto.com.br","date":"7 de October de 2024","format":false,"excerpt":"Al\u00e9m do feriado de Nossa Senhora Aparecida, o Dia das Crian\u00e7as tamb\u00e9m \u00e9 comemorado no pr\u00f3ximo 12 de outubro. Ribeir\u00e3o Preto e regi\u00e3o contam com uma programa\u00e7\u00e3o cultural com diversas atividades para aqueles que desejam se divertir ao lado dos pequenos. Confira: 1. Museu Casa de Portinari \u201cBrinCandinho\u201d \u2013 \u00c9\u2026","rel":"","context":"In &quot;Not\u00edcias de Ribeir\u00e3o Preto-SP e Regi\u00e3o&quot;","block_context":{"text":"Not\u00edcias de Ribeir\u00e3o Preto-SP e Regi\u00e3o","link":"https:\/\/noticiasribeiraopreto.com.br\/index.php\/category\/noticias-de-ribeirao-preto-sp-e-regiao-ismael-colosi\/"},"img":{"alt_text":"","src":"https:\/\/i0.wp.com\/noticiasribeiraopreto.com.br\/wp-content\/uploads\/2024\/10\/brincadeiras-antigas-amarelinha_2024-10-07_13-35-36_jpg_2024-10-07_13-35-36.webp.webp?fit=1200%2C800&ssl=1&resize=350%2C200","width":350,"height":200,"srcset":"https:\/\/i0.wp.com\/noticiasribeiraopreto.com.br\/wp-content\/uploads\/2024\/10\/brincadeiras-antigas-amarelinha_2024-10-07_13-35-36_jpg_2024-10-07_13-35-36.webp.webp?fit=1200%2C800&ssl=1&resize=350%2C200 1x, https:\/\/i0.wp.com\/noticiasribeiraopreto.com.br\/wp-content\/uploads\/2024\/10\/brincadeiras-antigas-amarelinha_2024-10-07_13-35-36_jpg_2024-10-07_13-35-36.webp.webp?fit=1200%2C800&ssl=1&resize=525%2C300 1.5x, https:\/\/i0.wp.com\/noticiasribeiraopreto.com.br\/wp-content\/uploads\/2024\/10\/brincadeiras-antigas-amarelinha_2024-10-07_13-35-36_jpg_2024-10-07_13-35-36.webp.webp?fit=1200%2C800&ssl=1&resize=700%2C400 2x, https:\/\/i0.wp.com\/noticiasribeiraopreto.com.br\/wp-content\/uploads\/2024\/10\/brincadeiras-antigas-amarelinha_2024-10-07_13-35-36_jpg_2024-10-07_13-35-36.webp.webp?fit=1200%2C800&ssl=1&resize=1050%2C600 3x"},"classes":[]},{"id":78187,"url":"https:\/\/noticiasribeiraopreto.com.br\/index.php\/2025\/10\/03\/rp-mobi-altera-horarios-de-11-linhas-de-onibus-a-partir-deste-sabado-confira\/","url_meta":{"origin":79404,"position":3},"title":"RP Mobi altera hor\u00e1rios de 11 linhas de \u00f4nibus a partir deste s\u00e1bado; Confira","author":"noticiasribeiraopreto.com.br","date":"3 de October de 2025","format":false,"excerpt":"A RP Mobi, empresa que gerencia o transporte urbano de Ribeir\u00e3o Preto, informou que a os quadros de hor\u00e1rios de 11 linhas ser\u00e3o alterados ou ampliados a partir deste s\u00e1bado (4). O objetivo, segundo a Prefeitura Municipal, \u00e9 adequar a oferta de viagens \u00e0 demanda dos usu\u00e1rios, garantindo mais op\u00e7\u00f5es\u2026","rel":"","context":"In &quot;Not\u00edcias de Ribeir\u00e3o Preto-SP e Regi\u00e3o&quot;","block_context":{"text":"Not\u00edcias de Ribeir\u00e3o Preto-SP e Regi\u00e3o","link":"https:\/\/noticiasribeiraopreto.com.br\/index.php\/category\/noticias-de-ribeirao-preto-sp-e-regiao-ismael-colosi\/"},"img":{"alt_text":"","src":"https:\/\/i0.wp.com\/noticiasribeiraopreto.com.br\/wp-content\/uploads\/2025\/10\/linhaonibus__2025-10-03_18-15-05.webp.webp?fit=1200%2C800&ssl=1&resize=350%2C200","width":350,"height":200,"srcset":"https:\/\/i0.wp.com\/noticiasribeiraopreto.com.br\/wp-content\/uploads\/2025\/10\/linhaonibus__2025-10-03_18-15-05.webp.webp?fit=1200%2C800&ssl=1&resize=350%2C200 1x, https:\/\/i0.wp.com\/noticiasribeiraopreto.com.br\/wp-content\/uploads\/2025\/10\/linhaonibus__2025-10-03_18-15-05.webp.webp?fit=1200%2C800&ssl=1&resize=525%2C300 1.5x, https:\/\/i0.wp.com\/noticiasribeiraopreto.com.br\/wp-content\/uploads\/2025\/10\/linhaonibus__2025-10-03_18-15-05.webp.webp?fit=1200%2C800&ssl=1&resize=700%2C400 2x, https:\/\/i0.wp.com\/noticiasribeiraopreto.com.br\/wp-content\/uploads\/2025\/10\/linhaonibus__2025-10-03_18-15-05.webp.webp?fit=1200%2C800&ssl=1&resize=1050%2C600 3x"},"classes":[]},{"id":78218,"url":"https:\/\/noticiasribeiraopreto.com.br\/index.php\/2025\/10\/04\/ribeirao-oferece-mais-de-mil-vagas-gratuitas-para-exames-de-mamografia-veja-como-se-inscrever\/","url_meta":{"origin":79404,"position":4},"title":"Ribeir\u00e3o oferece mais de mil vagas gratuitas para exames de mamografia; Veja como se inscrever","author":"noticiasribeiraopreto.com.br","date":"4 de October de 2025","format":false,"excerpt":"A Prefeitura de Ribeir\u00e3o Preto oferece 1.200 vagas para exames de mamografia gratuitos. A iniciativa integra a campanha Outubro Rosa 2025, que tamb\u00e9m contar\u00e1 com a\u00e7\u00f5es de conscientiza\u00e7\u00e3o e atividades nas unidades de sa\u00fade. As vagas s\u00e3o voltadas a mulheres e homens transexuais, com idade entre 40 e 74 anos,\u2026","rel":"","context":"In &quot;Not\u00edcias de Ribeir\u00e3o Preto-SP e Regi\u00e3o&quot;","block_context":{"text":"Not\u00edcias de Ribeir\u00e3o Preto-SP e Regi\u00e3o","link":"https:\/\/noticiasribeiraopreto.com.br\/index.php\/category\/noticias-de-ribeirao-preto-sp-e-regiao-ismael-colosi\/"},"img":{"alt_text":"","src":"https:\/\/i0.wp.com\/noticiasribeiraopreto.com.br\/wp-content\/uploads\/2025\/10\/world-cancer-day-awareness-with-patient_2024-10-01_19-29-50_jpg_2024-10-01_19-29-52-1024x683.webp.webp?fit=1024%2C683&ssl=1&resize=350%2C200","width":350,"height":200,"srcset":"https:\/\/i0.wp.com\/noticiasribeiraopreto.com.br\/wp-content\/uploads\/2025\/10\/world-cancer-day-awareness-with-patient_2024-10-01_19-29-50_jpg_2024-10-01_19-29-52-1024x683.webp.webp?fit=1024%2C683&ssl=1&resize=350%2C200 1x, https:\/\/i0.wp.com\/noticiasribeiraopreto.com.br\/wp-content\/uploads\/2025\/10\/world-cancer-day-awareness-with-patient_2024-10-01_19-29-50_jpg_2024-10-01_19-29-52-1024x683.webp.webp?fit=1024%2C683&ssl=1&resize=525%2C300 1.5x, https:\/\/i0.wp.com\/noticiasribeiraopreto.com.br\/wp-content\/uploads\/2025\/10\/world-cancer-day-awareness-with-patient_2024-10-01_19-29-50_jpg_2024-10-01_19-29-52-1024x683.webp.webp?fit=1024%2C683&ssl=1&resize=700%2C400 2x"},"classes":[]},{"id":78070,"url":"https:\/\/noticiasribeiraopreto.com.br\/index.php\/2025\/10\/01\/clima-em-outubro-veja-quando-tem-previsao-de-chuva-no-estado-de-sp\/","url_meta":{"origin":79404,"position":5},"title":"Clima em outubro: Veja quando tem previs\u00e3o de chuva no estado de SP","author":"noticiasribeiraopreto.com.br","date":"1 de October de 2025","format":false,"excerpt":"O m\u00eas de outubro come\u00e7ou quente no estado de S\u00e3o Paulo, com temperaturas perto da casa dos 40\u00b0C em algumas regi\u00f5es. Segundo a Climatempo, nestes primeiros seis dias do m\u00eas, o predom\u00ednio deve ser de sol e calor, com pouca ou nenhuma chuva. \u00a0 Na primeira quinzena de outubro est\u00e3o\u2026","rel":"","context":"In &quot;Not\u00edcias de Ribeir\u00e3o Preto-SP e Regi\u00e3o&quot;","block_context":{"text":"Not\u00edcias de Ribeir\u00e3o Preto-SP e Regi\u00e3o","link":"https:\/\/noticiasribeiraopreto.com.br\/index.php\/category\/noticias-de-ribeirao-preto-sp-e-regiao-ismael-colosi\/"},"img":{"alt_text":"","src":"https:\/\/i0.wp.com\/noticiasribeiraopreto.com.br\/wp-content\/uploads\/2025\/10\/sudeste-Chuva-Outubro-2025_2025-10-01_17-29-44.webp.webp?fit=1200%2C675&ssl=1&resize=350%2C200","width":350,"height":200,"srcset":"https:\/\/i0.wp.com\/noticiasribeiraopreto.com.br\/wp-content\/uploads\/2025\/10\/sudeste-Chuva-Outubro-2025_2025-10-01_17-29-44.webp.webp?fit=1200%2C675&ssl=1&resize=350%2C200 1x, https:\/\/i0.wp.com\/noticiasribeiraopreto.com.br\/wp-content\/uploads\/2025\/10\/sudeste-Chuva-Outubro-2025_2025-10-01_17-29-44.webp.webp?fit=1200%2C675&ssl=1&resize=525%2C300 1.5x, https:\/\/i0.wp.com\/noticiasribeiraopreto.com.br\/wp-content\/uploads\/2025\/10\/sudeste-Chuva-Outubro-2025_2025-10-01_17-29-44.webp.webp?fit=1200%2C675&ssl=1&resize=700%2C400 2x, https:\/\/i0.wp.com\/noticiasribeiraopreto.com.br\/wp-content\/uploads\/2025\/10\/sudeste-Chuva-Outubro-2025_2025-10-01_17-29-44.webp.webp?fit=1200%2C675&ssl=1&resize=1050%2C600 3x"},"classes":[]}],"jetpack_sharing_enabled":true,"jetpack_shortlink":"https:\/\/wp.me\/peQAOb-kEI","_links":{"self":[{"href":"https:\/\/noticiasribeiraopreto.com.br\/index.php\/wp-json\/wp\/v2\/posts\/79404","targetHints":{"allow":["GET"]}}],"collection":[{"href":"https:\/\/noticiasribeiraopreto.com.br\/index.php\/wp-json\/wp\/v2\/posts"}],"about":[{"href":"https:\/\/noticiasribeiraopreto.com.br\/index.php\/wp-json\/wp\/v2\/types\/post"}],"author":[{"embeddable":true,"href":"https:\/\/noticiasribeiraopreto.com.br\/index.php\/wp-json\/wp\/v2\/users\/1"}],"replies":[{"embeddable":true,"href":"https:\/\/noticiasribeiraopreto.com.br\/index.php\/wp-json\/wp\/v2\/comments?post=79404"}],"version-history":[{"count":0,"href":"https:\/\/noticiasribeiraopreto.com.br\/index.php\/wp-json\/wp\/v2\/posts\/79404\/revisions"}],"wp:featuredmedia":[{"embeddable":true,"href":"https:\/\/noticiasribeiraopreto.com.br\/index.php\/wp-json\/wp\/v2\/media\/79405"}],"wp:attachment":[{"href":"https:\/\/noticiasribeiraopreto.com.br\/index.php\/wp-json\/wp\/v2\/media?parent=79404"}],"wp:term":[{"taxonomy":"category","embeddable":true,"href":"https:\/\/noticiasribeiraopreto.com.br\/index.php\/wp-json\/wp\/v2\/categories?post=79404"},{"taxonomy":"post_tag","embeddable":true,"href":"https:\/\/noticiasribeiraopreto.com.br\/index.php\/wp-json\/wp\/v2\/tags?post=79404"}],"curies":[{"name":"wp","href":"https:\/\/api.w.org\/{rel}","templated":true}]}}