{"id":79406,"date":"2025-10-31T06:22:33","date_gmt":"2025-10-31T09:22:33","guid":{"rendered":"https:\/\/noticiasribeiraopreto.com.br\/index.php\/2025\/10\/31\/por-motivos-de-saude-corauci-deixa-o-caso-bigodini\/"},"modified":"2025-10-31T06:22:33","modified_gmt":"2025-10-31T09:22:33","slug":"por-motivos-de-saude-corauci-deixa-o-caso-bigodini","status":"publish","type":"post","link":"https:\/\/noticiasribeiraopreto.com.br\/index.php\/2025\/10\/31\/por-motivos-de-saude-corauci-deixa-o-caso-bigodini\/","title":{"rendered":"Por motivos de sa\u00fade, Corauci deixa o caso Bigodini"},"content":{"rendered":"<p> <br \/>\n<\/p>\n<div>\n<p><em>Por motivo de sa\u00fade, o vereador Jean Corauci (PSD) desistiu de relatar o processo de cassa\u00e7\u00e3o contra Bigodini\u2028\u2028<\/em><\/p>\n<p>O vereador Jean Corauci (PSD) desistiu de relatar o processo de cassa\u00e7\u00e3o instaurado no Conselho de \u00c9tica e Decoro Parlamentar da C\u00e2mara de Ribeir\u00e3o Preto contra o colega Roger Ronan da Silva (MDB), o Bigodini, de 33 anos. A decis\u00e3o foi anunciada durante reuni\u00e3o do colegiado, na tarde desta quinta-feira, 30 de outubro. \u2028\u2028A reuni\u00e3o foi r\u00e1pida e durou menos de dez minutos.<\/p>\n<p>S\u00f3 serviu para indicar o Maur\u00edcio Vila Abranches (PSDB) como substituto de Corauci na relatoria. No dia 2 de outubro, em reuni\u00e3o do conselho, foram sorteados para investigar o a den\u00fancia Franco Ferro (PP), Maur\u00edcio Vila Abranches e Jean Corauci, como relator.<\/p>\n<p>O Conselho de \u00c9tica tem 180 dias para concluir os trabalhos e emitir parecer sobre o caso. Bigodini passou a ser investigado ap\u00f3s o jornalista Rodrigo Leone da Silva impetrar um pedido de cassa\u00e7\u00e3o por quebra de decoro. O vereador Jean Corauci se manifestou por meio de nota.<\/p>\n<p>\u201cPor determina\u00e7\u00e3o m\u00e9dica, estou afastado das minhas fun\u00e7\u00f5es como vereador e comunicador por sete dias, per\u00edodo que teve in\u00edcio no dia 29 de outubro\u201d, diz. \u2028\u2028\u201cEm raz\u00e3o desse afastamento tempor\u00e1rio e para n\u00e3o prejudicar o andamento dos trabalhos da comiss\u00e3o, especialmente no processo em que fui designado como relator, decidi declinar da relatoria. Tomei essa decis\u00e3o com responsabilidade e respeito ao papel que exer\u00e7o, entendendo que a popula\u00e7\u00e3o de Ribeir\u00e3o Preto espera agilidade, seriedade e compromisso na condu\u00e7\u00e3o de todos os assuntos da Casa\u201d, explica.<\/p>\n<p>\u201cCom minha aus\u00eancia moment\u00e2nea, considero justo e necess\u00e1rio que outro membro da comiss\u00e3o assuma a relatoria, garantindo celeridade e total aten\u00e7\u00e3o ao caso, algo que, neste momento, n\u00e3o posso assegurar em raz\u00e3o do meu afastamento m\u00e9dico\u201d, conclui.\u2028\u2028 Bigodini dever\u00e1 participar da sess\u00e3o legislativa da pr\u00f3xima segunda-feira, 3 de novembro, mais de um m\u00eas depois de envolver em acidente de tr\u00e2nsito, na madrugada de 28 de setembro.<\/p>\n<p>O terceiro atestado m\u00e9dico apresentado pelo parlamentar venceu na quarta-feira (29) e ele retornou ontem \u00e0 C\u00e2mara e postou um v\u00eddeo gravado em seu gabinete avisando que havia voltado. \u2028\u2028O Conselho de \u00c9tica e Decoro Parlamentar da C\u00e2mara n\u00e3o havia confirmado, at\u00e9 o fechamento desta edi\u00e7\u00e3o, se a Pol\u00edcia Civil havia enviado c\u00f3pia do inqu\u00e9rito que envolve o indiciamento do vereador, que apresentou tr\u00eas atestados m\u00e9dicos de ansiedade e chegou a ser internado em cl\u00ednica particular para tratamento.<\/p>\n<p>O laudo aponta transtorno de estresse agudo, caracterizado por uma resposta emocional intensa a um evento traum\u00e1tico. \u2028\u2028Na sexta-feira (24), delegado Gustavo Andr\u00e9 Alves, da Divis\u00e3o Especializada de Investiga\u00e7\u00f5es Criminais (Deic), indiciou o vereador por embriaguez ao volante, falsidade ideol\u00f3gica e fraude processual, confirmando que ele n\u00e3o disse a verdade ap\u00f3s o acidente. Somadas, as penas podem chegar a dez anos de pris\u00e3o em caso de condena\u00e7\u00e3o.<\/p>\n<p>O barbeiro e infuenciador tamb\u00e9m pode ficar ineleg\u00edvel por oito anos. J\u00e1 a namorada dele, a assistente social Isabela de C\u00e1ssia de Andrade Faria, de 29 anos, responder\u00e1 por falsidade ideol\u00f3gica, fraude processual e autoacusa\u00e7\u00e3o. O casal n\u00e3o ser\u00e1 preso e acompanhar\u00e1 o tr\u00e2mite do processo em liberdade. \u2028\u2028O delegado vai enviar o relat\u00f3rio final do inqu\u00e9rito para o Minist\u00e9rio P\u00fablico de S\u00e3o Paulo (MPSP), que pode optar por arquivar o caso ou oferecer den\u00fancia \u00e0 Justi\u00e7a de Ribeir\u00e3o Preto. Neste caso, o vereador e a namorada passam a ser considerados r\u00e9us e ser\u00e3o julgados pelos crimes a eles imputados.<\/p>\n<p>Como n\u00e3o houve morte, a possibilidade de j\u00fari popular est\u00e1 descartada. \u2028\u2028O acidente de tr\u00e2nsito envolvendo o Chevrolet Tracker cinza alugado pelo vereador ocorreu na madrugada de 28 de setembro, na avenida do Caf\u00e9, Zona Oeste. Na \u00e9poca, Bigodini disse a policiais que a namorada estava dirigindo. Ela n\u00e3o tem Carteira Nacional de Habilita\u00e7\u00e3o (CNH).<\/p>\n<p>O delegado disse que, atrav\u00e9s das imagens, \u00e9 poss\u00edvel afirmar que era sempre Bigodini quem conduzia o carro. Eles foram a diversos bares e a Pol\u00edcia Civil conseguiu levantar o que ele consumiu. Os v\u00eddeos foram submetidos \u00e0 per\u00edcia comprovam que Bigodini estava ao volante do Chevrolet Tracker cinza alugado.<\/p>\n<p>O rastreamento foi poss\u00edvel porque o carro que Bigodini dirigia era alugado e monitorado por GPS. Naquela noite, Bigodini ingeriu vodca, cacha\u00e7a, u\u00edsque e cerveja. Na dire\u00e7\u00e3o do Tracker, atingiu mais de 100 quil\u00f4metros por hora em v\u00e1rias vias da cidade, chegando ao m\u00e1ximo de 183 km\/h na Rodovia Anhanguera (SP-330).\u2028\u2028Em nota distribu\u00edda a imprensa, os advogados Wesley Felipe Martins dos Santos Rodrigues e Paulo Roberto Pereira Marques dizem que tomaram conhecimento das imagens divulgadas pela Pol\u00edcia Civil atrav\u00e9s da m\u00eddia. \u2028Citam que o processo tem 233 p\u00e1ginas, motivo pelo qual n\u00e3o houve tempo h\u00e1bil para que a defesa procedesse \u00e0 an\u00e1lise minuciosa de todo o conte\u00fado apresentado.<\/p>\n<p><!-- CONTENT END 3 -->\n<\/div>\n<p><br \/>\n<br \/><a href=\"https:\/\/www.tribunaribeirao.com.br\/por-motivos-de-saude-corauci-deixa-o-caso-bigodini\/\">Source link <\/a><\/p>\n","protected":false},"excerpt":{"rendered":"<p>Por motivo de sa\u00fade, o vereador Jean Corauci (PSD) desistiu de relatar o processo de cassa\u00e7\u00e3o contra Bigodini\u2028\u2028 O vereador Jean Corauci (PSD) desistiu de&#8230;<\/p>\n","protected":false},"author":1,"featured_media":79407,"comment_status":"open","ping_status":"open","sticky":false,"template":"","format":"standard","meta":{"advanced_seo_description":"","jetpack_seo_html_title":"","jetpack_seo_noindex":false,"jetpack_post_was_ever_published":false,"_jetpack_newsletter_access":"","_jetpack_dont_email_post_to_subs":false,"_jetpack_newsletter_tier_id":0,"_jetpack_memberships_contains_paywalled_content":false,"_jetpack_memberships_contains_paid_content":false,"footnotes":"","jetpack_publicize_message":"","jetpack_publicize_feature_enabled":true,"jetpack_social_post_already_shared":true,"jetpack_social_options":{"image_generator_settings":{"template":"highway","default_image_id":0,"font":"","enabled":false},"version":2}},"categories":[11],"tags":[],"class_list":["post-79406","post","type-post","status-publish","format-standard","has-post-thumbnail","hentry","category-noticias-de-ribeirao-preto-sp-e-regiao-ismael-colosi"],"jetpack_publicize_connections":[],"jetpack_featured_media_url":"https:\/\/i0.wp.com\/noticiasribeiraopreto.com.br\/wp-content\/uploads\/2025\/10\/Bigodini-Cor-Thaisa-Coroado-Camara.jpg?fit=570%2C747&ssl=1","jetpack-related-posts":[{"id":78117,"url":"https:\/\/noticiasribeiraopreto.com.br\/index.php\/2025\/10\/02\/conselho-de-etica-define-relator-do-processo-de-cassacao-contra-bigodini\/","url_meta":{"origin":79406,"position":0},"title":"Conselho de \u00c9tica define relator do processo de cassa\u00e7\u00e3o contra Bigodini","author":"noticiasribeiraopreto.com.br","date":"2 de October de 2025","format":false,"excerpt":"O Conselho de \u00c9tica da C\u00e2mara de Ribeir\u00e3o Preto se reuniu na manh\u00e3 desta quinta-feira (2) para dar in\u00edcio ao processo de cassa\u00e7\u00e3o contra o vereador Roger Ronan da Silva (MDB), o Bigodini. O conselho definiu que Jean Corauci (PSD) ser\u00e1 o relator da investiga\u00e7\u00e3o. O presidente do Conselho, Di\u00e1cono\u2026","rel":"","context":"In &quot;Not\u00edcias de Ribeir\u00e3o Preto-SP e Regi\u00e3o&quot;","block_context":{"text":"Not\u00edcias de Ribeir\u00e3o Preto-SP e Regi\u00e3o","link":"https:\/\/noticiasribeiraopreto.com.br\/index.php\/category\/noticias-de-ribeirao-preto-sp-e-regiao-ismael-colosi\/"},"img":{"alt_text":"","src":"https:\/\/i0.wp.com\/noticiasribeiraopreto.com.br\/wp-content\/uploads\/2025\/10\/corauci_2025-10-02_14-55-47.webp.webp?fit=1200%2C674&ssl=1&resize=350%2C200","width":350,"height":200,"srcset":"https:\/\/i0.wp.com\/noticiasribeiraopreto.com.br\/wp-content\/uploads\/2025\/10\/corauci_2025-10-02_14-55-47.webp.webp?fit=1200%2C674&ssl=1&resize=350%2C200 1x, https:\/\/i0.wp.com\/noticiasribeiraopreto.com.br\/wp-content\/uploads\/2025\/10\/corauci_2025-10-02_14-55-47.webp.webp?fit=1200%2C674&ssl=1&resize=525%2C300 1.5x, https:\/\/i0.wp.com\/noticiasribeiraopreto.com.br\/wp-content\/uploads\/2025\/10\/corauci_2025-10-02_14-55-47.webp.webp?fit=1200%2C674&ssl=1&resize=700%2C400 2x, https:\/\/i0.wp.com\/noticiasribeiraopreto.com.br\/wp-content\/uploads\/2025\/10\/corauci_2025-10-02_14-55-47.webp.webp?fit=1200%2C674&ssl=1&resize=1050%2C600 3x"},"classes":[]},{"id":79390,"url":"https:\/\/noticiasribeiraopreto.com.br\/index.php\/2025\/10\/30\/caso-bigodini-conselho-de-etica-troca-relator-do-processo-de-cassacao-do-vereador\/","url_meta":{"origin":79406,"position":1},"title":"Caso Bigodini: Conselho de \u00c9tica troca relator do processo de cassa\u00e7\u00e3o do vereador","author":"noticiasribeiraopreto.com.br","date":"30 de October de 2025","format":false,"excerpt":"O Conselho de \u00c9tica da C\u00e2mara de Ribeir\u00e3o Preto nomeou nesta quinta-feira (30) Maur\u00edcio Vila Abranches (PSDB) como novo relator do processo de cassa\u00e7\u00e3o de Roger Ronan da Silva, o Bigodini (MDB). A troca ocorreu ap\u00f3s Jean Corauci se afastar das atividades por problemas de sa\u00fade. Abranches conduzir\u00e1 a apura\u00e7\u00e3o\u2026","rel":"","context":"In &quot;Not\u00edcias de Ribeir\u00e3o Preto-SP e Regi\u00e3o&quot;","block_context":{"text":"Not\u00edcias de Ribeir\u00e3o Preto-SP e Regi\u00e3o","link":"https:\/\/noticiasribeiraopreto.com.br\/index.php\/category\/noticias-de-ribeirao-preto-sp-e-regiao-ismael-colosi\/"},"img":{"alt_text":"","src":"https:\/\/i0.wp.com\/noticiasribeiraopreto.com.br\/wp-content\/uploads\/2025\/10\/Imagem-do-WhatsApp-de-2025-10-22-as-16.13.51_ec1ee62b_2025-10-22_19-19-05.webp.webp?fit=1200%2C800&ssl=1&resize=350%2C200","width":350,"height":200,"srcset":"https:\/\/i0.wp.com\/noticiasribeiraopreto.com.br\/wp-content\/uploads\/2025\/10\/Imagem-do-WhatsApp-de-2025-10-22-as-16.13.51_ec1ee62b_2025-10-22_19-19-05.webp.webp?fit=1200%2C800&ssl=1&resize=350%2C200 1x, https:\/\/i0.wp.com\/noticiasribeiraopreto.com.br\/wp-content\/uploads\/2025\/10\/Imagem-do-WhatsApp-de-2025-10-22-as-16.13.51_ec1ee62b_2025-10-22_19-19-05.webp.webp?fit=1200%2C800&ssl=1&resize=525%2C300 1.5x, https:\/\/i0.wp.com\/noticiasribeiraopreto.com.br\/wp-content\/uploads\/2025\/10\/Imagem-do-WhatsApp-de-2025-10-22-as-16.13.51_ec1ee62b_2025-10-22_19-19-05.webp.webp?fit=1200%2C800&ssl=1&resize=700%2C400 2x, https:\/\/i0.wp.com\/noticiasribeiraopreto.com.br\/wp-content\/uploads\/2025\/10\/Imagem-do-WhatsApp-de-2025-10-22-as-16.13.51_ec1ee62b_2025-10-22_19-19-05.webp.webp?fit=1200%2C800&ssl=1&resize=1050%2C600 3x"},"classes":[]},{"id":78942,"url":"https:\/\/noticiasribeiraopreto.com.br\/index.php\/2025\/10\/21\/processo-de-cassacao-contra-bigodini-tem-segunda-reuniao-no-conselho-de-etica\/","url_meta":{"origin":79406,"position":2},"title":"Processo de cassa\u00e7\u00e3o contra Bigodini tem segunda reuni\u00e3o no Conselho de \u00c9tica","author":"noticiasribeiraopreto.com.br","date":"21 de October de 2025","format":false,"excerpt":"O Conselho de \u00c9tica da C\u00e2mara de Ribeir\u00e3o Preto volta a se reunir na quarta-feira (22) para segunda reuni\u00e3o do processo de cassa\u00e7\u00e3o contra o vereador Roger Ronan da Silva, o Bigodini (MDB). De acordo com o Legislativo, a reuni\u00e3o acontece a partir das 15h, na Sala de Comiss\u00f5es do\u2026","rel":"","context":"In &quot;Not\u00edcias de Ribeir\u00e3o Preto-SP e Regi\u00e3o&quot;","block_context":{"text":"Not\u00edcias de Ribeir\u00e3o Preto-SP e Regi\u00e3o","link":"https:\/\/noticiasribeiraopreto.com.br\/index.php\/category\/noticias-de-ribeirao-preto-sp-e-regiao-ismael-colosi\/"},"img":{"alt_text":"","src":"https:\/\/i0.wp.com\/noticiasribeiraopreto.com.br\/wp-content\/uploads\/2025\/10\/Copia-de-Copia-de-Copia-de-TAMANHO-EXATO-PARA-FOTOS-NO-SISTEMA-NOVO-2025-10-03T142815.473_2025-10-03_17-28-22.webp.webp?fit=1200%2C675&ssl=1&resize=350%2C200","width":350,"height":200,"srcset":"https:\/\/i0.wp.com\/noticiasribeiraopreto.com.br\/wp-content\/uploads\/2025\/10\/Copia-de-Copia-de-Copia-de-TAMANHO-EXATO-PARA-FOTOS-NO-SISTEMA-NOVO-2025-10-03T142815.473_2025-10-03_17-28-22.webp.webp?fit=1200%2C675&ssl=1&resize=350%2C200 1x, https:\/\/i0.wp.com\/noticiasribeiraopreto.com.br\/wp-content\/uploads\/2025\/10\/Copia-de-Copia-de-Copia-de-TAMANHO-EXATO-PARA-FOTOS-NO-SISTEMA-NOVO-2025-10-03T142815.473_2025-10-03_17-28-22.webp.webp?fit=1200%2C675&ssl=1&resize=525%2C300 1.5x, https:\/\/i0.wp.com\/noticiasribeiraopreto.com.br\/wp-content\/uploads\/2025\/10\/Copia-de-Copia-de-Copia-de-TAMANHO-EXATO-PARA-FOTOS-NO-SISTEMA-NOVO-2025-10-03T142815.473_2025-10-03_17-28-22.webp.webp?fit=1200%2C675&ssl=1&resize=700%2C400 2x, https:\/\/i0.wp.com\/noticiasribeiraopreto.com.br\/wp-content\/uploads\/2025\/10\/Copia-de-Copia-de-Copia-de-TAMANHO-EXATO-PARA-FOTOS-NO-SISTEMA-NOVO-2025-10-03T142815.473_2025-10-03_17-28-22.webp.webp?fit=1200%2C675&ssl=1&resize=1050%2C600 3x"},"classes":[]},{"id":79599,"url":"https:\/\/noticiasribeiraopreto.com.br\/index.php\/2025\/11\/04\/conselho-de-etica-da-camara-de-ribeirao-pede-suspensao-de-bigodini-mas-barra-cassacao\/","url_meta":{"origin":79406,"position":3},"title":"Conselho de \u00c9tica da C\u00e2mara de Ribeir\u00e3o pede suspens\u00e3o de Bigodini, mas barra cassa\u00e7\u00e3o","author":"noticiasribeiraopreto.com.br","date":"4 de November de 2025","format":false,"excerpt":"O relat\u00f3rio do Conselho de \u00c9tica da C\u00e2mara de Ribeir\u00e3o Preto pediu a suspens\u00e3o do mandato do vereador Roger Ronan da Silva, o Bigodini (MDB), por seis meses. O relat\u00f3rio foi lido na tarde desta ter\u00e7a-feira (4) pelo vereador Maur\u00edcio Vila Abranches (PSDB), que optou por manter os direitos pol\u00edticos\u2026","rel":"","context":"In &quot;Not\u00edcias de Ribeir\u00e3o Preto-SP e Regi\u00e3o&quot;","block_context":{"text":"Not\u00edcias de Ribeir\u00e3o Preto-SP e Regi\u00e3o","link":"https:\/\/noticiasribeiraopreto.com.br\/index.php\/category\/noticias-de-ribeirao-preto-sp-e-regiao-ismael-colosi\/"},"img":{"alt_text":"","src":"https:\/\/i0.wp.com\/noticiasribeiraopreto.com.br\/wp-content\/uploads\/2025\/10\/bigodini-cerveja_2025-10-24_13-49-24.webp.webp?fit=1200%2C674&ssl=1&resize=350%2C200","width":350,"height":200,"srcset":"https:\/\/i0.wp.com\/noticiasribeiraopreto.com.br\/wp-content\/uploads\/2025\/10\/bigodini-cerveja_2025-10-24_13-49-24.webp.webp?fit=1200%2C674&ssl=1&resize=350%2C200 1x, https:\/\/i0.wp.com\/noticiasribeiraopreto.com.br\/wp-content\/uploads\/2025\/10\/bigodini-cerveja_2025-10-24_13-49-24.webp.webp?fit=1200%2C674&ssl=1&resize=525%2C300 1.5x, https:\/\/i0.wp.com\/noticiasribeiraopreto.com.br\/wp-content\/uploads\/2025\/10\/bigodini-cerveja_2025-10-24_13-49-24.webp.webp?fit=1200%2C674&ssl=1&resize=700%2C400 2x, https:\/\/i0.wp.com\/noticiasribeiraopreto.com.br\/wp-content\/uploads\/2025\/10\/bigodini-cerveja_2025-10-24_13-49-24.webp.webp?fit=1200%2C674&ssl=1&resize=1050%2C600 3x"},"classes":[]},{"id":78984,"url":"https:\/\/noticiasribeiraopreto.com.br\/index.php\/2025\/10\/22\/caso-bigodini-conselho-de-etica-tem-nova-reuniao\/","url_meta":{"origin":79406,"position":4},"title":"Caso Bigodini: Conselho de \u00c9tica \u2028tem nova reuni\u00e3o","author":"noticiasribeiraopreto.com.br","date":"22 de October de 2025","format":false,"excerpt":"O Conselho de \u00c9tica e Decoro Parlamentar da C\u00e2mara de Ribeir\u00e3o Preto realizar\u00e1 nesta quarta-feira, 22 de outubro, \u00e0s 15 horas, a segunda reuni\u00e3o para discutir o processo de cassa\u00e7\u00e3o do vereador Roger Ronan da Silva`(MDB), o Bigodini, de 33 anos, que se envolveu em acidente de tr\u00e2nsito e \u00e9\u2026","rel":"","context":"In &quot;Not\u00edcias de Ribeir\u00e3o Preto-SP e Regi\u00e3o&quot;","block_context":{"text":"Not\u00edcias de Ribeir\u00e3o Preto-SP e Regi\u00e3o","link":"https:\/\/noticiasribeiraopreto.com.br\/index.php\/category\/noticias-de-ribeirao-preto-sp-e-regiao-ismael-colosi\/"},"img":{"alt_text":"","src":"https:\/\/i0.wp.com\/noticiasribeiraopreto.com.br\/wp-content\/uploads\/2025\/10\/Bigodini-Thaisa-Coroado-Camara-scaled.jpg?fit=1170%2C780&ssl=1&resize=350%2C200","width":350,"height":200,"srcset":"https:\/\/i0.wp.com\/noticiasribeiraopreto.com.br\/wp-content\/uploads\/2025\/10\/Bigodini-Thaisa-Coroado-Camara-scaled.jpg?fit=1170%2C780&ssl=1&resize=350%2C200 1x, https:\/\/i0.wp.com\/noticiasribeiraopreto.com.br\/wp-content\/uploads\/2025\/10\/Bigodini-Thaisa-Coroado-Camara-scaled.jpg?fit=1170%2C780&ssl=1&resize=525%2C300 1.5x, https:\/\/i0.wp.com\/noticiasribeiraopreto.com.br\/wp-content\/uploads\/2025\/10\/Bigodini-Thaisa-Coroado-Camara-scaled.jpg?fit=1170%2C780&ssl=1&resize=700%2C400 2x, https:\/\/i0.wp.com\/noticiasribeiraopreto.com.br\/wp-content\/uploads\/2025\/10\/Bigodini-Thaisa-Coroado-Camara-scaled.jpg?fit=1170%2C780&ssl=1&resize=1050%2C600 3x"},"classes":[]},{"id":79620,"url":"https:\/\/noticiasribeiraopreto.com.br\/index.php\/2025\/11\/04\/conselho-de-etica-da-camara-de-ribeirao-pede-suspensao-de-bigodini-mas-barra-cassacao-2\/","url_meta":{"origin":79406,"position":5},"title":"Conselho de \u00c9tica da C\u00e2mara de Ribeir\u00e3o pede suspens\u00e3o de Bigodini, mas barra cassa\u00e7\u00e3o","author":"noticiasribeiraopreto.com.br","date":"4 de November de 2025","format":false,"excerpt":"O relat\u00f3rio do Conselho de \u00c9tica da C\u00e2mara de Ribeir\u00e3o Preto pediu a suspens\u00e3o do mandato do vereador Roger Ronan da Silva, o Bigodini (MDB), por seis meses. O relat\u00f3rio foi lido na tarde desta ter\u00e7a-feira (4) pelo vereador Maur\u00edcio Vila Abranches (PSDB), que optou por manter os direitos pol\u00edticos\u2026","rel":"","context":"In &quot;Not\u00edcias de Ribeir\u00e3o Preto-SP e Regi\u00e3o&quot;","block_context":{"text":"Not\u00edcias de Ribeir\u00e3o Preto-SP e Regi\u00e3o","link":"https:\/\/noticiasribeiraopreto.com.br\/index.php\/category\/noticias-de-ribeirao-preto-sp-e-regiao-ismael-colosi\/"},"img":{"alt_text":"","src":"https:\/\/i0.wp.com\/noticiasribeiraopreto.com.br\/wp-content\/uploads\/2025\/10\/bigodini-cerveja_2025-10-24_13-49-24.webp.webp?fit=1200%2C674&ssl=1&resize=350%2C200","width":350,"height":200,"srcset":"https:\/\/i0.wp.com\/noticiasribeiraopreto.com.br\/wp-content\/uploads\/2025\/10\/bigodini-cerveja_2025-10-24_13-49-24.webp.webp?fit=1200%2C674&ssl=1&resize=350%2C200 1x, https:\/\/i0.wp.com\/noticiasribeiraopreto.com.br\/wp-content\/uploads\/2025\/10\/bigodini-cerveja_2025-10-24_13-49-24.webp.webp?fit=1200%2C674&ssl=1&resize=525%2C300 1.5x, https:\/\/i0.wp.com\/noticiasribeiraopreto.com.br\/wp-content\/uploads\/2025\/10\/bigodini-cerveja_2025-10-24_13-49-24.webp.webp?fit=1200%2C674&ssl=1&resize=700%2C400 2x, https:\/\/i0.wp.com\/noticiasribeiraopreto.com.br\/wp-content\/uploads\/2025\/10\/bigodini-cerveja_2025-10-24_13-49-24.webp.webp?fit=1200%2C674&ssl=1&resize=1050%2C600 3x"},"classes":[]}],"jetpack_sharing_enabled":true,"jetpack_shortlink":"https:\/\/wp.me\/peQAOb-kEK","_links":{"self":[{"href":"https:\/\/noticiasribeiraopreto.com.br\/index.php\/wp-json\/wp\/v2\/posts\/79406","targetHints":{"allow":["GET"]}}],"collection":[{"href":"https:\/\/noticiasribeiraopreto.com.br\/index.php\/wp-json\/wp\/v2\/posts"}],"about":[{"href":"https:\/\/noticiasribeiraopreto.com.br\/index.php\/wp-json\/wp\/v2\/types\/post"}],"author":[{"embeddable":true,"href":"https:\/\/noticiasribeiraopreto.com.br\/index.php\/wp-json\/wp\/v2\/users\/1"}],"replies":[{"embeddable":true,"href":"https:\/\/noticiasribeiraopreto.com.br\/index.php\/wp-json\/wp\/v2\/comments?post=79406"}],"version-history":[{"count":0,"href":"https:\/\/noticiasribeiraopreto.com.br\/index.php\/wp-json\/wp\/v2\/posts\/79406\/revisions"}],"wp:featuredmedia":[{"embeddable":true,"href":"https:\/\/noticiasribeiraopreto.com.br\/index.php\/wp-json\/wp\/v2\/media\/79407"}],"wp:attachment":[{"href":"https:\/\/noticiasribeiraopreto.com.br\/index.php\/wp-json\/wp\/v2\/media?parent=79406"}],"wp:term":[{"taxonomy":"category","embeddable":true,"href":"https:\/\/noticiasribeiraopreto.com.br\/index.php\/wp-json\/wp\/v2\/categories?post=79406"},{"taxonomy":"post_tag","embeddable":true,"href":"https:\/\/noticiasribeiraopreto.com.br\/index.php\/wp-json\/wp\/v2\/tags?post=79406"}],"curies":[{"name":"wp","href":"https:\/\/api.w.org\/{rel}","templated":true}]}}