{"id":79408,"date":"2025-10-31T08:23:15","date_gmt":"2025-10-31T11:23:15","guid":{"rendered":"https:\/\/noticiasribeiraopreto.com.br\/index.php\/2025\/10\/31\/alerta-para-muita-chuva-veja-como-fica-o-tempo-no-fim-de-semana-no-interior-de-sp\/"},"modified":"2025-10-31T08:23:15","modified_gmt":"2025-10-31T11:23:15","slug":"alerta-para-muita-chuva-veja-como-fica-o-tempo-no-fim-de-semana-no-interior-de-sp","status":"publish","type":"post","link":"https:\/\/noticiasribeiraopreto.com.br\/index.php\/2025\/10\/31\/alerta-para-muita-chuva-veja-como-fica-o-tempo-no-fim-de-semana-no-interior-de-sp\/","title":{"rendered":"Alerta para muita chuva: Veja como fica o tempo no fim de semana no interior de SP"},"content":{"rendered":"<div class='code-block code-block-1' style='margin: 8px 0 8px auto; text-align: right; display: block; clear: both;'>\n<p><a href=\"https:\/\/wa.link\/vpicfd\"><img data-recalc-dims=\"1\" class=\"wp-image-4922\" style=\"aspect-ratio: 2.0253164556962027; width: 561px; height: auto;\" src=\"https:\/\/i0.wp.com\/ismaelcolosi.com.br\/wp-content\/uploads\/2023\/11\/grupo-de-empregos-whatsapp-e-facebook-ismael-colosi-vagas.jpg?ssl=1\" alt=\"\" \/><\/a><\/p>\n<!-- \/wp:image -->\n<\/div>\n<p> <br \/>\n<\/p>\n<div data-td-block-uid=\"tdi_95\">\n<div class=\"tdb-block-inner td-fix-index\">\n<p><strong>O avan\u00e7o de uma frente fria e cavados meteorol\u00f3gicos devem manter o tempo inst\u00e1vel durante o fim de semana na regi\u00e3o de Ribeir\u00e3o Preto.<\/strong><\/p>\n<p>A Defesa Civil emitiu um alerta para chuvas fortes no estado paulista. <mark style=\"background-color:#fcb900\" class=\"has-inline-color has-black-color\">Para as regi\u00f5es de Ribeir\u00e3o Preto, Franca e Barretos est\u00e3o previstas chuvas com acumulados altos entre sexta-feira (31) e domingo (2). J\u00e1 nas regi\u00f5es de S\u00e3o Jos\u00e9 do Rio Preto e Ara\u00e7atuba, os acumulados devem atingir os maiores n\u00edveis em todo o estado.<\/mark><\/p>\n<p>Segundo a Climatempo, o tempo vai seguir abafado na regi\u00e3o at\u00e9 domingo.<\/p>\n<p>Para a segunda-feira (3) ainda h\u00e1 previs\u00e3o de chuva, por\u00e9m, com mudan\u00e7a brusca de temperatura. Em Ribeir\u00e3o, a m\u00e1xima deve ser de 24\u00b0C.<\/p>\n<h2 class=\"wp-block-heading\"><strong>Veja a previs\u00e3o do tempo em Ribeir\u00e3o Preto:<\/strong><\/h2>\n<p>19\u00b0C \/ 28\u00b0C<br \/>Chuva: 3,7 mm \/ 82%<br \/>Umidade do ar: 63% \/ 90%<\/p>\n<p>20\u00b0C \/ 30\u00b0C<br \/>Chuva: 2,3 mm \/ 84%<br \/>Umidade do ar: 56% \/ 96%<\/p>\n<p>22\u00b0C \/ 29\u00b0C<br \/>Chuva: 28,5 mm \/ 84%<br \/>Umidade do ar: 65% \/ 95%<\/p>\n<p>Fonte: Climatempo<\/p>\n<p>SAIBA MAIS<\/p>\n<p>Defesa Civil alerta para chuvas intensas e risco de transtornos no final de semana; Veja regi\u00f5es afetadas<\/p>\n<h3 class=\"wp-block-heading\"><strong>FIQUE ON<\/strong><\/h3>\n<p>Fique ligado em tudo que acontece em Ribeir\u00e3o Preto e regi\u00e3o. Siga os perfis do\u00a0<strong>acidade on\u00a0<\/strong>no<a href=\"https:\/\/www.instagram.com\/acidadeonribeirao\" target=\"_blank\" rel=\"noreferrer noopener\">\u00a0Instagram<\/a>\u00a0e no\u00a0<a href=\"https:\/\/www.facebook.com\/acidadeonribeirao\/\" target=\"_blank\" rel=\"noreferrer noopener\">Facebook<\/a>.<\/p>\n<p>Receba not\u00edcias do\u00a0<strong>acidade on<\/strong>\u00a0no WhatsApp. Para entrar no grupo,\u00a0basta\u00a0<a href=\"https:\/\/chat.whatsapp.com\/I4nieTEMKlf50pJ28aMemC?mode=ac_t\" target=\"_blank\" rel=\"noreferrer noopener\">clicar aqui<\/a>. Ou, acesse o nosso\u00a0Canal\u00a0<a href=\"https:\/\/whatsapp.com\/channel\/0029Vb6IQl1JENyAeS57fk2p\" target=\"_blank\" rel=\"noreferrer noopener\">clicando aqui<\/a>.<\/p>\n<p>Fa\u00e7a uma den\u00fancia ou sugira uma reportagem sobre Ribeir\u00e3o Preto e regi\u00e3o pelo WhatsApp: 16 99117 7802.<\/p>\n<p>VEJA TAMB\u00c9M<\/p>\n<p>\u2018Um Maluco no Peda\u00e7o\u2019: qual era o personagem de Floyd Roger Myers Jr.?<\/p>\n<p><!-- AI CONTENT END 1 -->\n<\/div>\n<\/div>\n<p><script async src=\"\/\/www.instagram.com\/embed.js\"><\/script><br \/>\n<br \/><br \/>\n<br \/><a href=\"https:\/\/www.acidadeon.com\/ribeiraopreto\/cotidiano\/alerta-para-muita-chuva-veja-como-fica-o-tempo-no-fim-de-semana-no-interior-de-sp\/\">Source link <\/a><\/p>\n<!-- CONTENT END 1 -->\n","protected":false},"excerpt":{"rendered":"<p>O avan\u00e7o de uma frente fria e cavados meteorol\u00f3gicos devem manter o tempo inst\u00e1vel durante o fim de semana na regi\u00e3o de Ribeir\u00e3o Preto. A&#8230;<\/p>\n","protected":false},"author":1,"featured_media":74706,"comment_status":"open","ping_status":"open","sticky":false,"template":"","format":"standard","meta":{"advanced_seo_description":"","jetpack_seo_html_title":"","jetpack_seo_noindex":false,"jetpack_post_was_ever_published":false,"_jetpack_newsletter_access":"","_jetpack_dont_email_post_to_subs":false,"_jetpack_newsletter_tier_id":0,"_jetpack_memberships_contains_paywalled_content":false,"_jetpack_memberships_contains_paid_content":false,"footnotes":"","jetpack_publicize_message":"","jetpack_publicize_feature_enabled":true,"jetpack_social_post_already_shared":true,"jetpack_social_options":{"image_generator_settings":{"template":"highway","default_image_id":0,"font":"","enabled":false},"version":2}},"categories":[11],"tags":[],"class_list":["post-79408","post","type-post","status-publish","format-standard","has-post-thumbnail","hentry","category-noticias-de-ribeirao-preto-sp-e-regiao-ismael-colosi"],"jetpack_publicize_connections":[],"jetpack_featured_media_url":"https:\/\/i0.wp.com\/noticiasribeiraopreto.com.br\/wp-content\/uploads\/2025\/07\/WhatsApp-Image-2024-10-15-at-08.25.28_2024-10-15_11-26-55_jpeg_2024-10-15_11-26-55.webp.webp?fit=1600%2C720&ssl=1","jetpack-related-posts":[{"id":78504,"url":"https:\/\/noticiasribeiraopreto.com.br\/index.php\/2025\/10\/12\/domingo-de-calor-e-chuva-veja-a-previsao-do-tempo-para-ribeirao-preto\/","url_meta":{"origin":79408,"position":0},"title":"Domingo de calor e chuva? Veja a previs\u00e3o do tempo para Ribeir\u00e3o Preto","author":"noticiasribeiraopreto.com.br","date":"12 de October de 2025","format":false,"excerpt":"O domingo (12) em Ribeir\u00e3o Preto deve ser marcado pela varia\u00e7\u00e3o de nebulosidade e tempo inst\u00e1vel, segundo a Climatempo. A previs\u00e3o indica sol entre muitas nuvens pela manh\u00e3, com aumento de nuvens ao longo do dia e possibilidade de garoa durante a noite. As temperaturas devem variar entre 19\u00b0C e\u2026","rel":"","context":"In &quot;Not\u00edcias de Ribeir\u00e3o Preto-SP e Regi\u00e3o&quot;","block_context":{"text":"Not\u00edcias de Ribeir\u00e3o Preto-SP e Regi\u00e3o","link":"https:\/\/noticiasribeiraopreto.com.br\/index.php\/category\/noticias-de-ribeirao-preto-sp-e-regiao-ismael-colosi\/"},"img":{"alt_text":"","src":"https:\/\/i0.wp.com\/noticiasribeiraopreto.com.br\/wp-content\/uploads\/2025\/10\/WhatsApp-Image-2025-10-12-at-09.48.30_2025-10-12_12-48-40.webp.webp?fit=1200%2C900&ssl=1&resize=350%2C200","width":350,"height":200,"srcset":"https:\/\/i0.wp.com\/noticiasribeiraopreto.com.br\/wp-content\/uploads\/2025\/10\/WhatsApp-Image-2025-10-12-at-09.48.30_2025-10-12_12-48-40.webp.webp?fit=1200%2C900&ssl=1&resize=350%2C200 1x, https:\/\/i0.wp.com\/noticiasribeiraopreto.com.br\/wp-content\/uploads\/2025\/10\/WhatsApp-Image-2025-10-12-at-09.48.30_2025-10-12_12-48-40.webp.webp?fit=1200%2C900&ssl=1&resize=525%2C300 1.5x, https:\/\/i0.wp.com\/noticiasribeiraopreto.com.br\/wp-content\/uploads\/2025\/10\/WhatsApp-Image-2025-10-12-at-09.48.30_2025-10-12_12-48-40.webp.webp?fit=1200%2C900&ssl=1&resize=700%2C400 2x, https:\/\/i0.wp.com\/noticiasribeiraopreto.com.br\/wp-content\/uploads\/2025\/10\/WhatsApp-Image-2025-10-12-at-09.48.30_2025-10-12_12-48-40.webp.webp?fit=1200%2C900&ssl=1&resize=1050%2C600 3x"},"classes":[]},{"id":62539,"url":"https:\/\/noticiasribeiraopreto.com.br\/index.php\/2025\/01\/17\/fim-de-semana-com-chuva-veja-alerta-e-previsao-para-o-estado-de-sp\/","url_meta":{"origin":79408,"position":1},"title":"Fim de semana com chuva? Veja alerta e previs\u00e3o para o estado de SP","author":"noticiasribeiraopreto.com.br","date":"17 de January de 2025","format":false,"excerpt":"O fim de semana tem previs\u00e3o de tempo inst\u00e1vel, com possibilidade de temporais e chuvas com acumulados expressivos no estado de S\u00e3o Paulo. A Defesa Civil emitiu um alerta com validade at\u00e9 domingo (19), devido \u00e0 aproxima\u00e7\u00e3o de uma frente fria. As chuvas podem estar acompanhas de raios, ventos e\u2026","rel":"","context":"In &quot;Not\u00edcias de Ribeir\u00e3o Preto-SP e Regi\u00e3o&quot;","block_context":{"text":"Not\u00edcias de Ribeir\u00e3o Preto-SP e Regi\u00e3o","link":"https:\/\/noticiasribeiraopreto.com.br\/index.php\/category\/noticias-de-ribeirao-preto-sp-e-regiao-ismael-colosi\/"},"img":{"alt_text":"","src":"https:\/\/i0.wp.com\/noticiasribeiraopreto.com.br\/wp-content\/uploads\/2024\/10\/WhatsApp-Image-2024-10-15-at-08.25.28_2024-10-15_11-26-55_jpeg_2024-10-15_11-26-55.webp.webp?fit=1200%2C540&ssl=1&resize=350%2C200","width":350,"height":200,"srcset":"https:\/\/i0.wp.com\/noticiasribeiraopreto.com.br\/wp-content\/uploads\/2024\/10\/WhatsApp-Image-2024-10-15-at-08.25.28_2024-10-15_11-26-55_jpeg_2024-10-15_11-26-55.webp.webp?fit=1200%2C540&ssl=1&resize=350%2C200 1x, https:\/\/i0.wp.com\/noticiasribeiraopreto.com.br\/wp-content\/uploads\/2024\/10\/WhatsApp-Image-2024-10-15-at-08.25.28_2024-10-15_11-26-55_jpeg_2024-10-15_11-26-55.webp.webp?fit=1200%2C540&ssl=1&resize=525%2C300 1.5x, https:\/\/i0.wp.com\/noticiasribeiraopreto.com.br\/wp-content\/uploads\/2024\/10\/WhatsApp-Image-2024-10-15-at-08.25.28_2024-10-15_11-26-55_jpeg_2024-10-15_11-26-55.webp.webp?fit=1200%2C540&ssl=1&resize=700%2C400 2x, https:\/\/i0.wp.com\/noticiasribeiraopreto.com.br\/wp-content\/uploads\/2024\/10\/WhatsApp-Image-2024-10-15-at-08.25.28_2024-10-15_11-26-55_jpeg_2024-10-15_11-26-55.webp.webp?fit=1200%2C540&ssl=1&resize=1050%2C600 3x"},"classes":[]},{"id":71515,"url":"https:\/\/noticiasribeiraopreto.com.br\/index.php\/2025\/06\/06\/previsao-do-tempo-possibilidade-de-chuva-no-interior-de-sp-no-domingo-confira\/","url_meta":{"origin":79408,"position":2},"title":"Previs\u00e3o do tempo: possibilidade de chuva no interior de SP no domingo; confira","author":"noticiasribeiraopreto.com.br","date":"6 de June de 2025","format":false,"excerpt":"A previs\u00e3o do tempo para o final de semana no estado de S\u00e3o Paulo aponta para possibilidade de chuva, que deve acontecer a partir de domingo (8). Antes, no s\u00e1bado (7), o tempo ficar\u00e1 inst\u00e1vel na parte leste do estado, segundo a Climatempo. \u201cA chuva chega nessas \u00e1reas em forma\u2026","rel":"","context":"In &quot;Not\u00edcias de Ribeir\u00e3o Preto-SP e Regi\u00e3o&quot;","block_context":{"text":"Not\u00edcias de Ribeir\u00e3o Preto-SP e Regi\u00e3o","link":"https:\/\/noticiasribeiraopreto.com.br\/index.php\/category\/noticias-de-ribeirao-preto-sp-e-regiao-ismael-colosi\/"},"img":{"alt_text":"","src":"https:\/\/i0.wp.com\/noticiasribeiraopreto.com.br\/wp-content\/uploads\/2025\/02\/chuva-ribeirao-preto-2_2025-02-02_20-25-14_jpeg_2025-02-02_20-25-14.webp.webp?fit=1166%2C874&ssl=1&resize=350%2C200","width":350,"height":200,"srcset":"https:\/\/i0.wp.com\/noticiasribeiraopreto.com.br\/wp-content\/uploads\/2025\/02\/chuva-ribeirao-preto-2_2025-02-02_20-25-14_jpeg_2025-02-02_20-25-14.webp.webp?fit=1166%2C874&ssl=1&resize=350%2C200 1x, https:\/\/i0.wp.com\/noticiasribeiraopreto.com.br\/wp-content\/uploads\/2025\/02\/chuva-ribeirao-preto-2_2025-02-02_20-25-14_jpeg_2025-02-02_20-25-14.webp.webp?fit=1166%2C874&ssl=1&resize=525%2C300 1.5x, https:\/\/i0.wp.com\/noticiasribeiraopreto.com.br\/wp-content\/uploads\/2025\/02\/chuva-ribeirao-preto-2_2025-02-02_20-25-14_jpeg_2025-02-02_20-25-14.webp.webp?fit=1166%2C874&ssl=1&resize=700%2C400 2x, https:\/\/i0.wp.com\/noticiasribeiraopreto.com.br\/wp-content\/uploads\/2025\/02\/chuva-ribeirao-preto-2_2025-02-02_20-25-14_jpeg_2025-02-02_20-25-14.webp.webp?fit=1166%2C874&ssl=1&resize=1050%2C600 3x"},"classes":[]},{"id":60533,"url":"https:\/\/noticiasribeiraopreto.com.br\/index.php\/2024\/11\/17\/sol-ou-chuva-veja-previsao-do-tempo-para-ribeirao-preto\/","url_meta":{"origin":79408,"position":3},"title":"Sol ou chuva? Veja previs\u00e3o do tempo para Ribeir\u00e3o Preto","author":"noticiasribeiraopreto.com.br","date":"17 de November de 2024","format":false,"excerpt":"\u00c1reas de instabilidade enfraquecem neste domingo (17) e a chuva diminui em algumas regi\u00f5es do Sudeste. Em Ribeir\u00e3o Preto, contudo, h\u00e1 previs\u00e3o de sol com nuvens e chuva r\u00e1pida durante o dia. De acordo com a previs\u00e3o da Climatempo, as temperaturas no munic\u00edpio devem variar entre 19\u00b0C e 28\u00b0C. Conforme\u2026","rel":"","context":"In &quot;Not\u00edcias de Ribeir\u00e3o Preto-SP e Regi\u00e3o&quot;","block_context":{"text":"Not\u00edcias de Ribeir\u00e3o Preto-SP e Regi\u00e3o","link":"https:\/\/noticiasribeiraopreto.com.br\/index.php\/category\/noticias-de-ribeirao-preto-sp-e-regiao-ismael-colosi\/"},"img":{"alt_text":"","src":"https:\/\/i0.wp.com\/noticiasribeiraopreto.com.br\/wp-content\/uploads\/2024\/11\/WhatsApp-Image-2024-11-17-at-09.58.52_2024-11-17_12-59-09_jpeg_2024-11-17_12-59-09.webp.webp?fit=1200%2C900&ssl=1&resize=350%2C200","width":350,"height":200,"srcset":"https:\/\/i0.wp.com\/noticiasribeiraopreto.com.br\/wp-content\/uploads\/2024\/11\/WhatsApp-Image-2024-11-17-at-09.58.52_2024-11-17_12-59-09_jpeg_2024-11-17_12-59-09.webp.webp?fit=1200%2C900&ssl=1&resize=350%2C200 1x, https:\/\/i0.wp.com\/noticiasribeiraopreto.com.br\/wp-content\/uploads\/2024\/11\/WhatsApp-Image-2024-11-17-at-09.58.52_2024-11-17_12-59-09_jpeg_2024-11-17_12-59-09.webp.webp?fit=1200%2C900&ssl=1&resize=525%2C300 1.5x, https:\/\/i0.wp.com\/noticiasribeiraopreto.com.br\/wp-content\/uploads\/2024\/11\/WhatsApp-Image-2024-11-17-at-09.58.52_2024-11-17_12-59-09_jpeg_2024-11-17_12-59-09.webp.webp?fit=1200%2C900&ssl=1&resize=700%2C400 2x, https:\/\/i0.wp.com\/noticiasribeiraopreto.com.br\/wp-content\/uploads\/2024\/11\/WhatsApp-Image-2024-11-17-at-09.58.52_2024-11-17_12-59-09_jpeg_2024-11-17_12-59-09.webp.webp?fit=1200%2C900&ssl=1&resize=1050%2C600 3x"},"classes":[]},{"id":62085,"url":"https:\/\/noticiasribeiraopreto.com.br\/index.php\/2025\/01\/03\/frente-fria-chega-com-mais-chuva-ao-estado-de-sp-veja-a-previsao-do-tempo\/","url_meta":{"origin":79408,"position":4},"title":"Frente fria chega com mais chuva ao Estado de SP; Veja a previs\u00e3o do tempo","author":"noticiasribeiraopreto.com.br","date":"3 de January de 2025","format":false,"excerpt":"Primeira frente fria de 2025 chega ao Estado de S\u00e3o Paulo nesta sexta-feira (3) e traz mais chuva para Ribeir\u00e3o Preto neste final de semana. Segundo a Climatempo, o dia deve permanecer nublado, com possibilidade de garoa pela manh\u00e3 e chuva no per\u00edodo da noite. As temperaturas devem ficar entre\u2026","rel":"","context":"In &quot;Not\u00edcias de Ribeir\u00e3o Preto-SP e Regi\u00e3o&quot;","block_context":{"text":"Not\u00edcias de Ribeir\u00e3o Preto-SP e Regi\u00e3o","link":"https:\/\/noticiasribeiraopreto.com.br\/index.php\/category\/noticias-de-ribeirao-preto-sp-e-regiao-ismael-colosi\/"},"img":{"alt_text":"","src":"https:\/\/i0.wp.com\/noticiasribeiraopreto.com.br\/wp-content\/uploads\/2025\/01\/ribeirao-preto-nublado_2025-01-03_10-43-51_jpeg_2025-01-03_10-43-51.webp.webp?fit=1200%2C900&ssl=1&resize=350%2C200","width":350,"height":200,"srcset":"https:\/\/i0.wp.com\/noticiasribeiraopreto.com.br\/wp-content\/uploads\/2025\/01\/ribeirao-preto-nublado_2025-01-03_10-43-51_jpeg_2025-01-03_10-43-51.webp.webp?fit=1200%2C900&ssl=1&resize=350%2C200 1x, https:\/\/i0.wp.com\/noticiasribeiraopreto.com.br\/wp-content\/uploads\/2025\/01\/ribeirao-preto-nublado_2025-01-03_10-43-51_jpeg_2025-01-03_10-43-51.webp.webp?fit=1200%2C900&ssl=1&resize=525%2C300 1.5x, https:\/\/i0.wp.com\/noticiasribeiraopreto.com.br\/wp-content\/uploads\/2025\/01\/ribeirao-preto-nublado_2025-01-03_10-43-51_jpeg_2025-01-03_10-43-51.webp.webp?fit=1200%2C900&ssl=1&resize=700%2C400 2x, https:\/\/i0.wp.com\/noticiasribeiraopreto.com.br\/wp-content\/uploads\/2025\/01\/ribeirao-preto-nublado_2025-01-03_10-43-51_jpeg_2025-01-03_10-43-51.webp.webp?fit=1200%2C900&ssl=1&resize=1050%2C600 3x"},"classes":[]},{"id":34374,"url":"https:\/\/noticiasribeiraopreto.com.br\/index.php\/2024\/02\/01\/apos-temporal-veja-como-fica-o-tempo-no-final-de-semana-em-ribeirao-preto\/","url_meta":{"origin":79408,"position":5},"title":"Ap\u00f3s temporal, veja como fica o tempo no final de semana em Ribeir\u00e3o Preto","author":"noticiasribeiraopreto.com.br","date":"1 de February de 2024","format":false,"excerpt":"Ap\u00f3s os estragos provocados pelo temporal que atingiu a regi\u00e3o Central de Ribeir\u00e3o Preto, no final da tarde desta quinta-feira (1\u00ba), ainda h\u00e1 previs\u00e3o de chuva para cidade neste final de semana. Vale lembrar que todo o estado de S\u00e3o Paulo, inclusive o interior, est\u00e1 sob alerta amarelo de temporais\u2026","rel":"","context":"In &quot;Not\u00edcias de Ribeir\u00e3o Preto-SP e Regi\u00e3o&quot;","block_context":{"text":"Not\u00edcias de Ribeir\u00e3o Preto-SP e Regi\u00e3o","link":"https:\/\/noticiasribeiraopreto.com.br\/index.php\/category\/noticias-de-ribeirao-preto-sp-e-regiao-ismael-colosi\/"},"img":{"alt_text":"","src":"https:\/\/i0.wp.com\/noticiasribeiraopreto.com.br\/wp-content\/uploads\/2024\/02\/Copia-de-Copia-de-TAMANHO-EXATO-PARA-FOTOS-NO-SISTEMA-NOVO-29.png?fit=1200%2C675&ssl=1&resize=350%2C200","width":350,"height":200,"srcset":"https:\/\/i0.wp.com\/noticiasribeiraopreto.com.br\/wp-content\/uploads\/2024\/02\/Copia-de-Copia-de-TAMANHO-EXATO-PARA-FOTOS-NO-SISTEMA-NOVO-29.png?fit=1200%2C675&ssl=1&resize=350%2C200 1x, https:\/\/i0.wp.com\/noticiasribeiraopreto.com.br\/wp-content\/uploads\/2024\/02\/Copia-de-Copia-de-TAMANHO-EXATO-PARA-FOTOS-NO-SISTEMA-NOVO-29.png?fit=1200%2C675&ssl=1&resize=525%2C300 1.5x, https:\/\/i0.wp.com\/noticiasribeiraopreto.com.br\/wp-content\/uploads\/2024\/02\/Copia-de-Copia-de-TAMANHO-EXATO-PARA-FOTOS-NO-SISTEMA-NOVO-29.png?fit=1200%2C675&ssl=1&resize=700%2C400 2x, https:\/\/i0.wp.com\/noticiasribeiraopreto.com.br\/wp-content\/uploads\/2024\/02\/Copia-de-Copia-de-TAMANHO-EXATO-PARA-FOTOS-NO-SISTEMA-NOVO-29.png?fit=1200%2C675&ssl=1&resize=1050%2C600 3x"},"classes":[]}],"jetpack_sharing_enabled":true,"jetpack_shortlink":"https:\/\/wp.me\/peQAOb-kEM","_links":{"self":[{"href":"https:\/\/noticiasribeiraopreto.com.br\/index.php\/wp-json\/wp\/v2\/posts\/79408","targetHints":{"allow":["GET"]}}],"collection":[{"href":"https:\/\/noticiasribeiraopreto.com.br\/index.php\/wp-json\/wp\/v2\/posts"}],"about":[{"href":"https:\/\/noticiasribeiraopreto.com.br\/index.php\/wp-json\/wp\/v2\/types\/post"}],"author":[{"embeddable":true,"href":"https:\/\/noticiasribeiraopreto.com.br\/index.php\/wp-json\/wp\/v2\/users\/1"}],"replies":[{"embeddable":true,"href":"https:\/\/noticiasribeiraopreto.com.br\/index.php\/wp-json\/wp\/v2\/comments?post=79408"}],"version-history":[{"count":0,"href":"https:\/\/noticiasribeiraopreto.com.br\/index.php\/wp-json\/wp\/v2\/posts\/79408\/revisions"}],"wp:featuredmedia":[{"embeddable":true,"href":"https:\/\/noticiasribeiraopreto.com.br\/index.php\/wp-json\/wp\/v2\/media\/74706"}],"wp:attachment":[{"href":"https:\/\/noticiasribeiraopreto.com.br\/index.php\/wp-json\/wp\/v2\/media?parent=79408"}],"wp:term":[{"taxonomy":"category","embeddable":true,"href":"https:\/\/noticiasribeiraopreto.com.br\/index.php\/wp-json\/wp\/v2\/categories?post=79408"},{"taxonomy":"post_tag","embeddable":true,"href":"https:\/\/noticiasribeiraopreto.com.br\/index.php\/wp-json\/wp\/v2\/tags?post=79408"}],"curies":[{"name":"wp","href":"https:\/\/api.w.org\/{rel}","templated":true}]}}