{"id":79409,"date":"2025-10-31T08:49:58","date_gmt":"2025-10-31T11:49:58","guid":{"rendered":"https:\/\/noticiasribeiraopreto.com.br\/index.php\/2025\/10\/31\/tv-local-transmitira-sessoes-da-camara-e-recebera-r-135-mil-por-mes\/"},"modified":"2025-10-31T08:49:58","modified_gmt":"2025-10-31T11:49:58","slug":"tv-local-transmitira-sessoes-da-camara-e-recebera-r-135-mil-por-mes","status":"publish","type":"post","link":"https:\/\/noticiasribeiraopreto.com.br\/index.php\/2025\/10\/31\/tv-local-transmitira-sessoes-da-camara-e-recebera-r-135-mil-por-mes\/","title":{"rendered":"TV local transmitir\u00e1 \u2028sess\u00f5es da C\u00e2mara e receber\u00e1 R$ 135 mil por m\u00eas"},"content":{"rendered":"<p> <br \/>\n<\/p>\n<div id=\"\">\n<p>\n\t\t\t\t\t\t\t\t\t<span class=\"entry-meta-item penci-posted-on\"><i class=\"fa fa-clock-o\"\/><time class=\"entry-date published\" datetime=\"2025-10-31T08:45:33-03:00\">31 de outubro de 2025 08:45<\/time><time class=\"updated\" datetime=\"2025-10-31T00:55:45-03:00\">31 de outubro de 2025 00:55<\/time><\/span><span class=\"entry-meta-item penci-post-countview\"><span class=\"entry-meta-item penci-post-countview penci_post-meta_item\"><i class=\"fa fa-eye\"\/><span class=\"penci-post-countview-number penci-post-countview-p444856\">7<\/span><\/span><\/span>\t\t\t\t\t\t\t\t<\/p>\n<p><!-- .entry-meta --><br \/>\n\t\t\t\t\t\t\t\t<span class=\"penci-social-buttons penci-social-share-footer\"><span class=\"penci-social-share-text\">Compartilhar<\/span><a href=\"#\" class=\"penci-post-like penci_post-meta_item  single-like-button penci-social-item like\" data-post_id=\"444856\" title=\"Like\" data-like=\"Like\" data-unlike=\"Unlike\"><i class=\"fa fa-thumbs-o-up\"\/><span class=\"penci-share-number\">0<\/span><\/a><i class=\"fa fa-facebook\"\/><a class=\"penci-social-item twitter\" target=\"_blank\" rel=\"noopener\" title=\"\" href=\"https:\/\/twitter.com\/intent\/tweet?text=TV%20local%20transmitir\u00e1%20\u2028sess\u00f5es%20da%20C\u00e2mara%20e%20receber\u00e1%20R$%20135%20mil%20por%20m\u00eas%20-%20https:\/\/www.tribunaribeirao.com.br\/tv-local-transmitira-sessoes-da-camara-e-recebera-r-135-mil-por-mes\/\"><i class=\"fa fa-twitter\"\/><\/a><i class=\"fa fa-linkedin\"\/><i class=\"fa fa-whatsapp\"\/><i class=\"fa fa-telegram\"\/><i class=\"fa fa-envelope\"\/><\/span>\t\t\t\t\t\t\t<\/div>\n<div>\n<p>Preg\u00e3o eletr\u00f4nico teve dois participantes; emissora vencedora vai receber R$ 135 mil por m\u00eas pelas transmiss\u00f5es<\/p>\n<p>A TV Thathi do empres\u00e1rio Chaim Zaher venceu a licita\u00e7\u00e3o \u2013 preg\u00e3o eletr\u00f4nico \u2013 da C\u00e2mara de Ribeir\u00e3o Preto e vai transmitir as sess\u00f5es ordin\u00e1rias, extraordin\u00e1rias, solenes e audi\u00eancias p\u00fablicas, apesar de o Legislativo ter canal pr\u00f3prio: a TV C\u00e2mara, que funciona pela tev\u00ea aberta no canal digital 6.3.<\/p>\n<p>A empresa venceu a licita\u00e7\u00e3o na segunda tentativa de terceiriza\u00e7\u00e3o dos servi\u00e7os. O preg\u00e3o tamb\u00e9m teve a participa\u00e7\u00e3o da Ridyer Comunica\u00e7\u00e3o, de Campinas, que ofereceu valor maior do que o estimado no certame, R$ 1,62 milh\u00e3o por um per\u00edodo de doze meses, R$ 135 mil por m\u00eas.<\/p>\n<p>O contrato poder\u00e1 ser prorrogado por at\u00e9 dez anos.\u2028\u2028A TV Thati ofereceu o teto previsto em edital. A licita\u00e7\u00e3o est\u00e1 na fase de recursos e dever\u00e1 ser homologado nos pr\u00f3ximos dias. J\u00e1 as transmiss\u00f5es das sess\u00f5es devem come\u00e7ar em dezembro. Caso haja algum atraso no processo, s\u00f3 ter\u00e3o in\u00edcio em fevereiro de 2026, ap\u00f3s o recesso parlamentar da C\u00e2mara, de 24 dezembro a 1\u00ba de fevereiro.<\/p>\n<figure id=\"attachment_444858\" aria-describedby=\"caption-attachment-444858\" style=\"width: 273px\" class=\"wp-caption alignright\"><img data-recalc-dims=\"1\" loading=\"lazy\" decoding=\"async\" class=\"wp-image-444858 lazyload\" src=\"https:\/\/i0.wp.com\/www.tribunaribeirao.com.br\/wp-content\/uploads\/2025\/10\/CamaraTV-Detalhe-Alfredo-Risk-200x300.jpg?resize=273%2C410&#038;ssl=1\" alt=\"\" width=\"273\" height=\"410\" srcset=\"https:\/\/www.tribunaribeirao.com.br\/wp-content\/uploads\/2025\/10\/CamaraTV-Detalhe-Alfredo-Risk-200x300.jpg 200w, https:\/\/www.tribunaribeirao.com.br\/wp-content\/uploads\/2025\/10\/CamaraTV-Detalhe-Alfredo-Risk-683x1024.jpg 683w, https:\/\/www.tribunaribeirao.com.br\/wp-content\/uploads\/2025\/10\/CamaraTV-Detalhe-Alfredo-Risk-768x1152.jpg 768w, https:\/\/www.tribunaribeirao.com.br\/wp-content\/uploads\/2025\/10\/CamaraTV-Detalhe-Alfredo-Risk-1024x1536.jpg 1024w, https:\/\/www.tribunaribeirao.com.br\/wp-content\/uploads\/2025\/10\/CamaraTV-Detalhe-Alfredo-Risk-1365x2048.jpg 1365w, https:\/\/www.tribunaribeirao.com.br\/wp-content\/uploads\/2025\/10\/CamaraTV-Detalhe-Alfredo-Risk-1920x2880.jpg 1920w, https:\/\/www.tribunaribeirao.com.br\/wp-content\/uploads\/2025\/10\/CamaraTV-Detalhe-Alfredo-Risk-960x1440.jpg 960w, https:\/\/www.tribunaribeirao.com.br\/wp-content\/uploads\/2025\/10\/CamaraTV-Detalhe-Alfredo-Risk-267x400.jpg 267w, https:\/\/www.tribunaribeirao.com.br\/wp-content\/uploads\/2025\/10\/CamaraTV-Detalhe-Alfredo-Risk-585x878.jpg 585w, https:\/\/www.tribunaribeirao.com.br\/wp-content\/uploads\/2025\/10\/CamaraTV-Detalhe-Alfredo-Risk-scaled.jpg 520w\" data-sizes=\"(max-width: 273px) 100vw, 273px\" style=\"--smush-placeholder-width: 273px; --smush-placeholder-aspect-ratio: 273\/410;\"\/><figcaption id=\"caption-attachment-444858\" class=\"wp-caption-text\">Para atingir toda a cidade, a TV C\u00e2mara teria de instalar um transmissor com, no m\u00ednimo, 500 whats de pot\u00eancia<\/figcaption><\/figure>\n<p>A TV Thathi ser\u00e1 respons\u00e1vel por fazer capta\u00e7\u00e3o, edi\u00e7\u00e3o, transmiss\u00e3o ao vivo e retransmiss\u00e3o das sess\u00f5es ordin\u00e1rias, extraordin\u00e1rias, solenes e audi\u00eancias p\u00fablicas, A emissora de televis\u00e3o tamb\u00e9m dever\u00e1 ter cobertura m\u00ednima de 90% da \u00e1rea urbana, em canal digital aberto (VHF ou UHF)\u2028\u2028Tamb\u00e9m dever\u00e1 fornecer equipe t\u00e9cnica m\u00ednima com dois operadores de c\u00e2mera e um rep\u00f3rter, al\u00e9m de chamadas di\u00e1rias informativas na programa\u00e7\u00e3o sobre as sess\u00f5es e o fornecimento de sinal para retransmiss\u00e3o digital.<\/p>\n<p>O processo teve in\u00edcio em 17 de julho. Entretanto, o certame fracassou porque nenhuma emissora se interessou em participar. \u2028\u2028Segundo apura\u00e7\u00e3o do Tribuna, poss\u00edveis problemas legais que poderiam surgir com o Tribunal de Contas do Estado de S\u00e3o Paulo (TCESP) afugentaram interessados \u2013 a corte poderia questionar a contrata\u00e7\u00e3o, j\u00e1 que a C\u00e2mara conta com canal pr\u00f3prio para as transmiss\u00f5es.<\/p>\n<p>A emissora, resultado de uma parceria de coopera\u00e7\u00e3o com a C\u00e2mara dos Deputados \u2013 detentora da concess\u00e3o \u2013, opera desde 2010 com programa\u00e7\u00e3o 24 horas por dia. Entre 1999 e 2010, as sess\u00f5es eram transmitidas em canal aberto pela pr\u00f3pria TV Thathi, contratada para realizar o servi\u00e7o.\u2028\u2028Atualmente, a cobertura \u2013 sinal \u2013 da TV C\u00e2mara de Ribeir\u00e3o Preto tem 80% de sombra.<\/p>\n<p>Ou seja, \u00e9 sintonizada com perfei\u00e7\u00e3o em apenas 20% da cidade, geralmente em bairros localizados em locais mais elevados e com poucos pr\u00e9dios altos. \u2028\u2028Nas outras regi\u00f5es a pot\u00eancia do transmissor da emissora de apenas 200 watts (W) n\u00e3o tem for\u00e7a suficiente para vencer os obst\u00e1culos geogr\u00e1ficos, como os altos pr\u00e9dios ou atingir bairros localizados em regi\u00f5es mais baixas.<\/p>\n<p>Para ser ter uma ideia de como a pot\u00eancia do transmissor da TV C\u00e2mara \u00e9 pequeno, os de outras emissoras de televis\u00e3o da cidade t\u00eam entre 3 e 5 quilowatts de pot\u00eancia \u2013 cada kW equivale a 1.000 W.\u2028\u2028Para atingir toda a cidade, a TV C\u00e2mara teria de instalar um transmissor com, no m\u00ednimo, 500 whats de pot\u00eancia. O custo estimado pelos engenheiros para a aquisi\u00e7\u00e3o e operacionaliza\u00e7\u00e3o de um transmissor de 500 whats seria de R$ 1 milh\u00e3o, valor inferior ao R$ 1,62 milh\u00e3o da licita\u00e7\u00e3o<\/p>\n<p><!-- CONTENT END 3 -->\n<\/div>\n<p><script async src=\"\/\/platform.twitter.com\/widgets.js\" charset=\"utf-8\"><\/script><br \/>\n<br \/><br \/>\n<br \/><a href=\"https:\/\/www.tribunaribeirao.com.br\/tv-local-transmitira-sessoes-da-camara-e-recebera-r-135-mil-por-mes\/\">Source link <\/a><\/p>\n","protected":false},"excerpt":{"rendered":"<p>31 de outubro de 2025 08:4531 de outubro de 2025 00:557 Compartilhar0 Preg\u00e3o eletr\u00f4nico teve dois participantes; emissora vencedora vai receber R$ 135 mil por&#8230;<\/p>\n","protected":false},"author":1,"featured_media":79410,"comment_status":"open","ping_status":"open","sticky":false,"template":"","format":"standard","meta":{"advanced_seo_description":"","jetpack_seo_html_title":"","jetpack_seo_noindex":false,"jetpack_post_was_ever_published":false,"_jetpack_newsletter_access":"","_jetpack_dont_email_post_to_subs":false,"_jetpack_newsletter_tier_id":0,"_jetpack_memberships_contains_paywalled_content":false,"_jetpack_memberships_contains_paid_content":false,"footnotes":"","jetpack_publicize_message":"","jetpack_publicize_feature_enabled":true,"jetpack_social_post_already_shared":true,"jetpack_social_options":{"image_generator_settings":{"template":"highway","default_image_id":0,"font":"","enabled":false},"version":2}},"categories":[11],"tags":[],"class_list":["post-79409","post","type-post","status-publish","format-standard","has-post-thumbnail","hentry","category-noticias-de-ribeirao-preto-sp-e-regiao-ismael-colosi"],"jetpack_publicize_connections":[],"jetpack_featured_media_url":"https:\/\/i0.wp.com\/noticiasribeiraopreto.com.br\/wp-content\/uploads\/2025\/10\/CamaraTV-Thaisa-Coroado-Camara-scaled.jpg?fit=1170%2C780&ssl=1","jetpack-related-posts":[{"id":58837,"url":"https:\/\/noticiasribeiraopreto.com.br\/index.php\/2024\/10\/07\/semana-da-crianca-veja-a-programacao-cultural-em-ribeirao-preto-e-regiao\/","url_meta":{"origin":79409,"position":0},"title":"Semana da crian\u00e7a: Veja a programa\u00e7\u00e3o cultural em Ribeir\u00e3o Preto e regi\u00e3o","author":"noticiasribeiraopreto.com.br","date":"7 de October de 2024","format":false,"excerpt":"Al\u00e9m do feriado de Nossa Senhora Aparecida, o Dia das Crian\u00e7as tamb\u00e9m \u00e9 comemorado no pr\u00f3ximo 12 de outubro. Ribeir\u00e3o Preto e regi\u00e3o contam com uma programa\u00e7\u00e3o cultural com diversas atividades para aqueles que desejam se divertir ao lado dos pequenos. Confira: 1. Museu Casa de Portinari \u201cBrinCandinho\u201d \u2013 \u00c9\u2026","rel":"","context":"In &quot;Not\u00edcias de Ribeir\u00e3o Preto-SP e Regi\u00e3o&quot;","block_context":{"text":"Not\u00edcias de Ribeir\u00e3o Preto-SP e Regi\u00e3o","link":"https:\/\/noticiasribeiraopreto.com.br\/index.php\/category\/noticias-de-ribeirao-preto-sp-e-regiao-ismael-colosi\/"},"img":{"alt_text":"","src":"https:\/\/i0.wp.com\/noticiasribeiraopreto.com.br\/wp-content\/uploads\/2024\/10\/brincadeiras-antigas-amarelinha_2024-10-07_13-35-36_jpg_2024-10-07_13-35-36.webp.webp?fit=1200%2C800&ssl=1&resize=350%2C200","width":350,"height":200,"srcset":"https:\/\/i0.wp.com\/noticiasribeiraopreto.com.br\/wp-content\/uploads\/2024\/10\/brincadeiras-antigas-amarelinha_2024-10-07_13-35-36_jpg_2024-10-07_13-35-36.webp.webp?fit=1200%2C800&ssl=1&resize=350%2C200 1x, https:\/\/i0.wp.com\/noticiasribeiraopreto.com.br\/wp-content\/uploads\/2024\/10\/brincadeiras-antigas-amarelinha_2024-10-07_13-35-36_jpg_2024-10-07_13-35-36.webp.webp?fit=1200%2C800&ssl=1&resize=525%2C300 1.5x, https:\/\/i0.wp.com\/noticiasribeiraopreto.com.br\/wp-content\/uploads\/2024\/10\/brincadeiras-antigas-amarelinha_2024-10-07_13-35-36_jpg_2024-10-07_13-35-36.webp.webp?fit=1200%2C800&ssl=1&resize=700%2C400 2x, https:\/\/i0.wp.com\/noticiasribeiraopreto.com.br\/wp-content\/uploads\/2024\/10\/brincadeiras-antigas-amarelinha_2024-10-07_13-35-36_jpg_2024-10-07_13-35-36.webp.webp?fit=1200%2C800&ssl=1&resize=1050%2C600 3x"},"classes":[]},{"id":78187,"url":"https:\/\/noticiasribeiraopreto.com.br\/index.php\/2025\/10\/03\/rp-mobi-altera-horarios-de-11-linhas-de-onibus-a-partir-deste-sabado-confira\/","url_meta":{"origin":79409,"position":1},"title":"RP Mobi altera hor\u00e1rios de 11 linhas de \u00f4nibus a partir deste s\u00e1bado; Confira","author":"noticiasribeiraopreto.com.br","date":"3 de October de 2025","format":false,"excerpt":"A RP Mobi, empresa que gerencia o transporte urbano de Ribeir\u00e3o Preto, informou que a os quadros de hor\u00e1rios de 11 linhas ser\u00e3o alterados ou ampliados a partir deste s\u00e1bado (4). O objetivo, segundo a Prefeitura Municipal, \u00e9 adequar a oferta de viagens \u00e0 demanda dos usu\u00e1rios, garantindo mais op\u00e7\u00f5es\u2026","rel":"","context":"In &quot;Not\u00edcias de Ribeir\u00e3o Preto-SP e Regi\u00e3o&quot;","block_context":{"text":"Not\u00edcias de Ribeir\u00e3o Preto-SP e Regi\u00e3o","link":"https:\/\/noticiasribeiraopreto.com.br\/index.php\/category\/noticias-de-ribeirao-preto-sp-e-regiao-ismael-colosi\/"},"img":{"alt_text":"","src":"https:\/\/i0.wp.com\/noticiasribeiraopreto.com.br\/wp-content\/uploads\/2025\/10\/linhaonibus__2025-10-03_18-15-05.webp.webp?fit=1200%2C800&ssl=1&resize=350%2C200","width":350,"height":200,"srcset":"https:\/\/i0.wp.com\/noticiasribeiraopreto.com.br\/wp-content\/uploads\/2025\/10\/linhaonibus__2025-10-03_18-15-05.webp.webp?fit=1200%2C800&ssl=1&resize=350%2C200 1x, https:\/\/i0.wp.com\/noticiasribeiraopreto.com.br\/wp-content\/uploads\/2025\/10\/linhaonibus__2025-10-03_18-15-05.webp.webp?fit=1200%2C800&ssl=1&resize=525%2C300 1.5x, https:\/\/i0.wp.com\/noticiasribeiraopreto.com.br\/wp-content\/uploads\/2025\/10\/linhaonibus__2025-10-03_18-15-05.webp.webp?fit=1200%2C800&ssl=1&resize=700%2C400 2x, https:\/\/i0.wp.com\/noticiasribeiraopreto.com.br\/wp-content\/uploads\/2025\/10\/linhaonibus__2025-10-03_18-15-05.webp.webp?fit=1200%2C800&ssl=1&resize=1050%2C600 3x"},"classes":[]},{"id":78218,"url":"https:\/\/noticiasribeiraopreto.com.br\/index.php\/2025\/10\/04\/ribeirao-oferece-mais-de-mil-vagas-gratuitas-para-exames-de-mamografia-veja-como-se-inscrever\/","url_meta":{"origin":79409,"position":2},"title":"Ribeir\u00e3o oferece mais de mil vagas gratuitas para exames de mamografia; Veja como se inscrever","author":"noticiasribeiraopreto.com.br","date":"4 de October de 2025","format":false,"excerpt":"A Prefeitura de Ribeir\u00e3o Preto oferece 1.200 vagas para exames de mamografia gratuitos. A iniciativa integra a campanha Outubro Rosa 2025, que tamb\u00e9m contar\u00e1 com a\u00e7\u00f5es de conscientiza\u00e7\u00e3o e atividades nas unidades de sa\u00fade. As vagas s\u00e3o voltadas a mulheres e homens transexuais, com idade entre 40 e 74 anos,\u2026","rel":"","context":"In &quot;Not\u00edcias de Ribeir\u00e3o Preto-SP e Regi\u00e3o&quot;","block_context":{"text":"Not\u00edcias de Ribeir\u00e3o Preto-SP e Regi\u00e3o","link":"https:\/\/noticiasribeiraopreto.com.br\/index.php\/category\/noticias-de-ribeirao-preto-sp-e-regiao-ismael-colosi\/"},"img":{"alt_text":"","src":"https:\/\/i0.wp.com\/noticiasribeiraopreto.com.br\/wp-content\/uploads\/2025\/10\/world-cancer-day-awareness-with-patient_2024-10-01_19-29-50_jpg_2024-10-01_19-29-52-1024x683.webp.webp?fit=1024%2C683&ssl=1&resize=350%2C200","width":350,"height":200,"srcset":"https:\/\/i0.wp.com\/noticiasribeiraopreto.com.br\/wp-content\/uploads\/2025\/10\/world-cancer-day-awareness-with-patient_2024-10-01_19-29-50_jpg_2024-10-01_19-29-52-1024x683.webp.webp?fit=1024%2C683&ssl=1&resize=350%2C200 1x, https:\/\/i0.wp.com\/noticiasribeiraopreto.com.br\/wp-content\/uploads\/2025\/10\/world-cancer-day-awareness-with-patient_2024-10-01_19-29-50_jpg_2024-10-01_19-29-52-1024x683.webp.webp?fit=1024%2C683&ssl=1&resize=525%2C300 1.5x, https:\/\/i0.wp.com\/noticiasribeiraopreto.com.br\/wp-content\/uploads\/2025\/10\/world-cancer-day-awareness-with-patient_2024-10-01_19-29-50_jpg_2024-10-01_19-29-52-1024x683.webp.webp?fit=1024%2C683&ssl=1&resize=700%2C400 2x"},"classes":[]},{"id":78070,"url":"https:\/\/noticiasribeiraopreto.com.br\/index.php\/2025\/10\/01\/clima-em-outubro-veja-quando-tem-previsao-de-chuva-no-estado-de-sp\/","url_meta":{"origin":79409,"position":3},"title":"Clima em outubro: Veja quando tem previs\u00e3o de chuva no estado de SP","author":"noticiasribeiraopreto.com.br","date":"1 de October de 2025","format":false,"excerpt":"O m\u00eas de outubro come\u00e7ou quente no estado de S\u00e3o Paulo, com temperaturas perto da casa dos 40\u00b0C em algumas regi\u00f5es. Segundo a Climatempo, nestes primeiros seis dias do m\u00eas, o predom\u00ednio deve ser de sol e calor, com pouca ou nenhuma chuva. \u00a0 Na primeira quinzena de outubro est\u00e3o\u2026","rel":"","context":"In &quot;Not\u00edcias de Ribeir\u00e3o Preto-SP e Regi\u00e3o&quot;","block_context":{"text":"Not\u00edcias de Ribeir\u00e3o Preto-SP e Regi\u00e3o","link":"https:\/\/noticiasribeiraopreto.com.br\/index.php\/category\/noticias-de-ribeirao-preto-sp-e-regiao-ismael-colosi\/"},"img":{"alt_text":"","src":"https:\/\/i0.wp.com\/noticiasribeiraopreto.com.br\/wp-content\/uploads\/2025\/10\/sudeste-Chuva-Outubro-2025_2025-10-01_17-29-44.webp.webp?fit=1200%2C675&ssl=1&resize=350%2C200","width":350,"height":200,"srcset":"https:\/\/i0.wp.com\/noticiasribeiraopreto.com.br\/wp-content\/uploads\/2025\/10\/sudeste-Chuva-Outubro-2025_2025-10-01_17-29-44.webp.webp?fit=1200%2C675&ssl=1&resize=350%2C200 1x, https:\/\/i0.wp.com\/noticiasribeiraopreto.com.br\/wp-content\/uploads\/2025\/10\/sudeste-Chuva-Outubro-2025_2025-10-01_17-29-44.webp.webp?fit=1200%2C675&ssl=1&resize=525%2C300 1.5x, https:\/\/i0.wp.com\/noticiasribeiraopreto.com.br\/wp-content\/uploads\/2025\/10\/sudeste-Chuva-Outubro-2025_2025-10-01_17-29-44.webp.webp?fit=1200%2C675&ssl=1&resize=700%2C400 2x, https:\/\/i0.wp.com\/noticiasribeiraopreto.com.br\/wp-content\/uploads\/2025\/10\/sudeste-Chuva-Outubro-2025_2025-10-01_17-29-44.webp.webp?fit=1200%2C675&ssl=1&resize=1050%2C600 3x"},"classes":[]},{"id":15438,"url":"https:\/\/noticiasribeiraopreto.com.br\/index.php\/2023\/12\/13\/volume-de-servicos-recua-06-em-outubro-revela-ibge\/","url_meta":{"origin":79409,"position":4},"title":"Volume de servi\u00e7os recua 0,6% em outubro, revela IBGE \u2013 Folha de Ribeir\u00e3o","author":"noticiasribeiraopreto.com.br","date":"13 de December de 2023","format":false,"excerpt":"O volume de servi\u00e7os no pa\u00eds caiu 0,6% em outubro deste ano, na compara\u00e7\u00e3o com setembro. Essa foi a terceira queda consecutiva do indicador, que acumula perdas de 2,3% em tr\u00eas meses. Os dados s\u00e3o da Pesquisa Mensal de Servi\u00e7os (PMS), divulgada nesta quarta-feira (13), no Rio de Janeiro, pelo\u2026","rel":"","context":"In &quot;Not\u00edcias de Ribeir\u00e3o Preto-SP e Regi\u00e3o&quot;","block_context":{"text":"Not\u00edcias de Ribeir\u00e3o Preto-SP e Regi\u00e3o","link":"https:\/\/noticiasribeiraopreto.com.br\/index.php\/category\/noticias-de-ribeirao-preto-sp-e-regiao-ismael-colosi\/"},"img":{"alt_text":"","src":"","width":0,"height":0},"classes":[]},{"id":8734,"url":"https:\/\/noticiasribeiraopreto.com.br\/index.php\/2023\/11\/30\/consumo-dos-brasileiros-medido-pela-abras-registrou-alta-de-289-em-outubro\/","url_meta":{"origin":79409,"position":5},"title":"Consumo dos brasileiros medido pela Abras, registrou alta de 2,89% em outubro","author":"noticiasribeiraopreto.com.br","date":"30 de November de 2023","format":false,"excerpt":"O consumo nos lares brasileiros, medido pela Associa\u00e7\u00e3o Brasileira de Supermercados (Abras), registrou alta de 2,89% em outubro, na compara\u00e7\u00e3o com o m\u00eas anterior. Na compara\u00e7\u00e3o com outubro do ano passado, a alta \u00e9 de 0,61%. No acumulado do ano, a alta \u00e9 de 2,64%. O resultado contempla os formatos\u2026","rel":"","context":"In &quot;Not\u00edcias de Ribeir\u00e3o Preto-SP e Regi\u00e3o&quot;","block_context":{"text":"Not\u00edcias de Ribeir\u00e3o Preto-SP e Regi\u00e3o","link":"https:\/\/noticiasribeiraopreto.com.br\/index.php\/category\/noticias-de-ribeirao-preto-sp-e-regiao-ismael-colosi\/"},"img":{"alt_text":"","src":"https:\/\/i0.wp.com\/noticiasribeiraopreto.com.br\/wp-content\/uploads\/2023\/11\/consumo-scaled.jpg?fit=1000%2C598&ssl=1&resize=350%2C200","width":350,"height":200,"srcset":"https:\/\/i0.wp.com\/noticiasribeiraopreto.com.br\/wp-content\/uploads\/2023\/11\/consumo-scaled.jpg?fit=1000%2C598&ssl=1&resize=350%2C200 1x, https:\/\/i0.wp.com\/noticiasribeiraopreto.com.br\/wp-content\/uploads\/2023\/11\/consumo-scaled.jpg?fit=1000%2C598&ssl=1&resize=525%2C300 1.5x, https:\/\/i0.wp.com\/noticiasribeiraopreto.com.br\/wp-content\/uploads\/2023\/11\/consumo-scaled.jpg?fit=1000%2C598&ssl=1&resize=700%2C400 2x"},"classes":[]}],"jetpack_sharing_enabled":true,"jetpack_shortlink":"https:\/\/wp.me\/peQAOb-kEN","_links":{"self":[{"href":"https:\/\/noticiasribeiraopreto.com.br\/index.php\/wp-json\/wp\/v2\/posts\/79409","targetHints":{"allow":["GET"]}}],"collection":[{"href":"https:\/\/noticiasribeiraopreto.com.br\/index.php\/wp-json\/wp\/v2\/posts"}],"about":[{"href":"https:\/\/noticiasribeiraopreto.com.br\/index.php\/wp-json\/wp\/v2\/types\/post"}],"author":[{"embeddable":true,"href":"https:\/\/noticiasribeiraopreto.com.br\/index.php\/wp-json\/wp\/v2\/users\/1"}],"replies":[{"embeddable":true,"href":"https:\/\/noticiasribeiraopreto.com.br\/index.php\/wp-json\/wp\/v2\/comments?post=79409"}],"version-history":[{"count":0,"href":"https:\/\/noticiasribeiraopreto.com.br\/index.php\/wp-json\/wp\/v2\/posts\/79409\/revisions"}],"wp:featuredmedia":[{"embeddable":true,"href":"https:\/\/noticiasribeiraopreto.com.br\/index.php\/wp-json\/wp\/v2\/media\/79410"}],"wp:attachment":[{"href":"https:\/\/noticiasribeiraopreto.com.br\/index.php\/wp-json\/wp\/v2\/media?parent=79409"}],"wp:term":[{"taxonomy":"category","embeddable":true,"href":"https:\/\/noticiasribeiraopreto.com.br\/index.php\/wp-json\/wp\/v2\/categories?post=79409"},{"taxonomy":"post_tag","embeddable":true,"href":"https:\/\/noticiasribeiraopreto.com.br\/index.php\/wp-json\/wp\/v2\/tags?post=79409"}],"curies":[{"name":"wp","href":"https:\/\/api.w.org\/{rel}","templated":true}]}}