{"id":79411,"date":"2025-10-31T11:25:36","date_gmt":"2025-10-31T14:25:36","guid":{"rendered":"https:\/\/noticiasribeiraopreto.com.br\/index.php\/2025\/10\/31\/horto-municipal-de-ribeirao-preto-pode-virar-area-de-protecao-ambiental\/"},"modified":"2025-10-31T11:25:36","modified_gmt":"2025-10-31T14:25:36","slug":"horto-municipal-de-ribeirao-preto-pode-virar-area-de-protecao-ambiental","status":"publish","type":"post","link":"https:\/\/noticiasribeiraopreto.com.br\/index.php\/2025\/10\/31\/horto-municipal-de-ribeirao-preto-pode-virar-area-de-protecao-ambiental\/","title":{"rendered":"Horto Municipal de Ribeir\u00e3o Preto pode virar \u00c1rea de Prote\u00e7\u00e3o Ambiental"},"content":{"rendered":"<div class='code-block code-block-1' style='margin: 8px 0 8px auto; text-align: right; display: block; clear: both;'>\n<p><a href=\"https:\/\/wa.link\/vpicfd\"><img data-recalc-dims=\"1\" class=\"wp-image-4922\" style=\"aspect-ratio: 2.0253164556962027; width: 561px; height: auto;\" src=\"https:\/\/i0.wp.com\/ismaelcolosi.com.br\/wp-content\/uploads\/2023\/11\/grupo-de-empregos-whatsapp-e-facebook-ismael-colosi-vagas.jpg?ssl=1\" alt=\"\" \/><\/a><\/p>\n<!-- \/wp:image -->\n<\/div>\n<p> <br \/>\n<\/p>\n<div>\n<p>A<strong> <a href=\"https:\/\/www.ribeiraopreto.sp.gov.br\/portal\/meio-ambiente\/\" data-type=\"link\" data-id=\"https:\/\/www.ribeiraopreto.sp.gov.br\/portal\/meio-ambiente\/\" target=\"_blank\" rel=\"noopener\">Secretaria de Meio Ambiente, Agricultura e Sustentabilidade de Ribeir\u00e3o Preto<\/a><\/strong> realiza na pr\u00f3xima segunda-feira (3) a primeira audi\u00eancia p\u00fablica para discutir a transforma\u00e7\u00e3o do <strong>Horto Municipal<\/strong>, atualmente chamado Parque Ecol\u00f3gico e Bot\u00e2nico \u00c2ngelo Rinaldi, em <strong>APA (\u00c1rea de Prote\u00e7\u00e3o Ambiental)<\/strong>.<\/p>\n<p><mark style=\"background-color:#fcb900\" class=\"has-inline-color has-black-color\">O encontro acontecer\u00e1 a partir das 9h, no audit\u00f3rio do CAEA (Centro de Apoio \u00e0 Educa\u00e7\u00e3o Ambiental), localizado no Bosque e Zool\u00f3gico Dr. F\u00e1bio Barreto.<\/mark><\/p>\n<p>A proposta de modifica\u00e7\u00e3o do enquadramento do Parque segue os crit\u00e9rios da Lei Federal do SNUC (Sistema Nacional de Unidades de Conserva\u00e7\u00e3o da Natureza) e tem o objetivo de garantir a conserva\u00e7\u00e3o do espa\u00e7o, que atualmente apresenta ocupa\u00e7\u00f5es irregulares em alguns pontos da \u00e1rea.<\/p>\n<p>\u201cO Parque Ecol\u00f3gico \u00e9 uma das \u00e1reas que integra a zona de amortecimento da Esta\u00e7\u00e3o Ecol\u00f3gica de Ribeir\u00e3o Preto, conhecida como Mata de Santa Tereza, e \u00e9 extremamente importante para a conserva\u00e7\u00e3o da biodiversidade local e para a\u00e7\u00f5es de educa\u00e7\u00e3o ambiental. Essa adequa\u00e7\u00e3o legal \u00e9 fundamental para estruturarmos projetos futuros de preserva\u00e7\u00e3o e gest\u00e3o ambiental da cidade, assegurando a prote\u00e7\u00e3o da fauna e da flora locais. Contamos com a participa\u00e7\u00e3o da popula\u00e7\u00e3o nesse debate\u201d, destaca o bi\u00f3logo do Bosque e coordenador da audi\u00eancia p\u00fablica, Ot\u00e1vio Almeida.<\/p>\n<h2 class=\"wp-block-heading\"><strong>Horto Municipal<\/strong><\/h2>\n<p>O PEBAR, antigo Horto Municipal, possui cerca de 560 mil metros quadrados e \u00e9 uma das tr\u00eas Unidades de Conserva\u00e7\u00e3o municipais, juntamente com o Parque Municipal Morro de S\u00e3o Bento e a Esta\u00e7\u00e3o Ecol\u00f3gica Guarani, todas gerenciadas pela administra\u00e7\u00e3o municipal.<\/p>\n<p>A audi\u00eancia p\u00fablica ser\u00e1 gravada e disponibilizada no canal da Prefeitura no YouTube. Interessados que n\u00e3o puderem participar presencialmente poder\u00e3o enviar contribui\u00e7\u00f5es at\u00e9 o dia 10 de novembro pelo e-mail: gabinete.meioambiente@rp.ribeiraopreto.sp.gov.br.<\/p>\n<h2 class=\"wp-block-heading\"><strong>Servi\u00e7o<\/strong><\/h2>\n<p>Audi\u00eancia P\u00fablica \u2013 Parque Ecol\u00f3gico e Bot\u00e2nico \u00c2ngelo Rinaldi (Horto Municipal)<br \/>Data e hora: 3 de novembro, a partir das 9h<br \/>Local: Audit\u00f3rio do Centro de Apoio \u00e0 Educa\u00e7\u00e3o Ambiental (CAEA) \u2013 Bosque e Zool\u00f3gico Dr. F\u00e1bio Barreto, Rua da Liberdade, n\u00ba 50.<\/p>\n<p>SAIBA MAIS<br \/>Alerta para muita chuva: Veja como fica o tempo no fim de semana no interior de SP<\/p>\n<h2 class=\"wp-block-heading\"><strong>FIQUE ON<\/strong><\/h2>\n<p>Fique ligado em tudo que acontece em Ribeir\u00e3o Preto e regi\u00e3o. Siga os perfis do\u00a0<strong>acidade on\u00a0<\/strong>no\u00a0<a href=\"https:\/\/www.instagram.com\/acidadeonribeirao\" data-type=\"link\" data-id=\"https:\/\/www.instagram.com\/acidadeonribeirao\" target=\"_blank\" rel=\"noopener\">Instagram<\/a>\u00a0e no\u00a0<a href=\"https:\/\/www.facebook.com\/acidadeonribeirao\/\" data-type=\"link\" data-id=\"https:\/\/www.facebook.com\/acidadeonribeirao\/\" target=\"_blank\" rel=\"noopener\">Facebook<\/a>.<\/p>\n<p>Receba not\u00edcias do\u00a0<strong>acidade on\u00a0<\/strong>no WhatsApp. Para entrar no grupo,\u00a0basta <a href=\"https:\/\/chat.whatsapp.com\/I4nieTEMKlf50pJ28aMemC?mode=ac_t\" data-type=\"link\" data-id=\"https:\/\/chat.whatsapp.com\/I4nieTEMKlf50pJ28aMemC?mode=ac_t\" target=\"_blank\" rel=\"noopener\">clicar aqui<\/a>. Ou, acesse o nosso\u00a0Canal <a href=\"https:\/\/whatsapp.com\/channel\/0029Vb6IQl1JENyAeS57fk2p\" data-type=\"link\" data-id=\"https:\/\/whatsapp.com\/channel\/0029Vb6IQl1JENyAeS57fk2p\" target=\"_blank\" rel=\"noopener\">clicando aqui<\/a>.<\/p>\n<p>Fa\u00e7a uma den\u00fancia ou sugira uma reportagem sobre Ribeir\u00e3o Preto e regi\u00e3o pelo WhatsApp: 16 99117 7802.<\/p>\n<p>VEJA TAMB\u00c9M<br \/>Voc\u00ea conhece os tipos de arroz?<\/p>\n<p><!-- AI CONTENT END 1 -->\n<\/div>\n<p><script async src=\"\/\/www.instagram.com\/embed.js\"><\/script><br \/>\n<br \/><br \/>\n<br \/><a href=\"https:\/\/www.acidadeon.com\/ribeiraopreto\/politica\/horto-municipal-de-ribeirao-preto-pode-virar-area-de-protecao-ambiental\/\">Source link <\/a><\/p>\n<!-- CONTENT END 1 -->\n","protected":false},"excerpt":{"rendered":"<p>A Secretaria de Meio Ambiente, Agricultura e Sustentabilidade de Ribeir\u00e3o Preto realiza na pr\u00f3xima segunda-feira (3) a primeira audi\u00eancia p\u00fablica para discutir a transforma\u00e7\u00e3o do&#8230;<\/p>\n","protected":false},"author":1,"featured_media":0,"comment_status":"open","ping_status":"open","sticky":false,"template":"","format":"standard","meta":{"advanced_seo_description":"","jetpack_seo_html_title":"","jetpack_seo_noindex":false,"jetpack_post_was_ever_published":false,"_jetpack_newsletter_access":"","_jetpack_dont_email_post_to_subs":false,"_jetpack_newsletter_tier_id":0,"_jetpack_memberships_contains_paywalled_content":false,"_jetpack_memberships_contains_paid_content":false,"footnotes":"","jetpack_publicize_message":"","jetpack_publicize_feature_enabled":true,"jetpack_social_post_already_shared":true,"jetpack_social_options":{"image_generator_settings":{"template":"highway","default_image_id":0,"font":"","enabled":false},"version":2}},"categories":[11],"tags":[],"class_list":["post-79411","post","type-post","status-publish","format-standard","hentry","category-noticias-de-ribeirao-preto-sp-e-regiao-ismael-colosi"],"jetpack_publicize_connections":[],"jetpack_featured_media_url":"","jetpack-related-posts":[{"id":83181,"url":"https:\/\/noticiasribeiraopreto.com.br\/index.php\/2026\/03\/12\/audiencia-discute-manejo-no-horto\/","url_meta":{"origin":79411,"position":0},"title":"Audi\u00eancia discute manejo no Horto","author":"noticiasribeiraopreto.com.br","date":"12 de March de 2026","format":false,"excerpt":"Audi\u00eancia p\u00fablica sobre Plano de Manejo do Horto Municipal acontece na pr\u00f3xima segunda-feira, 16 de mar\u00e7o A prefeitura de Ribeir\u00e3o Preto, por meio da Secretaria do Meio Ambiente, Agricultura e Sustentabilidade, realizar\u00e1 na pr\u00f3xima segunda-feira, 16 de mar\u00e7o audi\u00eancia p\u00fablica para apresenta\u00e7\u00e3o e discuss\u00e3o do Plano de Manejo da \u00c1rea\u2026","rel":"","context":"In &quot;Not\u00edcias de Ribeir\u00e3o Preto-SP e Regi\u00e3o&quot;","block_context":{"text":"Not\u00edcias de Ribeir\u00e3o Preto-SP e Regi\u00e3o","link":"https:\/\/noticiasribeiraopreto.com.br\/index.php\/category\/noticias-de-ribeirao-preto-sp-e-regiao-ismael-colosi\/"},"img":{"alt_text":"","src":"https:\/\/i0.wp.com\/noticiasribeiraopreto.com.br\/wp-content\/uploads\/2026\/03\/HortoRP-Alfredo-Risk-scaled.jpg?fit=1170%2C780&ssl=1&resize=350%2C200","width":350,"height":200,"srcset":"https:\/\/i0.wp.com\/noticiasribeiraopreto.com.br\/wp-content\/uploads\/2026\/03\/HortoRP-Alfredo-Risk-scaled.jpg?fit=1170%2C780&ssl=1&resize=350%2C200 1x, https:\/\/i0.wp.com\/noticiasribeiraopreto.com.br\/wp-content\/uploads\/2026\/03\/HortoRP-Alfredo-Risk-scaled.jpg?fit=1170%2C780&ssl=1&resize=525%2C300 1.5x, https:\/\/i0.wp.com\/noticiasribeiraopreto.com.br\/wp-content\/uploads\/2026\/03\/HortoRP-Alfredo-Risk-scaled.jpg?fit=1170%2C780&ssl=1&resize=700%2C400 2x, https:\/\/i0.wp.com\/noticiasribeiraopreto.com.br\/wp-content\/uploads\/2026\/03\/HortoRP-Alfredo-Risk-scaled.jpg?fit=1170%2C780&ssl=1&resize=1050%2C600 3x"},"classes":[]},{"id":42709,"url":"https:\/\/noticiasribeiraopreto.com.br\/index.php\/2024\/03\/16\/morro-do-sao-bento-vira-area-de-protecao\/","url_meta":{"origin":79411,"position":1},"title":"Morro do S\u00e3o Bento vira \u00e1rea de prote\u00e7\u00e3o","author":"noticiasribeiraopreto.com.br","date":"16 de March de 2024","format":false,"excerpt":"16 de mar\u00e7o de 2024 | 11:0015 de mar\u00e7o de 2024 | 20:18 0Foi publicado no Di\u00e1rio Oficial do Munic\u00edpio desta sexta-feira, 15 de mar\u00e7o, o decreto n\u00ba 51\/2024, assinado pelo prefeito Duarte Nogueira (PSDB), que transforma o Parque Municipal do Morro do S\u00e3o Bento de Ribeir\u00e3o Preto em \u00c1rea\u2026","rel":"","context":"In &quot;Not\u00edcias de Ribeir\u00e3o Preto-SP e Regi\u00e3o&quot;","block_context":{"text":"Not\u00edcias de Ribeir\u00e3o Preto-SP e Regi\u00e3o","link":"https:\/\/noticiasribeiraopreto.com.br\/index.php\/category\/noticias-de-ribeirao-preto-sp-e-regiao-ismael-colosi\/"},"img":{"alt_text":"","src":"https:\/\/i0.wp.com\/noticiasribeiraopreto.com.br\/wp-content\/uploads\/2024\/03\/SaoBento-Alfredo-Risk-Arquivo-scaled.jpg?fit=1000%2C533&ssl=1&resize=350%2C200","width":350,"height":200,"srcset":"https:\/\/i0.wp.com\/noticiasribeiraopreto.com.br\/wp-content\/uploads\/2024\/03\/SaoBento-Alfredo-Risk-Arquivo-scaled.jpg?fit=1000%2C533&ssl=1&resize=350%2C200 1x, https:\/\/i0.wp.com\/noticiasribeiraopreto.com.br\/wp-content\/uploads\/2024\/03\/SaoBento-Alfredo-Risk-Arquivo-scaled.jpg?fit=1000%2C533&ssl=1&resize=525%2C300 1.5x, https:\/\/i0.wp.com\/noticiasribeiraopreto.com.br\/wp-content\/uploads\/2024\/03\/SaoBento-Alfredo-Risk-Arquivo-scaled.jpg?fit=1000%2C533&ssl=1&resize=700%2C400 2x"},"classes":[]},{"id":82646,"url":"https:\/\/noticiasribeiraopreto.com.br\/index.php\/2026\/02\/22\/chapada-dos-veadeiros-alia-conservacao-ambiental-e-desenvolvimento-regional\/","url_meta":{"origin":79411,"position":2},"title":"Chapada dos Veadeiros alia conserva\u00e7\u00e3o ambiental e desenvolvimento regional","author":"noticiasribeiraopreto.com.br","date":"22 de February de 2026","format":false,"excerpt":"A cerca de 230 quil\u00f4metros de Bras\u00edlia, o Parque Nacional da Chapada dos Veadeiros, em Goi\u00e1s, consolida-se como um dos principais destinos de ecoturismo do pa\u00eds. Conhecido pelas cachoeiras, trilhas e paisagens do Cerrado, o parque tem ampliado sua relev\u00e2ncia n\u00e3o apenas na conserva\u00e7\u00e3o ambiental, mas tamb\u00e9m no desenvolvimento social\u2026","rel":"","context":"In &quot;Not\u00edcias de Ribeir\u00e3o Preto-SP e Regi\u00e3o&quot;","block_context":{"text":"Not\u00edcias de Ribeir\u00e3o Preto-SP e Regi\u00e3o","link":"https:\/\/noticiasribeiraopreto.com.br\/index.php\/category\/noticias-de-ribeirao-preto-sp-e-regiao-ismael-colosi\/"},"img":{"alt_text":"","src":"https:\/\/i0.wp.com\/noticiasribeiraopreto.com.br\/wp-content\/uploads\/2026\/02\/5-chapada-veadeiros-2.jpg?fit=800%2C500&ssl=1&resize=350%2C200","width":350,"height":200,"srcset":"https:\/\/i0.wp.com\/noticiasribeiraopreto.com.br\/wp-content\/uploads\/2026\/02\/5-chapada-veadeiros-2.jpg?fit=800%2C500&ssl=1&resize=350%2C200 1x, https:\/\/i0.wp.com\/noticiasribeiraopreto.com.br\/wp-content\/uploads\/2026\/02\/5-chapada-veadeiros-2.jpg?fit=800%2C500&ssl=1&resize=525%2C300 1.5x, https:\/\/i0.wp.com\/noticiasribeiraopreto.com.br\/wp-content\/uploads\/2026\/02\/5-chapada-veadeiros-2.jpg?fit=800%2C500&ssl=1&resize=700%2C400 2x"},"classes":[]},{"id":63656,"url":"https:\/\/noticiasribeiraopreto.com.br\/index.php\/2025\/02\/18\/horto-municipal-de-ribeirao-preto-realiza-doacao-de-5-mil-mudas-de-arvores\/","url_meta":{"origin":79411,"position":3},"title":"Horto Municipal de Ribeir\u00e3o Preto realiza doa\u00e7\u00e3o de 5 mil mudas de \u00e1rvores","author":"noticiasribeiraopreto.com.br","date":"18 de February de 2025","format":false,"excerpt":"O Horto Municipal de Ribeir\u00e3o Preto est\u00e1 disponibilizando 5 mil mudas de \u00e1rvores para doa\u00e7\u00e3o. As esp\u00e9cies dispon\u00edveis variam entre ex\u00f3ticas e nativas, frut\u00edferas e para arboriza\u00e7\u00e3o urbana. A a\u00e7\u00e3o faz parte do programa \u201cPlanta A\u00ed Ribeir\u00e3o\u201d, que tem o intuito de reduzir o d\u00e9ficit de \u00e1reas arborizadas na cidade,\u2026","rel":"","context":"In &quot;Not\u00edcias de Ribeir\u00e3o Preto-SP e Regi\u00e3o&quot;","block_context":{"text":"Not\u00edcias de Ribeir\u00e3o Preto-SP e Regi\u00e3o","link":"https:\/\/noticiasribeiraopreto.com.br\/index.php\/category\/noticias-de-ribeirao-preto-sp-e-regiao-ismael-colosi\/"},"img":{"alt_text":"","src":"https:\/\/i0.wp.com\/noticiasribeiraopreto.com.br\/wp-content\/uploads\/2025\/02\/2021_09_18_horto_municipal_-_foto_guilherme_sircili_29_2025-02-18_20-39-58_jpg_2025-02-18_20-39-59.webp.webp?fit=1200%2C800&ssl=1&resize=350%2C200","width":350,"height":200,"srcset":"https:\/\/i0.wp.com\/noticiasribeiraopreto.com.br\/wp-content\/uploads\/2025\/02\/2021_09_18_horto_municipal_-_foto_guilherme_sircili_29_2025-02-18_20-39-58_jpg_2025-02-18_20-39-59.webp.webp?fit=1200%2C800&ssl=1&resize=350%2C200 1x, https:\/\/i0.wp.com\/noticiasribeiraopreto.com.br\/wp-content\/uploads\/2025\/02\/2021_09_18_horto_municipal_-_foto_guilherme_sircili_29_2025-02-18_20-39-58_jpg_2025-02-18_20-39-59.webp.webp?fit=1200%2C800&ssl=1&resize=525%2C300 1.5x, https:\/\/i0.wp.com\/noticiasribeiraopreto.com.br\/wp-content\/uploads\/2025\/02\/2021_09_18_horto_municipal_-_foto_guilherme_sircili_29_2025-02-18_20-39-58_jpg_2025-02-18_20-39-59.webp.webp?fit=1200%2C800&ssl=1&resize=700%2C400 2x, https:\/\/i0.wp.com\/noticiasribeiraopreto.com.br\/wp-content\/uploads\/2025\/02\/2021_09_18_horto_municipal_-_foto_guilherme_sircili_29_2025-02-18_20-39-58_jpg_2025-02-18_20-39-59.webp.webp?fit=1200%2C800&ssl=1&resize=1050%2C600 3x"},"classes":[]},{"id":78828,"url":"https:\/\/noticiasribeiraopreto.com.br\/index.php\/2025\/10\/19\/entrevista-meio-ambiente-com-papel-central-em-ribeirao-preto\/","url_meta":{"origin":79411,"position":4},"title":"Entrevista: Meio Ambiente com papel central em Ribeir\u00e3o Preto","author":"noticiasribeiraopreto.com.br","date":"19 de October de 2025","format":false,"excerpt":"\u00a0O secret\u00e1rio municipal do Meio Ambiente, Agricultura e Sustentabilidade de Ribeir\u00e3o Preto, Cl\u00e1udio Almeida, tem como uma de suas miss\u00f5es implementar a\u00e7\u00f5es ambientais que aumentem a cobertura arb\u00f3rea da cidade, que hoje est\u00e1 em apenas 18%. O m\u00ednimo adequado \u00e9 30%. \u201cO principal desafio \u00e9 fazer uma gest\u00e3o eficiente, trabalhando\u2026","rel":"","context":"In &quot;Not\u00edcias de Ribeir\u00e3o Preto-SP e Regi\u00e3o&quot;","block_context":{"text":"Not\u00edcias de Ribeir\u00e3o Preto-SP e Regi\u00e3o","link":"https:\/\/noticiasribeiraopreto.com.br\/index.php\/category\/noticias-de-ribeirao-preto-sp-e-regiao-ismael-colosi\/"},"img":{"alt_text":"","src":"https:\/\/i0.wp.com\/noticiasribeiraopreto.com.br\/wp-content\/uploads\/2025\/10\/Secretario-do-Meio-Ambiente-Claudio-Almeida_Max-Gallao-Mesquita-2-scaled.jpeg?fit=1170%2C780&ssl=1&resize=350%2C200","width":350,"height":200,"srcset":"https:\/\/i0.wp.com\/noticiasribeiraopreto.com.br\/wp-content\/uploads\/2025\/10\/Secretario-do-Meio-Ambiente-Claudio-Almeida_Max-Gallao-Mesquita-2-scaled.jpeg?fit=1170%2C780&ssl=1&resize=350%2C200 1x, https:\/\/i0.wp.com\/noticiasribeiraopreto.com.br\/wp-content\/uploads\/2025\/10\/Secretario-do-Meio-Ambiente-Claudio-Almeida_Max-Gallao-Mesquita-2-scaled.jpeg?fit=1170%2C780&ssl=1&resize=525%2C300 1.5x, https:\/\/i0.wp.com\/noticiasribeiraopreto.com.br\/wp-content\/uploads\/2025\/10\/Secretario-do-Meio-Ambiente-Claudio-Almeida_Max-Gallao-Mesquita-2-scaled.jpeg?fit=1170%2C780&ssl=1&resize=700%2C400 2x, https:\/\/i0.wp.com\/noticiasribeiraopreto.com.br\/wp-content\/uploads\/2025\/10\/Secretario-do-Meio-Ambiente-Claudio-Almeida_Max-Gallao-Mesquita-2-scaled.jpeg?fit=1170%2C780&ssl=1&resize=1050%2C600 3x"},"classes":[]},{"id":78970,"url":"https:\/\/noticiasribeiraopreto.com.br\/index.php\/2025\/10\/22\/ribeirao-e-finalista-em-projeto-ambiental\/","url_meta":{"origin":79411,"position":5},"title":"Ribeir\u00e3o \u00e9 finalista em projeto ambiental","author":"noticiasribeiraopreto.com.br","date":"22 de October de 2025","format":false,"excerpt":"22 de outubro de 2025 08:162 Compartilhar0 Munic\u00edpio est\u00e1 entre os 28 selecionados de mais de 200 cidades que concorreram em todo o mundo \u2028\u2028Ribeir\u00e3o Preto foi selecionada como uma das finalistas no concurso Incubadora de Projetos Solu\u00e7\u00e3o Natureza, promovido pela Funda\u00e7\u00e3o Grupo Botic\u00e1rio em parceria com a C40 Cities.\u2026","rel":"","context":"In &quot;Not\u00edcias de Ribeir\u00e3o Preto-SP e Regi\u00e3o&quot;","block_context":{"text":"Not\u00edcias de Ribeir\u00e3o Preto-SP e Regi\u00e3o","link":"https:\/\/noticiasribeiraopreto.com.br\/index.php\/category\/noticias-de-ribeirao-preto-sp-e-regiao-ismael-colosi\/"},"img":{"alt_text":"","src":"https:\/\/i0.wp.com\/noticiasribeiraopreto.com.br\/wp-content\/uploads\/2025\/10\/Ambiente-Guilherme-Sircili-scaled.jpg?fit=1170%2C780&ssl=1&resize=350%2C200","width":350,"height":200,"srcset":"https:\/\/i0.wp.com\/noticiasribeiraopreto.com.br\/wp-content\/uploads\/2025\/10\/Ambiente-Guilherme-Sircili-scaled.jpg?fit=1170%2C780&ssl=1&resize=350%2C200 1x, https:\/\/i0.wp.com\/noticiasribeiraopreto.com.br\/wp-content\/uploads\/2025\/10\/Ambiente-Guilherme-Sircili-scaled.jpg?fit=1170%2C780&ssl=1&resize=525%2C300 1.5x, https:\/\/i0.wp.com\/noticiasribeiraopreto.com.br\/wp-content\/uploads\/2025\/10\/Ambiente-Guilherme-Sircili-scaled.jpg?fit=1170%2C780&ssl=1&resize=700%2C400 2x, https:\/\/i0.wp.com\/noticiasribeiraopreto.com.br\/wp-content\/uploads\/2025\/10\/Ambiente-Guilherme-Sircili-scaled.jpg?fit=1170%2C780&ssl=1&resize=1050%2C600 3x"},"classes":[]}],"jetpack_sharing_enabled":true,"jetpack_shortlink":"https:\/\/wp.me\/peQAOb-kEP","_links":{"self":[{"href":"https:\/\/noticiasribeiraopreto.com.br\/index.php\/wp-json\/wp\/v2\/posts\/79411","targetHints":{"allow":["GET"]}}],"collection":[{"href":"https:\/\/noticiasribeiraopreto.com.br\/index.php\/wp-json\/wp\/v2\/posts"}],"about":[{"href":"https:\/\/noticiasribeiraopreto.com.br\/index.php\/wp-json\/wp\/v2\/types\/post"}],"author":[{"embeddable":true,"href":"https:\/\/noticiasribeiraopreto.com.br\/index.php\/wp-json\/wp\/v2\/users\/1"}],"replies":[{"embeddable":true,"href":"https:\/\/noticiasribeiraopreto.com.br\/index.php\/wp-json\/wp\/v2\/comments?post=79411"}],"version-history":[{"count":0,"href":"https:\/\/noticiasribeiraopreto.com.br\/index.php\/wp-json\/wp\/v2\/posts\/79411\/revisions"}],"wp:attachment":[{"href":"https:\/\/noticiasribeiraopreto.com.br\/index.php\/wp-json\/wp\/v2\/media?parent=79411"}],"wp:term":[{"taxonomy":"category","embeddable":true,"href":"https:\/\/noticiasribeiraopreto.com.br\/index.php\/wp-json\/wp\/v2\/categories?post=79411"},{"taxonomy":"post_tag","embeddable":true,"href":"https:\/\/noticiasribeiraopreto.com.br\/index.php\/wp-json\/wp\/v2\/tags?post=79411"}],"curies":[{"name":"wp","href":"https:\/\/api.w.org\/{rel}","templated":true}]}}