{"id":79412,"date":"2025-10-31T11:30:38","date_gmt":"2025-10-31T14:30:38","guid":{"rendered":"https:\/\/noticiasribeiraopreto.com.br\/index.php\/2025\/10\/31\/cranio-humano-e-encontrado-na-zona-leste-de-ribeirao-preto\/"},"modified":"2025-10-31T11:30:38","modified_gmt":"2025-10-31T14:30:38","slug":"cranio-humano-e-encontrado-na-zona-leste-de-ribeirao-preto","status":"publish","type":"post","link":"https:\/\/noticiasribeiraopreto.com.br\/index.php\/2025\/10\/31\/cranio-humano-e-encontrado-na-zona-leste-de-ribeirao-preto\/","title":{"rendered":"Cr\u00e2nio humano \u00e9 encontrado na zona Leste de Ribeir\u00e3o Preto"},"content":{"rendered":"<div class='code-block code-block-1' style='margin: 8px 0 8px auto; text-align: right; display: block; clear: both;'>\n<p><a href=\"https:\/\/wa.link\/vpicfd\"><img data-recalc-dims=\"1\" class=\"wp-image-4922\" style=\"aspect-ratio: 2.0253164556962027; width: 561px; height: auto;\" src=\"https:\/\/i0.wp.com\/ismaelcolosi.com.br\/wp-content\/uploads\/2023\/11\/grupo-de-empregos-whatsapp-e-facebook-ismael-colosi-vagas.jpg?ssl=1\" alt=\"\" \/><\/a><\/p>\n<!-- \/wp:image -->\n<\/div>\n<p> <br \/>\n<\/p>\n<div data-td-block-uid=\"tdi_95\">\n<div class=\"tdb-block-inner td-fix-index\">\n<p><strong>Um cr\u00e2nio humano foi encontrado nesta quinta-feira (30), em uma \u00e1rea ao final Estrada Ant\u00f4nia Mugnatto Marincek, no Ribeir\u00e3o Verde, zona Leste de Ribeir\u00e3o Preto.<\/strong><\/p>\n<p><mark style=\"background-color:#fcb900\" class=\"has-inline-color has-black-color\">Segundo a PM (Pol\u00edcia Militar), um operador de sistemas de esgotos da Saerp (Secretaria de \u00c1gua e Esgoto de Ribeir\u00e3o Preto) relatou que havia visto um cr\u00e2nio nas proximidades de um po\u00e7o de \u00e1gua.<\/mark><\/p>\n<p>Ainda consta no registro que n\u00e3o havia ind\u00edcios de morte recente e que objetos, como vasos e um colar, estavam no local, o que levantou a suspeita da utiliza\u00e7\u00e3o do cr\u00e2nio para uma esp\u00e9cie de ritual.<\/p>\n<p>Os policiais civis da 3\u00aa Delegacia de Homic\u00eddios comparecerem ao local para iniciarem a investiga\u00e7\u00e3o da Pol\u00edcia Civil.<\/p>\n<p>No BO tamb\u00e9m consta o caso da viola\u00e7\u00e3o de dois t\u00famulos na madrugada desta quarta-feira (29), no Cemit\u00e9rio de Juruc\u00ea, distrito de Jardin\u00f3polis, em que cr\u00e2nios foram levados na a\u00e7\u00e3o.<\/p>\n<p>O caso do encontro do cr\u00e2nio foi registrado na CPJ (Central de Pol\u00edcia Judici\u00e1ria Permanente) como morte suspeita.<\/p>\n<p>SAIBA MAIS<\/p>\n<p>Homem \u00e9 morto a facadas ap\u00f3s confus\u00e3o com colega de casa na regi\u00e3o de Ribeir\u00e3o Preto<\/p>\n<h2 class=\"wp-block-heading\"><strong>FIQUE ON<\/strong><\/h2>\n<p>Fique ligado em tudo que acontece em Ribeir\u00e3o Preto e regi\u00e3o. Siga os perfis do\u00a0<strong>acidade on\u00a0<\/strong>no<a href=\"https:\/\/www.instagram.com\/acidadeonribeirao\" target=\"_blank\" rel=\"noreferrer noopener\">\u00a0Instagram<\/a>\u00a0e no\u00a0<a href=\"https:\/\/www.facebook.com\/acidadeonribeirao\/\" target=\"_blank\" rel=\"noreferrer noopener\">Facebook<\/a>.<\/p>\n<p>Receba not\u00edcias do\u00a0<strong>acidade on<\/strong>\u00a0no WhatsApp. Para entrar no grupo,\u00a0basta\u00a0<a href=\"https:\/\/chat.whatsapp.com\/I4nieTEMKlf50pJ28aMemC?mode=ac_t\" target=\"_blank\" rel=\"noreferrer noopener\">clicar aqui<\/a>. Ou, acesse o nosso\u00a0Canal\u00a0<a href=\"https:\/\/whatsapp.com\/channel\/0029Vb6IQl1JENyAeS57fk2p\" target=\"_blank\" rel=\"noreferrer noopener\">clicando aqui<\/a>.<\/p>\n<p>Fa\u00e7a uma den\u00fancia ou sugira uma reportagem sobre Ribeir\u00e3o Preto e regi\u00e3o pelo WhatsApp: 16 99117 7802.<\/p>\n<p>VEJA TAMB\u00c9M<\/p>\n<p>\u2018Um Maluco no Peda\u00e7o\u2019: qual era o personagem de Floyd Roger Myers Jr.?<\/p>\n<p><!-- AI CONTENT END 1 -->\n<\/div>\n<\/div>\n<p><script async src=\"\/\/www.instagram.com\/embed.js\"><\/script><br \/>\n<br \/><br \/>\n<br \/><a href=\"https:\/\/www.acidadeon.com\/ribeiraopreto\/cotidiano\/cranio-humano-e-encontrado-na-zona-leste-de-ribeirao-preto\/\">Source link <\/a><\/p>\n<!-- CONTENT END 1 -->\n","protected":false},"excerpt":{"rendered":"<p>Um cr\u00e2nio humano foi encontrado nesta quinta-feira (30), em uma \u00e1rea ao final Estrada Ant\u00f4nia Mugnatto Marincek, no Ribeir\u00e3o Verde, zona Leste de Ribeir\u00e3o Preto&#8230;.<\/p>\n","protected":false},"author":1,"featured_media":78589,"comment_status":"open","ping_status":"open","sticky":false,"template":"","format":"standard","meta":{"advanced_seo_description":"","jetpack_seo_html_title":"","jetpack_seo_noindex":false,"jetpack_post_was_ever_published":false,"_jetpack_newsletter_access":"","_jetpack_dont_email_post_to_subs":false,"_jetpack_newsletter_tier_id":0,"_jetpack_memberships_contains_paywalled_content":false,"_jetpack_memberships_contains_paid_content":false,"footnotes":"","jetpack_publicize_message":"","jetpack_publicize_feature_enabled":true,"jetpack_social_post_already_shared":true,"jetpack_social_options":{"image_generator_settings":{"template":"highway","default_image_id":0,"font":"","enabled":false},"version":2}},"categories":[11],"tags":[],"class_list":["post-79412","post","type-post","status-publish","format-standard","has-post-thumbnail","hentry","category-noticias-de-ribeirao-preto-sp-e-regiao-ismael-colosi"],"jetpack_publicize_connections":[],"jetpack_featured_media_url":"https:\/\/i0.wp.com\/noticiasribeiraopreto.com.br\/wp-content\/uploads\/2025\/10\/CPJ_2025-10-14_11-49-26.webp.webp?fit=1200%2C833&ssl=1","jetpack-related-posts":[{"id":61538,"url":"https:\/\/noticiasribeiraopreto.com.br\/index.php\/2024\/12\/16\/cranio-e-encontrado-em-terreno-atras-de-escola-em-ribeirao-preto\/","url_meta":{"origin":79412,"position":0},"title":"Cr\u00e2nio \u00e9 encontrado em terreno atr\u00e1s de escola em Ribeir\u00e3o Preto","author":"noticiasribeiraopreto.com.br","date":"16 de December de 2024","format":false,"excerpt":"Um cr\u00e2nio foi encontrado na tarde da \u00faltima sexta-feira (13), em um terreno localizado atr\u00e1s de uma escola no Jardim Pedra Branca, zona Leste de Ribeir\u00e3o Preto. Segundo o boletim de ocorr\u00eancia (BO), o cr\u00e2nio foi localizado por pessoas que limpavam a \u00e1rea, nos fundos na Emei Dr. Wilson Roselino,\u2026","rel":"","context":"In &quot;Not\u00edcias de Ribeir\u00e3o Preto-SP e Regi\u00e3o&quot;","block_context":{"text":"Not\u00edcias de Ribeir\u00e3o Preto-SP e Regi\u00e3o","link":"https:\/\/noticiasribeiraopreto.com.br\/index.php\/category\/noticias-de-ribeirao-preto-sp-e-regiao-ismael-colosi\/"},"img":{"alt_text":"","src":"https:\/\/noticiasribeiraopreto.com.br\/wp-content\/uploads\/2024\/02\/whatsapp_image_2022-08-14_at_12_10_03.jpe","width":350,"height":200,"srcset":"https:\/\/noticiasribeiraopreto.com.br\/wp-content\/uploads\/2024\/02\/whatsapp_image_2022-08-14_at_12_10_03.jpe 1x, https:\/\/noticiasribeiraopreto.com.br\/wp-content\/uploads\/2024\/02\/whatsapp_image_2022-08-14_at_12_10_03.jpe 1.5x, https:\/\/noticiasribeiraopreto.com.br\/wp-content\/uploads\/2024\/02\/whatsapp_image_2022-08-14_at_12_10_03.jpe 2x, https:\/\/noticiasribeiraopreto.com.br\/wp-content\/uploads\/2024\/02\/whatsapp_image_2022-08-14_at_12_10_03.jpe 3x"},"classes":[]},{"id":46535,"url":"https:\/\/noticiasribeiraopreto.com.br\/index.php\/2024\/04\/12\/trabalhador-rural-encontra-cranio-perto-de-onde-ossada-humana-foi-achada-na-regiao-de-ribeirao\/","url_meta":{"origin":79412,"position":1},"title":"Trabalhador rural encontra cr\u00e2nio perto de onde ossada humana foi achada na regi\u00e3o de Ribeir\u00e3o","author":"noticiasribeiraopreto.com.br","date":"12 de April de 2024","format":false,"excerpt":"Um trabalhador rural encontrou um osso semelhante a um cr\u00e2nio humano na noite desta quinta-feira (11), em uma \u00e1rea pr\u00f3xima de onde foi achada uma ossada na \u00faltima segunda-feira (8), em Guatapar\u00e1, cidade a aproximadamente 60 quil\u00f4metros de Ribeir\u00e3o Preto. A Pol\u00edcia Civil informou que havia den\u00fancia de feminic\u00eddio em\u2026","rel":"","context":"In &quot;Not\u00edcias de Ribeir\u00e3o Preto-SP e Regi\u00e3o&quot;","block_context":{"text":"Not\u00edcias de Ribeir\u00e3o Preto-SP e Regi\u00e3o","link":"https:\/\/noticiasribeiraopreto.com.br\/index.php\/category\/noticias-de-ribeirao-preto-sp-e-regiao-ismael-colosi\/"},"img":{"alt_text":"","src":"https:\/\/i0.wp.com\/noticiasribeiraopreto.com.br\/wp-content\/uploads\/2024\/04\/policia_civil_1200x675_13122021212822.jpg?fit=1200%2C675&ssl=1&resize=350%2C200","width":350,"height":200,"srcset":"https:\/\/i0.wp.com\/noticiasribeiraopreto.com.br\/wp-content\/uploads\/2024\/04\/policia_civil_1200x675_13122021212822.jpg?fit=1200%2C675&ssl=1&resize=350%2C200 1x, https:\/\/i0.wp.com\/noticiasribeiraopreto.com.br\/wp-content\/uploads\/2024\/04\/policia_civil_1200x675_13122021212822.jpg?fit=1200%2C675&ssl=1&resize=525%2C300 1.5x, https:\/\/i0.wp.com\/noticiasribeiraopreto.com.br\/wp-content\/uploads\/2024\/04\/policia_civil_1200x675_13122021212822.jpg?fit=1200%2C675&ssl=1&resize=700%2C400 2x, https:\/\/i0.wp.com\/noticiasribeiraopreto.com.br\/wp-content\/uploads\/2024\/04\/policia_civil_1200x675_13122021212822.jpg?fit=1200%2C675&ssl=1&resize=1050%2C600 3x"},"classes":[]},{"id":61539,"url":"https:\/\/noticiasribeiraopreto.com.br\/index.php\/2024\/12\/16\/sete-condominios-e-parte-de-bairro-da-zona-sul-de-ribeirao-podem-ficar-sem-agua-veja-quais\/","url_meta":{"origin":79412,"position":2},"title":"Sete condom\u00ednios e parte de bairro da zona Sul de Ribeir\u00e3o podem ficar sem \u00e1gua; Veja quais","author":"noticiasribeiraopreto.com.br","date":"16 de December de 2024","format":false,"excerpt":"A Saerp (Secretaria de \u00c1gua e Esgoto de Ribeir\u00e3o Preto) informou nesta segunda-feira (16) que sete condom\u00ednios e parte de um bairro na zona Sul da cidade podem ficar sem \u00e1gua. De acordo com a secretaria, uma equipe realiza uma troca emergencial de bomba submersa no po\u00e7o Aroeira, o que\u2026","rel":"","context":"In &quot;Not\u00edcias de Ribeir\u00e3o Preto-SP e Regi\u00e3o&quot;","block_context":{"text":"Not\u00edcias de Ribeir\u00e3o Preto-SP e Regi\u00e3o","link":"https:\/\/noticiasribeiraopreto.com.br\/index.php\/category\/noticias-de-ribeirao-preto-sp-e-regiao-ismael-colosi\/"},"img":{"alt_text":"","src":"https:\/\/i0.wp.com\/noticiasribeiraopreto.com.br\/wp-content\/uploads\/2024\/12\/falta-agua.jpg?fit=1068%2C801&ssl=1&resize=350%2C200","width":350,"height":200,"srcset":"https:\/\/i0.wp.com\/noticiasribeiraopreto.com.br\/wp-content\/uploads\/2024\/12\/falta-agua.jpg?fit=1068%2C801&ssl=1&resize=350%2C200 1x, https:\/\/i0.wp.com\/noticiasribeiraopreto.com.br\/wp-content\/uploads\/2024\/12\/falta-agua.jpg?fit=1068%2C801&ssl=1&resize=525%2C300 1.5x, https:\/\/i0.wp.com\/noticiasribeiraopreto.com.br\/wp-content\/uploads\/2024\/12\/falta-agua.jpg?fit=1068%2C801&ssl=1&resize=700%2C400 2x, https:\/\/i0.wp.com\/noticiasribeiraopreto.com.br\/wp-content\/uploads\/2024\/12\/falta-agua.jpg?fit=1068%2C801&ssl=1&resize=1050%2C600 3x"},"classes":[]},{"id":80360,"url":"https:\/\/noticiasribeiraopreto.com.br\/index.php\/2025\/11\/20\/corpo-de-pescador-e-encontrado-em-lagoa-na-regiao-de-ribeirao-preto\/","url_meta":{"origin":79412,"position":3},"title":"Corpo de pescador \u00e9 encontrado em lagoa na regi\u00e3o de Ribeir\u00e3o Preto","author":"noticiasribeiraopreto.com.br","date":"20 de November de 2025","format":false,"excerpt":"Um homem de 46 anos foi encontrado morto nesta quarta-feira (19), na lagoa de uma propriedade rural entre Sert\u00e3ozinho e Cruz das Posses, na regi\u00e3o de Ribeir\u00e3o Preto. Segundo o boletim de ocorr\u00eancia (BO), Ivanilton dos Santos havia sa\u00eddo com um grupo de amigos para pescar no domingo (16) e\u2026","rel":"","context":"In &quot;Not\u00edcias de Ribeir\u00e3o Preto-SP e Regi\u00e3o&quot;","block_context":{"text":"Not\u00edcias de Ribeir\u00e3o Preto-SP e Regi\u00e3o","link":"https:\/\/noticiasribeiraopreto.com.br\/index.php\/category\/noticias-de-ribeirao-preto-sp-e-regiao-ismael-colosi\/"},"img":{"alt_text":"","src":"https:\/\/i0.wp.com\/noticiasribeiraopreto.com.br\/wp-content\/uploads\/2025\/07\/BOMBEIROS-1024x575-1_2024-05-31_13-44-44_jpg_2024-05-31_13-44-44.webp.webp?fit=1024%2C575&ssl=1&resize=350%2C200","width":350,"height":200,"srcset":"https:\/\/i0.wp.com\/noticiasribeiraopreto.com.br\/wp-content\/uploads\/2025\/07\/BOMBEIROS-1024x575-1_2024-05-31_13-44-44_jpg_2024-05-31_13-44-44.webp.webp?fit=1024%2C575&ssl=1&resize=350%2C200 1x, https:\/\/i0.wp.com\/noticiasribeiraopreto.com.br\/wp-content\/uploads\/2025\/07\/BOMBEIROS-1024x575-1_2024-05-31_13-44-44_jpg_2024-05-31_13-44-44.webp.webp?fit=1024%2C575&ssl=1&resize=525%2C300 1.5x, https:\/\/i0.wp.com\/noticiasribeiraopreto.com.br\/wp-content\/uploads\/2025\/07\/BOMBEIROS-1024x575-1_2024-05-31_13-44-44_jpg_2024-05-31_13-44-44.webp.webp?fit=1024%2C575&ssl=1&resize=700%2C400 2x"},"classes":[]},{"id":59910,"url":"https:\/\/noticiasribeiraopreto.com.br\/index.php\/2024\/11\/01\/morre-homem-encontrado-ferido-em-rotatoria-de-ribeirao-preto\/","url_meta":{"origin":79412,"position":4},"title":"Morre homem encontrado ferido em rotat\u00f3ria de Ribeir\u00e3o Preto","author":"noticiasribeiraopreto.com.br","date":"1 de November de 2024","format":false,"excerpt":"O homem encontrado ferido e inconsciente na \u00faltima ter\u00e7a-feira (29), em uma rotat\u00f3ria da avenida Luis Galv\u00e3o C\u00e9sar, no Parque das Figueiras, zona Oeste de Ribeir\u00e3o Preto, n\u00e3o resistiu e morreu nesta quinta-feira (31). Segundo o boletim de ocorr\u00eancia (BO), a v\u00edtima, identificada como F\u00e1bio Ara\u00fajo de Lima, de 44\u2026","rel":"","context":"In &quot;Not\u00edcias de Ribeir\u00e3o Preto-SP e Regi\u00e3o&quot;","block_context":{"text":"Not\u00edcias de Ribeir\u00e3o Preto-SP e Regi\u00e3o","link":"https:\/\/noticiasribeiraopreto.com.br\/index.php\/category\/noticias-de-ribeirao-preto-sp-e-regiao-ismael-colosi\/"},"img":{"alt_text":"","src":"https:\/\/noticiasribeiraopreto.com.br\/wp-content\/uploads\/2024\/02\/whatsapp_image_2022-08-14_at_12_10_03.jpe","width":350,"height":200,"srcset":"https:\/\/noticiasribeiraopreto.com.br\/wp-content\/uploads\/2024\/02\/whatsapp_image_2022-08-14_at_12_10_03.jpe 1x, https:\/\/noticiasribeiraopreto.com.br\/wp-content\/uploads\/2024\/02\/whatsapp_image_2022-08-14_at_12_10_03.jpe 1.5x, https:\/\/noticiasribeiraopreto.com.br\/wp-content\/uploads\/2024\/02\/whatsapp_image_2022-08-14_at_12_10_03.jpe 2x, https:\/\/noticiasribeiraopreto.com.br\/wp-content\/uploads\/2024\/02\/whatsapp_image_2022-08-14_at_12_10_03.jpe 3x"},"classes":[]},{"id":63895,"url":"https:\/\/noticiasribeiraopreto.com.br\/index.php\/2025\/02\/25\/corpo-e-encontrado-em-corrego-na-zona-norte-de-ribeirao-preto\/","url_meta":{"origin":79412,"position":5},"title":"Corpo \u00e9 encontrado em c\u00f3rrego na zona Norte de Ribeir\u00e3o Preto","author":"noticiasribeiraopreto.com.br","date":"25 de February de 2025","format":false,"excerpt":"Um homem foi encontrado morto na tarde desta segunda-feira (24), no ribeir\u00e3o Preto, zona Norte de Ribeir\u00e3o Preto. A PM (Pol\u00edcia Militar) recebeu uma liga\u00e7\u00e3o an\u00f4nima e localizou o corpo \u00e0s margens do c\u00f3rrego, pr\u00f3ximo da Comunidade M\u00e1rio Covas, na Via Norte, altura do bairro Adelino Simioni. Consta no boletim\u2026","rel":"","context":"In &quot;Not\u00edcias de Ribeir\u00e3o Preto-SP e Regi\u00e3o&quot;","block_context":{"text":"Not\u00edcias de Ribeir\u00e3o Preto-SP e Regi\u00e3o","link":"https:\/\/noticiasribeiraopreto.com.br\/index.php\/category\/noticias-de-ribeirao-preto-sp-e-regiao-ismael-colosi\/"},"img":{"alt_text":"","src":"https:\/\/i0.wp.com\/noticiasribeiraopreto.com.br\/wp-content\/uploads\/2025\/02\/policia_qru_1024x576_05012021161940.jpg?fit=1024%2C576&ssl=1&resize=350%2C200","width":350,"height":200,"srcset":"https:\/\/i0.wp.com\/noticiasribeiraopreto.com.br\/wp-content\/uploads\/2025\/02\/policia_qru_1024x576_05012021161940.jpg?fit=1024%2C576&ssl=1&resize=350%2C200 1x, https:\/\/i0.wp.com\/noticiasribeiraopreto.com.br\/wp-content\/uploads\/2025\/02\/policia_qru_1024x576_05012021161940.jpg?fit=1024%2C576&ssl=1&resize=525%2C300 1.5x, https:\/\/i0.wp.com\/noticiasribeiraopreto.com.br\/wp-content\/uploads\/2025\/02\/policia_qru_1024x576_05012021161940.jpg?fit=1024%2C576&ssl=1&resize=700%2C400 2x"},"classes":[]}],"jetpack_sharing_enabled":true,"jetpack_shortlink":"https:\/\/wp.me\/peQAOb-kEQ","_links":{"self":[{"href":"https:\/\/noticiasribeiraopreto.com.br\/index.php\/wp-json\/wp\/v2\/posts\/79412","targetHints":{"allow":["GET"]}}],"collection":[{"href":"https:\/\/noticiasribeiraopreto.com.br\/index.php\/wp-json\/wp\/v2\/posts"}],"about":[{"href":"https:\/\/noticiasribeiraopreto.com.br\/index.php\/wp-json\/wp\/v2\/types\/post"}],"author":[{"embeddable":true,"href":"https:\/\/noticiasribeiraopreto.com.br\/index.php\/wp-json\/wp\/v2\/users\/1"}],"replies":[{"embeddable":true,"href":"https:\/\/noticiasribeiraopreto.com.br\/index.php\/wp-json\/wp\/v2\/comments?post=79412"}],"version-history":[{"count":0,"href":"https:\/\/noticiasribeiraopreto.com.br\/index.php\/wp-json\/wp\/v2\/posts\/79412\/revisions"}],"wp:featuredmedia":[{"embeddable":true,"href":"https:\/\/noticiasribeiraopreto.com.br\/index.php\/wp-json\/wp\/v2\/media\/78589"}],"wp:attachment":[{"href":"https:\/\/noticiasribeiraopreto.com.br\/index.php\/wp-json\/wp\/v2\/media?parent=79412"}],"wp:term":[{"taxonomy":"category","embeddable":true,"href":"https:\/\/noticiasribeiraopreto.com.br\/index.php\/wp-json\/wp\/v2\/categories?post=79412"},{"taxonomy":"post_tag","embeddable":true,"href":"https:\/\/noticiasribeiraopreto.com.br\/index.php\/wp-json\/wp\/v2\/tags?post=79412"}],"curies":[{"name":"wp","href":"https:\/\/api.w.org\/{rel}","templated":true}]}}