{"id":79414,"date":"2025-10-31T14:29:15","date_gmt":"2025-10-31T17:29:15","guid":{"rendered":"https:\/\/noticiasribeiraopreto.com.br\/index.php\/2025\/10\/31\/moradores-do-quintino-facci-exigem-retratacao-de-esquerdogata-apos-ofensas-a-pm-de-ribeirao\/"},"modified":"2025-10-31T14:29:15","modified_gmt":"2025-10-31T17:29:15","slug":"moradores-do-quintino-facci-exigem-retratacao-de-esquerdogata-apos-ofensas-a-pm-de-ribeirao","status":"publish","type":"post","link":"https:\/\/noticiasribeiraopreto.com.br\/index.php\/2025\/10\/31\/moradores-do-quintino-facci-exigem-retratacao-de-esquerdogata-apos-ofensas-a-pm-de-ribeirao\/","title":{"rendered":"Moradores do Quintino Facci exigem retrata\u00e7\u00e3o de Esquerdogata ap\u00f3s ofensas a PM de Ribeir\u00e3o"},"content":{"rendered":"<div class='code-block code-block-1' style='margin: 8px 0 8px auto; text-align: right; display: block; clear: both;'>\n<p><a href=\"https:\/\/wa.link\/vpicfd\"><img data-recalc-dims=\"1\" class=\"wp-image-4922\" style=\"aspect-ratio: 2.0253164556962027; width: 561px; height: auto;\" src=\"https:\/\/i0.wp.com\/ismaelcolosi.com.br\/wp-content\/uploads\/2023\/11\/grupo-de-empregos-whatsapp-e-facebook-ismael-colosi-vagas.jpg?ssl=1\" alt=\"\" \/><\/a><\/p>\n<!-- \/wp:image -->\n<\/div>\n<p> <br \/>\n<\/p>\n<div>\n<p>A <strong>Associa\u00e7\u00e3o de Moradores do Bairro Quintino Facci<\/strong>, em<strong> Ribeir\u00e3o Preto<\/strong>, emitiu uma nota de rep\u00fadio, exigindo uma <strong>retrata\u00e7\u00e3o formal<\/strong> da influenciadora e professora Aline Bardy Dutra, conhecida como <strong>Esquerdogata<\/strong>.<\/p>\n<p>No \u00faltimo s\u00e1bado (25), ela se envolveu em uma pol\u00eamica ao <strong>desacatar policiais militares<\/strong>. A influenciadora chegou a ser presa, mas, ap\u00f3s audi\u00eancia de cust\u00f3dia, <strong>foi liberada mediante cumprimento de medidas cautelares<\/strong>.<\/p>\n<p>Durante a pris\u00e3o, <mark style=\"background-color:#fcb900\" class=\"has-inline-color\">a influenciadora citou o nome do bairro da zona Norte do munic\u00edpio enquanto ofendia os policias \u2013 veja o v\u00eddeo abaixo.<\/mark> \u201cOnde voc\u00ea nasceu? No Quintino, n\u00e9? Voc\u00ea acha que voc\u00ea \u00e9 Deus? Pequeno\u2026 s\u00edndrome do pequeno poder\u201d, disse Esquerdogata na grava\u00e7\u00e3o.<\/p>\n<blockquote class=\"tiktok-embed\" cite=\"https:\/\/www.tiktok.com\/@acidadeon\/video\/7567435659087236359\" data-video-id=\"7567435659087236359\" style=\"max-width: 605px;min-width: 325px;\">\n<section> <a target=\"_blank\" title=\"@acidadeon\" href=\"https:\/\/www.tiktok.com\/@acidadeon?refer=embed\" rel=\"noopener\">@acidadeon<\/a> \u203c\ufe0f A Associa\u00e7\u00e3o de Moradores do Bairro Quintino Facci, em Ribeir\u00e3o Preto, emitiu uma nota de rep\u00fadio, exigindo uma retrata\u00e7\u00e3o formal da influenciadora e professora Aline Bardy Dutra, conhecida como Esquerdogata. \ud83d\udc49 No \u00faltimo s\u00e1bado (25), ela se envolveu em uma pol\u00eamica ao desacatar policiais militares. A influenciadora chegou a ser presa, mas, ap\u00f3s audi\u00eancia de cust\u00f3dia, foi liberada mediante cumprimento de medidas cautelares. \ud83d\udcac Durante a pris\u00e3o, a influenciadora citou o nome do bairro da zona Norte do munic\u00edpio enquanto ofendia os policias \u2013 veja o v\u00eddeo abaixo. \u201cOnde voc\u00ea nasceu? No Quintino, n\u00e9? Voc\u00ea acha que voc\u00ea \u00e9 Deus? Pequeno\u2026 s\u00edndrome do pequeno poder\u201d, disse Esquerdogata na grava\u00e7\u00e3o. \ud83d\udcf2\ud83d\udcbb Saiba mais no site \ud83c\udf0e acidadeon.com\/ribeiraopreto \ud83c\udfa5 reprodu\u00e7\u00e3o\/ redes sociais <a title=\"acidadeon\" target=\"_blank\" href=\"https:\/\/www.tiktok.com\/tag\/acidadeon?refer=embed\" rel=\"noopener\">#acidadeon<\/a> <a title=\"fiqueon\" target=\"_blank\" href=\"https:\/\/www.tiktok.com\/tag\/fiqueon?refer=embed\" rel=\"noopener\">#fiqueon<\/a> <a title=\"ribeiraopreto\" target=\"_blank\" href=\"https:\/\/www.tiktok.com\/tag\/ribeiraopreto?refer=embed\" rel=\"noopener\">#ribeiraopreto<\/a> <a title=\"esquerdogata\" target=\"_blank\" href=\"https:\/\/www.tiktok.com\/tag\/esquerdogata?refer=embed\" rel=\"noopener\">#esquerdogata<\/a> <a target=\"_blank\" title=\"\u266c som original - acidade on\" href=\"https:\/\/www.tiktok.com\/music\/som-original-7567435680152161032?refer=embed\" rel=\"noopener\">\u266c som original \u2013 acidade on<\/a> <\/section>\n<\/blockquote>\n<p>Ap\u00f3s o epis\u00f3dio, a <strong>Associa\u00e7\u00e3o de Moradores do Bairro Quintino Facci<\/strong> publicou um comunicado nas redes sociais, solicitando que a influenciadora <strong>Esquerdogata <\/strong>se retrate pelas declara\u00e7\u00f5es e pe\u00e7a desculpas aos moradores do bairro, que \u00e9 bastante populoso e conta com cerca de <strong>40 mil habitantes<\/strong>.<\/p>\n<figure class=\"wp-block-pullquote\">\n<blockquote>\n<p>Eu, Renato, presidente da Associa\u00e7\u00e3o do Bairro Quintino Facci II, em nome dos moradores e moradoras do nosso bairro, venho a p\u00fablico manifestar nosso total e irrestrito rep\u00fadio \u00e0 fala proferida pela influenciadora digital Aline Bardy Dutra (conhecida como \u2018Esquerdogata\u2019), em que ela dirigiu-se a um policial que a prendeu utilizando express\u00f5es depreciativas como \u2018voc\u00ea n\u00e3o tem consci\u00eancia de classe\u2019, \u2018policialzinho\u2019, \u2018imbecil\u2019, e ainda afirmou que ele \u2018s\u00f3 poderia ter nascido no Quintino\u2019. com a clara inten\u00e7\u00e3o de usar o nome de nosso bairro como motivo de humilha\u00e7\u00e3o<\/p>\n<\/blockquote>\n<\/figure>\n<p>Em outro trecho da nota o presidente do bairro afirma que o \u201c<strong>Quintino <\/strong>\u00e9 composto por pessoas de todas as origens, profiss\u00f5es e classes, que merecem respeito e reconhecimento\u201d, confira a nota completa abaixo.<\/p>\n<p>A reportagem do <strong>acidade on<\/strong> entrou em contato com a defesa de Aline, a <strong>Esquedotagata<\/strong>, mas eles n\u00e3o se ir\u00e3o se manifestar.<\/p>\n<div class=\"wp-block-image\">\n<figure class=\"aligncenter size-full\"><img data-recalc-dims=\"1\" fetchpriority=\"high\" decoding=\"async\" width=\"403\" height=\"453\" src=\"https:\/\/i0.wp.com\/cdn.media-acidadeon.com.br\/ribeiraopreto\/wp-content\/uploads\/sites\/3\/2025\/10\/WhatsApp-Image-2025-10-31-at-12.30.20_2025-10-31_16-58-33.webp?resize=403%2C453&#038;ssl=1\" alt=\"Nota emitido pela Associa\u00e7\u00e3o dos Moradores do Quintino Facci - Foto: reprodu\u00e7\u00e3o\/ redes sociais.\" class=\"wp-image-134280\" title=\"Moradores do Quintino Facci exigem retrata\u00e7\u00e3o de Esquerdogata ap\u00f3s ofensas a PM de Ribeir\u00e3o 1\" srcset=\"https:\/\/cdn.media-acidadeon.com.br\/ribeiraopreto\/wp-content\/uploads\/sites\/3\/2025\/10\/WhatsApp-Image-2025-10-31-at-12.30.20_2025-10-31_16-58-33.webp 403w, https:\/\/cdn.media-acidadeon.com.br\/ribeiraopreto\/wp-content\/uploads\/sites\/3\/2025\/10\/WhatsApp-Image-2025-10-31-at-12.30.20_2025-10-31_16-58-33-267x300.webp 267w\" sizes=\"(max-width: 403px) 100vw, 403px\"\/><figcaption class=\"wp-element-caption\">Nota emitido pela Associa\u00e7\u00e3o dos Moradores do Quintino Facci \u2013 Foto: reprodu\u00e7\u00e3o\/ redes sociais.<\/figcaption><\/figure>\n<\/div>\n<h2 class=\"wp-block-heading\"><strong>Esquerdogata apresentou mais de 100 atestados<\/strong><\/h2>\n<p>O <strong>prefeito de Ribeir\u00e3o Preto, Ricardo Silva (PSD)<\/strong>, disse que a influenciadora e professora <strong>Esquerdogata<\/strong>, tem 83 faltas injustificadas, al\u00e9m de ter apresentado mais de 100 atestados m\u00e9dicos.<\/p>\n<p>Aline \u00e9 professora concursada da rede municipal de <strong>Ribeir\u00e3o Preto<\/strong>, mas em julho do ano passado <strong>pediu o afastamento, n\u00e3o remunerado, por tr\u00eas anos<\/strong>. Um processo administrativo foi aberto pela prefeitura para apurar a conduta de Aline, al\u00e9m de investigar os atestados apresentados por ela.<\/p>\n<p>Segundo <strong>Ricardo Silva<\/strong>, <mark style=\"background-color:#fcb900\" class=\"has-inline-color\"><strong>Aline Bardy Dutra <\/strong>\u00e9 servidora p\u00fablica municipal desde 2007 \u2013 primeiro foi contratada por um processo seletivo emergencial e, em 2012, foi aprovada em concurso p\u00fablico.<\/mark><\/p>\n<p>\u00a0\u201cDiante das faltas injustificadas, certamente, essa senhora teria problemas para ser efetivada no seu est\u00e1gio probat\u00f3rio\u201d, disse o prefeito. \u201cN\u00f3s vamos analisar cada atestado. N\u00f3s vamos analisar cada conduta m\u00e9dica, inclusive\u201d.<\/p>\n<figure class=\"wp-block-image aligncenter size-large is-resized\"><img data-recalc-dims=\"1\" loading=\"lazy\" decoding=\"async\" width=\"1024\" height=\"719\" src=\"https:\/\/i0.wp.com\/cdn.media-acidadeon.com.br\/ribeiraopreto\/wp-content\/uploads\/sites\/3\/2025\/10\/coletiva-prefeitura_2025-10-29_17-26-23-1024x719.webp?resize=1024%2C719&#038;ssl=1\" alt=\"Processo administrativo foi anunciado pelo prefeito Ricardo Silva - Foto: Leonardo Santos.&#10;\" class=\"wp-image-133970\" style=\"width:654px\" title=\"Moradores do Quintino Facci exigem retrata\u00e7\u00e3o de Esquerdogata ap\u00f3s ofensas a PM de Ribeir\u00e3o 2\" srcset=\"https:\/\/cdn.media-acidadeon.com.br\/ribeiraopreto\/wp-content\/uploads\/sites\/3\/2025\/10\/coletiva-prefeitura_2025-10-29_17-26-23-1024x719.webp 1024w, https:\/\/cdn.media-acidadeon.com.br\/ribeiraopreto\/wp-content\/uploads\/sites\/3\/2025\/10\/coletiva-prefeitura_2025-10-29_17-26-23-300x211.webp 300w, https:\/\/cdn.media-acidadeon.com.br\/ribeiraopreto\/wp-content\/uploads\/sites\/3\/2025\/10\/coletiva-prefeitura_2025-10-29_17-26-23-768x539.webp 768w, https:\/\/cdn.media-acidadeon.com.br\/ribeiraopreto\/wp-content\/uploads\/sites\/3\/2025\/10\/coletiva-prefeitura_2025-10-29_17-26-23-696x488.webp 696w, https:\/\/cdn.media-acidadeon.com.br\/ribeiraopreto\/wp-content\/uploads\/sites\/3\/2025\/10\/coletiva-prefeitura_2025-10-29_17-26-23-1068x749.webp 1068w, https:\/\/cdn.media-acidadeon.com.br\/ribeiraopreto\/wp-content\/uploads\/sites\/3\/2025\/10\/coletiva-prefeitura_2025-10-29_17-26-23.webp 1200w\" sizes=\"auto, (max-width: 1024px) 100vw, 1024px\"\/><figcaption class=\"wp-element-caption\">Processo administrativo foi anunciado pelo prefeito Ricardo Silva \u2013 Foto: Leonardo Santos.<br \/>\n<\/figcaption><\/figure>\n<h2 class=\"wp-block-heading\"><strong>Influenciadora j\u00e1 foi condenada por desacatar policiais militares<\/strong><\/h2>\n<p>Em fevereiro deste ano, <strong>Aline <\/strong>foi condenada em primeira inst\u00e2ncia pela<strong> Justi\u00e7a de Ribeir\u00e3o Preto<\/strong> pelos crimes de desacato e desobedi\u00eancia, sendo absolvida das acusa\u00e7\u00f5es de resist\u00eancia e les\u00e3o corporal leve.<\/p>\n<p>A senten\u00e7a foi proferida pelo <strong>juiz L\u00facio Alberto En\u00e9as da Silva Ferreira<\/strong>, da 4\u00aa Vara Criminal do Foro de Ribeir\u00e3o Preto. Segundo a defesa da influenciadora, o processo segue em fase de recurso.<\/p>\n<p>Segundo a den\u00fancia do <strong>Minist\u00e9rio P\u00fablico de S\u00e3o Paulo (MP-SP)<\/strong>, Aline teria se recusado a informar sua identifica\u00e7\u00e3o aos policiais militares, ap\u00f3s uma abordagem em um bar da regi\u00e3o central de Ribeir\u00e3o.<\/p>\n<p>Al\u00e9m disso, o \u00f3rg\u00e3o acusou a influenciadora e um homem que estava com ela de desacatarem e ofenderem a integridade de dois policiais que foram acionados para uma ocorr\u00eancia de perturba\u00e7\u00e3o do sossego, que n\u00e3o foi constatada pelos agentes.<\/p>\n<div class=\"wp-block-image\">\n<figure class=\"aligncenter size-large is-resized\"><img data-recalc-dims=\"1\" loading=\"lazy\" decoding=\"async\" width=\"1024\" height=\"576\" src=\"https:\/\/i0.wp.com\/cdn.media-acidadeon.com.br\/ribeiraopreto\/wp-content\/uploads\/sites\/3\/2025\/10\/voguing_2025-10-28_15-10-23-1024x576.webp?resize=1024%2C576&#038;ssl=1\" alt=\"Esquerdogata j\u00e1 se envolveu em um caso semelhante ao do \u00faltimo final de semana - Foto: reprodu\u00e7\u00e3o\/ redes sociais.\" class=\"wp-image-133815\" style=\"width:654px\" title=\"Moradores do Quintino Facci exigem retrata\u00e7\u00e3o de Esquerdogata ap\u00f3s ofensas a PM de Ribeir\u00e3o 3\" srcset=\"https:\/\/cdn.media-acidadeon.com.br\/ribeiraopreto\/wp-content\/uploads\/sites\/3\/2025\/10\/voguing_2025-10-28_15-10-23-1024x576.webp 1024w, https:\/\/cdn.media-acidadeon.com.br\/ribeiraopreto\/wp-content\/uploads\/sites\/3\/2025\/10\/voguing_2025-10-28_15-10-23-300x169.webp 300w, https:\/\/cdn.media-acidadeon.com.br\/ribeiraopreto\/wp-content\/uploads\/sites\/3\/2025\/10\/voguing_2025-10-28_15-10-23-768x432.webp 768w, https:\/\/cdn.media-acidadeon.com.br\/ribeiraopreto\/wp-content\/uploads\/sites\/3\/2025\/10\/voguing_2025-10-28_15-10-23-696x392.webp 696w, https:\/\/cdn.media-acidadeon.com.br\/ribeiraopreto\/wp-content\/uploads\/sites\/3\/2025\/10\/voguing_2025-10-28_15-10-23-1068x601.webp 1068w, https:\/\/cdn.media-acidadeon.com.br\/ribeiraopreto\/wp-content\/uploads\/sites\/3\/2025\/10\/voguing_2025-10-28_15-10-23.webp 1200w\" sizes=\"auto, (max-width: 1024px) 100vw, 1024px\"\/><figcaption class=\"wp-element-caption\">Esquerdogata j\u00e1 se envolveu em um caso semelhante ao do \u00faltimo final de semana \u2013 Foto: reprodu\u00e7\u00e3o\/ redes sociais.<\/figcaption><\/figure>\n<\/div>\n<hr class=\"wp-block-separator has-alpha-channel-opacity\"\/>\n<p>SAIBA MAIS<\/p>\n<p>Kombi capota, atinge carros estacionados e deixa dois feridos; V\u00eddeo<\/p>\n<h2 class=\"wp-block-heading\"><strong>FIQUE ON<\/strong><\/h2>\n<p>Fique ligado em tudo que acontece em Ribeir\u00e3o Preto e regi\u00e3o. Siga os perfis do\u00a0<strong>acidade on\u00a0<\/strong>no<a href=\"https:\/\/www.instagram.com\/acidadeonribeirao\" target=\"_blank\" rel=\"noreferrer noopener\">\u00a0Instagram<\/a>\u00a0e no\u00a0<a href=\"https:\/\/www.facebook.com\/acidadeonribeirao\/\" target=\"_blank\" rel=\"noreferrer noopener\">Facebook<\/a>.<\/p>\n<p>Receba not\u00edcias do\u00a0<strong>acidade on<\/strong>\u00a0no WhatsApp. Para entrar no grupo,\u00a0basta\u00a0<a href=\"https:\/\/chat.whatsapp.com\/I4nieTEMKlf50pJ28aMemC?mode=ac_t\" target=\"_blank\" rel=\"noreferrer noopener\">clicar aqui<\/a>. Ou, acesse o nosso\u00a0Canal\u00a0<a href=\"https:\/\/whatsapp.com\/channel\/0029Vb6IQl1JENyAeS57fk2p\" target=\"_blank\" rel=\"noreferrer noopener\">clicando aqui<\/a>.<\/p>\n<p>Fa\u00e7a uma den\u00fancia ou sugira uma reportagem sobre Ribeir\u00e3o Preto e regi\u00e3o pelo WhatsApp: 16 99117 7802.<\/p>\n<p>VEJA TAMB\u00c9M<\/p>\n<p>Por que Jo\u00e9lly vende o filho em \u2018Tr\u00eas Gra\u00e7as\u2019?<\/p>\n<p><!-- AI CONTENT END 1 -->\n<\/div>\n<p><script async src=\"\/\/www.instagram.com\/embed.js\"><\/script><script async src=\"\/\/www.tiktok.com\/embed.js\"><\/script><br \/>\n<br \/><br \/>\n<br \/><a href=\"https:\/\/www.acidadeon.com\/ribeiraopreto\/cotidiano\/moradores-do-quintino-facci-exigem-retratacao-de-esquerdogata-apos-ofensas-a-pm-de-ribeirao\/\">Source link <\/a><\/p>\n<!-- CONTENT END 1 -->\n","protected":false},"excerpt":{"rendered":"<p>A Associa\u00e7\u00e3o de Moradores do Bairro Quintino Facci, em Ribeir\u00e3o Preto, emitiu uma nota de rep\u00fadio, exigindo uma retrata\u00e7\u00e3o formal da influenciadora e professora Aline&#8230;<\/p>\n","protected":false},"author":1,"featured_media":79216,"comment_status":"open","ping_status":"open","sticky":false,"template":"","format":"standard","meta":{"advanced_seo_description":"","jetpack_seo_html_title":"","jetpack_seo_noindex":false,"jetpack_post_was_ever_published":false,"_jetpack_newsletter_access":"","_jetpack_dont_email_post_to_subs":false,"_jetpack_newsletter_tier_id":0,"_jetpack_memberships_contains_paywalled_content":false,"_jetpack_memberships_contains_paid_content":false,"footnotes":"","jetpack_publicize_message":"","jetpack_publicize_feature_enabled":true,"jetpack_social_post_already_shared":true,"jetpack_social_options":{"image_generator_settings":{"template":"highway","default_image_id":0,"font":"","enabled":false},"version":2}},"categories":[11],"tags":[],"class_list":["post-79414","post","type-post","status-publish","format-standard","has-post-thumbnail","hentry","category-noticias-de-ribeirao-preto-sp-e-regiao-ismael-colosi"],"jetpack_publicize_connections":[],"jetpack_featured_media_url":"https:\/\/i0.wp.com\/noticiasribeiraopreto.com.br\/wp-content\/uploads\/2025\/10\/Copia-de-Copia-de-Copia-de-TAMANHO-EXATO-PARA-FOTOS-NO-SISTEMA-NOVO-2025-10-27T133032.461_2025-10-27_16-30-35.webp.webp?fit=1200%2C675&ssl=1","jetpack-related-posts":[{"id":79404,"url":"https:\/\/noticiasribeiraopreto.com.br\/index.php\/2025\/10\/31\/moradores-do-quintino-ii-exigem-retratacao-publica-da-esquerdogata\/","url_meta":{"origin":79414,"position":0},"title":"Moradores do Quintino II exigem retrata\u00e7\u00e3o p\u00fablica da \u201cesquerdogata\u201d","author":"noticiasribeiraopreto.com.br","date":"31 de October de 2025","format":false,"excerpt":"31 de outubro de 2025 03:2531 de outubro de 2025 00:1711 Compartilhar0 A Associa\u00e7\u00e3o de Moradores do bairro, localizado na Zona Norte da cidade, divulgou Manifesto de Rep\u00fadio as declara\u00e7\u00f5es, ap\u00f3s coment\u00e1rios considerados preconceituosos da influenciadora sobre o bairro A Associa\u00e7\u00e3o de Moradores do Bairro Quintino Facci II, localizado na\u2026","rel":"","context":"In &quot;Not\u00edcias de Ribeir\u00e3o Preto-SP e Regi\u00e3o&quot;","block_context":{"text":"Not\u00edcias de Ribeir\u00e3o Preto-SP e Regi\u00e3o","link":"https:\/\/noticiasribeiraopreto.com.br\/index.php\/category\/noticias-de-ribeirao-preto-sp-e-regiao-ismael-colosi\/"},"img":{"alt_text":"","src":"https:\/\/i0.wp.com\/noticiasribeiraopreto.com.br\/wp-content\/uploads\/2025\/10\/quintino.jpeg?fit=984%2C544&ssl=1&resize=350%2C200","width":350,"height":200,"srcset":"https:\/\/i0.wp.com\/noticiasribeiraopreto.com.br\/wp-content\/uploads\/2025\/10\/quintino.jpeg?fit=984%2C544&ssl=1&resize=350%2C200 1x, https:\/\/i0.wp.com\/noticiasribeiraopreto.com.br\/wp-content\/uploads\/2025\/10\/quintino.jpeg?fit=984%2C544&ssl=1&resize=525%2C300 1.5x, https:\/\/i0.wp.com\/noticiasribeiraopreto.com.br\/wp-content\/uploads\/2025\/10\/quintino.jpeg?fit=984%2C544&ssl=1&resize=700%2C400 2x"},"classes":[]},{"id":85179,"url":"https:\/\/noticiasribeiraopreto.com.br\/index.php\/2026\/04\/24\/justica-marca-julgamento-de-esquerdogata\/","url_meta":{"origin":79414,"position":1},"title":"Justi\u00e7a marca julgamento de \u2018Esquerdogata\u2019","author":"noticiasribeiraopreto.com.br","date":"24 de April de 2026","format":false,"excerpt":"\r Influenciadora digital vai passar por audi\u00eancia de instru\u00e7\u00e3o pelas acusa\u00e7\u00f5es de inj\u00faria racial, desacato e resist\u00eancia \u00e0 pris\u00e3o no segundo semestre deste ano\r \r 24 de abril de 2026 07:1723 de abril de 2026 18:04 \r Compartilhar1 | Por: Adalberto Luque | O Tribunal de Justi\u00e7a de S\u00e3o Paulo\u2026","rel":"","context":"In &quot;Not\u00edcias de Ribeir\u00e3o Preto-SP e Regi\u00e3o&quot;","block_context":{"text":"Not\u00edcias de Ribeir\u00e3o Preto-SP e Regi\u00e3o","link":"https:\/\/noticiasribeiraopreto.com.br\/index.php\/category\/noticias-de-ribeirao-preto-sp-e-regiao-ismael-colosi\/"},"img":{"alt_text":"","src":"https:\/\/i0.wp.com\/noticiasribeiraopreto.com.br\/wp-content\/uploads\/2026\/04\/28-out-2025-esquerdogata1-scaled.jpg?fit=1200%2C712&ssl=1&resize=350%2C200","width":350,"height":200,"srcset":"https:\/\/i0.wp.com\/noticiasribeiraopreto.com.br\/wp-content\/uploads\/2026\/04\/28-out-2025-esquerdogata1-scaled.jpg?fit=1200%2C712&ssl=1&resize=350%2C200 1x, https:\/\/i0.wp.com\/noticiasribeiraopreto.com.br\/wp-content\/uploads\/2026\/04\/28-out-2025-esquerdogata1-scaled.jpg?fit=1200%2C712&ssl=1&resize=525%2C300 1.5x, https:\/\/i0.wp.com\/noticiasribeiraopreto.com.br\/wp-content\/uploads\/2026\/04\/28-out-2025-esquerdogata1-scaled.jpg?fit=1200%2C712&ssl=1&resize=700%2C400 2x, https:\/\/i0.wp.com\/noticiasribeiraopreto.com.br\/wp-content\/uploads\/2026\/04\/28-out-2025-esquerdogata1-scaled.jpg?fit=1200%2C712&ssl=1&resize=1050%2C600 3x"},"classes":[]},{"id":82816,"url":"https:\/\/noticiasribeiraopreto.com.br\/index.php\/2026\/02\/27\/mpsp-denuncia-esquerdogata-a-justica\/","url_meta":{"origin":79414,"position":2},"title":"MPSP denuncia \u201cEsquerdogata\u201d \u00e0 Justi\u00e7a","author":"noticiasribeiraopreto.com.br","date":"27 de February de 2026","format":false,"excerpt":"\r \r \r 27 de fevereiro de 2026 12:5427 de fevereiro de 2026 13:06 \r Compartilhar2 Por: Adalberto Luque \u2013 O Minist\u00e9rio P\u00fablico de S\u00e3o Paulo (MPSP) apresentou formalmente den\u00fancia contra a influenciadora digital e professora Aline Bardy Dutra, popularmente conhecida por \u201cEsquerdogata\u201d, para o Tribunal de Justi\u00e7a de S\u00e3o\u2026","rel":"","context":"In &quot;Not\u00edcias de Ribeir\u00e3o Preto-SP e Regi\u00e3o&quot;","block_context":{"text":"Not\u00edcias de Ribeir\u00e3o Preto-SP e Regi\u00e3o","link":"https:\/\/noticiasribeiraopreto.com.br\/index.php\/category\/noticias-de-ribeirao-preto-sp-e-regiao-ismael-colosi\/"},"img":{"alt_text":"","src":"https:\/\/i0.wp.com\/noticiasribeiraopreto.com.br\/wp-content\/uploads\/2026\/02\/27-fev-2026-esquerdogata.jpg?fit=501%2C505&ssl=1&resize=350%2C200","width":350,"height":200},"classes":[]},{"id":79215,"url":"https:\/\/noticiasribeiraopreto.com.br\/index.php\/2025\/10\/27\/quem-e-esquerdogata-influenciadora-presa-apos-ofender-pm-em-ribeirao-preto\/","url_meta":{"origin":79414,"position":3},"title":"Quem \u00e9 Esquerdogata, influenciadora presa ap\u00f3s ofender PM em Ribeir\u00e3o Preto","author":"noticiasribeiraopreto.com.br","date":"27 de October de 2025","format":false,"excerpt":"Presa na madrugada do \u00faltimo s\u00e1bado (25) por desacato contra policiais militares no Centro de Ribeir\u00e3o Preto, Aline Bardy Dutra, conhecida como Esquerdogata, \u00e9 comunicadora, professora e militante pol\u00edtica. Com mais de 800 mil seguidores nas redes sociais, Aline, que tem 45 anos, produz e compartilha v\u00eddeos e textos principalmente\u2026","rel":"","context":"In &quot;Not\u00edcias de Ribeir\u00e3o Preto-SP e Regi\u00e3o&quot;","block_context":{"text":"Not\u00edcias de Ribeir\u00e3o Preto-SP e Regi\u00e3o","link":"https:\/\/noticiasribeiraopreto.com.br\/index.php\/category\/noticias-de-ribeirao-preto-sp-e-regiao-ismael-colosi\/"},"img":{"alt_text":"","src":"https:\/\/i0.wp.com\/noticiasribeiraopreto.com.br\/wp-content\/uploads\/2025\/10\/Copia-de-Copia-de-Copia-de-TAMANHO-EXATO-PARA-FOTOS-NO-SISTEMA-NOVO-2025-10-27T133032.461_2025-10-27_16-30-35.webp.webp?fit=1200%2C675&ssl=1&resize=350%2C200","width":350,"height":200,"srcset":"https:\/\/i0.wp.com\/noticiasribeiraopreto.com.br\/wp-content\/uploads\/2025\/10\/Copia-de-Copia-de-Copia-de-TAMANHO-EXATO-PARA-FOTOS-NO-SISTEMA-NOVO-2025-10-27T133032.461_2025-10-27_16-30-35.webp.webp?fit=1200%2C675&ssl=1&resize=350%2C200 1x, https:\/\/i0.wp.com\/noticiasribeiraopreto.com.br\/wp-content\/uploads\/2025\/10\/Copia-de-Copia-de-Copia-de-TAMANHO-EXATO-PARA-FOTOS-NO-SISTEMA-NOVO-2025-10-27T133032.461_2025-10-27_16-30-35.webp.webp?fit=1200%2C675&ssl=1&resize=525%2C300 1.5x, https:\/\/i0.wp.com\/noticiasribeiraopreto.com.br\/wp-content\/uploads\/2025\/10\/Copia-de-Copia-de-Copia-de-TAMANHO-EXATO-PARA-FOTOS-NO-SISTEMA-NOVO-2025-10-27T133032.461_2025-10-27_16-30-35.webp.webp?fit=1200%2C675&ssl=1&resize=700%2C400 2x, https:\/\/i0.wp.com\/noticiasribeiraopreto.com.br\/wp-content\/uploads\/2025\/10\/Copia-de-Copia-de-Copia-de-TAMANHO-EXATO-PARA-FOTOS-NO-SISTEMA-NOVO-2025-10-27T133032.461_2025-10-27_16-30-35.webp.webp?fit=1200%2C675&ssl=1&resize=1050%2C600 3x"},"classes":[]},{"id":80971,"url":"https:\/\/noticiasribeiraopreto.com.br\/index.php\/2025\/12\/19\/esquerdogata-passara-por-exame-de-sanidade-mental-apos-decisao-da-justica\/","url_meta":{"origin":79414,"position":4},"title":"Esquerdogata passar\u00e1 por exame de sanidade mental ap\u00f3s decis\u00e3o da Justi\u00e7a","author":"noticiasribeiraopreto.com.br","date":"19 de December de 2025","format":false,"excerpt":"A Justi\u00e7a autorizou a realiza\u00e7\u00e3o de um exame de sanidade mental na influenciadora Aline Bardy Dutra, conhecida como Esquerdogata, acusada de racismo contra dois policiais militares de Ribeir\u00e3o Preto. A decis\u00e3o atende a um pedido feito pela defesa e j\u00e1 foi deferida pelo Judici\u00e1rio. De acordo com o documento ao\u2026","rel":"","context":"In &quot;Not\u00edcias de Ribeir\u00e3o Preto-SP e Regi\u00e3o&quot;","block_context":{"text":"Not\u00edcias de Ribeir\u00e3o Preto-SP e Regi\u00e3o","link":"https:\/\/noticiasribeiraopreto.com.br\/index.php\/category\/noticias-de-ribeirao-preto-sp-e-regiao-ismael-colosi\/"},"img":{"alt_text":"","src":"https:\/\/i0.wp.com\/noticiasribeiraopreto.com.br\/wp-content\/uploads\/2025\/10\/voguing_2025-10-28_15-10-23.webp.webp?fit=1200%2C675&ssl=1&resize=350%2C200","width":350,"height":200,"srcset":"https:\/\/i0.wp.com\/noticiasribeiraopreto.com.br\/wp-content\/uploads\/2025\/10\/voguing_2025-10-28_15-10-23.webp.webp?fit=1200%2C675&ssl=1&resize=350%2C200 1x, https:\/\/i0.wp.com\/noticiasribeiraopreto.com.br\/wp-content\/uploads\/2025\/10\/voguing_2025-10-28_15-10-23.webp.webp?fit=1200%2C675&ssl=1&resize=525%2C300 1.5x, https:\/\/i0.wp.com\/noticiasribeiraopreto.com.br\/wp-content\/uploads\/2025\/10\/voguing_2025-10-28_15-10-23.webp.webp?fit=1200%2C675&ssl=1&resize=700%2C400 2x, https:\/\/i0.wp.com\/noticiasribeiraopreto.com.br\/wp-content\/uploads\/2025\/10\/voguing_2025-10-28_15-10-23.webp.webp?fit=1200%2C675&ssl=1&resize=1050%2C600 3x"},"classes":[]},{"id":83185,"url":"https:\/\/noticiasribeiraopreto.com.br\/index.php\/2026\/03\/12\/nikolas-ferreira-e-esquerdogata-rejeitam-acordo-em-acao-por-difamacao-contra-influenciadora\/","url_meta":{"origin":79414,"position":5},"title":"Nikolas Ferreira e Esquerdogata rejeitam acordo em a\u00e7\u00e3o por difama\u00e7\u00e3o contra influenciadora","author":"noticiasribeiraopreto.com.br","date":"12 de March de 2026","format":false,"excerpt":"\r \r \r 12 de mar\u00e7o de 2026 09:39 \r Compartilhar0 Por Pedro Penteado O deputado federal Nikolas Ferreira (PL-MG) e a influenciadora Aline Bardy Dutra, conhecida como Esquerdogata, recusaram concilia\u00e7\u00e3o em audi\u00eancia realizada na ter\u00e7a-feira, 10, na 1.\u00aa Vara Criminal de Bras\u00edlia, no Tribunal de Justi\u00e7a do Distrito Federal\u2026","rel":"","context":"In &quot;Not\u00edcias de Ribeir\u00e3o Preto-SP e Regi\u00e3o&quot;","block_context":{"text":"Not\u00edcias de Ribeir\u00e3o Preto-SP e Regi\u00e3o","link":"https:\/\/noticiasribeiraopreto.com.br\/index.php\/category\/noticias-de-ribeirao-preto-sp-e-regiao-ismael-colosi\/"},"img":{"alt_text":"","src":"https:\/\/i0.wp.com\/noticiasribeiraopreto.com.br\/wp-content\/uploads\/2026\/03\/27-fev-2026-esquerdogata.jpg?fit=501%2C505&ssl=1&resize=350%2C200","width":350,"height":200},"classes":[]}],"jetpack_sharing_enabled":true,"jetpack_shortlink":"https:\/\/wp.me\/peQAOb-kES","_links":{"self":[{"href":"https:\/\/noticiasribeiraopreto.com.br\/index.php\/wp-json\/wp\/v2\/posts\/79414","targetHints":{"allow":["GET"]}}],"collection":[{"href":"https:\/\/noticiasribeiraopreto.com.br\/index.php\/wp-json\/wp\/v2\/posts"}],"about":[{"href":"https:\/\/noticiasribeiraopreto.com.br\/index.php\/wp-json\/wp\/v2\/types\/post"}],"author":[{"embeddable":true,"href":"https:\/\/noticiasribeiraopreto.com.br\/index.php\/wp-json\/wp\/v2\/users\/1"}],"replies":[{"embeddable":true,"href":"https:\/\/noticiasribeiraopreto.com.br\/index.php\/wp-json\/wp\/v2\/comments?post=79414"}],"version-history":[{"count":0,"href":"https:\/\/noticiasribeiraopreto.com.br\/index.php\/wp-json\/wp\/v2\/posts\/79414\/revisions"}],"wp:featuredmedia":[{"embeddable":true,"href":"https:\/\/noticiasribeiraopreto.com.br\/index.php\/wp-json\/wp\/v2\/media\/79216"}],"wp:attachment":[{"href":"https:\/\/noticiasribeiraopreto.com.br\/index.php\/wp-json\/wp\/v2\/media?parent=79414"}],"wp:term":[{"taxonomy":"category","embeddable":true,"href":"https:\/\/noticiasribeiraopreto.com.br\/index.php\/wp-json\/wp\/v2\/categories?post=79414"},{"taxonomy":"post_tag","embeddable":true,"href":"https:\/\/noticiasribeiraopreto.com.br\/index.php\/wp-json\/wp\/v2\/tags?post=79414"}],"curies":[{"name":"wp","href":"https:\/\/api.w.org\/{rel}","templated":true}]}}