{"id":79415,"date":"2025-10-31T14:37:17","date_gmt":"2025-10-31T17:37:17","guid":{"rendered":"https:\/\/noticiasribeiraopreto.com.br\/index.php\/2025\/10\/31\/shows-comedia-e-halloween-confira-o-que-acontece-neste-fim-de-semana-em-ribeirao-preto\/"},"modified":"2025-10-31T14:37:17","modified_gmt":"2025-10-31T17:37:17","slug":"shows-comedia-e-halloween-confira-o-que-acontece-neste-fim-de-semana-em-ribeirao-preto","status":"publish","type":"post","link":"https:\/\/noticiasribeiraopreto.com.br\/index.php\/2025\/10\/31\/shows-comedia-e-halloween-confira-o-que-acontece-neste-fim-de-semana-em-ribeirao-preto\/","title":{"rendered":"Shows, com\u00e9dia e halloween: confira o que acontece neste fim de semana em Ribeir\u00e3o Preto"},"content":{"rendered":"<div class='code-block code-block-1' style='margin: 8px 0 8px auto; text-align: right; display: block; clear: both;'>\n<p><a href=\"https:\/\/wa.link\/vpicfd\"><img data-recalc-dims=\"1\" class=\"wp-image-4922\" style=\"aspect-ratio: 2.0253164556962027; width: 561px; height: auto;\" src=\"https:\/\/i0.wp.com\/ismaelcolosi.com.br\/wp-content\/uploads\/2023\/11\/grupo-de-empregos-whatsapp-e-facebook-ismael-colosi-vagas.jpg?ssl=1\" alt=\"\" \/><\/a><\/p>\n<!-- \/wp:image -->\n<\/div>\n<p> <br \/>\n<\/p>\n<div>\n<p>O fim de semana chegou e <strong>Ribeir\u00e3o Preto<\/strong> conta com diversas op\u00e7\u00f5es para aproveitar. Entre as atra\u00e7\u00f5es est\u00e3o o show da dupla sertaneja <strong>Edson &amp; Hudson<\/strong>, o novo<em> stand-up<\/em> de <strong>Igor Guimar\u00e3es<\/strong> e a edi\u00e7\u00e3o do \u201c<strong>C\u00e3olloween<\/strong>\u201d. Confira a programa\u00e7\u00e3o completa abaixo.<\/p>\n<h2 class=\"wp-block-heading\"><strong>Edson &amp; Hudson<\/strong><\/h2>\n<p>A dupla sertaneja se apresenta neste s\u00e1bado (1\u00ba de novembro), no <strong>Multiplan Hall<\/strong>, em Ribeir\u00e3o Preto. O show come\u00e7a \u00e0s\u00a0<strong>19h30<\/strong>, com abertura da dupla\u00a0<strong>Roby &amp; Roger<\/strong>. Edson &amp; Hudson incluem no repert\u00f3rio cl\u00e1ssicos como \u201c<em>Azul<\/em>\u201d, \u201c<em>Deixa Eu Te Amar<\/em>\u201d, \u201c<em>Galera Cora\u00e7\u00e3o<\/em>\u201d e \u201c<em>Foi Deus<\/em>\u201d, al\u00e9m de novas can\u00e7\u00f5es.\u00a0Os ingressos est\u00e3o \u00e0 venda pelo site\u00a0<a href=\"https:\/\/www.ticketmaster.com.br\/event\/nando-reis-ribeirao-preto\" target=\"_blank\" rel=\"noreferrer noopener\">\u2013 clique aqui<\/a>\u00a0e na bilheteria do Multiplan Hall, com pre\u00e7os a partir de 172,50.<\/p>\n<p><strong>Quando:<\/strong>\u00a01\u00ba de novembro, s\u00e1bado<br \/><strong>Hor\u00e1rio:\u00a0<\/strong>A partir das 19h30<br \/><strong>Local:\u00a0<\/strong>Multiplan Hall, Ribeir\u00e3o Shopping | avenida Coronel Fernando Ferreira Leite, 1540 \u2013 Ribeir\u00e3o Preto<br \/><strong>Ingressos:\u00a0<\/strong>A partir de R$ 155,25<\/p>\n<h2 class=\"wp-block-heading\"><strong>Igor Guimar\u00e3es<\/strong><\/h2>\n<p>humorista\u00a0<strong>Igor Guimar\u00e3es\u00a0<\/strong>sobe ao palco do\u00a0<strong>Theatro Pedro II<\/strong>, em<strong>\u00a0Ribeir\u00e3o Preto<\/strong>,<strong>\u00a0<\/strong>neste\u00a0<strong>s\u00e1bado (1\u00ba de novembro)<\/strong>, \u00e0s 20h, com o show \u201c<strong>Stand-up de Humor<\/strong>\u201d. O novo espet\u00e1culo conta com muita m\u00fasica, com um repert\u00f3rio 100% autoral e humor abordando temas variados. Os ingressos podem ser adquiridos\u00a0<strong>on-line\u00a0<a href=\"https:\/\/ingressodigital.com\/evento\/16295\/igor-guimaraes-%7C-stand-up-de-humor\" target=\"_blank\" rel=\"noreferrer noopener\">(clique aqui<\/a><\/strong><a href=\"https:\/\/ingressodigital.com\/evento\/16295\/igor-guimaraes-%7C-stand-up-de-humor\" target=\"_blank\" rel=\"noreferrer noopener\">)<\/a>, com pre\u00e7os a partir de R$ 50.<\/p>\n<p><strong>Quando:<\/strong>\u00a01\u00ba de novembro, s\u00e1bado<br \/><strong>Hor\u00e1rio:<\/strong>\u00a020h<br \/><strong>Local:<\/strong>\u00a0Theatro Pedro II | rua \u00c1lvares Cabral, 370 \u2013 Centro \u2013 Ribeir\u00e3o Preto<br \/><strong>Ingressos:<\/strong>\u00a0A partir de R$ 50<\/p>\n<h2 class=\"wp-block-heading\"><strong>C\u00e3olloween<\/strong><\/h2>\n<p>A programa\u00e7\u00e3o do\u00a0<strong>C\u00e3olloween <\/strong><strong>acontece <\/strong>neste s\u00e1bado (1\u00ba), na Pra\u00e7a Sete de Setembro, a partir das 9h, com entrada gratuita para todo o p\u00fablico. O dia contar\u00e1 com <strong>concurso de pets fantasiados, <\/strong>feira artesanal com produtos variados, apresenta\u00e7\u00f5es de dan\u00e7a, m\u00fasica ao vivo durante o dia e uma feira de ado\u00e7\u00e3o.<\/p>\n<p><strong>Quando:<\/strong>\u00a01\u00ba de novembro, s\u00e1bado<br \/><strong>Hor\u00e1rio:<\/strong>\u00a0A partir das 9h<br \/><strong>Local:\u00a0<\/strong>Pra\u00e7a 7 de Setembro \u2013 R. Sete de Setembro, 579 \u2013 Centro \u2013 Ribeir\u00e3o Preto<br \/><strong>Entrada gratuita<\/strong><\/p>\n<h2 class=\"wp-block-heading\"><strong>Fanta Konat\u00ea<\/strong><\/h2>\n<p>A cantora e bailarina\u00a0<strong>Fanta Konat\u00ea<\/strong>\u00a0apresenta em\u00a0<strong>Ribeir\u00e3o Preto<\/strong>\u00a0o projeto\u00a0<strong>\u201c\u00c1frica Viva em Mim\u201d<\/strong>, com atividades gratuitas nos dias\u00a0<strong>31 de outubro e 1\u00ba de novembro<\/strong>, na\u00a0<strong>Biblioteca Sinh\u00e1 Junqueira<\/strong>. A programa\u00e7\u00e3o inclui roda de conversa, oficinas de dan\u00e7a e percuss\u00e3o e um show com degusta\u00e7\u00e3o de culin\u00e1ria africana.<\/p>\n<p>Na\u00a0<strong>sexta-feira (31)<\/strong>, \u00e0s\u00a0<strong>18h<\/strong>, acontece a roda\u00a0<strong>Kum\u00e1 Lac\u00ed<\/strong>, que discute identidade, ancestralidade e cultura africana. \u00c0s\u00a0<strong>19h<\/strong>, o p\u00fablico participa de uma oficina de dan\u00e7a e percuss\u00e3o com ritmos tradicionais da\u00a0<strong>Guin\u00e9-Conacri<\/strong>. No\u00a0<strong>s\u00e1bado (1\u00ba)<\/strong>, \u00e0s\u00a0<strong>19h<\/strong>, Fanta Konat\u00ea se apresenta com o grupo\u00a0<strong>Djembedon<\/strong>\u00a0no espet\u00e1culo\u00a0<strong>\u201cFanta Donab\u00e1 \u2013 A Grande Bailarina\u201d<\/strong><\/p>\n<p><strong>Quando: <\/strong>31 de outubro a 1\u00ba de novembro <strong><br \/>Hor\u00e1rio: <\/strong>A partir das 18h <strong><br \/>Local: <\/strong>Biblioteca Sinh\u00e1 Junqueira | rua \u00c1lvares Cabral, 370 \u2013 Centro \u2013 Ribeir\u00e3o Preto<strong><br \/>Entrada gratuita<\/strong><\/p>\n<h2 class=\"wp-block-heading\"><strong>Chico Chico<\/strong><\/h2>\n<p>O cantor e compositor\u00a0<strong>Chico Chico<\/strong>, filho da cantora\u00a0<strong>C\u00e1ssia Eller<\/strong>, apresenta o show do movimento\u00a0<strong>A M\u00fasica Brasileira Vive<\/strong>\u00a0nesta sexta-feira (31), \u00e0s\u00a0<strong>20h<\/strong>, no\u00a0<strong>Theatro Pedro II<\/strong>, em\u00a0<strong>Ribeir\u00e3o Preto<\/strong>. Chico Chico sobe ao palco com\u00a0<strong>Pedro Fonseca<\/strong>\u00a0(teclados e piano),\u00a0<strong>Fernando Nunes<\/strong>\u00a0(baixo),\u00a0<strong>Jo\u00e3o Viana<\/strong>\u00a0(bateria),\u00a0<strong>Kadu Mota<\/strong>\u00a0(guitarra) e\u00a0<strong>Luiz Lunga<\/strong>\u00a0(percuss\u00e3o). O grupo apresenta repert\u00f3rio que re\u00fane composi\u00e7\u00f5es autorais e interpreta\u00e7\u00f5es da m\u00fasica brasileira. Os ingressos para a apresenta\u00e7\u00e3o devem ser adquiridos de<strong>\u00a0forma online (<a href=\"https:\/\/meaple.com.br\/a-musiva-vive\/chico-chico-em-ribeirao-preto\" target=\"_blank\" rel=\"noreferrer noopener\">clique aqui<\/a>).<\/strong><\/p>\n<p><strong>Quando: <\/strong>31 de outubro, sexta-feira <strong><br \/>Hor\u00e1rio: <\/strong>20h <strong><br \/>Local: <\/strong>Theatro Pedro II | rua \u00c1lvares Cabral, 370 \u2013 Centro \u2013 Ribeir\u00e3o Preto<br \/><strong>Ingressos: <\/strong>A partir de R$ 90<\/p>\n<h2 class=\"wp-block-heading\"><strong>MC Hariel<\/strong><\/h2>\n<p>O artista far\u00e1 um show em<strong> Ribeir\u00e3o Preto <\/strong>nesta<strong> sexta-feira (31),<\/strong> no<strong> Evva Club, <\/strong>localizado na<strong> zona Sul. <\/strong>O repert\u00f3rio da noite contar\u00e1 com seus sucessos e can\u00e7\u00f5es mais recentes. O evento \u00e9 exclusivo para maiores de 18 anos. Os ingressos podem ser adquiridos <strong>on-line <a href=\"https:\/\/q2ingressos.com.br\/events\/mc-hariel-no-evva-club\" target=\"_blank\" rel=\"noopener\">(clique aqui)<\/a><\/strong>, com pre\u00e7os a partir de <strong>R$ 70.<\/strong><\/p>\n<p><strong>Quando:\u00a0<\/strong>31 de outubro, sexta-feira <strong><br \/>Hor\u00e1rio:\u00a0<\/strong>A partir das 23h<br \/><strong>Local:\u00a0<\/strong>Evva Club | avenida Itatiaia, 1050 \u2013 Alto da Boa Vista \u2013 Ribeir\u00e3o Preto<br \/><strong>Ingressos:<\/strong> A partir de R$ 70<\/p>\n<h2 class=\"wp-block-heading\"><strong>Cortina de Fuma\u00e7a<\/strong><\/h2>\n<p>O casal <strong>Helk Pedrassi\u00a0<\/strong>e\u00a0<strong>Sofia Monteiro <\/strong>apresenta o espet\u00e1culo da\u00a0<strong>Plataforma23 <\/strong><strong>nesta sexta-feira (31), \u00e0s 20h, no Sesi Ribeir\u00e3o. O espet\u00e1culo, que faz parte da programa\u00e7\u00e3o especial de dan\u00e7a <\/strong>prop\u00f5e uma reflex\u00e3o sobre os diversos tipos de viol\u00eancia presentes no cotidiano, sobretudo aquelas que se escondem na est\u00e9tica, leveza ou da suposta inoc\u00eancia.<\/p>\n<p><strong>Quando:<\/strong> 31 de outubro, sexta-feira<br \/><strong>Hor\u00e1rio:<\/strong> 20h<br \/><strong>Local:<\/strong> Sesi Ribeir\u00e3o Preto | rua Jo\u00e3o Ignachiti, 20-364 \u2013 Jardim Castelo Branco \u2013 Ribeir\u00e3o Preto<br \/><strong>Entrada gratuita<\/strong><\/p>\n<h2 class=\"wp-block-heading\"><strong>Anavit\u00f3ria<\/strong><\/h2>\n<p>A dupla\u00a0<strong>Anavit\u00f3ria <\/strong><strong>realiza nesta sexta-feira (31), o <\/strong>show da \u201c<strong>Turn\u00ea das Esquinas<\/strong>\u201d em\u00a0<strong>Ribeir\u00e3o Preto, <\/strong>no\u00a0<strong>Alcans Hall<\/strong>. A abertura dos port\u00f5es acontece \u00e0s\u00a0<strong>20h<\/strong>\u00a0e o show est\u00e1 previsto para\u00a0<strong>21h<\/strong>. A\u00a0<strong>classifica\u00e7\u00e3o indicativa<\/strong>\u00a0\u00e9\u00a0<strong>livre<\/strong>.\u00a0Ainda h\u00e1 ingressos dispon\u00edveis <a href=\"https:\/\/ingressodigital.com\/evento\/15005\/anavitoria-turne-das-esquinas\" target=\"_blank\" rel=\"noopener\">(clique aqui<\/a>), com pre\u00e7os a partir de R$ 180. <strong\/><\/p>\n<p><strong>Quando: <\/strong>31 de outubro, sexta-feira \u00a0<br \/><strong>Hor\u00e1rio: <\/strong>A partir das20h<br \/><strong>Local: <\/strong>Alcans Hall | rodovia Anhanguera, km 302 \u2013 Ribeir\u00e3o Preto<br \/><strong>Ingressos: <\/strong>A partir de R$ 180<\/p>\n<h2 class=\"wp-block-heading\"><strong>Oktoberfest<\/strong><\/h2>\n<p>O\u00a0<strong>Novo Mercad\u00e3o de Ribeir\u00e3o Preto<\/strong>\u00a0realiza, entre os dias <strong>27 de outubro e 2 de novembro de 2025<\/strong>, a\u00a0<strong>1\u00aa Oktoberfest<\/strong>, com\u00a0<strong>entrada gratuita<\/strong>.\u00a0A programa\u00e7\u00e3o contar\u00e1 com shows, op\u00e7\u00f5es gastron\u00f4micas t\u00edpicas, al\u00e9m de uma decora\u00e7\u00e3o tem\u00e1tica que relembra a tradicional festa alem\u00e3.<\/p>\n<p><strong>Quando: <\/strong>27 de outubro a 2 de novembro \u00a0<br \/><strong>Hor\u00e1rio: <\/strong>Das 8h \u00e0s 22h<br \/><strong>Local: <\/strong>Mercad\u00e3o | avenida Lygia Latuf Salom\u00e3o, 605 \u2013 Jardim Jo\u00e3o Rossi \u00a0\u2013 Ribeir\u00e3o Preto<br \/><strong>Entrada gratuita<\/strong><\/p>\n<h2 class=\"wp-block-heading\"><strong>Festival Liter\u00e1rio de Primavera<\/strong><\/h2>\n<p>O festival segue em<strong> Ribeir\u00e3o<\/strong> <strong>Preto<\/strong> at\u00e9 o <strong>domingo (2)<\/strong>, na livraria\u00a0<strong>A Degustadora de Hist\u00f3rias<\/strong>, na\u00a0<strong>Rua Garibaldi, 485, Centro<\/strong>, e oferece bate-papos, lan\u00e7amentos de livros, oficinas e clubes de leitura. Neste fim de semana passam pelo festival Menalton Braff, Marco Aurelio Lucchetti, Dandara Martins, Elaine Christina Mota e Luiz Puntel.<\/p>\n<p><strong>Quando: <\/strong>At\u00e9 2 de novembro, domingo<br \/><strong>Hor\u00e1rio: <\/strong>Sexta-feira (31) a partir das 17h, s\u00e1bado (1\u00ba) a partir das 10h e domingo (2) a partir das 10h<br \/><strong>Local: <\/strong>Livraria A Degustadora | rua Garibaldi, 485 \u2013 Centro \u2013 Ribeir\u00e3o Preto<strong><br \/>Entrada gratuita<\/strong><\/p>\n<h2 class=\"wp-block-heading\"><strong>Viv\u00eancia Ballroom: Vogue Femme<\/strong><\/h2>\n<p>Neste s\u00e1bado (1\u00ba de novembro), das 15h \u00e0s 18h, <strong>Diamond Versace e Shonda Candace levam ao Sesi Ribeir\u00e3o Preto <\/strong>a viv\u00eancia que introduz o\u00a0<strong>Vogue Femme<\/strong>\u00a0e os fundamentos da\u00a0<strong>cultura ballroom<\/strong>. Para participar, basta reservar ingresso no<strong>\u00a0<a href=\"https:\/\/click.cse360.com.br\/Click\/AddCampaignEmailClick\/a7ca04d8-2f42-4bd5-be0e-08de124ea2b2\/https%253a%252f%252fwww.sesisp.org.br%252feventos%253fdata%253d0%2526codigoUnidade%253d1d2a9687-9384-41c5-9e4b-cf87cb38236e%2526search%253d\/58ff2775-1ad7-46e9-92d6-4522abcb9284\/jornalismo.ribeirao@acidadeon.com\/True\" target=\"_blank\" rel=\"noreferrer noopener\">site do Meu Sesi<\/a><\/strong><a href=\"https:\/\/click.cse360.com.br\/Click\/AddCampaignEmailClick\/a7ca04d8-2f42-4bd5-be0e-08de124ea2b2\/https%253a%252f%252fwww.sesisp.org.br%252feventos%253fdata%253d0%2526codigoUnidade%253d1d2a9687-9384-41c5-9e4b-cf87cb38236e%2526search%253d\/58ff2775-1ad7-46e9-92d6-4522abcb9284\/jornalismo.ribeirao@acidadeon.com\/True\" target=\"_blank\" rel=\"noreferrer noopener\">.<\/a><\/p>\n<p>Mais tarde, das 19h \u00e0s 22h, acontece o \u201c<strong>Vogue Night: Ballroom<\/strong>\u201d, com a presen\u00e7a de DJs como <strong>Shonda Candace<\/strong>\u00a0e\u00a0<strong>Fer Vinhota<\/strong>, apresenta\u00e7\u00f5es de drag com\u00a0<strong>Joanna Dark<\/strong>,\u00a0<strong>Tina Aberta\u00a0<\/strong>e\u00a0<strong>DJoi<\/strong>\u00a0al\u00e9m de performances\u00a0<em>ballroom<\/em>\u00a0com\u00a0<strong>Diamond Versace<\/strong>\u00a0e\u00a0<strong>Deise 007<\/strong>.<\/p>\n<p><strong>Quando:\u00a0<\/strong>1\u00ba de novembro, s\u00e1bado <strong><br \/>Hor\u00e1rio:\u00a0<\/strong>A partir das 15h<br \/><strong>Local:\u00a0<\/strong>Sesi Ribeir\u00e3o Preto | rua Jo\u00e3o Ignachiti, 20-364 \u2013 Jardim Castelo Branco \u2013 Ribeir\u00e3o Preto<strong><br \/>Entrada gratuita<\/strong><\/p>\n<h2 class=\"wp-block-heading\"><strong>Oficina de Dan\u00e7a Contempor\u00e2nea<\/strong><\/h2>\n<p>A oficina \u00e9 realizada pelas artistas\u00a0<strong>Helk Pedrassi\u00a0<\/strong>e\u00a0<strong>Sofia Monteiro<\/strong><strong>, no Sesi Ribeir\u00e3o, a partir das 9h30. <\/strong>A oficina busca experimentar movimenta\u00e7\u00f5es entre o bruto e a est\u00e9tica, decodificando com o corpo os ru\u00eddos que o tema da viol\u00eancia velada reverbera em cada participante. Para participar, basta reservar ingresso no<strong>\u00a0<a href=\"https:\/\/click.cse360.com.br\/Click\/AddCampaignEmailClick\/a7ca04d8-2f42-4bd5-be0e-08de124ea2b2\/https%253a%252f%252fwww.sesisp.org.br%252feventos%253fdata%253d0%2526codigoUnidade%253d1d2a9687-9384-41c5-9e4b-cf87cb38236e%2526search%253d\/58ff2775-1ad7-46e9-92d6-4522abcb9284\/jornalismo.ribeirao@acidadeon.com\/True\" target=\"_blank\" rel=\"noreferrer noopener\">site do Meu Sesi<\/a><\/strong><a href=\"https:\/\/click.cse360.com.br\/Click\/AddCampaignEmailClick\/a7ca04d8-2f42-4bd5-be0e-08de124ea2b2\/https%253a%252f%252fwww.sesisp.org.br%252feventos%253fdata%253d0%2526codigoUnidade%253d1d2a9687-9384-41c5-9e4b-cf87cb38236e%2526search%253d\/58ff2775-1ad7-46e9-92d6-4522abcb9284\/jornalismo.ribeirao@acidadeon.com\/True\" target=\"_blank\" rel=\"noreferrer noopener\">.<\/a><strong\/><\/p>\n<p><strong>Quando: <\/strong>2 de novembro, domingo \u00a0\u00a0<br \/><strong>Hor\u00e1rio: <\/strong>9h30<br \/><strong>Local: <\/strong>Sesi Ribeir\u00e3o Preto | rua Jo\u00e3o Ignachiti, 20-364 \u2013 Jardim Castelo Branco \u2013 Ribeir\u00e3o Preto<br \/><strong>Entrada gratuita <\/strong>\u00a0\u00a0<\/p>\n<h2 class=\"wp-block-heading\"><strong>Essa Maria N\u00e3o Sou Eu<\/strong><\/h2>\n<p>Neste domingo (2), \u00e0s 19h, acontece o espet\u00e1culo debate temas como opress\u00e3o a mulheres em m\u00faltiplas realidades, viol\u00eancia e emancipa\u00e7\u00e3o. Ap\u00f3s a apresenta\u00e7\u00e3o, acontece uma potente roda de conversa sobre o universo plural da dan\u00e7a. Para participar, basta reservar ingresso no<strong>\u00a0<a href=\"https:\/\/click.cse360.com.br\/Click\/AddCampaignEmailClick\/a7ca04d8-2f42-4bd5-be0e-08de124ea2b2\/https%253a%252f%252fwww.sesisp.org.br%252feventos%253fdata%253d0%2526codigoUnidade%253d1d2a9687-9384-41c5-9e4b-cf87cb38236e%2526search%253d\/58ff2775-1ad7-46e9-92d6-4522abcb9284\/jornalismo.ribeirao@acidadeon.com\/True\" target=\"_blank\" rel=\"noreferrer noopener\">site do Meu Sesi<\/a><\/strong><a href=\"https:\/\/click.cse360.com.br\/Click\/AddCampaignEmailClick\/a7ca04d8-2f42-4bd5-be0e-08de124ea2b2\/https%253a%252f%252fwww.sesisp.org.br%252feventos%253fdata%253d0%2526codigoUnidade%253d1d2a9687-9384-41c5-9e4b-cf87cb38236e%2526search%253d\/58ff2775-1ad7-46e9-92d6-4522abcb9284\/jornalismo.ribeirao@acidadeon.com\/True\" target=\"_blank\" rel=\"noreferrer noopener\">.<\/a><strong\/><\/p>\n<p><strong>Quando:<\/strong>\u00a02 de novembro, domingo<br \/><strong>Hor\u00e1rio:\u00a0<\/strong>19h<br \/><strong>Local:\u00a0<\/strong>Sesi Ribeir\u00e3o Preto | rua Jo\u00e3o Ignachiti, 20-364 \u2013 Jardim Castelo Branco \u2013 Ribeir\u00e3o Preto<br \/><strong>Entrada gratuita \u00a0<\/strong><\/p>\n<h2 class=\"wp-block-heading\"><strong>\u00c1gora \u2013 Dia dos Mortos<\/strong><\/h2>\n<p><strong>Ribeir\u00e3o Preto <\/strong>recebe neste <strong>domingo (2)<\/strong>, a partir das<strong> 16h<\/strong>, a edi\u00e7\u00e3o<strong> \u201cDia dos Mortos\u201d<\/strong>, no<strong> Sem Fronteiras Bar<\/strong>. O evento contar\u00e1 com m\u00fasica ao vivo com as bandas<strong> Debbie Smith Lipstick, Cosmoton e DJ Rodrigo Mod.<\/strong> Al\u00e9m disso, a programa\u00e7\u00e3o tamb\u00e9m conta com competi\u00e7\u00f5es de chope de metro, marionete da cereja, batalha de for\u00e7a e concurso de fantasia.<\/p>\n<p><strong>Quando: <\/strong>2 de novembro, domingo<br \/><strong>Hor\u00e1rio: <\/strong>Das 16h \u00e0s 22h \u00a0<strong><br \/>Local: <\/strong>Sem Fronteiras Bar | \u00a0encruzilhada das ruas Sete de Setembro e Am\u00e9rico Brasiliense \u2013 Centro \u2013 Ribeir\u00e3o Preto<br \/><strong>Entrada gratuita<\/strong><\/p>\n<h2 class=\"wp-block-heading\"><strong>Oficinas de Halloween <\/strong><\/h2>\n<p>O <strong>Ribeir\u00e3o Shopping<\/strong> celebra o Halloween com atividades gratuitas para crian\u00e7as e fam\u00edlias at\u00e9 o <strong>domingo (2)<\/strong>. A programa\u00e7\u00e3o inclui oficinas de m\u00e1scaras, pintura facial e a presen\u00e7a de personagens especiais, em um ambiente l\u00fadico. Nesta sexta-feira (31), as a\u00e7\u00f5es acontecem \u00e0s <strong>19h<\/strong>, e nos dias <strong>1\u00ba e 2 de novembro<\/strong>, \u00e0s <strong>16h<\/strong>, reunindo crian\u00e7as de at\u00e9 12 anos. <\/p>\n<p><strong>Quando: <\/strong>At\u00e9 o dia 2 de novembro, domingo<br \/><strong>Hor\u00e1rio: <\/strong>A partir das 19h na sexta e das 16h no s\u00e1bado e domingo <strong><br \/>Local: <\/strong>Ribeir\u00e3o Shopping | avenida Coronel Fernando Ferreira Leite, 1540 \u2013 Jardim Calif\u00f3rnia \u2013 Ribeir\u00e3o Preto<br \/><strong>Entrada gratuita<\/strong><\/p>\n<h2 class=\"wp-block-heading\"><strong>O Concerto do Conde Dr\u00e1cula<\/strong><\/h2>\n<p>O <strong>Shopping Santa \u00darsula <\/strong>recebe o espet\u00e1culo infantil \u201c<strong>O Concerto do Conde Dr\u00e1cula<\/strong>\u201d, \u00e0s <strong>19h<\/strong>, no <strong>Espa\u00e7o de Eventos (Piso 2)<\/strong>. Para assistir, \u00e9 necess\u00e1rio resgatar o ingresso gratuito pelo App Multi. Ap\u00f3s a apresenta\u00e7\u00e3o, o p\u00fablico ser\u00e1 convidado a participar da tradicional <strong>ca\u00e7a aos doces<\/strong> pelos corredores do shopping. Os participantes receber\u00e3o o \u201cMapa das Gostosuras\u201d. <\/p>\n<p><strong>Quando: <\/strong>31 de outubro, sexta-feira<\/p>\n<p><strong>Hor\u00e1rio: <\/strong>\u00e0s 19h<strong><br \/>Local: <\/strong>Shopping Santa \u00darsula | rua S\u00e3o Jos\u00e9, 933 \u2013 Higien\u00f3polis \u2013 Ribeir\u00e3o Preto<br \/><strong>Entrada gratuita<\/strong><\/p>\n<p>SAIBA MAIS<br \/>Comercial confirma acordo com marca italiana como fornecedora de material esportivo<\/p>\n<h2 class=\"wp-block-heading\"><strong>FIQUE ON<\/strong><\/h2>\n<p>Fique ligado em tudo que acontece em Ribeir\u00e3o Preto e regi\u00e3o. Siga os perfis do\u00a0<strong>acidade on<\/strong>\u00a0no<a href=\"https:\/\/www.instagram.com\/acidadeonribeirao\" target=\"_blank\" rel=\"noreferrer noopener\">\u00a0Instagram\u00a0<\/a>e no\u00a0<a href=\"https:\/\/www.facebook.com\/acidadeonribeirao\/\" target=\"_blank\" rel=\"noreferrer noopener\">Facebook<\/a>.<\/p>\n<p>Receba not\u00edcias do<strong>\u00a0acidade on<\/strong>\u00a0no WhatsApp. Para entrar no grupo,\u00a0basta\u00a0<a href=\"https:\/\/chat.whatsapp.com\/I4nieTEMKlf50pJ28aMemC?mode=ac_t\" target=\"_blank\" rel=\"noreferrer noopener\">clicar aqui<\/a>. Ou, acesse o nosso\u00a0Canal\u00a0<a href=\"https:\/\/whatsapp.com\/channel\/0029Vb6IQl1JENyAeS57fk2p\" target=\"_blank\" rel=\"noreferrer noopener\">clicando aqui<\/a>.<\/p>\n<p>Fa\u00e7a uma den\u00fancia ou sugira uma reportagem sobre Ribeir\u00e3o Preto e regi\u00e3o pelo WhatsApp: 16 99117 7802.<\/p>\n<p>VEJA TAMB\u00c9M<br \/>Qual era a idade de Tony Ramos em \u2018Rainha da Sucata\u2019?<\/p>\n<p><!-- AI CONTENT END 1 -->\n<\/div>\n<p><script async src=\"\/\/www.instagram.com\/embed.js\"><\/script><br \/>\n<br \/><br \/>\n<br \/><a href=\"https:\/\/www.acidadeon.com\/ribeiraopreto\/lazer-e-cultura\/shows-comedia-e-halloween-confira-o-que-acontece-neste-fim-de-semana-em-ribeirao-preto\/\">Source link <\/a><\/p>\n<!-- CONTENT END 1 -->\n","protected":false},"excerpt":{"rendered":"<p>O fim de semana chegou e Ribeir\u00e3o Preto conta com diversas op\u00e7\u00f5es para aproveitar. Entre as atra\u00e7\u00f5es est\u00e3o o show da dupla sertaneja Edson &amp;&#8230;<\/p>\n","protected":false},"author":1,"featured_media":76528,"comment_status":"open","ping_status":"open","sticky":false,"template":"","format":"standard","meta":{"advanced_seo_description":"","jetpack_seo_html_title":"","jetpack_seo_noindex":false,"jetpack_post_was_ever_published":false,"_jetpack_newsletter_access":"","_jetpack_dont_email_post_to_subs":false,"_jetpack_newsletter_tier_id":0,"_jetpack_memberships_contains_paywalled_content":false,"_jetpack_memberships_contains_paid_content":false,"footnotes":"","jetpack_publicize_message":"","jetpack_publicize_feature_enabled":true,"jetpack_social_post_already_shared":true,"jetpack_social_options":{"image_generator_settings":{"template":"highway","default_image_id":0,"font":"","enabled":false},"version":2}},"categories":[11],"tags":[],"class_list":["post-79415","post","type-post","status-publish","format-standard","has-post-thumbnail","hentry","category-noticias-de-ribeirao-preto-sp-e-regiao-ismael-colosi"],"jetpack_publicize_connections":[],"jetpack_featured_media_url":"https:\/\/i0.wp.com\/noticiasribeiraopreto.com.br\/wp-content\/uploads\/2025\/08\/edson-hudson_2025-08-30_19-01-55.webp.webp?fit=800%2C533&ssl=1","jetpack-related-posts":[{"id":76526,"url":"https:\/\/noticiasribeiraopreto.com.br\/index.php\/2025\/08\/30\/edson-e-hudson-apresentam-turne-foi-deus-em-ribeirao-veja-quando\/","url_meta":{"origin":79415,"position":0},"title":"Edson e Hudson apresentam turn\u00ea &#8216;Foi Deus&#8217; em Ribeir\u00e3o; Veja quando","author":"noticiasribeiraopreto.com.br","date":"30 de August de 2025","format":false,"excerpt":"A dupla Edson e Hudson volta a Ribeir\u00e3o Preto no dia 1\u00ba de novembro com a nova turn\u00ea \u201cFoi Deus\u201d, no Multiplan Hall, localizado na zona Sul da cidade. Os ingressos j\u00e1 est\u00e3o dispon\u00edveis para compra on-line e f\u00edsica \u2013 veja como comprar abaixo. A dupla sertaneja acumula milh\u00f5es de\u2026","rel":"","context":"In &quot;Not\u00edcias de Ribeir\u00e3o Preto-SP e Regi\u00e3o&quot;","block_context":{"text":"Not\u00edcias de Ribeir\u00e3o Preto-SP e Regi\u00e3o","link":"https:\/\/noticiasribeiraopreto.com.br\/index.php\/category\/noticias-de-ribeirao-preto-sp-e-regiao-ismael-colosi\/"},"img":{"alt_text":"","src":"https:\/\/i0.wp.com\/noticiasribeiraopreto.com.br\/wp-content\/uploads\/2025\/08\/edson-hudson_2025-08-30_19-01-55.webp.webp?fit=800%2C533&ssl=1&resize=350%2C200","width":350,"height":200,"srcset":"https:\/\/i0.wp.com\/noticiasribeiraopreto.com.br\/wp-content\/uploads\/2025\/08\/edson-hudson_2025-08-30_19-01-55.webp.webp?fit=800%2C533&ssl=1&resize=350%2C200 1x, https:\/\/i0.wp.com\/noticiasribeiraopreto.com.br\/wp-content\/uploads\/2025\/08\/edson-hudson_2025-08-30_19-01-55.webp.webp?fit=800%2C533&ssl=1&resize=525%2C300 1.5x, https:\/\/i0.wp.com\/noticiasribeiraopreto.com.br\/wp-content\/uploads\/2025\/08\/edson-hudson_2025-08-30_19-01-55.webp.webp?fit=800%2C533&ssl=1&resize=700%2C400 2x"},"classes":[]},{"id":79347,"url":"https:\/\/noticiasribeiraopreto.com.br\/index.php\/2025\/10\/29\/edson-e-hudson-fazem-show-em-ribeirao-preto-neste-sabado-ainda-ha-ingressos-disponiveis\/","url_meta":{"origin":79415,"position":1},"title":"Edson e Hudson fazem show em Ribeir\u00e3o Preto neste s\u00e1bado; ainda h\u00e1 ingressos dispon\u00edveis","author":"noticiasribeiraopreto.com.br","date":"29 de October de 2025","format":false,"excerpt":"A dupla Edson & Hudson se apresenta neste s\u00e1bado, 1\u00ba de novembro, no Multiplan Hall, em Ribeir\u00e3o Preto. O show come\u00e7a \u00e0s 19h30, com abertura da dupla Roby & Roger. Edson & Hudson incluem no repert\u00f3rio cl\u00e1ssicos como \u201cAzul\u201d, \u201cDeixa Eu Te Amar\u201d, \u201cGalera Cora\u00e7\u00e3o\u201d e \u201cFoi Deus\u201d, al\u00e9m de\u2026","rel":"","context":"In &quot;Not\u00edcias de Ribeir\u00e3o Preto-SP e Regi\u00e3o&quot;","block_context":{"text":"Not\u00edcias de Ribeir\u00e3o Preto-SP e Regi\u00e3o","link":"https:\/\/noticiasribeiraopreto.com.br\/index.php\/category\/noticias-de-ribeirao-preto-sp-e-regiao-ismael-colosi\/"},"img":{"alt_text":"","src":"https:\/\/i0.wp.com\/noticiasribeiraopreto.com.br\/wp-content\/uploads\/2025\/10\/voguing-10_2025-10-29_22-29-10.webp.webp?fit=1200%2C675&ssl=1&resize=350%2C200","width":350,"height":200,"srcset":"https:\/\/i0.wp.com\/noticiasribeiraopreto.com.br\/wp-content\/uploads\/2025\/10\/voguing-10_2025-10-29_22-29-10.webp.webp?fit=1200%2C675&ssl=1&resize=350%2C200 1x, https:\/\/i0.wp.com\/noticiasribeiraopreto.com.br\/wp-content\/uploads\/2025\/10\/voguing-10_2025-10-29_22-29-10.webp.webp?fit=1200%2C675&ssl=1&resize=525%2C300 1.5x, https:\/\/i0.wp.com\/noticiasribeiraopreto.com.br\/wp-content\/uploads\/2025\/10\/voguing-10_2025-10-29_22-29-10.webp.webp?fit=1200%2C675&ssl=1&resize=700%2C400 2x, https:\/\/i0.wp.com\/noticiasribeiraopreto.com.br\/wp-content\/uploads\/2025\/10\/voguing-10_2025-10-29_22-29-10.webp.webp?fit=1200%2C675&ssl=1&resize=1050%2C600 3x"},"classes":[]},{"id":57049,"url":"https:\/\/noticiasribeiraopreto.com.br\/index.php\/2024\/08\/21\/veja-como-comprar-ingressos-para-show-de-zeze-di-camargo-e-edson-hudson-em-ribeirao\/","url_meta":{"origin":79415,"position":2},"title":"Veja como comprar ingressos para show de Zez\u00e9 Di Camargo e Edson &#038; Hudson em Ribeir\u00e3o","author":"noticiasribeiraopreto.com.br","date":"21 de August de 2024","format":false,"excerpt":"O cantor Zez\u00e9 di Camargo retorna a Ribeir\u00e3o Preto com seu show \u2018R\u00fastico \u2013 A Festa\u2019 que ter\u00e1 participa\u00e7\u00e3o da dupla Edson & Hudson, no dia 1\u00ba de novembro. O projeto solo do artista e busca \u201cresgatar sua ess\u00eancia de homem do campo, do amante das rimas e das noites\u2026","rel":"","context":"In &quot;Not\u00edcias de Ribeir\u00e3o Preto-SP e Regi\u00e3o&quot;","block_context":{"text":"Not\u00edcias de Ribeir\u00e3o Preto-SP e Regi\u00e3o","link":"https:\/\/noticiasribeiraopreto.com.br\/index.php\/category\/noticias-de-ribeirao-preto-sp-e-regiao-ismael-colosi\/"},"img":{"alt_text":"","src":"https:\/\/i0.wp.com\/noticiasribeiraopreto.com.br\/wp-content\/uploads\/2024\/08\/zeze-di-camargo-edson-e-hudson_2024-07-17_16-23-06_jpeg_2024-07-17_16-23-06.webp.webp?fit=1200%2C674&ssl=1&resize=350%2C200","width":350,"height":200,"srcset":"https:\/\/i0.wp.com\/noticiasribeiraopreto.com.br\/wp-content\/uploads\/2024\/08\/zeze-di-camargo-edson-e-hudson_2024-07-17_16-23-06_jpeg_2024-07-17_16-23-06.webp.webp?fit=1200%2C674&ssl=1&resize=350%2C200 1x, https:\/\/i0.wp.com\/noticiasribeiraopreto.com.br\/wp-content\/uploads\/2024\/08\/zeze-di-camargo-edson-e-hudson_2024-07-17_16-23-06_jpeg_2024-07-17_16-23-06.webp.webp?fit=1200%2C674&ssl=1&resize=525%2C300 1.5x, https:\/\/i0.wp.com\/noticiasribeiraopreto.com.br\/wp-content\/uploads\/2024\/08\/zeze-di-camargo-edson-e-hudson_2024-07-17_16-23-06_jpeg_2024-07-17_16-23-06.webp.webp?fit=1200%2C674&ssl=1&resize=700%2C400 2x, https:\/\/i0.wp.com\/noticiasribeiraopreto.com.br\/wp-content\/uploads\/2024\/08\/zeze-di-camargo-edson-e-hudson_2024-07-17_16-23-06_jpeg_2024-07-17_16-23-06.webp.webp?fit=1200%2C674&ssl=1&resize=1050%2C600 3x"},"classes":[]},{"id":46091,"url":"https:\/\/noticiasribeiraopreto.com.br\/index.php\/2024\/04\/09\/edson-hudson-se-apresentam-na-festa-do-peao-de-barretos\/","url_meta":{"origin":79415,"position":3},"title":"Edson &#038; Hudson se apresentam na Festa do Pe\u00e3o de Barretos","author":"noticiasribeiraopreto.com.br","date":"9 de April de 2024","format":false,"excerpt":"A dupla sertaneja Edson & Hudson est\u00e1 confirmada para 69\u00aa Festa do Pe\u00e3o de Barretos. Os irm\u00e3os se apresentam no dia 18 de agosto. Essa \u00e9 a primeira atra\u00e7\u00e3o musical confirmada para o primeiro domingo da festa, que acontece de 15 a 25 de agosto. Confira a programa\u00e7\u00e3o musical da\u2026","rel":"","context":"In &quot;Not\u00edcias de Ribeir\u00e3o Preto-SP e Regi\u00e3o&quot;","block_context":{"text":"Not\u00edcias de Ribeir\u00e3o Preto-SP e Regi\u00e3o","link":"https:\/\/noticiasribeiraopreto.com.br\/index.php\/category\/noticias-de-ribeirao-preto-sp-e-regiao-ismael-colosi\/"},"img":{"alt_text":"","src":"https:\/\/i0.wp.com\/noticiasribeiraopreto.com.br\/wp-content\/uploads\/2024\/04\/Copia-de-Copia-de-TAMANHO-EXATO-PARA-FOTOS-NO-SISTEMA-NOVO-9-1.jpg?fit=1200%2C675&ssl=1&resize=350%2C200","width":350,"height":200,"srcset":"https:\/\/i0.wp.com\/noticiasribeiraopreto.com.br\/wp-content\/uploads\/2024\/04\/Copia-de-Copia-de-TAMANHO-EXATO-PARA-FOTOS-NO-SISTEMA-NOVO-9-1.jpg?fit=1200%2C675&ssl=1&resize=350%2C200 1x, https:\/\/i0.wp.com\/noticiasribeiraopreto.com.br\/wp-content\/uploads\/2024\/04\/Copia-de-Copia-de-TAMANHO-EXATO-PARA-FOTOS-NO-SISTEMA-NOVO-9-1.jpg?fit=1200%2C675&ssl=1&resize=525%2C300 1.5x, https:\/\/i0.wp.com\/noticiasribeiraopreto.com.br\/wp-content\/uploads\/2024\/04\/Copia-de-Copia-de-TAMANHO-EXATO-PARA-FOTOS-NO-SISTEMA-NOVO-9-1.jpg?fit=1200%2C675&ssl=1&resize=700%2C400 2x, https:\/\/i0.wp.com\/noticiasribeiraopreto.com.br\/wp-content\/uploads\/2024\/04\/Copia-de-Copia-de-TAMANHO-EXATO-PARA-FOTOS-NO-SISTEMA-NOVO-9-1.jpg?fit=1200%2C675&ssl=1&resize=1050%2C600 3x"},"classes":[]},{"id":46085,"url":"https:\/\/noticiasribeiraopreto.com.br\/index.php\/2024\/04\/09\/festa-do-peao-de-barretos-confirma-show-de-edson-hudson\/","url_meta":{"origin":79415,"position":4},"title":"Festa do Pe\u00e3o de Barretos confirma show de Edson &#038; Hudson","author":"noticiasribeiraopreto.com.br","date":"9 de April de 2024","format":false,"excerpt":"Festa do Pe\u00e3o de Barretos confirma show de Edson & HudsonDupla com mais de tr\u00eas d\u00e9cadas de hist\u00f3ria apresentar\u00e1 seus maiores sucessos no dia 18 de agosto, domingo. A Festa acontece de 15 a 25 de agosto, no Parque do Pe\u00e3o, e ingressos j\u00e1 est\u00e3o \u00e0 venda. A 69\u00aa Festa\u2026","rel":"","context":"In &quot;Not\u00edcias de Ribeir\u00e3o Preto-SP e Regi\u00e3o&quot;","block_context":{"text":"Not\u00edcias de Ribeir\u00e3o Preto-SP e Regi\u00e3o","link":"https:\/\/noticiasribeiraopreto.com.br\/index.php\/category\/noticias-de-ribeirao-preto-sp-e-regiao-ismael-colosi\/"},"img":{"alt_text":"","src":"https:\/\/i0.wp.com\/noticiasribeiraopreto.com.br\/wp-content\/uploads\/2024\/04\/85f68e21cdfeac1b8cca92eadc410ba7-1.jpeg?fit=1200%2C645&ssl=1&resize=350%2C200","width":350,"height":200,"srcset":"https:\/\/i0.wp.com\/noticiasribeiraopreto.com.br\/wp-content\/uploads\/2024\/04\/85f68e21cdfeac1b8cca92eadc410ba7-1.jpeg?fit=1200%2C645&ssl=1&resize=350%2C200 1x, https:\/\/i0.wp.com\/noticiasribeiraopreto.com.br\/wp-content\/uploads\/2024\/04\/85f68e21cdfeac1b8cca92eadc410ba7-1.jpeg?fit=1200%2C645&ssl=1&resize=525%2C300 1.5x, https:\/\/i0.wp.com\/noticiasribeiraopreto.com.br\/wp-content\/uploads\/2024\/04\/85f68e21cdfeac1b8cca92eadc410ba7-1.jpeg?fit=1200%2C645&ssl=1&resize=700%2C400 2x, https:\/\/i0.wp.com\/noticiasribeiraopreto.com.br\/wp-content\/uploads\/2024\/04\/85f68e21cdfeac1b8cca92eadc410ba7-1.jpeg?fit=1200%2C645&ssl=1&resize=1050%2C600 3x"},"classes":[]},{"id":67062,"url":"https:\/\/noticiasribeiraopreto.com.br\/index.php\/2025\/04\/09\/fred-e-fabricio-se-apresentam-neste-fim-de-semana-em-ribeirao-preto\/","url_meta":{"origin":79415,"position":5},"title":"Fred e Fabr\u00edcio se apresentam neste fim de semana em Ribeir\u00e3o Preto","author":"noticiasribeiraopreto.com.br","date":"9 de April de 2025","format":false,"excerpt":"A dupla sertaneja Fred e Fabr\u00edcio se apresenta neste s\u00e1bado (12), a partir das 16h, no jardim externo do Alcans Hall, em Ribeir\u00e3o Preto. Os ingressos ainda est\u00e3o \u00e0 venda \u2013 veja como abaixo. A dupla carrega hits de sucesso e colabora\u00e7\u00f5es com outros sertanejos, como a dupla Hugo e\u2026","rel":"","context":"In &quot;Not\u00edcias de Ribeir\u00e3o Preto-SP e Regi\u00e3o&quot;","block_context":{"text":"Not\u00edcias de Ribeir\u00e3o Preto-SP e Regi\u00e3o","link":"https:\/\/noticiasribeiraopreto.com.br\/index.php\/category\/noticias-de-ribeirao-preto-sp-e-regiao-ismael-colosi\/"},"img":{"alt_text":"","src":"https:\/\/i0.wp.com\/noticiasribeiraopreto.com.br\/wp-content\/uploads\/2025\/04\/fred-e-fabricio_2025-04-09_14-22-46_jpg_2025-04-09_14-22-46.webp.webp?fit=1200%2C800&ssl=1&resize=350%2C200","width":350,"height":200,"srcset":"https:\/\/i0.wp.com\/noticiasribeiraopreto.com.br\/wp-content\/uploads\/2025\/04\/fred-e-fabricio_2025-04-09_14-22-46_jpg_2025-04-09_14-22-46.webp.webp?fit=1200%2C800&ssl=1&resize=350%2C200 1x, https:\/\/i0.wp.com\/noticiasribeiraopreto.com.br\/wp-content\/uploads\/2025\/04\/fred-e-fabricio_2025-04-09_14-22-46_jpg_2025-04-09_14-22-46.webp.webp?fit=1200%2C800&ssl=1&resize=525%2C300 1.5x, https:\/\/i0.wp.com\/noticiasribeiraopreto.com.br\/wp-content\/uploads\/2025\/04\/fred-e-fabricio_2025-04-09_14-22-46_jpg_2025-04-09_14-22-46.webp.webp?fit=1200%2C800&ssl=1&resize=700%2C400 2x, https:\/\/i0.wp.com\/noticiasribeiraopreto.com.br\/wp-content\/uploads\/2025\/04\/fred-e-fabricio_2025-04-09_14-22-46_jpg_2025-04-09_14-22-46.webp.webp?fit=1200%2C800&ssl=1&resize=1050%2C600 3x"},"classes":[]}],"jetpack_sharing_enabled":true,"jetpack_shortlink":"https:\/\/wp.me\/peQAOb-kET","_links":{"self":[{"href":"https:\/\/noticiasribeiraopreto.com.br\/index.php\/wp-json\/wp\/v2\/posts\/79415","targetHints":{"allow":["GET"]}}],"collection":[{"href":"https:\/\/noticiasribeiraopreto.com.br\/index.php\/wp-json\/wp\/v2\/posts"}],"about":[{"href":"https:\/\/noticiasribeiraopreto.com.br\/index.php\/wp-json\/wp\/v2\/types\/post"}],"author":[{"embeddable":true,"href":"https:\/\/noticiasribeiraopreto.com.br\/index.php\/wp-json\/wp\/v2\/users\/1"}],"replies":[{"embeddable":true,"href":"https:\/\/noticiasribeiraopreto.com.br\/index.php\/wp-json\/wp\/v2\/comments?post=79415"}],"version-history":[{"count":0,"href":"https:\/\/noticiasribeiraopreto.com.br\/index.php\/wp-json\/wp\/v2\/posts\/79415\/revisions"}],"wp:featuredmedia":[{"embeddable":true,"href":"https:\/\/noticiasribeiraopreto.com.br\/index.php\/wp-json\/wp\/v2\/media\/76528"}],"wp:attachment":[{"href":"https:\/\/noticiasribeiraopreto.com.br\/index.php\/wp-json\/wp\/v2\/media?parent=79415"}],"wp:term":[{"taxonomy":"category","embeddable":true,"href":"https:\/\/noticiasribeiraopreto.com.br\/index.php\/wp-json\/wp\/v2\/categories?post=79415"},{"taxonomy":"post_tag","embeddable":true,"href":"https:\/\/noticiasribeiraopreto.com.br\/index.php\/wp-json\/wp\/v2\/tags?post=79415"}],"curies":[{"name":"wp","href":"https:\/\/api.w.org\/{rel}","templated":true}]}}