{"id":79416,"date":"2025-10-31T14:46:09","date_gmt":"2025-10-31T17:46:09","guid":{"rendered":"https:\/\/noticiasribeiraopreto.com.br\/index.php\/2025\/10\/31\/menalton-braff-lanca-novo-romance-em-festival-de-ribeirao-preto\/"},"modified":"2025-10-31T14:46:09","modified_gmt":"2025-10-31T17:46:09","slug":"menalton-braff-lanca-novo-romance-em-festival-de-ribeirao-preto","status":"publish","type":"post","link":"https:\/\/noticiasribeiraopreto.com.br\/index.php\/2025\/10\/31\/menalton-braff-lanca-novo-romance-em-festival-de-ribeirao-preto\/","title":{"rendered":"Menalton Braff lan\u00e7a novo romance em festival de Ribeir\u00e3o Preto"},"content":{"rendered":"<div class='code-block code-block-1' style='margin: 8px 0 8px auto; text-align: right; display: block; clear: both;'>\n<p><a href=\"https:\/\/wa.link\/vpicfd\"><img data-recalc-dims=\"1\" class=\"wp-image-4922\" style=\"aspect-ratio: 2.0253164556962027; width: 561px; height: auto;\" src=\"https:\/\/i0.wp.com\/ismaelcolosi.com.br\/wp-content\/uploads\/2023\/11\/grupo-de-empregos-whatsapp-e-facebook-ismael-colosi-vagas.jpg?ssl=1\" alt=\"\" \/><\/a><\/p>\n<!-- \/wp:image -->\n<\/div>\n<p> <br \/>\n<\/p>\n<div>\n<p><strong>O escritor Menalton Braff lan\u00e7a o seu novo romance neste s\u00e1bado (1\u00ba), \u00e0s 10h, durante o Festival Liter\u00e1rio de Primavera, em Ribeir\u00e3o Preto.<\/strong> <\/p>\n<p><mark style=\"background-color:#fcb900\" class=\"has-inline-color has-black-color\">O livro \u201cEnfim a liberdade\u201d \u00e9 o 33\u00ba do autor de 87 anos, um dos principais nomes da literatura nacional e vencedor do Pr\u00eamio Jabuti em 2000.<\/mark> A publica\u00e7\u00e3o \u00e9 pelo selo \u00d3pio Liter\u00e1rio, da Degustadora Editora.<\/p>\n<p>O lan\u00e7amento ser\u00e1 na livraria\u00a0A Degustadora de Hist\u00f3rias, na\u00a0rua Garibaldi, 485, Centro. Haver\u00e1 um bate-papo e sess\u00e3o de aut\u00f3grafos com o escritor, que \u00e9 ga\u00facho e reside na regi\u00e3o de Ribeir\u00e3o h\u00e1 mais de tr\u00eas d\u00e9cadas.<\/p>\n<p>No livro, o leitor acompanha a trajet\u00f3ria de Renato, um professor casado e pai de dois filhos que cumpre pena por um crime que n\u00e3o cometeu. Ap\u00f3s 17 anos de pris\u00e3o, ele deixa a cadeia e descobre que tudo mudou: a fam\u00edlia, a casa, o mundo \u2013 e ele pr\u00f3prio.<\/p>\n<p>O romance \u00e9 narrado em fluxo de consci\u00eancia, t\u00e9cnica narrativa desenvolvida por \u00c9douard Dujardin, escritor franc\u00eas do final do s\u00e9culo XIX e que atingiu seu \u00e1pice em Ulisses, de James Joyce. \u201cNeste fluxo, \u00e9 como se o narrador cortasse o \u2018tampo\u2019 da cabe\u00e7a da personagem e ali instalasse uma c\u00e2mera para captar tudo o que se passa em sua mente. O pensamento fragment\u00e1rio, as idas e vindas, muitas vezes ca\u00f3ticas, narram o registro dos pensamentos\u201d, explica Menalton.<\/p>\n<p>O Festival Liter\u00e1rio de Primavera vai at\u00e9 o pr\u00f3ximo domingo (2) e \u00e9 aberto ao p\u00fablico.<\/p>\n<h2 class=\"wp-block-heading\"><strong>Servi\u00e7o<\/strong><\/h2>\n<p><em>Lan\u00e7amento do livro \u201cEnfim a liberdade\u201d, de Menalton Braff, no Festival Liter\u00e1rio de Primavera<\/em><\/p>\n<p><strong>Data:<\/strong> Domingo, 2\/11\/2025<br \/><strong>Local:<\/strong> Livraria A Degustadora de Hist\u00f3rias, na rua Garibaldi, 485, Centro \u2013 Ribeir\u00e3o Preto<br \/><strong>Mais informa\u00e7\u00f5es:<\/strong> (16) 99799-0839<\/p>\n<p>SAIBA MAIS<\/p>\n<p>Halloween: Conhe\u00e7a as lendas que cercam o antigo hotel Palace em Ribeir\u00e3o Preto<\/p>\n<h3 class=\"wp-block-heading\"><strong>FIQUE ON<\/strong><\/h3>\n<p>Fique ligado em tudo que acontece em Ribeir\u00e3o Preto e regi\u00e3o. Siga os perfis do\u00a0<strong>acidade on\u00a0<\/strong>no\u00a0<a href=\"https:\/\/www.instagram.com\/acidadeonribeirao\" target=\"_blank\" rel=\"noreferrer noopener\">Instagram<\/a>\u00a0e no\u00a0<a href=\"https:\/\/www.facebook.com\/acidadeonribeirao\/\" target=\"_blank\" rel=\"noreferrer noopener\">Facebook<\/a>.<\/p>\n<p>Receba not\u00edcias do\u00a0<strong>acidade on\u00a0<\/strong>no WhatsApp. Para entrar no grupo,\u00a0basta\u00a0<a href=\"https:\/\/chat.whatsapp.com\/I4nieTEMKlf50pJ28aMemC?mode=ac_t\" target=\"_blank\" rel=\"noreferrer noopener\">clicar aqui<\/a>. Ou, acesse o nosso\u00a0Canal\u00a0<a href=\"https:\/\/whatsapp.com\/channel\/0029Vb6IQl1JENyAeS57fk2p\" target=\"_blank\" rel=\"noreferrer noopener\">clicando aqui<\/a>.<\/p>\n<p>Fa\u00e7a uma den\u00fancia ou sugira uma reportagem sobre Ribeir\u00e3o Preto e regi\u00e3o pelo WhatsApp: 16 99117 7802.<\/p>\n<p>VEJA TAMB\u00c9M<br \/>Voc\u00ea conhece os tipos de arroz?<\/p>\n<p><!-- AI CONTENT END 1 -->\n<\/div>\n<p><script async src=\"\/\/www.instagram.com\/embed.js\"><\/script><br \/>\n<br \/><br \/>\n<br \/><a href=\"https:\/\/www.acidadeon.com\/ribeiraopreto\/lazer-e-cultura\/menalton-braff-lanca-novo-romance-em-festival-de-ribeirao-preto\/\">Source link <\/a><\/p>\n<!-- CONTENT END 1 -->\n","protected":false},"excerpt":{"rendered":"<p>O escritor Menalton Braff lan\u00e7a o seu novo romance neste s\u00e1bado (1\u00ba), \u00e0s 10h, durante o Festival Liter\u00e1rio de Primavera, em Ribeir\u00e3o Preto. O livro&#8230;<\/p>\n","protected":false},"author":1,"featured_media":79417,"comment_status":"open","ping_status":"open","sticky":false,"template":"","format":"standard","meta":{"advanced_seo_description":"","jetpack_seo_html_title":"","jetpack_seo_noindex":false,"jetpack_post_was_ever_published":false,"_jetpack_newsletter_access":"","_jetpack_dont_email_post_to_subs":false,"_jetpack_newsletter_tier_id":0,"_jetpack_memberships_contains_paywalled_content":false,"_jetpack_memberships_contains_paid_content":false,"footnotes":"","jetpack_publicize_message":"","jetpack_publicize_feature_enabled":true,"jetpack_social_post_already_shared":true,"jetpack_social_options":{"image_generator_settings":{"template":"highway","default_image_id":0,"font":"","enabled":false},"version":2}},"categories":[11],"tags":[],"class_list":["post-79416","post","type-post","status-publish","format-standard","has-post-thumbnail","hentry","category-noticias-de-ribeirao-preto-sp-e-regiao-ismael-colosi"],"jetpack_publicize_connections":[],"jetpack_featured_media_url":"https:\/\/i0.wp.com\/noticiasribeiraopreto.com.br\/wp-content\/uploads\/2025\/10\/Menalton-Braff_foto-Renato-Lopes-4885-1_2025-10-31_15-32-13.webp.webp?fit=1200%2C800&ssl=1","jetpack-related-posts":[{"id":63736,"url":"https:\/\/noticiasribeiraopreto.com.br\/index.php\/2025\/02\/20\/menalton-braff-lanca-romance-com-sessao-de-autografos-em-ribeirao-preto\/","url_meta":{"origin":79416,"position":0},"title":"Menalton Braff lan\u00e7a romance com sess\u00e3o de aut\u00f3grafos em Ribeir\u00e3o Preto","author":"noticiasribeiraopreto.com.br","date":"20 de February de 2025","format":false,"excerpt":"Ribeir\u00e3o Preto recebe neste s\u00e1bado (22) o lan\u00e7amento do livro de romance \u201cSonata Pat\u00e9tica\u201d, do escritor Menalton Braff, vencedor do Pr\u00eamio Jabuti, em 2000. O evento acontece a partir das 10h, na livraria A Degustadora de Hist\u00f3rias. A entrada \u00e9 gratuita e aberta ao p\u00fablico. O livro conta com cap\u00edtulos\u2026","rel":"","context":"In &quot;Not\u00edcias de Ribeir\u00e3o Preto-SP e Regi\u00e3o&quot;","block_context":{"text":"Not\u00edcias de Ribeir\u00e3o Preto-SP e Regi\u00e3o","link":"https:\/\/noticiasribeiraopreto.com.br\/index.php\/category\/noticias-de-ribeirao-preto-sp-e-regiao-ismael-colosi\/"},"img":{"alt_text":"","src":"https:\/\/i0.wp.com\/noticiasribeiraopreto.com.br\/wp-content\/uploads\/2025\/02\/Copia-de-Copia-de-Copia-de-TAMANHO-EXATO-PARA-FOTOS-NO-SISTEMA-NOVO-3_2025-02-20_13-32-11_jpg_2025-02-20_13-32-11.webp.webp?fit=1200%2C675&ssl=1&resize=350%2C200","width":350,"height":200,"srcset":"https:\/\/i0.wp.com\/noticiasribeiraopreto.com.br\/wp-content\/uploads\/2025\/02\/Copia-de-Copia-de-Copia-de-TAMANHO-EXATO-PARA-FOTOS-NO-SISTEMA-NOVO-3_2025-02-20_13-32-11_jpg_2025-02-20_13-32-11.webp.webp?fit=1200%2C675&ssl=1&resize=350%2C200 1x, https:\/\/i0.wp.com\/noticiasribeiraopreto.com.br\/wp-content\/uploads\/2025\/02\/Copia-de-Copia-de-Copia-de-TAMANHO-EXATO-PARA-FOTOS-NO-SISTEMA-NOVO-3_2025-02-20_13-32-11_jpg_2025-02-20_13-32-11.webp.webp?fit=1200%2C675&ssl=1&resize=525%2C300 1.5x, https:\/\/i0.wp.com\/noticiasribeiraopreto.com.br\/wp-content\/uploads\/2025\/02\/Copia-de-Copia-de-Copia-de-TAMANHO-EXATO-PARA-FOTOS-NO-SISTEMA-NOVO-3_2025-02-20_13-32-11_jpg_2025-02-20_13-32-11.webp.webp?fit=1200%2C675&ssl=1&resize=700%2C400 2x, https:\/\/i0.wp.com\/noticiasribeiraopreto.com.br\/wp-content\/uploads\/2025\/02\/Copia-de-Copia-de-Copia-de-TAMANHO-EXATO-PARA-FOTOS-NO-SISTEMA-NOVO-3_2025-02-20_13-32-11_jpg_2025-02-20_13-32-11.webp.webp?fit=1200%2C675&ssl=1&resize=1050%2C600 3x"},"classes":[]},{"id":63320,"url":"https:\/\/noticiasribeiraopreto.com.br\/index.php\/2025\/02\/10\/vencedor-do-premio-jabuti-lanca-novo-livro-em-ribeirao-preto-veja-quando\/","url_meta":{"origin":79416,"position":1},"title":"Vencedor do Pr\u00eamio Jabuti lan\u00e7a novo livro em Ribeir\u00e3o Preto; Veja quando","author":"noticiasribeiraopreto.com.br","date":"10 de February de 2025","format":false,"excerpt":"O escritor ga\u00facho Menalton Braff, vencedor dos pr\u00eamios Jabuti (2000) e Machado de Assis, lan\u00e7a o seu novo romance \u201cSonata Pat\u00e9tica\u201d no pr\u00f3ximo s\u00e1bado (22), na Livraria A Degustadora de Hist\u00f3rias, no Centro de Ribeir\u00e3o Preto. O evento acontece a partir das 10h e contar\u00e1 com sess\u00e3o de aut\u00f3grafos. O\u2026","rel":"","context":"In &quot;Not\u00edcias de Ribeir\u00e3o Preto-SP e Regi\u00e3o&quot;","block_context":{"text":"Not\u00edcias de Ribeir\u00e3o Preto-SP e Regi\u00e3o","link":"https:\/\/noticiasribeiraopreto.com.br\/index.php\/category\/noticias-de-ribeirao-preto-sp-e-regiao-ismael-colosi\/"},"img":{"alt_text":"","src":"https:\/\/i0.wp.com\/noticiasribeiraopreto.com.br\/wp-content\/uploads\/2025\/02\/menalton_braff_1200x675_07122021094633.jpg?fit=1200%2C675&ssl=1&resize=350%2C200","width":350,"height":200,"srcset":"https:\/\/i0.wp.com\/noticiasribeiraopreto.com.br\/wp-content\/uploads\/2025\/02\/menalton_braff_1200x675_07122021094633.jpg?fit=1200%2C675&ssl=1&resize=350%2C200 1x, https:\/\/i0.wp.com\/noticiasribeiraopreto.com.br\/wp-content\/uploads\/2025\/02\/menalton_braff_1200x675_07122021094633.jpg?fit=1200%2C675&ssl=1&resize=525%2C300 1.5x, https:\/\/i0.wp.com\/noticiasribeiraopreto.com.br\/wp-content\/uploads\/2025\/02\/menalton_braff_1200x675_07122021094633.jpg?fit=1200%2C675&ssl=1&resize=700%2C400 2x, https:\/\/i0.wp.com\/noticiasribeiraopreto.com.br\/wp-content\/uploads\/2025\/02\/menalton_braff_1200x675_07122021094633.jpg?fit=1200%2C675&ssl=1&resize=1050%2C600 3x"},"classes":[]},{"id":79078,"url":"https:\/\/noticiasribeiraopreto.com.br\/index.php\/2025\/10\/23\/ribeirao-preto-recebe-festival-literario-com-oficinas-lancamentos-de-livros-e-clube-de-leitura\/","url_meta":{"origin":79416,"position":2},"title":"Ribeir\u00e3o Preto recebe festival liter\u00e1rio com oficinas, lan\u00e7amentos de livros e clube de leitura","author":"noticiasribeiraopreto.com.br","date":"23 de October de 2025","format":false,"excerpt":"Ribeir\u00e3o Preto sedia, entre 24 de outubro e 2 de novembro, o Festival Liter\u00e1rio de Primavera. Aberto ao p\u00fablico, o evento ocorre na livraria A Degustadora de Hist\u00f3rias, na Rua Garibaldi, 485, Centro, e oferece bate-papos, lan\u00e7amentos de livros, oficinas e clubes de leitura. O festival come\u00e7a nesta sexta-feira (24),\u2026","rel":"","context":"In &quot;Not\u00edcias de Ribeir\u00e3o Preto-SP e Regi\u00e3o&quot;","block_context":{"text":"Not\u00edcias de Ribeir\u00e3o Preto-SP e Regi\u00e3o","link":"https:\/\/noticiasribeiraopreto.com.br\/index.php\/category\/noticias-de-ribeirao-preto-sp-e-regiao-ismael-colosi\/"},"img":{"alt_text":"","src":"https:\/\/i0.wp.com\/noticiasribeiraopreto.com.br\/wp-content\/uploads\/2025\/10\/Copia-de-Copia-de-Copia-de-TAMANHO-EXATO-PARA-FOTOS-NO-SISTEMA-NOVO-2025-10-23T174258.421_2025-10-23_20-43-15.webp.webp?fit=1200%2C675&ssl=1&resize=350%2C200","width":350,"height":200,"srcset":"https:\/\/i0.wp.com\/noticiasribeiraopreto.com.br\/wp-content\/uploads\/2025\/10\/Copia-de-Copia-de-Copia-de-TAMANHO-EXATO-PARA-FOTOS-NO-SISTEMA-NOVO-2025-10-23T174258.421_2025-10-23_20-43-15.webp.webp?fit=1200%2C675&ssl=1&resize=350%2C200 1x, https:\/\/i0.wp.com\/noticiasribeiraopreto.com.br\/wp-content\/uploads\/2025\/10\/Copia-de-Copia-de-Copia-de-TAMANHO-EXATO-PARA-FOTOS-NO-SISTEMA-NOVO-2025-10-23T174258.421_2025-10-23_20-43-15.webp.webp?fit=1200%2C675&ssl=1&resize=525%2C300 1.5x, https:\/\/i0.wp.com\/noticiasribeiraopreto.com.br\/wp-content\/uploads\/2025\/10\/Copia-de-Copia-de-Copia-de-TAMANHO-EXATO-PARA-FOTOS-NO-SISTEMA-NOVO-2025-10-23T174258.421_2025-10-23_20-43-15.webp.webp?fit=1200%2C675&ssl=1&resize=700%2C400 2x, https:\/\/i0.wp.com\/noticiasribeiraopreto.com.br\/wp-content\/uploads\/2025\/10\/Copia-de-Copia-de-Copia-de-TAMANHO-EXATO-PARA-FOTOS-NO-SISTEMA-NOVO-2025-10-23T174258.421_2025-10-23_20-43-15.webp.webp?fit=1200%2C675&ssl=1&resize=1050%2C600 3x"},"classes":[]},{"id":63749,"url":"https:\/\/noticiasribeiraopreto.com.br\/index.php\/2025\/02\/20\/escritora-lanca-livro-de-poemas-inspirados-na-natureza-e-na-mitologia-grega\/","url_meta":{"origin":79416,"position":3},"title":"Escritora lan\u00e7a livro de poemas inspirados na natureza e na mitologia grega","author":"noticiasribeiraopreto.com.br","date":"20 de February de 2025","format":false,"excerpt":"A escritora Fernanda Junqueira lan\u00e7a na pr\u00f3xima sexta-feira (21), no Shopping Santa \u00darsula, em Ribeir\u00e3o Preto, o livro de poemas \u201cTel\u00farica\u201d. A obra \u00e9 inspirada na natureza e na mitologia grega. O evento de lan\u00e7amento acontece na Sala Clara Cauchick, a partir das 18h30, e conta com entrada gratuita e\u2026","rel":"","context":"In &quot;Not\u00edcias de Ribeir\u00e3o Preto-SP e Regi\u00e3o&quot;","block_context":{"text":"Not\u00edcias de Ribeir\u00e3o Preto-SP e Regi\u00e3o","link":"https:\/\/noticiasribeiraopreto.com.br\/index.php\/category\/noticias-de-ribeirao-preto-sp-e-regiao-ismael-colosi\/"},"img":{"alt_text":"","src":"https:\/\/i0.wp.com\/noticiasribeiraopreto.com.br\/wp-content\/uploads\/2025\/02\/Copia-de-Copia-de-Copia-de-TAMANHO-EXATO-PARA-FOTOS-NO-SISTEMA-NOVO-6_2025-02-20_15-29-21_jpg_2025-02-20_15-29-22.webp.webp?fit=1200%2C675&ssl=1&resize=350%2C200","width":350,"height":200,"srcset":"https:\/\/i0.wp.com\/noticiasribeiraopreto.com.br\/wp-content\/uploads\/2025\/02\/Copia-de-Copia-de-Copia-de-TAMANHO-EXATO-PARA-FOTOS-NO-SISTEMA-NOVO-6_2025-02-20_15-29-21_jpg_2025-02-20_15-29-22.webp.webp?fit=1200%2C675&ssl=1&resize=350%2C200 1x, https:\/\/i0.wp.com\/noticiasribeiraopreto.com.br\/wp-content\/uploads\/2025\/02\/Copia-de-Copia-de-Copia-de-TAMANHO-EXATO-PARA-FOTOS-NO-SISTEMA-NOVO-6_2025-02-20_15-29-21_jpg_2025-02-20_15-29-22.webp.webp?fit=1200%2C675&ssl=1&resize=525%2C300 1.5x, https:\/\/i0.wp.com\/noticiasribeiraopreto.com.br\/wp-content\/uploads\/2025\/02\/Copia-de-Copia-de-Copia-de-TAMANHO-EXATO-PARA-FOTOS-NO-SISTEMA-NOVO-6_2025-02-20_15-29-21_jpg_2025-02-20_15-29-22.webp.webp?fit=1200%2C675&ssl=1&resize=700%2C400 2x, https:\/\/i0.wp.com\/noticiasribeiraopreto.com.br\/wp-content\/uploads\/2025\/02\/Copia-de-Copia-de-Copia-de-TAMANHO-EXATO-PARA-FOTOS-NO-SISTEMA-NOVO-6_2025-02-20_15-29-21_jpg_2025-02-20_15-29-22.webp.webp?fit=1200%2C675&ssl=1&resize=1050%2C600 3x"},"classes":[]},{"id":61697,"url":"https:\/\/noticiasribeiraopreto.com.br\/index.php\/2024\/12\/19\/escritor-lanca-seu-terceiro-livro-em-biblioteca-no-centro-ribeirao-preto\/","url_meta":{"origin":79416,"position":4},"title":"Escritor lan\u00e7a seu terceiro livro em biblioteca no Centro Ribeir\u00e3o Preto","author":"noticiasribeiraopreto.com.br","date":"19 de December de 2024","format":false,"excerpt":"O escritor Jos\u00e9 Maria Braga realiza nesta quinta-feira (19), \u00e0s 19h, o lan\u00e7amento do livro \u201cMenina de Papel\u201d, na Biblioteca Sinh\u00e1 Junqueira, no Centro de Ribeir\u00e3o Preto. Esse \u00e9 o terceiro livro do autor. A obra que \u00e9 continua\u00e7\u00e3o do romance \u201cMenino Pelado\u201d, em que Jos\u00e9 conta a hist\u00f3ria de\u2026","rel":"","context":"In &quot;Not\u00edcias de Ribeir\u00e3o Preto-SP e Regi\u00e3o&quot;","block_context":{"text":"Not\u00edcias de Ribeir\u00e3o Preto-SP e Regi\u00e3o","link":"https:\/\/noticiasribeiraopreto.com.br\/index.php\/category\/noticias-de-ribeirao-preto-sp-e-regiao-ismael-colosi\/"},"img":{"alt_text":"","src":"https:\/\/i0.wp.com\/noticiasribeiraopreto.com.br\/wp-content\/uploads\/2024\/12\/WhatsApp-Image-2024-12-11-at-16.25.53-1_2024-12-19_15-50-30_jpeg_2024-12-19_15-50-30.webp.webp?fit=1200%2C800&ssl=1&resize=350%2C200","width":350,"height":200,"srcset":"https:\/\/i0.wp.com\/noticiasribeiraopreto.com.br\/wp-content\/uploads\/2024\/12\/WhatsApp-Image-2024-12-11-at-16.25.53-1_2024-12-19_15-50-30_jpeg_2024-12-19_15-50-30.webp.webp?fit=1200%2C800&ssl=1&resize=350%2C200 1x, https:\/\/i0.wp.com\/noticiasribeiraopreto.com.br\/wp-content\/uploads\/2024\/12\/WhatsApp-Image-2024-12-11-at-16.25.53-1_2024-12-19_15-50-30_jpeg_2024-12-19_15-50-30.webp.webp?fit=1200%2C800&ssl=1&resize=525%2C300 1.5x, https:\/\/i0.wp.com\/noticiasribeiraopreto.com.br\/wp-content\/uploads\/2024\/12\/WhatsApp-Image-2024-12-11-at-16.25.53-1_2024-12-19_15-50-30_jpeg_2024-12-19_15-50-30.webp.webp?fit=1200%2C800&ssl=1&resize=700%2C400 2x, https:\/\/i0.wp.com\/noticiasribeiraopreto.com.br\/wp-content\/uploads\/2024\/12\/WhatsApp-Image-2024-12-11-at-16.25.53-1_2024-12-19_15-50-30_jpeg_2024-12-19_15-50-30.webp.webp?fit=1200%2C800&ssl=1&resize=1050%2C600 3x"},"classes":[]},{"id":41083,"url":"https:\/\/noticiasribeiraopreto.com.br\/index.php\/2024\/03\/06\/apos-censura-o-livro-foi-parar-entre-os-10-mais-vendidos-da-amazon-brasil\/","url_meta":{"origin":79416,"position":5},"title":"Ap\u00f3s censura, o livro foi parar entre os 10 mais vendidos da Amazon Brasil","author":"noticiasribeiraopreto.com.br","date":"6 de March de 2024","format":false,"excerpt":"6 de mar\u00e7o de 2024 | 15:306 de mar\u00e7o de 2024 | 13:58 0O livro \u201cO Avesso da Pele\u201d, de Jefferson Ten\u00f3rio, entrou na lista de mais vendidos da Amazon ap\u00f3s ter sido alvo de cr\u00edticas e de censura no Rio Grande do Sul e no Paran\u00e1. O livro foi\u2026","rel":"","context":"In &quot;Not\u00edcias de Ribeir\u00e3o Preto-SP e Regi\u00e3o&quot;","block_context":{"text":"Not\u00edcias de Ribeir\u00e3o Preto-SP e Regi\u00e3o","link":"https:\/\/noticiasribeiraopreto.com.br\/index.php\/category\/noticias-de-ribeirao-preto-sp-e-regiao-ismael-colosi\/"},"img":{"alt_text":"","src":"https:\/\/i0.wp.com\/noticiasribeiraopreto.com.br\/wp-content\/uploads\/2024\/03\/1709750265_acc53700-4cd8-4bdf-946b-56e916b723ee-scaled.jpg?fit=1000%2C598&ssl=1&resize=350%2C200","width":350,"height":200,"srcset":"https:\/\/i0.wp.com\/noticiasribeiraopreto.com.br\/wp-content\/uploads\/2024\/03\/1709750265_acc53700-4cd8-4bdf-946b-56e916b723ee-scaled.jpg?fit=1000%2C598&ssl=1&resize=350%2C200 1x, https:\/\/i0.wp.com\/noticiasribeiraopreto.com.br\/wp-content\/uploads\/2024\/03\/1709750265_acc53700-4cd8-4bdf-946b-56e916b723ee-scaled.jpg?fit=1000%2C598&ssl=1&resize=525%2C300 1.5x, https:\/\/i0.wp.com\/noticiasribeiraopreto.com.br\/wp-content\/uploads\/2024\/03\/1709750265_acc53700-4cd8-4bdf-946b-56e916b723ee-scaled.jpg?fit=1000%2C598&ssl=1&resize=700%2C400 2x"},"classes":[]}],"jetpack_sharing_enabled":true,"jetpack_shortlink":"https:\/\/wp.me\/peQAOb-kEU","_links":{"self":[{"href":"https:\/\/noticiasribeiraopreto.com.br\/index.php\/wp-json\/wp\/v2\/posts\/79416","targetHints":{"allow":["GET"]}}],"collection":[{"href":"https:\/\/noticiasribeiraopreto.com.br\/index.php\/wp-json\/wp\/v2\/posts"}],"about":[{"href":"https:\/\/noticiasribeiraopreto.com.br\/index.php\/wp-json\/wp\/v2\/types\/post"}],"author":[{"embeddable":true,"href":"https:\/\/noticiasribeiraopreto.com.br\/index.php\/wp-json\/wp\/v2\/users\/1"}],"replies":[{"embeddable":true,"href":"https:\/\/noticiasribeiraopreto.com.br\/index.php\/wp-json\/wp\/v2\/comments?post=79416"}],"version-history":[{"count":0,"href":"https:\/\/noticiasribeiraopreto.com.br\/index.php\/wp-json\/wp\/v2\/posts\/79416\/revisions"}],"wp:featuredmedia":[{"embeddable":true,"href":"https:\/\/noticiasribeiraopreto.com.br\/index.php\/wp-json\/wp\/v2\/media\/79417"}],"wp:attachment":[{"href":"https:\/\/noticiasribeiraopreto.com.br\/index.php\/wp-json\/wp\/v2\/media?parent=79416"}],"wp:term":[{"taxonomy":"category","embeddable":true,"href":"https:\/\/noticiasribeiraopreto.com.br\/index.php\/wp-json\/wp\/v2\/categories?post=79416"},{"taxonomy":"post_tag","embeddable":true,"href":"https:\/\/noticiasribeiraopreto.com.br\/index.php\/wp-json\/wp\/v2\/tags?post=79416"}],"curies":[{"name":"wp","href":"https:\/\/api.w.org\/{rel}","templated":true}]}}