{"id":79459,"date":"2025-11-01T15:14:30","date_gmt":"2025-11-01T18:14:30","guid":{"rendered":"https:\/\/noticiasribeiraopreto.com.br\/index.php\/2025\/11\/01\/evento-com-entrada-gratuita-reune-12-cervejarias-independentes-em-ribeirao-preto\/"},"modified":"2025-11-01T15:14:30","modified_gmt":"2025-11-01T18:14:30","slug":"evento-com-entrada-gratuita-reune-12-cervejarias-independentes-em-ribeirao-preto","status":"publish","type":"post","link":"https:\/\/noticiasribeiraopreto.com.br\/index.php\/2025\/11\/01\/evento-com-entrada-gratuita-reune-12-cervejarias-independentes-em-ribeirao-preto\/","title":{"rendered":"Evento com entrada gratuita re\u00fane 12 cervejarias independentes em Ribeir\u00e3o Preto"},"content":{"rendered":"<div class='code-block code-block-1' style='margin: 8px 0 8px auto; text-align: right; display: block; clear: both;'>\n<p><a href=\"https:\/\/wa.link\/vpicfd\"><img data-recalc-dims=\"1\" class=\"wp-image-4922\" style=\"aspect-ratio: 2.0253164556962027; width: 561px; height: auto;\" src=\"https:\/\/i0.wp.com\/ismaelcolosi.com.br\/wp-content\/uploads\/2023\/11\/grupo-de-empregos-whatsapp-e-facebook-ismael-colosi-vagas.jpg?ssl=1\" alt=\"\" \/><\/a><\/p>\n<!-- \/wp:image -->\n<\/div>\n<p> <br \/>\n<\/p>\n<div data-td-block-uid=\"tdi_95\">\n<div class=\"tdb-block-inner td-fix-index\">\n<p>Ribeir\u00e3o Preto vai receber neste domingo (2), <strong>um evento que re\u00fane 12 cervejarias independentes da cidade e regi\u00e3o.<\/strong> O \u00c1gora ser\u00e1 realizado na rua Sete de Setembro e oferece ao p\u00fablico degusta\u00e7\u00e3o de <strong>diferentes estilos de cerveja<\/strong>, <strong>m\u00fasica ao vivo<\/strong>, <strong>gastronomia <\/strong>e <strong>atividades culturais<\/strong>.<\/p>\n<p>Inspirado nas \u00e1goras gregas, o evento, <strong>com entrada gratuita<\/strong>, transforma a rua em ponto de encontro p\u00fablico, reunindo cerveja, cultura, m\u00fasica e gastronomia. A iniciativa tamb\u00e9m fortalece o movimento <strong>Cerveja em Rede<\/strong>, que conecta cervejarias locais e promove a troca de experi\u00eancias entre os produtores.<\/p>\n<div class=\"wp-block-image\">\n<figure class=\"aligncenter size-large is-resized\"><img data-recalc-dims=\"1\" fetchpriority=\"high\" decoding=\"async\" width=\"1024\" height=\"647\" src=\"https:\/\/i0.wp.com\/cdn.media-acidadeon.com.br\/ribeiraopreto\/wp-content\/uploads\/sites\/3\/2025\/11\/te_2025-11-01_15-57-10-1024x647.webp?resize=1024%2C647&#038;ssl=1\" alt=\"cerveja\" class=\"wp-image-134380\" style=\"width:695px;height:auto\" title=\"Evento com entrada gratuita re\u00fane 12 cervejarias independentes em Ribeir\u00e3o Preto 1\" srcset=\"https:\/\/cdn.media-acidadeon.com.br\/ribeiraopreto\/wp-content\/uploads\/sites\/3\/2025\/11\/te_2025-11-01_15-57-10-1024x647.webp 1024w, https:\/\/cdn.media-acidadeon.com.br\/ribeiraopreto\/wp-content\/uploads\/sites\/3\/2025\/11\/te_2025-11-01_15-57-10-300x190.webp 300w, https:\/\/cdn.media-acidadeon.com.br\/ribeiraopreto\/wp-content\/uploads\/sites\/3\/2025\/11\/te_2025-11-01_15-57-10-768x485.webp 768w, https:\/\/cdn.media-acidadeon.com.br\/ribeiraopreto\/wp-content\/uploads\/sites\/3\/2025\/11\/te_2025-11-01_15-57-10-696x440.webp 696w, https:\/\/cdn.media-acidadeon.com.br\/ribeiraopreto\/wp-content\/uploads\/sites\/3\/2025\/11\/te_2025-11-01_15-57-10-1068x675.webp 1068w, https:\/\/cdn.media-acidadeon.com.br\/ribeiraopreto\/wp-content\/uploads\/sites\/3\/2025\/11\/te_2025-11-01_15-57-10.webp 1200w\" sizes=\"(max-width: 1024px) 100vw, 1024px\"\/><\/figure>\n<\/div>\n<h3 class=\"wp-block-heading\"><strong>Al\u00e9m da cerveja<\/strong><\/h3>\n<p>A programa\u00e7\u00e3o inclui tamb\u00e9m:<\/p>\n<ul class=\"wp-block-list\">\n<li><strong>Jogos cervejeiros<\/strong>, como chope de metro, marionete da cerveja e batalha de for\u00e7a na caneca de litro, com pr\u00eamios e brindes<\/li>\n<li><strong>Concurso de fantasias<\/strong><\/li>\n<li><strong>Degusta\u00e7\u00e3o de cacha\u00e7as artesanais<\/strong> de uma cacha\u00e7aria regional<\/li>\n<li><strong>Sess\u00f5es de tatuagem<\/strong><\/li>\n<li><strong>Apresenta\u00e7\u00e3o da Biosab<\/strong>, empresa de tecnologia cervejeira, que explica o papel das leveduras na fermenta\u00e7\u00e3o<\/li>\n<\/ul>\n<h3 class=\"wp-block-heading\"><strong>M\u00fasica<\/strong><\/h3>\n<p>No palco, haver\u00e1 m\u00fasica ao vivo com Debbie Smith Lipstick (darkwave), Cosmoton (flashback) e DJ Rodrigo Mod (p\u00f3s-punk e anos 80).<strong> Veja os hor\u00e1rios:<\/strong><\/p>\n<p><strong>16h<\/strong> \u2013 In\u00edcio e jogos cervejeiros<\/p>\n<p><strong>16h\u201317h <\/strong>\u2013 DJ Rodrigo Mod<\/p>\n<p><strong>17h\u201319h<\/strong> \u2013 Cosmoton<\/p>\n<p><strong>19h\u201320h <\/strong>\u2013 DJ Rodrigo Mod<\/p>\n<p><strong>20h\u201322h<\/strong> \u2013 Debbie Smith Lipstick<\/p>\n<hr class=\"wp-block-separator has-alpha-channel-opacity\"\/>\n<p>SAIBA MAIS<\/p>\n<p>Novembro come\u00e7a com chuva intensa e risco de alagamentos em \u00e1reas do estado de SP; Veja a previs\u00e3o<\/p>\n<h2 class=\"wp-block-heading\"><strong>FIQUE ON<\/strong><\/h2>\n<p>Fique ligado em tudo que acontece em Ribeir\u00e3o Preto e regi\u00e3o. Siga os perfis do\u00a0<strong>acidade on<\/strong>\u00a0no<a href=\"https:\/\/www.instagram.com\/acidadeonribeirao\" target=\"_blank\" rel=\"noreferrer noopener\">\u00a0Instagram\u00a0<\/a>e no\u00a0<a href=\"https:\/\/www.facebook.com\/acidadeonribeirao\/\" target=\"_blank\" rel=\"noreferrer noopener\">Facebook<\/a>.<\/p>\n<p>Receba not\u00edcias do<strong>\u00a0acidade on<\/strong>\u00a0no WhatsApp. Para entrar no grupo,\u00a0basta\u00a0<a href=\"https:\/\/chat.whatsapp.com\/I4nieTEMKlf50pJ28aMemC?mode=ac_t\" target=\"_blank\" rel=\"noreferrer noopener\">clicar aqui<\/a>. Ou, acesse o nosso\u00a0Canal\u00a0<a href=\"https:\/\/whatsapp.com\/channel\/0029Vb6IQl1JENyAeS57fk2p\" target=\"_blank\" rel=\"noreferrer noopener\">clicando aqui<\/a>.<\/p>\n<p>Fa\u00e7a uma den\u00fancia ou sugira uma reportagem sobre Ribeir\u00e3o Preto e regi\u00e3o pelo WhatsApp: 16 99117 7802.<\/p>\n<p>VEJA TAMB\u00c9M <\/p>\n<p>Que horas come\u00e7a o Jornal Nacional hoje?<\/p>\n<p><!-- AI CONTENT END 1 -->\n<\/div>\n<\/div>\n<p><script async src=\"\/\/www.instagram.com\/embed.js\"><\/script><br \/>\n<br \/><br \/>\n<br \/><a href=\"https:\/\/www.acidadeon.com\/ribeiraopreto\/lazer-e-cultura\/evento-com-entrada-gratuita-reune-12-cervejarias-independentes-em-ribeirao-preto\/\">Source link <\/a><\/p>\n<!-- CONTENT END 1 -->\n","protected":false},"excerpt":{"rendered":"<p>Ribeir\u00e3o Preto vai receber neste domingo (2), um evento que re\u00fane 12 cervejarias independentes da cidade e regi\u00e3o. O \u00c1gora ser\u00e1 realizado na rua Sete&#8230;<\/p>\n","protected":false},"author":1,"featured_media":72471,"comment_status":"open","ping_status":"open","sticky":false,"template":"","format":"standard","meta":{"advanced_seo_description":"","jetpack_seo_html_title":"","jetpack_seo_noindex":false,"jetpack_post_was_ever_published":false,"_jetpack_newsletter_access":"","_jetpack_dont_email_post_to_subs":false,"_jetpack_newsletter_tier_id":0,"_jetpack_memberships_contains_paywalled_content":false,"_jetpack_memberships_contains_paid_content":false,"footnotes":"","jetpack_publicize_message":"","jetpack_publicize_feature_enabled":true,"jetpack_social_post_already_shared":true,"jetpack_social_options":{"image_generator_settings":{"template":"highway","default_image_id":0,"font":"","enabled":false},"version":2}},"categories":[11],"tags":[],"class_list":["post-79459","post","type-post","status-publish","format-standard","has-post-thumbnail","hentry","category-noticias-de-ribeirao-preto-sp-e-regiao-ismael-colosi"],"jetpack_publicize_connections":[],"jetpack_featured_media_url":"https:\/\/i0.wp.com\/noticiasribeiraopreto.com.br\/wp-content\/uploads\/2025\/06\/cerveja-artesanal_2025-06-17_14-49-37.webp.webp?fit=1200%2C675&ssl=1","jetpack-related-posts":[{"id":74753,"url":"https:\/\/noticiasribeiraopreto.com.br\/index.php\/2025\/07\/28\/festival-de-cerveja-artesanal-em-ribeirao-preto-tem-entrada-gratuita-e-atracoes-musicais\/","url_meta":{"origin":79459,"position":0},"title":"Festival de cerveja artesanal em Ribeir\u00e3o Preto tem entrada gratuita e atra\u00e7\u00f5es musicais","author":"noticiasribeiraopreto.com.br","date":"28 de July de 2025","format":false,"excerpt":"Ribeir\u00e3o Preto sedia, nos dois pr\u00f3ximos fins de semana, o festival de cervejas artesanais Champions Beer, no estacionamento do Shopping Iguatemi. O evento tem entrada gratuita e re\u00fane 15 cervejarias de diferentes cidades de S\u00e3o Paulo, al\u00e9m de shows ao vivo, pra\u00e7a de alimenta\u00e7\u00e3o, espa\u00e7o pet-friendly e \u00e1rea kids. A\u2026","rel":"","context":"In &quot;Not\u00edcias de Ribeir\u00e3o Preto-SP e Regi\u00e3o&quot;","block_context":{"text":"Not\u00edcias de Ribeir\u00e3o Preto-SP e Regi\u00e3o","link":"https:\/\/noticiasribeiraopreto.com.br\/index.php\/category\/noticias-de-ribeirao-preto-sp-e-regiao-ismael-colosi\/"},"img":{"alt_text":"","src":"https:\/\/i0.wp.com\/noticiasribeiraopreto.com.br\/wp-content\/uploads\/2025\/07\/Copia-de-Copia-de-Copia-de-TAMANHO-EXATO-PARA-FOTOS-NO-SISTEMA-NOVO-2025-07-28T161641.051_2025-07-28_19-17-00.webp.webp?fit=1200%2C675&ssl=1&resize=350%2C200","width":350,"height":200,"srcset":"https:\/\/i0.wp.com\/noticiasribeiraopreto.com.br\/wp-content\/uploads\/2025\/07\/Copia-de-Copia-de-Copia-de-TAMANHO-EXATO-PARA-FOTOS-NO-SISTEMA-NOVO-2025-07-28T161641.051_2025-07-28_19-17-00.webp.webp?fit=1200%2C675&ssl=1&resize=350%2C200 1x, https:\/\/i0.wp.com\/noticiasribeiraopreto.com.br\/wp-content\/uploads\/2025\/07\/Copia-de-Copia-de-Copia-de-TAMANHO-EXATO-PARA-FOTOS-NO-SISTEMA-NOVO-2025-07-28T161641.051_2025-07-28_19-17-00.webp.webp?fit=1200%2C675&ssl=1&resize=525%2C300 1.5x, https:\/\/i0.wp.com\/noticiasribeiraopreto.com.br\/wp-content\/uploads\/2025\/07\/Copia-de-Copia-de-Copia-de-TAMANHO-EXATO-PARA-FOTOS-NO-SISTEMA-NOVO-2025-07-28T161641.051_2025-07-28_19-17-00.webp.webp?fit=1200%2C675&ssl=1&resize=700%2C400 2x, https:\/\/i0.wp.com\/noticiasribeiraopreto.com.br\/wp-content\/uploads\/2025\/07\/Copia-de-Copia-de-Copia-de-TAMANHO-EXATO-PARA-FOTOS-NO-SISTEMA-NOVO-2025-07-28T161641.051_2025-07-28_19-17-00.webp.webp?fit=1200%2C675&ssl=1&resize=1050%2C600 3x"},"classes":[]},{"id":74971,"url":"https:\/\/noticiasribeiraopreto.com.br\/index.php\/2025\/07\/31\/festival-com-cerveja-gastronomia-e-entrada-gratuita-comeca-nesta-sexta-em-ribeirao-preto-2\/","url_meta":{"origin":79459,"position":1},"title":"Festival com cerveja, gastronomia e entrada gratuita come\u00e7a nesta sexta em Ribeir\u00e3o Preto","author":"noticiasribeiraopreto.com.br","date":"31 de July de 2025","format":false,"excerpt":"O maior festival de cervejas artesanais do estado de S\u00e3o Paulo, o Champions Beer, come\u00e7a nesta quinta-feira (1\u00ba) no estacionamento do Shopping Iguatemi, em Ribeir\u00e3o Preto. O evento tem entrada gratuita e acontece durante dois finais de semana: de 1 a 3 de agosto e de 8 a 10 de\u2026","rel":"","context":"In &quot;Not\u00edcias de Ribeir\u00e3o Preto-SP e Regi\u00e3o&quot;","block_context":{"text":"Not\u00edcias de Ribeir\u00e3o Preto-SP e Regi\u00e3o","link":"https:\/\/noticiasribeiraopreto.com.br\/index.php\/category\/noticias-de-ribeirao-preto-sp-e-regiao-ismael-colosi\/"},"img":{"alt_text":"","src":"https:\/\/i0.wp.com\/noticiasribeiraopreto.com.br\/wp-content\/uploads\/2025\/07\/Copia-de-Copia-de-Copia-de-TAMANHO-EXATO-PARA-FOTOS-NO-SISTEMA-NOVO-2025-07-28T161641.051_2025-07-28_19-17-00.webp.webp?fit=1200%2C675&ssl=1&resize=350%2C200","width":350,"height":200,"srcset":"https:\/\/i0.wp.com\/noticiasribeiraopreto.com.br\/wp-content\/uploads\/2025\/07\/Copia-de-Copia-de-Copia-de-TAMANHO-EXATO-PARA-FOTOS-NO-SISTEMA-NOVO-2025-07-28T161641.051_2025-07-28_19-17-00.webp.webp?fit=1200%2C675&ssl=1&resize=350%2C200 1x, https:\/\/i0.wp.com\/noticiasribeiraopreto.com.br\/wp-content\/uploads\/2025\/07\/Copia-de-Copia-de-Copia-de-TAMANHO-EXATO-PARA-FOTOS-NO-SISTEMA-NOVO-2025-07-28T161641.051_2025-07-28_19-17-00.webp.webp?fit=1200%2C675&ssl=1&resize=525%2C300 1.5x, https:\/\/i0.wp.com\/noticiasribeiraopreto.com.br\/wp-content\/uploads\/2025\/07\/Copia-de-Copia-de-Copia-de-TAMANHO-EXATO-PARA-FOTOS-NO-SISTEMA-NOVO-2025-07-28T161641.051_2025-07-28_19-17-00.webp.webp?fit=1200%2C675&ssl=1&resize=700%2C400 2x, https:\/\/i0.wp.com\/noticiasribeiraopreto.com.br\/wp-content\/uploads\/2025\/07\/Copia-de-Copia-de-Copia-de-TAMANHO-EXATO-PARA-FOTOS-NO-SISTEMA-NOVO-2025-07-28T161641.051_2025-07-28_19-17-00.webp.webp?fit=1200%2C675&ssl=1&resize=1050%2C600 3x"},"classes":[]},{"id":74938,"url":"https:\/\/noticiasribeiraopreto.com.br\/index.php\/2025\/07\/31\/festival-com-cerveja-gastronomia-e-entrada-gratuita-comeca-nesta-sexta-em-ribeirao-preto\/","url_meta":{"origin":79459,"position":2},"title":"Festival com cerveja, gastronomia e entrada gratuita come\u00e7a nesta sexta em Ribeir\u00e3o Preto","author":"noticiasribeiraopreto.com.br","date":"31 de July de 2025","format":false,"excerpt":"O maior festival de cervejas artesanais do estado de S\u00e3o Paulo, o Champions Beer, come\u00e7a nesta quinta-feira (1\u00ba) no estacionamento do Shopping Iguatemi, em Ribeir\u00e3o Preto. O evento tem entrada gratuita e acontece durante dois finais de semana: de 1 a 3 de agosto e de 8 a 10 de\u2026","rel":"","context":"In &quot;Not\u00edcias de Ribeir\u00e3o Preto-SP e Regi\u00e3o&quot;","block_context":{"text":"Not\u00edcias de Ribeir\u00e3o Preto-SP e Regi\u00e3o","link":"https:\/\/noticiasribeiraopreto.com.br\/index.php\/category\/noticias-de-ribeirao-preto-sp-e-regiao-ismael-colosi\/"},"img":{"alt_text":"","src":"https:\/\/i0.wp.com\/noticiasribeiraopreto.com.br\/wp-content\/uploads\/2025\/07\/Copia-de-Copia-de-Copia-de-TAMANHO-EXATO-PARA-FOTOS-NO-SISTEMA-NOVO-2025-07-28T161641.051_2025-07-28_19-17-00.webp.webp?fit=1200%2C675&ssl=1&resize=350%2C200","width":350,"height":200,"srcset":"https:\/\/i0.wp.com\/noticiasribeiraopreto.com.br\/wp-content\/uploads\/2025\/07\/Copia-de-Copia-de-Copia-de-TAMANHO-EXATO-PARA-FOTOS-NO-SISTEMA-NOVO-2025-07-28T161641.051_2025-07-28_19-17-00.webp.webp?fit=1200%2C675&ssl=1&resize=350%2C200 1x, https:\/\/i0.wp.com\/noticiasribeiraopreto.com.br\/wp-content\/uploads\/2025\/07\/Copia-de-Copia-de-Copia-de-TAMANHO-EXATO-PARA-FOTOS-NO-SISTEMA-NOVO-2025-07-28T161641.051_2025-07-28_19-17-00.webp.webp?fit=1200%2C675&ssl=1&resize=525%2C300 1.5x, https:\/\/i0.wp.com\/noticiasribeiraopreto.com.br\/wp-content\/uploads\/2025\/07\/Copia-de-Copia-de-Copia-de-TAMANHO-EXATO-PARA-FOTOS-NO-SISTEMA-NOVO-2025-07-28T161641.051_2025-07-28_19-17-00.webp.webp?fit=1200%2C675&ssl=1&resize=700%2C400 2x, https:\/\/i0.wp.com\/noticiasribeiraopreto.com.br\/wp-content\/uploads\/2025\/07\/Copia-de-Copia-de-Copia-de-TAMANHO-EXATO-PARA-FOTOS-NO-SISTEMA-NOVO-2025-07-28T161641.051_2025-07-28_19-17-00.webp.webp?fit=1200%2C675&ssl=1&resize=1050%2C600 3x"},"classes":[]},{"id":49587,"url":"https:\/\/noticiasribeiraopreto.com.br\/index.php\/2024\/05\/11\/ribeirao-preto-recebe-festival-que-une-cerveja-e-ciencia-veja-quando\/","url_meta":{"origin":79459,"position":3},"title":"Ribeir\u00e3o Preto recebe festival que une cerveja e ci\u00eancia; Veja quando","author":"noticiasribeiraopreto.com.br","date":"11 de May de 2024","format":false,"excerpt":"Entre os dias 13 e 15 de maio, tr\u00eas bares de Ribeir\u00e3o Preto recebem mais uma edi\u00e7\u00e3o do Festival Pint of Science. O evento tem o intuito de aproximar a ci\u00eancia da sociedade de forma descontra\u00edda e acess\u00edvel, busca estabelecer um di\u00e1logo aberto e informal entre os cientistas e o\u2026","rel":"","context":"In &quot;Not\u00edcias de Ribeir\u00e3o Preto-SP e Regi\u00e3o&quot;","block_context":{"text":"Not\u00edcias de Ribeir\u00e3o Preto-SP e Regi\u00e3o","link":"https:\/\/noticiasribeiraopreto.com.br\/index.php\/category\/noticias-de-ribeirao-preto-sp-e-regiao-ismael-colosi\/"},"img":{"alt_text":"","src":"https:\/\/i0.wp.com\/noticiasribeiraopreto.com.br\/wp-content\/uploads\/2024\/05\/cerveja_1200x675_18102021164111.jpg?fit=1200%2C675&ssl=1&resize=350%2C200","width":350,"height":200,"srcset":"https:\/\/i0.wp.com\/noticiasribeiraopreto.com.br\/wp-content\/uploads\/2024\/05\/cerveja_1200x675_18102021164111.jpg?fit=1200%2C675&ssl=1&resize=350%2C200 1x, https:\/\/i0.wp.com\/noticiasribeiraopreto.com.br\/wp-content\/uploads\/2024\/05\/cerveja_1200x675_18102021164111.jpg?fit=1200%2C675&ssl=1&resize=525%2C300 1.5x, https:\/\/i0.wp.com\/noticiasribeiraopreto.com.br\/wp-content\/uploads\/2024\/05\/cerveja_1200x675_18102021164111.jpg?fit=1200%2C675&ssl=1&resize=700%2C400 2x, https:\/\/i0.wp.com\/noticiasribeiraopreto.com.br\/wp-content\/uploads\/2024\/05\/cerveja_1200x675_18102021164111.jpg?fit=1200%2C675&ssl=1&resize=1050%2C600 3x"},"classes":[]},{"id":66462,"url":"https:\/\/noticiasribeiraopreto.com.br\/index.php\/2025\/04\/01\/ribeirao-preto-recebe-festival-de-cervejas-artesanais-com-food-trucks-e-shows-gratuitos\/","url_meta":{"origin":79459,"position":4},"title":"Ribeir\u00e3o Preto recebe festival de cervejas artesanais com food trucks e shows gratuitos","author":"noticiasribeiraopreto.com.br","date":"1 de April de 2025","format":false,"excerpt":"O festival de cervejas artesanais Champions Beer chega a Ribeir\u00e3o Preto nos dois pr\u00f3ximos finais de semana, no Shopping Iguatemi, com entrada gratuita. A abertura ocorre nesta sexta-feira (4), \u00e0s 17h. No s\u00e1bado (5) e no domingo (6), o evento inicia \u00e0s 13h. O festival ser\u00e1 retomado entre os dias\u2026","rel":"","context":"In &quot;Not\u00edcias de Ribeir\u00e3o Preto-SP e Regi\u00e3o&quot;","block_context":{"text":"Not\u00edcias de Ribeir\u00e3o Preto-SP e Regi\u00e3o","link":"https:\/\/noticiasribeiraopreto.com.br\/index.php\/category\/noticias-de-ribeirao-preto-sp-e-regiao-ismael-colosi\/"},"img":{"alt_text":"","src":"https:\/\/i0.wp.com\/noticiasribeiraopreto.com.br\/wp-content\/uploads\/2024\/09\/champions-beer_2024-09-06_17-47-35_jpeg_2024-09-06_17-47-35.webp.webp?fit=1200%2C675&ssl=1&resize=350%2C200","width":350,"height":200,"srcset":"https:\/\/i0.wp.com\/noticiasribeiraopreto.com.br\/wp-content\/uploads\/2024\/09\/champions-beer_2024-09-06_17-47-35_jpeg_2024-09-06_17-47-35.webp.webp?fit=1200%2C675&ssl=1&resize=350%2C200 1x, https:\/\/i0.wp.com\/noticiasribeiraopreto.com.br\/wp-content\/uploads\/2024\/09\/champions-beer_2024-09-06_17-47-35_jpeg_2024-09-06_17-47-35.webp.webp?fit=1200%2C675&ssl=1&resize=525%2C300 1.5x, https:\/\/i0.wp.com\/noticiasribeiraopreto.com.br\/wp-content\/uploads\/2024\/09\/champions-beer_2024-09-06_17-47-35_jpeg_2024-09-06_17-47-35.webp.webp?fit=1200%2C675&ssl=1&resize=700%2C400 2x, https:\/\/i0.wp.com\/noticiasribeiraopreto.com.br\/wp-content\/uploads\/2024\/09\/champions-beer_2024-09-06_17-47-35_jpeg_2024-09-06_17-47-35.webp.webp?fit=1200%2C675&ssl=1&resize=1050%2C600 3x"},"classes":[]},{"id":67165,"url":"https:\/\/noticiasribeiraopreto.com.br\/index.php\/2025\/04\/10\/festival-de-cervejas-artesanais-continua-neste-fim-de-semana-em-ribeirao-preto\/","url_meta":{"origin":79459,"position":5},"title":"Festival de cervejas artesanais continua neste fim de semana em Ribeir\u00e3o Preto","author":"noticiasribeiraopreto.com.br","date":"10 de April de 2025","format":false,"excerpt":"Continua neste fim de semana a programa\u00e7\u00e3o do Champions Beer. A abertura do festival de cervejas artesanais acontece na sexta-feira (11), \u00e0s 17h e segue at\u00e9 domingo (13), no estacionamento do Shopping Iguatemi. A entrada \u00e9 gratuita. Al\u00e9m das cervejas artesanais, o evento conta com programa\u00e7\u00e3o musical, pra\u00e7a de alimenta\u00e7\u00e3o,\u2026","rel":"","context":"In &quot;Not\u00edcias de Ribeir\u00e3o Preto-SP e Regi\u00e3o&quot;","block_context":{"text":"Not\u00edcias de Ribeir\u00e3o Preto-SP e Regi\u00e3o","link":"https:\/\/noticiasribeiraopreto.com.br\/index.php\/category\/noticias-de-ribeirao-preto-sp-e-regiao-ismael-colosi\/"},"img":{"alt_text":"","src":"https:\/\/i0.wp.com\/noticiasribeiraopreto.com.br\/wp-content\/uploads\/2024\/09\/champions-beer_2024-09-06_17-47-35_jpeg_2024-09-06_17-47-35.webp.webp?fit=1200%2C675&ssl=1&resize=350%2C200","width":350,"height":200,"srcset":"https:\/\/i0.wp.com\/noticiasribeiraopreto.com.br\/wp-content\/uploads\/2024\/09\/champions-beer_2024-09-06_17-47-35_jpeg_2024-09-06_17-47-35.webp.webp?fit=1200%2C675&ssl=1&resize=350%2C200 1x, https:\/\/i0.wp.com\/noticiasribeiraopreto.com.br\/wp-content\/uploads\/2024\/09\/champions-beer_2024-09-06_17-47-35_jpeg_2024-09-06_17-47-35.webp.webp?fit=1200%2C675&ssl=1&resize=525%2C300 1.5x, https:\/\/i0.wp.com\/noticiasribeiraopreto.com.br\/wp-content\/uploads\/2024\/09\/champions-beer_2024-09-06_17-47-35_jpeg_2024-09-06_17-47-35.webp.webp?fit=1200%2C675&ssl=1&resize=700%2C400 2x, https:\/\/i0.wp.com\/noticiasribeiraopreto.com.br\/wp-content\/uploads\/2024\/09\/champions-beer_2024-09-06_17-47-35_jpeg_2024-09-06_17-47-35.webp.webp?fit=1200%2C675&ssl=1&resize=1050%2C600 3x"},"classes":[]}],"jetpack_sharing_enabled":true,"jetpack_shortlink":"https:\/\/wp.me\/peQAOb-kFB","_links":{"self":[{"href":"https:\/\/noticiasribeiraopreto.com.br\/index.php\/wp-json\/wp\/v2\/posts\/79459","targetHints":{"allow":["GET"]}}],"collection":[{"href":"https:\/\/noticiasribeiraopreto.com.br\/index.php\/wp-json\/wp\/v2\/posts"}],"about":[{"href":"https:\/\/noticiasribeiraopreto.com.br\/index.php\/wp-json\/wp\/v2\/types\/post"}],"author":[{"embeddable":true,"href":"https:\/\/noticiasribeiraopreto.com.br\/index.php\/wp-json\/wp\/v2\/users\/1"}],"replies":[{"embeddable":true,"href":"https:\/\/noticiasribeiraopreto.com.br\/index.php\/wp-json\/wp\/v2\/comments?post=79459"}],"version-history":[{"count":0,"href":"https:\/\/noticiasribeiraopreto.com.br\/index.php\/wp-json\/wp\/v2\/posts\/79459\/revisions"}],"wp:featuredmedia":[{"embeddable":true,"href":"https:\/\/noticiasribeiraopreto.com.br\/index.php\/wp-json\/wp\/v2\/media\/72471"}],"wp:attachment":[{"href":"https:\/\/noticiasribeiraopreto.com.br\/index.php\/wp-json\/wp\/v2\/media?parent=79459"}],"wp:term":[{"taxonomy":"category","embeddable":true,"href":"https:\/\/noticiasribeiraopreto.com.br\/index.php\/wp-json\/wp\/v2\/categories?post=79459"},{"taxonomy":"post_tag","embeddable":true,"href":"https:\/\/noticiasribeiraopreto.com.br\/index.php\/wp-json\/wp\/v2\/tags?post=79459"}],"curies":[{"name":"wp","href":"https:\/\/api.w.org\/{rel}","templated":true}]}}