{"id":79462,"date":"2025-11-01T17:53:56","date_gmt":"2025-11-01T20:53:56","guid":{"rendered":"https:\/\/noticiasribeiraopreto.com.br\/index.php\/2025\/11\/01\/alerta-de-tempestades-e-ventos-fortes-marcam-o-inicio-de-novembro-no-interior-de-sp\/"},"modified":"2025-11-01T17:53:56","modified_gmt":"2025-11-01T20:53:56","slug":"alerta-de-tempestades-e-ventos-fortes-marcam-o-inicio-de-novembro-no-interior-de-sp","status":"publish","type":"post","link":"https:\/\/noticiasribeiraopreto.com.br\/index.php\/2025\/11\/01\/alerta-de-tempestades-e-ventos-fortes-marcam-o-inicio-de-novembro-no-interior-de-sp\/","title":{"rendered":"Alerta de tempestades e ventos fortes marcam o in\u00edcio de novembro no interior de SP"},"content":{"rendered":"<div class='code-block code-block-1' style='margin: 8px 0 8px auto; text-align: right; display: block; clear: both;'>\n<p><a href=\"https:\/\/wa.link\/vpicfd\"><img data-recalc-dims=\"1\" class=\"wp-image-4922\" style=\"aspect-ratio: 2.0253164556962027; width: 561px; height: auto;\" src=\"https:\/\/i0.wp.com\/ismaelcolosi.com.br\/wp-content\/uploads\/2023\/11\/grupo-de-empregos-whatsapp-e-facebook-ismael-colosi-vagas.jpg?ssl=1\" alt=\"\" \/><\/a><\/p>\n<!-- \/wp:image -->\n<\/div>\n<p> <br \/>\n<\/p>\n<div>\n<p>O in\u00edcio de novembro traz aten\u00e7\u00e3o redobrada para Ribeir\u00e3o Preto e outras cidades do interior de S\u00e3o Paulo. O <a href=\"https:\/\/alertas2.inmet.gov.br\/52133\" data-type=\"link\" data-id=\"https:\/\/alertas2.inmet.gov.br\/52133\" target=\"_blank\" rel=\"noopener\">Instituto Nacional de Meteorologia (Inmet)<\/a> emitiu um <strong>alerta de perigo potencial para tempestade<\/strong>, v\u00e1lido entre as <strong>10h deste s\u00e1bado (1\u00ba)<\/strong> e as <strong>23h59 de domingo (2)<\/strong>. <\/p>\n<p>O aviso indica <strong>chuva entre 20 e 30 mm por hora<\/strong>, podendo chegar a <strong>50 mm por dia<\/strong>, al\u00e9m de <strong>ventos intensos entre 40 e 60 km\/h<\/strong> e possibilidade de <strong>queda de granizo<\/strong>.<\/p>\n<h2 class=\"wp-block-heading\"><strong>Alerta de perigo potencial<\/strong><\/h2>\n<p>O aviso do Inmet classifica o grau de severidade como <strong>perigo potencial<\/strong>, o que representa condi\u00e7\u00f5es meteorol\u00f3gicas desfavor\u00e1veis que podem causar transtornos. Entre os riscos est\u00e3o <strong>queda de galhos de \u00e1rvores<\/strong>, <strong>alagamentos pontuais<\/strong>, <strong>estragos em planta\u00e7\u00f5es<\/strong> e <strong>interrup\u00e7\u00f5es no fornecimento de energia el\u00e9trica<\/strong>.<\/p>\n<div class=\"wp-block-image\">\n<figure class=\"aligncenter size-full\"><img data-recalc-dims=\"1\" fetchpriority=\"high\" decoding=\"async\" width=\"807\" height=\"720\" src=\"https:\/\/i0.wp.com\/cdn.media-acidadeon.com.br\/ribeiraopreto\/wp-content\/uploads\/sites\/3\/2025\/11\/we_2025-11-01_12-25-22.webp?resize=807%2C720&#038;ssl=1\" alt=\"inmet\" class=\"wp-image-134361\" title=\"Alerta de tempestades e ventos fortes marcam o in\u00edcio de novembro no interior de SP 1\" srcset=\"https:\/\/cdn.media-acidadeon.com.br\/ribeiraopreto\/wp-content\/uploads\/sites\/3\/2025\/11\/we_2025-11-01_12-25-22.webp 807w, https:\/\/cdn.media-acidadeon.com.br\/ribeiraopreto\/wp-content\/uploads\/sites\/3\/2025\/11\/we_2025-11-01_12-25-22-300x268.webp 300w, https:\/\/cdn.media-acidadeon.com.br\/ribeiraopreto\/wp-content\/uploads\/sites\/3\/2025\/11\/we_2025-11-01_12-25-22-768x685.webp 768w, https:\/\/cdn.media-acidadeon.com.br\/ribeiraopreto\/wp-content\/uploads\/sites\/3\/2025\/11\/we_2025-11-01_12-25-22-696x621.webp 696w\" sizes=\"(max-width: 807px) 100vw, 807px\"\/><\/figure>\n<\/div>\n<p>O instituto refor\u00e7a orienta\u00e7\u00f5es preventivas \u00e0 popula\u00e7\u00e3o: <strong>n\u00e3o se abrigar sob \u00e1rvores durante rajadas de vento<\/strong>, <strong>evitar estacionar ve\u00edculos perto de torres de transmiss\u00e3o ou placas met\u00e1licas<\/strong> e <strong>desligar aparelhos eletr\u00f4nicos conectados \u00e0 tomada<\/strong> durante as tempestades.<\/p>\n<h3 class=\"wp-block-heading\"><strong>Condi\u00e7\u00f5es esperadas em Ribeir\u00e3o Preto e regi\u00e3o<\/strong><\/h3>\n<p>De acordo com a Climatempo, a frente fria que avan\u00e7a pelo estado mant\u00e9m o tempo inst\u00e1vel durante todo o fim de semana. Em Ribeir\u00e3o Preto, o s\u00e1bado deve ter <strong>c\u00e9u nublado<\/strong>, per\u00edodos de <strong>chuva moderada a forte<\/strong> e sensa\u00e7\u00e3o t\u00e9rmica mais amena, com <strong>temperaturas entre 20\u00b0C e 27\u00b0C<\/strong>.<\/p>\n<p>No domingo (2), o cen\u00e1rio permanece semelhante, com pancadas isoladas de chuva e possibilidade de trovoadas no fim da tarde. O risco maior ocorre em \u00e1reas com drenagem deficiente ou pr\u00f3ximos a c\u00f3rregos urbanos, onde h\u00e1 chance de alagamentos.<\/p>\n<div class=\"wp-block-image\">\n<figure class=\"aligncenter size-full\"><img data-recalc-dims=\"1\" loading=\"lazy\" decoding=\"async\" width=\"693\" height=\"674\" src=\"https:\/\/i0.wp.com\/cdn.media-acidadeon.com.br\/ribeiraopreto\/wp-content\/uploads\/sites\/3\/2025\/11\/mappj_2025-11-01_19-21-36.webp?resize=693%2C674&#038;ssl=1\" alt=\"tempo\" class=\"wp-image-134402\" title=\"Alerta de tempestades e ventos fortes marcam o in\u00edcio de novembro no interior de SP 2\" srcset=\"https:\/\/cdn.media-acidadeon.com.br\/ribeiraopreto\/wp-content\/uploads\/sites\/3\/2025\/11\/mappj_2025-11-01_19-21-36.webp 693w, https:\/\/cdn.media-acidadeon.com.br\/ribeiraopreto\/wp-content\/uploads\/sites\/3\/2025\/11\/mappj_2025-11-01_19-21-36-300x292.webp 300w\" sizes=\"auto, (max-width: 693px) 100vw, 693px\"\/><\/figure>\n<\/div>\n<h3 class=\"wp-block-heading\"><strong>Recomenda\u00e7\u00f5es \u00e0 popula\u00e7\u00e3o<\/strong><\/h3>\n<p>As autoridades orientam moradores a <strong>redobrar a aten\u00e7\u00e3o nas ruas e rodovias<\/strong>, especialmente durante rajadas de vento e chuva intensa. A Defesa Civil refor\u00e7a o cuidado com <strong>toldos, lonas e estruturas met\u00e1licas<\/strong>, que podem ser deslocadas pelo vento.<\/p>\n<p><strong>Confira algumas medidas preventivas:<\/strong><\/p>\n<ul class=\"wp-block-list\">\n<li>Evite abrigar-se sob \u00e1rvores ou estruturas met\u00e1licas;<\/li>\n<li>N\u00e3o estacione ve\u00edculos pr\u00f3ximos a torres, placas ou outdoors;<\/li>\n<li>Retire aparelhos eletr\u00f4nicos da tomada durante temporais;<\/li>\n<li>Acompanhe atualiza\u00e7\u00f5es do Inmet e da Defesa Civil Municipal.<\/li>\n<\/ul>\n<h3 class=\"wp-block-heading\"><strong>Fim de semana de aten\u00e7\u00e3o<\/strong><\/h3>\n<p>O alerta segue ativo at\u00e9 <strong>23h59 de domingo (2)<\/strong>, per\u00edodo em que o <em>Inmet <\/em>recomenda acompanhamento constante das previs\u00f5es. Mesmo com o n\u00edvel classificado como moderado, a combina\u00e7\u00e3o de vento, chuva intensa e granizo pode causar <strong>interfer\u00eancias no tr\u00e2nsito e pequenos danos estruturais<\/strong>.<\/p>\n<p>Para os pr\u00f3ximos dias, a previs\u00e3o aponta <strong>tempo inst\u00e1vel e temperaturas amenas<\/strong>, reflexo da frente fria que atua sobre o estado. A semana deve come\u00e7ar com <strong>c\u00e9u parcialmente nublado e pancadas de chuva isoladas<\/strong>.<\/p>\n<hr class=\"wp-block-separator has-alpha-channel-opacity\"\/>\n<p>SAIBA MAIS<\/p>\n<p>Programa\u00e7\u00e3o de Museu Casa de Portinari destaca mem\u00f3ria, educa\u00e7\u00e3o e sustentabilidade; confira<\/p>\n<h2 class=\"wp-block-heading\"><strong>FIQUE ON<\/strong><\/h2>\n<p>Fique ligado em tudo que acontece em Ribeir\u00e3o Preto e regi\u00e3o. Siga os perfis do\u00a0<strong>acidade on<\/strong>\u00a0no<a href=\"https:\/\/www.instagram.com\/acidadeonribeirao\" target=\"_blank\" rel=\"noreferrer noopener\">\u00a0Instagram\u00a0<\/a>e no\u00a0<a href=\"https:\/\/www.facebook.com\/acidadeonribeirao\/\" target=\"_blank\" rel=\"noreferrer noopener\">Facebook<\/a>.<\/p>\n<p>Receba not\u00edcias do<strong>\u00a0acidade on<\/strong>\u00a0no WhatsApp. Para entrar no grupo,\u00a0basta\u00a0<a href=\"https:\/\/chat.whatsapp.com\/I4nieTEMKlf50pJ28aMemC?mode=ac_t\" target=\"_blank\" rel=\"noreferrer noopener\">clicar aqui<\/a>. Ou, acesse o nosso\u00a0Canal\u00a0<a href=\"https:\/\/whatsapp.com\/channel\/0029Vb6IQl1JENyAeS57fk2p\" target=\"_blank\" rel=\"noreferrer noopener\">clicando aqui<\/a>.<\/p>\n<p>Fa\u00e7a uma den\u00fancia ou sugira uma reportagem sobre Ribeir\u00e3o Preto e regi\u00e3o pelo WhatsApp: 16 99117 7802.<\/p>\n<p>VEJA TAMB\u00c9M<\/p>\n<p>Que horas come\u00e7a o Jornal Nacional hoje?<\/p>\n<p><mark style=\"background-color:#ffffff\" class=\"has-inline-color has-white-color\">eu tu eles nos vos eles meu teu nosso eu eu eu eu eu eu eu eu eu tu eles nos teu nou eu eu  eu eu eu tu eles nos vos eles meu teu nosso eu eu eu eu eu eu eu eu eu eu eu eu eu tu eles nos eu eu eu eu eu eu eu tu eles nos vos eles meu teu nosso eu eu eu eu eu eu eu eu eu eu eu eu eu tu eles nos vos eles meu teu nosso eu eu eu eu eu eu eu eu eu eu eu eu<\/mark><\/p>\n<p><!-- AI CONTENT END 1 -->\n<\/div>\n<p><script async src=\"\/\/www.instagram.com\/embed.js\"><\/script><br \/>\n<br \/><br \/>\n<br \/><a href=\"https:\/\/www.acidadeon.com\/ribeiraopreto\/cotidiano\/alerta-de-tempestades-e-ventos-fortes-marcam-o-inicio-de-novembro-no-interior-de-sao-paulo\/\">Source link <\/a><\/p>\n<!-- CONTENT END 1 -->\n","protected":false},"excerpt":{"rendered":"<p>O in\u00edcio de novembro traz aten\u00e7\u00e3o redobrada para Ribeir\u00e3o Preto e outras cidades do interior de S\u00e3o Paulo. O Instituto Nacional de Meteorologia (Inmet) emitiu&#8230;<\/p>\n","protected":false},"author":1,"featured_media":77536,"comment_status":"open","ping_status":"open","sticky":false,"template":"","format":"standard","meta":{"advanced_seo_description":"","jetpack_seo_html_title":"","jetpack_seo_noindex":false,"jetpack_post_was_ever_published":false,"_jetpack_newsletter_access":"","_jetpack_dont_email_post_to_subs":false,"_jetpack_newsletter_tier_id":0,"_jetpack_memberships_contains_paywalled_content":false,"_jetpack_memberships_contains_paid_content":false,"footnotes":"","jetpack_publicize_message":"","jetpack_publicize_feature_enabled":true,"jetpack_social_post_already_shared":true,"jetpack_social_options":{"image_generator_settings":{"template":"highway","default_image_id":0,"font":"","enabled":false},"version":2}},"categories":[11],"tags":[],"class_list":["post-79462","post","type-post","status-publish","format-standard","has-post-thumbnail","hentry","category-noticias-de-ribeirao-preto-sp-e-regiao-ismael-colosi"],"jetpack_publicize_connections":[],"jetpack_featured_media_url":"https:\/\/i0.wp.com\/noticiasribeiraopreto.com.br\/wp-content\/uploads\/2025\/09\/CHUVA_2025-06-03_11-24-36.webp.webp?fit=1200%2C955&ssl=1","jetpack-related-posts":[{"id":80029,"url":"https:\/\/noticiasribeiraopreto.com.br\/index.php\/2025\/11\/13\/inmet-alerta-para-tempestades-no-interior-de-sp-veja-cidades-afetadas\/","url_meta":{"origin":79462,"position":0},"title":"Inmet alerta para tempestades no interior de SP; Veja cidades afetadas","author":"noticiasribeiraopreto.com.br","date":"13 de November de 2025","format":false,"excerpt":"O\u00a0Inmet (Instituto Nacional de Meteorologia)\u00a0publicou dois avisos para tempestades no interior de S\u00e3o Paulo, com validades entre esta quinta-feira (13) e sexta-feira (14). Um deles indica \u201cperigo potencial\u201d e abrange uma \u00e1rea maior no estado, entre o noroeste, centro e sul. Clique\u00a0aqui\u00a0e veja todas as cidades que est\u00e3o na faixa\u2026","rel":"","context":"In &quot;Not\u00edcias de Ribeir\u00e3o Preto-SP e Regi\u00e3o&quot;","block_context":{"text":"Not\u00edcias de Ribeir\u00e3o Preto-SP e Regi\u00e3o","link":"https:\/\/noticiasribeiraopreto.com.br\/index.php\/category\/noticias-de-ribeirao-preto-sp-e-regiao-ismael-colosi\/"},"img":{"alt_text":"","src":"https:\/\/i0.wp.com\/noticiasribeiraopreto.com.br\/wp-content\/uploads\/2025\/07\/WhatsApp-Image-2024-07-13-at-19.42.17_2024-07-13_22-42-51_jpeg_2024-07-13_22-42-51.webp.webp?fit=1200%2C553&ssl=1&resize=350%2C200","width":350,"height":200,"srcset":"https:\/\/i0.wp.com\/noticiasribeiraopreto.com.br\/wp-content\/uploads\/2025\/07\/WhatsApp-Image-2024-07-13-at-19.42.17_2024-07-13_22-42-51_jpeg_2024-07-13_22-42-51.webp.webp?fit=1200%2C553&ssl=1&resize=350%2C200 1x, https:\/\/i0.wp.com\/noticiasribeiraopreto.com.br\/wp-content\/uploads\/2025\/07\/WhatsApp-Image-2024-07-13-at-19.42.17_2024-07-13_22-42-51_jpeg_2024-07-13_22-42-51.webp.webp?fit=1200%2C553&ssl=1&resize=525%2C300 1.5x, https:\/\/i0.wp.com\/noticiasribeiraopreto.com.br\/wp-content\/uploads\/2025\/07\/WhatsApp-Image-2024-07-13-at-19.42.17_2024-07-13_22-42-51_jpeg_2024-07-13_22-42-51.webp.webp?fit=1200%2C553&ssl=1&resize=700%2C400 2x, https:\/\/i0.wp.com\/noticiasribeiraopreto.com.br\/wp-content\/uploads\/2025\/07\/WhatsApp-Image-2024-07-13-at-19.42.17_2024-07-13_22-42-51_jpeg_2024-07-13_22-42-51.webp.webp?fit=1200%2C553&ssl=1&resize=1050%2C600 3x"},"classes":[]},{"id":78516,"url":"https:\/\/noticiasribeiraopreto.com.br\/index.php\/2025\/10\/12\/inmet-emite-alertas-de-tempestade-e-chuvas-intensas-para-o-interior-de-sp-veja-regioes-afetadas\/","url_meta":{"origin":79462,"position":1},"title":"Inmet emite alertas de tempestade e chuvas intensas para o interior de SP; Veja regi\u00f5es afetadas","author":"noticiasribeiraopreto.com.br","date":"12 de October de 2025","format":false,"excerpt":"O Inmet (Instituto Nacional de Meteorologia) emitiu dois novos alertas para o interior de S\u00e3o Paulo neste domingo (12). Os avisos s\u00e3o de \u201cperigo\u201d para tempestade e \u201cperigo potencial\u201d para chuvas intensas em diferentes regi\u00f5es. Ambos s\u00e3o v\u00e1lidos at\u00e9 \u00e0s 10h desta segunda-feira (13). Confira: Alerta de perigo O comunicado\u2026","rel":"","context":"In &quot;Not\u00edcias de Ribeir\u00e3o Preto-SP e Regi\u00e3o&quot;","block_context":{"text":"Not\u00edcias de Ribeir\u00e3o Preto-SP e Regi\u00e3o","link":"https:\/\/noticiasribeiraopreto.com.br\/index.php\/category\/noticias-de-ribeirao-preto-sp-e-regiao-ismael-colosi\/"},"img":{"alt_text":"","src":"https:\/\/i0.wp.com\/noticiasribeiraopreto.com.br\/wp-content\/uploads\/2025\/10\/WhatsApp-Image-2024-12-03-at-09.16.43_2024-12-03_12-22-10_jpeg_2024-12-03_12-22-10.webp.webp?fit=1200%2C540&ssl=1&resize=350%2C200","width":350,"height":200,"srcset":"https:\/\/i0.wp.com\/noticiasribeiraopreto.com.br\/wp-content\/uploads\/2025\/10\/WhatsApp-Image-2024-12-03-at-09.16.43_2024-12-03_12-22-10_jpeg_2024-12-03_12-22-10.webp.webp?fit=1200%2C540&ssl=1&resize=350%2C200 1x, https:\/\/i0.wp.com\/noticiasribeiraopreto.com.br\/wp-content\/uploads\/2025\/10\/WhatsApp-Image-2024-12-03-at-09.16.43_2024-12-03_12-22-10_jpeg_2024-12-03_12-22-10.webp.webp?fit=1200%2C540&ssl=1&resize=525%2C300 1.5x, https:\/\/i0.wp.com\/noticiasribeiraopreto.com.br\/wp-content\/uploads\/2025\/10\/WhatsApp-Image-2024-12-03-at-09.16.43_2024-12-03_12-22-10_jpeg_2024-12-03_12-22-10.webp.webp?fit=1200%2C540&ssl=1&resize=700%2C400 2x, https:\/\/i0.wp.com\/noticiasribeiraopreto.com.br\/wp-content\/uploads\/2025\/10\/WhatsApp-Image-2024-12-03-at-09.16.43_2024-12-03_12-22-10_jpeg_2024-12-03_12-22-10.webp.webp?fit=1200%2C540&ssl=1&resize=1050%2C600 3x"},"classes":[]},{"id":60895,"url":"https:\/\/noticiasribeiraopreto.com.br\/index.php\/2024\/11\/28\/inmet-emite-alerta-de-tempestade-para-o-estado-de-sao-paulo\/","url_meta":{"origin":79462,"position":2},"title":"Inmet emite alerta de tempestade para o estado de S\u00e3o Paulo","author":"noticiasribeiraopreto.com.br","date":"28 de November de 2024","format":false,"excerpt":"O Inmet (Instituto Nacional de Meteorologia) emitiu tr\u00eas alertas para o risco de tempestade no estado de S\u00e3o Paulo. Um dos avisos, que indica \u201cperigo potencial\u201d e inclui a maior parte do estado, e a regi\u00e3o de Ribeir\u00e3o Preto, tem in\u00edcio \u00e0s 15h desta quinta-feira (28) e segue at\u00e9 as\u2026","rel":"","context":"In &quot;Not\u00edcias de Ribeir\u00e3o Preto-SP e Regi\u00e3o&quot;","block_context":{"text":"Not\u00edcias de Ribeir\u00e3o Preto-SP e Regi\u00e3o","link":"https:\/\/noticiasribeiraopreto.com.br\/index.php\/category\/noticias-de-ribeirao-preto-sp-e-regiao-ismael-colosi\/"},"img":{"alt_text":"","src":"https:\/\/i0.wp.com\/noticiasribeiraopreto.com.br\/wp-content\/uploads\/2024\/11\/WhatsApp-Image-2024-02-22-at-10.35.33.jpeg?fit=1200%2C540&ssl=1&resize=350%2C200","width":350,"height":200,"srcset":"https:\/\/i0.wp.com\/noticiasribeiraopreto.com.br\/wp-content\/uploads\/2024\/11\/WhatsApp-Image-2024-02-22-at-10.35.33.jpeg?fit=1200%2C540&ssl=1&resize=350%2C200 1x, https:\/\/i0.wp.com\/noticiasribeiraopreto.com.br\/wp-content\/uploads\/2024\/11\/WhatsApp-Image-2024-02-22-at-10.35.33.jpeg?fit=1200%2C540&ssl=1&resize=525%2C300 1.5x, https:\/\/i0.wp.com\/noticiasribeiraopreto.com.br\/wp-content\/uploads\/2024\/11\/WhatsApp-Image-2024-02-22-at-10.35.33.jpeg?fit=1200%2C540&ssl=1&resize=700%2C400 2x, https:\/\/i0.wp.com\/noticiasribeiraopreto.com.br\/wp-content\/uploads\/2024\/11\/WhatsApp-Image-2024-02-22-at-10.35.33.jpeg?fit=1200%2C540&ssl=1&resize=1050%2C600 3x"},"classes":[]},{"id":63305,"url":"https:\/\/noticiasribeiraopreto.com.br\/index.php\/2025\/02\/09\/interior-de-sp-tem-novo-alerta-de-tempestade-veja-cidades\/","url_meta":{"origin":79462,"position":3},"title":"Interior de SP tem novo alerta de tempestade; Veja cidades","author":"noticiasribeiraopreto.com.br","date":"9 de February de 2025","format":false,"excerpt":"O Inmet (Instituto Nacional de Meteorologia) emitiu um novo alerta de perigo potencial para tempestade em parte do interior de S\u00e3o Paulo, na tarde deste domingo (9) \u2013 veja cidade abaixo. De acordo com o comunicado, as regi\u00f5es podem chuva entre 20 e 30 mil\u00edmetros por hora ou 50 mil\u00edmetros\u2026","rel":"","context":"In &quot;Not\u00edcias de Ribeir\u00e3o Preto-SP e Regi\u00e3o&quot;","block_context":{"text":"Not\u00edcias de Ribeir\u00e3o Preto-SP e Regi\u00e3o","link":"https:\/\/noticiasribeiraopreto.com.br\/index.php\/category\/noticias-de-ribeirao-preto-sp-e-regiao-ismael-colosi\/"},"img":{"alt_text":"","src":"https:\/\/i0.wp.com\/noticiasribeiraopreto.com.br\/wp-content\/uploads\/2025\/02\/WhatsApp-Image-2024-02-22-at-10.35.33.jpeg?fit=1200%2C540&ssl=1&resize=350%2C200","width":350,"height":200,"srcset":"https:\/\/i0.wp.com\/noticiasribeiraopreto.com.br\/wp-content\/uploads\/2025\/02\/WhatsApp-Image-2024-02-22-at-10.35.33.jpeg?fit=1200%2C540&ssl=1&resize=350%2C200 1x, https:\/\/i0.wp.com\/noticiasribeiraopreto.com.br\/wp-content\/uploads\/2025\/02\/WhatsApp-Image-2024-02-22-at-10.35.33.jpeg?fit=1200%2C540&ssl=1&resize=525%2C300 1.5x, https:\/\/i0.wp.com\/noticiasribeiraopreto.com.br\/wp-content\/uploads\/2025\/02\/WhatsApp-Image-2024-02-22-at-10.35.33.jpeg?fit=1200%2C540&ssl=1&resize=700%2C400 2x, https:\/\/i0.wp.com\/noticiasribeiraopreto.com.br\/wp-content\/uploads\/2025\/02\/WhatsApp-Image-2024-02-22-at-10.35.33.jpeg?fit=1200%2C540&ssl=1&resize=1050%2C600 3x"},"classes":[]},{"id":60260,"url":"https:\/\/noticiasribeiraopreto.com.br\/index.php\/2024\/11\/09\/inmet-publica-alerta-de-perigo-potencial-para-o-interior-de-sp-veja-cidades\/","url_meta":{"origin":79462,"position":4},"title":"Inmet publica alerta de &#8216;perigo potencial&#8217; para o interior de SP; Veja cidades","author":"noticiasribeiraopreto.com.br","date":"9 de November de 2024","format":false,"excerpt":"O Inmet (Instituto Nacional de Meteorologia) emitiu um alerta de \u201cperigo potencial\u201d para chuvas intensas em parte do interior de S\u00e3o Paulo. O aviso, com validade neste s\u00e1bado (9) entre 10h e 23h59, abrange Ribeir\u00e3o Preto e cidades da regi\u00e3o. Clique aqui e veja todos os munic\u00edpios. Este alerta \u00e9\u2026","rel":"","context":"In &quot;Not\u00edcias de Ribeir\u00e3o Preto-SP e Regi\u00e3o&quot;","block_context":{"text":"Not\u00edcias de Ribeir\u00e3o Preto-SP e Regi\u00e3o","link":"https:\/\/noticiasribeiraopreto.com.br\/index.php\/category\/noticias-de-ribeirao-preto-sp-e-regiao-ismael-colosi\/"},"img":{"alt_text":"","src":"https:\/\/i0.wp.com\/noticiasribeiraopreto.com.br\/wp-content\/uploads\/2024\/11\/WhatsApp-Image-2024-11-09-at-09.29.21_2024-11-09_12-33-13_jpeg_2024-11-09_12-33-14.webp.webp?fit=1200%2C553&ssl=1&resize=350%2C200","width":350,"height":200,"srcset":"https:\/\/i0.wp.com\/noticiasribeiraopreto.com.br\/wp-content\/uploads\/2024\/11\/WhatsApp-Image-2024-11-09-at-09.29.21_2024-11-09_12-33-13_jpeg_2024-11-09_12-33-14.webp.webp?fit=1200%2C553&ssl=1&resize=350%2C200 1x, https:\/\/i0.wp.com\/noticiasribeiraopreto.com.br\/wp-content\/uploads\/2024\/11\/WhatsApp-Image-2024-11-09-at-09.29.21_2024-11-09_12-33-13_jpeg_2024-11-09_12-33-14.webp.webp?fit=1200%2C553&ssl=1&resize=525%2C300 1.5x, https:\/\/i0.wp.com\/noticiasribeiraopreto.com.br\/wp-content\/uploads\/2024\/11\/WhatsApp-Image-2024-11-09-at-09.29.21_2024-11-09_12-33-13_jpeg_2024-11-09_12-33-14.webp.webp?fit=1200%2C553&ssl=1&resize=700%2C400 2x, https:\/\/i0.wp.com\/noticiasribeiraopreto.com.br\/wp-content\/uploads\/2024\/11\/WhatsApp-Image-2024-11-09-at-09.29.21_2024-11-09_12-33-13_jpeg_2024-11-09_12-33-14.webp.webp?fit=1200%2C553&ssl=1&resize=1050%2C600 3x"},"classes":[]},{"id":79944,"url":"https:\/\/noticiasribeiraopreto.com.br\/index.php\/2025\/11\/11\/alerta-de-tempestade-e-emitido-para-o-interior-de-sp-veja-cidades-afetadas\/","url_meta":{"origin":79462,"position":5},"title":"Alerta de tempestade \u00e9 emitido para o interior de SP; Veja cidades afetadas","author":"noticiasribeiraopreto.com.br","date":"11 de November de 2025","format":false,"excerpt":"O\u00a0Inmet (Instituto Nacional de Meteorologia)\u00a0publicou nesta ter\u00e7a-feira (11)\u00a0um alerta de \u201cperigo potencial\u201d para tempestades no interior de S\u00e3o Paulo. As regi\u00f5es oeste e noroeste do estado paulista est\u00e3o na faixa amarela, a primeira em uma escala at\u00e9 tr\u00eas n\u00edveis de severidade. Clique aqui e veja as cidades. O aviso teve\u2026","rel":"","context":"In &quot;Not\u00edcias de Ribeir\u00e3o Preto-SP e Regi\u00e3o&quot;","block_context":{"text":"Not\u00edcias de Ribeir\u00e3o Preto-SP e Regi\u00e3o","link":"https:\/\/noticiasribeiraopreto.com.br\/index.php\/category\/noticias-de-ribeirao-preto-sp-e-regiao-ismael-colosi\/"},"img":{"alt_text":"","src":"https:\/\/i0.wp.com\/noticiasribeiraopreto.com.br\/wp-content\/uploads\/2025\/11\/MAPA_2025-11-11_14-02-16.webp.webp?fit=1200%2C825&ssl=1&resize=350%2C200","width":350,"height":200,"srcset":"https:\/\/i0.wp.com\/noticiasribeiraopreto.com.br\/wp-content\/uploads\/2025\/11\/MAPA_2025-11-11_14-02-16.webp.webp?fit=1200%2C825&ssl=1&resize=350%2C200 1x, https:\/\/i0.wp.com\/noticiasribeiraopreto.com.br\/wp-content\/uploads\/2025\/11\/MAPA_2025-11-11_14-02-16.webp.webp?fit=1200%2C825&ssl=1&resize=525%2C300 1.5x, https:\/\/i0.wp.com\/noticiasribeiraopreto.com.br\/wp-content\/uploads\/2025\/11\/MAPA_2025-11-11_14-02-16.webp.webp?fit=1200%2C825&ssl=1&resize=700%2C400 2x, https:\/\/i0.wp.com\/noticiasribeiraopreto.com.br\/wp-content\/uploads\/2025\/11\/MAPA_2025-11-11_14-02-16.webp.webp?fit=1200%2C825&ssl=1&resize=1050%2C600 3x"},"classes":[]}],"jetpack_sharing_enabled":true,"jetpack_shortlink":"https:\/\/wp.me\/peQAOb-kFE","_links":{"self":[{"href":"https:\/\/noticiasribeiraopreto.com.br\/index.php\/wp-json\/wp\/v2\/posts\/79462","targetHints":{"allow":["GET"]}}],"collection":[{"href":"https:\/\/noticiasribeiraopreto.com.br\/index.php\/wp-json\/wp\/v2\/posts"}],"about":[{"href":"https:\/\/noticiasribeiraopreto.com.br\/index.php\/wp-json\/wp\/v2\/types\/post"}],"author":[{"embeddable":true,"href":"https:\/\/noticiasribeiraopreto.com.br\/index.php\/wp-json\/wp\/v2\/users\/1"}],"replies":[{"embeddable":true,"href":"https:\/\/noticiasribeiraopreto.com.br\/index.php\/wp-json\/wp\/v2\/comments?post=79462"}],"version-history":[{"count":0,"href":"https:\/\/noticiasribeiraopreto.com.br\/index.php\/wp-json\/wp\/v2\/posts\/79462\/revisions"}],"wp:featuredmedia":[{"embeddable":true,"href":"https:\/\/noticiasribeiraopreto.com.br\/index.php\/wp-json\/wp\/v2\/media\/77536"}],"wp:attachment":[{"href":"https:\/\/noticiasribeiraopreto.com.br\/index.php\/wp-json\/wp\/v2\/media?parent=79462"}],"wp:term":[{"taxonomy":"category","embeddable":true,"href":"https:\/\/noticiasribeiraopreto.com.br\/index.php\/wp-json\/wp\/v2\/categories?post=79462"},{"taxonomy":"post_tag","embeddable":true,"href":"https:\/\/noticiasribeiraopreto.com.br\/index.php\/wp-json\/wp\/v2\/tags?post=79462"}],"curies":[{"name":"wp","href":"https:\/\/api.w.org\/{rel}","templated":true}]}}