{"id":79463,"date":"2025-11-01T18:00:48","date_gmt":"2025-11-01T21:00:48","guid":{"rendered":"https:\/\/noticiasribeiraopreto.com.br\/index.php\/2025\/11\/01\/saque-aniversario-do-fgts-tem-novas-regras-confira-o-que-muda\/"},"modified":"2025-11-01T18:00:48","modified_gmt":"2025-11-01T21:00:48","slug":"saque-aniversario-do-fgts-tem-novas-regras-confira-o-que-muda","status":"publish","type":"post","link":"https:\/\/noticiasribeiraopreto.com.br\/index.php\/2025\/11\/01\/saque-aniversario-do-fgts-tem-novas-regras-confira-o-que-muda\/","title":{"rendered":"Saque-anivers\u00e1rio do FGTS tem novas regras; confira o que muda"},"content":{"rendered":"<div class='code-block code-block-1' style='margin: 8px 0 8px auto; text-align: right; display: block; clear: both;'>\n<p><a href=\"https:\/\/wa.link\/vpicfd\"><img data-recalc-dims=\"1\" class=\"wp-image-4922\" style=\"aspect-ratio: 2.0253164556962027; width: 561px; height: auto;\" src=\"https:\/\/i0.wp.com\/ismaelcolosi.com.br\/wp-content\/uploads\/2023\/11\/grupo-de-empregos-whatsapp-e-facebook-ismael-colosi-vagas.jpg?ssl=1\" alt=\"\" \/><\/a><\/p>\n<!-- \/wp:image -->\n<\/div>\n<p> <br \/>\n<\/p>\n<div>\n<p>As novas regras do saque-anivers\u00e1rio do <strong>Fundo de Garantia do Tempo de Servi\u00e7o (FGTS) <\/strong>come\u00e7aram a valer neste s\u00e1bado (1\u00ba). <strong>As mudan\u00e7as definem limites para o valor,<\/strong> o <strong>n\u00famero de parcelas<\/strong> e a <strong>quantidade de antecipa\u00e7\u00f5es que o trabalhador pode solicitar<\/strong>. <\/p>\n<p>A decis\u00e3o do Conselho Curador do FGTS, executada pela Caixa Econ\u00f4mica Federal, busca reorganizar a forma como os bancos operam os empr\u00e9stimos com base no saldo do fundo.<\/p>\n<p><strong>De acordo com o Minist\u00e9rio do Trabalho<\/strong>, as altera\u00e7\u00f5es pretendem garantir que o trabalhador mantenha acesso a parte do dinheiro em caso de demiss\u00e3o e que os recursos do FGTS continuem financiando programas de habita\u00e7\u00e3o e infraestrutura.<\/p>\n<p>Atualmente, 21,5 milh\u00f5es de trabalhadores escolheram o saque-anivers\u00e1rio, o que representa 51% das contas ativas. Entre eles, cerca de 70% j\u00e1 contrataram opera\u00e7\u00f5es de antecipa\u00e7\u00e3o junto a institui\u00e7\u00f5es financeiras.<\/p>\n<h3 class=\"wp-block-heading\"><strong>O que \u00e9 o saque-anivers\u00e1rio?<\/strong><\/h3>\n<p>O saque-anivers\u00e1rio do FGTS permite que o trabalhador retire uma parte do saldo de sua conta todos os anos,<strong> no m\u00eas de anivers\u00e1rio. <\/strong>A ades\u00e3o \u00e9 opcional e pode ser feita pelo aplicativo FGTS, pelo site da Caixa ou em qualquer ag\u00eancia.<\/p>\n<p>Quem opta por essa modalidade perde o direito de sacar o valor total do fundo em caso de demiss\u00e3o sem justa causa, mantendo apenas o direito \u00e0 multa de 40% sobre o saldo. A retirada anual segue uma tabela que define o percentual dispon\u00edvel de acordo com o valor existente na conta.<\/p>\n<h3 class=\"wp-block-heading\"><strong>Como funciona a antecipa\u00e7\u00e3o?<\/strong><\/h3>\n<p><strong>A antecipa\u00e7\u00e3o do saque-anivers\u00e1rio \u00e9 uma opera\u00e7\u00e3o de cr\u00e9dito<\/strong>. O trabalhador solicita a um banco o adiantamento dos valores que teria direito a sacar nos pr\u00f3ximos anos. O saldo do FGTS serve como garantia para o empr\u00e9stimo.<\/p>\n<p>Antes das mudan\u00e7as, n\u00e3o existiam limites de parcelas ou de valor antecipado. O trabalhador podia antecipar at\u00e9 dez anos de saques e realizar mais de uma opera\u00e7\u00e3o simultaneamente. Essa flexibilidade ampliou o uso do FGTS como garantia banc\u00e1ria, mas tamb\u00e9m aumentou o n\u00famero de trabalhadores sem acesso ao saldo ap\u00f3s perder o emprego.<\/p>\n<h3 class=\"wp-block-heading\"><strong>O que muda com as novas regras?<\/strong><\/h3>\n<p>As novas normas imp\u00f5em restri\u00e7\u00f5es \u00e0 quantidade de parcelas, ao valor por saque e ao n\u00famero de antecipa\u00e7\u00f5es por ano. O governo tamb\u00e9m estabeleceu um prazo m\u00ednimo entre a ades\u00e3o ao saque-anivers\u00e1rio e a contrata\u00e7\u00e3o do cr\u00e9dito. Entenda:<\/p>\n<figure class=\"wp-block-table\">\n<table class=\"has-fixed-layout\">\n<thead>\n<tr>\n<th>Situa\u00e7\u00e3o anterior<\/th>\n<th>Novas regras<\/th>\n<\/tr>\n<\/thead>\n<tbody>\n<tr>\n<td>Sem limite de parcelas ou valor antecipado<\/td>\n<td>M\u00e1ximo de cinco parcelas no primeiro ano e tr\u00eas parcelas a partir de 2026<\/td>\n<\/tr>\n<tr>\n<td>Sem valor m\u00ednimo ou m\u00e1ximo por parcela<\/td>\n<td>Cada parcela deve ser entre R$ 100 e R$ 500<\/td>\n<\/tr>\n<tr>\n<td>Possibilidade de v\u00e1rias opera\u00e7\u00f5es simult\u00e2neas<\/td>\n<td>Apenas uma antecipa\u00e7\u00e3o por ano<\/td>\n<\/tr>\n<tr>\n<td>Contrata\u00e7\u00e3o imediata ap\u00f3s ades\u00e3o<\/td>\n<td>Prazo m\u00ednimo de 90 dias entre ades\u00e3o e contrata\u00e7\u00e3o<\/td>\n<\/tr>\n<\/tbody>\n<\/table>\n<\/figure>\n<p>No primeiro ano de vig\u00eancia das regras, o trabalhador pode antecipar at\u00e9 R$ 2,5 mil, divididos em cinco parcelas de R$ 500. A partir de 2026, o limite ser\u00e1 de R$ 1,5 mil, com tr\u00eas parcelas de R$ 500.<\/p>\n<h3 class=\"wp-block-heading\"><strong>Como aderir ou cancelar o saque-anivers\u00e1rio?<\/strong><\/h3>\n<p>O trabalhador pode <strong>aderir ou cancelar o saque-anivers\u00e1rio pelo aplicativo FGTS<\/strong>, dispon\u00edvel para Android e iOS. <strong>O sistema tamb\u00e9m permite consultar o saldo e verificar se h\u00e1 parcelas dispon\u00edveis para saque.<\/strong><\/p>\n<p>Quem fizer a ades\u00e3o deve esperar 90 dias antes de solicitar a antecipa\u00e7\u00e3o junto a um banco. Vale lembrar que, caso ocorra demiss\u00e3o durante o per\u00edodo de antecipa\u00e7\u00e3o, o saldo bloqueado n\u00e3o pode ser sacado, restando apenas o direito \u00e0 multa de 40%.<\/p>\n<hr class=\"wp-block-separator has-alpha-channel-opacity\"\/>\n<p>SAIBA MAIS<\/p>\n<p>Programa\u00e7\u00e3o de Museu Casa de Portinari destaca mem\u00f3ria, educa\u00e7\u00e3o e sustentabilidade; confira<\/p>\n<h2 class=\"wp-block-heading\"><strong>FIQUE ON<\/strong><\/h2>\n<p>Fique ligado em tudo que acontece em Ribeir\u00e3o Preto e regi\u00e3o. Siga os perfis do\u00a0<strong>acidade on<\/strong>\u00a0no<a href=\"https:\/\/www.instagram.com\/acidadeonribeirao\" target=\"_blank\" rel=\"noreferrer noopener\">\u00a0Instagram\u00a0<\/a>e no\u00a0<a href=\"https:\/\/www.facebook.com\/acidadeonribeirao\/\" target=\"_blank\" rel=\"noreferrer noopener\">Facebook<\/a>.<\/p>\n<p>Receba not\u00edcias do<strong>\u00a0acidade on<\/strong>\u00a0no WhatsApp. Para entrar no grupo,\u00a0basta\u00a0<a href=\"https:\/\/chat.whatsapp.com\/I4nieTEMKlf50pJ28aMemC?mode=ac_t\" target=\"_blank\" rel=\"noreferrer noopener\">clicar aqui<\/a>. Ou, acesse o nosso\u00a0Canal\u00a0<a href=\"https:\/\/whatsapp.com\/channel\/0029Vb6IQl1JENyAeS57fk2p\" target=\"_blank\" rel=\"noreferrer noopener\">clicando aqui<\/a>.<\/p>\n<p>Fa\u00e7a uma den\u00fancia ou sugira uma reportagem sobre Ribeir\u00e3o Preto e regi\u00e3o pelo WhatsApp: 16 99117 7802.<\/p>\n<p>VEJA TAMB\u00c9M<\/p>\n<p>Que horas come\u00e7a o Jornal Nacional hoje?<\/p>\n<p><!-- AI CONTENT END 1 -->\n<\/div>\n<p><script async src=\"\/\/www.instagram.com\/embed.js\"><\/script><br \/>\n<br \/><br \/>\n<br \/><a href=\"https:\/\/www.acidadeon.com\/ribeiraopreto\/economia\/saque-aniversario-do-fgts-tem-novas-regras-confira-o-que-muda\/\">Source link <\/a><\/p>\n<!-- CONTENT END 1 -->\n","protected":false},"excerpt":{"rendered":"<p>As novas regras do saque-anivers\u00e1rio do Fundo de Garantia do Tempo de Servi\u00e7o (FGTS) come\u00e7aram a valer neste s\u00e1bado (1\u00ba). As mudan\u00e7as definem limites para&#8230;<\/p>\n","protected":false},"author":1,"featured_media":79464,"comment_status":"open","ping_status":"open","sticky":false,"template":"","format":"standard","meta":{"advanced_seo_description":"","jetpack_seo_html_title":"","jetpack_seo_noindex":false,"jetpack_post_was_ever_published":false,"_jetpack_newsletter_access":"","_jetpack_dont_email_post_to_subs":false,"_jetpack_newsletter_tier_id":0,"_jetpack_memberships_contains_paywalled_content":false,"_jetpack_memberships_contains_paid_content":false,"footnotes":"","jetpack_publicize_message":"","jetpack_publicize_feature_enabled":true,"jetpack_social_post_already_shared":true,"jetpack_social_options":{"image_generator_settings":{"template":"highway","default_image_id":0,"font":"","enabled":false},"version":2}},"categories":[11],"tags":[],"class_list":["post-79463","post","type-post","status-publish","format-standard","has-post-thumbnail","hentry","category-noticias-de-ribeirao-preto-sp-e-regiao-ismael-colosi"],"jetpack_publicize_connections":[],"jetpack_featured_media_url":"https:\/\/i0.wp.com\/noticiasribeiraopreto.com.br\/wp-content\/uploads\/2025\/11\/aplicativo_do_fgts_caixa_2025-02-28_23-35-13_jpg_2025-02-28_23-35-13.webp.webp?fit=1200%2C674&ssl=1","jetpack-related-posts":[{"id":19950,"url":"https:\/\/noticiasribeiraopreto.com.br\/index.php\/2023\/12\/23\/importante-a-partir-de-2024-o-saque-aniversario-do-fgts-apresenta-novas-diretrizes-e-valores-confira\/","url_meta":{"origin":79463,"position":0},"title":"Importante! A partir de 2024, o Saque-Anivers\u00e1rio do FGTS apresenta novas diretrizes e valores; confira","author":"noticiasribeiraopreto.com.br","date":"23 de December de 2023","format":false,"excerpt":"O Fundo de Garantia por Tempo de Servi\u00e7o (FGTS) em 2024 est\u00e1 prestes a passar por transforma\u00e7\u00f5es significativas, com discuss\u00f5es e estudos intensificados em torno da reestrutura\u00e7\u00e3o do saque-anivers\u00e1rio, ap\u00f3s o pronunciamento do ministro do Trabalho e Emprego (MTE), Luiz Marinho. O an\u00fancio de um Projeto de Lei (PL) que\u2026","rel":"","context":"In &quot;Vagas de Emprego em Ribeir\u00e3o Preto-SP&quot;","block_context":{"text":"Vagas de Emprego em Ribeir\u00e3o Preto-SP","link":"https:\/\/noticiasribeiraopreto.com.br\/index.php\/category\/empregos-classificados-vagas-trabalho\/vagas-de-empregos-em-ribeirao-preto-regiao-brasil\/"},"img":{"alt_text":"","src":"https:\/\/i0.wp.com\/noticiasribeiraopreto.com.br\/wp-content\/uploads\/2023\/12\/noticiasconcursos.com_.br-importante-a-partir-de-2024-o-saque-aniversario-do-fgts-apresenta-novas-diretrizes-e-valores-confira-fgts.jpg?fit=852%2C523&ssl=1&resize=350%2C200","width":350,"height":200,"srcset":"https:\/\/i0.wp.com\/noticiasribeiraopreto.com.br\/wp-content\/uploads\/2023\/12\/noticiasconcursos.com_.br-importante-a-partir-de-2024-o-saque-aniversario-do-fgts-apresenta-novas-diretrizes-e-valores-confira-fgts.jpg?fit=852%2C523&ssl=1&resize=350%2C200 1x, https:\/\/i0.wp.com\/noticiasribeiraopreto.com.br\/wp-content\/uploads\/2023\/12\/noticiasconcursos.com_.br-importante-a-partir-de-2024-o-saque-aniversario-do-fgts-apresenta-novas-diretrizes-e-valores-confira-fgts.jpg?fit=852%2C523&ssl=1&resize=525%2C300 1.5x, https:\/\/i0.wp.com\/noticiasribeiraopreto.com.br\/wp-content\/uploads\/2023\/12\/noticiasconcursos.com_.br-importante-a-partir-de-2024-o-saque-aniversario-do-fgts-apresenta-novas-diretrizes-e-valores-confira-fgts.jpg?fit=852%2C523&ssl=1&resize=700%2C400 2x"},"classes":[]},{"id":13111,"url":"https:\/\/noticiasribeiraopreto.com.br\/index.php\/2023\/12\/09\/novo-grupo-tem-liberacao-do-saque-aniversario-do-fgts\/","url_meta":{"origin":79463,"position":1},"title":"Novo grupo tem libera\u00e7\u00e3o do Saque-Anivers\u00e1rio do FGTS","author":"noticiasribeiraopreto.com.br","date":"9 de December de 2023","format":false,"excerpt":"Cr\u00e9ditos: Ag\u00eancia Brasil\/Marcelo CamargoSaiba como sacar o FGTS A partir de dezembro, mais trabalhadores t\u00eam a oportunidade de aderir ao saque-anivers\u00e1rio do FGTS, uma modalidade que permite a retirada anual de parte dos valores do fundo. Criada em 2020, essa op\u00e7\u00e3o oferece aos trabalhadores formais a flexibilidade de acessar seus\u2026","rel":"","context":"In &quot;Variedades&quot;","block_context":{"text":"Variedades","link":"https:\/\/noticiasribeiraopreto.com.br\/index.php\/category\/variedades\/"},"img":{"alt_text":"","src":"https:\/\/i0.wp.com\/noticiasribeiraopreto.com.br\/wp-content\/uploads\/2023\/12\/grande-vitoria-fgts-vai-distribuir-r-12-bilhoes-para-trabalhadores.jpg?fit=1200%2C638&ssl=1&resize=350%2C200","width":350,"height":200,"srcset":"https:\/\/i0.wp.com\/noticiasribeiraopreto.com.br\/wp-content\/uploads\/2023\/12\/grande-vitoria-fgts-vai-distribuir-r-12-bilhoes-para-trabalhadores.jpg?fit=1200%2C638&ssl=1&resize=350%2C200 1x, https:\/\/i0.wp.com\/noticiasribeiraopreto.com.br\/wp-content\/uploads\/2023\/12\/grande-vitoria-fgts-vai-distribuir-r-12-bilhoes-para-trabalhadores.jpg?fit=1200%2C638&ssl=1&resize=525%2C300 1.5x, https:\/\/i0.wp.com\/noticiasribeiraopreto.com.br\/wp-content\/uploads\/2023\/12\/grande-vitoria-fgts-vai-distribuir-r-12-bilhoes-para-trabalhadores.jpg?fit=1200%2C638&ssl=1&resize=700%2C400 2x, https:\/\/i0.wp.com\/noticiasribeiraopreto.com.br\/wp-content\/uploads\/2023\/12\/grande-vitoria-fgts-vai-distribuir-r-12-bilhoes-para-trabalhadores.jpg?fit=1200%2C638&ssl=1&resize=1050%2C600 3x"},"classes":[]},{"id":20580,"url":"https:\/\/noticiasribeiraopreto.com.br\/index.php\/2023\/12\/26\/governo-ameaca-excluir-modalidade-de-saque-do-fgts-entenda\/","url_meta":{"origin":79463,"position":2},"title":"Governo amea\u00e7a excluir modalidade de saque do FGTS; Entenda!","author":"noticiasribeiraopreto.com.br","date":"26 de December de 2023","format":false,"excerpt":"Voc\u00ea sabia que o pr\u00f3ximo ano trar\u00e1 altera\u00e7\u00f5es significativas no Fundo de Garantia por Tempo de Servi\u00e7o (FGTS)? \u00c9 crucial que voc\u00ea, caso dependa do FGTS, compreenda as propostas previstas para 2024. Estamos aqui para desvendar essas mudan\u00e7as em potencial para voc\u00ea. Saldo no FGTS \u00c9 essencial ressaltar que tais\u2026","rel":"","context":"In &quot;Vagas de Emprego em Ribeir\u00e3o Preto-SP&quot;","block_context":{"text":"Vagas de Emprego em Ribeir\u00e3o Preto-SP","link":"https:\/\/noticiasribeiraopreto.com.br\/index.php\/category\/empregos-classificados-vagas-trabalho\/vagas-de-empregos-em-ribeirao-preto-regiao-brasil\/"},"img":{"alt_text":"","src":"","width":0,"height":0},"classes":[]},{"id":22975,"url":"https:\/\/noticiasribeiraopreto.com.br\/index.php\/2023\/12\/31\/fgts-2024-confira-as-mudancas-aprovadas-para-o-saque-aniversario\/","url_meta":{"origin":79463,"position":3},"title":"FGTS 2024: Confira as MUDAN\u00c7AS aprovadas para o Saque-Anivers\u00e1rio","author":"noticiasribeiraopreto.com.br","date":"31 de December de 2023","format":false,"excerpt":"Em 2024, o FGTS pode ganhar maior flexibilidade, especialmente para os que optaram pelo saque-anivers\u00e1rio. Uma importante proposta \u00e9 a possibilidade de saque integral em casos de demiss\u00e3o sem justa causa, semelhante ao saque por rescis\u00e3o. Atualmente, quem optou pelo saque-anivers\u00e1rio s\u00f3 pode retirar a multa rescis\u00f3ria de 40% em\u2026","rel":"","context":"In &quot;Vagas de Emprego em Ribeir\u00e3o Preto-SP&quot;","block_context":{"text":"Vagas de Emprego em Ribeir\u00e3o Preto-SP","link":"https:\/\/noticiasribeiraopreto.com.br\/index.php\/category\/empregos-classificados-vagas-trabalho\/vagas-de-empregos-em-ribeirao-preto-regiao-brasil\/"},"img":{"alt_text":"","src":"","width":0,"height":0},"classes":[]},{"id":22526,"url":"https:\/\/noticiasribeiraopreto.com.br\/index.php\/2023\/12\/30\/decisao-governamental-sobre-a-continuidade-do-saque-aniversario-do-fgts-em-2024-e-anunciada\/","url_meta":{"origin":79463,"position":4},"title":"Decis\u00e3o governamental sobre a continuidade do Saque-Anivers\u00e1rio do FGTS em 2024 \u00e9 anunciada","author":"noticiasribeiraopreto.com.br","date":"30 de December de 2023","format":false,"excerpt":"O ministro do Trabalho e Emprego, Luiz Marinho, expressou recentemente sua frustra\u00e7\u00e3o por n\u00e3o ter conseguido eliminar o saque-anivers\u00e1rio do FGTS em 2023. Sempre um cr\u00edtico contundente dessa modalidade de resgate, o chefe da pasta agora almeja avan\u00e7os significativos nessa quest\u00e3o at\u00e9 mar\u00e7o de 2024. Inclusive, vale ressaltar que, a\u2026","rel":"","context":"In &quot;Vagas de Emprego em Ribeir\u00e3o Preto-SP&quot;","block_context":{"text":"Vagas de Emprego em Ribeir\u00e3o Preto-SP","link":"https:\/\/noticiasribeiraopreto.com.br\/index.php\/category\/empregos-classificados-vagas-trabalho\/vagas-de-empregos-em-ribeirao-preto-regiao-brasil\/"},"img":{"alt_text":"","src":"https:\/\/i0.wp.com\/noticiasribeiraopreto.com.br\/wp-content\/uploads\/2023\/12\/noticiasconcursos.com_.br-decisao-governamental-sobre-a-continuidade-do-saque-aniversario-do-fgts-em-2024-e-anunciada-saque-aniversario.jpg?fit=781%2C456&ssl=1&resize=350%2C200","width":350,"height":200,"srcset":"https:\/\/i0.wp.com\/noticiasribeiraopreto.com.br\/wp-content\/uploads\/2023\/12\/noticiasconcursos.com_.br-decisao-governamental-sobre-a-continuidade-do-saque-aniversario-do-fgts-em-2024-e-anunciada-saque-aniversario.jpg?fit=781%2C456&ssl=1&resize=350%2C200 1x, https:\/\/i0.wp.com\/noticiasribeiraopreto.com.br\/wp-content\/uploads\/2023\/12\/noticiasconcursos.com_.br-decisao-governamental-sobre-a-continuidade-do-saque-aniversario-do-fgts-em-2024-e-anunciada-saque-aniversario.jpg?fit=781%2C456&ssl=1&resize=525%2C300 1.5x, https:\/\/i0.wp.com\/noticiasribeiraopreto.com.br\/wp-content\/uploads\/2023\/12\/noticiasconcursos.com_.br-decisao-governamental-sobre-a-continuidade-do-saque-aniversario-do-fgts-em-2024-e-anunciada-saque-aniversario.jpg?fit=781%2C456&ssl=1&resize=700%2C400 2x"},"classes":[]},{"id":12259,"url":"https:\/\/noticiasribeiraopreto.com.br\/index.php\/2023\/12\/07\/veja-como-antecipar-o-saque-aniversario-do-fgts\/","url_meta":{"origin":79463,"position":5},"title":"Veja como antecipar o saque-anivers\u00e1rio do FGTS","author":"noticiasribeiraopreto.com.br","date":"7 de December de 2023","format":false,"excerpt":"Os clientes do banco Ita\u00fa agora desfrutam da comodidade de resgatar antecipadamente o saque-anivers\u00e1rio do Fundo de Garantia do Tempo de Servi\u00e7o (FGTS) diretamente do conforto de suas casas. Essa facilidade foi estendida inclusive aos n\u00e3o correntistas do banco, gra\u00e7as \u00e0 disponibiliza\u00e7\u00e3o do servi\u00e7o atrav\u00e9s do WhatsApp. Agora, \u00e9 poss\u00edvel\u2026","rel":"","context":"In &quot;Vagas de Emprego em Ribeir\u00e3o Preto-SP&quot;","block_context":{"text":"Vagas de Emprego em Ribeir\u00e3o Preto-SP","link":"https:\/\/noticiasribeiraopreto.com.br\/index.php\/category\/empregos-classificados-vagas-trabalho\/vagas-de-empregos-em-ribeirao-preto-regiao-brasil\/"},"img":{"alt_text":"Ita\u00fa no WhatsApp: Veja como antecipar o saque-anivers\u00e1rio do FGTS","src":"https:\/\/i0.wp.com\/noticiasconcursos.com.br\/wp-content\/uploads\/2023\/11\/noticiasconcursos.com.br-oportunidade-imperdivel-itau-revela-grande-premio-de-r-500-mil-para-seus-clientes-itau-300x165.jpg?resize=350%2C200&ssl=1","width":350,"height":200},"classes":[]}],"jetpack_sharing_enabled":true,"jetpack_shortlink":"https:\/\/wp.me\/peQAOb-kFF","_links":{"self":[{"href":"https:\/\/noticiasribeiraopreto.com.br\/index.php\/wp-json\/wp\/v2\/posts\/79463","targetHints":{"allow":["GET"]}}],"collection":[{"href":"https:\/\/noticiasribeiraopreto.com.br\/index.php\/wp-json\/wp\/v2\/posts"}],"about":[{"href":"https:\/\/noticiasribeiraopreto.com.br\/index.php\/wp-json\/wp\/v2\/types\/post"}],"author":[{"embeddable":true,"href":"https:\/\/noticiasribeiraopreto.com.br\/index.php\/wp-json\/wp\/v2\/users\/1"}],"replies":[{"embeddable":true,"href":"https:\/\/noticiasribeiraopreto.com.br\/index.php\/wp-json\/wp\/v2\/comments?post=79463"}],"version-history":[{"count":0,"href":"https:\/\/noticiasribeiraopreto.com.br\/index.php\/wp-json\/wp\/v2\/posts\/79463\/revisions"}],"wp:featuredmedia":[{"embeddable":true,"href":"https:\/\/noticiasribeiraopreto.com.br\/index.php\/wp-json\/wp\/v2\/media\/79464"}],"wp:attachment":[{"href":"https:\/\/noticiasribeiraopreto.com.br\/index.php\/wp-json\/wp\/v2\/media?parent=79463"}],"wp:term":[{"taxonomy":"category","embeddable":true,"href":"https:\/\/noticiasribeiraopreto.com.br\/index.php\/wp-json\/wp\/v2\/categories?post=79463"},{"taxonomy":"post_tag","embeddable":true,"href":"https:\/\/noticiasribeiraopreto.com.br\/index.php\/wp-json\/wp\/v2\/tags?post=79463"}],"curies":[{"name":"wp","href":"https:\/\/api.w.org\/{rel}","templated":true}]}}