{"id":79465,"date":"2025-11-02T06:15:15","date_gmt":"2025-11-02T09:15:15","guid":{"rendered":"https:\/\/noticiasribeiraopreto.com.br\/index.php\/2025\/11\/02\/contradicoes-deserticas\/"},"modified":"2025-11-02T06:15:15","modified_gmt":"2025-11-02T09:15:15","slug":"contradicoes-deserticas","status":"publish","type":"post","link":"https:\/\/noticiasribeiraopreto.com.br\/index.php\/2025\/11\/02\/contradicoes-deserticas\/","title":{"rendered":"Contradi\u00e7\u00f5es Des\u00e9rticas"},"content":{"rendered":"<div class='code-block code-block-1' style='margin: 8px 0 8px auto; text-align: right; display: block; clear: both;'>\n<p><a href=\"https:\/\/wa.link\/vpicfd\"><img data-recalc-dims=\"1\" class=\"wp-image-4922\" style=\"aspect-ratio: 2.0253164556962027; width: 561px; height: auto;\" src=\"https:\/\/i0.wp.com\/ismaelcolosi.com.br\/wp-content\/uploads\/2023\/11\/grupo-de-empregos-whatsapp-e-facebook-ismael-colosi-vagas.jpg?ssl=1\" alt=\"\" \/><\/a><\/p>\n<!-- \/wp:image -->\n<\/div>\n<p> <br \/>\n<\/p>\n<p>Por<strong> Fabiana Guerrelhas<\/strong><\/p>\n<p>Depois de alguns dias em uma viagem em fam\u00edlia pelo <strong>Atacama<\/strong>, no<strong> Chile<\/strong>, considerei que o deserto \u00e9 como algumas pessoas: extremo e contradit\u00f3rio.<\/p>\n<p>Lagoas salgadas com gente doce. Clima seco, pouca \u00e1gua e humor alegre. Povoados andinos origin\u00e1rios, anteriores \u00e0 coloniza\u00e7\u00e3o, com <strong>Wi-Fi <\/strong>impec\u00e1vel.<\/p>\n<p>Um lugar onde se passa calor em alta altitude, avistando a neve. O solo \u00e9 pobre, mas esbanja energia solar suficiente para manter aceso todo o universo.<\/p>\n<p>No deserto, exploram-se min\u00e9rios e turistas \u2014 um lugar onde pouco \u00e9 muito, onde os o\u00e1sis s\u00e3o cidades em que reinam a fauna e a flora, e as cidades s\u00e3o o\u00e1sis de recursos e conforto. Mas conforto \u00e9 t\u00e3o relativo quanto uma moeda de um real valer cento e oitenta pesos chilenos.<\/p>\n<p>No dia em que fomos conhecer os g\u00eaiseres (fontes de \u00e1gua termal aquecidas pelo magma de um vulc\u00e3o), tivemos que acordar \u00e0s quatro e meia da manh\u00e3.<\/p>\n<p>Por\u00e9m, na verdade, eu nem dormi \u2014 estava com medo de passar mal. E passei mesmo: ao chegar a mais de quatro mil metros de altitude, com dez graus negativos, tive dor de cabe\u00e7a, tontura, enjoo; meu nariz sangrou e senti muito frio.<\/p>\n<p>Mas, ao mesmo tempo, ver as \u00e1guas saltitantes, a oitenta e cinco graus Celsius, brotando da terra, me deixou extremamente feliz.<\/p>\n<p>Em outro passeio, entrar em uma lagoa altipl\u00e2nica gelada \u2014 com duzentos e cinquenta gramas de sal por litro d\u2019\u00e1gua \u2014 fez minha pele arder e ressecar, mas foi uma grande alegria. Ser feliz n\u00e3o tem mesmo nada a ver com aus\u00eancia de sofrimento.<\/p>\n<p>A inseguran\u00e7a de estar em um pa\u00eds estrangeiro pode ser c\u00f4mica. Na cl\u00e1ssica lojinha de souvenirs, a atendente me deu uma bronca porque eu baguncei a pilha de tapetes.<\/p>\n<p>Eu, desconcertada, disse: \u201cI\u2019m sorry, perd\u00f3n, disculpa\u201d, com a l\u00edngua demorando no c\u00e9u da boca \u2014 porque o portunhol \u00e9 o melhor e mais honesto idioma que existe. Basta falar portugu\u00eas usando unas palabritas conocidas, inventar otras, trocar o \u201cjota\u201d pelo \u201cerre\u201d, colocar um sotaque e pronto: est\u00e1 tudo cierto.<\/p>\n<p>Ficar v\u00e1rios dias, vinte e quatro horas, com as mesmas pessoas \u00e9 um desafio \u00e0 parte \u2014 mesmo entre os \u00edntimos. Descobrimos coisas que n\u00e3o sab\u00edamos, e alguns defeitos conhecidos se tornam insuport\u00e1veis. Aquilo que mais te incomoda em algu\u00e9m certamente vai aparecer em d\u00e9cima pot\u00eancia.<\/p>\n<p>Ainda que aquelas pessoas sejam, de longe, as melhores companhias de viagem, nossa reserva de paci\u00eancia e toler\u00e2ncia inevitavelmente se esgota \u2014 \u00e0s vezes antes mesmo da primeira decolagem. E isso \u00e9 t\u00e3o previs\u00edvel quanto o clima do deserto.<\/p>\n<p>Eis a\u00ed mais uma beleza da contradi\u00e7\u00e3o \u2014 e mais uma prova de que a felicidade n\u00e3o mora no bem-estar, mas no que \u00e9 interessante e surpreendente.<\/p>\n<\/p>\n<p>O post Contradi\u00e7\u00f5es Des\u00e9rticas apareceu primeiro em ACidade ON Ribeir\u00e3o Preto.<\/p>\n<p><br \/>\n<br \/><a href=\"https:\/\/www.acidadeon.com\/ribeiraopreto\/cotidiano\/colunistas-ribeirao-preto\/contradicoes-deserticas\/\">Source link <\/a><\/p>\n<!-- CONTENT END 1 -->\n","protected":false},"excerpt":{"rendered":"<p>Por Fabiana Guerrelhas Depois de alguns dias em uma viagem em fam\u00edlia pelo Atacama, no Chile, considerei que o deserto \u00e9 como algumas pessoas: extremo&#8230;<\/p>\n","protected":false},"author":1,"featured_media":75499,"comment_status":"open","ping_status":"open","sticky":false,"template":"","format":"standard","meta":{"advanced_seo_description":"","jetpack_seo_html_title":"","jetpack_seo_noindex":false,"jetpack_post_was_ever_published":false,"_jetpack_newsletter_access":"","_jetpack_dont_email_post_to_subs":false,"_jetpack_newsletter_tier_id":0,"_jetpack_memberships_contains_paywalled_content":false,"_jetpack_memberships_contains_paid_content":false,"footnotes":"","jetpack_publicize_message":"","jetpack_publicize_feature_enabled":true,"jetpack_social_post_already_shared":true,"jetpack_social_options":{"image_generator_settings":{"template":"highway","default_image_id":0,"font":"","enabled":false},"version":2}},"categories":[11],"tags":[],"class_list":["post-79465","post","type-post","status-publish","format-standard","has-post-thumbnail","hentry","category-noticias-de-ribeirao-preto-sp-e-regiao-ismael-colosi"],"jetpack_publicize_connections":[],"jetpack_featured_media_url":"https:\/\/i0.wp.com\/noticiasribeiraopreto.com.br\/wp-content\/uploads\/2025\/08\/Fabiana-Guerrelhas_2025-04-18_23-10-16.webp.webp?fit=1200%2C1074&ssl=1","jetpack-related-posts":[{"id":14518,"url":"https:\/\/noticiasribeiraopreto.com.br\/index.php\/2023\/12\/12\/5-praias-tranquilas-com-aguas-mornas-o-ano-inteiro-no-brasil\/","url_meta":{"origin":79465,"position":0},"title":"5 praias tranquilas com \u00e1guas mornas o ano inteiro no Brasil","author":"noticiasribeiraopreto.com.br","date":"12 de December de 2023","format":false,"excerpt":"O Brasil, com sua extensa costa repleta de praias deslumbrantes, \u00e9 um verdadeiro para\u00edso para quem ama areia, sol e mar. Entre as muitas maravilhas costeiras do pa\u00eds, existem algumas joias escondidas \u2013praias intocadas que permanecem mornas em qualquer \u00e9poca do ano. Cr\u00e9ditos: Lu\u00edsa Dalcin\/ViajalaA Praia dos Carneiros \u00e9 um\u2026","rel":"","context":"In &quot;Variedades&quot;","block_context":{"text":"Variedades","link":"https:\/\/noticiasribeiraopreto.com.br\/index.php\/category\/variedades\/"},"img":{"alt_text":"","src":"https:\/\/i0.wp.com\/noticiasribeiraopreto.com.br\/wp-content\/uploads\/2023\/12\/barra-de-camaratuba-paraiba-6.jpg?fit=1200%2C638&ssl=1&resize=350%2C200","width":350,"height":200,"srcset":"https:\/\/i0.wp.com\/noticiasribeiraopreto.com.br\/wp-content\/uploads\/2023\/12\/barra-de-camaratuba-paraiba-6.jpg?fit=1200%2C638&ssl=1&resize=350%2C200 1x, https:\/\/i0.wp.com\/noticiasribeiraopreto.com.br\/wp-content\/uploads\/2023\/12\/barra-de-camaratuba-paraiba-6.jpg?fit=1200%2C638&ssl=1&resize=525%2C300 1.5x, https:\/\/i0.wp.com\/noticiasribeiraopreto.com.br\/wp-content\/uploads\/2023\/12\/barra-de-camaratuba-paraiba-6.jpg?fit=1200%2C638&ssl=1&resize=700%2C400 2x, https:\/\/i0.wp.com\/noticiasribeiraopreto.com.br\/wp-content\/uploads\/2023\/12\/barra-de-camaratuba-paraiba-6.jpg?fit=1200%2C638&ssl=1&resize=1050%2C600 3x"},"classes":[]},{"id":31309,"url":"https:\/\/noticiasribeiraopreto.com.br\/index.php\/2024\/01\/21\/top-10-maiores-paises-do-mundo-em-territorio\/","url_meta":{"origin":79465,"position":1},"title":"Top 10 maiores pa\u00edses do mundo em territ\u00f3rio","author":"noticiasribeiraopreto.com.br","date":"21 de January de 2024","format":false,"excerpt":"Voc\u00ea sabia que o tamanho de um pa\u00eds pode influenciar em v\u00e1rios aspectos, como cultura, economia e at\u00e9 mesmo na geopol\u00edtica mundial? Neste artigo, vamos explorar os 10 maiores pa\u00edses do mundo por territ\u00f3rio, e eu prometo, vai ser uma viagem interessante! Ent\u00e3o, prepara-se para embarcar nessa jornada incr\u00edvel e\u2026","rel":"","context":"In &quot;Blog&quot;","block_context":{"text":"Blog","link":"https:\/\/noticiasribeiraopreto.com.br\/index.php\/category\/blog\/"},"img":{"alt_text":"","src":"https:\/\/i0.wp.com\/noticiasribeiraopreto.com.br\/wp-content\/uploads\/2024\/01\/Maiores-paises-do-mundo.jpg?fit=1200%2C601&ssl=1&resize=350%2C200","width":350,"height":200,"srcset":"https:\/\/i0.wp.com\/noticiasribeiraopreto.com.br\/wp-content\/uploads\/2024\/01\/Maiores-paises-do-mundo.jpg?fit=1200%2C601&ssl=1&resize=350%2C200 1x, https:\/\/i0.wp.com\/noticiasribeiraopreto.com.br\/wp-content\/uploads\/2024\/01\/Maiores-paises-do-mundo.jpg?fit=1200%2C601&ssl=1&resize=525%2C300 1.5x, https:\/\/i0.wp.com\/noticiasribeiraopreto.com.br\/wp-content\/uploads\/2024\/01\/Maiores-paises-do-mundo.jpg?fit=1200%2C601&ssl=1&resize=700%2C400 2x, https:\/\/i0.wp.com\/noticiasribeiraopreto.com.br\/wp-content\/uploads\/2024\/01\/Maiores-paises-do-mundo.jpg?fit=1200%2C601&ssl=1&resize=1050%2C600 3x"},"classes":[]},{"id":54024,"url":"https:\/\/noticiasribeiraopreto.com.br\/index.php\/2024\/06\/27\/to-de-graca-e-um-lugar-silencioso-entram-em-cartaz-nos-cinemas-nesta-quinta-feira-confira\/","url_meta":{"origin":79465,"position":2},"title":"\u2018T\u00f4 De Gra\u00e7a\u2019 e \u2018Um Lugar Silencioso\u2019 entram em cartaz nos cinemas nesta quinta-feira; Confira","author":"noticiasribeiraopreto.com.br","date":"27 de June de 2024","format":false,"excerpt":"Nesta quinta-feira (27), os cinemas de Ribeir\u00e3o Preto recebem filmes nacionais e internacionais. Entre os longas que entram em cartaz, os destaques s\u00e3o: \u201cT\u00f4 De Gra\u00e7a \u2013 O Filme\u201d e \u201cUm Lugar Silencioso: Dia Um\u201d. Ribeir\u00e3o Preto conta com quatro cinemas, o UCI localizado no Ribeir\u00e3o Shopping, o Cinep\u00f3lis nos\u2026","rel":"","context":"In &quot;Not\u00edcias de Ribeir\u00e3o Preto-SP e Regi\u00e3o&quot;","block_context":{"text":"Not\u00edcias de Ribeir\u00e3o Preto-SP e Regi\u00e3o","link":"https:\/\/noticiasribeiraopreto.com.br\/index.php\/category\/noticias-de-ribeirao-preto-sp-e-regiao-ismael-colosi\/"},"img":{"alt_text":"","src":"https:\/\/i0.wp.com\/noticiasribeiraopreto.com.br\/wp-content\/uploads\/2024\/06\/Capturar_2024-06-27_12-20-49_jpg_2024-06-27_12-20-49.webp.webp?fit=768%2C417&ssl=1&resize=350%2C200","width":350,"height":200,"srcset":"https:\/\/i0.wp.com\/noticiasribeiraopreto.com.br\/wp-content\/uploads\/2024\/06\/Capturar_2024-06-27_12-20-49_jpg_2024-06-27_12-20-49.webp.webp?fit=768%2C417&ssl=1&resize=350%2C200 1x, https:\/\/i0.wp.com\/noticiasribeiraopreto.com.br\/wp-content\/uploads\/2024\/06\/Capturar_2024-06-27_12-20-49_jpg_2024-06-27_12-20-49.webp.webp?fit=768%2C417&ssl=1&resize=525%2C300 1.5x, https:\/\/i0.wp.com\/noticiasribeiraopreto.com.br\/wp-content\/uploads\/2024\/06\/Capturar_2024-06-27_12-20-49_jpg_2024-06-27_12-20-49.webp.webp?fit=768%2C417&ssl=1&resize=700%2C400 2x"},"classes":[]},{"id":33281,"url":"https:\/\/noticiasribeiraopreto.com.br\/index.php\/2024\/01\/28\/caconde-a-cidade-da-aventura\/","url_meta":{"origin":79465,"position":3},"title":"Caconde, a cidade da aventura\u00a0","author":"noticiasribeiraopreto.com.br","date":"28 de January de 2024","format":false,"excerpt":"Mais uma cidade da s\u00e9rie de passeios dentro do Estado de S\u00e3o Paulo, hoje trazemos a bela e pequena Caconde. Localizada a 170 km de Ribeir\u00e3o Preto, o munic\u00edpio est\u00e1 situado a 860 metros de altitude, na Serra da Mantiqueira e integra o Circuito Caf\u00e9 com Leite. Com um cen\u00e1rio\u2026","rel":"","context":"In &quot;Not\u00edcias de Ribeir\u00e3o Preto-SP e Regi\u00e3o&quot;","block_context":{"text":"Not\u00edcias de Ribeir\u00e3o Preto-SP e Regi\u00e3o","link":"https:\/\/noticiasribeiraopreto.com.br\/index.php\/category\/noticias-de-ribeirao-preto-sp-e-regiao-ismael-colosi\/"},"img":{"alt_text":"","src":"https:\/\/i0.wp.com\/noticiasribeiraopreto.com.br\/wp-content\/uploads\/2024\/01\/1-caconde-scaled.jpg?fit=980%2C645&ssl=1&resize=350%2C200","width":350,"height":200,"srcset":"https:\/\/i0.wp.com\/noticiasribeiraopreto.com.br\/wp-content\/uploads\/2024\/01\/1-caconde-scaled.jpg?fit=980%2C645&ssl=1&resize=350%2C200 1x, https:\/\/i0.wp.com\/noticiasribeiraopreto.com.br\/wp-content\/uploads\/2024\/01\/1-caconde-scaled.jpg?fit=980%2C645&ssl=1&resize=525%2C300 1.5x, https:\/\/i0.wp.com\/noticiasribeiraopreto.com.br\/wp-content\/uploads\/2024\/01\/1-caconde-scaled.jpg?fit=980%2C645&ssl=1&resize=700%2C400 2x"},"classes":[]},{"id":72777,"url":"https:\/\/noticiasribeiraopreto.com.br\/index.php\/2025\/06\/20\/jornal-da-franca-conheca-uma-proposta-de-moradia-sustentavel-em-meio-a-serra-da-canastra\/","url_meta":{"origin":79465,"position":4},"title":"Jornal da Franca &#8211; Conhe\u00e7a uma proposta de moradia sustent\u00e1vel em meio \u00e0 Serra da Canastra","author":"noticiasribeiraopreto.com.br","date":"20 de June de 2025","format":false,"excerpt":"compartilhar no whatsapp compartilhar no telegram compartilhar no facebook compartilhar no linkedin Com conceito inovador, empreendimento une conforto, tecnologia e respeito ao meio ambiente, e \u00e9 assinado pela Alma Urban, bra\u00e7o do Alma Group voltado a projetos carbono zero Canastra Eko Resort faz parte de uma linha de projetos desenvolvidos\u2026","rel":"","context":"In &quot;Not\u00edcias de Franca-SP&quot;","block_context":{"text":"Not\u00edcias de Franca-SP","link":"https:\/\/noticiasribeiraopreto.com.br\/index.php\/category\/noticias-de-ribeirao-preto-sp-e-regiao-ismael-colosi\/noticias-franca-sp\/"},"img":{"alt_text":"","src":"https:\/\/i0.wp.com\/noticiasribeiraopreto.com.br\/wp-content\/uploads\/2025\/06\/canastra-eko-resort.jpg?fit=1200%2C675&ssl=1&resize=350%2C200","width":350,"height":200,"srcset":"https:\/\/i0.wp.com\/noticiasribeiraopreto.com.br\/wp-content\/uploads\/2025\/06\/canastra-eko-resort.jpg?fit=1200%2C675&ssl=1&resize=350%2C200 1x, https:\/\/i0.wp.com\/noticiasribeiraopreto.com.br\/wp-content\/uploads\/2025\/06\/canastra-eko-resort.jpg?fit=1200%2C675&ssl=1&resize=525%2C300 1.5x, https:\/\/i0.wp.com\/noticiasribeiraopreto.com.br\/wp-content\/uploads\/2025\/06\/canastra-eko-resort.jpg?fit=1200%2C675&ssl=1&resize=700%2C400 2x, https:\/\/i0.wp.com\/noticiasribeiraopreto.com.br\/wp-content\/uploads\/2025\/06\/canastra-eko-resort.jpg?fit=1200%2C675&ssl=1&resize=1050%2C600 3x"},"classes":[]},{"id":71968,"url":"https:\/\/noticiasribeiraopreto.com.br\/index.php\/2025\/06\/11\/jornal-da-franca-dia-dos-namorados-em-franca-descubra-lugares-romanticos-para-levar-a-pessoa-amada\/","url_meta":{"origin":79465,"position":5},"title":"Jornal da Franca &#8211; Dia dos Namorados em Franca: descubra lugares rom\u00e2nticos para levar a pessoa amada","author":"noticiasribeiraopreto.com.br","date":"11 de June de 2025","format":false,"excerpt":"compartilhar no whatsapp compartilhar no telegram compartilhar no facebook compartilhar no linkedin Franca possui lugares acolhedores e charmosos, ideais para quem deseja transformar o Dia dos Namorados em uma experi\u00eancia especial O Dia dos Namorados, comemorado em 12 de junho, \u00e9 a ocasi\u00e3o perfeita para os casais celebrarem o amor\u2026","rel":"","context":"In &quot;Not\u00edcias de Franca-SP&quot;","block_context":{"text":"Not\u00edcias de Franca-SP","link":"https:\/\/noticiasribeiraopreto.com.br\/index.php\/category\/noticias-de-ribeirao-preto-sp-e-regiao-ismael-colosi\/noticias-franca-sp\/"},"img":{"alt_text":"","src":"https:\/\/i0.wp.com\/noticiasribeiraopreto.com.br\/wp-content\/uploads\/2025\/06\/essa-12.jpg?fit=1200%2C798&ssl=1&resize=350%2C200","width":350,"height":200,"srcset":"https:\/\/i0.wp.com\/noticiasribeiraopreto.com.br\/wp-content\/uploads\/2025\/06\/essa-12.jpg?fit=1200%2C798&ssl=1&resize=350%2C200 1x, https:\/\/i0.wp.com\/noticiasribeiraopreto.com.br\/wp-content\/uploads\/2025\/06\/essa-12.jpg?fit=1200%2C798&ssl=1&resize=525%2C300 1.5x, https:\/\/i0.wp.com\/noticiasribeiraopreto.com.br\/wp-content\/uploads\/2025\/06\/essa-12.jpg?fit=1200%2C798&ssl=1&resize=700%2C400 2x, https:\/\/i0.wp.com\/noticiasribeiraopreto.com.br\/wp-content\/uploads\/2025\/06\/essa-12.jpg?fit=1200%2C798&ssl=1&resize=1050%2C600 3x"},"classes":[]}],"jetpack_sharing_enabled":true,"jetpack_shortlink":"https:\/\/wp.me\/peQAOb-kFH","_links":{"self":[{"href":"https:\/\/noticiasribeiraopreto.com.br\/index.php\/wp-json\/wp\/v2\/posts\/79465","targetHints":{"allow":["GET"]}}],"collection":[{"href":"https:\/\/noticiasribeiraopreto.com.br\/index.php\/wp-json\/wp\/v2\/posts"}],"about":[{"href":"https:\/\/noticiasribeiraopreto.com.br\/index.php\/wp-json\/wp\/v2\/types\/post"}],"author":[{"embeddable":true,"href":"https:\/\/noticiasribeiraopreto.com.br\/index.php\/wp-json\/wp\/v2\/users\/1"}],"replies":[{"embeddable":true,"href":"https:\/\/noticiasribeiraopreto.com.br\/index.php\/wp-json\/wp\/v2\/comments?post=79465"}],"version-history":[{"count":0,"href":"https:\/\/noticiasribeiraopreto.com.br\/index.php\/wp-json\/wp\/v2\/posts\/79465\/revisions"}],"wp:featuredmedia":[{"embeddable":true,"href":"https:\/\/noticiasribeiraopreto.com.br\/index.php\/wp-json\/wp\/v2\/media\/75499"}],"wp:attachment":[{"href":"https:\/\/noticiasribeiraopreto.com.br\/index.php\/wp-json\/wp\/v2\/media?parent=79465"}],"wp:term":[{"taxonomy":"category","embeddable":true,"href":"https:\/\/noticiasribeiraopreto.com.br\/index.php\/wp-json\/wp\/v2\/categories?post=79465"},{"taxonomy":"post_tag","embeddable":true,"href":"https:\/\/noticiasribeiraopreto.com.br\/index.php\/wp-json\/wp\/v2\/tags?post=79465"}],"curies":[{"name":"wp","href":"https:\/\/api.w.org\/{rel}","templated":true}]}}