{"id":79466,"date":"2025-11-02T09:02:52","date_gmt":"2025-11-02T12:02:52","guid":{"rendered":"https:\/\/noticiasribeiraopreto.com.br\/index.php\/2025\/11\/02\/mercado-de-trabalho-e-fechado-para-pcds-em-ribeirao\/"},"modified":"2025-11-02T09:02:52","modified_gmt":"2025-11-02T12:02:52","slug":"mercado-de-trabalho-e-fechado-para-pcds-em-ribeirao","status":"publish","type":"post","link":"https:\/\/noticiasribeiraopreto.com.br\/index.php\/2025\/11\/02\/mercado-de-trabalho-e-fechado-para-pcds-em-ribeirao\/","title":{"rendered":"Mercado de trabalho \u00e9 \u2018fechado\u2019 para PcDs em Ribeir\u00e3o"},"content":{"rendered":"<p> <br \/>\n<\/p>\n<div>\n<p>Levantamento do Observat\u00f3rio dos Direitos da Pessoa com Defici\u00eancia, plataforma criada pela Secretaria de Estado dos Direitos da Pessoa com Defici\u00eancia, em parceria com a Funda\u00e7\u00e3o Seade, revela que Ribeir\u00e3o Preto empregou entre 2020 e julho de 2025, 3.312 pessoas com algum tipo de defici\u00eancia. No mesmo per\u00edodo foram demitidas 3.262 pessoas. At\u00e9 o final de julho deste ano foram feitas 529 admiss\u00f5es e 480 demiss\u00f5es.<\/p>\n<p>O n\u00famero de deficientes empregados neste per\u00edodo representa apenas 8% do total de pessoas com defici\u00eancias existentes na cidade. Dados da coordenadoria de Aten\u00e7\u00e3o \u00e0 Sa\u00fade das Pessoas com Defici\u00eancia de Ribeir\u00e3o Preto, ligada a Secretaria Municipal de Sa\u00fade revelam que atualmente Ribeir\u00e3o Preto tem 40.521 pessoas com alguma defici\u00eancia. (Ver total por tipo de defici\u00eancia nesta p\u00e1gina).<\/p>\n<p>Um dos objetivos do Observat\u00f3rio dos Direitos da Pessoa com Defici\u00eancia \u00e9 ser um instrumento de pol\u00edticas p\u00fablicas e um ponto de partida para a constru\u00e7\u00e3o de novas a\u00e7\u00f5es inclusivas, para este p\u00fablico nos 645 munic\u00edpios do Estado de S\u00e3o Paulo. Para tanto, disponibiliza dados organizados e integrados sobre as pessoas com defici\u00eancia transformando-os em informa\u00e7\u00f5es \u00fateis para a tomada de decis\u00f5es pelos governantes.<\/p>\n<p>O Observat\u00f3rio tamb\u00e9m tem como objetivo ser fonte de estudos para os pesquisadores e profissionais interessados na causa, al\u00e9m de ser um instrumento de monitoramento do progresso das pol\u00edticas relacionadas \u00e0 defici\u00eancia e \u00e0 implementa\u00e7\u00e3o da Conven\u00e7\u00e3o Internacional dos Direitos da Pessoa com Defici\u00eancia.<\/p>\n<h2><strong>Programa tenta a inclus\u00e3o<\/strong><\/h2>\n<p>Para tentar alterar esta realidade, o programa\u00a0\u201cMeu Emprego Inclusivo\u201d, das Secretarias dos Direitos da Pessoa com Defici\u00eancia e de Desenvolvimento Econ\u00f4mico do Estado de S\u00e3o Paulo, trabalha para promover a inclus\u00e3o, perman\u00eancia e desenvolvimento profissional de pessoas com defici\u00eancia no mercado de trabalho. Tamb\u00e9m atua para apoiar empresas na busca por destes profissionais.<\/p>\n<p>A atua\u00e7\u00e3o do programa \u00e9 feita pelos Polos de Empregabilidade Inclusivos (PEI)\u00a0existentes nas grandes cidades do estado. Em\u00a0Ribeir\u00e3o Preto\u00a0o PEI \u00e9 executado pela\u00a0Associa\u00e7\u00e3o S\u00edndrome de Down de Ribeir\u00e3o Preto\u00a0(Ribdown) e atua no\u00a0desenvolvimento da autonomia e emancipa\u00e7\u00e3o social\u00a0de pessoas com\u00a0defici\u00eancia intelectual e s\u00edndrome de down\u00a0h\u00e1 mais de 20 anos.<\/p>\n<p>De mar\u00e7o de 2022 at\u00e9 o momento, em Ribeir\u00e3o Preto e na Regi\u00e3o Metropolitana, foram atendidos cerca de\u00a0800 profissionais e realizada a inser\u00e7\u00e3o de\u00a0181 no mercado de trabalho. O endere\u00e7o eletr\u00f4nico para informa\u00e7\u00f5es sobre o programa \u00e9 <a href=\"http:\/\/www.ribdown.org.br\">www.ribdown.org.br<\/a><\/p>\n<p>Segundo os respons\u00e1veis pelo Programa ainda existem muitas barreiras que dificultam\u00a0n\u00e3o s\u00f3 a inser\u00e7\u00e3o, mas a perman\u00eancia destes profissionais nos postos de trabalho. Entre elas, o\u00a0desconhecimento\u00a0de equipes e gestores\u00a0sobre defici\u00eancia e a\u00a0vis\u00e3o cultural de assistencialismo ou de incapacidade dos trabalhadores com defici\u00eancia.<\/p>\n<p>\u00a0<\/p>\n<p><strong>Total de Pessoas com defici\u00eancia em RP<\/strong><\/p>\n<p>Visual \u2013 20.959<\/p>\n<p>Auditiva \u2013 7.685<\/p>\n<p>F\u00edsica \u2013 25.151<\/p>\n<p>Intelectual \u2013 7.685<\/p>\n<p>TEA \u2013 9.082<\/p>\n<p>Total \u2013 40.521<\/p>\n<p><strong>Fonte:<\/strong>\u00a0Coordenadoria de Sa\u00fade da Pessoa com Defici\u00eancia de RP<\/p>\n<p>\u00a0<\/p>\n<p><strong>PCD\u2019s empregados em Ribeir\u00e3o Preto<\/strong><\/p>\n<p><strong>2020<\/strong><\/p>\n<p>Admiss\u00f5es \u2013 364<\/p>\n<p>Demiss\u00f5es \u2013 407<\/p>\n<p><strong>2021<\/strong><\/p>\n<p>Admiss\u00f5es \u2013 413<\/p>\n<p>Demiss\u00f5es \u2013 507<\/p>\n<p><strong>2022<\/strong><\/p>\n<p>Admiss\u00f5es \u2013 601<\/p>\n<p>Demiss\u00f5es \u2013 552<\/p>\n<p><strong>2023<\/strong><\/p>\n<p>Admiss\u00f5es \u2013 717<\/p>\n<p>Demiss\u00f5es \u2013 617<\/p>\n<p><strong>2024<\/strong><\/p>\n<p>Admiss\u00f5es \u2013 688<\/p>\n<p>Demiss\u00f5es \u2013 699<\/p>\n<p><strong>2025 \u2013 At\u00e9 julho<\/strong><\/p>\n<p>Admiss\u00f5es \u2013 529<\/p>\n<p>Demiss\u00f5es \u2013 480<\/p>\n<p><strong>De 2020 a 2025<\/strong><\/p>\n<p>Admiss\u00f5es \u2013 3.312<\/p>\n<p>Demiss\u00f5es \u2013 3.262<\/p>\n<p><em><strong>Fonte:<\/strong>\u00a0Observat\u00f3rio dos Direitos da Pessoa com Defici\u00eancia<\/em><\/p>\n<p>\u00a0<\/p>\n<h3><strong>Conseguir emprego \u00e9 um grande desafio, revela pesquisa<\/strong><\/h3>\n<p>Pesquisa realizada pela Catho, uma grande plataforma de empregos do pa\u00eds, com 1.863 pessoas, revelou que os desafios para a inclus\u00e3o no mercado de trabalho de quem tem alguma defici\u00eancia, ainda s\u00e3o significativos. O levantamento mostrou que 57% dos entrevistados est\u00e3o desempregados, sendo que metade deles busca recoloca\u00e7\u00e3o de forma ativa. Apesar da exist\u00eancia da Lei de Cotas, que obriga empresas com mais de 100 funcion\u00e1rios a contratarem PcDs, 45% nunca tiveram experi\u00eancia profissional amparada pela lei.<\/p>\n<figure id=\"attachment_444977\" aria-describedby=\"caption-attachment-444977\" style=\"width: 329px\" class=\"wp-caption alignleft\"><img data-recalc-dims=\"1\" loading=\"lazy\" decoding=\"async\" class=\"wp-image-444977 lazyload\" src=\"https:\/\/i0.wp.com\/www.tribunaribeirao.com.br\/wp-content\/uploads\/2025\/11\/pcd-2-300x188.jpg?resize=329%2C206&#038;ssl=1\" alt=\"\" width=\"329\" height=\"206\" srcset=\"https:\/\/www.tribunaribeirao.com.br\/wp-content\/uploads\/2025\/11\/pcd-2-300x188.jpg 300w, https:\/\/www.tribunaribeirao.com.br\/wp-content\/uploads\/2025\/11\/pcd-2-768x480.jpg 768w, https:\/\/www.tribunaribeirao.com.br\/wp-content\/uploads\/2025\/11\/pcd-2-640x400.jpg 640w, https:\/\/www.tribunaribeirao.com.br\/wp-content\/uploads\/2025\/11\/pcd-2-585x366.jpg 585w, https:\/\/www.tribunaribeirao.com.br\/wp-content\/uploads\/2025\/11\/pcd-2.jpg 800w\" data-sizes=\"(max-width: 329px) 100vw, 329px\" style=\"--smush-placeholder-width: 329px; --smush-placeholder-aspect-ratio: 329\/206;\"\/><figcaption id=\"caption-attachment-444977\" class=\"wp-caption-text\">Inclus\u00e3o no mercado de trabalho para quem tem alguma defici\u00eancia \u00e9 um desafio | Reprodu\u00e7\u00e3o<\/figcaption><\/figure>\n<p>Entre os participantes, mais de 40% eram pessoas com defici\u00eancia f\u00edsica, mas uma parcela expressiva enfrenta dificuldades para comprovar oficialmente a defici\u00eancia: 38% n\u00e3o t\u00eam laudo m\u00e9dico ou certificado do INSS e quase 30% desconhecem o processo para obter o documento. A percep\u00e7\u00e3o sobre o mercado tamb\u00e9m foi um ponto de aten\u00e7\u00e3o. Para 31% dos entrevistados, as oportunidades para PcDs s\u00e3o restritas e 22% acreditam ser quase inexistentes.<\/p>\n<p>Embora 23% reconhe\u00e7am que as vagas voltadas a esse p\u00fablico estejam relacionadas \u00e0 conscientiza\u00e7\u00e3o, a maioria (64%) considera que elas s\u00f3 existem por conta da lei de cotas. Esse cen\u00e1rio impacta diretamente a experi\u00eancia profissional, visto que 43% dos respondentes relataram j\u00e1 ter sofrido algum tipo de preconceito no ambiente de trabalho.<\/p>\n<p>Em rela\u00e7\u00e3o \u00e0s principais barreiras para inclus\u00e3o, destacam-se a falta de oportunidades (18%) e falta de preparo dos gestores (13%), fatores que refor\u00e7am, principalmente, a import\u00e2ncia de ter maior conscientiza\u00e7\u00e3o e pol\u00edticas estruturadas dentro das empresas.<\/p>\n<p>\u00a0<\/p>\n<h4><strong>Mitos profissionais sobre os deficientes<\/strong><\/h4>\n<p>\u00a0<\/p>\n<p><strong>Pessoas com defici\u00eancia preferem receber benef\u00edcios a trabalhar<\/strong><\/p>\n<p>Na verdade, o\u00a0trabalho n\u00e3o representa apenas renda, possibilita o desenvolvimento de habilidades e autonomia, aumenta a autoestima e a participa\u00e7\u00e3o social ativa.<\/p>\n<p><strong>Pessoas com defici\u00eancia s\u00e3o menos produtivas<\/strong><\/p>\n<p>A produtividade est\u00e1 ligada a condi\u00e7\u00f5es adequadas de trabalho e n\u00e3o a defici\u00eancia.<\/p>\n<p><strong>Contratar pessoas com defici\u00eancia gera alto custo para a empresa<\/strong><\/p>\n<p>Muitas\u00a0adapta\u00e7\u00f5es s\u00e3o simples e de baixo custo.<\/p>\n<p><strong>Pessoas com defici\u00eancia n\u00e3o t\u00eam qualifica\u00e7\u00e3o profissional<\/strong><\/p>\n<p>Atualmente mais pessoas com defici\u00eancia t\u00eam acesso \u00e0 educa\u00e7\u00e3o b\u00e1sica, capacita\u00e7\u00e3o, forma\u00e7\u00e3o t\u00e9cnica\u00a0ou de ensino superior.<\/p>\n<p><strong>Pessoas com defici\u00eancia n\u00e3o podem ser demitidas<\/strong><\/p>\n<p>Elas t\u00eam os mesmos\u00a0direitos e deveres, incluindo avalia\u00e7\u00e3o de desempenho<\/p>\n<p><!-- CONTENT END 2 -->\n<\/div>\n<p><br \/>\n<br \/><a href=\"https:\/\/www.tribunaribeirao.com.br\/mercado-de-trabalho-e-fechado-para-pcds-em-ribeirao\/\">Source link <\/a><\/p>\n","protected":false},"excerpt":{"rendered":"<p>Levantamento do Observat\u00f3rio dos Direitos da Pessoa com Defici\u00eancia, plataforma criada pela Secretaria de Estado dos Direitos da Pessoa com Defici\u00eancia, em parceria com a&#8230;<\/p>\n","protected":false},"author":1,"featured_media":79467,"comment_status":"open","ping_status":"open","sticky":false,"template":"","format":"standard","meta":{"advanced_seo_description":"","jetpack_seo_html_title":"","jetpack_seo_noindex":false,"jetpack_post_was_ever_published":false,"_jetpack_newsletter_access":"","_jetpack_dont_email_post_to_subs":false,"_jetpack_newsletter_tier_id":0,"_jetpack_memberships_contains_paywalled_content":false,"_jetpack_memberships_contains_paid_content":false,"footnotes":"","jetpack_publicize_message":"","jetpack_publicize_feature_enabled":true,"jetpack_social_post_already_shared":true,"jetpack_social_options":{"image_generator_settings":{"template":"highway","default_image_id":0,"font":"","enabled":false},"version":2}},"categories":[11],"tags":[],"class_list":["post-79466","post","type-post","status-publish","format-standard","has-post-thumbnail","hentry","category-noticias-de-ribeirao-preto-sp-e-regiao-ismael-colosi"],"jetpack_publicize_connections":[],"jetpack_featured_media_url":"https:\/\/i0.wp.com\/noticiasribeiraopreto.com.br\/wp-content\/uploads\/2025\/11\/pcd-1.jpg?fit=800%2C500&ssl=1","jetpack-related-posts":[{"id":31325,"url":"https:\/\/noticiasribeiraopreto.com.br\/index.php\/2024\/01\/21\/governo-lanca-observatorio-dos-direitos-da-pessoa-com-deficiencia\/","url_meta":{"origin":79466,"position":0},"title":"Governo lan\u00e7a Observat\u00f3rio dos Direitos da Pessoa com Defici\u00eancia\u00a0","author":"noticiasribeiraopreto.com.br","date":"21 de January de 2024","format":false,"excerpt":"O Governo do Estado de S\u00e3o Paulo lan\u00e7ou o novo \u201cObservat\u00f3rio dos Direitos da Pessoa com Defici\u00eancia\u201d, uma iniciativa da Secretaria de Estado dos Direitos da Pessoa com Defici\u00eancia (SEDPcD) em parceria com a Funda\u00e7\u00e3o Sistema Estadual de An\u00e1lise de Dados (Seade). A plataforma centraliza dados demogr\u00e1ficos, educacionais, de emprego\u2026","rel":"","context":"In &quot;Not\u00edcias de Ribeir\u00e3o Preto-SP e Regi\u00e3o&quot;","block_context":{"text":"Not\u00edcias de Ribeir\u00e3o Preto-SP e Regi\u00e3o","link":"https:\/\/noticiasribeiraopreto.com.br\/index.php\/category\/noticias-de-ribeirao-preto-sp-e-regiao-ismael-colosi\/"},"img":{"alt_text":"","src":"https:\/\/i0.wp.com\/noticiasribeiraopreto.com.br\/wp-content\/uploads\/2024\/01\/1-deficientes-1.png?fit=974%2C645&ssl=1&resize=350%2C200","width":350,"height":200,"srcset":"https:\/\/i0.wp.com\/noticiasribeiraopreto.com.br\/wp-content\/uploads\/2024\/01\/1-deficientes-1.png?fit=974%2C645&ssl=1&resize=350%2C200 1x, https:\/\/i0.wp.com\/noticiasribeiraopreto.com.br\/wp-content\/uploads\/2024\/01\/1-deficientes-1.png?fit=974%2C645&ssl=1&resize=525%2C300 1.5x, https:\/\/i0.wp.com\/noticiasribeiraopreto.com.br\/wp-content\/uploads\/2024\/01\/1-deficientes-1.png?fit=974%2C645&ssl=1&resize=700%2C400 2x"},"classes":[]},{"id":9939,"url":"https:\/\/noticiasribeiraopreto.com.br\/index.php\/2023\/12\/03\/sao-48-512-pessoas-com-deficiencia-em-rp\/","url_meta":{"origin":79466,"position":1},"title":"S\u00e3o 48.512 pessoas com defici\u00eancia em RP\u00a0","author":"noticiasribeiraopreto.com.br","date":"3 de December de 2023","format":false,"excerpt":"Dados do Observat\u00f3rio do Trabalho e Pessoa com Defici\u00eancia, uma ferramenta digital criada recentemente pelo Centro de Estudos Sindicais e de Economia do Trabalho da Universidade de Campinas (Unicamp) e o Minist\u00e9rio P\u00fablico do Trabalho (MPT), revelou que Ribeir\u00e3o Preto tinha no ano passado 48.512 pessoas com defici\u00eancia. Deste total,\u2026","rel":"","context":"In &quot;Not\u00edcias de Ribeir\u00e3o Preto-SP e Regi\u00e3o&quot;","block_context":{"text":"Not\u00edcias de Ribeir\u00e3o Preto-SP e Regi\u00e3o","link":"https:\/\/noticiasribeiraopreto.com.br\/index.php\/category\/noticias-de-ribeirao-preto-sp-e-regiao-ismael-colosi\/"},"img":{"alt_text":"","src":"https:\/\/i0.wp.com\/noticiasribeiraopreto.com.br\/wp-content\/uploads\/2023\/12\/def.png?fit=1000%2C526&ssl=1&resize=350%2C200","width":350,"height":200,"srcset":"https:\/\/i0.wp.com\/noticiasribeiraopreto.com.br\/wp-content\/uploads\/2023\/12\/def.png?fit=1000%2C526&ssl=1&resize=350%2C200 1x, https:\/\/i0.wp.com\/noticiasribeiraopreto.com.br\/wp-content\/uploads\/2023\/12\/def.png?fit=1000%2C526&ssl=1&resize=525%2C300 1.5x, https:\/\/i0.wp.com\/noticiasribeiraopreto.com.br\/wp-content\/uploads\/2023\/12\/def.png?fit=1000%2C526&ssl=1&resize=700%2C400 2x"},"classes":[]},{"id":82461,"url":"https:\/\/noticiasribeiraopreto.com.br\/index.php\/2026\/02\/15\/dulce-neves-e-nomeada-secretaria-adjunta-da-cidadania-e-pessoa-com-deficiencia-em-ribeirao-preto\/","url_meta":{"origin":79466,"position":2},"title":"Dulce Neves \u00e9 nomeada secret\u00e1ria adjunta da Cidadania e Pessoa com Defici\u00eancia em Ribeir\u00e3o Preto","author":"noticiasribeiraopreto.com.br","date":"15 de February de 2026","format":false,"excerpt":"A presidente da Funda\u00e7\u00e3o do Livro e Leitura de Ribeir\u00e3o Preto, Dulce Neves, foi nomeada para o cargo de secret\u00e1ria adjunta da Secretaria Municipal da Cidadania, Pessoa com Defici\u00eancia e Inclus\u00e3o Social. A Pasta, cujo secret\u00e1rio \u00e9 o professor\u00a0Claudio Romualdo, foi criada em 2025 na reforma administrativa\u00a0do prefeito\u00a0Ricardo Silva (PSD).\u2026","rel":"","context":"In &quot;Not\u00edcias de Ribeir\u00e3o Preto-SP e Regi\u00e3o&quot;","block_context":{"text":"Not\u00edcias de Ribeir\u00e3o Preto-SP e Regi\u00e3o","link":"https:\/\/noticiasribeiraopreto.com.br\/index.php\/category\/noticias-de-ribeirao-preto-sp-e-regiao-ismael-colosi\/"},"img":{"alt_text":"","src":"https:\/\/i0.wp.com\/noticiasribeiraopreto.com.br\/wp-content\/uploads\/2026\/02\/dulce-neves_2026-02-14_20-05-49.webp.webp?fit=1200%2C732&ssl=1&resize=350%2C200","width":350,"height":200,"srcset":"https:\/\/i0.wp.com\/noticiasribeiraopreto.com.br\/wp-content\/uploads\/2026\/02\/dulce-neves_2026-02-14_20-05-49.webp.webp?fit=1200%2C732&ssl=1&resize=350%2C200 1x, https:\/\/i0.wp.com\/noticiasribeiraopreto.com.br\/wp-content\/uploads\/2026\/02\/dulce-neves_2026-02-14_20-05-49.webp.webp?fit=1200%2C732&ssl=1&resize=525%2C300 1.5x, https:\/\/i0.wp.com\/noticiasribeiraopreto.com.br\/wp-content\/uploads\/2026\/02\/dulce-neves_2026-02-14_20-05-49.webp.webp?fit=1200%2C732&ssl=1&resize=700%2C400 2x, https:\/\/i0.wp.com\/noticiasribeiraopreto.com.br\/wp-content\/uploads\/2026\/02\/dulce-neves_2026-02-14_20-05-49.webp.webp?fit=1200%2C732&ssl=1&resize=1050%2C600 3x"},"classes":[]},{"id":23174,"url":"https:\/\/noticiasribeiraopreto.com.br\/index.php\/2024\/01\/01\/novo-programa-governamental-e-iniciado-para-promocao-dos-direitos-das-pessoas-com-deficiencia-confira\/","url_meta":{"origin":79466,"position":3},"title":"Novo programa governamental \u00e9 iniciado para promo\u00e7\u00e3o dos direitos das pessoas com defici\u00eancia; confira","author":"noticiasribeiraopreto.com.br","date":"1 de January de 2024","format":false,"excerpt":"O governo federal anuncia um investimento significativo de aproximadamente R$ 6,5 bilh\u00f5es em um programa abrangente para ampliar o acesso e melhorar a qualidade de vida das pessoas com defici\u00eancia no Brasil. Denominado Plano Nacional dos Direitos da Pessoa com Defici\u00eancia, ou tamb\u00e9m conhecido como Novo Viver Sem Limite, o\u2026","rel":"","context":"In &quot;Vagas de Emprego em Ribeir\u00e3o Preto-SP&quot;","block_context":{"text":"Vagas de Emprego em Ribeir\u00e3o Preto-SP","link":"https:\/\/noticiasribeiraopreto.com.br\/index.php\/category\/empregos-classificados-vagas-trabalho\/vagas-de-empregos-em-ribeirao-preto-regiao-brasil\/"},"img":{"alt_text":"","src":"https:\/\/i0.wp.com\/noticiasribeiraopreto.com.br\/wp-content\/uploads\/2024\/01\/noticiasconcursos.com_.br-programa-governamental-e-iniciado-para-promocao-dos-direitos-das-pessoas-com-deficiencia-confira-pessoas-com-deficiencia.jpg?fit=837%2C467&ssl=1&resize=350%2C200","width":350,"height":200,"srcset":"https:\/\/i0.wp.com\/noticiasribeiraopreto.com.br\/wp-content\/uploads\/2024\/01\/noticiasconcursos.com_.br-programa-governamental-e-iniciado-para-promocao-dos-direitos-das-pessoas-com-deficiencia-confira-pessoas-com-deficiencia.jpg?fit=837%2C467&ssl=1&resize=350%2C200 1x, https:\/\/i0.wp.com\/noticiasribeiraopreto.com.br\/wp-content\/uploads\/2024\/01\/noticiasconcursos.com_.br-programa-governamental-e-iniciado-para-promocao-dos-direitos-das-pessoas-com-deficiencia-confira-pessoas-com-deficiencia.jpg?fit=837%2C467&ssl=1&resize=525%2C300 1.5x, https:\/\/i0.wp.com\/noticiasribeiraopreto.com.br\/wp-content\/uploads\/2024\/01\/noticiasconcursos.com_.br-programa-governamental-e-iniciado-para-promocao-dos-direitos-das-pessoas-com-deficiencia-confira-pessoas-com-deficiencia.jpg?fit=837%2C467&ssl=1&resize=700%2C400 2x"},"classes":[]},{"id":63982,"url":"https:\/\/noticiasribeiraopreto.com.br\/index.php\/2025\/02\/26\/ribeirao-sera-sede-de-encontro-para-inclusao-profissional-de-pessoas-com-deficiencia-visual\/","url_meta":{"origin":79466,"position":4},"title":"Ribeir\u00e3o ser\u00e1 sede de encontro para inclus\u00e3o profissional de pessoas com defici\u00eancia\u00a0visual","author":"noticiasribeiraopreto.com.br","date":"26 de February de 2025","format":false,"excerpt":"Nesta quinta-feira (27), a Associa\u00e7\u00e3o dos Deficientes Visuais de Ribeir\u00e3o Preto (Adevirp) ser\u00e1 sede do Programa \u00c1gora, uma iniciativa focada na inclus\u00e3o profissional de pessoas com defici\u00eancia visual em mais de 14 pa\u00edses da Am\u00e9rica Latina. O programa, que busca facilitar a entrada de pessoas com defici\u00eancia visual, seja cegueira\u2026","rel":"","context":"In &quot;Not\u00edcias de Ribeir\u00e3o Preto-SP e Regi\u00e3o&quot;","block_context":{"text":"Not\u00edcias de Ribeir\u00e3o Preto-SP e Regi\u00e3o","link":"https:\/\/noticiasribeiraopreto.com.br\/index.php\/category\/noticias-de-ribeirao-preto-sp-e-regiao-ismael-colosi\/"},"img":{"alt_text":"","src":"https:\/\/i0.wp.com\/noticiasribeiraopreto.com.br\/wp-content\/uploads\/2025\/02\/IMG_8697-1152x576-1_2025-02-26_19-51-43_jpg_2025-02-26_19-51-43.webp.webp?fit=1152%2C576&ssl=1&resize=350%2C200","width":350,"height":200,"srcset":"https:\/\/i0.wp.com\/noticiasribeiraopreto.com.br\/wp-content\/uploads\/2025\/02\/IMG_8697-1152x576-1_2025-02-26_19-51-43_jpg_2025-02-26_19-51-43.webp.webp?fit=1152%2C576&ssl=1&resize=350%2C200 1x, https:\/\/i0.wp.com\/noticiasribeiraopreto.com.br\/wp-content\/uploads\/2025\/02\/IMG_8697-1152x576-1_2025-02-26_19-51-43_jpg_2025-02-26_19-51-43.webp.webp?fit=1152%2C576&ssl=1&resize=525%2C300 1.5x, https:\/\/i0.wp.com\/noticiasribeiraopreto.com.br\/wp-content\/uploads\/2025\/02\/IMG_8697-1152x576-1_2025-02-26_19-51-43_jpg_2025-02-26_19-51-43.webp.webp?fit=1152%2C576&ssl=1&resize=700%2C400 2x, https:\/\/i0.wp.com\/noticiasribeiraopreto.com.br\/wp-content\/uploads\/2025\/02\/IMG_8697-1152x576-1_2025-02-26_19-51-43_jpg_2025-02-26_19-51-43.webp.webp?fit=1152%2C576&ssl=1&resize=1050%2C600 3x"},"classes":[]},{"id":63182,"url":"https:\/\/noticiasribeiraopreto.com.br\/index.php\/2025\/02\/05\/ribeirao-abre-inscricoes-para-venda-de-moradias-a-preco-social-veja-como-participar\/","url_meta":{"origin":79466,"position":5},"title":"Ribeir\u00e3o abre inscri\u00e7\u00f5es para venda de moradias a pre\u00e7o social; Veja como participar","author":"noticiasribeiraopreto.com.br","date":"5 de February de 2025","format":false,"excerpt":"A Secretaria de Planejamento e Desenvolvimento de Ribeir\u00e3o Preto publicou edital para inscri\u00e7\u00f5es de pessoas interessas na compra de moradias a pre\u00e7o social. Ao todo, s\u00e3o ofertadas 182 unidades habitacionais em Ribeir\u00e3o Preto. Quem pode participar? O cadastro deve ser realizado no site do Programa Casa Paulista (clique aqui) no\u2026","rel":"","context":"In &quot;Not\u00edcias de Ribeir\u00e3o Preto-SP e Regi\u00e3o&quot;","block_context":{"text":"Not\u00edcias de Ribeir\u00e3o Preto-SP e Regi\u00e3o","link":"https:\/\/noticiasribeiraopreto.com.br\/index.php\/category\/noticias-de-ribeirao-preto-sp-e-regiao-ismael-colosi\/"},"img":{"alt_text":"","src":"https:\/\/i0.wp.com\/noticiasribeiraopreto.com.br\/wp-content\/uploads\/2025\/02\/minha-casa-minha-vida.jpeg?fit=768%2C441&ssl=1&resize=350%2C200","width":350,"height":200,"srcset":"https:\/\/i0.wp.com\/noticiasribeiraopreto.com.br\/wp-content\/uploads\/2025\/02\/minha-casa-minha-vida.jpeg?fit=768%2C441&ssl=1&resize=350%2C200 1x, https:\/\/i0.wp.com\/noticiasribeiraopreto.com.br\/wp-content\/uploads\/2025\/02\/minha-casa-minha-vida.jpeg?fit=768%2C441&ssl=1&resize=525%2C300 1.5x, https:\/\/i0.wp.com\/noticiasribeiraopreto.com.br\/wp-content\/uploads\/2025\/02\/minha-casa-minha-vida.jpeg?fit=768%2C441&ssl=1&resize=700%2C400 2x"},"classes":[]}],"jetpack_sharing_enabled":true,"jetpack_shortlink":"https:\/\/wp.me\/peQAOb-kFI","_links":{"self":[{"href":"https:\/\/noticiasribeiraopreto.com.br\/index.php\/wp-json\/wp\/v2\/posts\/79466","targetHints":{"allow":["GET"]}}],"collection":[{"href":"https:\/\/noticiasribeiraopreto.com.br\/index.php\/wp-json\/wp\/v2\/posts"}],"about":[{"href":"https:\/\/noticiasribeiraopreto.com.br\/index.php\/wp-json\/wp\/v2\/types\/post"}],"author":[{"embeddable":true,"href":"https:\/\/noticiasribeiraopreto.com.br\/index.php\/wp-json\/wp\/v2\/users\/1"}],"replies":[{"embeddable":true,"href":"https:\/\/noticiasribeiraopreto.com.br\/index.php\/wp-json\/wp\/v2\/comments?post=79466"}],"version-history":[{"count":0,"href":"https:\/\/noticiasribeiraopreto.com.br\/index.php\/wp-json\/wp\/v2\/posts\/79466\/revisions"}],"wp:featuredmedia":[{"embeddable":true,"href":"https:\/\/noticiasribeiraopreto.com.br\/index.php\/wp-json\/wp\/v2\/media\/79467"}],"wp:attachment":[{"href":"https:\/\/noticiasribeiraopreto.com.br\/index.php\/wp-json\/wp\/v2\/media?parent=79466"}],"wp:term":[{"taxonomy":"category","embeddable":true,"href":"https:\/\/noticiasribeiraopreto.com.br\/index.php\/wp-json\/wp\/v2\/categories?post=79466"},{"taxonomy":"post_tag","embeddable":true,"href":"https:\/\/noticiasribeiraopreto.com.br\/index.php\/wp-json\/wp\/v2\/tags?post=79466"}],"curies":[{"name":"wp","href":"https:\/\/api.w.org\/{rel}","templated":true}]}}