{"id":79468,"date":"2025-11-02T10:02:13","date_gmt":"2025-11-02T13:02:13","guid":{"rendered":"https:\/\/noticiasribeiraopreto.com.br\/index.php\/2025\/11\/02\/em-ribeirao-jose-dirceu-reforca-a-importancia-da-democracia\/"},"modified":"2025-11-02T10:02:13","modified_gmt":"2025-11-02T13:02:13","slug":"em-ribeirao-jose-dirceu-reforca-a-importancia-da-democracia","status":"publish","type":"post","link":"https:\/\/noticiasribeiraopreto.com.br\/index.php\/2025\/11\/02\/em-ribeirao-jose-dirceu-reforca-a-importancia-da-democracia\/","title":{"rendered":"Em Ribeir\u00e3o, Jos\u00e9 Dirceu refor\u00e7a a import\u00e2ncia da democracia"},"content":{"rendered":"<p> <br \/>\n<\/p>\n<div>\n<p><em>Ex-ministro falou sobre seguran\u00e7a p\u00fablica, pol\u00edticas p\u00fablicas e democracia brasileira<\/em><\/p>\n<p>Por Pedro Ferro\/Especial para o Tribuna Ribeir\u00e3o<\/p>\n<p>Na \u00faltima quinta-feira (30), o ex-ministro da Casa Civil e dirigente do PT Jos\u00e9 Dirceu veio a Ribeir\u00e3o Preto para discursar em um encontro de membros do PT no Cineclube Cauim. Em entrevista ao <strong>Tribuna Ribeir\u00e3o<\/strong>, Dirceu respondeu a v\u00e1rios temas, da luta \u2018eterna\u2019 pela democracia brasileira \u00e0 megaopera\u00e7\u00e3o realizada no Rio de Janeiro.<\/p>\n<p>Sobre a megaopera\u00e7\u00e3o realizada pela pol\u00edcia carioca nos complexos da Penha e do Alem\u00e3o na ter\u00e7a-feira (28), o ex-ministro criticou a viol\u00eancia gerada pela megaopera\u00e7\u00e3o, afirmando que o que foi feito n\u00e3o tem efeito algum na luta contra o fim de fac\u00e7\u00f5es criminosas. \u201cA opera\u00e7\u00e3o que aconteceu no Rio n\u00e3o resolve o problema do crime organizado, muito menos do PCC, Comando Vermelho, Amigos dos Amigos e mil\u00edcias. [\u2026] Agora, como eliminar? Tem que come\u00e7ar [reestruturando] o sistema penitenci\u00e1rio, porque as fac\u00e7\u00f5es dominam as penitenci\u00e1rias, e depois reformar as pol\u00edcias\u201d, comentou Dirceu.<\/p>\n<p>\u201cAs Unidades de Pol\u00edcia Pacificadora (UPPs) eram uma solu\u00e7\u00e3o correta, porque voc\u00ea faz infraestrutura, pol\u00edticas p\u00fablicas, pol\u00edticas de juventude e cultural, al\u00e9m da repress\u00e3o [das organiza\u00e7\u00f5es criminosas nas comunidades\u201d, completa o ex-ministro.<\/p>\n<p>Segundo ele, a\u00e7\u00f5es como a que foi realizada na capital carioca se devem ao longo hist\u00f3rico de viol\u00eancia policial e de mortes pelas m\u00e3os do Estado. Dirceu mencionou a Pol\u00edcia mineira, o Esquadr\u00e3o da Morte, o Destacamento de Opera\u00e7\u00f5es de Informa\u00e7\u00f5es \u2013 Centro de Opera\u00e7\u00f5es de Defesa Interna (DOI-Codi) durante a ditadura militar e a Tropa de Elite como exemplo de organiza\u00e7\u00f5es paralelas ao governo que se diziam dedicadas \u00e0 elimina\u00e7\u00e3o do crime, mas raptavam e torturavam pessoas que se opunham ao Estado, al\u00e9m de dar continuidade ao tr\u00e1fico de armas e drogas ou dominar a popula\u00e7\u00e3o de determinado territ\u00f3rio.<\/p>\n<p>\u201cTalvez essa desgra\u00e7a acorde o Pa\u00eds, os governadores e governo federal para a urg\u00eancia de mudar os m\u00e9todos de combate \u00e0 fac\u00e7\u00f5es\u201d, aponta Dirceu.<\/p>\n<p>Para o ex-ministro, tamb\u00e9m as falas e coment\u00e1rios de figuras p\u00fablicas e governadores de extrema direita pedindo pelo bombardeio estadunidense a regi\u00f5es dominadas pelo crime s\u00e3o uma afronta ao governo brasileiro. Com isso, segundo Dirceu, tamb\u00e9m seria ideal realizar uma reforma pol\u00edtica para impedir abusos de poder por parte de parlamentares \u2013 como, por exemplo, a PEC da Blindagem \u2013 e para renovar as institui\u00e7\u00f5es governamentais com a entrada de membros que almejam o progresso social e econ\u00f4mico do Pa\u00eds.<\/p>\n<p><img data-recalc-dims=\"1\" loading=\"lazy\" decoding=\"async\" class=\"alignnone size-full wp-image-445027 lazyload\" src=\"https:\/\/i0.wp.com\/www.tribunaribeirao.com.br\/wp-content\/uploads\/2025\/11\/Jose-Dirceu-02-scaled.jpeg?resize=1170%2C780&#038;ssl=1\" alt=\"\" width=\"1170\" height=\"780\" srcset=\"https:\/\/www.tribunaribeirao.com.br\/wp-content\/uploads\/2025\/11\/Jose-Dirceu-02-scaled.jpeg 1170w, https:\/\/www.tribunaribeirao.com.br\/wp-content\/uploads\/2025\/11\/Jose-Dirceu-02-300x200.jpeg 300w, https:\/\/www.tribunaribeirao.com.br\/wp-content\/uploads\/2025\/11\/Jose-Dirceu-02-1024x682.jpeg 1024w, https:\/\/www.tribunaribeirao.com.br\/wp-content\/uploads\/2025\/11\/Jose-Dirceu-02-768x512.jpeg 768w, https:\/\/www.tribunaribeirao.com.br\/wp-content\/uploads\/2025\/11\/Jose-Dirceu-02-1536x1023.jpeg 1536w, https:\/\/www.tribunaribeirao.com.br\/wp-content\/uploads\/2025\/11\/Jose-Dirceu-02-480x320.jpeg 480w, https:\/\/www.tribunaribeirao.com.br\/wp-content\/uploads\/2025\/11\/Jose-Dirceu-02-280x186.jpeg 280w, https:\/\/www.tribunaribeirao.com.br\/wp-content\/uploads\/2025\/11\/Jose-Dirceu-02-960x640.jpeg 960w, https:\/\/www.tribunaribeirao.com.br\/wp-content\/uploads\/2025\/11\/Jose-Dirceu-02-600x400.jpeg 600w, https:\/\/www.tribunaribeirao.com.br\/wp-content\/uploads\/2025\/11\/Jose-Dirceu-02-585x390.jpeg 585w\" data-sizes=\"(max-width: 1170px) 100vw, 1170px\" style=\"--smush-placeholder-width: 1170px; --smush-placeholder-aspect-ratio: 1170\/780;\"\/><\/p>\n<h2>Trabalhadores em foco<\/h2>\n<p>Ao mencionar mudan\u00e7as de infraestrutura no Brasil, Jos\u00e9 Dirceu abordou a situa\u00e7\u00e3o atual das classes trabalhadoras, atestando a import\u00e2ncia dos sindicatos para a garantia de direitos trabalhistas. \u201cCom o tempo, foi-se criada na sociedade a imagem de que o sindicato explora, ilude e engana o trabalhador e, por isso, tiraram os recursos que os sindicatos tinham e flexibilizaram as rela\u00e7\u00f5es de trabalho, terceirizaram, precarizaram\u201d, disse.<\/p>\n<p>\u00a0<\/p>\n<p>\u201cE agora querem privatizar a Previd\u00eancia, querem desvincular o sal\u00e1rio-m\u00ednimo da Previd\u00eancia, querem tirar o piso da sa\u00fade e educa\u00e7\u00e3o, ou seja, querem romper o pacto social. Ent\u00e3o, o papel do sindicato hoje, \u00e9 lutar pelas condi\u00e7\u00f5es de trabalho, pelas condi\u00e7\u00f5es de sa\u00fade do trabalhador, pela alimenta\u00e7\u00e3o, pelo sal\u00e1rio, pela participa\u00e7\u00e3o nos lucros, o que \u00e9 muito importante dar sa\u00fade e seguran\u00e7a ao trabalhador. Os sindicatos est\u00e3o lutando para que o trabalhador tenha acesso ao Sistema \u00danico de Sa\u00fade, ao Minha Casa Minha Vida, lutando para que a mobilidade urbana melhore e que haja lazer, cultura para o trabalhador\u201d, acrescentou Dirceu.<\/p>\n<h3>Luta pela democracia<\/h3>\n<p>O ex-ministro comparou o cen\u00e1rio pol\u00edtico atual com o per\u00edodo de repress\u00e3o e censura da ditadura militar brasileira, no qual os direitos b\u00e1sicos da popula\u00e7\u00e3o foram revogados; a luta contra os movimentos conservadores e de extrema direita tem sido com o objetivo de impedir retrocessos em pol\u00edticas p\u00fablicas, econ\u00f4micas e sociais.<\/p>\n<p>Dirceu tomou a vereadora Duda Hidalgo como exemplo de uma nova gera\u00e7\u00e3o empenhada a promover mudan\u00e7as sociais e constitucionais, o que tamb\u00e9m tem tornado mulheres e outras minorias do \u00e2mbito pol\u00edtico em alvos de ataques de grupos conservadores.<\/p>\n<p>\u201cO PT foi chave essencial para atrair os jovens para a pol\u00edtica. N\u00e3o s\u00f3 a nova juventude, mas como tamb\u00e9m membros da comunidade LGBTQIA+, negros e negras, \u00edndios e quilombolas\u201d, afirmou.<\/p>\n<p>Aliado a isso, Dirceu argumentou que a diversidade e ideais progressistas s\u00e3o essenciais para a composi\u00e7\u00e3o da democracia brasileira. E, com isso, ele acredita que todas as pessoas devem ser responsabilizadas pelos seus atos, independentemente de sua posi\u00e7\u00e3o social, econ\u00f4mica ou pol\u00edtica.<\/p>\n<p>\u201cParlamentares t\u00eam que responder [\u00e0 Justi\u00e7a] como qualquer cidad\u00e3o, n\u00e3o importa se \u00e9 de direita, de esquerda, se \u00e9 jovem ou idoso. Eu respondi por tudo que me acusaram, n\u00e3o fugi de prestar contas com a Justi\u00e7a e cumpri minha pena. Eu tinha convic\u00e7\u00e3o da minha inoc\u00eancia, mas acatei \u00e0 decis\u00e3o da Justi\u00e7a at\u00e9 que fosse provada minha inoc\u00eancia\u201d, concluiu Dirceu.<\/p>\n<p><!-- CONTENT END 3 -->\n<\/div>\n<p><br \/>\n<br \/><a href=\"https:\/\/www.tribunaribeirao.com.br\/em-ribeirao-jose-dirceu-reforca-a-importancia-da-democracia\/\">Source link <\/a><\/p>\n","protected":false},"excerpt":{"rendered":"<p>Ex-ministro falou sobre seguran\u00e7a p\u00fablica, pol\u00edticas p\u00fablicas e democracia brasileira Por Pedro Ferro\/Especial para o Tribuna Ribeir\u00e3o Na \u00faltima quinta-feira (30), o ex-ministro da Casa&#8230;<\/p>\n","protected":false},"author":1,"featured_media":79469,"comment_status":"open","ping_status":"open","sticky":false,"template":"","format":"standard","meta":{"advanced_seo_description":"","jetpack_seo_html_title":"","jetpack_seo_noindex":false,"jetpack_post_was_ever_published":false,"_jetpack_newsletter_access":"","_jetpack_dont_email_post_to_subs":false,"_jetpack_newsletter_tier_id":0,"_jetpack_memberships_contains_paywalled_content":false,"_jetpack_memberships_contains_paid_content":false,"footnotes":"","jetpack_publicize_message":"","jetpack_publicize_feature_enabled":true,"jetpack_social_post_already_shared":true,"jetpack_social_options":{"image_generator_settings":{"template":"highway","default_image_id":0,"font":"","enabled":false},"version":2}},"categories":[11],"tags":[],"class_list":["post-79468","post","type-post","status-publish","format-standard","has-post-thumbnail","hentry","category-noticias-de-ribeirao-preto-sp-e-regiao-ismael-colosi"],"jetpack_publicize_connections":[],"jetpack_featured_media_url":"https:\/\/i0.wp.com\/noticiasribeiraopreto.com.br\/wp-content\/uploads\/2025\/11\/Jose-Dirceu-01-scaled.jpeg?fit=1157%2C780&ssl=1","jetpack-related-posts":[{"id":79484,"url":"https:\/\/noticiasribeiraopreto.com.br\/index.php\/2025\/11\/02\/ex-ministro-comenta-caso-da-esquerdogata-em-ribeirao-preto\/","url_meta":{"origin":79468,"position":0},"title":"Ex-ministro comenta caso da Esquerdogata em Ribeir\u00e3o Preto","author":"noticiasribeiraopreto.com.br","date":"2 de November de 2025","format":false,"excerpt":"O ex-ministro da Casa Civil e dirigente do PT Jos\u00e9 Dirceu esteve em Ribeir\u00e3o Preto nesta semana e comentou a pris\u00e3o por desacato a autoridade cometido pela influencer e professora Aline Bardy Dutra, tamb\u00e9m chamada de Esquerdogata \u2013 ela j\u00e1 foi liberada. Aline \u00e9 filiada ao PT e ficou conhecida\u2026","rel":"","context":"In &quot;Not\u00edcias de Ribeir\u00e3o Preto-SP e Regi\u00e3o&quot;","block_context":{"text":"Not\u00edcias de Ribeir\u00e3o Preto-SP e Regi\u00e3o","link":"https:\/\/noticiasribeiraopreto.com.br\/index.php\/category\/noticias-de-ribeirao-preto-sp-e-regiao-ismael-colosi\/"},"img":{"alt_text":"","src":"https:\/\/i0.wp.com\/noticiasribeiraopreto.com.br\/wp-content\/uploads\/2025\/11\/jose-dirceu.webp.webp?fit=1170%2C700&ssl=1&resize=350%2C200","width":350,"height":200,"srcset":"https:\/\/i0.wp.com\/noticiasribeiraopreto.com.br\/wp-content\/uploads\/2025\/11\/jose-dirceu.webp.webp?fit=1170%2C700&ssl=1&resize=350%2C200 1x, https:\/\/i0.wp.com\/noticiasribeiraopreto.com.br\/wp-content\/uploads\/2025\/11\/jose-dirceu.webp.webp?fit=1170%2C700&ssl=1&resize=525%2C300 1.5x, https:\/\/i0.wp.com\/noticiasribeiraopreto.com.br\/wp-content\/uploads\/2025\/11\/jose-dirceu.webp.webp?fit=1170%2C700&ssl=1&resize=700%2C400 2x, https:\/\/i0.wp.com\/noticiasribeiraopreto.com.br\/wp-content\/uploads\/2025\/11\/jose-dirceu.webp.webp?fit=1170%2C700&ssl=1&resize=1050%2C600 3x"},"classes":[]},{"id":76583,"url":"https:\/\/noticiasribeiraopreto.com.br\/index.php\/2025\/09\/01\/fintech-alvo-de-megaoperacao-mantem-contrato-com-a-rp-mobi\/","url_meta":{"origin":79468,"position":1},"title":"Fintech alvo de megaopera\u00e7\u00e3o mant\u00e9m contrato com a RP Mobi","author":"noticiasribeiraopreto.com.br","date":"1 de September de 2025","format":false,"excerpt":"O BK Bank, fintech investigada pelo MP-SP, pela Receita Federal e pela Pol\u00edcia Federal por liga\u00e7\u00f5es com o PCC, mant\u00e9m um contrato de servi\u00e7os de pagamento com a RP Mobi, empresa respons\u00e1vel pelo gerenciamento do tr\u00e2nsito em Ribeir\u00e3o Preto. A fintech foi um dos alvos da megaopera\u00e7\u00e3o realizada na semana\u2026","rel":"","context":"In &quot;Not\u00edcias de Ribeir\u00e3o Preto-SP e Regi\u00e3o&quot;","block_context":{"text":"Not\u00edcias de Ribeir\u00e3o Preto-SP e Regi\u00e3o","link":"https:\/\/noticiasribeiraopreto.com.br\/index.php\/category\/noticias-de-ribeirao-preto-sp-e-regiao-ismael-colosi\/"},"img":{"alt_text":"","src":"https:\/\/i0.wp.com\/noticiasribeiraopreto.com.br\/wp-content\/uploads\/2025\/09\/Copia-de-Copia-de-Copia-de-TAMANHO-EXATO-PARA-FOTOS-NO-SISTEMA-NOVO-2025-08-29T104247.907_2025-08-29_13-43-08.webp.webp?fit=1200%2C675&ssl=1&resize=350%2C200","width":350,"height":200,"srcset":"https:\/\/i0.wp.com\/noticiasribeiraopreto.com.br\/wp-content\/uploads\/2025\/09\/Copia-de-Copia-de-Copia-de-TAMANHO-EXATO-PARA-FOTOS-NO-SISTEMA-NOVO-2025-08-29T104247.907_2025-08-29_13-43-08.webp.webp?fit=1200%2C675&ssl=1&resize=350%2C200 1x, https:\/\/i0.wp.com\/noticiasribeiraopreto.com.br\/wp-content\/uploads\/2025\/09\/Copia-de-Copia-de-Copia-de-TAMANHO-EXATO-PARA-FOTOS-NO-SISTEMA-NOVO-2025-08-29T104247.907_2025-08-29_13-43-08.webp.webp?fit=1200%2C675&ssl=1&resize=525%2C300 1.5x, https:\/\/i0.wp.com\/noticiasribeiraopreto.com.br\/wp-content\/uploads\/2025\/09\/Copia-de-Copia-de-Copia-de-TAMANHO-EXATO-PARA-FOTOS-NO-SISTEMA-NOVO-2025-08-29T104247.907_2025-08-29_13-43-08.webp.webp?fit=1200%2C675&ssl=1&resize=700%2C400 2x, https:\/\/i0.wp.com\/noticiasribeiraopreto.com.br\/wp-content\/uploads\/2025\/09\/Copia-de-Copia-de-Copia-de-TAMANHO-EXATO-PARA-FOTOS-NO-SISTEMA-NOVO-2025-08-29T104247.907_2025-08-29_13-43-08.webp.webp?fit=1200%2C675&ssl=1&resize=1050%2C600 3x"},"classes":[]},{"id":75626,"url":"https:\/\/noticiasribeiraopreto.com.br\/index.php\/2025\/08\/12\/ministro-confirma-pacote-contra-tarifaco-durante-visita-a-fenasucro-em-sertaozinho\/","url_meta":{"origin":79468,"position":2},"title":"Ministro confirma pacote contra tarifa\u00e7o durante visita \u00e0 Fenasucro, em Sert\u00e3ozinho","author":"noticiasribeiraopreto.com.br","date":"12 de August de 2025","format":false,"excerpt":"Durante participa\u00e7\u00e3o na Fenasucro & Agrocana, realizada nesta ter\u00e7a-feira (12), em Sert\u00e3ozinho, na regi\u00e3o de Ribeir\u00e3o Preto, o ministro do Empreendedorismo, da Microempresa e da Empresa de Pequeno Porte, M\u00e1rcio Fran\u00e7a (PSB), afirmou que o presidente Luiz In\u00e1cio Lula da Silva (PT) deve assinar ainda hoje um pacote de prote\u00e7\u00e3o\u2026","rel":"","context":"In &quot;Not\u00edcias de Ribeir\u00e3o Preto-SP e Regi\u00e3o&quot;","block_context":{"text":"Not\u00edcias de Ribeir\u00e3o Preto-SP e Regi\u00e3o","link":"https:\/\/noticiasribeiraopreto.com.br\/index.php\/category\/noticias-de-ribeirao-preto-sp-e-regiao-ismael-colosi\/"},"img":{"alt_text":"","src":"https:\/\/i0.wp.com\/noticiasribeiraopreto.com.br\/wp-content\/uploads\/2025\/08\/Imagem-do-WhatsApp-de-2025-08-12-as-15.41.41_5f5bdc16_2025-08-12_20-10-42.webp.webp?fit=1200%2C675&ssl=1&resize=350%2C200","width":350,"height":200,"srcset":"https:\/\/i0.wp.com\/noticiasribeiraopreto.com.br\/wp-content\/uploads\/2025\/08\/Imagem-do-WhatsApp-de-2025-08-12-as-15.41.41_5f5bdc16_2025-08-12_20-10-42.webp.webp?fit=1200%2C675&ssl=1&resize=350%2C200 1x, https:\/\/i0.wp.com\/noticiasribeiraopreto.com.br\/wp-content\/uploads\/2025\/08\/Imagem-do-WhatsApp-de-2025-08-12-as-15.41.41_5f5bdc16_2025-08-12_20-10-42.webp.webp?fit=1200%2C675&ssl=1&resize=525%2C300 1.5x, https:\/\/i0.wp.com\/noticiasribeiraopreto.com.br\/wp-content\/uploads\/2025\/08\/Imagem-do-WhatsApp-de-2025-08-12-as-15.41.41_5f5bdc16_2025-08-12_20-10-42.webp.webp?fit=1200%2C675&ssl=1&resize=700%2C400 2x, https:\/\/i0.wp.com\/noticiasribeiraopreto.com.br\/wp-content\/uploads\/2025\/08\/Imagem-do-WhatsApp-de-2025-08-12-as-15.41.41_5f5bdc16_2025-08-12_20-10-42.webp.webp?fit=1200%2C675&ssl=1&resize=1050%2C600 3x"},"classes":[]},{"id":25802,"url":"https:\/\/noticiasribeiraopreto.com.br\/index.php\/2024\/01\/08\/lula-reforca-importancia-da-memoria-para-garantir-democracia\/","url_meta":{"origin":79468,"position":3},"title":"Lula refor\u00e7a import\u00e2ncia da mem\u00f3ria para garantir democracia \u2013 Folha de Ribeir\u00e3o","author":"noticiasribeiraopreto.com.br","date":"8 de January de 2024","format":false,"excerpt":"Em v\u00eddeo postado nas redes sociais, ao completar um ano do dia 8 de janeiro, o presidente Luiz In\u00e1cio Lula da Silva\u00a0refor\u00e7ou a import\u00e2ncia da mem\u00f3ria da sociedade na constru\u00e7\u00e3o e manuten\u00e7\u00e3o da democracia de um pa\u00eds. Ao lembrar a tentativa de golpe de Estado ele destacou: \u201cDia 8 de\u2026","rel":"","context":"In &quot;Not\u00edcias de Ribeir\u00e3o Preto-SP e Regi\u00e3o&quot;","block_context":{"text":"Not\u00edcias de Ribeir\u00e3o Preto-SP e Regi\u00e3o","link":"https:\/\/noticiasribeiraopreto.com.br\/index.php\/category\/noticias-de-ribeirao-preto-sp-e-regiao-ismael-colosi\/"},"img":{"alt_text":"","src":"","width":0,"height":0},"classes":[]},{"id":27031,"url":"https:\/\/noticiasribeiraopreto.com.br\/index.php\/2024\/01\/11\/lula-afirma-que-perdao-a-golpistas-soaria-como-impunidade\/","url_meta":{"origin":79468,"position":4},"title":"Lula afirma que perd\u00e3o a golpistas soaria como impunidade \u2013 Folha de Ribeir\u00e3o","author":"noticiasribeiraopreto.com.br","date":"11 de January de 2024","format":false,"excerpt":"O presidente Luiz In\u00e1cio Lula da Silva defendeu, nesta segunda-feira (8), uma puni\u00e7\u00e3o exemplar para quem teve qualquer participa\u00e7\u00e3o nos\u00a0atos golpistas de 8 de janeiro do ano passado. Em discurso, Lula afirmou que o perd\u00e3o a essas pessoas \u201csoaria como impunidade\u201d. A declara\u00e7\u00e3o foi dada durante ato em defesa da\u2026","rel":"","context":"In &quot;Not\u00edcias de Ribeir\u00e3o Preto-SP e Regi\u00e3o&quot;","block_context":{"text":"Not\u00edcias de Ribeir\u00e3o Preto-SP e Regi\u00e3o","link":"https:\/\/noticiasribeiraopreto.com.br\/index.php\/category\/noticias-de-ribeirao-preto-sp-e-regiao-ismael-colosi\/"},"img":{"alt_text":"","src":"","width":0,"height":0},"classes":[]},{"id":61564,"url":"https:\/\/noticiasribeiraopreto.com.br\/index.php\/2024\/12\/16\/megaoperacao-contra-roubo-a-carros-fortes-em-sp-prisoes-suspeito-morto-e-apreensao-milionaria\/","url_meta":{"origin":79468,"position":5},"title":"Megaopera\u00e7\u00e3o contra roubo a carros-fortes em SP: pris\u00f5es, suspeito morto e apreens\u00e3o milion\u00e1ria","author":"noticiasribeiraopreto.com.br","date":"16 de December de 2024","format":false,"excerpt":"Uma opera\u00e7\u00e3o de grande escala foi realizada nesta segunda-feira (16) para desarticular uma quadrilha suspeita de cometer roubos a carros-fortes em v\u00e1rias regi\u00f5es do estado de S\u00e3o Paulo. Coordenada pela Pol\u00edcia Civil, a a\u00e7\u00e3o contou com o apoio de diversas for\u00e7as policiais e resultou em um balan\u00e7o significativo: 10 pessoas\u2026","rel":"","context":"In &quot;Not\u00edcias de Ribeir\u00e3o Preto-SP e Regi\u00e3o&quot;","block_context":{"text":"Not\u00edcias de Ribeir\u00e3o Preto-SP e Regi\u00e3o","link":"https:\/\/noticiasribeiraopreto.com.br\/index.php\/category\/noticias-de-ribeirao-preto-sp-e-regiao-ismael-colosi\/"},"img":{"alt_text":"","src":"https:\/\/i0.wp.com\/noticiasribeiraopreto.com.br\/wp-content\/uploads\/2024\/12\/Captura-de-tela-2024-12-16-150335-e1734372598135.png?fit=1200%2C672&ssl=1&resize=350%2C200","width":350,"height":200,"srcset":"https:\/\/i0.wp.com\/noticiasribeiraopreto.com.br\/wp-content\/uploads\/2024\/12\/Captura-de-tela-2024-12-16-150335-e1734372598135.png?fit=1200%2C672&ssl=1&resize=350%2C200 1x, https:\/\/i0.wp.com\/noticiasribeiraopreto.com.br\/wp-content\/uploads\/2024\/12\/Captura-de-tela-2024-12-16-150335-e1734372598135.png?fit=1200%2C672&ssl=1&resize=525%2C300 1.5x, https:\/\/i0.wp.com\/noticiasribeiraopreto.com.br\/wp-content\/uploads\/2024\/12\/Captura-de-tela-2024-12-16-150335-e1734372598135.png?fit=1200%2C672&ssl=1&resize=700%2C400 2x, https:\/\/i0.wp.com\/noticiasribeiraopreto.com.br\/wp-content\/uploads\/2024\/12\/Captura-de-tela-2024-12-16-150335-e1734372598135.png?fit=1200%2C672&ssl=1&resize=1050%2C600 3x"},"classes":[]}],"jetpack_sharing_enabled":true,"jetpack_shortlink":"https:\/\/wp.me\/peQAOb-kFK","_links":{"self":[{"href":"https:\/\/noticiasribeiraopreto.com.br\/index.php\/wp-json\/wp\/v2\/posts\/79468","targetHints":{"allow":["GET"]}}],"collection":[{"href":"https:\/\/noticiasribeiraopreto.com.br\/index.php\/wp-json\/wp\/v2\/posts"}],"about":[{"href":"https:\/\/noticiasribeiraopreto.com.br\/index.php\/wp-json\/wp\/v2\/types\/post"}],"author":[{"embeddable":true,"href":"https:\/\/noticiasribeiraopreto.com.br\/index.php\/wp-json\/wp\/v2\/users\/1"}],"replies":[{"embeddable":true,"href":"https:\/\/noticiasribeiraopreto.com.br\/index.php\/wp-json\/wp\/v2\/comments?post=79468"}],"version-history":[{"count":0,"href":"https:\/\/noticiasribeiraopreto.com.br\/index.php\/wp-json\/wp\/v2\/posts\/79468\/revisions"}],"wp:featuredmedia":[{"embeddable":true,"href":"https:\/\/noticiasribeiraopreto.com.br\/index.php\/wp-json\/wp\/v2\/media\/79469"}],"wp:attachment":[{"href":"https:\/\/noticiasribeiraopreto.com.br\/index.php\/wp-json\/wp\/v2\/media?parent=79468"}],"wp:term":[{"taxonomy":"category","embeddable":true,"href":"https:\/\/noticiasribeiraopreto.com.br\/index.php\/wp-json\/wp\/v2\/categories?post=79468"},{"taxonomy":"post_tag","embeddable":true,"href":"https:\/\/noticiasribeiraopreto.com.br\/index.php\/wp-json\/wp\/v2\/tags?post=79468"}],"curies":[{"name":"wp","href":"https:\/\/api.w.org\/{rel}","templated":true}]}}