{"id":79470,"date":"2025-11-02T10:08:52","date_gmt":"2025-11-02T13:08:52","guid":{"rendered":"https:\/\/noticiasribeiraopreto.com.br\/index.php\/2025\/11\/02\/dia-de-finados-um-dia-para-recordar-refletir-e-celebrar-a-memoria\/"},"modified":"2025-11-02T10:08:52","modified_gmt":"2025-11-02T13:08:52","slug":"dia-de-finados-um-dia-para-recordar-refletir-e-celebrar-a-memoria","status":"publish","type":"post","link":"https:\/\/noticiasribeiraopreto.com.br\/index.php\/2025\/11\/02\/dia-de-finados-um-dia-para-recordar-refletir-e-celebrar-a-memoria\/","title":{"rendered":"Dia de Finados: Um dia para recordar, refletir e celebrar a mem\u00f3ria"},"content":{"rendered":"<p> <br \/>\n<\/p>\n<div>\n<p>O Dia de Finados, celebrado neste domingo, 2 de novembro, \u00e9 uma das datas mais simb\u00f3licas do calend\u00e1rio crist\u00e3o e carrega um profundo significado de respeito, saudade e celebra\u00e7\u00e3o da mem\u00f3ria daqueles que j\u00e1 partiram. Mais do que um momento de luto, o dia convida \u00e0 reflex\u00e3o sobre a vida, o tempo e os v\u00ednculos que permanecem mesmo ap\u00f3s a morte.<\/p>\n<p>A data remonta ao s\u00e9culo XI, quando o monge beneditino Odilon de Cluny, na Fran\u00e7a, instituiu um dia especial para rezar pelas almas dos mortos \u2014 especialmente pelas que ainda estariam em purifica\u00e7\u00e3o, segundo a tradi\u00e7\u00e3o cat\u00f3lica. A pr\u00e1tica se espalhou por toda a Europa e, no s\u00e9culo XIII, foi oficializada pela Igreja como o Comemora\u00e7\u00e3o de Todos os Fi\u00e9is Defuntos, no dia seguinte \u00e0 Festa de Todos os Santos (1\u00ba de novembro).<\/p>\n<p>No Brasil, o Dia de Finados tornou-se feriado nacional e \u00e9 marcado por celebra\u00e7\u00f5es religiosas, visitas a cemit\u00e9rios, missas e homenagens simb\u00f3licas. Em Ribeir\u00e3o Preto, \u00e9 comum ver cemit\u00e9rios movimentados desde as primeiras horas da manh\u00e3, com fam\u00edlias levando flores, velas e ora\u00e7\u00f5es, mantendo viva uma tradi\u00e7\u00e3o que atravessa gera\u00e7\u00f5es.<\/p>\n<h2><strong>Curiosidades e costumes ao redor do mundo<\/strong><\/h2>\n<p>Embora o tom de Finados seja, em geral, de recolhimento, em outros pa\u00edses a data \u00e9 vivida de formas distintas \u2014 muitas delas mais festivas do que f\u00fanebres.<\/p>\n<p>No M\u00e9xico, o D\u00eda de los Muertos \u00e9 uma das celebra\u00e7\u00f5es mais conhecidas e coloridas do mundo. Mistura elementos ind\u00edgenas e cat\u00f3licos em uma grande festa \u00e0 vida, com altares repletos de flores, velas, fotografias e comidas favoritas dos entes queridos. As caveiras decoradas, chamadas calaveras, e os desfiles de fantasias celebram a presen\u00e7a dos mortos entre os vivos.<\/p>\n<figure id=\"attachment_444981\" aria-describedby=\"caption-attachment-444981\" style=\"width: 343px\" class=\"wp-caption alignnone\"><img data-recalc-dims=\"1\" loading=\"lazy\" decoding=\"async\" class=\"wp-image-444981 lazyload\" src=\"https:\/\/i0.wp.com\/www.tribunaribeirao.com.br\/wp-content\/uploads\/2025\/11\/box-finados-reproducao-300x188.jpg?resize=343%2C215&#038;ssl=1\" alt=\"\" width=\"343\" height=\"215\" srcset=\"https:\/\/www.tribunaribeirao.com.br\/wp-content\/uploads\/2025\/11\/box-finados-reproducao-300x188.jpg 300w, https:\/\/www.tribunaribeirao.com.br\/wp-content\/uploads\/2025\/11\/box-finados-reproducao-768x480.jpg 768w, https:\/\/www.tribunaribeirao.com.br\/wp-content\/uploads\/2025\/11\/box-finados-reproducao-640x400.jpg 640w, https:\/\/www.tribunaribeirao.com.br\/wp-content\/uploads\/2025\/11\/box-finados-reproducao-585x366.jpg 585w, https:\/\/www.tribunaribeirao.com.br\/wp-content\/uploads\/2025\/11\/box-finados-reproducao.jpg 800w\" data-sizes=\"(max-width: 343px) 100vw, 343px\" style=\"--smush-placeholder-width: 343px; --smush-placeholder-aspect-ratio: 343\/215;\"\/><figcaption id=\"caption-attachment-444981\" class=\"wp-caption-text\">No M\u00e9xico, o D\u00eda de los Muertos \u00e9 uma das celebra\u00e7\u00f5es mais conhecidas e coloridas do mundo | Reprodu\u00e7\u00e3o<\/figcaption><\/figure>\n<p>Nas Filipinas, as fam\u00edlias passam o dia inteiro nos cemit\u00e9rios, onde preparam piqueniques, tocam m\u00fasica e compartilham refei\u00e7\u00f5es junto aos t\u00famulos. Na Fran\u00e7a e em pa\u00edses de tradi\u00e7\u00e3o europeia, a data \u00e9 marcada por sil\u00eancio e flores \u2014 especialmente cris\u00e2ntemos, s\u00edmbolo de saudade e respeito. J\u00e1 no Jap\u00e3o, embora n\u00e3o se celebre o Finados em novembro, o festival budista Obon, realizado em agosto, cumpre papel semelhante: \u00e9 o momento em que as fam\u00edlias acreditam que os esp\u00edritos dos antepassados retornam ao lar.<\/p>\n<h3><strong>Cemit\u00e9rios de RP devem receber mais de 60 mil visitantes <\/strong><\/h3>\n<p>Os cemit\u00e9rios de Ribeir\u00e3o Preto e do distrito de Bonfim Paulista devem receber cerca de 63 mil pessoas neste feriado de Dia de Finados, neste domingo (2). Segundo a prefeitura, a expectativa \u00e9 de 22 mil visitantes no Cemit\u00e9rio da Saudade, 35 mil no Bom Pastor, 3 mil em Bonfim Paulista e 3 mil no Memorial Parque dos Girass\u00f3is.<\/p>\n<p>A movimenta\u00e7\u00e3o come\u00e7ou ainda no fim de semana, com familiares antecipando a limpeza e ornamenta\u00e7\u00e3o de t\u00famulos. Todos os cemit\u00e9rios municipais estar\u00e3o abertos das 7h \u00e0s 18h, com missas em hor\u00e1rios variados ao longo do dia. As celebra\u00e7\u00f5es contar\u00e3o com a presen\u00e7a de padres e do arcebispo Dom Moacir Silva.<\/p>\n<p>Os locais passaram por servi\u00e7os de pintura, jardinagem e pequenos reparos para receber os visitantes. A RP Mobi far\u00e1 o controle do tr\u00e2nsito e o Cons\u00f3rcio Pr\u00f3Urbano disponibilizar\u00e1 linhas especiais de \u00f4nibus entre os cemit\u00e9rios da Saudade e Bom Pastor, com sa\u00eddas do Terminal Evangelina de Carvalho Passig, das 7h \u00e0s 18h.<\/p>\n<p>A orienta\u00e7\u00e3o da Secretaria da Administra\u00e7\u00e3o \u00e9 que visitantes mantenham cuidados b\u00e1sicos \u2014 como hidrata\u00e7\u00e3o constante, uso de sapatos fechados e descarte correto de embalagens pl\u00e1sticas \u2014 para garantir seguran\u00e7a e limpeza dos espa\u00e7os.<\/p>\n<p>\u00a0<\/p>\n<p><strong>Os quatro cemit\u00e9rios de Ribeir\u00e3o Preto:<\/strong><strong>\u00a0<\/strong><\/p>\n<p>Cemit\u00e9rio da Saudade<\/p>\n<p>Avenida Saudade, 1.775 \u2013 Campos El\u00edseos<\/p>\n<p>Expectativa de p\u00fablico: 22 mil visitantes<\/p>\n<p>\u00a0<\/p>\n<p>Cemit\u00e9rio Bom Pastor<\/p>\n<p>Avenida das L\u00e1grimas, 600 \u2013 Jardim Novo Mundo<\/p>\n<p>Expectativa de p\u00fablico: 35 mil visitantes<\/p>\n<p>\u00a0<\/p>\n<p>Cemit\u00e9rio de Bonfim Paulista<\/p>\n<p>Rua Izokiti Menoara, s\/n\u00ba \u2013 Jardim S\u00e3o Leandro I<\/p>\n<p>Expectativa de p\u00fablico: 3 mil visitantes<\/p>\n<p>\u00a0<\/p>\n<p>Memorial Parque dos Girass\u00f3is<\/p>\n<p>Avenida Afon\u00e7o Valera, 350 \u2013 Recreio das Ac\u00e1cias<\/p>\n<p>Expectativa de p\u00fablico: 3 mil visitantes<\/p>\n<p><!-- CONTENT END 2 -->\n<\/div>\n<p><br \/>\n<br \/><a href=\"https:\/\/www.tribunaribeirao.com.br\/dia-de-finados-um-dia-para-recordar-refletir-e-celebrar-a-memoria\/\">Source link <\/a><\/p>\n","protected":false},"excerpt":{"rendered":"<p>O Dia de Finados, celebrado neste domingo, 2 de novembro, \u00e9 uma das datas mais simb\u00f3licas do calend\u00e1rio crist\u00e3o e carrega um profundo significado de&#8230;<\/p>\n","protected":false},"author":1,"featured_media":79471,"comment_status":"open","ping_status":"open","sticky":false,"template":"","format":"standard","meta":{"advanced_seo_description":"","jetpack_seo_html_title":"","jetpack_seo_noindex":false,"jetpack_post_was_ever_published":false,"_jetpack_newsletter_access":"","_jetpack_dont_email_post_to_subs":false,"_jetpack_newsletter_tier_id":0,"_jetpack_memberships_contains_paywalled_content":false,"_jetpack_memberships_contains_paid_content":false,"footnotes":"","jetpack_publicize_message":"","jetpack_publicize_feature_enabled":true,"jetpack_social_post_already_shared":true,"jetpack_social_options":{"image_generator_settings":{"template":"highway","default_image_id":0,"font":"","enabled":false},"version":2}},"categories":[11],"tags":[],"class_list":["post-79470","post","type-post","status-publish","format-standard","has-post-thumbnail","hentry","category-noticias-de-ribeirao-preto-sp-e-regiao-ismael-colosi"],"jetpack_publicize_connections":[],"jetpack_featured_media_url":"https:\/\/i0.wp.com\/noticiasribeiraopreto.com.br\/wp-content\/uploads\/2025\/11\/1-risk-scaled.jpg?fit=1170%2C780&ssl=1","jetpack-related-posts":[{"id":19738,"url":"https:\/\/noticiasribeiraopreto.com.br\/index.php\/2023\/12\/23\/programe-se-para-os-feriados-nacionais-saiba-quais-serao-prolongados-2\/","url_meta":{"origin":79470,"position":0},"title":"programe-se para os feriados nacionais; Saiba quais ser\u00e3o prolongados","author":"noticiasribeiraopreto.com.br","date":"23 de December de 2023","format":false,"excerpt":"O presidente Luiz In\u00e1cio Lula da Silva sancionou uma medida hist\u00f3rica na \u00faltima quinta (21), marcando uma conquista significativa na luta pela igualdade racial no Brasil. O Dia Nacional de Zumbi e da Consci\u00eancia Negra, celebrado em 20 de novembro, foi oficializado como um novo feriado nacional. Com essa adi\u00e7\u00e3o,\u2026","rel":"","context":"In &quot;Vagas de Emprego em Ribeir\u00e3o Preto-SP&quot;","block_context":{"text":"Vagas de Emprego em Ribeir\u00e3o Preto-SP","link":"https:\/\/noticiasribeiraopreto.com.br\/index.php\/category\/empregos-classificados-vagas-trabalho\/vagas-de-empregos-em-ribeirao-preto-regiao-brasil\/"},"img":{"alt_text":"","src":"https:\/\/i0.wp.com\/noticiasribeiraopreto.com.br\/wp-content\/uploads\/2023\/12\/concursos-publicos-abertos-feriado-12-outubro-.jpg?fit=1200%2C675&ssl=1&resize=350%2C200","width":350,"height":200,"srcset":"https:\/\/i0.wp.com\/noticiasribeiraopreto.com.br\/wp-content\/uploads\/2023\/12\/concursos-publicos-abertos-feriado-12-outubro-.jpg?fit=1200%2C675&ssl=1&resize=350%2C200 1x, https:\/\/i0.wp.com\/noticiasribeiraopreto.com.br\/wp-content\/uploads\/2023\/12\/concursos-publicos-abertos-feriado-12-outubro-.jpg?fit=1200%2C675&ssl=1&resize=525%2C300 1.5x, https:\/\/i0.wp.com\/noticiasribeiraopreto.com.br\/wp-content\/uploads\/2023\/12\/concursos-publicos-abertos-feriado-12-outubro-.jpg?fit=1200%2C675&ssl=1&resize=700%2C400 2x, https:\/\/i0.wp.com\/noticiasribeiraopreto.com.br\/wp-content\/uploads\/2023\/12\/concursos-publicos-abertos-feriado-12-outubro-.jpg?fit=1200%2C675&ssl=1&resize=1050%2C600 3x"},"classes":[]},{"id":20104,"url":"https:\/\/noticiasribeiraopreto.com.br\/index.php\/2023\/12\/24\/agora-e-oficial-brasil-tera-mais-um-feriado-nacional-em-2024\/","url_meta":{"origin":79470,"position":1},"title":"Agora \u00e9 oficial! Brasil ter\u00e1 mais um feriado nacional em 2024","author":"noticiasribeiraopreto.com.br","date":"24 de December de 2023","format":false,"excerpt":"O Brasil pode ganhar mais um feriado nacional. O presidente Luiz In\u00e1cio Lula da Silva sancionou nesta quinta-feira, 21, o projeto de lei que declara o Dia Nacional de Zumbi e da Consci\u00eancia Negra, no dia 20 de novembro, como feriado em todo o pa\u00eds. O texto havia sido aprovado\u2026","rel":"","context":"In &quot;Variedades&quot;","block_context":{"text":"Variedades","link":"https:\/\/noticiasribeiraopreto.com.br\/index.php\/category\/variedades\/"},"img":{"alt_text":"","src":"https:\/\/i0.wp.com\/noticiasribeiraopreto.com.br\/wp-content\/uploads\/2023\/12\/1703416338_feriado-nacional-20-de-novembro.jpg?fit=1200%2C638&ssl=1&resize=350%2C200","width":350,"height":200,"srcset":"https:\/\/i0.wp.com\/noticiasribeiraopreto.com.br\/wp-content\/uploads\/2023\/12\/1703416338_feriado-nacional-20-de-novembro.jpg?fit=1200%2C638&ssl=1&resize=350%2C200 1x, https:\/\/i0.wp.com\/noticiasribeiraopreto.com.br\/wp-content\/uploads\/2023\/12\/1703416338_feriado-nacional-20-de-novembro.jpg?fit=1200%2C638&ssl=1&resize=525%2C300 1.5x, https:\/\/i0.wp.com\/noticiasribeiraopreto.com.br\/wp-content\/uploads\/2023\/12\/1703416338_feriado-nacional-20-de-novembro.jpg?fit=1200%2C638&ssl=1&resize=700%2C400 2x, https:\/\/i0.wp.com\/noticiasribeiraopreto.com.br\/wp-content\/uploads\/2023\/12\/1703416338_feriado-nacional-20-de-novembro.jpg?fit=1200%2C638&ssl=1&resize=1050%2C600 3x"},"classes":[]},{"id":79398,"url":"https:\/\/noticiasribeiraopreto.com.br\/index.php\/2025\/10\/30\/ribeirao-preto-tera-linhas-especiais-de-onibus-para-o-dia-de-finados\/","url_meta":{"origin":79470,"position":2},"title":"Ribeir\u00e3o Preto ter\u00e1 linhas especiais de \u00f4nibus para o Dia de Finados","author":"noticiasribeiraopreto.com.br","date":"30 de October de 2025","format":false,"excerpt":"Ribeir\u00e3o Preto ter\u00e1 linhas especiais de \u00f4nibus nos dias 1\u00ba e 2 de novembro para atender os cemit\u00e9rios Bom Pastor e da Saudade durante o Dia de Finados. No s\u00e1bado, 1\u00ba de novembro, a linha especial funcionar\u00e1 das 8h \u00e0s 17h com atendimento exclusivo ao Cemit\u00e9rio Bom Pastor. O itiner\u00e1rio\u2026","rel":"","context":"In &quot;Not\u00edcias de Ribeir\u00e3o Preto-SP e Regi\u00e3o&quot;","block_context":{"text":"Not\u00edcias de Ribeir\u00e3o Preto-SP e Regi\u00e3o","link":"https:\/\/noticiasribeiraopreto.com.br\/index.php\/category\/noticias-de-ribeirao-preto-sp-e-regiao-ismael-colosi\/"},"img":{"alt_text":"","src":"https:\/\/i0.wp.com\/noticiasribeiraopreto.com.br\/wp-content\/uploads\/2025\/10\/terror-6_2025-10-30_23-38-25.webp.webp?fit=1200%2C675&ssl=1&resize=350%2C200","width":350,"height":200,"srcset":"https:\/\/i0.wp.com\/noticiasribeiraopreto.com.br\/wp-content\/uploads\/2025\/10\/terror-6_2025-10-30_23-38-25.webp.webp?fit=1200%2C675&ssl=1&resize=350%2C200 1x, https:\/\/i0.wp.com\/noticiasribeiraopreto.com.br\/wp-content\/uploads\/2025\/10\/terror-6_2025-10-30_23-38-25.webp.webp?fit=1200%2C675&ssl=1&resize=525%2C300 1.5x, https:\/\/i0.wp.com\/noticiasribeiraopreto.com.br\/wp-content\/uploads\/2025\/10\/terror-6_2025-10-30_23-38-25.webp.webp?fit=1200%2C675&ssl=1&resize=700%2C400 2x, https:\/\/i0.wp.com\/noticiasribeiraopreto.com.br\/wp-content\/uploads\/2025\/10\/terror-6_2025-10-30_23-38-25.webp.webp?fit=1200%2C675&ssl=1&resize=1050%2C600 3x"},"classes":[]},{"id":9310,"url":"https:\/\/noticiasribeiraopreto.com.br\/index.php\/2023\/12\/01\/brasil-deve-ganhar-mais-um-feriado-nacional-em-2024\/","url_meta":{"origin":79470,"position":3},"title":"Brasil deve ganhar mais um feriado nacional em 2024","author":"noticiasribeiraopreto.com.br","date":"1 de December de 2023","format":false,"excerpt":"A partir de 2024, o Brasil pode ganhar mais um feriado nacional. \u00c9 que na \u00faltima quarta-feira, 29, a C\u00e2mara dos Deputados aprovou o Projeto de Lei (PL 3268\/21), que instituiu o 20 de novembro como feriado em celebra\u00e7\u00e3o ao Dia Nacional de Zumbi e da Consci\u00eancia Negra em todo\u2026","rel":"","context":"In &quot;Variedades&quot;","block_context":{"text":"Variedades","link":"https:\/\/noticiasribeiraopreto.com.br\/index.php\/category\/variedades\/"},"img":{"alt_text":"","src":"https:\/\/i0.wp.com\/noticiasribeiraopreto.com.br\/wp-content\/uploads\/2023\/12\/feriado-nacional-20-de-novembro.jpg?fit=1200%2C638&ssl=1&resize=350%2C200","width":350,"height":200,"srcset":"https:\/\/i0.wp.com\/noticiasribeiraopreto.com.br\/wp-content\/uploads\/2023\/12\/feriado-nacional-20-de-novembro.jpg?fit=1200%2C638&ssl=1&resize=350%2C200 1x, https:\/\/i0.wp.com\/noticiasribeiraopreto.com.br\/wp-content\/uploads\/2023\/12\/feriado-nacional-20-de-novembro.jpg?fit=1200%2C638&ssl=1&resize=525%2C300 1.5x, https:\/\/i0.wp.com\/noticiasribeiraopreto.com.br\/wp-content\/uploads\/2023\/12\/feriado-nacional-20-de-novembro.jpg?fit=1200%2C638&ssl=1&resize=700%2C400 2x, https:\/\/i0.wp.com\/noticiasribeiraopreto.com.br\/wp-content\/uploads\/2023\/12\/feriado-nacional-20-de-novembro.jpg?fit=1200%2C638&ssl=1&resize=1050%2C600 3x"},"classes":[]},{"id":21817,"url":"https:\/\/noticiasribeiraopreto.com.br\/index.php\/2023\/12\/28\/de-olho-na-folga-governo-decreta-os-feriados-e-pontos-facultativos-de-2024-veja-as-datas\/","url_meta":{"origin":79470,"position":4},"title":"De olho na folga: Governo decreta os feriados e pontos facultativos de 2024; veja as datas","author":"noticiasribeiraopreto.com.br","date":"28 de December de 2023","format":false,"excerpt":"Com o recesso de fim de ano e a proximidade de um calend\u00e1rio novo e vazio em m\u00e3os, procurar os dias de \u201cfolga\u201d de 2024 \u00e9 quase uma tarefa obrigat\u00f3ria \u2014 seja para programar as f\u00e9rias, viagens ou apenas um dia a mais de descanso.\u00a0 O governo brasileiro divulgou nesta\u2026","rel":"","context":"In &quot;Dinheiro e Investimento&quot;","block_context":{"text":"Dinheiro e Investimento","link":"https:\/\/noticiasribeiraopreto.com.br\/index.php\/category\/dinheiro-e-investimento-como-fazer-como-ganhar\/"},"img":{"alt_text":"","src":"https:\/\/i0.wp.com\/noticiasribeiraopreto.com.br\/wp-content\/uploads\/2023\/12\/3d-calendario-planejador-diario-lapis-despertador-2-715x402.jpg?fit=715%2C402&ssl=1&resize=350%2C200","width":350,"height":200,"srcset":"https:\/\/i0.wp.com\/noticiasribeiraopreto.com.br\/wp-content\/uploads\/2023\/12\/3d-calendario-planejador-diario-lapis-despertador-2-715x402.jpg?fit=715%2C402&ssl=1&resize=350%2C200 1x, https:\/\/i0.wp.com\/noticiasribeiraopreto.com.br\/wp-content\/uploads\/2023\/12\/3d-calendario-planejador-diario-lapis-despertador-2-715x402.jpg?fit=715%2C402&ssl=1&resize=525%2C300 1.5x, https:\/\/i0.wp.com\/noticiasribeiraopreto.com.br\/wp-content\/uploads\/2023\/12\/3d-calendario-planejador-diario-lapis-despertador-2-715x402.jpg?fit=715%2C402&ssl=1&resize=700%2C400 2x"},"classes":[]},{"id":71964,"url":"https:\/\/noticiasribeiraopreto.com.br\/index.php\/2025\/06\/11\/jornal-da-franca-por-que-o-dia-dos-namorados-e-em-junho-no-brasil-e-em-fevereiro-no-resto-do-mundo\/","url_meta":{"origin":79470,"position":5},"title":"Jornal da Franca &#8211; Por que o Dia dos Namorados \u00e9 em junho no Brasil e em fevereiro no resto do mundo?","author":"noticiasribeiraopreto.com.br","date":"11 de June de 2025","format":false,"excerpt":"compartilhar no whatsapp compartilhar no telegram compartilhar no facebook compartilhar no linkedin No Brasil, junho foi escolhido para celebrar a data por ser o m\u00eas de desaquecimento das vendas. O dia 12, por sua vez, \u00e9 a v\u00e9spera da celebra\u00e7\u00e3o de Santo Ant\u00f4nio Grande parte do mundo comemora o Dia\u2026","rel":"","context":"In &quot;Not\u00edcias de Franca-SP&quot;","block_context":{"text":"Not\u00edcias de Franca-SP","link":"https:\/\/noticiasribeiraopreto.com.br\/index.php\/category\/noticias-de-ribeirao-preto-sp-e-regiao-ismael-colosi\/noticias-franca-sp\/"},"img":{"alt_text":"","src":"https:\/\/i0.wp.com\/noticiasribeiraopreto.com.br\/wp-content\/uploads\/2025\/06\/dia-dos-namorados-scaled.jpg?fit=1200%2C800&ssl=1&resize=350%2C200","width":350,"height":200,"srcset":"https:\/\/i0.wp.com\/noticiasribeiraopreto.com.br\/wp-content\/uploads\/2025\/06\/dia-dos-namorados-scaled.jpg?fit=1200%2C800&ssl=1&resize=350%2C200 1x, https:\/\/i0.wp.com\/noticiasribeiraopreto.com.br\/wp-content\/uploads\/2025\/06\/dia-dos-namorados-scaled.jpg?fit=1200%2C800&ssl=1&resize=525%2C300 1.5x, https:\/\/i0.wp.com\/noticiasribeiraopreto.com.br\/wp-content\/uploads\/2025\/06\/dia-dos-namorados-scaled.jpg?fit=1200%2C800&ssl=1&resize=700%2C400 2x, https:\/\/i0.wp.com\/noticiasribeiraopreto.com.br\/wp-content\/uploads\/2025\/06\/dia-dos-namorados-scaled.jpg?fit=1200%2C800&ssl=1&resize=1050%2C600 3x"},"classes":[]}],"jetpack_sharing_enabled":true,"jetpack_shortlink":"https:\/\/wp.me\/peQAOb-kFM","_links":{"self":[{"href":"https:\/\/noticiasribeiraopreto.com.br\/index.php\/wp-json\/wp\/v2\/posts\/79470","targetHints":{"allow":["GET"]}}],"collection":[{"href":"https:\/\/noticiasribeiraopreto.com.br\/index.php\/wp-json\/wp\/v2\/posts"}],"about":[{"href":"https:\/\/noticiasribeiraopreto.com.br\/index.php\/wp-json\/wp\/v2\/types\/post"}],"author":[{"embeddable":true,"href":"https:\/\/noticiasribeiraopreto.com.br\/index.php\/wp-json\/wp\/v2\/users\/1"}],"replies":[{"embeddable":true,"href":"https:\/\/noticiasribeiraopreto.com.br\/index.php\/wp-json\/wp\/v2\/comments?post=79470"}],"version-history":[{"count":0,"href":"https:\/\/noticiasribeiraopreto.com.br\/index.php\/wp-json\/wp\/v2\/posts\/79470\/revisions"}],"wp:featuredmedia":[{"embeddable":true,"href":"https:\/\/noticiasribeiraopreto.com.br\/index.php\/wp-json\/wp\/v2\/media\/79471"}],"wp:attachment":[{"href":"https:\/\/noticiasribeiraopreto.com.br\/index.php\/wp-json\/wp\/v2\/media?parent=79470"}],"wp:term":[{"taxonomy":"category","embeddable":true,"href":"https:\/\/noticiasribeiraopreto.com.br\/index.php\/wp-json\/wp\/v2\/categories?post=79470"},{"taxonomy":"post_tag","embeddable":true,"href":"https:\/\/noticiasribeiraopreto.com.br\/index.php\/wp-json\/wp\/v2\/tags?post=79470"}],"curies":[{"name":"wp","href":"https:\/\/api.w.org\/{rel}","templated":true}]}}