{"id":79472,"date":"2025-11-02T11:02:33","date_gmt":"2025-11-02T14:02:33","guid":{"rendered":"https:\/\/noticiasribeiraopreto.com.br\/index.php\/2025\/11\/02\/ultimo-gole-bye-bye-ribeirao\/"},"modified":"2025-11-02T11:02:33","modified_gmt":"2025-11-02T14:02:33","slug":"ultimo-gole-bye-bye-ribeirao","status":"publish","type":"post","link":"https:\/\/noticiasribeiraopreto.com.br\/index.php\/2025\/11\/02\/ultimo-gole-bye-bye-ribeirao\/","title":{"rendered":"\u00daltimo Gole: Bye, bye Ribeir\u00e3o"},"content":{"rendered":"<p> <br \/>\n<\/p>\n<div>\n<p>Por quase um s\u00e9culo, foi dif\u00edcil n\u00e3o associar a imagem de Ribeir\u00e3o Preto \u00e0 cervejaria Antarctica. Instalada em 1911, a f\u00e1brica foi fundamental para que a cidade fosse conhecida como a capital do chope e participou ativamente do desenvolvimento econ\u00f4mico e do progresso local.<\/p>\n<p>A Antarctica foi uma das primeiras ind\u00fastrias de Ribeir\u00e3o Preto. Ao lado da Cervejaria Paulista, com quem viria a se fundir em 1973, pode ser considerada respons\u00e1vel pela forma\u00e7\u00e3o de uma nova classe de trabalhadores: a dos oper\u00e1rios, m\u00e3o de obra especializada para trabalhar em m\u00e1quinas.<\/p>\n<p>Al\u00e9m de ajudar a mudar o perfil da cidade, at\u00e9 ent\u00e3o predominante rural, as duas empresas eram as que mais empregavam e geravam impostos em Ribeir\u00e3o Preto, impulsionando significativamente a economia local.<\/p>\n<p>No campo da cultura, tendo \u00e0 frente o diretor Max Bartsch, figura proeminente na sociedade de ent\u00e3o, a Antarctica usou sua influ\u00eancia para fomentar a funda\u00e7\u00e3o da Orquestra Sinf\u00f4nica de Ribeir\u00e3o Preto e a cria\u00e7\u00e3o de jornais e de diversas outras associa\u00e7\u00f5es, marcando uma \u00e9poca de evolu\u00e7\u00e3o cultural para Ribeir\u00e3o Preto.<\/p>\n<p>Exemplo dessa participa\u00e7\u00e3o \u00e9 o Cassino Ant\u00e1rtica, importante e glamuroso centro de divers\u00f5es para a elite local na \u00e9poca do caf\u00e9, sede de espet\u00e1culos e shows.<\/p>\n<p>No futebol, teve participa\u00e7\u00e3o ativa em praticamente todos os clubes da cidade, principalmente no Botafogo, ao qual esteve intimamente ligada desde a funda\u00e7\u00e3o e chegou a patrocinar os est\u00e1dios e os uniformes por diversas vezes.<\/p>\n<p>A Vila Tib\u00e9rio, onde estava a f\u00e1brica da cervejaria, tamb\u00e9m deve a Antarctica a contribui\u00e7\u00e3o para uma s\u00e9rie de melhoramentos, principalmente quanto ao abastecimento de \u00e1gua e energia, assim como o cal\u00e7amento.<\/p>\n<p>Mas, como diz o ditado popular, nada \u00e9 eterno. Em 1998, Ribeir\u00e3o Preto come\u00e7ou a se despedir da Cervejaria Antarctica. O processo foi lento, aos poucos, provavelmente para diminuir o impacto na opini\u00e3o p\u00fablica.<\/p>\n<p>A primeira a\u00e7\u00e3o foi a paraliza\u00e7\u00e3o gradual da produ\u00e7\u00e3o de cerveja, carro-chefe da empresa. O an\u00fancio foi publicado pela pr\u00f3pria cervejaria na capa do Tribuna Ribeir\u00e3o, em um an\u00fancio que ocupou um quarto da p\u00e1gina principal da edi\u00e7\u00e3o de 19 de setembro.<\/p>\n<p><em>\u201cCOMUNICA\u00c7\u00c3O AO P\u00daBLICO<\/em><\/p>\n<p><em>A Diretoria da Cervejaria Antarctica Niger sente-se no dever de vir a p\u00fablico prestar os indispens\u00e1veis esclarecimentos \u00e0 popula\u00e7\u00e3o de Ribeir\u00e3o Preto, suas autoridades e \u00e0 imprensa, tendo em vista as interpreta\u00e7\u00f5es equivocadas referentes ao funcionamento de sua f\u00e1brica nesta cidade.<\/em><\/p>\n<p><em>Jamais foi prop\u00f3sito desta Diretoria encerrar as atividades da nossa empresa, aqui instalada desde 1911.<\/em><\/p>\n<p><em>A Antarctica, durante todos esses anos, sempre manteve o mais estreito e respeitoso relacionamento com as autoridades, com as institui\u00e7\u00f5es civis, religiosas e educacionais da cidade e, particularmente, com seus funcion\u00e1rios e clientes.<\/em><\/p>\n<p><em>Neste momento de profundas mudan\u00e7as por que (sic) passa o Pa\u00eds, decorrente da crise financeira e econ\u00f4mica mundial, que atingiu de forma violenta as empresas e a popula\u00e7\u00e3o de todos os pa\u00edses emergentes, viu-se a Diretoria obrigada a tomar medidas preventivas exatamente para preservar o funcionamento de suas f\u00e1bricas.<\/em><\/p>\n<p><em>Assim sendo, reciclamos a produ\u00e7\u00e3o de nossas unidades fabris espalhadas no Pa\u00eds, deliberando, no caso de Ribeir\u00e3o Preto, aumentar a produ\u00e7\u00e3o de refrigerantes, continuar e ampliar a produ\u00e7\u00e3o de chopp e transferir para a nossa mais moderna f\u00e1brica em Jaguari\u00fana a produ\u00e7\u00e3o de cervejas, at\u00e9 a normaliza\u00e7\u00e3o da crise que atravessamos, adequando os respectivos quadros de pessoal.<\/em><\/p>\n<p><em>Essa situa\u00e7\u00e3o ser\u00e1 revista t\u00e3o logo se verifique a retomada do desenvolvimento econ\u00f4mico do pa\u00eds, com maior reativa\u00e7\u00e3o do mercado.<\/em><\/p>\n<p><em>Cervejaria Antarctica Niger S\/A<\/em><br \/><em>Diretoria\u201d<\/em><\/p>\n<p>Acima do informe publicit\u00e1rio \u2013 e oficial \u2013 da dire\u00e7\u00e3o da Antarctica, com direito a erros gramaticais, o jornal repercutiu o an\u00fancio com direito a chamada de capa, destacando um projeto do Legislativo para cancelar a troca de uma rua pelo pr\u00e9dio do Palace Hotel.<\/p>\n<p>\u201cA decis\u00e3o da Cervejaria Antarctica Niger S\/A pode causar a demiss\u00e3o de 250 funcion\u00e1rios. Em contrapartida, tramita na C\u00e2mara Municipal um projeto de lei que revoga a permuta entre a Prefeitura e a cervejaria de um trecho da rua Nem\u00e9sio Ferreira Vianna com o Palace Hotel\u201d.<\/p>\n<figure id=\"attachment_444988\" aria-describedby=\"caption-attachment-444988\" style=\"width: 319px\" class=\"wp-caption alignleft\"><img data-recalc-dims=\"1\" loading=\"lazy\" decoding=\"async\" class=\"wp-image-444988 lazyload\" src=\"https:\/\/i0.wp.com\/www.tribunaribeirao.com.br\/wp-content\/uploads\/2025\/11\/Antarctica-1-300x193.jpg?resize=319%2C205&#038;ssl=1\" alt=\"\" width=\"319\" height=\"205\" srcset=\"https:\/\/www.tribunaribeirao.com.br\/wp-content\/uploads\/2025\/11\/Antarctica-1-300x193.jpg 300w, https:\/\/www.tribunaribeirao.com.br\/wp-content\/uploads\/2025\/11\/Antarctica-1-622x400.jpg 622w, https:\/\/www.tribunaribeirao.com.br\/wp-content\/uploads\/2025\/11\/Antarctica-1-585x376.jpg 585w, https:\/\/www.tribunaribeirao.com.br\/wp-content\/uploads\/2025\/11\/Antarctica-1.jpg 700w\" data-sizes=\"(max-width: 319px) 100vw, 319px\" style=\"--smush-placeholder-width: 319px; --smush-placeholder-aspect-ratio: 319\/205;\"\/><figcaption id=\"caption-attachment-444988\" class=\"wp-caption-text\">Instala\u00e7\u00f5es da Antarctica ap\u00f3s o fechamento da f\u00e1brica, em 2003 | Foto: J. F. Pimenta \/ Jornal Tribuna<\/figcaption><\/figure>\n<p>Esse troca-troca realizado pelo governo Palocci e a f\u00e1brica, que dura at\u00e9 hoje, recebeu duras cr\u00edticas da coluna Parab\u00f3lica, assinada por Jos\u00e9 Fernando Chiavenato. \u201cH\u00e1 pouco mais de anos, ainda sob a batuta de Palocci e Cia, os \u2018antarctiqueiros\u2019 faziam juras de amor pela cidade. Entre outras coisas, para conseguir \u2018fechar\u2019 uma rua (no caso o trecho da Nem\u00e9sio Ferreira Vianna, entre as ruas Castro Alves e Rodrigues Alves), encontraram um forte pretexto. Ampliariam a f\u00e1brica e gerariam novos 300 empregos. Doce piada\u201d.<\/p>\n<p>Na \u00e9poca, 1996, a Prefeitura pagou a Antarctica cerca de R$ 400 mil, em a\u00e7\u00f5es preferenciais da Ceterp, como indeniza\u00e7\u00e3o pela \u201cdiferen\u00e7a de valor entre os im\u00f3veis\u201d. Dois anos depois, ap\u00f3s o an\u00fancio do fechamento parcial e das demiss\u00f5es, se reuniu com a dire\u00e7\u00e3o da f\u00e1brica, em S\u00e3o Paulo, uma comitiva formada pelo prefeito Roberto J\u00e1bali e os vereadores Barquet Miguel, C\u00edcero Gomes da Silva, Jos\u00e9 Carlos Porto e Leopoldo Paulino.<\/p>\n<p>O grupo ouviu, segundo o jornal, que o fim da fabrica\u00e7\u00e3o de cerveja e a consequente demiss\u00e3o de mais de 200 funcion\u00e1rios eram uma \u201cnecessidade\u201d. De acordo com os integrantes do grupo, os diretores da Antarctica teriam se \u201ccomprometido em aumentar a produ\u00e7\u00e3o de refrigerantes em Ribeir\u00e3o para compensar a transfer\u00eancia da linha de produ\u00e7\u00e3o da cerveja\u201d.<\/p>\n<p>Em reuni\u00e3o na ACIRP | Associa\u00e7\u00e3o Comercial e Industrial de Ribeir\u00e3o Preto, Adhemar Silvestre J\u00fanior, diretor regional da cervejaria, foi taxativo: \u201cN\u00e3o queremos, em hip\u00f3tese alguma, parar de fabricar o chopp que leva o t\u00edtulo de melhor do mundo\u201d.<\/p>\n<p>Ao final, ningu\u00e9m honrou a palavra.<\/p>\n<p>Lembra-se da promessa de revis\u00e3o da situa\u00e7\u00e3o \u201ct\u00e3o logo se verifique a retomada do desenvolvimento econ\u00f4mico do pa\u00eds, com maior reativa\u00e7\u00e3o do mercado\u201d?<\/p>\n<p>A retomada do desenvolvimento econ\u00f4mico e a reativa\u00e7\u00e3o do mercado vieram. O Brasil e o mundo reencontraram o caminho, o consumo de cerveja aumentou. S\u00f3 faltou, mesmo, a empresa cumprir sua promessa\u2026<\/p>\n<h2><strong>F\u00e1brica fecha totalmente as portas em 2003<\/strong><\/h2>\n<p>O an\u00fancio do encerramento da produ\u00e7\u00e3o cervejeira, no \u00faltimo quadrimestre de 1996, foi o come\u00e7o do fim.<\/p>\n<p>A partir dali a unidade da Antarctica em Ribeir\u00e3o Preto foi encerrando gradualmente suas atividades. Primeiro com a produ\u00e7\u00e3o de cerveja, que teve parte da opera\u00e7\u00e3o transferida para Jaguari\u00fana, em 1999. Pouco depois, em 2002,\u00a0foi vendida para a empresa mexicana FEMSA (Fomento Econ\u00f3mico Mexicano, S.A.B.), que al\u00e9m de n\u00e3o investir na f\u00e1brica, reduziu a produ\u00e7\u00e3o.<\/p>\n<p>O resultado foi desativa\u00e7\u00e3o total, em junho de 2003,\u00a0pela \u00faltima propriet\u00e1ria, a cervejaria norte-americana\/canadense Molson Coors, que considerava a unidade \u201cvelha demais\u201d. Foram, ent\u00e3o, dispensados os \u00faltimos 140 funcion\u00e1rios<\/p>\n<p><strong>Abandono<\/strong><\/p>\n<p>Ap\u00f3s o encerramento total da produ\u00e7\u00e3o, a \u00e1rea de 52 mil metros quadrados onde funcionou a ind\u00fastria de bebidas, est\u00e1 abandonada. Nenhum projeto foi concretizado e o local serve como abrigo a moradores de rua e usu\u00e1rios de droga.<\/p>\n<p>Em 2012 foi anunciada a constru\u00e7\u00e3o no local do Buriti Shopping, um centro popular de compras. Mas, somente em setembro de 2015, o antigo pr\u00e9dio come\u00e7ou a ser timidamente demolido para dar lugar ao que seria o quinto shopping da cidade. A previs\u00e3o, na \u00e9poca, era que a primeira fase do projeto, com investimento de R$ 250 milh\u00f5es, seria conclu\u00edda at\u00e9 dezembro daquele ano.<\/p>\n<p>Aprovado pelo Conselho Municipal de Preserva\u00e7\u00e3o do Patrim\u00f4nio Cultural (Conppac), o projeto consistia em, junto \u00e0 nova constru\u00e7\u00e3o, manter tudo o que j\u00e1 estava tombado pelo munic\u00edpio.<\/p>\n<p>Efetivamente, o projeto n\u00e3o saiu do papel. Foi demolida praticamente toda a antiga f\u00e1brica, sem cumprir os termos da autoriza\u00e7\u00e3o (manter a arquitetura e construir o \u201cMuseu do Chope\u201d. A \u00e1rea, h\u00e1 algum tempo, est\u00e1 \u00e0 venda.<\/p>\n<h3><strong>Paix\u00e3o por cerveja vem de longe<\/strong><\/h3>\n<p>A paix\u00e3o do ribeir\u00e3o-pretano pelas \u2018loiras geladas\u2019 \u00e9 anterior \u00e0 instala\u00e7\u00e3o da Antarctica e da Cervejaria Paulista, na primeira metade dos anos 1910.<\/p>\n<p>Segundo o site Cervisiafilia, desde 1878 funcionavam na vila pequenas f\u00e1bricas artesanais de cerveja. \u201cMas a bebida, ruim de doer, era mais utilizada como rem\u00e9dio contra febre\u201d, registra o site.<\/p>\n<figure id=\"attachment_444986\" aria-describedby=\"caption-attachment-444986\" style=\"width: 301px\" class=\"wp-caption alignleft\"><img data-recalc-dims=\"1\" loading=\"lazy\" decoding=\"async\" class=\"wp-image-444986 lazyload\" src=\"https:\/\/i0.wp.com\/www.tribunaribeirao.com.br\/wp-content\/uploads\/2025\/11\/Livi-e-Bertoldi-300x185.jpg?resize=301%2C185&#038;ssl=1\" alt=\"\" width=\"301\" height=\"185\" srcset=\"https:\/\/www.tribunaribeirao.com.br\/wp-content\/uploads\/2025\/11\/Livi-e-Bertoldi-300x185.jpg 300w, https:\/\/www.tribunaribeirao.com.br\/wp-content\/uploads\/2025\/11\/Livi-e-Bertoldi.jpg 571w\" data-sizes=\"(max-width: 301px) 100vw, 301px\" style=\"--smush-placeholder-width: 301px; --smush-placeholder-aspect-ratio: 301\/185;\"\/><figcaption id=\"caption-attachment-444986\" class=\"wp-caption-text\">Livi &amp; Bertoldi foi a primeira cervejaria instalada em Ribeir\u00e3o Preto<\/figcaption><\/figure>\n<p>A primeira f\u00e1brica a ser instalada na cidade foi a Livi &amp; Bertoldi, fundada pelos italianos Salvatore Livi e Quarto Bertoldi, no in\u00edcio dos anos 1900, na atual rua Capit\u00e3o Salom\u00e3o.<\/p>\n<p>A f\u00e1brica, que produzia os r\u00f3tulos Guarani, Indiana e Mulata, chegou a ser premiada com diploma e medalha na 1\u00aa Exposi\u00e7\u00e3o Regional Agr\u00edcola, Industrial e Art\u00edstica do 3\u00ba Distrito Agron\u00f4mico do Estado de S\u00e3o Paulo, em 1901.<\/p>\n<p>Isso, provavelmente, foi o que atraiu a Antarctica a instalar em Ribeir\u00e3o Preto, em 1911.<\/p>\n<p><!-- CONTENT END 3 -->\n<\/div>\n<p><br \/>\n<br \/><a href=\"https:\/\/www.tribunaribeirao.com.br\/ultimo-gole-bye-bye-ribeirao\/\">Source link <\/a><\/p>\n","protected":false},"excerpt":{"rendered":"<p>Por quase um s\u00e9culo, foi dif\u00edcil n\u00e3o associar a imagem de Ribeir\u00e3o Preto \u00e0 cervejaria Antarctica. Instalada em 1911, a f\u00e1brica foi fundamental para que&#8230;<\/p>\n","protected":false},"author":1,"featured_media":79473,"comment_status":"open","ping_status":"open","sticky":false,"template":"","format":"standard","meta":{"advanced_seo_description":"","jetpack_seo_html_title":"","jetpack_seo_noindex":false,"jetpack_post_was_ever_published":false,"_jetpack_newsletter_access":"","_jetpack_dont_email_post_to_subs":false,"_jetpack_newsletter_tier_id":0,"_jetpack_memberships_contains_paywalled_content":false,"_jetpack_memberships_contains_paid_content":false,"footnotes":"","jetpack_publicize_message":"","jetpack_publicize_feature_enabled":true,"jetpack_social_post_already_shared":true,"jetpack_social_options":{"image_generator_settings":{"template":"highway","default_image_id":0,"font":"","enabled":false},"version":2}},"categories":[11],"tags":[],"class_list":["post-79472","post","type-post","status-publish","format-standard","has-post-thumbnail","hentry","category-noticias-de-ribeirao-preto-sp-e-regiao-ismael-colosi"],"jetpack_publicize_connections":[],"jetpack_featured_media_url":"https:\/\/i0.wp.com\/noticiasribeiraopreto.com.br\/wp-content\/uploads\/2025\/11\/Fabrica_1911.jpg?fit=644%2C454&ssl=1","jetpack-related-posts":[{"id":73360,"url":"https:\/\/noticiasribeiraopreto.com.br\/index.php\/2025\/06\/30\/morre-o-mestre-cervejeiro-carlos-hauser\/","url_meta":{"origin":79472,"position":0},"title":"Morre o mestre cervejeiro Carlos Hauser","author":"noticiasribeiraopreto.com.br","date":"30 de June de 2025","format":false,"excerpt":"30 de junho de 2025 18:5430 de junho de 2025 19:2735 Compartilhar0 Faleceu nesta segunda-feira, 30 de junho, o mestre cervejeiro Carlos Oswaldo Hauser, um dos nomes mais importantes da hist\u00f3ria da cerveja no Brasil. Aos 89 anos, Hauser deixa um legado inestim\u00e1vel na ind\u00fastria cervejeira nacional, com passagens marcantes\u2026","rel":"","context":"In &quot;Not\u00edcias de Ribeir\u00e3o Preto-SP e Regi\u00e3o&quot;","block_context":{"text":"Not\u00edcias de Ribeir\u00e3o Preto-SP e Regi\u00e3o","link":"https:\/\/noticiasribeiraopreto.com.br\/index.php\/category\/noticias-de-ribeirao-preto-sp-e-regiao-ismael-colosi\/"},"img":{"alt_text":"","src":"https:\/\/i0.wp.com\/noticiasribeiraopreto.com.br\/wp-content\/uploads\/2025\/06\/carloshausersite.jpg?fit=800%2C500&ssl=1&resize=350%2C200","width":350,"height":200,"srcset":"https:\/\/i0.wp.com\/noticiasribeiraopreto.com.br\/wp-content\/uploads\/2025\/06\/carloshausersite.jpg?fit=800%2C500&ssl=1&resize=350%2C200 1x, https:\/\/i0.wp.com\/noticiasribeiraopreto.com.br\/wp-content\/uploads\/2025\/06\/carloshausersite.jpg?fit=800%2C500&ssl=1&resize=525%2C300 1.5x, https:\/\/i0.wp.com\/noticiasribeiraopreto.com.br\/wp-content\/uploads\/2025\/06\/carloshausersite.jpg?fit=800%2C500&ssl=1&resize=700%2C400 2x"},"classes":[]},{"id":32745,"url":"https:\/\/noticiasribeiraopreto.com.br\/index.php\/2024\/01\/26\/exposicao-centenario-da-cerveja-niger-e-prorrogada-ate-fevereiro\/","url_meta":{"origin":79472,"position":1},"title":"Exposi\u00e7\u00e3o \u201cCenten\u00e1rio da Cerveja Niger\u201d \u00e9 prorrogada at\u00e9 fevereiro \u2013 Folha de Ribeir\u00e3o","author":"noticiasribeiraopreto.com.br","date":"26 de January de 2024","format":false,"excerpt":"A exposi\u00e7\u00e3o \u201cCenten\u00e1rio da Cerveja Niger\u201d que estreou em dezembro e teve a sua temporada no Centro Cultural Palace de Ribeir\u00e3o Preto, foi prorrogada at\u00e9 o pr\u00f3ximo dia 03 de fevereiro. Ela apresenta e celebra a centen\u00e1ria trajet\u00f3ria da Cerveja Niger, uma marca emblem\u00e1tica da hist\u00f3rica Cervejaria Paulista. Ao lado\u2026","rel":"","context":"In &quot;Not\u00edcias de Ribeir\u00e3o Preto-SP e Regi\u00e3o&quot;","block_context":{"text":"Not\u00edcias de Ribeir\u00e3o Preto-SP e Regi\u00e3o","link":"https:\/\/noticiasribeiraopreto.com.br\/index.php\/category\/noticias-de-ribeirao-preto-sp-e-regiao-ismael-colosi\/"},"img":{"alt_text":"","src":"https:\/\/i0.wp.com\/noticiasribeiraopreto.com.br\/wp-content\/uploads\/2024\/01\/exposicao_niger_1.jpeg?fit=1200%2C900&ssl=1&resize=350%2C200","width":350,"height":200,"srcset":"https:\/\/i0.wp.com\/noticiasribeiraopreto.com.br\/wp-content\/uploads\/2024\/01\/exposicao_niger_1.jpeg?fit=1200%2C900&ssl=1&resize=350%2C200 1x, https:\/\/i0.wp.com\/noticiasribeiraopreto.com.br\/wp-content\/uploads\/2024\/01\/exposicao_niger_1.jpeg?fit=1200%2C900&ssl=1&resize=525%2C300 1.5x, https:\/\/i0.wp.com\/noticiasribeiraopreto.com.br\/wp-content\/uploads\/2024\/01\/exposicao_niger_1.jpeg?fit=1200%2C900&ssl=1&resize=700%2C400 2x, https:\/\/i0.wp.com\/noticiasribeiraopreto.com.br\/wp-content\/uploads\/2024\/01\/exposicao_niger_1.jpeg?fit=1200%2C900&ssl=1&resize=1050%2C600 3x"},"classes":[]},{"id":75009,"url":"https:\/\/noticiasribeiraopreto.com.br\/index.php\/2025\/08\/01\/dia-da-cerveja-ribeirao-preto-e-a-capital-do-chope-e-das-artesanais\/","url_meta":{"origin":79472,"position":2},"title":"Dia da Cerveja: Ribeir\u00e3o Preto \u00e9 a Capital do Chope e das Artesanais","author":"noticiasribeiraopreto.com.br","date":"1 de August de 2025","format":false,"excerpt":"O Dia da Cerveja \u00e9 comemorado nesta sexta-feira (1\u00ba de agosto) e, Ribeir\u00e3o Preto \u00e9 desde o ano passado a Capital do Chope e das Cervejas Artesanais. O t\u00edtulo foi concedido por meio de um projeto de lei aprovado pela Alesp (Assembleia Legislativa de S\u00e3o Paulo) e sancionado pelo governador\u2026","rel":"","context":"In &quot;Not\u00edcias de Ribeir\u00e3o Preto-SP e Regi\u00e3o&quot;","block_context":{"text":"Not\u00edcias de Ribeir\u00e3o Preto-SP e Regi\u00e3o","link":"https:\/\/noticiasribeiraopreto.com.br\/index.php\/category\/noticias-de-ribeirao-preto-sp-e-regiao-ismael-colosi\/"},"img":{"alt_text":"","src":"https:\/\/i0.wp.com\/noticiasribeiraopreto.com.br\/wp-content\/uploads\/2025\/06\/cerveja-artesanal_2025-06-17_14-49-37.webp.webp?fit=1200%2C675&ssl=1&resize=350%2C200","width":350,"height":200,"srcset":"https:\/\/i0.wp.com\/noticiasribeiraopreto.com.br\/wp-content\/uploads\/2025\/06\/cerveja-artesanal_2025-06-17_14-49-37.webp.webp?fit=1200%2C675&ssl=1&resize=350%2C200 1x, https:\/\/i0.wp.com\/noticiasribeiraopreto.com.br\/wp-content\/uploads\/2025\/06\/cerveja-artesanal_2025-06-17_14-49-37.webp.webp?fit=1200%2C675&ssl=1&resize=525%2C300 1.5x, https:\/\/i0.wp.com\/noticiasribeiraopreto.com.br\/wp-content\/uploads\/2025\/06\/cerveja-artesanal_2025-06-17_14-49-37.webp.webp?fit=1200%2C675&ssl=1&resize=700%2C400 2x, https:\/\/i0.wp.com\/noticiasribeiraopreto.com.br\/wp-content\/uploads\/2025\/06\/cerveja-artesanal_2025-06-17_14-49-37.webp.webp?fit=1200%2C675&ssl=1&resize=1050%2C600 3x"},"classes":[]},{"id":61139,"url":"https:\/\/noticiasribeiraopreto.com.br\/index.php\/2024\/12\/04\/quem-criou-o-termo-california-brasileira-para-ribeirao-preto\/","url_meta":{"origin":79472,"position":3},"title":"Quem criou o termo &#8216;Calif\u00f3rnia Brasileira&#8217; para Ribeir\u00e3o Preto?","author":"noticiasribeiraopreto.com.br","date":"4 de December de 2024","format":false,"excerpt":"Um dos termos que mais s\u00e3o relacionados com Ribeir\u00e3o Preto na internet \u00e9 \u201cCalif\u00f3rnia Brasileira\u201d, contudo, poucas pessoas sabem quem foi o respons\u00e1vel por criar o apelido que ganhou popularidade entre o fim dos anos de 1980 e o in\u00edcio dos anos de 1990. A express\u00e3o foi muito utilizada por\u2026","rel":"","context":"In &quot;Not\u00edcias de Ribeir\u00e3o Preto-SP e Regi\u00e3o&quot;","block_context":{"text":"Not\u00edcias de Ribeir\u00e3o Preto-SP e Regi\u00e3o","link":"https:\/\/noticiasribeiraopreto.com.br\/index.php\/category\/noticias-de-ribeirao-preto-sp-e-regiao-ismael-colosi\/"},"img":{"alt_text":"","src":"https:\/\/i0.wp.com\/noticiasribeiraopreto.com.br\/wp-content\/uploads\/2024\/08\/PORTICO-FERNANDO-GONZAGA_2024-07-05_14-45-59_jpeg_2024-07-05_14-45-59.webp.webp?fit=1200%2C800&ssl=1&resize=350%2C200","width":350,"height":200,"srcset":"https:\/\/i0.wp.com\/noticiasribeiraopreto.com.br\/wp-content\/uploads\/2024\/08\/PORTICO-FERNANDO-GONZAGA_2024-07-05_14-45-59_jpeg_2024-07-05_14-45-59.webp.webp?fit=1200%2C800&ssl=1&resize=350%2C200 1x, https:\/\/i0.wp.com\/noticiasribeiraopreto.com.br\/wp-content\/uploads\/2024\/08\/PORTICO-FERNANDO-GONZAGA_2024-07-05_14-45-59_jpeg_2024-07-05_14-45-59.webp.webp?fit=1200%2C800&ssl=1&resize=525%2C300 1.5x, https:\/\/i0.wp.com\/noticiasribeiraopreto.com.br\/wp-content\/uploads\/2024\/08\/PORTICO-FERNANDO-GONZAGA_2024-07-05_14-45-59_jpeg_2024-07-05_14-45-59.webp.webp?fit=1200%2C800&ssl=1&resize=700%2C400 2x, https:\/\/i0.wp.com\/noticiasribeiraopreto.com.br\/wp-content\/uploads\/2024\/08\/PORTICO-FERNANDO-GONZAGA_2024-07-05_14-45-59_jpeg_2024-07-05_14-45-59.webp.webp?fit=1200%2C800&ssl=1&resize=1050%2C600 3x"},"classes":[]},{"id":83010,"url":"https:\/\/noticiasribeiraopreto.com.br\/index.php\/2026\/03\/06\/cervejarias-do-interior-de-sp-sao-eleitas-as-melhores-do-estado-em-concurso-nacional\/","url_meta":{"origin":79472,"position":4},"title":"Cervejarias do interior de SP s\u00e3o eleitas as melhores do estado em concurso nacional","author":"noticiasribeiraopreto.com.br","date":"6 de March de 2026","format":false,"excerpt":"Duas cervejarias de Ribeir\u00e3o Preto e uma de Sert\u00e3ozinho foram eleitas as melhores do estado de S\u00e3o Paulo no 14\u00ba Concurso Brasileiro de Cervejas (CBC). A premia\u00e7\u00e3o aconteceu na \u00faltima ter\u00e7a-feira (3), durante evento realizado em Uberl\u00e2ndia-MG. Al\u00e9m do reconhecimento entre as melhores do estado, as tr\u00eas cervejarias tamb\u00e9m conquistaram\u2026","rel":"","context":"In &quot;Not\u00edcias de Ribeir\u00e3o Preto-SP e Regi\u00e3o&quot;","block_context":{"text":"Not\u00edcias de Ribeir\u00e3o Preto-SP e Regi\u00e3o","link":"https:\/\/noticiasribeiraopreto.com.br\/index.php\/category\/noticias-de-ribeirao-preto-sp-e-regiao-ismael-colosi\/"},"img":{"alt_text":"","src":"https:\/\/i0.wp.com\/noticiasribeiraopreto.com.br\/wp-content\/uploads\/2026\/03\/mid-section-bar-tender-filling-beer-from-bar-pump_2026-03-05_22-44-07.webp.webp?fit=1200%2C800&ssl=1&resize=350%2C200","width":350,"height":200,"srcset":"https:\/\/i0.wp.com\/noticiasribeiraopreto.com.br\/wp-content\/uploads\/2026\/03\/mid-section-bar-tender-filling-beer-from-bar-pump_2026-03-05_22-44-07.webp.webp?fit=1200%2C800&ssl=1&resize=350%2C200 1x, https:\/\/i0.wp.com\/noticiasribeiraopreto.com.br\/wp-content\/uploads\/2026\/03\/mid-section-bar-tender-filling-beer-from-bar-pump_2026-03-05_22-44-07.webp.webp?fit=1200%2C800&ssl=1&resize=525%2C300 1.5x, https:\/\/i0.wp.com\/noticiasribeiraopreto.com.br\/wp-content\/uploads\/2026\/03\/mid-section-bar-tender-filling-beer-from-bar-pump_2026-03-05_22-44-07.webp.webp?fit=1200%2C800&ssl=1&resize=700%2C400 2x, https:\/\/i0.wp.com\/noticiasribeiraopreto.com.br\/wp-content\/uploads\/2026\/03\/mid-section-bar-tender-filling-beer-from-bar-pump_2026-03-05_22-44-07.webp.webp?fit=1200%2C800&ssl=1&resize=1050%2C600 3x"},"classes":[]},{"id":75363,"url":"https:\/\/noticiasribeiraopreto.com.br\/index.php\/2025\/08\/07\/ribeirao-preto-sobe-no-ranking-das-cervejas-confira-o-top-10\/","url_meta":{"origin":79472,"position":5},"title":"Ribeir\u00e3o Preto sobe no ranking das cervejas; Confira o top 10","author":"noticiasribeiraopreto.com.br","date":"7 de August de 2025","format":false,"excerpt":"Ribeir\u00e3o Preto subiu duas posi\u00e7\u00f5es no ranking de cervejas registradas, segundo o Anu\u00e1rio da Cerveja 2025*, divulgado pelo Minist\u00e9rio da Agricultura e Pecu\u00e1ria na \u00faltima ter\u00e7a-feira (5). De acordo com o levantamento, Ribeir\u00e3o Preto \u00e9 a oitava cidade com mais r\u00f3tulos registrados (755 no total), e subiu duas posi\u00e7\u00f5es em\u2026","rel":"","context":"In &quot;Not\u00edcias de Ribeir\u00e3o Preto-SP e Regi\u00e3o&quot;","block_context":{"text":"Not\u00edcias de Ribeir\u00e3o Preto-SP e Regi\u00e3o","link":"https:\/\/noticiasribeiraopreto.com.br\/index.php\/category\/noticias-de-ribeirao-preto-sp-e-regiao-ismael-colosi\/"},"img":{"alt_text":"","src":"https:\/\/i0.wp.com\/noticiasribeiraopreto.com.br\/wp-content\/uploads\/2025\/08\/cerveja_2025-08-07_14-50-54.webp.webp?fit=1200%2C800&ssl=1&resize=350%2C200","width":350,"height":200,"srcset":"https:\/\/i0.wp.com\/noticiasribeiraopreto.com.br\/wp-content\/uploads\/2025\/08\/cerveja_2025-08-07_14-50-54.webp.webp?fit=1200%2C800&ssl=1&resize=350%2C200 1x, https:\/\/i0.wp.com\/noticiasribeiraopreto.com.br\/wp-content\/uploads\/2025\/08\/cerveja_2025-08-07_14-50-54.webp.webp?fit=1200%2C800&ssl=1&resize=525%2C300 1.5x, https:\/\/i0.wp.com\/noticiasribeiraopreto.com.br\/wp-content\/uploads\/2025\/08\/cerveja_2025-08-07_14-50-54.webp.webp?fit=1200%2C800&ssl=1&resize=700%2C400 2x, https:\/\/i0.wp.com\/noticiasribeiraopreto.com.br\/wp-content\/uploads\/2025\/08\/cerveja_2025-08-07_14-50-54.webp.webp?fit=1200%2C800&ssl=1&resize=1050%2C600 3x"},"classes":[]}],"jetpack_sharing_enabled":true,"jetpack_shortlink":"https:\/\/wp.me\/peQAOb-kFO","_links":{"self":[{"href":"https:\/\/noticiasribeiraopreto.com.br\/index.php\/wp-json\/wp\/v2\/posts\/79472","targetHints":{"allow":["GET"]}}],"collection":[{"href":"https:\/\/noticiasribeiraopreto.com.br\/index.php\/wp-json\/wp\/v2\/posts"}],"about":[{"href":"https:\/\/noticiasribeiraopreto.com.br\/index.php\/wp-json\/wp\/v2\/types\/post"}],"author":[{"embeddable":true,"href":"https:\/\/noticiasribeiraopreto.com.br\/index.php\/wp-json\/wp\/v2\/users\/1"}],"replies":[{"embeddable":true,"href":"https:\/\/noticiasribeiraopreto.com.br\/index.php\/wp-json\/wp\/v2\/comments?post=79472"}],"version-history":[{"count":0,"href":"https:\/\/noticiasribeiraopreto.com.br\/index.php\/wp-json\/wp\/v2\/posts\/79472\/revisions"}],"wp:featuredmedia":[{"embeddable":true,"href":"https:\/\/noticiasribeiraopreto.com.br\/index.php\/wp-json\/wp\/v2\/media\/79473"}],"wp:attachment":[{"href":"https:\/\/noticiasribeiraopreto.com.br\/index.php\/wp-json\/wp\/v2\/media?parent=79472"}],"wp:term":[{"taxonomy":"category","embeddable":true,"href":"https:\/\/noticiasribeiraopreto.com.br\/index.php\/wp-json\/wp\/v2\/categories?post=79472"},{"taxonomy":"post_tag","embeddable":true,"href":"https:\/\/noticiasribeiraopreto.com.br\/index.php\/wp-json\/wp\/v2\/tags?post=79472"}],"curies":[{"name":"wp","href":"https:\/\/api.w.org\/{rel}","templated":true}]}}