{"id":79476,"date":"2025-11-02T12:22:43","date_gmt":"2025-11-02T15:22:43","guid":{"rendered":"https:\/\/noticiasribeiraopreto.com.br\/index.php\/2025\/11\/02\/chuva-de-granizo-cobre-ruas-com-gelo-na-regiao-de-ribeirao-preto-veja-o-video\/"},"modified":"2025-11-02T12:22:43","modified_gmt":"2025-11-02T15:22:43","slug":"chuva-de-granizo-cobre-ruas-com-gelo-na-regiao-de-ribeirao-preto-veja-o-video","status":"publish","type":"post","link":"https:\/\/noticiasribeiraopreto.com.br\/index.php\/2025\/11\/02\/chuva-de-granizo-cobre-ruas-com-gelo-na-regiao-de-ribeirao-preto-veja-o-video\/","title":{"rendered":"Chuva de granizo cobre ruas com gelo na regi\u00e3o de Ribeir\u00e3o Preto; veja o v\u00eddeo"},"content":{"rendered":"<div class='code-block code-block-1' style='margin: 8px 0 8px auto; text-align: right; display: block; clear: both;'>\n<p><a href=\"https:\/\/wa.link\/vpicfd\"><img data-recalc-dims=\"1\" class=\"wp-image-4922\" style=\"aspect-ratio: 2.0253164556962027; width: 561px; height: auto;\" src=\"https:\/\/i0.wp.com\/ismaelcolosi.com.br\/wp-content\/uploads\/2023\/11\/grupo-de-empregos-whatsapp-e-facebook-ismael-colosi-vagas.jpg?ssl=1\" alt=\"\" \/><\/a><\/p>\n<!-- \/wp:image -->\n<\/div>\n<p> <br \/>\n<\/p>\n<div data-td-block-uid=\"tdi_95\">\n<div class=\"tdb-block-inner td-fix-index\">\n<p>A chuva de granizo surpreendeu os moradores de<strong> Monte Alto<\/strong>, na regi\u00e3o de<strong> Ribeir\u00e3o Preto<\/strong>, na noite do \u00faltimo s\u00e1bado (1\u00ba de novembro) \u2013 veja abaixo.<\/p>\n<blockquote class=\"instagram-media\" data-instgrm-permalink=\"https:\/\/www.instagram.com\/reel\/DQjrcx9Dgui\/?utm_source=ig_embed&amp;utm_campaign=loading\" data-instgrm-version=\"14\" style=\" background:#FFF; border:0; border-radius:3px; box-shadow:0 0 1px 0 rgba(0,0,0,0.5),0 1px 10px 0 rgba(0,0,0,0.15); margin: 1px; max-width:540px; min-width:326px; padding:0; width:99.375%; width:-webkit-calc(100% - 2px); width:calc(100% - 2px);\"\/>\n<p>As pedras de gelo cobriram as ruas do Centro da cidade. Os moradores contam que a chuva durou cerca de cinco minutos.<\/p>\n<h2 class=\"wp-block-heading\"><strong>Alerta do Inmet<\/strong><\/h2>\n<p>A regi\u00e3o de Ribeir\u00e3o Preto est\u00e1 em alerta de perigo para tempestades v\u00e1lido at\u00e9 10h de segunda-feira (3), segundo o <strong><a href=\"https:\/\/alertas2.inmet.gov.br\/52140\" data-type=\"link\" data-id=\"https:\/\/alertas2.inmet.gov.br\/52140\" target=\"_blank\" rel=\"noopener\">Inmet (Instituto Nacional de Meteorologia).<\/a><\/strong><\/p>\n<p>Pode chover o acumulado de at\u00e9 100 mil\u00edmetros ao longo do dia, com ventos entre 60 km\/h e 100 km\/h, al\u00e9m da possibilidade de chuva de granizo.<\/p>\n<p>SAIBA MAIS<br \/>Saque-anivers\u00e1rio do FGTS tem novas regras; confira o que muda<\/p>\n<h2 class=\"wp-block-heading\"><strong>FIQUE ON<\/strong><\/h2>\n<p>Fique ligado em tudo que acontece em Ribeir\u00e3o Preto e regi\u00e3o. Siga os perfis do<strong>\u00a0acidade on\u00a0<\/strong>no<a href=\"https:\/\/www.instagram.com\/acidadeonribeirao\" target=\"_blank\" rel=\"noreferrer noopener\">\u00a0Instagram\u00a0<\/a>e no\u00a0<a href=\"https:\/\/www.facebook.com\/acidadeonribeirao\/\" target=\"_blank\" rel=\"noreferrer noopener\">Facebook<\/a>.<\/p>\n<p>Receba not\u00edcias do<strong>\u00a0acidade on<\/strong>\u00a0no WhatsApp. Para entrar no grupo,\u00a0basta\u00a0<a href=\"https:\/\/chat.whatsapp.com\/I4nieTEMKlf50pJ28aMemC?mode=ac_t\" target=\"_blank\" rel=\"noreferrer noopener\">clicar aqui<\/a>. Ou, acesse o nosso\u00a0Canal<a href=\"https:\/\/whatsapp.com\/channel\/0029Vb6IQl1JENyAeS57fk2p\" target=\"_blank\" rel=\"noreferrer noopener\">\u00a0clicando aqui<\/a>.<\/p>\n<p>Fa\u00e7a uma den\u00fancia ou sugira uma reportagem sobre Ribeir\u00e3o Preto e regi\u00e3o pelo WhatsApp: 16 99117 7802.<\/p>\n<p>VEJA TAMB\u00c9M<br \/>O que \u00e9 o 3I\/ATLAS?<\/p>\n<p><!-- AI CONTENT END 1 -->\n<\/div>\n<\/div>\n<p><script async src=\"\/\/www.instagram.com\/embed.js\"><\/script><br \/>\n<br \/><br \/>\n<br \/><a href=\"https:\/\/www.acidadeon.com\/ribeiraopreto\/cotidiano\/chuva-de-granizo-cobre-ruas-com-gelo-na-regiao-de-ribeirao-preto-veja-o-video\/\">Source link <\/a><\/p>\n<!-- CONTENT END 1 -->\n","protected":false},"excerpt":{"rendered":"<p>A chuva de granizo surpreendeu os moradores de Monte Alto, na regi\u00e3o de Ribeir\u00e3o Preto, na noite do \u00faltimo s\u00e1bado (1\u00ba de novembro) \u2013 veja&#8230;<\/p>\n","protected":false},"author":1,"featured_media":79477,"comment_status":"open","ping_status":"open","sticky":false,"template":"","format":"standard","meta":{"advanced_seo_description":"","jetpack_seo_html_title":"","jetpack_seo_noindex":false,"jetpack_post_was_ever_published":false,"_jetpack_newsletter_access":"","_jetpack_dont_email_post_to_subs":false,"_jetpack_newsletter_tier_id":0,"_jetpack_memberships_contains_paywalled_content":false,"_jetpack_memberships_contains_paid_content":false,"footnotes":"","jetpack_publicize_message":"","jetpack_publicize_feature_enabled":true,"jetpack_social_post_already_shared":true,"jetpack_social_options":{"image_generator_settings":{"template":"highway","default_image_id":0,"font":"","enabled":false},"version":2}},"categories":[11],"tags":[],"class_list":["post-79476","post","type-post","status-publish","format-standard","has-post-thumbnail","hentry","category-noticias-de-ribeirao-preto-sp-e-regiao-ismael-colosi"],"jetpack_publicize_connections":[],"jetpack_featured_media_url":"https:\/\/i0.wp.com\/noticiasribeiraopreto.com.br\/wp-content\/uploads\/2025\/11\/granizo_2025-11-02_14-34-40.webp.webp?fit=1200%2C674&ssl=1","jetpack-related-posts":[{"id":81695,"url":"https:\/\/noticiasribeiraopreto.com.br\/index.php\/2026\/01\/14\/moradores-de-ribeirao-registram-chuva-com-granizo-em-bairros-das-zonas-leste-e-sul-veja-video\/","url_meta":{"origin":79476,"position":0},"title":"Moradores de Ribeir\u00e3o registram chuva com granizo em bairros das zonas Leste e Sul; Veja v\u00eddeo","author":"noticiasribeiraopreto.com.br","date":"14 de January de 2026","format":false,"excerpt":"Moradores das zonas Leste e Sul de Ribeir\u00e3o Preto registraram chuva com granizo na tarde desta ter\u00e7a-feira (13). Os registros das pedras de gelo foram feitos nos bairros Vila Abranches e Jardim Bot\u00e2nico \u2013 veja o v\u00eddeo logo abaixo. Ao acidade on, a RP Mobi, empresa de mobilidade urbana de\u2026","rel":"","context":"In &quot;Not\u00edcias de Ribeir\u00e3o Preto-SP e Regi\u00e3o&quot;","block_context":{"text":"Not\u00edcias de Ribeir\u00e3o Preto-SP e Regi\u00e3o","link":"https:\/\/noticiasribeiraopreto.com.br\/index.php\/category\/noticias-de-ribeirao-preto-sp-e-regiao-ismael-colosi\/"},"img":{"alt_text":"","src":"https:\/\/i0.wp.com\/noticiasribeiraopreto.com.br\/wp-content\/uploads\/2026\/01\/domingo-87_2026-01-13_20-30-31.webp.webp?fit=1200%2C675&ssl=1&resize=350%2C200","width":350,"height":200,"srcset":"https:\/\/i0.wp.com\/noticiasribeiraopreto.com.br\/wp-content\/uploads\/2026\/01\/domingo-87_2026-01-13_20-30-31.webp.webp?fit=1200%2C675&ssl=1&resize=350%2C200 1x, https:\/\/i0.wp.com\/noticiasribeiraopreto.com.br\/wp-content\/uploads\/2026\/01\/domingo-87_2026-01-13_20-30-31.webp.webp?fit=1200%2C675&ssl=1&resize=525%2C300 1.5x, https:\/\/i0.wp.com\/noticiasribeiraopreto.com.br\/wp-content\/uploads\/2026\/01\/domingo-87_2026-01-13_20-30-31.webp.webp?fit=1200%2C675&ssl=1&resize=700%2C400 2x, https:\/\/i0.wp.com\/noticiasribeiraopreto.com.br\/wp-content\/uploads\/2026\/01\/domingo-87_2026-01-13_20-30-31.webp.webp?fit=1200%2C675&ssl=1&resize=1050%2C600 3x"},"classes":[]},{"id":58166,"url":"https:\/\/noticiasribeiraopreto.com.br\/index.php\/2024\/09\/20\/regiao-de-ribeirao-preto-registra-chuva-de-granizo-veja-video\/","url_meta":{"origin":79476,"position":1},"title":"Regi\u00e3o de Ribeir\u00e3o Preto registra chuva de granizo; Veja v\u00eddeo","author":"noticiasribeiraopreto.com.br","date":"20 de September de 2024","format":false,"excerpt":"Uma chuva de granizo foi registrada na tarde desta quinta (19), em Santo Ant\u00f4nio da Alegria, cidade a aproximadamente 90 quil\u00f4metros de Ribeir\u00e3o Preto, na divisa com Minas Gerais. O v\u00eddeo enviado por Neto Garcia Maia, de 63 anos, morador do Centro de Santo Ant\u00f4nio, mostra muitas pedras de gelo\u2026","rel":"","context":"In &quot;Not\u00edcias de Ribeir\u00e3o Preto-SP e Regi\u00e3o&quot;","block_context":{"text":"Not\u00edcias de Ribeir\u00e3o Preto-SP e Regi\u00e3o","link":"https:\/\/noticiasribeiraopreto.com.br\/index.php\/category\/noticias-de-ribeirao-preto-sp-e-regiao-ismael-colosi\/"},"img":{"alt_text":"","src":"https:\/\/i0.wp.com\/noticiasribeiraopreto.com.br\/wp-content\/uploads\/2024\/09\/WhatsApp-Image-2024-09-20-at-08.36.38_2024-09-20_11-37-06_jpeg_2024-09-20_11-37-06.webp.webp?fit=1200%2C675&ssl=1&resize=350%2C200","width":350,"height":200,"srcset":"https:\/\/i0.wp.com\/noticiasribeiraopreto.com.br\/wp-content\/uploads\/2024\/09\/WhatsApp-Image-2024-09-20-at-08.36.38_2024-09-20_11-37-06_jpeg_2024-09-20_11-37-06.webp.webp?fit=1200%2C675&ssl=1&resize=350%2C200 1x, https:\/\/i0.wp.com\/noticiasribeiraopreto.com.br\/wp-content\/uploads\/2024\/09\/WhatsApp-Image-2024-09-20-at-08.36.38_2024-09-20_11-37-06_jpeg_2024-09-20_11-37-06.webp.webp?fit=1200%2C675&ssl=1&resize=525%2C300 1.5x, https:\/\/i0.wp.com\/noticiasribeiraopreto.com.br\/wp-content\/uploads\/2024\/09\/WhatsApp-Image-2024-09-20-at-08.36.38_2024-09-20_11-37-06_jpeg_2024-09-20_11-37-06.webp.webp?fit=1200%2C675&ssl=1&resize=700%2C400 2x, https:\/\/i0.wp.com\/noticiasribeiraopreto.com.br\/wp-content\/uploads\/2024\/09\/WhatsApp-Image-2024-09-20-at-08.36.38_2024-09-20_11-37-06_jpeg_2024-09-20_11-37-06.webp.webp?fit=1200%2C675&ssl=1&resize=1050%2C600 3x"},"classes":[]},{"id":63457,"url":"https:\/\/noticiasribeiraopreto.com.br\/index.php\/2025\/02\/13\/regiao-de-ribeirao-preto-registra-chuva-de-granizo-veja-video-2\/","url_meta":{"origin":79476,"position":2},"title":"Regi\u00e3o de Ribeir\u00e3o Preto registra chuva de granizo; veja video","author":"noticiasribeiraopreto.com.br","date":"13 de February de 2025","format":false,"excerpt":"Na tarde desta quinta-feira (6), moradores de Batatais, na regi\u00e3ode Ribeir\u00e3o Preto registraram uma r\u00e1pida chuva de granizo na cidade. O\u00a0fen\u00f4meno \u00e9 causado por uma queda brusca de temperatura na atmosfera, que congela as gotas de \u00e1gua dentro das nuvens. Essas nuvens se formam em \u00e1reas quentes e \u00famidas. Veja\u2026","rel":"","context":"In &quot;Not\u00edcias de Ribeir\u00e3o Preto-SP e Regi\u00e3o&quot;","block_context":{"text":"Not\u00edcias de Ribeir\u00e3o Preto-SP e Regi\u00e3o","link":"https:\/\/noticiasribeiraopreto.com.br\/index.php\/category\/noticias-de-ribeirao-preto-sp-e-regiao-ismael-colosi\/"},"img":{"alt_text":"","src":"https:\/\/i0.wp.com\/noticiasribeiraopreto.com.br\/wp-content\/uploads\/2025\/02\/chuva_2025-02-13_19-18-28_png_2025-02-13_19-18-28.webp.webp?fit=1200%2C675&ssl=1&resize=350%2C200","width":350,"height":200,"srcset":"https:\/\/i0.wp.com\/noticiasribeiraopreto.com.br\/wp-content\/uploads\/2025\/02\/chuva_2025-02-13_19-18-28_png_2025-02-13_19-18-28.webp.webp?fit=1200%2C675&ssl=1&resize=350%2C200 1x, https:\/\/i0.wp.com\/noticiasribeiraopreto.com.br\/wp-content\/uploads\/2025\/02\/chuva_2025-02-13_19-18-28_png_2025-02-13_19-18-28.webp.webp?fit=1200%2C675&ssl=1&resize=525%2C300 1.5x, https:\/\/i0.wp.com\/noticiasribeiraopreto.com.br\/wp-content\/uploads\/2025\/02\/chuva_2025-02-13_19-18-28_png_2025-02-13_19-18-28.webp.webp?fit=1200%2C675&ssl=1&resize=700%2C400 2x, https:\/\/i0.wp.com\/noticiasribeiraopreto.com.br\/wp-content\/uploads\/2025\/02\/chuva_2025-02-13_19-18-28_png_2025-02-13_19-18-28.webp.webp?fit=1200%2C675&ssl=1&resize=1050%2C600 3x"},"classes":[]},{"id":81551,"url":"https:\/\/noticiasribeiraopreto.com.br\/index.php\/2026\/01\/09\/chuva-de-granizo-e-ventos-fortes-atingem-ribeirao-preto-veja-video\/","url_meta":{"origin":79476,"position":3},"title":"Chuva de granizo e ventos fortes atingem Ribeir\u00e3o Preto; veja v\u00eddeo","author":"noticiasribeiraopreto.com.br","date":"9 de January de 2026","format":false,"excerpt":"Ribeir\u00e3o Preto registrou chuva de granizo e ventos fortes na tarde desta quinta-feira (8). Veja v\u00eddeo: Na zona Norte, a queda de uma \u00e1rvore foi registrada na rua Tapaj\u00f3s. O incidente chamou a aten\u00e7\u00e3o de moradores e motoristas que transitavam pela regi\u00e3o no momento da tempestade. Foto: Ricardo Canaveze \/\u2026","rel":"","context":"In &quot;Not\u00edcias de Ribeir\u00e3o Preto-SP e Regi\u00e3o&quot;","block_context":{"text":"Not\u00edcias de Ribeir\u00e3o Preto-SP e Regi\u00e3o","link":"https:\/\/noticiasribeiraopreto.com.br\/index.php\/category\/noticias-de-ribeirao-preto-sp-e-regiao-ismael-colosi\/"},"img":{"alt_text":"","src":"https:\/\/i0.wp.com\/noticiasribeiraopreto.com.br\/wp-content\/uploads\/2026\/01\/domingo-34_2026-01-08_18-08-53.webp.webp?fit=1200%2C675&ssl=1&resize=350%2C200","width":350,"height":200,"srcset":"https:\/\/i0.wp.com\/noticiasribeiraopreto.com.br\/wp-content\/uploads\/2026\/01\/domingo-34_2026-01-08_18-08-53.webp.webp?fit=1200%2C675&ssl=1&resize=350%2C200 1x, https:\/\/i0.wp.com\/noticiasribeiraopreto.com.br\/wp-content\/uploads\/2026\/01\/domingo-34_2026-01-08_18-08-53.webp.webp?fit=1200%2C675&ssl=1&resize=525%2C300 1.5x, https:\/\/i0.wp.com\/noticiasribeiraopreto.com.br\/wp-content\/uploads\/2026\/01\/domingo-34_2026-01-08_18-08-53.webp.webp?fit=1200%2C675&ssl=1&resize=700%2C400 2x, https:\/\/i0.wp.com\/noticiasribeiraopreto.com.br\/wp-content\/uploads\/2026\/01\/domingo-34_2026-01-08_18-08-53.webp.webp?fit=1200%2C675&ssl=1&resize=1050%2C600 3x"},"classes":[]},{"id":81664,"url":"https:\/\/noticiasribeiraopreto.com.br\/index.php\/2026\/01\/13\/chuva-de-granizo-e-registrada-na-regiao-de-ribeirao-preto\/","url_meta":{"origin":79476,"position":4},"title":"Chuva de granizo \u00e9 registrada na regi\u00e3o de Ribeir\u00e3o Preto","author":"noticiasribeiraopreto.com.br","date":"13 de January de 2026","format":false,"excerpt":"Franca, na regi\u00e3o de Ribeir\u00e3o Preto, registrou chuva de granizo na tarde desta segunda-feira (12). O fen\u00f4meno ocorreu durante uma pancada de chuva e foi registrado por moradores. Veja v\u00eddeo: Franca, na regi\u00e3o de Ribeir\u00e3o Preto, registrou chuva de granizo na tarde desta segunda-feira (12). O fen\u00f4meno ocorreu durante uma\u2026","rel":"","context":"In &quot;Not\u00edcias de Ribeir\u00e3o Preto-SP e Regi\u00e3o&quot;","block_context":{"text":"Not\u00edcias de Ribeir\u00e3o Preto-SP e Regi\u00e3o","link":"https:\/\/noticiasribeiraopreto.com.br\/index.php\/category\/noticias-de-ribeirao-preto-sp-e-regiao-ismael-colosi\/"},"img":{"alt_text":"","src":"https:\/\/i0.wp.com\/noticiasribeiraopreto.com.br\/wp-content\/uploads\/2026\/01\/image_2026-01-12_19-53-01.webp.webp?fit=1200%2C675&ssl=1&resize=350%2C200","width":350,"height":200,"srcset":"https:\/\/i0.wp.com\/noticiasribeiraopreto.com.br\/wp-content\/uploads\/2026\/01\/image_2026-01-12_19-53-01.webp.webp?fit=1200%2C675&ssl=1&resize=350%2C200 1x, https:\/\/i0.wp.com\/noticiasribeiraopreto.com.br\/wp-content\/uploads\/2026\/01\/image_2026-01-12_19-53-01.webp.webp?fit=1200%2C675&ssl=1&resize=525%2C300 1.5x, https:\/\/i0.wp.com\/noticiasribeiraopreto.com.br\/wp-content\/uploads\/2026\/01\/image_2026-01-12_19-53-01.webp.webp?fit=1200%2C675&ssl=1&resize=700%2C400 2x, https:\/\/i0.wp.com\/noticiasribeiraopreto.com.br\/wp-content\/uploads\/2026\/01\/image_2026-01-12_19-53-01.webp.webp?fit=1200%2C675&ssl=1&resize=1050%2C600 3x"},"classes":[]},{"id":63227,"url":"https:\/\/noticiasribeiraopreto.com.br\/index.php\/2025\/02\/06\/ribeirao-preto-registra-chuva-de-granizo-veja-video\/","url_meta":{"origin":79476,"position":5},"title":"Ribeir\u00e3o Preto registra chuva de granizo; veja v\u00eddeo","author":"noticiasribeiraopreto.com.br","date":"6 de February de 2025","format":false,"excerpt":"Na tarde desta quinta-feira (6), moradores da zona Leste de Ribeir\u00e3o Preto registraram uma r\u00e1pida chuva de granizo na regi\u00e3o. O\u00a0fen\u00f4meno \u00e9 causado por uma queda brusca de temperatura na atmosfera, que congela as gotas de \u00e1gua dentro das nuvens. Essas nuvens se formam em \u00e1reas quentes e \u00famidas. Veja\u2026","rel":"","context":"In &quot;Not\u00edcias de Ribeir\u00e3o Preto-SP e Regi\u00e3o&quot;","block_context":{"text":"Not\u00edcias de Ribeir\u00e3o Preto-SP e Regi\u00e3o","link":"https:\/\/noticiasribeiraopreto.com.br\/index.php\/category\/noticias-de-ribeirao-preto-sp-e-regiao-ismael-colosi\/"},"img":{"alt_text":"","src":"https:\/\/i0.wp.com\/noticiasribeiraopreto.com.br\/wp-content\/uploads\/2025\/02\/Imagem-do-WhatsApp-de-2025-02-06-as-16.22.13_5c1197e8_2025-02-06_19-23-00_jpg_2025-02-06_19-23-00.webp.webp?fit=1200%2C777&ssl=1&resize=350%2C200","width":350,"height":200,"srcset":"https:\/\/i0.wp.com\/noticiasribeiraopreto.com.br\/wp-content\/uploads\/2025\/02\/Imagem-do-WhatsApp-de-2025-02-06-as-16.22.13_5c1197e8_2025-02-06_19-23-00_jpg_2025-02-06_19-23-00.webp.webp?fit=1200%2C777&ssl=1&resize=350%2C200 1x, https:\/\/i0.wp.com\/noticiasribeiraopreto.com.br\/wp-content\/uploads\/2025\/02\/Imagem-do-WhatsApp-de-2025-02-06-as-16.22.13_5c1197e8_2025-02-06_19-23-00_jpg_2025-02-06_19-23-00.webp.webp?fit=1200%2C777&ssl=1&resize=525%2C300 1.5x, https:\/\/i0.wp.com\/noticiasribeiraopreto.com.br\/wp-content\/uploads\/2025\/02\/Imagem-do-WhatsApp-de-2025-02-06-as-16.22.13_5c1197e8_2025-02-06_19-23-00_jpg_2025-02-06_19-23-00.webp.webp?fit=1200%2C777&ssl=1&resize=700%2C400 2x, https:\/\/i0.wp.com\/noticiasribeiraopreto.com.br\/wp-content\/uploads\/2025\/02\/Imagem-do-WhatsApp-de-2025-02-06-as-16.22.13_5c1197e8_2025-02-06_19-23-00_jpg_2025-02-06_19-23-00.webp.webp?fit=1200%2C777&ssl=1&resize=1050%2C600 3x"},"classes":[]}],"jetpack_sharing_enabled":true,"jetpack_shortlink":"https:\/\/wp.me\/peQAOb-kFS","_links":{"self":[{"href":"https:\/\/noticiasribeiraopreto.com.br\/index.php\/wp-json\/wp\/v2\/posts\/79476","targetHints":{"allow":["GET"]}}],"collection":[{"href":"https:\/\/noticiasribeiraopreto.com.br\/index.php\/wp-json\/wp\/v2\/posts"}],"about":[{"href":"https:\/\/noticiasribeiraopreto.com.br\/index.php\/wp-json\/wp\/v2\/types\/post"}],"author":[{"embeddable":true,"href":"https:\/\/noticiasribeiraopreto.com.br\/index.php\/wp-json\/wp\/v2\/users\/1"}],"replies":[{"embeddable":true,"href":"https:\/\/noticiasribeiraopreto.com.br\/index.php\/wp-json\/wp\/v2\/comments?post=79476"}],"version-history":[{"count":0,"href":"https:\/\/noticiasribeiraopreto.com.br\/index.php\/wp-json\/wp\/v2\/posts\/79476\/revisions"}],"wp:featuredmedia":[{"embeddable":true,"href":"https:\/\/noticiasribeiraopreto.com.br\/index.php\/wp-json\/wp\/v2\/media\/79477"}],"wp:attachment":[{"href":"https:\/\/noticiasribeiraopreto.com.br\/index.php\/wp-json\/wp\/v2\/media?parent=79476"}],"wp:term":[{"taxonomy":"category","embeddable":true,"href":"https:\/\/noticiasribeiraopreto.com.br\/index.php\/wp-json\/wp\/v2\/categories?post=79476"},{"taxonomy":"post_tag","embeddable":true,"href":"https:\/\/noticiasribeiraopreto.com.br\/index.php\/wp-json\/wp\/v2\/tags?post=79476"}],"curies":[{"name":"wp","href":"https:\/\/api.w.org\/{rel}","templated":true}]}}