{"id":7948,"date":"2023-11-29T06:37:41","date_gmt":"2023-11-29T09:37:41","guid":{"rendered":"https:\/\/noticiasribeiraopreto.com.br\/index.php\/2023\/11\/29\/seduc-do-para-abre-vagas-em-cursos-gratuitos-de-especializacao\/"},"modified":"2023-11-29T06:37:41","modified_gmt":"2023-11-29T09:37:41","slug":"seduc-do-para-abre-vagas-em-cursos-gratuitos-de-especializacao","status":"publish","type":"post","link":"https:\/\/noticiasribeiraopreto.com.br\/index.php\/2023\/11\/29\/seduc-do-para-abre-vagas-em-cursos-gratuitos-de-especializacao\/","title":{"rendered":"Seduc do Par\u00e1 abre vagas em cursos gratuitos de especializa\u00e7\u00e3o"},"content":{"rendered":"<div class='code-block code-block-1' style='margin: 8px 0 8px auto; text-align: right; display: block; clear: both;'>\n<p><a href=\"https:\/\/wa.link\/vpicfd\"><img data-recalc-dims=\"1\" class=\"wp-image-4922\" style=\"aspect-ratio: 2.0253164556962027; width: 561px; height: auto;\" src=\"https:\/\/i0.wp.com\/ismaelcolosi.com.br\/wp-content\/uploads\/2023\/11\/grupo-de-empregos-whatsapp-e-facebook-ismael-colosi-vagas.jpg?ssl=1\" alt=\"\" \/><\/a><\/p>\n<!-- \/wp:image -->\n<\/div>\n<p> <br \/>\n<\/p>\n<div>\n<p>A Secretaria de Estado de Educa\u00e7\u00e3o do Par\u00e1 (Seduc), em parceria com o Instituto \u00c2nima, segue com inscri\u00e7\u00f5es abertas para cursos gratuitos at\u00e9 12 de dezembro.<\/p>\n<p>As vagas s\u00e3o para cursos de especializa\u00e7\u00e3o em Educa\u00e7\u00e3o Ambiental (fa\u00e7a sua inscri\u00e7\u00e3o <a href=\"https:\/\/forms.gle\/pXVRoqZHvymdoshx5\" target=\"_blank\" rel=\"noopener\">aqui<\/a>) e em Coordena\u00e7\u00e3o Pedag\u00f3gica (clique <a href=\"https:\/\/forms.gle\/TbywbZ2q8i8yEjUm8\" target=\"_blank\" rel=\"noopener\">aqui<\/a>).<\/p>\n<div id=\"attachment_2315040\" class=\"wp-caption aligncenter\">\n<div class=\"d-flex justify-content-center\" data-attachment-id=\"2315040\">\n<div class=\"position-relative d-inline-block\"><img data-recalc-dims=\"1\" data-portal-copyright=\"Daniel Guimar\u00e3es\/Ascom Seduc\" decoding=\"async\" fetchpriority=\"high\" class=\"wp-image-2315040 size-full\" src=\"https:\/\/i0.wp.com\/catracalivre.com.br\/wp-content\/uploads\/2023\/11\/seduc-pa-cursos-gratuitos.jpg?resize=800%2C533&#038;ssl=1\" alt=\"Seduc abre vagas em cursos gratuitos de especializa\u00e7\u00e3o\" width=\"800\" height=\"533\" srcset=\"https:\/\/catracalivre.com.br\/wp-content\/uploads\/2023\/11\/seduc-pa-cursos-gratuitos.jpg 800w, https:\/\/catracalivre.com.br\/wp-content\/uploads\/2023\/11\/seduc-pa-cursos-gratuitos-450x300.jpg 450w, https:\/\/catracalivre.com.br\/wp-content\/uploads\/2023\/11\/seduc-pa-cursos-gratuitos-768x512.jpg 768w\" sizes=\"(max-width: 800px) 100vw, 800px\"\/><\/p>\n<p>Cr\u00e9ditos: Daniel Guimar\u00e3es\/Ascom Seduc<\/p>\n<\/div>\n<\/div>\n<p><span class=\"post-imagem__legenda\">Seduc abre vagas em cursos gratuitos de especializa\u00e7\u00e3o<\/span><\/p>\n<\/div>\n<p>Todos os cursos t\u00eam o objetivo de fomentar a atualiza\u00e7\u00e3o profissional do corpo docente da rede estadual com foco em a\u00e7\u00f5es de meio ambiente e gest\u00e3o, com nanocertifica\u00e7\u00f5es de 30 horas.<\/p>\n<h2>Quem podem se inscrever nos cursos gratuitos?<\/h2>\n<p>As vagas s\u00e3o destinadas a todos os profissionais graduados da educa\u00e7\u00e3o estadual, podendo optar entre Educa\u00e7\u00e3o Ambiental e Coordena\u00e7\u00e3o Pedag\u00f3gica com in\u00edcio das aulas em 2024.<\/p>\n<p>Com carga hor\u00e1ria de 380h, a p\u00f3s-gradua\u00e7\u00e3o nanocertificada conta com aulas semanais s\u00edncronas (intera\u00e7\u00e3o em tempo real entre os participantes) e atividades ass\u00edncronas (sem necessidade de intera\u00e7\u00e3o em tempo real).<\/p>\n<p>A a\u00e7\u00e3o oferta um conjunto de materiais para suporte e aprofundamento dos conte\u00fados das aulas s\u00edncronas.<\/p>\n<p><strong>Os cursos est\u00e3o divididos em tr\u00eas m\u00f3dulos:<\/strong><\/p>\n<ol>\n<li>M\u00f3dulo espec\u00edfico com 120h, em que o docente ir\u00e1 escolher a trilha espec\u00edfica que deseja seguir, entre Educa\u00e7\u00e3o Ambiental ou Coordena\u00e7\u00e3o Pedag\u00f3gica;<\/li>\n<li>M\u00f3dulo comum com 120h focado em compet\u00eancias nucleares;<\/li>\n<li>M\u00f3dulo eletivo com 140h em que os docentes ter\u00e3o a oportunidade de escolher disciplinas eletivas complementares.<\/li>\n<\/ol>\n<h3>Certifica\u00e7\u00e3o<\/h3>\n<p>O Instituto \u00c2nima \u00e9 respons\u00e1vel pela cria\u00e7\u00e3o do 1\u00ba curso de especializa\u00e7\u00e3o nanocertificada do pa\u00eds. Esse \u00e9 um conceito relacionado \u00e0 educa\u00e7\u00e3o e capacita\u00e7\u00e3o profissional altamente especializadas e focadas em compet\u00eancias espec\u00edficas.<\/p>\n<p>Diferentemente de programas de certifica\u00e7\u00e3o tradicionais, as nanocertifica\u00e7\u00f5es oferecem uma abordagem mais \u00e1gil e flex\u00edvel, permitindo adquirir habilidades e conhecimentos relevantes para as necessidades do mercado de trabalho de forma r\u00e1pida e eficiente.<\/p>\n<p>Criado em 2005 para representar as estrat\u00e9gias de atua\u00e7\u00e3o social do ecossistema \u00c2nima, o instituto tem por objetivo a produ\u00e7\u00e3o cient\u00edfica a partir de metodologias autorais, implementadas por meio de programas formativos, para apoiar a formula\u00e7\u00e3o de pol\u00edticas p\u00fablicas da educa\u00e7\u00e3o b\u00e1sica e do ensino superior.<\/p>\n<\/div>\n<p><script>\n\t\t! function(f, b, e, v, n, t, s) {\n\t\t\tif (f.fbq) return;\n\t\t\tn = f.fbq = function() {\n\t\t\t\tn.callMethod ?\n\t\t\t\t\tn.callMethod.apply(n, arguments) : n.queue.push(arguments)\n\t\t\t};\n\t\t\tif (!f._fbq) f._fbq = n;\n\t\t\tn.push = n;\n\t\t\tn.loaded = !0;\n\t\t\tn.version = '2.0';\n\t\t\tn.queue = [];\n\t\t\tt = b.createElement(e);\n\t\t\tt.async = !0;\n\t\t\tt.src = v;\n\t\t\ts = b.getElementsByTagName(e)[0];\n\t\t\ts.parentNode.insertBefore(t, s)\n\t\t}(window, document, 'script',\n\t\t\t'https:\/\/connect.facebook.net\/en_US\/fbevents.js');\n\t\tfbq('init', '338315473262380');\n\t\tfbq('track', 'PageView');\n\t<\/script><br \/>\n<br \/><br \/>\n<br \/><a href=\"https:\/\/catracalivre.com.br\/educacao\/seduc-do-para-abre-vagas-em-cursos-gratuitos-de-especializacao\/\">Source link <\/a><\/p>\n<!-- CONTENT END 1 -->\n","protected":false},"excerpt":{"rendered":"<p>A Secretaria de Estado de Educa\u00e7\u00e3o do Par\u00e1 (Seduc), em parceria com o Instituto \u00c2nima, segue com inscri\u00e7\u00f5es abertas para cursos gratuitos at\u00e9 12 de&#8230;<\/p>\n","protected":false},"author":1,"featured_media":7949,"comment_status":"open","ping_status":"open","sticky":false,"template":"","format":"standard","meta":{"advanced_seo_description":"","jetpack_seo_html_title":"","jetpack_seo_noindex":false,"jetpack_post_was_ever_published":false,"_jetpack_newsletter_access":"","_jetpack_dont_email_post_to_subs":false,"_jetpack_newsletter_tier_id":0,"_jetpack_memberships_contains_paywalled_content":false,"_jetpack_memberships_contains_paid_content":false,"footnotes":"","jetpack_publicize_message":"","jetpack_publicize_feature_enabled":true,"jetpack_social_post_already_shared":true,"jetpack_social_options":{"image_generator_settings":{"template":"highway","default_image_id":0,"font":"","enabled":false},"version":2}},"categories":[19],"tags":[],"class_list":["post-7948","post","type-post","status-publish","format-standard","has-post-thumbnail","hentry","category-variedades"],"jetpack_publicize_connections":[],"jetpack_featured_media_url":"https:\/\/i0.wp.com\/noticiasribeiraopreto.com.br\/wp-content\/uploads\/2023\/11\/seduc-pa-cursos-gratuitos.jpg?fit=1200%2C638&ssl=1","jetpack-related-posts":[{"id":10872,"url":"https:\/\/noticiasribeiraopreto.com.br\/index.php\/2023\/12\/05\/instituto-federal-de-santa-catarina-abre-vagas-em-cursos-gratuitos-de-especializacao\/","url_meta":{"origin":7948,"position":0},"title":"Instituto Federal de Santa Catarina abre vagas em cursos gratuitos de especializa\u00e7\u00e3o","author":"noticiasribeiraopreto.com.br","date":"5 de December de 2023","format":false,"excerpt":"As vagas s\u00e3o para os cursos de Ensino de L\u00edngua Estrangeira para a Educa\u00e7\u00e3o B\u00e1sica, Tecnologias para a Educa\u00e7\u00e3o Profissional e Tecnol\u00f3gica \u2013ambos na modalidade a dist\u00e2ncia (EaD) e Educa\u00e7\u00e3o Ambiental com \u00canfase na Forma\u00e7\u00e3o de Professores (curso presencial no campus S\u00e3o Jos\u00e9).Cr\u00e9ditos: Divulga\u00e7\u00e3o\/iFSCO processo seletivo para os tr\u00eas cursos\u2026","rel":"","context":"In &quot;Variedades&quot;","block_context":{"text":"Variedades","link":"https:\/\/noticiasribeiraopreto.com.br\/index.php\/category\/variedades\/"},"img":{"alt_text":"","src":"https:\/\/i0.wp.com\/noticiasribeiraopreto.com.br\/wp-content\/uploads\/2023\/12\/cursos-gratuitos-ifsc.jpg?fit=1200%2C638&ssl=1&resize=350%2C200","width":350,"height":200,"srcset":"https:\/\/i0.wp.com\/noticiasribeiraopreto.com.br\/wp-content\/uploads\/2023\/12\/cursos-gratuitos-ifsc.jpg?fit=1200%2C638&ssl=1&resize=350%2C200 1x, https:\/\/i0.wp.com\/noticiasribeiraopreto.com.br\/wp-content\/uploads\/2023\/12\/cursos-gratuitos-ifsc.jpg?fit=1200%2C638&ssl=1&resize=525%2C300 1.5x, https:\/\/i0.wp.com\/noticiasribeiraopreto.com.br\/wp-content\/uploads\/2023\/12\/cursos-gratuitos-ifsc.jpg?fit=1200%2C638&ssl=1&resize=700%2C400 2x, https:\/\/i0.wp.com\/noticiasribeiraopreto.com.br\/wp-content\/uploads\/2023\/12\/cursos-gratuitos-ifsc.jpg?fit=1200%2C638&ssl=1&resize=1050%2C600 3x"},"classes":[]},{"id":71899,"url":"https:\/\/noticiasribeiraopreto.com.br\/index.php\/2025\/06\/11\/jornal-da-franca-curso-superior-gratuito-e-online-universidade-aberta-do-brasil-recebe-inscricoes\/","url_meta":{"origin":7948,"position":1},"title":"Jornal da Franca &#8211; Curso superior gratuito e online: Universidade Aberta do Brasil recebe inscri\u00e7\u00f5es","author":"noticiasribeiraopreto.com.br","date":"11 de June de 2025","format":false,"excerpt":"compartilhar no whatsapp compartilhar no telegram compartilhar no facebook compartilhar no linkedin A Universidade Aberta do Brasil oferece cursos gratuitos e \u00e0 dist\u00e2ncia, de gradua\u00e7\u00e3o e especializa\u00e7\u00e3o em diversas \u00e1reas. A UAB (Universidade Aberta do Brasil) recebe, at\u00e9 \u00e0s 17h59 do dia 18 de junho, as inscri\u00e7\u00f5es para o processo\u2026","rel":"","context":"In &quot;Not\u00edcias de Franca-SP&quot;","block_context":{"text":"Not\u00edcias de Franca-SP","link":"https:\/\/noticiasribeiraopreto.com.br\/index.php\/category\/noticias-de-ribeirao-preto-sp-e-regiao-ismael-colosi\/noticias-franca-sp\/"},"img":{"alt_text":"","src":"https:\/\/i0.wp.com\/noticiasribeiraopreto.com.br\/wp-content\/uploads\/2025\/06\/essa-10.jpg?fit=1200%2C794&ssl=1&resize=350%2C200","width":350,"height":200,"srcset":"https:\/\/i0.wp.com\/noticiasribeiraopreto.com.br\/wp-content\/uploads\/2025\/06\/essa-10.jpg?fit=1200%2C794&ssl=1&resize=350%2C200 1x, https:\/\/i0.wp.com\/noticiasribeiraopreto.com.br\/wp-content\/uploads\/2025\/06\/essa-10.jpg?fit=1200%2C794&ssl=1&resize=525%2C300 1.5x, https:\/\/i0.wp.com\/noticiasribeiraopreto.com.br\/wp-content\/uploads\/2025\/06\/essa-10.jpg?fit=1200%2C794&ssl=1&resize=700%2C400 2x, https:\/\/i0.wp.com\/noticiasribeiraopreto.com.br\/wp-content\/uploads\/2025\/06\/essa-10.jpg?fit=1200%2C794&ssl=1&resize=1050%2C600 3x"},"classes":[]},{"id":16775,"url":"https:\/\/noticiasribeiraopreto.com.br\/index.php\/2023\/12\/16\/ufscar-abre-vagas-em-curso-gratuito-de-especializacao\/","url_meta":{"origin":7948,"position":2},"title":"UFSCar abre vagas em curso gratuito de especializa\u00e7\u00e3o","author":"noticiasribeiraopreto.com.br","date":"16 de December de 2023","format":false,"excerpt":"A Universidade Federal de S\u00e3o Carlos (UFSCar), no interior de S\u00e3o Paulo, est\u00e1 com inscri\u00e7\u00f5es abertas para a turma de 2024 do curso gratuito de especializa\u00e7\u00e3o em Ci\u00eancia do Treinamento da For\u00e7a. O curso conta com um corpo docente formado por professores e especialistas da pr\u00f3pria UFSCar, al\u00e9m de convidados\u2026","rel":"","context":"In &quot;Variedades&quot;","block_context":{"text":"Variedades","link":"https:\/\/noticiasribeiraopreto.com.br\/index.php\/category\/variedades\/"},"img":{"alt_text":"","src":"https:\/\/i0.wp.com\/noticiasribeiraopreto.com.br\/wp-content\/uploads\/2023\/12\/ufscar-1.jpg?fit=1200%2C638&ssl=1&resize=350%2C200","width":350,"height":200,"srcset":"https:\/\/i0.wp.com\/noticiasribeiraopreto.com.br\/wp-content\/uploads\/2023\/12\/ufscar-1.jpg?fit=1200%2C638&ssl=1&resize=350%2C200 1x, https:\/\/i0.wp.com\/noticiasribeiraopreto.com.br\/wp-content\/uploads\/2023\/12\/ufscar-1.jpg?fit=1200%2C638&ssl=1&resize=525%2C300 1.5x, https:\/\/i0.wp.com\/noticiasribeiraopreto.com.br\/wp-content\/uploads\/2023\/12\/ufscar-1.jpg?fit=1200%2C638&ssl=1&resize=700%2C400 2x, https:\/\/i0.wp.com\/noticiasribeiraopreto.com.br\/wp-content\/uploads\/2023\/12\/ufscar-1.jpg?fit=1200%2C638&ssl=1&resize=1050%2C600 3x"},"classes":[]},{"id":12050,"url":"https:\/\/noticiasribeiraopreto.com.br\/index.php\/2023\/12\/07\/universidade-federal-oferece-180-vagas-em-especializacao-gratuita-e-totalmente-ead\/","url_meta":{"origin":7948,"position":3},"title":"Universidade Federal oferece 180 vagas em especializa\u00e7\u00e3o gratuita e totalmente EAD","author":"noticiasribeiraopreto.com.br","date":"7 de December de 2023","format":false,"excerpt":"Foto: reprodu\u00e7\u00e3o adaptada google imagens As vagas nos cursos EAD oferecidas pela Universidade Federal do Pampa s\u00e3o para o curso de M\u00eddia e Educa\u00e7\u00e3o para especializa\u00e7\u00e3o de graduados A Universidade Federal do Pampa (UNIPAMPA) est\u00e1 abrindo as portas para 180 interessados que desejam se aprofundar no curso EAD de M\u00eddia\u2026","rel":"","context":"In &quot;Vagas de Emprego em Ribeir\u00e3o Preto-SP&quot;","block_context":{"text":"Vagas de Emprego em Ribeir\u00e3o Preto-SP","link":"https:\/\/noticiasribeiraopreto.com.br\/index.php\/category\/empregos-classificados-vagas-trabalho\/vagas-de-empregos-em-ribeirao-preto-regiao-brasil\/"},"img":{"alt_text":"","src":"https:\/\/i0.wp.com\/noticiasribeiraopreto.com.br\/wp-content\/uploads\/2023\/12\/Slide1-1-830x450.jpg?fit=830%2C450&ssl=1&resize=350%2C200","width":350,"height":200,"srcset":"https:\/\/i0.wp.com\/noticiasribeiraopreto.com.br\/wp-content\/uploads\/2023\/12\/Slide1-1-830x450.jpg?fit=830%2C450&ssl=1&resize=350%2C200 1x, https:\/\/i0.wp.com\/noticiasribeiraopreto.com.br\/wp-content\/uploads\/2023\/12\/Slide1-1-830x450.jpg?fit=830%2C450&ssl=1&resize=525%2C300 1.5x, https:\/\/i0.wp.com\/noticiasribeiraopreto.com.br\/wp-content\/uploads\/2023\/12\/Slide1-1-830x450.jpg?fit=830%2C450&ssl=1&resize=700%2C400 2x"},"classes":[]},{"id":10694,"url":"https:\/\/noticiasribeiraopreto.com.br\/index.php\/2023\/12\/04\/senai-abre-36-mil-vagas-em-cursos-gratuitos-no-distrito-federal-e-em-santa-catarina\/","url_meta":{"origin":7948,"position":4},"title":"Senai abre 36 mil vagas em cursos gratuitos no Distrito Federal e em Santa Catarina","author":"noticiasribeiraopreto.com.br","date":"4 de December de 2023","format":false,"excerpt":"O Servi\u00e7o Nacional de Aprendizagem Industrial (Senai) est\u00e1 com 36.673 vagas abertas em cursos gratuitos de qualifica\u00e7\u00e3o profissional em dois estados e tamb\u00e9m no Distrito Federal. H\u00e1 oportunidades em cursos gratuitos nos formatos presencial e remoto em diferentes \u00e1reas, como Alimentos e Bebidas, Comunica\u00e7\u00e3o, Engenharia, Inform\u00e1tica, Mec\u00e2nica e muito mais.\u2026","rel":"","context":"In &quot;Variedades&quot;","block_context":{"text":"Variedades","link":"https:\/\/noticiasribeiraopreto.com.br\/index.php\/category\/variedades\/"},"img":{"alt_text":"","src":"https:\/\/i0.wp.com\/noticiasribeiraopreto.com.br\/wp-content\/uploads\/2023\/12\/cursos-gratuitos-senai.jpg?fit=1200%2C638&ssl=1&resize=350%2C200","width":350,"height":200,"srcset":"https:\/\/i0.wp.com\/noticiasribeiraopreto.com.br\/wp-content\/uploads\/2023\/12\/cursos-gratuitos-senai.jpg?fit=1200%2C638&ssl=1&resize=350%2C200 1x, https:\/\/i0.wp.com\/noticiasribeiraopreto.com.br\/wp-content\/uploads\/2023\/12\/cursos-gratuitos-senai.jpg?fit=1200%2C638&ssl=1&resize=525%2C300 1.5x, https:\/\/i0.wp.com\/noticiasribeiraopreto.com.br\/wp-content\/uploads\/2023\/12\/cursos-gratuitos-senai.jpg?fit=1200%2C638&ssl=1&resize=700%2C400 2x, https:\/\/i0.wp.com\/noticiasribeiraopreto.com.br\/wp-content\/uploads\/2023\/12\/cursos-gratuitos-senai.jpg?fit=1200%2C638&ssl=1&resize=1050%2C600 3x"},"classes":[]},{"id":12780,"url":"https:\/\/noticiasribeiraopreto.com.br\/index.php\/2023\/12\/08\/unipampa-ofertas-vagas-em-cursos-gratuitos-a-distancia\/","url_meta":{"origin":7948,"position":5},"title":"Unipampa ofertas vagas em cursos gratuitos a dist\u00e2ncia","author":"noticiasribeiraopreto.com.br","date":"8 de December de 2023","format":false,"excerpt":"A Universidade Federal do Pampa (Unipampa) est\u00e1 recebendo inscri\u00e7\u00f5es at\u00e9 28 de dezembro de 2023 para tr\u00eas cursos gratuitos de especializa\u00e7\u00e3o na modalidade de ensino a dist\u00e2ncia (EaD). Cr\u00e9ditos: Rayssa Mambach\/Unipampa As capacita\u00e7\u00f5es s\u00e3o ofertadas por meio do programa Universidade Aberta do Brasil (UAB). S\u00e3o oferecidas mais de 300 vagas\u2026","rel":"","context":"In &quot;Variedades&quot;","block_context":{"text":"Variedades","link":"https:\/\/noticiasribeiraopreto.com.br\/index.php\/category\/variedades\/"},"img":{"alt_text":"","src":"https:\/\/i0.wp.com\/noticiasribeiraopreto.com.br\/wp-content\/uploads\/2023\/12\/cursos-gratuitos-unipampa.jpg?fit=1200%2C638&ssl=1&resize=350%2C200","width":350,"height":200,"srcset":"https:\/\/i0.wp.com\/noticiasribeiraopreto.com.br\/wp-content\/uploads\/2023\/12\/cursos-gratuitos-unipampa.jpg?fit=1200%2C638&ssl=1&resize=350%2C200 1x, https:\/\/i0.wp.com\/noticiasribeiraopreto.com.br\/wp-content\/uploads\/2023\/12\/cursos-gratuitos-unipampa.jpg?fit=1200%2C638&ssl=1&resize=525%2C300 1.5x, https:\/\/i0.wp.com\/noticiasribeiraopreto.com.br\/wp-content\/uploads\/2023\/12\/cursos-gratuitos-unipampa.jpg?fit=1200%2C638&ssl=1&resize=700%2C400 2x, https:\/\/i0.wp.com\/noticiasribeiraopreto.com.br\/wp-content\/uploads\/2023\/12\/cursos-gratuitos-unipampa.jpg?fit=1200%2C638&ssl=1&resize=1050%2C600 3x"},"classes":[]}],"jetpack_sharing_enabled":true,"jetpack_shortlink":"https:\/\/wp.me\/peQAOb-24c","_links":{"self":[{"href":"https:\/\/noticiasribeiraopreto.com.br\/index.php\/wp-json\/wp\/v2\/posts\/7948","targetHints":{"allow":["GET"]}}],"collection":[{"href":"https:\/\/noticiasribeiraopreto.com.br\/index.php\/wp-json\/wp\/v2\/posts"}],"about":[{"href":"https:\/\/noticiasribeiraopreto.com.br\/index.php\/wp-json\/wp\/v2\/types\/post"}],"author":[{"embeddable":true,"href":"https:\/\/noticiasribeiraopreto.com.br\/index.php\/wp-json\/wp\/v2\/users\/1"}],"replies":[{"embeddable":true,"href":"https:\/\/noticiasribeiraopreto.com.br\/index.php\/wp-json\/wp\/v2\/comments?post=7948"}],"version-history":[{"count":0,"href":"https:\/\/noticiasribeiraopreto.com.br\/index.php\/wp-json\/wp\/v2\/posts\/7948\/revisions"}],"wp:featuredmedia":[{"embeddable":true,"href":"https:\/\/noticiasribeiraopreto.com.br\/index.php\/wp-json\/wp\/v2\/media\/7949"}],"wp:attachment":[{"href":"https:\/\/noticiasribeiraopreto.com.br\/index.php\/wp-json\/wp\/v2\/media?parent=7948"}],"wp:term":[{"taxonomy":"category","embeddable":true,"href":"https:\/\/noticiasribeiraopreto.com.br\/index.php\/wp-json\/wp\/v2\/categories?post=7948"},{"taxonomy":"post_tag","embeddable":true,"href":"https:\/\/noticiasribeiraopreto.com.br\/index.php\/wp-json\/wp\/v2\/tags?post=7948"}],"curies":[{"name":"wp","href":"https:\/\/api.w.org\/{rel}","templated":true}]}}