{"id":79480,"date":"2025-11-02T12:39:11","date_gmt":"2025-11-02T15:39:11","guid":{"rendered":"https:\/\/noticiasribeiraopreto.com.br\/index.php\/2025\/11\/02\/temporal-derruba-arvore-de-grande-porte-ao-lado-do-antigo-ps-central-de-ribeirao-preto\/"},"modified":"2025-11-02T12:39:11","modified_gmt":"2025-11-02T15:39:11","slug":"temporal-derruba-arvore-de-grande-porte-ao-lado-do-antigo-ps-central-de-ribeirao-preto","status":"publish","type":"post","link":"https:\/\/noticiasribeiraopreto.com.br\/index.php\/2025\/11\/02\/temporal-derruba-arvore-de-grande-porte-ao-lado-do-antigo-ps-central-de-ribeirao-preto\/","title":{"rendered":"Temporal derruba \u00e1rvore de grande porte ao lado do antigo PS Central de Ribeir\u00e3o Preto"},"content":{"rendered":"<div class='code-block code-block-1' style='margin: 8px 0 8px auto; text-align: right; display: block; clear: both;'>\n<p><a href=\"https:\/\/wa.link\/vpicfd\"><img data-recalc-dims=\"1\" class=\"wp-image-4922\" style=\"aspect-ratio: 2.0253164556962027; width: 561px; height: auto;\" src=\"https:\/\/i0.wp.com\/ismaelcolosi.com.br\/wp-content\/uploads\/2023\/11\/grupo-de-empregos-whatsapp-e-facebook-ismael-colosi-vagas.jpg?ssl=1\" alt=\"\" \/><\/a><\/p>\n<!-- \/wp:image -->\n<\/div>\n<p> <br \/>\n<\/p>\n<div data-td-block-uid=\"tdi_95\">\n<div class=\"tdb-block-inner td-fix-index\">\n<p>Uma \u00e1rvore de grande porte caiu na<strong> pra\u00e7a Francisco Prestes<\/strong>, <mark style=\"background-color:#fcb900\" class=\"has-inline-color has-black-color\">ao lado do antigo Pronto Socorro Central de Ribeir\u00e3o Preto<\/mark>. O incidente aconteceu por conta da chuva que atinge Ribeir\u00e3o Preto desde o final da tarde de s\u00e1bado (1\u00ba de novembro).<\/p>\n<p>De acordo com a Defesa Civil, ningu\u00e9m ficou ferido e n\u00e3o houve preju\u00edzos ao atendimento. Outra \u00e1rvore, de porte menor, quebrou no meio na mesma pra\u00e7a.<\/p>\n<blockquote class=\"instagram-media\" data-instgrm-permalink=\"https:\/\/www.instagram.com\/reel\/DQjdwVQjizF\/?utm_source=ig_embed&amp;utm_campaign=loading\" data-instgrm-version=\"14\" style=\" background:#FFF; border:0; border-radius:3px; box-shadow:0 0 1px 0 rgba(0,0,0,0.5),0 1px 10px 0 rgba(0,0,0,0.15); margin: 1px; max-width:540px; min-width:326px; padding:0; width:99.375%; width:-webkit-calc(100% - 2px); width:calc(100% - 2px);\"\/>\n<h2 class=\"wp-block-heading\"><strong>Alerta do Inmet<\/strong><\/h2>\n<p>Ribeir\u00e3o Preto est\u00e1 em alerta de perigo para tempestades v\u00e1lido at\u00e9 10h de segunda-feira (3), segundo o <a href=\"https:\/\/portal.inmet.gov.br\/\" data-type=\"link\" data-id=\"https:\/\/portal.inmet.gov.br\/\" target=\"_blank\" rel=\"noopener\">Inmet (Instituto Nacional de Meteorologia).<\/a><\/p>\n<p>Pode chover o acumulado de at\u00e9 100 mil\u00edmetros ao longo do dia, com ventos entre 60 km\/h e 100 km\/h, al\u00e9m da possibilidade de chuva de granizo.<\/p>\n<p>A <strong><a href=\"https:\/\/www.climatempo.com.br\/previsao-do-tempo\/15-dias\/cidade\/530\/ribeiraopreto-sp\" data-type=\"link\" data-id=\"https:\/\/www.climatempo.com.br\/previsao-do-tempo\/15-dias\/cidade\/530\/ribeiraopreto-sp\" target=\"_blank\" rel=\"noopener\">Climatempo<\/a><\/strong> informa que o domingo (2) ser\u00e1 com muitas nuvens e nublado, com temperatura m\u00e1xima de 30\u00b0C e m\u00ednima de 22\u00b0C.<\/p>\n<figure class=\"wp-block-image size-large\"><img data-recalc-dims=\"1\" fetchpriority=\"high\" decoding=\"async\" width=\"1024\" height=\"771\" src=\"https:\/\/i0.wp.com\/cdn.media-acidadeon.com.br\/ribeiraopreto\/wp-content\/uploads\/sites\/3\/2025\/11\/arvore-queda_2025-11-02_12-40-34-1024x771.webp?resize=1024%2C771&#038;ssl=1\" alt=\"arvore queda 2025 11 02 12 40 34\" class=\"wp-image-134406\" title=\"Temporal derruba \u00e1rvore de grande porte ao lado do antigo PS Central de Ribeir\u00e3o Preto 1\" srcset=\"https:\/\/cdn.media-acidadeon.com.br\/ribeiraopreto\/wp-content\/uploads\/sites\/3\/2025\/11\/arvore-queda_2025-11-02_12-40-34-1024x771.webp 1024w, https:\/\/cdn.media-acidadeon.com.br\/ribeiraopreto\/wp-content\/uploads\/sites\/3\/2025\/11\/arvore-queda_2025-11-02_12-40-34-300x226.webp 300w, https:\/\/cdn.media-acidadeon.com.br\/ribeiraopreto\/wp-content\/uploads\/sites\/3\/2025\/11\/arvore-queda_2025-11-02_12-40-34-768x578.webp 768w, https:\/\/cdn.media-acidadeon.com.br\/ribeiraopreto\/wp-content\/uploads\/sites\/3\/2025\/11\/arvore-queda_2025-11-02_12-40-34-696x524.webp 696w, https:\/\/cdn.media-acidadeon.com.br\/ribeiraopreto\/wp-content\/uploads\/sites\/3\/2025\/11\/arvore-queda_2025-11-02_12-40-34-1068x804.webp 1068w, https:\/\/cdn.media-acidadeon.com.br\/ribeiraopreto\/wp-content\/uploads\/sites\/3\/2025\/11\/arvore-queda_2025-11-02_12-40-34.webp 1200w\" sizes=\"(max-width: 1024px) 100vw, 1024px\"\/><figcaption class=\"wp-element-caption\">\u00c1rvore de menor porte quebrou ao meio, tamb\u00e9m ao lado do antigo PS Central (Foto: Leonardo Santos)<\/figcaption><\/figure>\n<p>SAIBA MAIS<br \/>Saque-anivers\u00e1rio do FGTS tem novas regras; confira o que muda<\/p>\n<h2 class=\"wp-block-heading\"><strong>FIQUE ON<\/strong><\/h2>\n<p>Fique ligado em tudo que acontece em Ribeir\u00e3o Preto e regi\u00e3o. Siga os perfis do<strong>\u00a0acidade on\u00a0<\/strong>no<a href=\"https:\/\/www.instagram.com\/acidadeonribeirao\" data-type=\"link\" data-id=\"https:\/\/www.instagram.com\/acidadeonribeirao\" target=\"_blank\" rel=\"noopener\">\u00a0Instagram\u00a0<\/a>e no\u00a0<a href=\"https:\/\/www.facebook.com\/acidadeonribeirao\/\" data-type=\"link\" data-id=\"https:\/\/www.facebook.com\/acidadeonribeirao\/\" target=\"_blank\" rel=\"noopener\">Facebook<\/a>.<\/p>\n<p>Receba not\u00edcias do<strong>\u00a0acidade on<\/strong>\u00a0no WhatsApp. Para entrar no grupo,\u00a0basta <a href=\"https:\/\/chat.whatsapp.com\/I4nieTEMKlf50pJ28aMemC?mode=ac_t\" data-type=\"link\" data-id=\"https:\/\/chat.whatsapp.com\/I4nieTEMKlf50pJ28aMemC?mode=ac_t\" target=\"_blank\" rel=\"noopener\">clicar aqui<\/a>. Ou, acesse o nosso\u00a0Canal<a href=\"https:\/\/whatsapp.com\/channel\/0029Vb6IQl1JENyAeS57fk2p\" data-type=\"link\" data-id=\"https:\/\/whatsapp.com\/channel\/0029Vb6IQl1JENyAeS57fk2p\" target=\"_blank\" rel=\"noopener\"> clicando aqui<\/a>.<\/p>\n<p>Fa\u00e7a uma den\u00fancia ou sugira uma reportagem sobre Ribeir\u00e3o Preto e regi\u00e3o pelo WhatsApp: 16 99117 7802.<\/p>\n<p>VEJA TAMB\u00c9M<br \/>O que \u00e9 o 3I\/ATLAS?<\/p>\n<p><!-- AI CONTENT END 1 -->\n<\/div>\n<\/div>\n<p><script async src=\"\/\/www.instagram.com\/embed.js\"><\/script><br \/>\n<br \/><br \/>\n<br \/><a href=\"https:\/\/www.acidadeon.com\/ribeiraopreto\/cotidiano\/temporal-derruba-arvore-de-grande-porte-ao-lado-do-antigo-ps-central-de-ribeirao-preto\/\">Source link <\/a><\/p>\n<!-- CONTENT END 1 -->\n","protected":false},"excerpt":{"rendered":"<p>Uma \u00e1rvore de grande porte caiu na pra\u00e7a Francisco Prestes, ao lado do antigo Pronto Socorro Central de Ribeir\u00e3o Preto. O incidente aconteceu por conta&#8230;<\/p>\n","protected":false},"author":1,"featured_media":79481,"comment_status":"open","ping_status":"open","sticky":false,"template":"","format":"standard","meta":{"advanced_seo_description":"","jetpack_seo_html_title":"","jetpack_seo_noindex":false,"jetpack_post_was_ever_published":false,"_jetpack_newsletter_access":"","_jetpack_dont_email_post_to_subs":false,"_jetpack_newsletter_tier_id":0,"_jetpack_memberships_contains_paywalled_content":false,"_jetpack_memberships_contains_paid_content":false,"footnotes":"","jetpack_publicize_message":"","jetpack_publicize_feature_enabled":true,"jetpack_social_post_already_shared":true,"jetpack_social_options":{"image_generator_settings":{"template":"highway","default_image_id":0,"font":"","enabled":false},"version":2}},"categories":[11],"tags":[],"class_list":["post-79480","post","type-post","status-publish","format-standard","has-post-thumbnail","hentry","category-noticias-de-ribeirao-preto-sp-e-regiao-ismael-colosi"],"jetpack_publicize_connections":[],"jetpack_featured_media_url":"https:\/\/i0.wp.com\/noticiasribeiraopreto.com.br\/wp-content\/uploads\/2025\/11\/arvore-ps-central_2025-11-02_12-37-47.webp.webp?fit=1200%2C903&ssl=1","jetpack-related-posts":[{"id":62901,"url":"https:\/\/noticiasribeiraopreto.com.br\/index.php\/2025\/01\/28\/arvore-cai-e-provoca-interdicao-em-avenida-de-ribeirao-preto\/","url_meta":{"origin":79480,"position":0},"title":"\u00c1rvore cai e provoca interdi\u00e7\u00e3o em avenida de Ribeir\u00e3o Preto","author":"noticiasribeiraopreto.com.br","date":"28 de January de 2025","format":false,"excerpt":"Uma \u00e1rvore caiu na manh\u00e3 desta ter\u00e7a-feira (28), na\u00a0avenida Capit\u00e3o Salom\u00e3o, lado oposto ao Senac, na pista em dire\u00e7\u00e3o \u00e0 avenida Treze de Maio, em Ribeir\u00e3o Preto.\u00a0Por conta da queda, a via precisou ser totalmente interditada. De acordo com a RP Mobi, agentes de tr\u00e2nsito foram acionados e est\u00e3o no\u2026","rel":"","context":"In &quot;Not\u00edcias de Ribeir\u00e3o Preto-SP e Regi\u00e3o&quot;","block_context":{"text":"Not\u00edcias de Ribeir\u00e3o Preto-SP e Regi\u00e3o","link":"https:\/\/noticiasribeiraopreto.com.br\/index.php\/category\/noticias-de-ribeirao-preto-sp-e-regiao-ismael-colosi\/"},"img":{"alt_text":"","src":"https:\/\/i0.wp.com\/noticiasribeiraopreto.com.br\/wp-content\/uploads\/2025\/01\/WhatsApp-Image-2025-01-28-at-08.49.04_2025-01-28_11-56-17_jpeg_2025-01-28_11-56-17.webp.webp?fit=1200%2C675&ssl=1&resize=350%2C200","width":350,"height":200,"srcset":"https:\/\/i0.wp.com\/noticiasribeiraopreto.com.br\/wp-content\/uploads\/2025\/01\/WhatsApp-Image-2025-01-28-at-08.49.04_2025-01-28_11-56-17_jpeg_2025-01-28_11-56-17.webp.webp?fit=1200%2C675&ssl=1&resize=350%2C200 1x, https:\/\/i0.wp.com\/noticiasribeiraopreto.com.br\/wp-content\/uploads\/2025\/01\/WhatsApp-Image-2025-01-28-at-08.49.04_2025-01-28_11-56-17_jpeg_2025-01-28_11-56-17.webp.webp?fit=1200%2C675&ssl=1&resize=525%2C300 1.5x, https:\/\/i0.wp.com\/noticiasribeiraopreto.com.br\/wp-content\/uploads\/2025\/01\/WhatsApp-Image-2025-01-28-at-08.49.04_2025-01-28_11-56-17_jpeg_2025-01-28_11-56-17.webp.webp?fit=1200%2C675&ssl=1&resize=700%2C400 2x, https:\/\/i0.wp.com\/noticiasribeiraopreto.com.br\/wp-content\/uploads\/2025\/01\/WhatsApp-Image-2025-01-28-at-08.49.04_2025-01-28_11-56-17_jpeg_2025-01-28_11-56-17.webp.webp?fit=1200%2C675&ssl=1&resize=1050%2C600 3x"},"classes":[]},{"id":59118,"url":"https:\/\/noticiasribeiraopreto.com.br\/index.php\/2024\/10\/15\/arvore-de-grande-porte-cai-sobre-carro-em-movimento-em-avenida-de-ribeirao\/","url_meta":{"origin":79480,"position":1},"title":"\u00c1rvore de grande porte cai sobre carro em movimento em avenida de Ribeir\u00e3o","author":"noticiasribeiraopreto.com.br","date":"15 de October de 2024","format":false,"excerpt":"Uma \u00e1rvore de grande porte caiu no in\u00edcio da noite desta segunda-feira (14) e atingiu um carro em movimento, na avenida Cost\u00e1bile Romano, em frente ao Parque Curupira, na zona Leste de Ribeir\u00e3o Preto. Apesar do susto e dos estragos, n\u00e3o houve feridos. O representante comercial Roberto Carlos de Castro,\u2026","rel":"","context":"In &quot;Not\u00edcias de Ribeir\u00e3o Preto-SP e Regi\u00e3o&quot;","block_context":{"text":"Not\u00edcias de Ribeir\u00e3o Preto-SP e Regi\u00e3o","link":"https:\/\/noticiasribeiraopreto.com.br\/index.php\/category\/noticias-de-ribeirao-preto-sp-e-regiao-ismael-colosi\/"},"img":{"alt_text":"","src":"https:\/\/i0.wp.com\/noticiasribeiraopreto.com.br\/wp-content\/uploads\/2024\/10\/WhatsApp-Image-2024-10-15-at-09.29.42_2024-10-15_14-35-49_jpeg_2024-10-15_14-35-49.webp.webp?fit=1200%2C900&ssl=1&resize=350%2C200","width":350,"height":200,"srcset":"https:\/\/i0.wp.com\/noticiasribeiraopreto.com.br\/wp-content\/uploads\/2024\/10\/WhatsApp-Image-2024-10-15-at-09.29.42_2024-10-15_14-35-49_jpeg_2024-10-15_14-35-49.webp.webp?fit=1200%2C900&ssl=1&resize=350%2C200 1x, https:\/\/i0.wp.com\/noticiasribeiraopreto.com.br\/wp-content\/uploads\/2024\/10\/WhatsApp-Image-2024-10-15-at-09.29.42_2024-10-15_14-35-49_jpeg_2024-10-15_14-35-49.webp.webp?fit=1200%2C900&ssl=1&resize=525%2C300 1.5x, https:\/\/i0.wp.com\/noticiasribeiraopreto.com.br\/wp-content\/uploads\/2024\/10\/WhatsApp-Image-2024-10-15-at-09.29.42_2024-10-15_14-35-49_jpeg_2024-10-15_14-35-49.webp.webp?fit=1200%2C900&ssl=1&resize=700%2C400 2x, https:\/\/i0.wp.com\/noticiasribeiraopreto.com.br\/wp-content\/uploads\/2024\/10\/WhatsApp-Image-2024-10-15-at-09.29.42_2024-10-15_14-35-49_jpeg_2024-10-15_14-35-49.webp.webp?fit=1200%2C900&ssl=1&resize=1050%2C600 3x"},"classes":[]},{"id":63453,"url":"https:\/\/noticiasribeiraopreto.com.br\/index.php\/2025\/02\/13\/arvore-de-grande-porte-cai-sobre-rodovia-de-ribeirao-preto\/","url_meta":{"origin":79480,"position":2},"title":"\u00c1rvore de grande porte cai sobre rodovia de Ribeir\u00e3o Preto","author":"noticiasribeiraopreto.com.br","date":"13 de February de 2025","format":false,"excerpt":"Uma \u00e1rvore de grande porte caiu sobre a rodovia Jos\u00e9 Fregonezi, que liga Ribeir\u00e3o Preto ao distrito de Bonfim Paulista. A \u00e1rvore caiu no in\u00edcio da tarde desta quinta-feira (13) durante a chuva que atinge o local. Ningu\u00e9m ficou ferido. A Arteris\/ViaPaulista, concession\u00e1ria respons\u00e1vel pela rodovia, est\u00e1 no local, que\u2026","rel":"","context":"In &quot;Not\u00edcias de Ribeir\u00e3o Preto-SP e Regi\u00e3o&quot;","block_context":{"text":"Not\u00edcias de Ribeir\u00e3o Preto-SP e Regi\u00e3o","link":"https:\/\/noticiasribeiraopreto.com.br\/index.php\/category\/noticias-de-ribeirao-preto-sp-e-regiao-ismael-colosi\/"},"img":{"alt_text":"","src":"https:\/\/i0.wp.com\/noticiasribeiraopreto.com.br\/wp-content\/uploads\/2025\/02\/jose-fregonezi_2025-02-13_18-52-48_jpg_2025-02-13_18-52-48.webp.webp?fit=1200%2C900&ssl=1&resize=350%2C200","width":350,"height":200,"srcset":"https:\/\/i0.wp.com\/noticiasribeiraopreto.com.br\/wp-content\/uploads\/2025\/02\/jose-fregonezi_2025-02-13_18-52-48_jpg_2025-02-13_18-52-48.webp.webp?fit=1200%2C900&ssl=1&resize=350%2C200 1x, https:\/\/i0.wp.com\/noticiasribeiraopreto.com.br\/wp-content\/uploads\/2025\/02\/jose-fregonezi_2025-02-13_18-52-48_jpg_2025-02-13_18-52-48.webp.webp?fit=1200%2C900&ssl=1&resize=525%2C300 1.5x, https:\/\/i0.wp.com\/noticiasribeiraopreto.com.br\/wp-content\/uploads\/2025\/02\/jose-fregonezi_2025-02-13_18-52-48_jpg_2025-02-13_18-52-48.webp.webp?fit=1200%2C900&ssl=1&resize=700%2C400 2x, https:\/\/i0.wp.com\/noticiasribeiraopreto.com.br\/wp-content\/uploads\/2025\/02\/jose-fregonezi_2025-02-13_18-52-48_jpg_2025-02-13_18-52-48.webp.webp?fit=1200%2C900&ssl=1&resize=1050%2C600 3x"},"classes":[]},{"id":61165,"url":"https:\/\/noticiasribeiraopreto.com.br\/index.php\/2024\/12\/05\/arvore-de-grande-porte-cai-e-interdita-pista-da-maurilio-biagi-em-ribeirao-video\/","url_meta":{"origin":79480,"position":3},"title":"\u00c1rvore de grande porte cai e interdita pista da Maur\u00edlio Biagi em Ribeir\u00e3o; V\u00eddeo","author":"noticiasribeiraopreto.com.br","date":"5 de December de 2024","format":false,"excerpt":"Uma \u00e1rvore de grande porte caiu sobre a avenida Maur\u00edlio Biagi e interdita a pista sentido bairro-Centro na manh\u00e3 desta quinta-feira (5), em Ribeir\u00e3o Preto. Assista ao v\u00eddeo abaixo. O bloqueio ao tr\u00e2nsito ocorre na altura da liga\u00e7\u00e3o com ruas Chile e Jos\u00e9 Ov\u00eddio de Faria. O motorista tem a\u2026","rel":"","context":"In &quot;Not\u00edcias de Ribeir\u00e3o Preto-SP e Regi\u00e3o&quot;","block_context":{"text":"Not\u00edcias de Ribeir\u00e3o Preto-SP e Regi\u00e3o","link":"https:\/\/noticiasribeiraopreto.com.br\/index.php\/category\/noticias-de-ribeirao-preto-sp-e-regiao-ismael-colosi\/"},"img":{"alt_text":"","src":"https:\/\/i0.wp.com\/noticiasribeiraopreto.com.br\/wp-content\/uploads\/2024\/12\/QUEDA-ARVORE-1_2024-12-05_10-54-22_jpg_2024-12-05_10-54-22.webp.webp?fit=1200%2C685&ssl=1&resize=350%2C200","width":350,"height":200,"srcset":"https:\/\/i0.wp.com\/noticiasribeiraopreto.com.br\/wp-content\/uploads\/2024\/12\/QUEDA-ARVORE-1_2024-12-05_10-54-22_jpg_2024-12-05_10-54-22.webp.webp?fit=1200%2C685&ssl=1&resize=350%2C200 1x, https:\/\/i0.wp.com\/noticiasribeiraopreto.com.br\/wp-content\/uploads\/2024\/12\/QUEDA-ARVORE-1_2024-12-05_10-54-22_jpg_2024-12-05_10-54-22.webp.webp?fit=1200%2C685&ssl=1&resize=525%2C300 1.5x, https:\/\/i0.wp.com\/noticiasribeiraopreto.com.br\/wp-content\/uploads\/2024\/12\/QUEDA-ARVORE-1_2024-12-05_10-54-22_jpg_2024-12-05_10-54-22.webp.webp?fit=1200%2C685&ssl=1&resize=700%2C400 2x, https:\/\/i0.wp.com\/noticiasribeiraopreto.com.br\/wp-content\/uploads\/2024\/12\/QUEDA-ARVORE-1_2024-12-05_10-54-22_jpg_2024-12-05_10-54-22.webp.webp?fit=1200%2C685&ssl=1&resize=1050%2C600 3x"},"classes":[]},{"id":61012,"url":"https:\/\/noticiasribeiraopreto.com.br\/index.php\/2024\/12\/02\/galho-cai-de-arvore-e-atinge-carro-em-movimento-no-centro-de-ribeirao-preto\/","url_meta":{"origin":79480,"position":4},"title":"Galho cai de \u00e1rvore e atinge carro em movimento no Centro de Ribeir\u00e3o Preto","author":"noticiasribeiraopreto.com.br","date":"2 de December de 2024","format":false,"excerpt":"Um galho caiu de uma \u00e1rvore de grande porte na noite deste domingo (1) e atingiu um carro em movimento na rua Flor\u00eancio de Abreu, ao lado da Pra\u00e7a Sete de\u00a0Setembro, no Centro de Ribeir\u00e3o Preto. O estudante universit\u00e1rio Arthur Lima disse que seguia com outra pessoa no ve\u00edculo e,\u2026","rel":"","context":"In &quot;Not\u00edcias de Ribeir\u00e3o Preto-SP e Regi\u00e3o&quot;","block_context":{"text":"Not\u00edcias de Ribeir\u00e3o Preto-SP e Regi\u00e3o","link":"https:\/\/noticiasribeiraopreto.com.br\/index.php\/category\/noticias-de-ribeirao-preto-sp-e-regiao-ismael-colosi\/"},"img":{"alt_text":"","src":"https:\/\/i0.wp.com\/noticiasribeiraopreto.com.br\/wp-content\/uploads\/2024\/12\/WhatsApp-Image-2024-12-02-at-08.49.26_2024-12-02_11-50-34_jpeg_2024-12-02_11-50-34.webp.webp?fit=1200%2C886&ssl=1&resize=350%2C200","width":350,"height":200,"srcset":"https:\/\/i0.wp.com\/noticiasribeiraopreto.com.br\/wp-content\/uploads\/2024\/12\/WhatsApp-Image-2024-12-02-at-08.49.26_2024-12-02_11-50-34_jpeg_2024-12-02_11-50-34.webp.webp?fit=1200%2C886&ssl=1&resize=350%2C200 1x, https:\/\/i0.wp.com\/noticiasribeiraopreto.com.br\/wp-content\/uploads\/2024\/12\/WhatsApp-Image-2024-12-02-at-08.49.26_2024-12-02_11-50-34_jpeg_2024-12-02_11-50-34.webp.webp?fit=1200%2C886&ssl=1&resize=525%2C300 1.5x, https:\/\/i0.wp.com\/noticiasribeiraopreto.com.br\/wp-content\/uploads\/2024\/12\/WhatsApp-Image-2024-12-02-at-08.49.26_2024-12-02_11-50-34_jpeg_2024-12-02_11-50-34.webp.webp?fit=1200%2C886&ssl=1&resize=700%2C400 2x, https:\/\/i0.wp.com\/noticiasribeiraopreto.com.br\/wp-content\/uploads\/2024\/12\/WhatsApp-Image-2024-12-02-at-08.49.26_2024-12-02_11-50-34_jpeg_2024-12-02_11-50-34.webp.webp?fit=1200%2C886&ssl=1&resize=1050%2C600 3x"},"classes":[]},{"id":63092,"url":"https:\/\/noticiasribeiraopreto.com.br\/index.php\/2025\/02\/02\/arvore-de-grande-porte-cai-em-avenida-na-zona-sul-de-ribeirao-preto-veja-video\/","url_meta":{"origin":79480,"position":5},"title":"\u00c1rvore de grande porte cai em avenida na zona Sul de Ribeir\u00e3o Preto; Veja v\u00eddeo","author":"noticiasribeiraopreto.com.br","date":"2 de February de 2025","format":false,"excerpt":"Uma \u00e1rvore de grande porte caiu na avenida Jos\u00e9 Adolfo Bianco Molina, no Jardim Canad\u00e1, na zona Sul de Ribeir\u00e3o Preto \u2013 veja o v\u00eddeo abaixo. Em raz\u00e3o da queda da \u00e1rvore, um poste tamb\u00e9m foi arrancado. Ver essa foto no Instagram Uma publica\u00e7\u00e3o compartilhada por acidade on Ribeir\u00e3o (@acidadeonribeirao)\u2026","rel":"","context":"In &quot;Not\u00edcias de Ribeir\u00e3o Preto-SP e Regi\u00e3o&quot;","block_context":{"text":"Not\u00edcias de Ribeir\u00e3o Preto-SP e Regi\u00e3o","link":"https:\/\/noticiasribeiraopreto.com.br\/index.php\/category\/noticias-de-ribeirao-preto-sp-e-regiao-ismael-colosi\/"},"img":{"alt_text":"","src":"https:\/\/i0.wp.com\/noticiasribeiraopreto.com.br\/wp-content\/uploads\/2025\/02\/bianco-molina_2025-02-02_16-56-53_jpg_2025-02-02_16-56-53.webp.webp?fit=1099%2C571&ssl=1&resize=350%2C200","width":350,"height":200,"srcset":"https:\/\/i0.wp.com\/noticiasribeiraopreto.com.br\/wp-content\/uploads\/2025\/02\/bianco-molina_2025-02-02_16-56-53_jpg_2025-02-02_16-56-53.webp.webp?fit=1099%2C571&ssl=1&resize=350%2C200 1x, https:\/\/i0.wp.com\/noticiasribeiraopreto.com.br\/wp-content\/uploads\/2025\/02\/bianco-molina_2025-02-02_16-56-53_jpg_2025-02-02_16-56-53.webp.webp?fit=1099%2C571&ssl=1&resize=525%2C300 1.5x, https:\/\/i0.wp.com\/noticiasribeiraopreto.com.br\/wp-content\/uploads\/2025\/02\/bianco-molina_2025-02-02_16-56-53_jpg_2025-02-02_16-56-53.webp.webp?fit=1099%2C571&ssl=1&resize=700%2C400 2x, https:\/\/i0.wp.com\/noticiasribeiraopreto.com.br\/wp-content\/uploads\/2025\/02\/bianco-molina_2025-02-02_16-56-53_jpg_2025-02-02_16-56-53.webp.webp?fit=1099%2C571&ssl=1&resize=1050%2C600 3x"},"classes":[]}],"jetpack_sharing_enabled":true,"jetpack_shortlink":"https:\/\/wp.me\/peQAOb-kFW","_links":{"self":[{"href":"https:\/\/noticiasribeiraopreto.com.br\/index.php\/wp-json\/wp\/v2\/posts\/79480","targetHints":{"allow":["GET"]}}],"collection":[{"href":"https:\/\/noticiasribeiraopreto.com.br\/index.php\/wp-json\/wp\/v2\/posts"}],"about":[{"href":"https:\/\/noticiasribeiraopreto.com.br\/index.php\/wp-json\/wp\/v2\/types\/post"}],"author":[{"embeddable":true,"href":"https:\/\/noticiasribeiraopreto.com.br\/index.php\/wp-json\/wp\/v2\/users\/1"}],"replies":[{"embeddable":true,"href":"https:\/\/noticiasribeiraopreto.com.br\/index.php\/wp-json\/wp\/v2\/comments?post=79480"}],"version-history":[{"count":0,"href":"https:\/\/noticiasribeiraopreto.com.br\/index.php\/wp-json\/wp\/v2\/posts\/79480\/revisions"}],"wp:featuredmedia":[{"embeddable":true,"href":"https:\/\/noticiasribeiraopreto.com.br\/index.php\/wp-json\/wp\/v2\/media\/79481"}],"wp:attachment":[{"href":"https:\/\/noticiasribeiraopreto.com.br\/index.php\/wp-json\/wp\/v2\/media?parent=79480"}],"wp:term":[{"taxonomy":"category","embeddable":true,"href":"https:\/\/noticiasribeiraopreto.com.br\/index.php\/wp-json\/wp\/v2\/categories?post=79480"},{"taxonomy":"post_tag","embeddable":true,"href":"https:\/\/noticiasribeiraopreto.com.br\/index.php\/wp-json\/wp\/v2\/tags?post=79480"}],"curies":[{"name":"wp","href":"https:\/\/api.w.org\/{rel}","templated":true}]}}