{"id":79482,"date":"2025-11-02T15:22:56","date_gmt":"2025-11-02T18:22:56","guid":{"rendered":"https:\/\/noticiasribeiraopreto.com.br\/index.php\/2025\/11\/02\/avenida-vira-rio-durante-forte-chuva-na-regiao-de-ribeirao-preto-veja-o-video\/"},"modified":"2025-11-02T15:22:56","modified_gmt":"2025-11-02T18:22:56","slug":"avenida-vira-rio-durante-forte-chuva-na-regiao-de-ribeirao-preto-veja-o-video","status":"publish","type":"post","link":"https:\/\/noticiasribeiraopreto.com.br\/index.php\/2025\/11\/02\/avenida-vira-rio-durante-forte-chuva-na-regiao-de-ribeirao-preto-veja-o-video\/","title":{"rendered":"Avenida &#8216;vira rio&#8217; durante forte chuva na regi\u00e3o de Ribeir\u00e3o Preto; Veja o v\u00eddeo"},"content":{"rendered":"<div class='code-block code-block-1' style='margin: 8px 0 8px auto; text-align: right; display: block; clear: both;'>\n<p><a href=\"https:\/\/wa.link\/vpicfd\"><img data-recalc-dims=\"1\" class=\"wp-image-4922\" style=\"aspect-ratio: 2.0253164556962027; width: 561px; height: auto;\" src=\"https:\/\/i0.wp.com\/ismaelcolosi.com.br\/wp-content\/uploads\/2023\/11\/grupo-de-empregos-whatsapp-e-facebook-ismael-colosi-vagas.jpg?ssl=1\" alt=\"\" \/><\/a><\/p>\n<!-- \/wp:image -->\n<\/div>\n<p> <br \/>\n<\/p>\n<div>\n<p>A chuva que atinge a regi\u00e3o de Ribeir\u00e3o Preto neste domingo (2) alagou a<strong> avenida Doutor Oswaldo Scatenna<\/strong>, em <strong>Batatais <\/strong>\u2013 veja o v\u00eddeo abaixo.<\/p>\n<blockquote class=\"instagram-media\" data-instgrm-permalink=\"https:\/\/www.instagram.com\/reel\/DQkC9HSjsTY\/?utm_source=ig_embed&amp;utm_campaign=loading\" data-instgrm-version=\"14\" style=\" background:#FFF; border:0; border-radius:3px; box-shadow:0 0 1px 0 rgba(0,0,0,0.5),0 1px 10px 0 rgba(0,0,0,0.15); margin: 1px; max-width:540px; min-width:326px; padding:0; width:99.375%; width:-webkit-calc(100% - 2px); width:calc(100% - 2px);\"\/>\n<p>Apesar de ter transformado a via em \u201crio\u201d durante a chuva, a \u00e1gua j\u00e1 baixou e os comerciantes realizam a limpeza em frente aos estabelecimentos.<\/p>\n<p>Em nota, a<strong> <\/strong><a href=\"https:\/\/www.batatais.sp.gov.br\/\" data-type=\"link\" data-id=\"https:\/\/www.batatais.sp.gov.br\/\" target=\"_blank\" rel=\"noopener\"><strong>Prefeitura de Batatais<\/strong> <\/a>disse que o munic\u00edpio registrou um grande volume de chuva em curto intervalo de tempo, o que provocou sobrecarga nos sistemas de drenagem da regi\u00e3o central.<\/p>\n<p>Al\u00e9m da avenida Doutor Oswaldo Scatena, a avenida Quatorze de Mar\u00e7o tamb\u00e9m apresentou pontos de alagamento, com escoamento r\u00e1pido logo ap\u00f3s a diminui\u00e7\u00e3o da chuva.<\/p>\n<p>De acordo com a Defesa Civil, n\u00e3o h\u00e1 registro de feridos, desabrigados ou danos significativos. Equipes da Defesa Civil e da Guarda Civil Municipal est\u00e3o percorrendo a cidade desde o in\u00edcio da chuva, monitorando eventuais ocorr\u00eancias e prestando apoio quando necess\u00e1rio.<\/p>\n<p>\u201cA Secretaria de Servi\u00e7os P\u00fablicos realiza o levantamento de pontos com descolamento de placas asf\u00e1lticas para os devidos reparos\u201d, informa. A Secretaria de Assist\u00eancia Social e Cidadania tamb\u00e9m mant\u00e9m equipes de prontid\u00e3o para atendimento emergencial \u00e0 popula\u00e7\u00e3o, caso haja necessidade.<\/p>\n<h2 class=\"wp-block-heading\"><strong>Regi\u00e3o em alerta<\/strong><\/h2>\n<p>A Defesa Civil do Estado de S\u00e3o Paulo alerta para a possibilidade de temporais neste domingo, especialmente nas regi\u00f5es centro, norte e oeste do estado. Est\u00e3o previstos, at\u00e9 a manh\u00e3 de segunda-feira (3), per\u00edodos de chuva forte, ventos intensos e queda de granizo em pontos isolados.<\/p>\n<p>O domingo j\u00e1 come\u00e7ou com registro de chuva em diversas \u00e1reas do interior. Desde as primeiras do domingo at\u00e9 as 11h00, o CGE j\u00e1 tinha enviado 41 alertas de chuva e ventos pelo sistema SMS 40199 para diversos munic\u00edpios do estado.<\/p>\n<p>SAIBA MAIS<br \/>Saque-anivers\u00e1rio do FGTS tem novas regras; confira o que muda<\/p>\n<h2 class=\"wp-block-heading\"><strong>FIQUE ON<\/strong><\/h2>\n<p>Fique ligado em tudo que acontece em Ribeir\u00e3o Preto e regi\u00e3o. Siga os perfis do<strong>\u00a0acidade on\u00a0<\/strong>no<a href=\"https:\/\/www.instagram.com\/acidadeonribeirao\" target=\"_blank\" rel=\"noreferrer noopener\">\u00a0Instagram\u00a0<\/a>e no\u00a0<a href=\"https:\/\/www.facebook.com\/acidadeonribeirao\/\" target=\"_blank\" rel=\"noreferrer noopener\">Facebook<\/a>.<\/p>\n<p>Receba not\u00edcias do<strong>\u00a0acidade on<\/strong>\u00a0no WhatsApp. Para entrar no grupo,\u00a0basta\u00a0<a href=\"https:\/\/chat.whatsapp.com\/I4nieTEMKlf50pJ28aMemC?mode=ac_t\" target=\"_blank\" rel=\"noreferrer noopener\">clicar aqui<\/a>. Ou, acesse o nosso\u00a0Canal<a href=\"https:\/\/whatsapp.com\/channel\/0029Vb6IQl1JENyAeS57fk2p\" target=\"_blank\" rel=\"noreferrer noopener\">\u00a0clicando aqui<\/a>.<\/p>\n<p>Fa\u00e7a uma den\u00fancia ou sugira uma reportagem sobre Ribeir\u00e3o Preto e regi\u00e3o pelo WhatsApp: 16 99117 7802.<\/p>\n<p>VEJA TAMB\u00c9M<br \/>O que \u00e9 o 3I\/ATLAS?<\/p>\n<p><!-- AI CONTENT END 1 -->\n<\/div>\n<p><script async src=\"\/\/www.instagram.com\/embed.js\"><\/script><br \/>\n<br \/><br \/>\n<br \/><a href=\"https:\/\/www.acidadeon.com\/ribeiraopreto\/cotidiano\/avenida-vira-rio-durante-forte-chuva-na-regiao-de-ribeirao-preto-veja-o-video\/\">Source link <\/a><\/p>\n<!-- CONTENT END 1 -->\n","protected":false},"excerpt":{"rendered":"<p>A chuva que atinge a regi\u00e3o de Ribeir\u00e3o Preto neste domingo (2) alagou a avenida Doutor Oswaldo Scatenna, em Batatais \u2013 veja o v\u00eddeo abaixo&#8230;.<\/p>\n","protected":false},"author":1,"featured_media":79483,"comment_status":"open","ping_status":"open","sticky":false,"template":"","format":"standard","meta":{"advanced_seo_description":"","jetpack_seo_html_title":"","jetpack_seo_noindex":false,"jetpack_post_was_ever_published":false,"_jetpack_newsletter_access":"","_jetpack_dont_email_post_to_subs":false,"_jetpack_newsletter_tier_id":0,"_jetpack_memberships_contains_paywalled_content":false,"_jetpack_memberships_contains_paid_content":false,"footnotes":"","jetpack_publicize_message":"","jetpack_publicize_feature_enabled":true,"jetpack_social_post_already_shared":true,"jetpack_social_options":{"image_generator_settings":{"template":"highway","default_image_id":0,"font":"","enabled":false},"version":2}},"categories":[11],"tags":[],"class_list":["post-79482","post","type-post","status-publish","format-standard","has-post-thumbnail","hentry","category-noticias-de-ribeirao-preto-sp-e-regiao-ismael-colosi"],"jetpack_publicize_connections":[],"jetpack_featured_media_url":"https:\/\/i0.wp.com\/noticiasribeiraopreto.com.br\/wp-content\/uploads\/2025\/11\/chuva-batatais_2025-11-02_18-02-18.webp.webp?fit=1200%2C674&ssl=1","jetpack-related-posts":[{"id":60077,"url":"https:\/\/noticiasribeiraopreto.com.br\/index.php\/2024\/11\/05\/chuva-transforma-avenida-em-rio-na-regiao-de-ribeirao-preto-veja-o-video\/","url_meta":{"origin":79482,"position":0},"title":"Chuva transforma avenida em rio na regi\u00e3o de Ribeir\u00e3o Preto; Veja o v\u00eddeo","author":"noticiasribeiraopreto.com.br","date":"5 de November de 2024","format":false,"excerpt":"A avenida Quatorze de Mar\u00e7o, em Batatais, na regi\u00e3o de Ribeir\u00e3o Preto, ficou alagada na tarde desta ter\u00e7a-feira (5) devido a chuva que atingiu a cidade \u2013 veja o v\u00eddeo abaixo. Apesar do susto, n\u00e3o h\u00e1 informa\u00e7\u00f5es de outras ocorr\u00eancias. Comerciantes do local informaram que a chuva come\u00e7ou por volta\u2026","rel":"","context":"In &quot;Not\u00edcias de Ribeir\u00e3o Preto-SP e Regi\u00e3o&quot;","block_context":{"text":"Not\u00edcias de Ribeir\u00e3o Preto-SP e Regi\u00e3o","link":"https:\/\/noticiasribeiraopreto.com.br\/index.php\/category\/noticias-de-ribeirao-preto-sp-e-regiao-ismael-colosi\/"},"img":{"alt_text":"","src":"https:\/\/i0.wp.com\/noticiasribeiraopreto.com.br\/wp-content\/uploads\/2024\/11\/chuva-batatais_2024-11-05_18-24-31_jpg_2024-11-05_18-24-31.webp.webp?fit=1200%2C840&ssl=1&resize=350%2C200","width":350,"height":200,"srcset":"https:\/\/i0.wp.com\/noticiasribeiraopreto.com.br\/wp-content\/uploads\/2024\/11\/chuva-batatais_2024-11-05_18-24-31_jpg_2024-11-05_18-24-31.webp.webp?fit=1200%2C840&ssl=1&resize=350%2C200 1x, https:\/\/i0.wp.com\/noticiasribeiraopreto.com.br\/wp-content\/uploads\/2024\/11\/chuva-batatais_2024-11-05_18-24-31_jpg_2024-11-05_18-24-31.webp.webp?fit=1200%2C840&ssl=1&resize=525%2C300 1.5x, https:\/\/i0.wp.com\/noticiasribeiraopreto.com.br\/wp-content\/uploads\/2024\/11\/chuva-batatais_2024-11-05_18-24-31_jpg_2024-11-05_18-24-31.webp.webp?fit=1200%2C840&ssl=1&resize=700%2C400 2x, https:\/\/i0.wp.com\/noticiasribeiraopreto.com.br\/wp-content\/uploads\/2024\/11\/chuva-batatais_2024-11-05_18-24-31_jpg_2024-11-05_18-24-31.webp.webp?fit=1200%2C840&ssl=1&resize=1050%2C600 3x"},"classes":[]},{"id":65754,"url":"https:\/\/noticiasribeiraopreto.com.br\/index.php\/2025\/03\/24\/chuva-alaga-avenida-em-cidade-na-regiao-de-ribeirao-preto-veja-video\/","url_meta":{"origin":79482,"position":1},"title":"Chuva alaga avenida em cidade na regi\u00e3o de Ribeir\u00e3o Preto; Veja v\u00eddeo","author":"noticiasribeiraopreto.com.br","date":"24 de March de 2025","format":false,"excerpt":"A avenida\u00a0Quatorze\u00a0de\u00a0Mar\u00e7o\u00a0ficou alagada durante a chuva na tarde deste domingo (23), em Batatais, cidade a aproximadamente 40 quil\u00f4metros de Ribeir\u00e3o Preto. Assista ao v\u00eddeo abaixo. A \u00e1gua tomou\u00a0as\u00a0duas pistas da via, a partir do cruzamento com a rua dos Expedicion\u00e1rios, na regi\u00e3o central da cidade. A avenida Doutor Oswaldo\u00a0Scatena, que\u2026","rel":"","context":"In &quot;Not\u00edcias de Ribeir\u00e3o Preto-SP e Regi\u00e3o&quot;","block_context":{"text":"Not\u00edcias de Ribeir\u00e3o Preto-SP e Regi\u00e3o","link":"https:\/\/noticiasribeiraopreto.com.br\/index.php\/category\/noticias-de-ribeirao-preto-sp-e-regiao-ismael-colosi\/"},"img":{"alt_text":"","src":"https:\/\/i0.wp.com\/noticiasribeiraopreto.com.br\/wp-content\/uploads\/2025\/03\/WhatsApp-Image-2025-03-24-at-07.16.09_2025-03-24_10-16-36_jpeg_2025-03-24_10-16-36.webp.webp?fit=1200%2C957&ssl=1&resize=350%2C200","width":350,"height":200,"srcset":"https:\/\/i0.wp.com\/noticiasribeiraopreto.com.br\/wp-content\/uploads\/2025\/03\/WhatsApp-Image-2025-03-24-at-07.16.09_2025-03-24_10-16-36_jpeg_2025-03-24_10-16-36.webp.webp?fit=1200%2C957&ssl=1&resize=350%2C200 1x, https:\/\/i0.wp.com\/noticiasribeiraopreto.com.br\/wp-content\/uploads\/2025\/03\/WhatsApp-Image-2025-03-24-at-07.16.09_2025-03-24_10-16-36_jpeg_2025-03-24_10-16-36.webp.webp?fit=1200%2C957&ssl=1&resize=525%2C300 1.5x, https:\/\/i0.wp.com\/noticiasribeiraopreto.com.br\/wp-content\/uploads\/2025\/03\/WhatsApp-Image-2025-03-24-at-07.16.09_2025-03-24_10-16-36_jpeg_2025-03-24_10-16-36.webp.webp?fit=1200%2C957&ssl=1&resize=700%2C400 2x, https:\/\/i0.wp.com\/noticiasribeiraopreto.com.br\/wp-content\/uploads\/2025\/03\/WhatsApp-Image-2025-03-24-at-07.16.09_2025-03-24_10-16-36_jpeg_2025-03-24_10-16-36.webp.webp?fit=1200%2C957&ssl=1&resize=1050%2C600 3x"},"classes":[]},{"id":78560,"url":"https:\/\/noticiasribeiraopreto.com.br\/index.php\/2025\/10\/13\/mini-chafariz-surge-em-avenida-de-ribeirao-preto-durante-chuva-video\/","url_meta":{"origin":79482,"position":2},"title":"Mini chafariz surge em avenida de Ribeir\u00e3o Preto durante chuva; V\u00eddeo","author":"noticiasribeiraopreto.com.br","date":"13 de October de 2025","format":false,"excerpt":"Durante a chuva desta segunda-feira (13), moradores de Ribeir\u00e3o Preto registraram bueiros com tampas soltas, o que provocou o transbordamento de \u00e1gua nas ruas. Nas imagens, \u00e9 poss\u00edvel ver a \u00e1gua jorrando com for\u00e7a, formando pequenos chafarizes no cruzamento entre as avenidas Independ\u00eancia e Prudente de Morais \u2013 veja abaixo.\u2026","rel":"","context":"In &quot;Not\u00edcias de Ribeir\u00e3o Preto-SP e Regi\u00e3o&quot;","block_context":{"text":"Not\u00edcias de Ribeir\u00e3o Preto-SP e Regi\u00e3o","link":"https:\/\/noticiasribeiraopreto.com.br\/index.php\/category\/noticias-de-ribeirao-preto-sp-e-regiao-ismael-colosi\/"},"img":{"alt_text":"","src":"https:\/\/i0.wp.com\/noticiasribeiraopreto.com.br\/wp-content\/uploads\/2025\/10\/Copia-de-Copia-de-Copia-de-TAMANHO-EXATO-PARA-FOTOS-NO-SISTEMA-NOVO-2025-10-13T182811.764_2025-10-13_21-32-51.webp.webp?fit=1200%2C675&ssl=1&resize=350%2C200","width":350,"height":200,"srcset":"https:\/\/i0.wp.com\/noticiasribeiraopreto.com.br\/wp-content\/uploads\/2025\/10\/Copia-de-Copia-de-Copia-de-TAMANHO-EXATO-PARA-FOTOS-NO-SISTEMA-NOVO-2025-10-13T182811.764_2025-10-13_21-32-51.webp.webp?fit=1200%2C675&ssl=1&resize=350%2C200 1x, https:\/\/i0.wp.com\/noticiasribeiraopreto.com.br\/wp-content\/uploads\/2025\/10\/Copia-de-Copia-de-Copia-de-TAMANHO-EXATO-PARA-FOTOS-NO-SISTEMA-NOVO-2025-10-13T182811.764_2025-10-13_21-32-51.webp.webp?fit=1200%2C675&ssl=1&resize=525%2C300 1.5x, https:\/\/i0.wp.com\/noticiasribeiraopreto.com.br\/wp-content\/uploads\/2025\/10\/Copia-de-Copia-de-Copia-de-TAMANHO-EXATO-PARA-FOTOS-NO-SISTEMA-NOVO-2025-10-13T182811.764_2025-10-13_21-32-51.webp.webp?fit=1200%2C675&ssl=1&resize=700%2C400 2x, https:\/\/i0.wp.com\/noticiasribeiraopreto.com.br\/wp-content\/uploads\/2025\/10\/Copia-de-Copia-de-Copia-de-TAMANHO-EXATO-PARA-FOTOS-NO-SISTEMA-NOVO-2025-10-13T182811.764_2025-10-13_21-32-51.webp.webp?fit=1200%2C675&ssl=1&resize=1050%2C600 3x"},"classes":[]},{"id":80439,"url":"https:\/\/noticiasribeiraopreto.com.br\/index.php\/2025\/12\/03\/morador-registra-momento-em-que-arvore-cai-em-avenida-de-ribeirao-durante-temporal-veja-video\/","url_meta":{"origin":79482,"position":3},"title":"Morador registra momento em que \u00e1rvore cai em avenida de Ribeir\u00e3o durante temporal; Veja v\u00eddeo","author":"noticiasribeiraopreto.com.br","date":"3 de December de 2025","format":false,"excerpt":"Um morador de Ribeir\u00e3o Preto registrou o momento em que uma \u00e1rvore caiu na avenida Costa e Silva, pr\u00f3ximo ao n\u00famero 1.370. A queda ocorreu durante o temporal que atingiu a cidade na tarde desta quarta-feira (03) \u2013 veja v\u00eddeo abaixo. De acordo com as informa\u00e7\u00f5es da Defesa Civil, foram\u2026","rel":"","context":"In &quot;Not\u00edcias de Ribeir\u00e3o Preto-SP e Regi\u00e3o&quot;","block_context":{"text":"Not\u00edcias de Ribeir\u00e3o Preto-SP e Regi\u00e3o","link":"https:\/\/noticiasribeiraopreto.com.br\/index.php\/category\/noticias-de-ribeirao-preto-sp-e-regiao-ismael-colosi\/"},"img":{"alt_text":"","src":"https:\/\/i0.wp.com\/noticiasribeiraopreto.com.br\/wp-content\/uploads\/2025\/12\/Copia-de-Copia-de-Copia-de-TAMANHO-EXATO-PARA-FOTOS-NO-SISTEMA-NOVO-2025-12-03T174006.562_2025-12-03_20-40-11.webp.webp?fit=1200%2C675&ssl=1&resize=350%2C200","width":350,"height":200,"srcset":"https:\/\/i0.wp.com\/noticiasribeiraopreto.com.br\/wp-content\/uploads\/2025\/12\/Copia-de-Copia-de-Copia-de-TAMANHO-EXATO-PARA-FOTOS-NO-SISTEMA-NOVO-2025-12-03T174006.562_2025-12-03_20-40-11.webp.webp?fit=1200%2C675&ssl=1&resize=350%2C200 1x, https:\/\/i0.wp.com\/noticiasribeiraopreto.com.br\/wp-content\/uploads\/2025\/12\/Copia-de-Copia-de-Copia-de-TAMANHO-EXATO-PARA-FOTOS-NO-SISTEMA-NOVO-2025-12-03T174006.562_2025-12-03_20-40-11.webp.webp?fit=1200%2C675&ssl=1&resize=525%2C300 1.5x, https:\/\/i0.wp.com\/noticiasribeiraopreto.com.br\/wp-content\/uploads\/2025\/12\/Copia-de-Copia-de-Copia-de-TAMANHO-EXATO-PARA-FOTOS-NO-SISTEMA-NOVO-2025-12-03T174006.562_2025-12-03_20-40-11.webp.webp?fit=1200%2C675&ssl=1&resize=700%2C400 2x, https:\/\/i0.wp.com\/noticiasribeiraopreto.com.br\/wp-content\/uploads\/2025\/12\/Copia-de-Copia-de-Copia-de-TAMANHO-EXATO-PARA-FOTOS-NO-SISTEMA-NOVO-2025-12-03T174006.562_2025-12-03_20-40-11.webp.webp?fit=1200%2C675&ssl=1&resize=1050%2C600 3x"},"classes":[]},{"id":63457,"url":"https:\/\/noticiasribeiraopreto.com.br\/index.php\/2025\/02\/13\/regiao-de-ribeirao-preto-registra-chuva-de-granizo-veja-video-2\/","url_meta":{"origin":79482,"position":4},"title":"Regi\u00e3o de Ribeir\u00e3o Preto registra chuva de granizo; veja video","author":"noticiasribeiraopreto.com.br","date":"13 de February de 2025","format":false,"excerpt":"Na tarde desta quinta-feira (6), moradores de Batatais, na regi\u00e3ode Ribeir\u00e3o Preto registraram uma r\u00e1pida chuva de granizo na cidade. O\u00a0fen\u00f4meno \u00e9 causado por uma queda brusca de temperatura na atmosfera, que congela as gotas de \u00e1gua dentro das nuvens. Essas nuvens se formam em \u00e1reas quentes e \u00famidas. Veja\u2026","rel":"","context":"In &quot;Not\u00edcias de Ribeir\u00e3o Preto-SP e Regi\u00e3o&quot;","block_context":{"text":"Not\u00edcias de Ribeir\u00e3o Preto-SP e Regi\u00e3o","link":"https:\/\/noticiasribeiraopreto.com.br\/index.php\/category\/noticias-de-ribeirao-preto-sp-e-regiao-ismael-colosi\/"},"img":{"alt_text":"","src":"https:\/\/i0.wp.com\/noticiasribeiraopreto.com.br\/wp-content\/uploads\/2025\/02\/chuva_2025-02-13_19-18-28_png_2025-02-13_19-18-28.webp.webp?fit=1200%2C675&ssl=1&resize=350%2C200","width":350,"height":200,"srcset":"https:\/\/i0.wp.com\/noticiasribeiraopreto.com.br\/wp-content\/uploads\/2025\/02\/chuva_2025-02-13_19-18-28_png_2025-02-13_19-18-28.webp.webp?fit=1200%2C675&ssl=1&resize=350%2C200 1x, https:\/\/i0.wp.com\/noticiasribeiraopreto.com.br\/wp-content\/uploads\/2025\/02\/chuva_2025-02-13_19-18-28_png_2025-02-13_19-18-28.webp.webp?fit=1200%2C675&ssl=1&resize=525%2C300 1.5x, https:\/\/i0.wp.com\/noticiasribeiraopreto.com.br\/wp-content\/uploads\/2025\/02\/chuva_2025-02-13_19-18-28_png_2025-02-13_19-18-28.webp.webp?fit=1200%2C675&ssl=1&resize=700%2C400 2x, https:\/\/i0.wp.com\/noticiasribeiraopreto.com.br\/wp-content\/uploads\/2025\/02\/chuva_2025-02-13_19-18-28_png_2025-02-13_19-18-28.webp.webp?fit=1200%2C675&ssl=1&resize=1050%2C600 3x"},"classes":[]},{"id":80612,"url":"https:\/\/noticiasribeiraopreto.com.br\/index.php\/2025\/12\/08\/chuva-intensa-provoca-alagamento-em-avenida-de-ribeirao-preto-veja-fotos\/","url_meta":{"origin":79482,"position":5},"title":"Chuva intensa provoca alagamento em avenida de Ribeir\u00e3o Preto; Veja fotos","author":"noticiasribeiraopreto.com.br","date":"8 de December de 2025","format":false,"excerpt":"A chuva que atingiu Ribeir\u00e3o Preto na tarde deste domingo (7) provocou um alagamento na avenida dos Bandeirantes, na Vila Virg\u00ednia. Segundo o Centro de Controle Multimodal da Artesp, o problema ocorreu no km 7 da via, no sentido leste, por volta das 14h03. Por conta do ac\u00famulo de \u00e1gua,\u2026","rel":"","context":"In &quot;Not\u00edcias de Ribeir\u00e3o Preto-SP e Regi\u00e3o&quot;","block_context":{"text":"Not\u00edcias de Ribeir\u00e3o Preto-SP e Regi\u00e3o","link":"https:\/\/noticiasribeiraopreto.com.br\/index.php\/category\/noticias-de-ribeirao-preto-sp-e-regiao-ismael-colosi\/"},"img":{"alt_text":"","src":"https:\/\/i0.wp.com\/noticiasribeiraopreto.com.br\/wp-content\/uploads\/2025\/12\/WhatsApp-Image-2025-12-07-at-15.02.23-1_2025-12-07_18-57-55.webp.webp?fit=1200%2C675&ssl=1&resize=350%2C200","width":350,"height":200,"srcset":"https:\/\/i0.wp.com\/noticiasribeiraopreto.com.br\/wp-content\/uploads\/2025\/12\/WhatsApp-Image-2025-12-07-at-15.02.23-1_2025-12-07_18-57-55.webp.webp?fit=1200%2C675&ssl=1&resize=350%2C200 1x, https:\/\/i0.wp.com\/noticiasribeiraopreto.com.br\/wp-content\/uploads\/2025\/12\/WhatsApp-Image-2025-12-07-at-15.02.23-1_2025-12-07_18-57-55.webp.webp?fit=1200%2C675&ssl=1&resize=525%2C300 1.5x, https:\/\/i0.wp.com\/noticiasribeiraopreto.com.br\/wp-content\/uploads\/2025\/12\/WhatsApp-Image-2025-12-07-at-15.02.23-1_2025-12-07_18-57-55.webp.webp?fit=1200%2C675&ssl=1&resize=700%2C400 2x, https:\/\/i0.wp.com\/noticiasribeiraopreto.com.br\/wp-content\/uploads\/2025\/12\/WhatsApp-Image-2025-12-07-at-15.02.23-1_2025-12-07_18-57-55.webp.webp?fit=1200%2C675&ssl=1&resize=1050%2C600 3x"},"classes":[]}],"jetpack_sharing_enabled":true,"jetpack_shortlink":"https:\/\/wp.me\/peQAOb-kFY","_links":{"self":[{"href":"https:\/\/noticiasribeiraopreto.com.br\/index.php\/wp-json\/wp\/v2\/posts\/79482","targetHints":{"allow":["GET"]}}],"collection":[{"href":"https:\/\/noticiasribeiraopreto.com.br\/index.php\/wp-json\/wp\/v2\/posts"}],"about":[{"href":"https:\/\/noticiasribeiraopreto.com.br\/index.php\/wp-json\/wp\/v2\/types\/post"}],"author":[{"embeddable":true,"href":"https:\/\/noticiasribeiraopreto.com.br\/index.php\/wp-json\/wp\/v2\/users\/1"}],"replies":[{"embeddable":true,"href":"https:\/\/noticiasribeiraopreto.com.br\/index.php\/wp-json\/wp\/v2\/comments?post=79482"}],"version-history":[{"count":0,"href":"https:\/\/noticiasribeiraopreto.com.br\/index.php\/wp-json\/wp\/v2\/posts\/79482\/revisions"}],"wp:featuredmedia":[{"embeddable":true,"href":"https:\/\/noticiasribeiraopreto.com.br\/index.php\/wp-json\/wp\/v2\/media\/79483"}],"wp:attachment":[{"href":"https:\/\/noticiasribeiraopreto.com.br\/index.php\/wp-json\/wp\/v2\/media?parent=79482"}],"wp:term":[{"taxonomy":"category","embeddable":true,"href":"https:\/\/noticiasribeiraopreto.com.br\/index.php\/wp-json\/wp\/v2\/categories?post=79482"},{"taxonomy":"post_tag","embeddable":true,"href":"https:\/\/noticiasribeiraopreto.com.br\/index.php\/wp-json\/wp\/v2\/tags?post=79482"}],"curies":[{"name":"wp","href":"https:\/\/api.w.org\/{rel}","templated":true}]}}