{"id":79484,"date":"2025-11-02T15:29:18","date_gmt":"2025-11-02T18:29:18","guid":{"rendered":"https:\/\/noticiasribeiraopreto.com.br\/index.php\/2025\/11\/02\/ex-ministro-comenta-caso-da-esquerdogata-em-ribeirao-preto\/"},"modified":"2025-11-02T15:29:18","modified_gmt":"2025-11-02T18:29:18","slug":"ex-ministro-comenta-caso-da-esquerdogata-em-ribeirao-preto","status":"publish","type":"post","link":"https:\/\/noticiasribeiraopreto.com.br\/index.php\/2025\/11\/02\/ex-ministro-comenta-caso-da-esquerdogata-em-ribeirao-preto\/","title":{"rendered":"Ex-ministro comenta caso da Esquerdogata em Ribeir\u00e3o Preto"},"content":{"rendered":"<div class='code-block code-block-1' style='margin: 8px 0 8px auto; text-align: right; display: block; clear: both;'>\n<p><a href=\"https:\/\/wa.link\/vpicfd\"><img data-recalc-dims=\"1\" class=\"wp-image-4922\" style=\"aspect-ratio: 2.0253164556962027; width: 561px; height: auto;\" src=\"https:\/\/i0.wp.com\/ismaelcolosi.com.br\/wp-content\/uploads\/2023\/11\/grupo-de-empregos-whatsapp-e-facebook-ismael-colosi-vagas.jpg?ssl=1\" alt=\"\" \/><\/a><\/p>\n<!-- \/wp:image -->\n<\/div>\n<p> <br \/>\n<\/p>\n<div>\n<p>O ex-ministro da Casa Civil e dirigente do PT <strong>Jos\u00e9 Dirceu <\/strong>esteve em <strong>Ribeir\u00e3o Preto <\/strong>nesta semana e comentou a pris\u00e3o por desacato a autoridade cometido pela influencer e professora <strong>Aline Bardy Dutra<\/strong>, tamb\u00e9m chamada de <strong>Esquerdogata<\/strong> \u2013 ela j\u00e1 foi liberada.<\/p>\n<p><a href=\"https:\/\/g1.globo.com\/sp\/ribeirao-preto-franca\/noticia\/2025\/10\/28\/pt-de-ribeirao-preto-repudia-falas-de-esquerdogata-e-diz-que-caso-vai-ser-avaliado-internamente.ghtml\" data-type=\"link\" data-id=\"https:\/\/g1.globo.com\/sp\/ribeirao-preto-franca\/noticia\/2025\/10\/28\/pt-de-ribeirao-preto-repudia-falas-de-esquerdogata-e-diz-que-caso-vai-ser-avaliado-internamente.ghtml\" target=\"_blank\" rel=\"noopener\">Aline \u00e9 filiada ao PT <\/a>e ficou conhecida nas redes sociais por fazer coment\u00e1rios pol\u00edticos. Ao <strong>acidade on Ribeir\u00e3o<\/strong>, Jos\u00e9 Dirceu disse que a professora deve responder pelos atos.<\/p>\n<p>\u201cN\u00e3o \u00e9 porque se \u00e9 de esquerda ou de direita, se \u00e9 jovem, se \u00e9 idoso. Eu respondi por tudo o que me acusaram. Eu n\u00e3o fugi de prestar contas \u00e0 Justi\u00e7a. Ali\u00e1s, cumpri as penas, mesmo inocente, entendeu? Voc\u00ea tem que responder\u201d, disse.<\/p>\n<p>O ex-ministro relembrou o processo da opera\u00e7\u00e3o Lava Jato, encerrado pelo<strong> STJ (Superior Tribunal de Justi\u00e7a) <\/strong>em 2024, ap\u00f3s ter sido anulado pelo ministro <strong>Gilmar Mendes<\/strong>, do<strong> STF (Supremo Tribunal Federal)<\/strong>.<\/p>\n<p>\u201cEu falei para o doutor [Sergio] Moro um dia: \u2018o senhor pode ficar tranquilo, que eu vou responder aqui\u2019. Mesmo que seja injusti\u00e7a, voc\u00ea nunca me viu criticar o Supremo Tribunal Federal, nunca me viu desacatar juiz, nada, entendeu? Eu tinha convic\u00e7\u00e3o da minha inoc\u00eancia, que hoje est\u00e1 provada\u201d, disse.<\/p>\n<p>O mesmo coment\u00e1rio Jos\u00e9 Dirceu fez em rela\u00e7\u00e3o ao vereador<strong> Roger Ronan da Silva<\/strong>, o <strong>Bigodini (MDB)<\/strong>, indiciado pela pol\u00edcia pelos crimes de embriaguez ao volante, falsidade ideol\u00f3gica e fraude processual.<\/p>\n<p>\u201cEnt\u00e3o, cada um tem que responder pelos seus atos, seja vereador, m\u00e9dico, engenheiro, arquiteto, trabalhador da Constru\u00e7\u00e3o Civil\u201d, disse o ex-ministro. Contudo, Jos\u00e9 Dirceu lembrou que deve ocorrer o devido processo legal, com direito de defesa e presun\u00e7\u00e3o de inoc\u00eancia.<\/p>\n<h2 class=\"wp-block-heading\"><strong>Seguran\u00e7a p\u00fablica<\/strong><\/h2>\n<p>O ex-ministro Jos\u00e9 Dirceu tamb\u00e9m comentou a situa\u00e7\u00e3o da seguran\u00e7a p\u00fablica no Pa\u00eds, ap\u00f3s opera\u00e7\u00e3o realizada no Rio de Janeiro. Para ele, n\u00e3o h\u00e1 uma solu\u00e7\u00e3o para conter o crime organizado em curto prazo.<\/p>\n<p>Jos\u00e9 Dirceu disse que o estado n\u00e3o pode admitir a ocupa\u00e7\u00e3o do territ\u00f3rio pelos criminosos. \u201cO estado tem que se fazer sua presen\u00e7a e tem que reprimir, tem que, evidentemente, extinguir e eliminar isso. Agora, como eliminar?\u201d, declarou.<\/p>\n<p>\u201cSe voc\u00ea ver a experi\u00eancia mundial, as cidades que diminu\u00edram [a criminalidade] como Cali, Medell\u00edn, levaram muitos anos para isso. Porque a intelig\u00eancia, a infiltra\u00e7\u00e3o, ir atr\u00e1s do dinheiro, a pol\u00edcia de proximidade e, principalmente, a ocupa\u00e7\u00e3o dos territ\u00f3rios, as UPPs [ Unidades de Pol\u00edcia Pacificadora] eram uma solu\u00e7\u00e3o correta. Porque voc\u00ea faz infraestrutura, pol\u00edticas sociais, pol\u00edticas de juventude, cultural, al\u00e9m da repress\u00e3o\u201d, afirma.<\/p>\n<p>No entanto, ele acredita que a agenda do Pa\u00eds deve ser econ\u00f4mica, focando na reforma tribut\u00e1ria, na escala 6 x 1 e na diminui\u00e7\u00e3o dos juros para que o Brasil possa crescer. \u201cN\u00e3o adiantar buscar culpados agora\u201d.<\/p>\n<figure class=\"wp-block-image size-large\"><img data-recalc-dims=\"1\" fetchpriority=\"high\" decoding=\"async\" width=\"768\" height=\"1024\" src=\"https:\/\/i0.wp.com\/cdn.media-acidadeon.com.br\/ribeiraopreto\/wp-content\/uploads\/sites\/3\/2025\/11\/jose-dirceu_2025-11-02_17-13-03-768x1024.webp?resize=768%2C1024&#038;ssl=1\" alt=\"jose dirceu 2025 11 02 17 13 03\" class=\"wp-image-134424\" title=\"Ex-ministro comenta caso da Esquerdogata em Ribeir\u00e3o Preto 1\" srcset=\"https:\/\/cdn.media-acidadeon.com.br\/ribeiraopreto\/wp-content\/uploads\/sites\/3\/2025\/11\/jose-dirceu_2025-11-02_17-13-03-768x1024.webp 768w, https:\/\/cdn.media-acidadeon.com.br\/ribeiraopreto\/wp-content\/uploads\/sites\/3\/2025\/11\/jose-dirceu_2025-11-02_17-13-03-225x300.webp 225w, https:\/\/cdn.media-acidadeon.com.br\/ribeiraopreto\/wp-content\/uploads\/sites\/3\/2025\/11\/jose-dirceu_2025-11-02_17-13-03-1152x1536.webp 1152w, https:\/\/cdn.media-acidadeon.com.br\/ribeiraopreto\/wp-content\/uploads\/sites\/3\/2025\/11\/jose-dirceu_2025-11-02_17-13-03-696x928.webp 696w, https:\/\/cdn.media-acidadeon.com.br\/ribeiraopreto\/wp-content\/uploads\/sites\/3\/2025\/11\/jose-dirceu_2025-11-02_17-13-03-1068x1424.webp 1068w, https:\/\/cdn.media-acidadeon.com.br\/ribeiraopreto\/wp-content\/uploads\/sites\/3\/2025\/11\/jose-dirceu_2025-11-02_17-13-03.webp 1200w\" sizes=\"(max-width: 768px) 100vw, 768px\"\/><figcaption class=\"wp-element-caption\">Jos\u00e9 Dirceu durante entrevista (Foto: Leonardo Santos)<\/figcaption><\/figure>\n<h2 class=\"wp-block-heading\"><strong>Situa\u00e7\u00e3o pol\u00edtica<\/strong><\/h2>\n<p>Na entrevista, Jos\u00e9 Dirceu tamb\u00e9m comentou a situa\u00e7\u00e3o pol\u00edtica do Pa\u00eds. Para ele, \u00e9 necess\u00e1ria uma \u201creforma pol\u00edtica grande\u201d, pois acredita que \u00e9 \u201cevidente a degrada\u00e7\u00e3o do Congresso Nacional\u201d. \u201cQuando os deputados se sentem impunes de aprovar aumento do n\u00famero de deputados sabendo que \u00e9 ilegal e inconstitucional\u201d, afirma.<\/p>\n<p>Para o ex-ministro, a propor\u00e7\u00e3o da representa\u00e7\u00e3o estadual deveria ser revista, j\u00e1 que aponta que o Estado de S\u00e3o Paulo perde 41 parlamentares com as regras atuais. \u201cPorque em todos os pa\u00edses do mundo a representa\u00e7\u00e3o \u00e9 proporcional ao povo\u201d.<\/p>\n<p>Al\u00e9m disso, Jos\u00e9 Dirceu tamb\u00e9m questionou as emendas dispon\u00edveis para deputados e senadores. Isso porque, ele considera que isso tirar o poder do Executivo.<\/p>\n<p>\u201cA revolu\u00e7\u00e3o tecnol\u00f3gica est\u00e1 chegando. Cada pa\u00eds est\u00e1 cuidando de si e todo mundo est\u00e1 olhando para o Brasil, que \u00e9 um pa\u00eds rico. Todo mundo quer saber se o Brasil vai ser capaz de se tornar um pa\u00eds soberano. Para fazer uma revolu\u00e7\u00e3o tecnol\u00f3gica e uma revolu\u00e7\u00e3o social, desconcentrar a renda, a riqueza e propriedade para poder crescer. Porque a concentra\u00e7\u00e3o de renda o juro alto est\u00e1 impedindo o pa\u00eds de crescer\u201d, disse.<\/p>\n<p>\u201cEnquanto isso, esses R$ 52 bilh\u00f5es para os deputados distribuir, primeiro \u00e9 inconstitucional, porque est\u00e1 invadindo uma atribui\u00e7\u00e3o do executivo. Segundo, desperd\u00edcio de recursos, terceiro, desvio de recursos para enriquecimento il\u00edcito de deputados\u201d, completa.<\/p>\n<p>SAIBA MAIS<br \/>Saque-anivers\u00e1rio do FGTS tem novas regras; confira o que muda<\/p>\n<h2 class=\"wp-block-heading\"><strong>FIQUE ON<\/strong><\/h2>\n<p>Fique ligado em tudo que acontece em Ribeir\u00e3o Preto e regi\u00e3o. Siga os perfis do<strong>\u00a0acidade on\u00a0<\/strong>no<a href=\"https:\/\/www.instagram.com\/acidadeonribeirao\" target=\"_blank\" rel=\"noreferrer noopener\">\u00a0Instagram\u00a0<\/a>e no\u00a0<a href=\"https:\/\/www.facebook.com\/acidadeonribeirao\/\" target=\"_blank\" rel=\"noreferrer noopener\">Facebook<\/a>.<\/p>\n<p>Receba not\u00edcias do<strong>\u00a0acidade on<\/strong>\u00a0no WhatsApp. Para entrar no grupo,\u00a0basta\u00a0<a href=\"https:\/\/chat.whatsapp.com\/I4nieTEMKlf50pJ28aMemC?mode=ac_t\" target=\"_blank\" rel=\"noreferrer noopener\">clicar aqui<\/a>. Ou, acesse o nosso\u00a0Canal<a href=\"https:\/\/whatsapp.com\/channel\/0029Vb6IQl1JENyAeS57fk2p\" target=\"_blank\" rel=\"noreferrer noopener\">\u00a0clicando aqui<\/a>.<\/p>\n<p>Fa\u00e7a uma den\u00fancia ou sugira uma reportagem sobre Ribeir\u00e3o Preto e regi\u00e3o pelo WhatsApp: 16 99117 7802.<\/p>\n<p>VEJA TAMB\u00c9M<br \/>O que \u00e9 o 3I\/ATLAS?<\/p>\n<p><!-- AI CONTENT END 1 -->\n<\/div>\n<p><script async src=\"\/\/www.instagram.com\/embed.js\"><\/script><br \/>\n<br \/><br \/>\n<br \/><a href=\"https:\/\/www.acidadeon.com\/ribeiraopreto\/politica\/nevio-archibald\/ex-ministro-comenta-caso-da-esquerdogata-em-ribeirao-preto\/\">Source link <\/a><\/p>\n<!-- CONTENT END 1 -->\n","protected":false},"excerpt":{"rendered":"<p>O ex-ministro da Casa Civil e dirigente do PT Jos\u00e9 Dirceu esteve em Ribeir\u00e3o Preto nesta semana e comentou a pris\u00e3o por desacato a autoridade&#8230;<\/p>\n","protected":false},"author":1,"featured_media":79485,"comment_status":"open","ping_status":"open","sticky":false,"template":"","format":"standard","meta":{"advanced_seo_description":"","jetpack_seo_html_title":"","jetpack_seo_noindex":false,"jetpack_post_was_ever_published":false,"_jetpack_newsletter_access":"","_jetpack_dont_email_post_to_subs":false,"_jetpack_newsletter_tier_id":0,"_jetpack_memberships_contains_paywalled_content":false,"_jetpack_memberships_contains_paid_content":false,"footnotes":"","jetpack_publicize_message":"","jetpack_publicize_feature_enabled":true,"jetpack_social_post_already_shared":true,"jetpack_social_options":{"image_generator_settings":{"template":"highway","default_image_id":0,"font":"","enabled":false},"version":2}},"categories":[11],"tags":[],"class_list":["post-79484","post","type-post","status-publish","format-standard","has-post-thumbnail","hentry","category-noticias-de-ribeirao-preto-sp-e-regiao-ismael-colosi"],"jetpack_publicize_connections":[],"jetpack_featured_media_url":"https:\/\/i0.wp.com\/noticiasribeiraopreto.com.br\/wp-content\/uploads\/2025\/11\/jose-dirceu.webp.webp?fit=1170%2C700&ssl=1","jetpack-related-posts":[{"id":79215,"url":"https:\/\/noticiasribeiraopreto.com.br\/index.php\/2025\/10\/27\/quem-e-esquerdogata-influenciadora-presa-apos-ofender-pm-em-ribeirao-preto\/","url_meta":{"origin":79484,"position":0},"title":"Quem \u00e9 Esquerdogata, influenciadora presa ap\u00f3s ofender PM em Ribeir\u00e3o Preto","author":"noticiasribeiraopreto.com.br","date":"27 de October de 2025","format":false,"excerpt":"Presa na madrugada do \u00faltimo s\u00e1bado (25) por desacato contra policiais militares no Centro de Ribeir\u00e3o Preto, Aline Bardy Dutra, conhecida como Esquerdogata, \u00e9 comunicadora, professora e militante pol\u00edtica. Com mais de 800 mil seguidores nas redes sociais, Aline, que tem 45 anos, produz e compartilha v\u00eddeos e textos principalmente\u2026","rel":"","context":"In &quot;Not\u00edcias de Ribeir\u00e3o Preto-SP e Regi\u00e3o&quot;","block_context":{"text":"Not\u00edcias de Ribeir\u00e3o Preto-SP e Regi\u00e3o","link":"https:\/\/noticiasribeiraopreto.com.br\/index.php\/category\/noticias-de-ribeirao-preto-sp-e-regiao-ismael-colosi\/"},"img":{"alt_text":"","src":"https:\/\/i0.wp.com\/noticiasribeiraopreto.com.br\/wp-content\/uploads\/2025\/10\/Copia-de-Copia-de-Copia-de-TAMANHO-EXATO-PARA-FOTOS-NO-SISTEMA-NOVO-2025-10-27T133032.461_2025-10-27_16-30-35.webp.webp?fit=1200%2C675&ssl=1&resize=350%2C200","width":350,"height":200,"srcset":"https:\/\/i0.wp.com\/noticiasribeiraopreto.com.br\/wp-content\/uploads\/2025\/10\/Copia-de-Copia-de-Copia-de-TAMANHO-EXATO-PARA-FOTOS-NO-SISTEMA-NOVO-2025-10-27T133032.461_2025-10-27_16-30-35.webp.webp?fit=1200%2C675&ssl=1&resize=350%2C200 1x, https:\/\/i0.wp.com\/noticiasribeiraopreto.com.br\/wp-content\/uploads\/2025\/10\/Copia-de-Copia-de-Copia-de-TAMANHO-EXATO-PARA-FOTOS-NO-SISTEMA-NOVO-2025-10-27T133032.461_2025-10-27_16-30-35.webp.webp?fit=1200%2C675&ssl=1&resize=525%2C300 1.5x, https:\/\/i0.wp.com\/noticiasribeiraopreto.com.br\/wp-content\/uploads\/2025\/10\/Copia-de-Copia-de-Copia-de-TAMANHO-EXATO-PARA-FOTOS-NO-SISTEMA-NOVO-2025-10-27T133032.461_2025-10-27_16-30-35.webp.webp?fit=1200%2C675&ssl=1&resize=700%2C400 2x, https:\/\/i0.wp.com\/noticiasribeiraopreto.com.br\/wp-content\/uploads\/2025\/10\/Copia-de-Copia-de-Copia-de-TAMANHO-EXATO-PARA-FOTOS-NO-SISTEMA-NOVO-2025-10-27T133032.461_2025-10-27_16-30-35.webp.webp?fit=1200%2C675&ssl=1&resize=1050%2C600 3x"},"classes":[]},{"id":80971,"url":"https:\/\/noticiasribeiraopreto.com.br\/index.php\/2025\/12\/19\/esquerdogata-passara-por-exame-de-sanidade-mental-apos-decisao-da-justica\/","url_meta":{"origin":79484,"position":1},"title":"Esquerdogata passar\u00e1 por exame de sanidade mental ap\u00f3s decis\u00e3o da Justi\u00e7a","author":"noticiasribeiraopreto.com.br","date":"19 de December de 2025","format":false,"excerpt":"A Justi\u00e7a autorizou a realiza\u00e7\u00e3o de um exame de sanidade mental na influenciadora Aline Bardy Dutra, conhecida como Esquerdogata, acusada de racismo contra dois policiais militares de Ribeir\u00e3o Preto. A decis\u00e3o atende a um pedido feito pela defesa e j\u00e1 foi deferida pelo Judici\u00e1rio. De acordo com o documento ao\u2026","rel":"","context":"In &quot;Not\u00edcias de Ribeir\u00e3o Preto-SP e Regi\u00e3o&quot;","block_context":{"text":"Not\u00edcias de Ribeir\u00e3o Preto-SP e Regi\u00e3o","link":"https:\/\/noticiasribeiraopreto.com.br\/index.php\/category\/noticias-de-ribeirao-preto-sp-e-regiao-ismael-colosi\/"},"img":{"alt_text":"","src":"https:\/\/i0.wp.com\/noticiasribeiraopreto.com.br\/wp-content\/uploads\/2025\/10\/voguing_2025-10-28_15-10-23.webp.webp?fit=1200%2C675&ssl=1&resize=350%2C200","width":350,"height":200,"srcset":"https:\/\/i0.wp.com\/noticiasribeiraopreto.com.br\/wp-content\/uploads\/2025\/10\/voguing_2025-10-28_15-10-23.webp.webp?fit=1200%2C675&ssl=1&resize=350%2C200 1x, https:\/\/i0.wp.com\/noticiasribeiraopreto.com.br\/wp-content\/uploads\/2025\/10\/voguing_2025-10-28_15-10-23.webp.webp?fit=1200%2C675&ssl=1&resize=525%2C300 1.5x, https:\/\/i0.wp.com\/noticiasribeiraopreto.com.br\/wp-content\/uploads\/2025\/10\/voguing_2025-10-28_15-10-23.webp.webp?fit=1200%2C675&ssl=1&resize=700%2C400 2x, https:\/\/i0.wp.com\/noticiasribeiraopreto.com.br\/wp-content\/uploads\/2025\/10\/voguing_2025-10-28_15-10-23.webp.webp?fit=1200%2C675&ssl=1&resize=1050%2C600 3x"},"classes":[]},{"id":79414,"url":"https:\/\/noticiasribeiraopreto.com.br\/index.php\/2025\/10\/31\/moradores-do-quintino-facci-exigem-retratacao-de-esquerdogata-apos-ofensas-a-pm-de-ribeirao\/","url_meta":{"origin":79484,"position":2},"title":"Moradores do Quintino Facci exigem retrata\u00e7\u00e3o de Esquerdogata ap\u00f3s ofensas a PM de Ribeir\u00e3o","author":"noticiasribeiraopreto.com.br","date":"31 de October de 2025","format":false,"excerpt":"A Associa\u00e7\u00e3o de Moradores do Bairro Quintino Facci, em Ribeir\u00e3o Preto, emitiu uma nota de rep\u00fadio, exigindo uma retrata\u00e7\u00e3o formal da influenciadora e professora Aline Bardy Dutra, conhecida como Esquerdogata. No \u00faltimo s\u00e1bado (25), ela se envolveu em uma pol\u00eamica ao desacatar policiais militares. A influenciadora chegou a ser presa,\u2026","rel":"","context":"In &quot;Not\u00edcias de Ribeir\u00e3o Preto-SP e Regi\u00e3o&quot;","block_context":{"text":"Not\u00edcias de Ribeir\u00e3o Preto-SP e Regi\u00e3o","link":"https:\/\/noticiasribeiraopreto.com.br\/index.php\/category\/noticias-de-ribeirao-preto-sp-e-regiao-ismael-colosi\/"},"img":{"alt_text":"","src":"https:\/\/i0.wp.com\/noticiasribeiraopreto.com.br\/wp-content\/uploads\/2025\/10\/Copia-de-Copia-de-Copia-de-TAMANHO-EXATO-PARA-FOTOS-NO-SISTEMA-NOVO-2025-10-27T133032.461_2025-10-27_16-30-35.webp.webp?fit=1200%2C675&ssl=1&resize=350%2C200","width":350,"height":200,"srcset":"https:\/\/i0.wp.com\/noticiasribeiraopreto.com.br\/wp-content\/uploads\/2025\/10\/Copia-de-Copia-de-Copia-de-TAMANHO-EXATO-PARA-FOTOS-NO-SISTEMA-NOVO-2025-10-27T133032.461_2025-10-27_16-30-35.webp.webp?fit=1200%2C675&ssl=1&resize=350%2C200 1x, https:\/\/i0.wp.com\/noticiasribeiraopreto.com.br\/wp-content\/uploads\/2025\/10\/Copia-de-Copia-de-Copia-de-TAMANHO-EXATO-PARA-FOTOS-NO-SISTEMA-NOVO-2025-10-27T133032.461_2025-10-27_16-30-35.webp.webp?fit=1200%2C675&ssl=1&resize=525%2C300 1.5x, https:\/\/i0.wp.com\/noticiasribeiraopreto.com.br\/wp-content\/uploads\/2025\/10\/Copia-de-Copia-de-Copia-de-TAMANHO-EXATO-PARA-FOTOS-NO-SISTEMA-NOVO-2025-10-27T133032.461_2025-10-27_16-30-35.webp.webp?fit=1200%2C675&ssl=1&resize=700%2C400 2x, https:\/\/i0.wp.com\/noticiasribeiraopreto.com.br\/wp-content\/uploads\/2025\/10\/Copia-de-Copia-de-Copia-de-TAMANHO-EXATO-PARA-FOTOS-NO-SISTEMA-NOVO-2025-10-27T133032.461_2025-10-27_16-30-35.webp.webp?fit=1200%2C675&ssl=1&resize=1050%2C600 3x"},"classes":[]},{"id":79253,"url":"https:\/\/noticiasribeiraopreto.com.br\/index.php\/2025\/10\/28\/esquerdogata-ja-foi-condenada-por-desacatar-policiais-militares-em-ribeirao-entenda\/","url_meta":{"origin":79484,"position":3},"title":"Esquerdogata j\u00e1 foi condenada por desacatar policiais militares em Ribeir\u00e3o; Entenda","author":"noticiasribeiraopreto.com.br","date":"28 de October de 2025","format":false,"excerpt":"Presa no \u00faltimo s\u00e1bado (25) por desacatar policiais militares no Centro de Ribeir\u00e3o Preto, a influenciadora e professora Aline Bardy Dutra, conhecida nas redes sociais como Esquerdogata, esteve envolvida em um caso semelhante em outubro de 2022. Em fevereiro deste ano, Aline foi condenada em primeira inst\u00e2ncia pela Justi\u00e7a de\u2026","rel":"","context":"In &quot;Not\u00edcias de Ribeir\u00e3o Preto-SP e Regi\u00e3o&quot;","block_context":{"text":"Not\u00edcias de Ribeir\u00e3o Preto-SP e Regi\u00e3o","link":"https:\/\/noticiasribeiraopreto.com.br\/index.php\/category\/noticias-de-ribeirao-preto-sp-e-regiao-ismael-colosi\/"},"img":{"alt_text":"","src":"https:\/\/i0.wp.com\/noticiasribeiraopreto.com.br\/wp-content\/uploads\/2025\/10\/voguing_2025-10-28_15-10-23.webp.webp?fit=1200%2C675&ssl=1&resize=350%2C200","width":350,"height":200,"srcset":"https:\/\/i0.wp.com\/noticiasribeiraopreto.com.br\/wp-content\/uploads\/2025\/10\/voguing_2025-10-28_15-10-23.webp.webp?fit=1200%2C675&ssl=1&resize=350%2C200 1x, https:\/\/i0.wp.com\/noticiasribeiraopreto.com.br\/wp-content\/uploads\/2025\/10\/voguing_2025-10-28_15-10-23.webp.webp?fit=1200%2C675&ssl=1&resize=525%2C300 1.5x, https:\/\/i0.wp.com\/noticiasribeiraopreto.com.br\/wp-content\/uploads\/2025\/10\/voguing_2025-10-28_15-10-23.webp.webp?fit=1200%2C675&ssl=1&resize=700%2C400 2x, https:\/\/i0.wp.com\/noticiasribeiraopreto.com.br\/wp-content\/uploads\/2025\/10\/voguing_2025-10-28_15-10-23.webp.webp?fit=1200%2C675&ssl=1&resize=1050%2C600 3x"},"classes":[]},{"id":79468,"url":"https:\/\/noticiasribeiraopreto.com.br\/index.php\/2025\/11\/02\/em-ribeirao-jose-dirceu-reforca-a-importancia-da-democracia\/","url_meta":{"origin":79484,"position":4},"title":"Em Ribeir\u00e3o, Jos\u00e9 Dirceu refor\u00e7a a import\u00e2ncia da democracia","author":"noticiasribeiraopreto.com.br","date":"2 de November de 2025","format":false,"excerpt":"Ex-ministro falou sobre seguran\u00e7a p\u00fablica, pol\u00edticas p\u00fablicas e democracia brasileira Por Pedro Ferro\/Especial para o Tribuna Ribeir\u00e3o Na \u00faltima quinta-feira (30), o ex-ministro da Casa Civil e dirigente do PT Jos\u00e9 Dirceu veio a Ribeir\u00e3o Preto para discursar em um encontro de membros do PT no Cineclube Cauim. Em entrevista\u2026","rel":"","context":"In &quot;Not\u00edcias de Ribeir\u00e3o Preto-SP e Regi\u00e3o&quot;","block_context":{"text":"Not\u00edcias de Ribeir\u00e3o Preto-SP e Regi\u00e3o","link":"https:\/\/noticiasribeiraopreto.com.br\/index.php\/category\/noticias-de-ribeirao-preto-sp-e-regiao-ismael-colosi\/"},"img":{"alt_text":"","src":"https:\/\/i0.wp.com\/noticiasribeiraopreto.com.br\/wp-content\/uploads\/2025\/11\/Jose-Dirceu-01-scaled.jpeg?fit=1157%2C780&ssl=1&resize=350%2C200","width":350,"height":200,"srcset":"https:\/\/i0.wp.com\/noticiasribeiraopreto.com.br\/wp-content\/uploads\/2025\/11\/Jose-Dirceu-01-scaled.jpeg?fit=1157%2C780&ssl=1&resize=350%2C200 1x, https:\/\/i0.wp.com\/noticiasribeiraopreto.com.br\/wp-content\/uploads\/2025\/11\/Jose-Dirceu-01-scaled.jpeg?fit=1157%2C780&ssl=1&resize=525%2C300 1.5x, https:\/\/i0.wp.com\/noticiasribeiraopreto.com.br\/wp-content\/uploads\/2025\/11\/Jose-Dirceu-01-scaled.jpeg?fit=1157%2C780&ssl=1&resize=700%2C400 2x, https:\/\/i0.wp.com\/noticiasribeiraopreto.com.br\/wp-content\/uploads\/2025\/11\/Jose-Dirceu-01-scaled.jpeg?fit=1157%2C780&ssl=1&resize=1050%2C600 3x"},"classes":[]},{"id":79328,"url":"https:\/\/noticiasribeiraopreto.com.br\/index.php\/2025\/10\/29\/prefeitura-de-ribeirao-diz-que-esquerdogata-tem-83-faltas-e-apresentou-mais-de-100-atestados\/","url_meta":{"origin":79484,"position":5},"title":"Prefeitura de Ribeir\u00e3o diz que Esquerdogata tem 83 faltas e apresentou mais de 100 atestados","author":"noticiasribeiraopreto.com.br","date":"29 de October de 2025","format":false,"excerpt":"O prefeito de Ribeir\u00e3o Preto, Ricardo Silva (PSD), disse que a influenciadora e professora Aline Bardy Dutra, a Esquerdogata, tem 83 faltas injustificadas, al\u00e9m de apresentado mais de 100 atestados m\u00e9dicos. Aline \u00e9 professora concursada da rede municipal de Ribeir\u00e3o Preto, mas em julho do ano passado pediu o afastamento,\u2026","rel":"","context":"In &quot;Not\u00edcias de Ribeir\u00e3o Preto-SP e Regi\u00e3o&quot;","block_context":{"text":"Not\u00edcias de Ribeir\u00e3o Preto-SP e Regi\u00e3o","link":"https:\/\/noticiasribeiraopreto.com.br\/index.php\/category\/noticias-de-ribeirao-preto-sp-e-regiao-ismael-colosi\/"},"img":{"alt_text":"","src":"https:\/\/i0.wp.com\/noticiasribeiraopreto.com.br\/wp-content\/uploads\/2025\/10\/aline-bardy-dutra_2025-10-29_17-27-07.webp.webp?fit=1200%2C675&ssl=1&resize=350%2C200","width":350,"height":200,"srcset":"https:\/\/i0.wp.com\/noticiasribeiraopreto.com.br\/wp-content\/uploads\/2025\/10\/aline-bardy-dutra_2025-10-29_17-27-07.webp.webp?fit=1200%2C675&ssl=1&resize=350%2C200 1x, https:\/\/i0.wp.com\/noticiasribeiraopreto.com.br\/wp-content\/uploads\/2025\/10\/aline-bardy-dutra_2025-10-29_17-27-07.webp.webp?fit=1200%2C675&ssl=1&resize=525%2C300 1.5x, https:\/\/i0.wp.com\/noticiasribeiraopreto.com.br\/wp-content\/uploads\/2025\/10\/aline-bardy-dutra_2025-10-29_17-27-07.webp.webp?fit=1200%2C675&ssl=1&resize=700%2C400 2x, https:\/\/i0.wp.com\/noticiasribeiraopreto.com.br\/wp-content\/uploads\/2025\/10\/aline-bardy-dutra_2025-10-29_17-27-07.webp.webp?fit=1200%2C675&ssl=1&resize=1050%2C600 3x"},"classes":[]}],"jetpack_sharing_enabled":true,"jetpack_shortlink":"https:\/\/wp.me\/peQAOb-kG0","_links":{"self":[{"href":"https:\/\/noticiasribeiraopreto.com.br\/index.php\/wp-json\/wp\/v2\/posts\/79484","targetHints":{"allow":["GET"]}}],"collection":[{"href":"https:\/\/noticiasribeiraopreto.com.br\/index.php\/wp-json\/wp\/v2\/posts"}],"about":[{"href":"https:\/\/noticiasribeiraopreto.com.br\/index.php\/wp-json\/wp\/v2\/types\/post"}],"author":[{"embeddable":true,"href":"https:\/\/noticiasribeiraopreto.com.br\/index.php\/wp-json\/wp\/v2\/users\/1"}],"replies":[{"embeddable":true,"href":"https:\/\/noticiasribeiraopreto.com.br\/index.php\/wp-json\/wp\/v2\/comments?post=79484"}],"version-history":[{"count":0,"href":"https:\/\/noticiasribeiraopreto.com.br\/index.php\/wp-json\/wp\/v2\/posts\/79484\/revisions"}],"wp:featuredmedia":[{"embeddable":true,"href":"https:\/\/noticiasribeiraopreto.com.br\/index.php\/wp-json\/wp\/v2\/media\/79485"}],"wp:attachment":[{"href":"https:\/\/noticiasribeiraopreto.com.br\/index.php\/wp-json\/wp\/v2\/media?parent=79484"}],"wp:term":[{"taxonomy":"category","embeddable":true,"href":"https:\/\/noticiasribeiraopreto.com.br\/index.php\/wp-json\/wp\/v2\/categories?post=79484"},{"taxonomy":"post_tag","embeddable":true,"href":"https:\/\/noticiasribeiraopreto.com.br\/index.php\/wp-json\/wp\/v2\/tags?post=79484"}],"curies":[{"name":"wp","href":"https:\/\/api.w.org\/{rel}","templated":true}]}}