{"id":79488,"date":"2025-11-02T15:45:38","date_gmt":"2025-11-02T18:45:38","guid":{"rendered":"https:\/\/noticiasribeiraopreto.com.br\/index.php\/2025\/11\/02\/hospitais-santa-teresa-e-estadual-de-ribeirao-passam-a-integrar-o-complexo-do-hc-entenda\/"},"modified":"2025-11-02T15:45:38","modified_gmt":"2025-11-02T18:45:38","slug":"hospitais-santa-teresa-e-estadual-de-ribeirao-passam-a-integrar-o-complexo-do-hc-entenda","status":"publish","type":"post","link":"https:\/\/noticiasribeiraopreto.com.br\/index.php\/2025\/11\/02\/hospitais-santa-teresa-e-estadual-de-ribeirao-passam-a-integrar-o-complexo-do-hc-entenda\/","title":{"rendered":"Hospitais Santa Teresa e Estadual de Ribeir\u00e3o passam a integrar o complexo do HC; Entenda"},"content":{"rendered":"<div class='code-block code-block-1' style='margin: 8px 0 8px auto; text-align: right; display: block; clear: both;'>\n<p><a href=\"https:\/\/wa.link\/vpicfd\"><img data-recalc-dims=\"1\" class=\"wp-image-4922\" style=\"aspect-ratio: 2.0253164556962027; width: 561px; height: auto;\" src=\"https:\/\/i0.wp.com\/ismaelcolosi.com.br\/wp-content\/uploads\/2023\/11\/grupo-de-empregos-whatsapp-e-facebook-ismael-colosi-vagas.jpg?ssl=1\" alt=\"\" \/><\/a><\/p>\n<!-- \/wp:image -->\n<\/div>\n<p> <br \/>\n<\/p>\n<div data-td-block-uid=\"tdi_95\">\n<div class=\"tdb-block-inner td-fix-index\">\n<p>Os<strong> hospitais Santa Teresa e Estadual de Ribeir\u00e3o Preto <\/strong>passaram a integrar o complexo de sa\u00fade do <strong>Hospital das Cl\u00ednicas da FMRP (Faculdade de Medicina de Ribeir\u00e3o Preto)<\/strong> da <strong>USP (Universidade de S\u00e3o Paulo)<\/strong>. Antes, a administra\u00e7\u00e3o dos hospitais era de responsabilidade da Secretaria de Estado da Sa\u00fade.<\/p>\n<p>O decreto que transfere a responsabilidade foi assinado pelo governador <strong>Tarc\u00edsio de Freitas (REP) <\/strong>e publicado no <strong><a href=\"https:\/\/www.doe.sp.gov.br\/executivo\/decretos\/decreto-n-70043-de-30-de-outubro-de-2025-202510301182021438437\" data-type=\"link\" data-id=\"https:\/\/www.doe.sp.gov.br\/executivo\/decretos\/decreto-n-70043-de-30-de-outubro-de-2025-202510301182021438437\" target=\"_blank\" rel=\"noopener\">Di\u00e1rio Oficial do Estado <\/a><\/strong>na \u00faltima sexta-feira (31).<\/p>\n<p>O superintendente do Hospital das Cl\u00ednicas de Ribeir\u00e3o Preto, Ricardo de Carvalho Cavalli, disse que a integra\u00e7\u00e3o cria um complexo de maiores dimens\u00f5es. <\/p>\n<p>\u201cCom essas estruturas no complexo, n\u00f3s vamos poder aumentar o n\u00famero de atendimentos e aumentar a complexidade de atendimento dessas unidades\u201d, afirma.<\/p>\n<p>\u201cJuntos trocaremos experi\u00eancias, conhecimento, bem como assumiremos o compromisso com a excel\u00eancia no cuidado ao paciente e com a forma\u00e7\u00e3o de profissionais de sa\u00fade\u201d, afirma comunicado assinado pelo superintendente.<\/p>\n<p>SAIBA MAIS<br \/>Saque-anivers\u00e1rio do FGTS tem novas regras; confira o que muda<\/p>\n<h2 class=\"wp-block-heading\"><strong>FIQUE ON<\/strong><\/h2>\n<p>Fique ligado em tudo que acontece em Ribeir\u00e3o Preto e regi\u00e3o. Siga os perfis do<strong>\u00a0acidade on\u00a0<\/strong>no<a href=\"https:\/\/www.instagram.com\/acidadeonribeirao\" target=\"_blank\" rel=\"noreferrer noopener\">\u00a0Instagram\u00a0<\/a>e no\u00a0<a href=\"https:\/\/www.facebook.com\/acidadeonribeirao\/\" target=\"_blank\" rel=\"noreferrer noopener\">Facebook<\/a>.<\/p>\n<p>Receba not\u00edcias do<strong>\u00a0acidade on<\/strong>\u00a0no WhatsApp. Para entrar no grupo,\u00a0basta\u00a0<a href=\"https:\/\/chat.whatsapp.com\/I4nieTEMKlf50pJ28aMemC?mode=ac_t\" target=\"_blank\" rel=\"noreferrer noopener\">clicar aqui<\/a>. Ou, acesse o nosso\u00a0Canal<a href=\"https:\/\/whatsapp.com\/channel\/0029Vb6IQl1JENyAeS57fk2p\" target=\"_blank\" rel=\"noreferrer noopener\">\u00a0clicando aqui<\/a>.<\/p>\n<p>Fa\u00e7a uma den\u00fancia ou sugira uma reportagem sobre Ribeir\u00e3o Preto e regi\u00e3o pelo WhatsApp: 16 99117 7802.<\/p>\n<p>VEJA TAMB\u00c9M<br \/>O que \u00e9 o 3I\/ATLAS?<\/p>\n<p><!-- AI CONTENT END 1 -->\n<\/div>\n<\/div>\n<p><script async src=\"\/\/www.instagram.com\/embed.js\"><\/script><br \/>\n<br \/><br \/>\n<br \/><a href=\"https:\/\/www.acidadeon.com\/ribeiraopreto\/politica\/hospitais-santa-teresa-e-estadual-de-ribeirao-passam-a-integrar-o-complexo-do-hc-entenda\/\">Source link <\/a><\/p>\n<!-- CONTENT END 1 -->\n","protected":false},"excerpt":{"rendered":"<p>Os hospitais Santa Teresa e Estadual de Ribeir\u00e3o Preto passaram a integrar o complexo de sa\u00fade do Hospital das Cl\u00ednicas da FMRP (Faculdade de Medicina&#8230;<\/p>\n","protected":false},"author":1,"featured_media":74244,"comment_status":"open","ping_status":"open","sticky":false,"template":"","format":"standard","meta":{"advanced_seo_description":"","jetpack_seo_html_title":"","jetpack_seo_noindex":false,"jetpack_post_was_ever_published":false,"_jetpack_newsletter_access":"","_jetpack_dont_email_post_to_subs":false,"_jetpack_newsletter_tier_id":0,"_jetpack_memberships_contains_paywalled_content":false,"_jetpack_memberships_contains_paid_content":false,"footnotes":"","jetpack_publicize_message":"","jetpack_publicize_feature_enabled":true,"jetpack_social_post_already_shared":true,"jetpack_social_options":{"image_generator_settings":{"template":"highway","default_image_id":0,"font":"","enabled":false},"version":2}},"categories":[11],"tags":[],"class_list":["post-79488","post","type-post","status-publish","format-standard","has-post-thumbnail","hentry","category-noticias-de-ribeirao-preto-sp-e-regiao-ismael-colosi"],"jetpack_publicize_connections":[],"jetpack_featured_media_url":"https:\/\/i0.wp.com\/noticiasribeiraopreto.com.br\/wp-content\/uploads\/2025\/07\/Copia-de-Copia-de-TAMANHO-EXATO-PARA-FOTOS-NO-SISTEMA-NOVO_2024-07-10_14-29-47_jpg_2024-07-10_14-29-47.webp.webp?fit=1200%2C675&ssl=1","jetpack-related-posts":[{"id":79568,"url":"https:\/\/noticiasribeiraopreto.com.br\/index.php\/2025\/11\/04\/hc-assume-santa-teresa-e-estadual\/","url_meta":{"origin":79488,"position":0},"title":"HC assume Santa Teresa e \u2018Estadual\u2019","author":"noticiasribeiraopreto.com.br","date":"4 de November de 2025","format":false,"excerpt":"4 de novembro de 2025 09:0916 Compartilhar0 Decreto que transferiu a gest\u00e3o foi assinado pelo governador Tarc\u00edsio de Freitas e publicado no Di\u00e1rio Oficial do Estado (DOE) de sexta-feira, 31 de outubro\u2028\u2028 Os hospitais Santa Teresa e Estadual de Ribeir\u00e3o Preto passaram a integrar o Complexo de Sa\u00fade do Hospital\u2026","rel":"","context":"In &quot;Not\u00edcias de Ribeir\u00e3o Preto-SP e Regi\u00e3o&quot;","block_context":{"text":"Not\u00edcias de Ribeir\u00e3o Preto-SP e Regi\u00e3o","link":"https:\/\/noticiasribeiraopreto.com.br\/index.php\/category\/noticias-de-ribeirao-preto-sp-e-regiao-ismael-colosi\/"},"img":{"alt_text":"","src":"https:\/\/i0.wp.com\/noticiasribeiraopreto.com.br\/wp-content\/uploads\/2025\/11\/NovoHC-Est-Alfredo-Risk-scaled.jpg?fit=1170%2C780&ssl=1&resize=350%2C200","width":350,"height":200,"srcset":"https:\/\/i0.wp.com\/noticiasribeiraopreto.com.br\/wp-content\/uploads\/2025\/11\/NovoHC-Est-Alfredo-Risk-scaled.jpg?fit=1170%2C780&ssl=1&resize=350%2C200 1x, https:\/\/i0.wp.com\/noticiasribeiraopreto.com.br\/wp-content\/uploads\/2025\/11\/NovoHC-Est-Alfredo-Risk-scaled.jpg?fit=1170%2C780&ssl=1&resize=525%2C300 1.5x, https:\/\/i0.wp.com\/noticiasribeiraopreto.com.br\/wp-content\/uploads\/2025\/11\/NovoHC-Est-Alfredo-Risk-scaled.jpg?fit=1170%2C780&ssl=1&resize=700%2C400 2x, https:\/\/i0.wp.com\/noticiasribeiraopreto.com.br\/wp-content\/uploads\/2025\/11\/NovoHC-Est-Alfredo-Risk-scaled.jpg?fit=1170%2C780&ssl=1&resize=1050%2C600 3x"},"classes":[]},{"id":71584,"url":"https:\/\/noticiasribeiraopreto.com.br\/index.php\/2025\/06\/07\/ribeirao-preto-anuncia-complexo-de-saude-publica-em-parceria-com-a-usp\/","url_meta":{"origin":79488,"position":1},"title":"Ribeir\u00e3o Preto anuncia complexo de sa\u00fade p\u00fablica em parceria com a USP","author":"noticiasribeiraopreto.com.br","date":"7 de June de 2025","format":false,"excerpt":"A Prefeitura de Ribeir\u00e3o Preto, em parceria com a Universidade de S\u00e3o Paulo (USP), anunciou a cria\u00e7\u00e3o de um novo complexo de sa\u00fade p\u00fablica. A Prefeitura e a USP v\u00e3o implantar o projeto em uma \u00e1rea de 780 mil metros quadrados, entre a avenida Adelmo Perdizza e a avenida Independ\u00eancia,\u2026","rel":"","context":"In &quot;Not\u00edcias de Ribeir\u00e3o Preto-SP e Regi\u00e3o&quot;","block_context":{"text":"Not\u00edcias de Ribeir\u00e3o Preto-SP e Regi\u00e3o","link":"https:\/\/noticiasribeiraopreto.com.br\/index.php\/category\/noticias-de-ribeirao-preto-sp-e-regiao-ismael-colosi\/"},"img":{"alt_text":"","src":"https:\/\/i0.wp.com\/noticiasribeiraopreto.com.br\/wp-content\/uploads\/2025\/06\/anuncio_complexo_1200x675_07062025124732_2025-06-07_18-25-57.webp.webp?fit=1200%2C675&ssl=1&resize=350%2C200","width":350,"height":200,"srcset":"https:\/\/i0.wp.com\/noticiasribeiraopreto.com.br\/wp-content\/uploads\/2025\/06\/anuncio_complexo_1200x675_07062025124732_2025-06-07_18-25-57.webp.webp?fit=1200%2C675&ssl=1&resize=350%2C200 1x, https:\/\/i0.wp.com\/noticiasribeiraopreto.com.br\/wp-content\/uploads\/2025\/06\/anuncio_complexo_1200x675_07062025124732_2025-06-07_18-25-57.webp.webp?fit=1200%2C675&ssl=1&resize=525%2C300 1.5x, https:\/\/i0.wp.com\/noticiasribeiraopreto.com.br\/wp-content\/uploads\/2025\/06\/anuncio_complexo_1200x675_07062025124732_2025-06-07_18-25-57.webp.webp?fit=1200%2C675&ssl=1&resize=700%2C400 2x, https:\/\/i0.wp.com\/noticiasribeiraopreto.com.br\/wp-content\/uploads\/2025\/06\/anuncio_complexo_1200x675_07062025124732_2025-06-07_18-25-57.webp.webp?fit=1200%2C675&ssl=1&resize=1050%2C600 3x"},"classes":[]},{"id":75211,"url":"https:\/\/noticiasribeiraopreto.com.br\/index.php\/2025\/08\/05\/atlantica-dor-lanca-obra-de-futuro-hospital-em-ribeirao-preto\/","url_meta":{"origin":79488,"position":2},"title":"Atl\u00e2ntica D\u2019Or lan\u00e7a obra de futuro hospital em Ribeir\u00e3o Preto","author":"noticiasribeiraopreto.com.br","date":"5 de August de 2025","format":false,"excerpt":"Unidade, que ter\u00e1 140 leitos na primeira fase, est\u00e1 em constru\u00e7\u00e3o na zona sul da cidade, dentro do complexo Ribeir\u00e3oShopping Nesta ter\u00e7a-feira, 5 de agosto, a Atl\u00e2ntica D\u2019Or, parceria entre a Rede D\u2019Or \u2014 maior empresa de sa\u00fade da Am\u00e9rica Latina \u2014 e a Atl\u00e2ntica Hospitais e Participa\u00e7\u00f5es, empresa controlada\u2026","rel":"","context":"In &quot;Not\u00edcias de Ribeir\u00e3o Preto-SP e Regi\u00e3o&quot;","block_context":{"text":"Not\u00edcias de Ribeir\u00e3o Preto-SP e Regi\u00e3o","link":"https:\/\/noticiasribeiraopreto.com.br\/index.php\/category\/noticias-de-ribeirao-preto-sp-e-regiao-ismael-colosi\/"},"img":{"alt_text":"","src":"https:\/\/i0.wp.com\/noticiasribeiraopreto.com.br\/wp-content\/uploads\/2025\/08\/hospital-dor-scaled.jpg?fit=1200%2C560&ssl=1&resize=350%2C200","width":350,"height":200,"srcset":"https:\/\/i0.wp.com\/noticiasribeiraopreto.com.br\/wp-content\/uploads\/2025\/08\/hospital-dor-scaled.jpg?fit=1200%2C560&ssl=1&resize=350%2C200 1x, https:\/\/i0.wp.com\/noticiasribeiraopreto.com.br\/wp-content\/uploads\/2025\/08\/hospital-dor-scaled.jpg?fit=1200%2C560&ssl=1&resize=525%2C300 1.5x, https:\/\/i0.wp.com\/noticiasribeiraopreto.com.br\/wp-content\/uploads\/2025\/08\/hospital-dor-scaled.jpg?fit=1200%2C560&ssl=1&resize=700%2C400 2x, https:\/\/i0.wp.com\/noticiasribeiraopreto.com.br\/wp-content\/uploads\/2025\/08\/hospital-dor-scaled.jpg?fit=1200%2C560&ssl=1&resize=1050%2C600 3x"},"classes":[]},{"id":72635,"url":"https:\/\/noticiasribeiraopreto.com.br\/index.php\/2025\/06\/19\/ribeirao-preto-169-anos-o-segredo-da-cidade-que-virou-centro-de-excelencia-em-saude\/","url_meta":{"origin":79488,"position":3},"title":"Ribeir\u00e3o Preto 169 anos: o segredo da cidade que virou centro de excel\u00eancia em sa\u00fade","author":"noticiasribeiraopreto.com.br","date":"19 de June de 2025","format":false,"excerpt":"Ribeir\u00e3o Preto \u00e9 hoje um dos principais polos de sa\u00fade do Brasil. O que se v\u00ea no munic\u00edpio \u00e9 resultado de uma estrutura s\u00f3lida, que combina forma\u00e7\u00e3o universit\u00e1ria, pesquisa, rede hospitalar p\u00fablica e privada, al\u00e9m de investimentos cont\u00ednuos em expans\u00e3o de servi\u00e7os e infraestrutura. A consolida\u00e7\u00e3o desse setor se apoia\u2026","rel":"","context":"In &quot;Not\u00edcias de Ribeir\u00e3o Preto-SP e Regi\u00e3o&quot;","block_context":{"text":"Not\u00edcias de Ribeir\u00e3o Preto-SP e Regi\u00e3o","link":"https:\/\/noticiasribeiraopreto.com.br\/index.php\/category\/noticias-de-ribeirao-preto-sp-e-regiao-ismael-colosi\/"},"img":{"alt_text":"","src":"https:\/\/i0.wp.com\/noticiasribeiraopreto.com.br\/wp-content\/uploads\/2025\/06\/Copia-de-Copia-de-Copia-de-TAMANHO-EXATO-PARA-FOTOS-NO-SISTEMA-NOVO-2025-06-18T174513.703_2025-06-18_20-46-38.webp.webp?fit=1200%2C675&ssl=1&resize=350%2C200","width":350,"height":200,"srcset":"https:\/\/i0.wp.com\/noticiasribeiraopreto.com.br\/wp-content\/uploads\/2025\/06\/Copia-de-Copia-de-Copia-de-TAMANHO-EXATO-PARA-FOTOS-NO-SISTEMA-NOVO-2025-06-18T174513.703_2025-06-18_20-46-38.webp.webp?fit=1200%2C675&ssl=1&resize=350%2C200 1x, https:\/\/i0.wp.com\/noticiasribeiraopreto.com.br\/wp-content\/uploads\/2025\/06\/Copia-de-Copia-de-Copia-de-TAMANHO-EXATO-PARA-FOTOS-NO-SISTEMA-NOVO-2025-06-18T174513.703_2025-06-18_20-46-38.webp.webp?fit=1200%2C675&ssl=1&resize=525%2C300 1.5x, https:\/\/i0.wp.com\/noticiasribeiraopreto.com.br\/wp-content\/uploads\/2025\/06\/Copia-de-Copia-de-Copia-de-TAMANHO-EXATO-PARA-FOTOS-NO-SISTEMA-NOVO-2025-06-18T174513.703_2025-06-18_20-46-38.webp.webp?fit=1200%2C675&ssl=1&resize=700%2C400 2x, https:\/\/i0.wp.com\/noticiasribeiraopreto.com.br\/wp-content\/uploads\/2025\/06\/Copia-de-Copia-de-Copia-de-TAMANHO-EXATO-PARA-FOTOS-NO-SISTEMA-NOVO-2025-06-18T174513.703_2025-06-18_20-46-38.webp.webp?fit=1200%2C675&ssl=1&resize=1050%2C600 3x"},"classes":[]},{"id":71257,"url":"https:\/\/noticiasribeiraopreto.com.br\/index.php\/2025\/06\/04\/usp-aprova-ampliacao-do-campus-de-ribeirao-preto\/","url_meta":{"origin":79488,"position":4},"title":"USP aprova amplia\u00e7\u00e3o do campus de Ribeir\u00e3o Preto","author":"noticiasribeiraopreto.com.br","date":"4 de June de 2025","format":false,"excerpt":"O Conselho Universit\u00e1rio da USP (Universidade de S\u00e3o Paulo) aprovou, na \u00faltima ter\u00e7a-feira (3), a proposta de amplia\u00e7\u00e3o do campus de Ribeir\u00e3o Preto. Com isso, foi liberada a compra da \u00e1rea de 795,7 mil metros quadrados, onde est\u00e1 sendo constru\u00edda a nova Unidade de Emerg\u00eancia do Hospital das Cl\u00ednicas. O\u2026","rel":"","context":"In &quot;Not\u00edcias de Ribeir\u00e3o Preto-SP e Regi\u00e3o&quot;","block_context":{"text":"Not\u00edcias de Ribeir\u00e3o Preto-SP e Regi\u00e3o","link":"https:\/\/noticiasribeiraopreto.com.br\/index.php\/category\/noticias-de-ribeirao-preto-sp-e-regiao-ismael-colosi\/"},"img":{"alt_text":"","src":"https:\/\/i0.wp.com\/noticiasribeiraopreto.com.br\/wp-content\/uploads\/2025\/06\/WhatsApp-Image-2025-06-04-at-11.49.02-1_2025-06-04_15-01-08.webp.webp?fit=913%2C652&ssl=1&resize=350%2C200","width":350,"height":200,"srcset":"https:\/\/i0.wp.com\/noticiasribeiraopreto.com.br\/wp-content\/uploads\/2025\/06\/WhatsApp-Image-2025-06-04-at-11.49.02-1_2025-06-04_15-01-08.webp.webp?fit=913%2C652&ssl=1&resize=350%2C200 1x, https:\/\/i0.wp.com\/noticiasribeiraopreto.com.br\/wp-content\/uploads\/2025\/06\/WhatsApp-Image-2025-06-04-at-11.49.02-1_2025-06-04_15-01-08.webp.webp?fit=913%2C652&ssl=1&resize=525%2C300 1.5x, https:\/\/i0.wp.com\/noticiasribeiraopreto.com.br\/wp-content\/uploads\/2025\/06\/WhatsApp-Image-2025-06-04-at-11.49.02-1_2025-06-04_15-01-08.webp.webp?fit=913%2C652&ssl=1&resize=700%2C400 2x"},"classes":[]},{"id":68113,"url":"https:\/\/noticiasribeiraopreto.com.br\/index.php\/2025\/04\/22\/implantacao-do-hospital-estadual-de-franca-deve-gerar-13-mil-vagas-de-trabalho\/","url_meta":{"origin":79488,"position":5},"title":"Implanta\u00e7\u00e3o do Hospital Estadual de Franca deve gerar 1,3 mil vagas de trabalho","author":"noticiasribeiraopreto.com.br","date":"22 de April de 2025","format":false,"excerpt":"O Hospital Estadual de Franca, que entrou em etapa final para concluir sua constru\u00e7\u00e3o predial, deve gerar 1,3 mil vagas de trabalho direto. V\u00e3o ser contratados profissionais de medicina, enfermagem, fisioterapia, fono, assist\u00eancia social, terapia ocupacional, entre outras \u00e1reas. A implanta\u00e7\u00e3o da nova unidade de sa\u00fade de alta complexidade na\u2026","rel":"","context":"In &quot;Not\u00edcias de Franca-SP&quot;","block_context":{"text":"Not\u00edcias de Franca-SP","link":"https:\/\/noticiasribeiraopreto.com.br\/index.php\/category\/noticias-de-ribeirao-preto-sp-e-regiao-ismael-colosi\/noticias-franca-sp\/"},"img":{"alt_text":"","src":"https:\/\/i0.wp.com\/noticiasribeiraopreto.com.br\/wp-content\/uploads\/2025\/04\/hospital-regional-franca-03-2025-e1742502355600.jpg?fit=542%2C415&ssl=1&resize=350%2C200","width":350,"height":200,"srcset":"https:\/\/i0.wp.com\/noticiasribeiraopreto.com.br\/wp-content\/uploads\/2025\/04\/hospital-regional-franca-03-2025-e1742502355600.jpg?fit=542%2C415&ssl=1&resize=350%2C200 1x, https:\/\/i0.wp.com\/noticiasribeiraopreto.com.br\/wp-content\/uploads\/2025\/04\/hospital-regional-franca-03-2025-e1742502355600.jpg?fit=542%2C415&ssl=1&resize=525%2C300 1.5x"},"classes":[]}],"jetpack_sharing_enabled":true,"jetpack_shortlink":"https:\/\/wp.me\/peQAOb-kG4","_links":{"self":[{"href":"https:\/\/noticiasribeiraopreto.com.br\/index.php\/wp-json\/wp\/v2\/posts\/79488","targetHints":{"allow":["GET"]}}],"collection":[{"href":"https:\/\/noticiasribeiraopreto.com.br\/index.php\/wp-json\/wp\/v2\/posts"}],"about":[{"href":"https:\/\/noticiasribeiraopreto.com.br\/index.php\/wp-json\/wp\/v2\/types\/post"}],"author":[{"embeddable":true,"href":"https:\/\/noticiasribeiraopreto.com.br\/index.php\/wp-json\/wp\/v2\/users\/1"}],"replies":[{"embeddable":true,"href":"https:\/\/noticiasribeiraopreto.com.br\/index.php\/wp-json\/wp\/v2\/comments?post=79488"}],"version-history":[{"count":0,"href":"https:\/\/noticiasribeiraopreto.com.br\/index.php\/wp-json\/wp\/v2\/posts\/79488\/revisions"}],"wp:featuredmedia":[{"embeddable":true,"href":"https:\/\/noticiasribeiraopreto.com.br\/index.php\/wp-json\/wp\/v2\/media\/74244"}],"wp:attachment":[{"href":"https:\/\/noticiasribeiraopreto.com.br\/index.php\/wp-json\/wp\/v2\/media?parent=79488"}],"wp:term":[{"taxonomy":"category","embeddable":true,"href":"https:\/\/noticiasribeiraopreto.com.br\/index.php\/wp-json\/wp\/v2\/categories?post=79488"},{"taxonomy":"post_tag","embeddable":true,"href":"https:\/\/noticiasribeiraopreto.com.br\/index.php\/wp-json\/wp\/v2\/tags?post=79488"}],"curies":[{"name":"wp","href":"https:\/\/api.w.org\/{rel}","templated":true}]}}