{"id":79491,"date":"2025-11-02T18:23:07","date_gmt":"2025-11-02T21:23:07","guid":{"rendered":"https:\/\/noticiasribeiraopreto.com.br\/index.php\/2025\/11\/02\/a-chuva-continua-veja-a-previsao-do-tempo-para-ribeirao-preto-nos-proximos-dias\/"},"modified":"2025-11-02T18:23:07","modified_gmt":"2025-11-02T21:23:07","slug":"a-chuva-continua-veja-a-previsao-do-tempo-para-ribeirao-preto-nos-proximos-dias","status":"publish","type":"post","link":"https:\/\/noticiasribeiraopreto.com.br\/index.php\/2025\/11\/02\/a-chuva-continua-veja-a-previsao-do-tempo-para-ribeirao-preto-nos-proximos-dias\/","title":{"rendered":"A chuva continua? Veja a previs\u00e3o do tempo para Ribeir\u00e3o Preto nos pr\u00f3ximos dias"},"content":{"rendered":"<div class='code-block code-block-1' style='margin: 8px 0 8px auto; text-align: right; display: block; clear: both;'>\n<p><a href=\"https:\/\/wa.link\/vpicfd\"><img data-recalc-dims=\"1\" class=\"wp-image-4922\" style=\"aspect-ratio: 2.0253164556962027; width: 561px; height: auto;\" src=\"https:\/\/i0.wp.com\/ismaelcolosi.com.br\/wp-content\/uploads\/2023\/11\/grupo-de-empregos-whatsapp-e-facebook-ismael-colosi-vagas.jpg?ssl=1\" alt=\"\" \/><\/a><\/p>\n<!-- \/wp:image -->\n<\/div>\n<p> <br \/>\n<\/p>\n<div data-td-block-uid=\"tdi_95\">\n<div class=\"tdb-block-inner td-fix-index\">\n<p>A <strong>chuva <\/strong>deve continuar em <strong>Ribeir\u00e3o Preto<\/strong> ao longo da pr\u00f3xima semana, segundo a previs\u00e3o do tempo. A <strong><a href=\"https:\/\/www.climatempo.com.br\/previsao-do-tempo\/15-dias\/cidade\/530\/ribeiraopreto-sp\" data-type=\"link\" data-id=\"https:\/\/www.climatempo.com.br\/previsao-do-tempo\/15-dias\/cidade\/530\/ribeiraopreto-sp\" target=\"_blank\" rel=\"noopener\">Climatempo<\/a><\/strong> aponta para possibilidade de pancadas de chuva entre segunda-feira (3) e s\u00e1bado (8). Confira:<\/p>\n<h2 class=\"wp-block-heading\"><strong>Previs\u00e3o do tempo para Ribeir\u00e3o Preto:<\/strong><\/h2>\n<p><strong>Segunda-feira, 3 de novembro<br \/>M\u00e1xima:<\/strong> 26\u00b0C<br \/><strong>M\u00ednima: <\/strong>21\u00b0C<br \/>Chuvoso de manh\u00e3 e \u00e0 noite. Aberturas de Sol \u00e0 tarde com pancadas de chuva.<\/p>\n<p><strong>Ter\u00e7a-feira, 4 de novembro<br \/>M\u00e1xima:<\/strong> 30\u00b0C<br \/><strong>M\u00ednima: <\/strong>21\u00b0C<br \/>Sol com algumas nuvens e chuva passageira. Tempo firme no per\u00edodo da noite.<\/p>\n<p><strong>Quarta-feira, 5 de novembro<br \/>M\u00e1xima:<\/strong> 29\u00b0C<br \/><strong>M\u00ednima:<\/strong> 21\u00b0C<br \/>C\u00e9u nublado com possibilidade de garoa. Pancadas de chuva no per\u00edodo da tarde.<\/p>\n<p><strong>Quinta-feira, 6 de novembro<br \/>M\u00e1xima:<\/strong> 31\u00b0C<br \/><strong>M\u00ednima: <\/strong>22\u00b0C<br \/>Algumas nuvens e chuva passageira durante o dia.<\/p>\n<p><strong>Sexta-feira, 7 de novembro<br \/>M\u00e1xima: <\/strong>32\u00b0C<br \/><strong>M\u00ednima: <\/strong>21\u00b0C<br \/>Sol com muitas nuvens per\u00edodos de c\u00e9u nublado. Pancadas de chuva no per\u00edodo da noite.<\/p>\n<p><strong>S\u00e1bado, 8 de novembro<br \/>M\u00e1xima:<\/strong> 27\u00b0C<br \/><strong>M\u00ednima:<\/strong> 22\u00b0C<br \/>Sol com aumento de nuvens e pancadas de chuva.<\/p>\n<p><strong>Fonte:<\/strong> <a href=\"https:\/\/www.climatempo.com.br\/previsao-do-tempo\/15-dias\/cidade\/530\/ribeiraopreto-sp\" data-type=\"link\" data-id=\"https:\/\/www.climatempo.com.br\/previsao-do-tempo\/15-dias\/cidade\/530\/ribeiraopreto-sp\" target=\"_blank\" rel=\"noopener\">Climatempo<\/a><\/p>\n<p>SAIBA MAIS<br \/>Saque-anivers\u00e1rio do FGTS tem novas regras; confira o que muda<\/p>\n<h2 class=\"wp-block-heading\"><strong>FIQUE ON<\/strong><\/h2>\n<p>Fique ligado em tudo que acontece em Ribeir\u00e3o Preto e regi\u00e3o. Siga os perfis do<strong>\u00a0acidade on\u00a0<\/strong>no<a href=\"https:\/\/www.instagram.com\/acidadeonribeirao\" target=\"_blank\" rel=\"noreferrer noopener\">\u00a0Instagram\u00a0<\/a>e no\u00a0<a href=\"https:\/\/www.facebook.com\/acidadeonribeirao\/\" target=\"_blank\" rel=\"noreferrer noopener\">Facebook<\/a>.<\/p>\n<p>Receba not\u00edcias do<strong>\u00a0acidade on<\/strong>\u00a0no WhatsApp. Para entrar no grupo,\u00a0basta\u00a0<a href=\"https:\/\/chat.whatsapp.com\/I4nieTEMKlf50pJ28aMemC?mode=ac_t\" target=\"_blank\" rel=\"noreferrer noopener\">clicar aqui<\/a>. Ou, acesse o nosso\u00a0Canal<a href=\"https:\/\/whatsapp.com\/channel\/0029Vb6IQl1JENyAeS57fk2p\" target=\"_blank\" rel=\"noreferrer noopener\">\u00a0clicando aqui<\/a>.<\/p>\n<p>Fa\u00e7a uma den\u00fancia ou sugira uma reportagem sobre Ribeir\u00e3o Preto e regi\u00e3o pelo WhatsApp: 16 99117 7802.<\/p>\n<p>VEJA TAMB\u00c9M<br \/>O que \u00e9 o 3I\/ATLAS?<\/p>\n<p><!-- AI CONTENT END 1 -->\n<\/div>\n<\/div>\n<p><script async src=\"\/\/www.instagram.com\/embed.js\"><\/script><br \/>\n<br \/><br \/>\n<br \/><a href=\"https:\/\/www.acidadeon.com\/ribeiraopreto\/cotidiano\/a-chuva-continua-veja-a-previsao-do-tempo-para-ribeirao-preto-nos-proximos-dias\/\">Source link <\/a><\/p>\n<!-- CONTENT END 1 -->\n","protected":false},"excerpt":{"rendered":"<p>A chuva deve continuar em Ribeir\u00e3o Preto ao longo da pr\u00f3xima semana, segundo a previs\u00e3o do tempo. A Climatempo aponta para possibilidade de pancadas de&#8230;<\/p>\n","protected":false},"author":1,"featured_media":79492,"comment_status":"open","ping_status":"open","sticky":false,"template":"","format":"standard","meta":{"advanced_seo_description":"","jetpack_seo_html_title":"","jetpack_seo_noindex":false,"jetpack_post_was_ever_published":false,"_jetpack_newsletter_access":"","_jetpack_dont_email_post_to_subs":false,"_jetpack_newsletter_tier_id":0,"_jetpack_memberships_contains_paywalled_content":false,"_jetpack_memberships_contains_paid_content":false,"footnotes":"","jetpack_publicize_message":"","jetpack_publicize_feature_enabled":true,"jetpack_social_post_already_shared":true,"jetpack_social_options":{"image_generator_settings":{"template":"highway","default_image_id":0,"font":"","enabled":false},"version":2}},"categories":[11],"tags":[],"class_list":["post-79491","post","type-post","status-publish","format-standard","has-post-thumbnail","hentry","category-noticias-de-ribeirao-preto-sp-e-regiao-ismael-colosi"],"jetpack_publicize_connections":[],"jetpack_featured_media_url":"https:\/\/i0.wp.com\/noticiasribeiraopreto.com.br\/wp-content\/uploads\/2025\/11\/palace-3_2025-10-31_19-55-22.webp.webp?fit=1200%2C675&ssl=1","jetpack-related-posts":[{"id":45793,"url":"https:\/\/noticiasribeiraopreto.com.br\/index.php\/2024\/04\/07\/chuva-calor-ou-frio-veja-a-previsao-do-tempo-para-10-dias-em-ribeirao-preto\/","url_meta":{"origin":79491,"position":0},"title":"Chuva, calor ou frio? Veja a previs\u00e3o do tempo para 10 dias em Ribeir\u00e3o Preto","author":"noticiasribeiraopreto.com.br","date":"7 de April de 2024","format":false,"excerpt":"A primeira onda de frio do ano deve atingir o Estado de S\u00e3o Paulo nos pr\u00f3ximos dias. Contudo, em Ribeir\u00e3o Preto a previs\u00e3o do tempo aponta para dias quentes e chuva, que deve ficar mais intensa no pr\u00f3ximo final de semana. Confira: Segunda-feira, 8 de abrilM\u00e1xima: 34\u00b0CM\u00ednima: 20\u00b0CSol com algumas\u2026","rel":"","context":"In &quot;Not\u00edcias de Ribeir\u00e3o Preto-SP e Regi\u00e3o&quot;","block_context":{"text":"Not\u00edcias de Ribeir\u00e3o Preto-SP e Regi\u00e3o","link":"https:\/\/noticiasribeiraopreto.com.br\/index.php\/category\/noticias-de-ribeirao-preto-sp-e-regiao-ismael-colosi\/"},"img":{"alt_text":"","src":"https:\/\/i0.wp.com\/noticiasribeiraopreto.com.br\/wp-content\/uploads\/2024\/04\/WhatsApp-Image-2023-10-16-at-09.45.38.jpeg?fit=1200%2C704&ssl=1&resize=350%2C200","width":350,"height":200,"srcset":"https:\/\/i0.wp.com\/noticiasribeiraopreto.com.br\/wp-content\/uploads\/2024\/04\/WhatsApp-Image-2023-10-16-at-09.45.38.jpeg?fit=1200%2C704&ssl=1&resize=350%2C200 1x, https:\/\/i0.wp.com\/noticiasribeiraopreto.com.br\/wp-content\/uploads\/2024\/04\/WhatsApp-Image-2023-10-16-at-09.45.38.jpeg?fit=1200%2C704&ssl=1&resize=525%2C300 1.5x, https:\/\/i0.wp.com\/noticiasribeiraopreto.com.br\/wp-content\/uploads\/2024\/04\/WhatsApp-Image-2023-10-16-at-09.45.38.jpeg?fit=1200%2C704&ssl=1&resize=700%2C400 2x, https:\/\/i0.wp.com\/noticiasribeiraopreto.com.br\/wp-content\/uploads\/2024\/04\/WhatsApp-Image-2023-10-16-at-09.45.38.jpeg?fit=1200%2C704&ssl=1&resize=1050%2C600 3x"},"classes":[]},{"id":61531,"url":"https:\/\/noticiasribeiraopreto.com.br\/index.php\/2024\/12\/15\/chuva-continua-veja-a-previsao-do-tempo-para-ribeirao-preto-nos-proximos-sete-dias\/","url_meta":{"origin":79491,"position":1},"title":"Chuva continua? Veja a previs\u00e3o do tempo para Ribeir\u00e3o Preto nos pr\u00f3ximos sete dias","author":"noticiasribeiraopreto.com.br","date":"15 de December de 2024","format":false,"excerpt":"A chuva deve continuar em Ribeir\u00e3o Preto nos pr\u00f3ximos dias, segundo a Climatempo. Al\u00e9m disso, os meteorologistas apontam para riscos de temporais no final da pr\u00f3xima semana. As temperaturas na cidade devem ficar entre 17\u00b0C e 30\u00b0C. Confira a previs\u00e3o do tempo Segunda-feira, 16 de dezembroM\u00e1xima: 27\u00b0CM\u00ednima: 20\u00b0CSol com algumas\u2026","rel":"","context":"In &quot;Not\u00edcias de Ribeir\u00e3o Preto-SP e Regi\u00e3o&quot;","block_context":{"text":"Not\u00edcias de Ribeir\u00e3o Preto-SP e Regi\u00e3o","link":"https:\/\/noticiasribeiraopreto.com.br\/index.php\/category\/noticias-de-ribeirao-preto-sp-e-regiao-ismael-colosi\/"},"img":{"alt_text":"","src":"https:\/\/i0.wp.com\/noticiasribeiraopreto.com.br\/wp-content\/uploads\/2024\/12\/chuva-ribeirao-preto_2024-12-15_20-55-28_jpeg_2024-12-15_20-55-29.webp.webp?fit=1200%2C900&ssl=1&resize=350%2C200","width":350,"height":200,"srcset":"https:\/\/i0.wp.com\/noticiasribeiraopreto.com.br\/wp-content\/uploads\/2024\/12\/chuva-ribeirao-preto_2024-12-15_20-55-28_jpeg_2024-12-15_20-55-29.webp.webp?fit=1200%2C900&ssl=1&resize=350%2C200 1x, https:\/\/i0.wp.com\/noticiasribeiraopreto.com.br\/wp-content\/uploads\/2024\/12\/chuva-ribeirao-preto_2024-12-15_20-55-28_jpeg_2024-12-15_20-55-29.webp.webp?fit=1200%2C900&ssl=1&resize=525%2C300 1.5x, https:\/\/i0.wp.com\/noticiasribeiraopreto.com.br\/wp-content\/uploads\/2024\/12\/chuva-ribeirao-preto_2024-12-15_20-55-28_jpeg_2024-12-15_20-55-29.webp.webp?fit=1200%2C900&ssl=1&resize=700%2C400 2x, https:\/\/i0.wp.com\/noticiasribeiraopreto.com.br\/wp-content\/uploads\/2024\/12\/chuva-ribeirao-preto_2024-12-15_20-55-28_jpeg_2024-12-15_20-55-29.webp.webp?fit=1200%2C900&ssl=1&resize=1050%2C600 3x"},"classes":[]},{"id":43847,"url":"https:\/\/noticiasribeiraopreto.com.br\/index.php\/2024\/03\/23\/chuva-ou-calor-veja-a-previsao-do-tempo-para-os-proximos-cinco-dias-2\/","url_meta":{"origin":79491,"position":2},"title":"Chuva ou calor? Veja a previs\u00e3o do tempo para os pr\u00f3ximos cinco dias","author":"noticiasribeiraopreto.com.br","date":"23 de March de 2024","format":false,"excerpt":"As temperaturas est\u00e3o amenas e o c\u00e9u est\u00e1 nublado em Ribeir\u00e3o Preto neste s\u00e1bado (23), que tem temperatura m\u00e1xima prevista de 27\u00b0C. A previs\u00e3o de chuva deve continuar na cidade at\u00e9 a pr\u00f3xima quinta-feira (28). De acordo com a Climatempo, a previs\u00e3o do tempo aponta que o c\u00e9u deve continuar\u2026","rel":"","context":"In &quot;Not\u00edcias de Ribeir\u00e3o Preto-SP e Regi\u00e3o&quot;","block_context":{"text":"Not\u00edcias de Ribeir\u00e3o Preto-SP e Regi\u00e3o","link":"https:\/\/noticiasribeiraopreto.com.br\/index.php\/category\/noticias-de-ribeirao-preto-sp-e-regiao-ismael-colosi\/"},"img":{"alt_text":"","src":"https:\/\/i0.wp.com\/noticiasribeiraopreto.com.br\/wp-content\/uploads\/2024\/03\/AnyConv.com__tempo-ribeirao-preto.webp.webp?fit=1200%2C675&ssl=1&resize=350%2C200","width":350,"height":200,"srcset":"https:\/\/i0.wp.com\/noticiasribeiraopreto.com.br\/wp-content\/uploads\/2024\/03\/AnyConv.com__tempo-ribeirao-preto.webp.webp?fit=1200%2C675&ssl=1&resize=350%2C200 1x, https:\/\/i0.wp.com\/noticiasribeiraopreto.com.br\/wp-content\/uploads\/2024\/03\/AnyConv.com__tempo-ribeirao-preto.webp.webp?fit=1200%2C675&ssl=1&resize=525%2C300 1.5x, https:\/\/i0.wp.com\/noticiasribeiraopreto.com.br\/wp-content\/uploads\/2024\/03\/AnyConv.com__tempo-ribeirao-preto.webp.webp?fit=1200%2C675&ssl=1&resize=700%2C400 2x, https:\/\/i0.wp.com\/noticiasribeiraopreto.com.br\/wp-content\/uploads\/2024\/03\/AnyConv.com__tempo-ribeirao-preto.webp.webp?fit=1200%2C675&ssl=1&resize=1050%2C600 3x"},"classes":[]},{"id":28616,"url":"https:\/\/noticiasribeiraopreto.com.br\/index.php\/2024\/01\/16\/veja-a-previsao-do-tempo-para-ribeirao-preto-nos-proximos-10-dias\/","url_meta":{"origin":79491,"position":3},"title":"Veja a previs\u00e3o do tempo para Ribeir\u00e3o Preto nos pr\u00f3ximos 10 dias","author":"noticiasribeiraopreto.com.br","date":"16 de January de 2024","format":false,"excerpt":"Ap\u00f3s as chuvas que atingiram Ribeir\u00e3o Preto nos \u00faltimos dias, a instabilidade deve diminuir e as temperaturas ficar\u00e3o mais elevadas. Segundo a Climatempo, a m\u00e1xima prevista \u00e9 de 34\u00b0C nesta ter\u00e7a-feira (16) e 36\u00b0C na quarta-feira (17). J\u00e1 a partir do final de semana, as temperaturas devem ficar mais amenas,\u2026","rel":"","context":"In &quot;Not\u00edcias de Ribeir\u00e3o Preto-SP e Regi\u00e3o&quot;","block_context":{"text":"Not\u00edcias de Ribeir\u00e3o Preto-SP e Regi\u00e3o","link":"https:\/\/noticiasribeiraopreto.com.br\/index.php\/category\/noticias-de-ribeirao-preto-sp-e-regiao-ismael-colosi\/"},"img":{"alt_text":"","src":"https:\/\/i0.wp.com\/noticiasribeiraopreto.com.br\/wp-content\/uploads\/2024\/01\/parque-curupira-scaled.jpeg?fit=1200%2C675&ssl=1&resize=350%2C200","width":350,"height":200,"srcset":"https:\/\/i0.wp.com\/noticiasribeiraopreto.com.br\/wp-content\/uploads\/2024\/01\/parque-curupira-scaled.jpeg?fit=1200%2C675&ssl=1&resize=350%2C200 1x, https:\/\/i0.wp.com\/noticiasribeiraopreto.com.br\/wp-content\/uploads\/2024\/01\/parque-curupira-scaled.jpeg?fit=1200%2C675&ssl=1&resize=525%2C300 1.5x, https:\/\/i0.wp.com\/noticiasribeiraopreto.com.br\/wp-content\/uploads\/2024\/01\/parque-curupira-scaled.jpeg?fit=1200%2C675&ssl=1&resize=700%2C400 2x, https:\/\/i0.wp.com\/noticiasribeiraopreto.com.br\/wp-content\/uploads\/2024\/01\/parque-curupira-scaled.jpeg?fit=1200%2C675&ssl=1&resize=1050%2C600 3x"},"classes":[]},{"id":3810,"url":"https:\/\/noticiasribeiraopreto.com.br\/index.php\/2023\/11\/20\/veja-como-fica-o-tempo-no-interior-de-sp-neste-feriado\/","url_meta":{"origin":79491,"position":4},"title":"Veja como fica o tempo no interior de SP neste feriado","author":"noticiasribeiraopreto.com.br","date":"20 de November de 2023","format":false,"excerpt":"O feriado da Consci\u00eancia Negra, celebrado nesta segunda-feira (20), deve ter chuva no interior de S\u00e3o Paulo. Mesmo assim, as temperaturas podem chegar aos 31\u00b0C em algumas cidades como Ribeir\u00e3o Preto, segundo a Climatempo. O interior de S\u00e3o Paulo est\u00e1 em alerta de \u201cperigo\u201d de tempestades emitido pelo Inmet (Instituto\u2026","rel":"","context":"In &quot;Not\u00edcias de Ribeir\u00e3o Preto-SP e Regi\u00e3o&quot;","block_context":{"text":"Not\u00edcias de Ribeir\u00e3o Preto-SP e Regi\u00e3o","link":"https:\/\/noticiasribeiraopreto.com.br\/index.php\/category\/noticias-de-ribeirao-preto-sp-e-regiao-ismael-colosi\/"},"img":{"alt_text":"","src":"https:\/\/i0.wp.com\/noticiasribeiraopreto.com.br\/wp-content\/uploads\/2023\/11\/1700477848_WhatsApp-Image-2023-11-15-at-18.38.17.jpeg?fit=1200%2C709&ssl=1&resize=350%2C200","width":350,"height":200,"srcset":"https:\/\/i0.wp.com\/noticiasribeiraopreto.com.br\/wp-content\/uploads\/2023\/11\/1700477848_WhatsApp-Image-2023-11-15-at-18.38.17.jpeg?fit=1200%2C709&ssl=1&resize=350%2C200 1x, https:\/\/i0.wp.com\/noticiasribeiraopreto.com.br\/wp-content\/uploads\/2023\/11\/1700477848_WhatsApp-Image-2023-11-15-at-18.38.17.jpeg?fit=1200%2C709&ssl=1&resize=525%2C300 1.5x, https:\/\/i0.wp.com\/noticiasribeiraopreto.com.br\/wp-content\/uploads\/2023\/11\/1700477848_WhatsApp-Image-2023-11-15-at-18.38.17.jpeg?fit=1200%2C709&ssl=1&resize=700%2C400 2x, https:\/\/i0.wp.com\/noticiasribeiraopreto.com.br\/wp-content\/uploads\/2023\/11\/1700477848_WhatsApp-Image-2023-11-15-at-18.38.17.jpeg?fit=1200%2C709&ssl=1&resize=1050%2C600 3x"},"classes":[]},{"id":55753,"url":"https:\/\/noticiasribeiraopreto.com.br\/index.php\/2024\/08\/06\/vai-chover-confira-a-previsao-do-tempo-para-os-proximos-cinco-dias-em-ribeirao-preto\/","url_meta":{"origin":79491,"position":5},"title":"Vai chover? Confira a previs\u00e3o do tempo para os pr\u00f3ximos cinco dias em Ribeir\u00e3o Preto","author":"noticiasribeiraopreto.com.br","date":"6 de August de 2024","format":false,"excerpt":"At\u00e9 sexta-feira (9), o calor deve continuar em Ribeir\u00e3o Preto, assim como o clima seco. Contudo, a partir do final de semana as temperaturas devem cair e existe a possibilidade de chuva para Ribeir\u00e3o Preto, de acordo com a Climatempo. Veja a previs\u00e3o Ter\u00e7a-feira, 6\u00a0 de agostoM\u00e1xima: 33\u00b0CM\u00ednima: 17\u00b0CSol com\u2026","rel":"","context":"In &quot;Not\u00edcias de Ribeir\u00e3o Preto-SP e Regi\u00e3o&quot;","block_context":{"text":"Not\u00edcias de Ribeir\u00e3o Preto-SP e Regi\u00e3o","link":"https:\/\/noticiasribeiraopreto.com.br\/index.php\/category\/noticias-de-ribeirao-preto-sp-e-regiao-ismael-colosi\/"},"img":{"alt_text":"","src":"https:\/\/i0.wp.com\/noticiasribeiraopreto.com.br\/wp-content\/uploads\/2024\/03\/AnyConv.com__tempo-ribeirao-preto-2.webp.webp?fit=1200%2C675&ssl=1&resize=350%2C200","width":350,"height":200,"srcset":"https:\/\/i0.wp.com\/noticiasribeiraopreto.com.br\/wp-content\/uploads\/2024\/03\/AnyConv.com__tempo-ribeirao-preto-2.webp.webp?fit=1200%2C675&ssl=1&resize=350%2C200 1x, https:\/\/i0.wp.com\/noticiasribeiraopreto.com.br\/wp-content\/uploads\/2024\/03\/AnyConv.com__tempo-ribeirao-preto-2.webp.webp?fit=1200%2C675&ssl=1&resize=525%2C300 1.5x, https:\/\/i0.wp.com\/noticiasribeiraopreto.com.br\/wp-content\/uploads\/2024\/03\/AnyConv.com__tempo-ribeirao-preto-2.webp.webp?fit=1200%2C675&ssl=1&resize=700%2C400 2x, https:\/\/i0.wp.com\/noticiasribeiraopreto.com.br\/wp-content\/uploads\/2024\/03\/AnyConv.com__tempo-ribeirao-preto-2.webp.webp?fit=1200%2C675&ssl=1&resize=1050%2C600 3x"},"classes":[]}],"jetpack_sharing_enabled":true,"jetpack_shortlink":"https:\/\/wp.me\/peQAOb-kG7","_links":{"self":[{"href":"https:\/\/noticiasribeiraopreto.com.br\/index.php\/wp-json\/wp\/v2\/posts\/79491","targetHints":{"allow":["GET"]}}],"collection":[{"href":"https:\/\/noticiasribeiraopreto.com.br\/index.php\/wp-json\/wp\/v2\/posts"}],"about":[{"href":"https:\/\/noticiasribeiraopreto.com.br\/index.php\/wp-json\/wp\/v2\/types\/post"}],"author":[{"embeddable":true,"href":"https:\/\/noticiasribeiraopreto.com.br\/index.php\/wp-json\/wp\/v2\/users\/1"}],"replies":[{"embeddable":true,"href":"https:\/\/noticiasribeiraopreto.com.br\/index.php\/wp-json\/wp\/v2\/comments?post=79491"}],"version-history":[{"count":0,"href":"https:\/\/noticiasribeiraopreto.com.br\/index.php\/wp-json\/wp\/v2\/posts\/79491\/revisions"}],"wp:featuredmedia":[{"embeddable":true,"href":"https:\/\/noticiasribeiraopreto.com.br\/index.php\/wp-json\/wp\/v2\/media\/79492"}],"wp:attachment":[{"href":"https:\/\/noticiasribeiraopreto.com.br\/index.php\/wp-json\/wp\/v2\/media?parent=79491"}],"wp:term":[{"taxonomy":"category","embeddable":true,"href":"https:\/\/noticiasribeiraopreto.com.br\/index.php\/wp-json\/wp\/v2\/categories?post=79491"},{"taxonomy":"post_tag","embeddable":true,"href":"https:\/\/noticiasribeiraopreto.com.br\/index.php\/wp-json\/wp\/v2\/tags?post=79491"}],"curies":[{"name":"wp","href":"https:\/\/api.w.org\/{rel}","templated":true}]}}