{"id":79493,"date":"2025-11-02T18:31:16","date_gmt":"2025-11-02T21:31:16","guid":{"rendered":"https:\/\/noticiasribeiraopreto.com.br\/index.php\/2025\/11\/02\/avenidas-de-ribeirao-preto-tem-bloqueios-apos-quedas-de-arvores\/"},"modified":"2025-11-02T18:31:16","modified_gmt":"2025-11-02T21:31:16","slug":"avenidas-de-ribeirao-preto-tem-bloqueios-apos-quedas-de-arvores","status":"publish","type":"post","link":"https:\/\/noticiasribeiraopreto.com.br\/index.php\/2025\/11\/02\/avenidas-de-ribeirao-preto-tem-bloqueios-apos-quedas-de-arvores\/","title":{"rendered":"Avenidas de Ribeir\u00e3o Preto t\u00eam bloqueios ap\u00f3s quedas de \u00e1rvores"},"content":{"rendered":"<div class='code-block code-block-1' style='margin: 8px 0 8px auto; text-align: right; display: block; clear: both;'>\n<p><a href=\"https:\/\/wa.link\/vpicfd\"><img data-recalc-dims=\"1\" class=\"wp-image-4922\" style=\"aspect-ratio: 2.0253164556962027; width: 561px; height: auto;\" src=\"https:\/\/i0.wp.com\/ismaelcolosi.com.br\/wp-content\/uploads\/2023\/11\/grupo-de-empregos-whatsapp-e-facebook-ismael-colosi-vagas.jpg?ssl=1\" alt=\"\" \/><\/a><\/p>\n<!-- \/wp:image -->\n<\/div>\n<p> <br \/>\n<\/p>\n<div data-td-block-uid=\"tdi_95\">\n<div class=\"tdb-block-inner td-fix-index\">\n<p>Duas \u00e1rvores ca\u00edram e bloquearam a <strong>avenida Presidente Jo\u00e3o Goulart<\/strong>, no bairro Geraldo Correia de Carvalho, na zona Norte de Ribeir\u00e3o Preto, na tarde deste domingo (2). As<strong> avenidas Luiz Galv\u00e3o C\u00e9sar e Maur\u00edlio Biagi <\/strong>tamb\u00e9m foram afetadas por quedas de \u00e1rvores.<\/p>\n<p>Segundo a <strong>RP Mobi<\/strong>, a opera\u00e7\u00e3o P\u00f3s-Chuva desta tarde, registrou, at\u00e9 o momento, as seguintes ocorr\u00eancias:<\/p>\n<h2 class=\"wp-block-heading\"><strong>Queda de \u00e1rvore \/ galhos sobre a via<\/strong><\/h2>\n<ul class=\"wp-block-list\">\n<li>avenida Luiz Galv\u00e3o Cesar, 240, pista Centro\/Bairro (Bombeiros removeram os galhos, via liberada).<\/li>\n<\/ul>\n<ul class=\"wp-block-list\">\n<li>avenida Jo\u00e3o Goulart x rua Jo\u00e3o Miguel Mussi, bairro Geraldo de Carvalho (sinalizado \u2013 Bombeiros removendo os galhos).<\/li>\n<\/ul>\n<ul class=\"wp-block-list\">\n<li>avenida Maur\u00edlio Biagi, 2.300, pista Bairro\/Centro (interdi\u00e7\u00e3o parcial; agentes removeram galhos, solucionado).<\/li>\n<\/ul>\n<ul class=\"wp-block-list\">\n<li>rua Ord\u00e1lia Rodrigues de Oliveira, 130 (agentes removeram galhos, solucionado).<\/li>\n<\/ul>\n<ul class=\"wp-block-list\">\n<li>rua Izokiti Menoara x rua Roque Pipa (1 cavalete sinalizando, galho ocupando parte da via).<\/li>\n<\/ul>\n<ul class=\"wp-block-list\">\n<li>rua Cavalheiro Torquato Rizzi x rua Capit\u00e3o Jarbas Vieira de Souza (Bombeiros finalizando remo\u00e7\u00e3o de galhos).<\/li>\n<\/ul>\n<ul class=\"wp-block-list\">\n<li>alameda Eduardo Campos (sinalizado com 5 cavaletes).<\/li>\n<\/ul>\n<h2 class=\"wp-block-heading\"><strong>Alagamento<\/strong><\/h2>\n<ul class=\"wp-block-list\">\n<li>avenida Patriarca x rua Pedreira de Freitas (sinalizado).<\/li>\n<\/ul>\n<h2 class=\"wp-block-heading\"><strong>Sem\u00e1foros intermitentes (amarelo piscante)<\/strong><\/h2>\n<ul class=\"wp-block-list\">\n<li>avenida Presidente Vargas x avenida Ant\u00f4nio Diederichsen.<\/li>\n<\/ul>\n<ul class=\"wp-block-list\">\n<li>avenida Presidente Vargas x avenida Itatiaia.<\/li>\n<\/ul>\n<h2 class=\"wp-block-heading\"><strong>Sem\u00e1foros desligados \/ retomados<\/strong><\/h2>\n<ul class=\"wp-block-list\">\n<li>avenida Meira Junior x rua Carlos Augusto Bras\u00e3o (funcionamento retomado).<\/li>\n<\/ul>\n<ul class=\"wp-block-list\">\n<li>avenida Le\u00e3o XIII x rua Abra\u00e3o Issa Halack (desligado).<\/li>\n<\/ul>\n<ul class=\"wp-block-list\">\n<li>diversos trechos da avenida Presidente Kennedy (desligado).<\/li>\n<\/ul>\n<h2 class=\"wp-block-heading\"\/>\n<p>SAIBA MAIS<br \/>Saque-anivers\u00e1rio do FGTS tem novas regras; confira o que muda<\/p>\n<h2 class=\"wp-block-heading\"><strong>FIQUE ON<\/strong><\/h2>\n<p>Fique ligado em tudo que acontece em Ribeir\u00e3o Preto e regi\u00e3o. Siga os perfis do<strong>\u00a0acidade on\u00a0<\/strong>no<a href=\"https:\/\/www.instagram.com\/acidadeonribeirao\" target=\"_blank\" rel=\"noreferrer noopener\">\u00a0Instagram\u00a0<\/a>e no\u00a0<a href=\"https:\/\/www.facebook.com\/acidadeonribeirao\/\" target=\"_blank\" rel=\"noreferrer noopener\">Facebook<\/a>.<\/p>\n<p>Receba not\u00edcias do<strong>\u00a0acidade on<\/strong>\u00a0no WhatsApp. Para entrar no grupo,\u00a0basta\u00a0<a href=\"https:\/\/chat.whatsapp.com\/I4nieTEMKlf50pJ28aMemC?mode=ac_t\" target=\"_blank\" rel=\"noreferrer noopener\">clicar aqui<\/a>. Ou, acesse o nosso\u00a0Canal<a href=\"https:\/\/whatsapp.com\/channel\/0029Vb6IQl1JENyAeS57fk2p\" target=\"_blank\" rel=\"noreferrer noopener\">\u00a0clicando aqui<\/a>.<\/p>\n<p>Fa\u00e7a uma den\u00fancia ou sugira uma reportagem sobre Ribeir\u00e3o Preto e regi\u00e3o pelo WhatsApp: 16 99117 7802.<\/p>\n<p>VEJA TAMB\u00c9M<br \/>O que \u00e9 o 3I\/ATLAS?<\/p>\n<p><!-- AI CONTENT END 1 -->\n<\/div>\n<\/div>\n<p><script async src=\"\/\/www.instagram.com\/embed.js\"><\/script><br \/>\n<br \/><br \/>\n<br \/><a href=\"https:\/\/www.acidadeon.com\/ribeiraopreto\/cotidiano\/avenidas-de-ribeirao-preto-tem-bloqueios-apos-quedas-de-arvores\/\">Source link <\/a><\/p>\n<!-- CONTENT END 1 -->\n","protected":false},"excerpt":{"rendered":"<p>Duas \u00e1rvores ca\u00edram e bloquearam a avenida Presidente Jo\u00e3o Goulart, no bairro Geraldo Correia de Carvalho, na zona Norte de Ribeir\u00e3o Preto, na tarde deste&#8230;<\/p>\n","protected":false},"author":1,"featured_media":79494,"comment_status":"open","ping_status":"open","sticky":false,"template":"","format":"standard","meta":{"advanced_seo_description":"","jetpack_seo_html_title":"","jetpack_seo_noindex":false,"jetpack_post_was_ever_published":false,"_jetpack_newsletter_access":"","_jetpack_dont_email_post_to_subs":false,"_jetpack_newsletter_tier_id":0,"_jetpack_memberships_contains_paywalled_content":false,"_jetpack_memberships_contains_paid_content":false,"footnotes":"","jetpack_publicize_message":"","jetpack_publicize_feature_enabled":true,"jetpack_social_post_already_shared":true,"jetpack_social_options":{"image_generator_settings":{"template":"highway","default_image_id":0,"font":"","enabled":false},"version":2}},"categories":[11],"tags":[],"class_list":["post-79493","post","type-post","status-publish","format-standard","has-post-thumbnail","hentry","category-noticias-de-ribeirao-preto-sp-e-regiao-ismael-colosi"],"jetpack_publicize_connections":[],"jetpack_featured_media_url":"https:\/\/i0.wp.com\/noticiasribeiraopreto.com.br\/wp-content\/uploads\/2025\/11\/queda-de-arvore_2025-11-02_20-21-47.webp.webp?fit=1200%2C900&ssl=1","jetpack-related-posts":[{"id":61176,"url":"https:\/\/noticiasribeiraopreto.com.br\/index.php\/2024\/12\/05\/apos-queda-de-arvore-avenida-maurilio-biagi-e-parcialmente-liberada-em-ribeirao\/","url_meta":{"origin":79493,"position":0},"title":"Ap\u00f3s queda de \u00e1rvore, avenida Maur\u00edlio Biagi \u00e9 parcialmente liberada em Ribeir\u00e3o","author":"noticiasribeiraopreto.com.br","date":"5 de December de 2024","format":false,"excerpt":"A avenida Maur\u00edlio Biagi foi parcialmente liberada ao tr\u00e2nsito na manh\u00e3 desta quinta-feira (5), depois que uma \u00e1rvore de grande porte caiu e bloqueou totalmente a pista no sentido bairro-Centro, em Ribeir\u00e3o Preto. Segundo a RP Mobi, os galhos foram totalmente recolhidos e as faixas do meio e da esquerda\u2026","rel":"","context":"In &quot;Not\u00edcias de Ribeir\u00e3o Preto-SP e Regi\u00e3o&quot;","block_context":{"text":"Not\u00edcias de Ribeir\u00e3o Preto-SP e Regi\u00e3o","link":"https:\/\/noticiasribeiraopreto.com.br\/index.php\/category\/noticias-de-ribeirao-preto-sp-e-regiao-ismael-colosi\/"},"img":{"alt_text":"","src":"https:\/\/i0.wp.com\/noticiasribeiraopreto.com.br\/wp-content\/uploads\/2024\/12\/WhatsApp-Image-2024-12-05-at-11.09.31_2024-12-05_14-11-29_jpeg_2024-12-05_14-11-29.webp.webp?fit=1200%2C906&ssl=1&resize=350%2C200","width":350,"height":200,"srcset":"https:\/\/i0.wp.com\/noticiasribeiraopreto.com.br\/wp-content\/uploads\/2024\/12\/WhatsApp-Image-2024-12-05-at-11.09.31_2024-12-05_14-11-29_jpeg_2024-12-05_14-11-29.webp.webp?fit=1200%2C906&ssl=1&resize=350%2C200 1x, https:\/\/i0.wp.com\/noticiasribeiraopreto.com.br\/wp-content\/uploads\/2024\/12\/WhatsApp-Image-2024-12-05-at-11.09.31_2024-12-05_14-11-29_jpeg_2024-12-05_14-11-29.webp.webp?fit=1200%2C906&ssl=1&resize=525%2C300 1.5x, https:\/\/i0.wp.com\/noticiasribeiraopreto.com.br\/wp-content\/uploads\/2024\/12\/WhatsApp-Image-2024-12-05-at-11.09.31_2024-12-05_14-11-29_jpeg_2024-12-05_14-11-29.webp.webp?fit=1200%2C906&ssl=1&resize=700%2C400 2x, https:\/\/i0.wp.com\/noticiasribeiraopreto.com.br\/wp-content\/uploads\/2024\/12\/WhatsApp-Image-2024-12-05-at-11.09.31_2024-12-05_14-11-29_jpeg_2024-12-05_14-11-29.webp.webp?fit=1200%2C906&ssl=1&resize=1050%2C600 3x"},"classes":[]},{"id":59493,"url":"https:\/\/noticiasribeiraopreto.com.br\/index.php\/2024\/10\/24\/chuva-e-ventos-fortes-causam-quedas-de-arvores-em-ribeirao-veja-os-locais\/","url_meta":{"origin":79493,"position":1},"title":"Chuva e ventos fortes causam quedas de \u00e1rvores em Ribeir\u00e3o; Veja os locais","author":"noticiasribeiraopreto.com.br","date":"24 de October de 2024","format":false,"excerpt":"A chuva e os ventos fortes que atingiram Ribeir\u00e3o Preto, na tarde desta quinta-feira (24), ressultaram em danos e quedas de \u00e1rvores em alguns pontos da cidade. De acordo com a Defesa Civil, tr\u00eas locais registraram quedas de \u00e1rvores. Apesar dos transtornos, n\u00e3o houveram interdi\u00e7\u00f5es e ningu\u00e9m ficou ferido. Confira\u2026","rel":"","context":"In &quot;Not\u00edcias de Ribeir\u00e3o Preto-SP e Regi\u00e3o&quot;","block_context":{"text":"Not\u00edcias de Ribeir\u00e3o Preto-SP e Regi\u00e3o","link":"https:\/\/noticiasribeiraopreto.com.br\/index.php\/category\/noticias-de-ribeirao-preto-sp-e-regiao-ismael-colosi\/"},"img":{"alt_text":"","src":"https:\/\/i0.wp.com\/noticiasribeiraopreto.com.br\/wp-content\/uploads\/2024\/10\/Copia-de-Copia-de-Copia-de-TAMANHO-EXATO-PARA-FOTOS-NO-SISTEMA-NOVO-41_2024-10-24_20-41-12_png_2024-10-24_20-41-12.webp.webp?fit=1200%2C675&ssl=1&resize=350%2C200","width":350,"height":200,"srcset":"https:\/\/i0.wp.com\/noticiasribeiraopreto.com.br\/wp-content\/uploads\/2024\/10\/Copia-de-Copia-de-Copia-de-TAMANHO-EXATO-PARA-FOTOS-NO-SISTEMA-NOVO-41_2024-10-24_20-41-12_png_2024-10-24_20-41-12.webp.webp?fit=1200%2C675&ssl=1&resize=350%2C200 1x, https:\/\/i0.wp.com\/noticiasribeiraopreto.com.br\/wp-content\/uploads\/2024\/10\/Copia-de-Copia-de-Copia-de-TAMANHO-EXATO-PARA-FOTOS-NO-SISTEMA-NOVO-41_2024-10-24_20-41-12_png_2024-10-24_20-41-12.webp.webp?fit=1200%2C675&ssl=1&resize=525%2C300 1.5x, https:\/\/i0.wp.com\/noticiasribeiraopreto.com.br\/wp-content\/uploads\/2024\/10\/Copia-de-Copia-de-Copia-de-TAMANHO-EXATO-PARA-FOTOS-NO-SISTEMA-NOVO-41_2024-10-24_20-41-12_png_2024-10-24_20-41-12.webp.webp?fit=1200%2C675&ssl=1&resize=700%2C400 2x, https:\/\/i0.wp.com\/noticiasribeiraopreto.com.br\/wp-content\/uploads\/2024\/10\/Copia-de-Copia-de-Copia-de-TAMANHO-EXATO-PARA-FOTOS-NO-SISTEMA-NOVO-41_2024-10-24_20-41-12_png_2024-10-24_20-41-12.webp.webp?fit=1200%2C675&ssl=1&resize=1050%2C600 3x"},"classes":[]},{"id":59019,"url":"https:\/\/noticiasribeiraopreto.com.br\/index.php\/2024\/10\/11\/temporal-provoca-quedas-de-arvores-e-interdicoes-em-ribeirao-preto\/","url_meta":{"origin":79493,"position":2},"title":"Temporal provoca quedas de \u00e1rvores e interdi\u00e7\u00f5es em Ribeir\u00e3o Preto","author":"noticiasribeiraopreto.com.br","date":"11 de October de 2024","format":false,"excerpt":"O temporal que atingiu Ribeir\u00e3o Preto, na tarde desta sexta-feira (11), n\u00e3o durou muito tempo, mas foi o suficiente para causas danos e interdi\u00e7\u00f5es em alguns pontos da cidade. Na avenida Pio XII, zona Oeste da cidade, uma \u00e1rvore caiu e derrubou o muro da CEMEI Eduardo Romualdo de Souza.\u2026","rel":"","context":"In &quot;Not\u00edcias de Ribeir\u00e3o Preto-SP e Regi\u00e3o&quot;","block_context":{"text":"Not\u00edcias de Ribeir\u00e3o Preto-SP e Regi\u00e3o","link":"https:\/\/noticiasribeiraopreto.com.br\/index.php\/category\/noticias-de-ribeirao-preto-sp-e-regiao-ismael-colosi\/"},"img":{"alt_text":"","src":"https:\/\/i0.wp.com\/noticiasribeiraopreto.com.br\/wp-content\/uploads\/2024\/10\/Copia-de-Copia-de-Copia-de-TAMANHO-EXATO-PARA-FOTOS-NO-SISTEMA-NOVO-15_2024-10-11_21-01-48_png_2024-10-11_21-01-48.webp.webp?fit=1200%2C675&ssl=1&resize=350%2C200","width":350,"height":200,"srcset":"https:\/\/i0.wp.com\/noticiasribeiraopreto.com.br\/wp-content\/uploads\/2024\/10\/Copia-de-Copia-de-Copia-de-TAMANHO-EXATO-PARA-FOTOS-NO-SISTEMA-NOVO-15_2024-10-11_21-01-48_png_2024-10-11_21-01-48.webp.webp?fit=1200%2C675&ssl=1&resize=350%2C200 1x, https:\/\/i0.wp.com\/noticiasribeiraopreto.com.br\/wp-content\/uploads\/2024\/10\/Copia-de-Copia-de-Copia-de-TAMANHO-EXATO-PARA-FOTOS-NO-SISTEMA-NOVO-15_2024-10-11_21-01-48_png_2024-10-11_21-01-48.webp.webp?fit=1200%2C675&ssl=1&resize=525%2C300 1.5x, https:\/\/i0.wp.com\/noticiasribeiraopreto.com.br\/wp-content\/uploads\/2024\/10\/Copia-de-Copia-de-Copia-de-TAMANHO-EXATO-PARA-FOTOS-NO-SISTEMA-NOVO-15_2024-10-11_21-01-48_png_2024-10-11_21-01-48.webp.webp?fit=1200%2C675&ssl=1&resize=700%2C400 2x, https:\/\/i0.wp.com\/noticiasribeiraopreto.com.br\/wp-content\/uploads\/2024\/10\/Copia-de-Copia-de-Copia-de-TAMANHO-EXATO-PARA-FOTOS-NO-SISTEMA-NOVO-15_2024-10-11_21-01-48_png_2024-10-11_21-01-48.webp.webp?fit=1200%2C675&ssl=1&resize=1050%2C600 3x"},"classes":[]},{"id":81364,"url":"https:\/\/noticiasribeiraopreto.com.br\/index.php\/2026\/01\/03\/chuva-causa-transtornos-em-ruas-e-avenidas-de-ribeirao-preto-veja-video\/","url_meta":{"origin":79493,"position":3},"title":"Chuva causa transtornos em ruas e avenidas de Ribeir\u00e3o Preto; Veja v\u00eddeo","author":"noticiasribeiraopreto.com.br","date":"3 de January de 2026","format":false,"excerpt":"A chuva registrada na tarde desta sexta-feira (2) provocou transtornos em ruas e avenidas de Ribeir\u00e3o Preto. Motoristas enfrentaram dificuldades em pontos da cidade por causa do ac\u00famulo de \u00e1gua na pista. Na avenida Maur\u00edlio Biagi, antes da rua Chile, o tr\u00e2nsito ficou lento e ve\u00edculos precisaram reduzir a velocidade\u2026","rel":"","context":"In &quot;Not\u00edcias de Ribeir\u00e3o Preto-SP e Regi\u00e3o&quot;","block_context":{"text":"Not\u00edcias de Ribeir\u00e3o Preto-SP e Regi\u00e3o","link":"https:\/\/noticiasribeiraopreto.com.br\/index.php\/category\/noticias-de-ribeirao-preto-sp-e-regiao-ismael-colosi\/"},"img":{"alt_text":"","src":"https:\/\/i0.wp.com\/noticiasribeiraopreto.com.br\/wp-content\/uploads\/2026\/01\/WhatsApp-Image-2026-01-02-at-14.42.25_2026-01-02_17-46-37-e1767376037306.webp.webp?fit=898%2C626&ssl=1&resize=350%2C200","width":350,"height":200,"srcset":"https:\/\/i0.wp.com\/noticiasribeiraopreto.com.br\/wp-content\/uploads\/2026\/01\/WhatsApp-Image-2026-01-02-at-14.42.25_2026-01-02_17-46-37-e1767376037306.webp.webp?fit=898%2C626&ssl=1&resize=350%2C200 1x, https:\/\/i0.wp.com\/noticiasribeiraopreto.com.br\/wp-content\/uploads\/2026\/01\/WhatsApp-Image-2026-01-02-at-14.42.25_2026-01-02_17-46-37-e1767376037306.webp.webp?fit=898%2C626&ssl=1&resize=525%2C300 1.5x, https:\/\/i0.wp.com\/noticiasribeiraopreto.com.br\/wp-content\/uploads\/2026\/01\/WhatsApp-Image-2026-01-02-at-14.42.25_2026-01-02_17-46-37-e1767376037306.webp.webp?fit=898%2C626&ssl=1&resize=700%2C400 2x"},"classes":[]},{"id":83404,"url":"https:\/\/noticiasribeiraopreto.com.br\/index.php\/2026\/03\/17\/chuva-provoca-quedas-de-arvores-e-interdita-vias-em-ribeirao-preto\/","url_meta":{"origin":79493,"position":4},"title":"Chuva provoca quedas de \u00e1rvores e interdita vias em Ribeir\u00e3o Preto","author":"noticiasribeiraopreto.com.br","date":"17 de March de 2026","format":false,"excerpt":"A chuva que atingiu Ribeir\u00e3o Preto na tarde desta ter\u00e7a-feira (17) causou transtornos em diferentes pontos da cidade, com registro de alagamentos, queda de \u00e1rvores e problemas no tr\u00e2nsito. Houve ac\u00famulo de \u00e1gua nas avenidas Henrique Dumont e Francisco Junqueira, o que dificultou a circula\u00e7\u00e3o de ve\u00edculos. Ainda na zona\u2026","rel":"","context":"In &quot;Not\u00edcias de Ribeir\u00e3o Preto-SP e Regi\u00e3o&quot;","block_context":{"text":"Not\u00edcias de Ribeir\u00e3o Preto-SP e Regi\u00e3o","link":"https:\/\/noticiasribeiraopreto.com.br\/index.php\/category\/noticias-de-ribeirao-preto-sp-e-regiao-ismael-colosi\/"},"img":{"alt_text":"","src":"https:\/\/i0.wp.com\/noticiasribeiraopreto.com.br\/wp-content\/uploads\/2026\/03\/domingo-28_2026-03-17_20-01-40.webp.webp?fit=1200%2C675&ssl=1&resize=350%2C200","width":350,"height":200,"srcset":"https:\/\/i0.wp.com\/noticiasribeiraopreto.com.br\/wp-content\/uploads\/2026\/03\/domingo-28_2026-03-17_20-01-40.webp.webp?fit=1200%2C675&ssl=1&resize=350%2C200 1x, https:\/\/i0.wp.com\/noticiasribeiraopreto.com.br\/wp-content\/uploads\/2026\/03\/domingo-28_2026-03-17_20-01-40.webp.webp?fit=1200%2C675&ssl=1&resize=525%2C300 1.5x, https:\/\/i0.wp.com\/noticiasribeiraopreto.com.br\/wp-content\/uploads\/2026\/03\/domingo-28_2026-03-17_20-01-40.webp.webp?fit=1200%2C675&ssl=1&resize=700%2C400 2x, https:\/\/i0.wp.com\/noticiasribeiraopreto.com.br\/wp-content\/uploads\/2026\/03\/domingo-28_2026-03-17_20-01-40.webp.webp?fit=1200%2C675&ssl=1&resize=1050%2C600 3x"},"classes":[]},{"id":62260,"url":"https:\/\/noticiasribeiraopreto.com.br\/index.php\/2025\/01\/08\/interdicao-alagamento-e-queda-de-arvore-veja-a-situacao-de-ribeirao-preto-apos-a-chuva\/","url_meta":{"origin":79493,"position":5},"title":"Interdi\u00e7\u00e3o, alagamento e queda de \u00e1rvore: Veja a situa\u00e7\u00e3o de Ribeir\u00e3o Preto ap\u00f3s a chuva","author":"noticiasribeiraopreto.com.br","date":"8 de January de 2025","format":false,"excerpt":"Um\u00a0temporal\u00a0atingiu\u00a0Ribeir\u00e3o Preto\u00a0na tarde desta quarta-feira (8) e provocou\u00a0alagamentos,\u00a0interdi\u00e7\u00f5es e quedas de \u00e1rvores\u00a0em diferentes pontos. Ruas do Centro da cidade se transformaram em um \u2018rio de lama\u2019. De acordo com a RP Mobi, foram registradas as seguintes ocorr\u00eancias: INTERDI\u00c7\u00c3O TOTAL OU PARCIALAlagamento no cruzamento da rua S\u00e3o Francisco com a rua\u2026","rel":"","context":"In &quot;Not\u00edcias de Ribeir\u00e3o Preto-SP e Regi\u00e3o&quot;","block_context":{"text":"Not\u00edcias de Ribeir\u00e3o Preto-SP e Regi\u00e3o","link":"https:\/\/noticiasribeiraopreto.com.br\/index.php\/category\/noticias-de-ribeirao-preto-sp-e-regiao-ismael-colosi\/"},"img":{"alt_text":"","src":"https:\/\/i0.wp.com\/noticiasribeiraopreto.com.br\/wp-content\/uploads\/2025\/01\/Imagem-do-WhatsApp-de-2025-01-08-as-15.51.57_fbe4808f_2025-01-08_19-59-30_jpg_2025-01-08_19-59-30.webp.webp?fit=1200%2C540&ssl=1&resize=350%2C200","width":350,"height":200,"srcset":"https:\/\/i0.wp.com\/noticiasribeiraopreto.com.br\/wp-content\/uploads\/2025\/01\/Imagem-do-WhatsApp-de-2025-01-08-as-15.51.57_fbe4808f_2025-01-08_19-59-30_jpg_2025-01-08_19-59-30.webp.webp?fit=1200%2C540&ssl=1&resize=350%2C200 1x, https:\/\/i0.wp.com\/noticiasribeiraopreto.com.br\/wp-content\/uploads\/2025\/01\/Imagem-do-WhatsApp-de-2025-01-08-as-15.51.57_fbe4808f_2025-01-08_19-59-30_jpg_2025-01-08_19-59-30.webp.webp?fit=1200%2C540&ssl=1&resize=525%2C300 1.5x, https:\/\/i0.wp.com\/noticiasribeiraopreto.com.br\/wp-content\/uploads\/2025\/01\/Imagem-do-WhatsApp-de-2025-01-08-as-15.51.57_fbe4808f_2025-01-08_19-59-30_jpg_2025-01-08_19-59-30.webp.webp?fit=1200%2C540&ssl=1&resize=700%2C400 2x, https:\/\/i0.wp.com\/noticiasribeiraopreto.com.br\/wp-content\/uploads\/2025\/01\/Imagem-do-WhatsApp-de-2025-01-08-as-15.51.57_fbe4808f_2025-01-08_19-59-30_jpg_2025-01-08_19-59-30.webp.webp?fit=1200%2C540&ssl=1&resize=1050%2C600 3x"},"classes":[]}],"jetpack_sharing_enabled":true,"jetpack_shortlink":"https:\/\/wp.me\/peQAOb-kG9","_links":{"self":[{"href":"https:\/\/noticiasribeiraopreto.com.br\/index.php\/wp-json\/wp\/v2\/posts\/79493","targetHints":{"allow":["GET"]}}],"collection":[{"href":"https:\/\/noticiasribeiraopreto.com.br\/index.php\/wp-json\/wp\/v2\/posts"}],"about":[{"href":"https:\/\/noticiasribeiraopreto.com.br\/index.php\/wp-json\/wp\/v2\/types\/post"}],"author":[{"embeddable":true,"href":"https:\/\/noticiasribeiraopreto.com.br\/index.php\/wp-json\/wp\/v2\/users\/1"}],"replies":[{"embeddable":true,"href":"https:\/\/noticiasribeiraopreto.com.br\/index.php\/wp-json\/wp\/v2\/comments?post=79493"}],"version-history":[{"count":0,"href":"https:\/\/noticiasribeiraopreto.com.br\/index.php\/wp-json\/wp\/v2\/posts\/79493\/revisions"}],"wp:featuredmedia":[{"embeddable":true,"href":"https:\/\/noticiasribeiraopreto.com.br\/index.php\/wp-json\/wp\/v2\/media\/79494"}],"wp:attachment":[{"href":"https:\/\/noticiasribeiraopreto.com.br\/index.php\/wp-json\/wp\/v2\/media?parent=79493"}],"wp:term":[{"taxonomy":"category","embeddable":true,"href":"https:\/\/noticiasribeiraopreto.com.br\/index.php\/wp-json\/wp\/v2\/categories?post=79493"},{"taxonomy":"post_tag","embeddable":true,"href":"https:\/\/noticiasribeiraopreto.com.br\/index.php\/wp-json\/wp\/v2\/tags?post=79493"}],"curies":[{"name":"wp","href":"https:\/\/api.w.org\/{rel}","templated":true}]}}