{"id":79495,"date":"2025-11-02T18:38:05","date_gmt":"2025-11-02T21:38:05","guid":{"rendered":"https:\/\/noticiasribeiraopreto.com.br\/index.php\/2025\/11\/02\/teatro-municipal-de-ribeirao-preto-recebe-espetaculo-a-verdadeira-historia-do-papai-noel\/"},"modified":"2025-11-02T18:38:05","modified_gmt":"2025-11-02T21:38:05","slug":"teatro-municipal-de-ribeirao-preto-recebe-espetaculo-a-verdadeira-historia-do-papai-noel","status":"publish","type":"post","link":"https:\/\/noticiasribeiraopreto.com.br\/index.php\/2025\/11\/02\/teatro-municipal-de-ribeirao-preto-recebe-espetaculo-a-verdadeira-historia-do-papai-noel\/","title":{"rendered":"Teatro Municipal de Ribeir\u00e3o Preto recebe espet\u00e1culo \u2018A Verdadeira Hist\u00f3ria do Papai Noel\u2019"},"content":{"rendered":"<div class='code-block code-block-1' style='margin: 8px 0 8px auto; text-align: right; display: block; clear: both;'>\n<p><a href=\"https:\/\/wa.link\/vpicfd\"><img data-recalc-dims=\"1\" class=\"wp-image-4922\" style=\"aspect-ratio: 2.0253164556962027; width: 561px; height: auto;\" src=\"https:\/\/i0.wp.com\/ismaelcolosi.com.br\/wp-content\/uploads\/2023\/11\/grupo-de-empregos-whatsapp-e-facebook-ismael-colosi-vagas.jpg?ssl=1\" alt=\"\" \/><\/a><\/p>\n<!-- \/wp:image -->\n<\/div>\n<p> <br \/>\n<\/p>\n<div data-td-block-uid=\"tdi_95\">\n<div class=\"tdb-block-inner td-fix-index\">\n<p>O <strong><a href=\"https:\/\/teatromunicipalrp.blogspot.com\/\" data-type=\"link\" data-id=\"https:\/\/teatromunicipalrp.blogspot.com\/\" target=\"_blank\" rel=\"noopener\">Teatro Municipal de Ribeir\u00e3o Preto <\/a><\/strong>recebe na pr\u00f3xima ter\u00e7a-feira (5), \u00e0s 20h, o espet\u00e1culo \u201cA Verdadeira Hist\u00f3ria do Papai Noel\u201d. Os ingressos est\u00e3o dispon\u00edveis pela internet <a href=\"https:\/\/www.sympla.com.br\/evento\/a-verdadeira-historia-do-papai-noel\/3175624?referrer=teatromunicipalrp.blogspot.com&amp;referrer=teatromunicipalrp.blogspot.com\" data-type=\"link\" data-id=\"https:\/\/www.sympla.com.br\/evento\/a-verdadeira-historia-do-papai-noel\/3175624?referrer=teatromunicipalrp.blogspot.com&amp;referrer=teatromunicipalrp.blogspot.com\" target=\"_blank\" rel=\"noopener\">(clique aqui)<\/a> e custam entre R$ 25 (meia) e R$ 50.<\/p>\n<p>O musical \u00e9 inspirado no livro hom\u00f4nimo da escritora M\u00e9rcia Gallo e celebra 25 anos de magia, emo\u00e7\u00e3o e encantamento. Neste ano, a montagem retorna aos palcos com uma nova apresenta\u00e7\u00e3o.<\/p>\n<p>O espet\u00e1culo combina teatro, m\u00fasica e poesia em uma narrativa que fala sobre f\u00e9, solidariedade e supera\u00e7\u00e3o \u2014 valores que representam a verdadeira ess\u00eancia do Natal.<\/p>\n<h2 class=\"wp-block-heading\"><strong>Servi\u00e7o<\/strong><\/h2>\n<p><strong>A Verdadeira hist\u00f3ria do Papai Noel<br \/>Quando: <\/strong>ter\u00e7a-feira, 5 de novembro, \u00e0s 20h<br \/><strong>Onde: <\/strong>Teatro Municipal de Ribeir\u00e3o Preto \u2013 Via S\u00e3o Bento<br \/><strong>Dura\u00e7\u00e3o: <\/strong>75 min.<br \/><strong>Classifica\u00e7\u00e3o: <\/strong>livre<br \/><strong>Ingressos: <\/strong><a href=\"https:\/\/www.sympla.com.br\/evento\/a-verdadeira-historia-do-papai-noel\/3175624?referrer=teatromunicipalrp.blogspot.com&amp;referrer=teatromunicipalrp.blogspot.com\" data-type=\"link\" data-id=\"https:\/\/www.sympla.com.br\/evento\/a-verdadeira-historia-do-papai-noel\/3175624?referrer=teatromunicipalrp.blogspot.com&amp;referrer=teatromunicipalrp.blogspot.com\" target=\"_blank\" rel=\"noopener\">Clique aqui<\/a><\/p>\n<p>SAIBA MAIS<br \/>Saque-anivers\u00e1rio do FGTS tem novas regras; confira o que muda<\/p>\n<h2 class=\"wp-block-heading\"><strong>FIQUE ON<\/strong><\/h2>\n<p>Fique ligado em tudo que acontece em Ribeir\u00e3o Preto e regi\u00e3o. Siga os perfis do<strong>\u00a0acidade on\u00a0<\/strong>no<a href=\"https:\/\/www.instagram.com\/acidadeonribeirao\" target=\"_blank\" rel=\"noreferrer noopener\">\u00a0Instagram\u00a0<\/a>e no\u00a0<a href=\"https:\/\/www.facebook.com\/acidadeonribeirao\/\" target=\"_blank\" rel=\"noreferrer noopener\">Facebook<\/a>.<\/p>\n<p>Receba not\u00edcias do<strong>\u00a0acidade on<\/strong>\u00a0no WhatsApp. Para entrar no grupo,\u00a0basta\u00a0<a href=\"https:\/\/chat.whatsapp.com\/I4nieTEMKlf50pJ28aMemC?mode=ac_t\" target=\"_blank\" rel=\"noreferrer noopener\">clicar aqui<\/a>. Ou, acesse o nosso\u00a0Canal<a href=\"https:\/\/whatsapp.com\/channel\/0029Vb6IQl1JENyAeS57fk2p\" target=\"_blank\" rel=\"noreferrer noopener\">\u00a0clicando aqui<\/a>.<\/p>\n<p>Fa\u00e7a uma den\u00fancia ou sugira uma reportagem sobre Ribeir\u00e3o Preto e regi\u00e3o pelo WhatsApp: 16 99117 7802.<\/p>\n<p>VEJA TAMB\u00c9M<br \/>O que \u00e9 o 3I\/ATLAS?<\/p>\n<p><!-- AI CONTENT END 1 -->\n<\/div>\n<\/div>\n<p><script async src=\"\/\/www.instagram.com\/embed.js\"><\/script><br \/>\n<br \/><br \/>\n<br \/><a href=\"https:\/\/www.acidadeon.com\/ribeiraopreto\/lazer-e-cultura\/teatro-municipal-de-ribeirao-preto-recebe-espetaculo-a-verdadeira-historia-do-papai-noel\/\">Source link <\/a><\/p>\n<!-- CONTENT END 1 -->\n","protected":false},"excerpt":{"rendered":"<p>O Teatro Municipal de Ribeir\u00e3o Preto recebe na pr\u00f3xima ter\u00e7a-feira (5), \u00e0s 20h, o espet\u00e1culo \u201cA Verdadeira Hist\u00f3ria do Papai Noel\u201d. Os ingressos est\u00e3o dispon\u00edveis&#8230;<\/p>\n","protected":false},"author":1,"featured_media":79496,"comment_status":"open","ping_status":"open","sticky":false,"template":"","format":"standard","meta":{"advanced_seo_description":"","jetpack_seo_html_title":"","jetpack_seo_noindex":false,"jetpack_post_was_ever_published":false,"_jetpack_newsletter_access":"","_jetpack_dont_email_post_to_subs":false,"_jetpack_newsletter_tier_id":0,"_jetpack_memberships_contains_paywalled_content":false,"_jetpack_memberships_contains_paid_content":false,"footnotes":"","jetpack_publicize_message":"","jetpack_publicize_feature_enabled":true,"jetpack_social_post_already_shared":true,"jetpack_social_options":{"image_generator_settings":{"template":"highway","default_image_id":0,"font":"","enabled":false},"version":2}},"categories":[11],"tags":[],"class_list":["post-79495","post","type-post","status-publish","format-standard","has-post-thumbnail","hentry","category-noticias-de-ribeirao-preto-sp-e-regiao-ismael-colosi"],"jetpack_publicize_connections":[],"jetpack_featured_media_url":"https:\/\/i0.wp.com\/noticiasribeiraopreto.com.br\/wp-content\/uploads\/2025\/11\/a-verdadeira-historia-do-papai-noel_2025-11-02_19-42-14.webp.webp?fit=1200%2C800&ssl=1","jetpack-related-posts":[{"id":59837,"url":"https:\/\/noticiasribeiraopreto.com.br\/index.php\/2024\/10\/30\/espetaculo-sobre-o-natal-e-atracao-gratuita-no-teatro-municipal-de-ribeirao\/","url_meta":{"origin":79495,"position":0},"title":"Espet\u00e1culo sobre o Natal \u00e9 atra\u00e7\u00e3o gratuita no Teatro Municipal de Ribeir\u00e3o","author":"noticiasribeiraopreto.com.br","date":"30 de October de 2024","format":false,"excerpt":"A apresenta\u00e7\u00e3o do musical \u201cA Verdadeira Hist\u00f3ria do Papai Noel\u201d, chega ao Teatro Municipal de Ribeir\u00e3o Preto nesta sexta-feira (1\u00ba de novembro), \u00e0s 20h. A entrada \u00e9 gratuita e limitada, ou seja, \u00e9 preciso retirar o ingresso\u00a0uma hora antes na bilheteria. O espet\u00e1culo mostra que a hist\u00f3ria do Papai Noel\u2026","rel":"","context":"In &quot;Not\u00edcias de Ribeir\u00e3o Preto-SP e Regi\u00e3o&quot;","block_context":{"text":"Not\u00edcias de Ribeir\u00e3o Preto-SP e Regi\u00e3o","link":"https:\/\/noticiasribeiraopreto.com.br\/index.php\/category\/noticias-de-ribeirao-preto-sp-e-regiao-ismael-colosi\/"},"img":{"alt_text":"","src":"https:\/\/i0.wp.com\/noticiasribeiraopreto.com.br\/wp-content\/uploads\/2024\/10\/Copia-de-Copia-de-Copia-de-TAMANHO-EXATO-PARA-FOTOS-NO-SISTEMA-NOVO-60_2024-10-30_21-57-00_png_2024-10-30_21-57-00.webp.webp?fit=1200%2C675&ssl=1&resize=350%2C200","width":350,"height":200,"srcset":"https:\/\/i0.wp.com\/noticiasribeiraopreto.com.br\/wp-content\/uploads\/2024\/10\/Copia-de-Copia-de-Copia-de-TAMANHO-EXATO-PARA-FOTOS-NO-SISTEMA-NOVO-60_2024-10-30_21-57-00_png_2024-10-30_21-57-00.webp.webp?fit=1200%2C675&ssl=1&resize=350%2C200 1x, https:\/\/i0.wp.com\/noticiasribeiraopreto.com.br\/wp-content\/uploads\/2024\/10\/Copia-de-Copia-de-Copia-de-TAMANHO-EXATO-PARA-FOTOS-NO-SISTEMA-NOVO-60_2024-10-30_21-57-00_png_2024-10-30_21-57-00.webp.webp?fit=1200%2C675&ssl=1&resize=525%2C300 1.5x, https:\/\/i0.wp.com\/noticiasribeiraopreto.com.br\/wp-content\/uploads\/2024\/10\/Copia-de-Copia-de-Copia-de-TAMANHO-EXATO-PARA-FOTOS-NO-SISTEMA-NOVO-60_2024-10-30_21-57-00_png_2024-10-30_21-57-00.webp.webp?fit=1200%2C675&ssl=1&resize=700%2C400 2x, https:\/\/i0.wp.com\/noticiasribeiraopreto.com.br\/wp-content\/uploads\/2024\/10\/Copia-de-Copia-de-Copia-de-TAMANHO-EXATO-PARA-FOTOS-NO-SISTEMA-NOVO-60_2024-10-30_21-57-00_png_2024-10-30_21-57-00.webp.webp?fit=1200%2C675&ssl=1&resize=1050%2C600 3x"},"classes":[]},{"id":59839,"url":"https:\/\/noticiasribeiraopreto.com.br\/index.php\/2024\/10\/30\/espetaculo-natalino-e-atracao-gratuita-no-teatro-municipal-de-ribeirao\/","url_meta":{"origin":79495,"position":1},"title":"Espet\u00e1culo natalino \u00e9 atra\u00e7\u00e3o gratuita no Teatro Municipal de Ribeir\u00e3o","author":"noticiasribeiraopreto.com.br","date":"30 de October de 2024","format":false,"excerpt":"A apresenta\u00e7\u00e3o do musical \u201cA Verdadeira Hist\u00f3ria do Papai Noel\u201d, chega ao Teatro Municipal de Ribeir\u00e3o Preto nesta sexta-feira (1\u00ba de novembro), \u00e0s 20h. A entrada \u00e9 gratuita e limitada, ou seja, \u00e9 preciso retirar o ingresso\u00a0uma hora antes na bilheteria. O espet\u00e1culo mostra que a hist\u00f3ria do Papai Noel\u2026","rel":"","context":"In &quot;Not\u00edcias de Ribeir\u00e3o Preto-SP e Regi\u00e3o&quot;","block_context":{"text":"Not\u00edcias de Ribeir\u00e3o Preto-SP e Regi\u00e3o","link":"https:\/\/noticiasribeiraopreto.com.br\/index.php\/category\/noticias-de-ribeirao-preto-sp-e-regiao-ismael-colosi\/"},"img":{"alt_text":"","src":"https:\/\/i0.wp.com\/noticiasribeiraopreto.com.br\/wp-content\/uploads\/2024\/10\/Copia-de-Copia-de-Copia-de-TAMANHO-EXATO-PARA-FOTOS-NO-SISTEMA-NOVO-60_2024-10-30_21-57-00_png_2024-10-30_21-57-00.webp.webp?fit=1200%2C675&ssl=1&resize=350%2C200","width":350,"height":200,"srcset":"https:\/\/i0.wp.com\/noticiasribeiraopreto.com.br\/wp-content\/uploads\/2024\/10\/Copia-de-Copia-de-Copia-de-TAMANHO-EXATO-PARA-FOTOS-NO-SISTEMA-NOVO-60_2024-10-30_21-57-00_png_2024-10-30_21-57-00.webp.webp?fit=1200%2C675&ssl=1&resize=350%2C200 1x, https:\/\/i0.wp.com\/noticiasribeiraopreto.com.br\/wp-content\/uploads\/2024\/10\/Copia-de-Copia-de-Copia-de-TAMANHO-EXATO-PARA-FOTOS-NO-SISTEMA-NOVO-60_2024-10-30_21-57-00_png_2024-10-30_21-57-00.webp.webp?fit=1200%2C675&ssl=1&resize=525%2C300 1.5x, https:\/\/i0.wp.com\/noticiasribeiraopreto.com.br\/wp-content\/uploads\/2024\/10\/Copia-de-Copia-de-Copia-de-TAMANHO-EXATO-PARA-FOTOS-NO-SISTEMA-NOVO-60_2024-10-30_21-57-00_png_2024-10-30_21-57-00.webp.webp?fit=1200%2C675&ssl=1&resize=700%2C400 2x, https:\/\/i0.wp.com\/noticiasribeiraopreto.com.br\/wp-content\/uploads\/2024\/10\/Copia-de-Copia-de-Copia-de-TAMANHO-EXATO-PARA-FOTOS-NO-SISTEMA-NOVO-60_2024-10-30_21-57-00_png_2024-10-30_21-57-00.webp.webp?fit=1200%2C675&ssl=1&resize=1050%2C600 3x"},"classes":[]},{"id":67073,"url":"https:\/\/noticiasribeiraopreto.com.br\/index.php\/2025\/04\/09\/teatro-municipal-de-ribeirao-preto-recebe-o-musical-refrao-da-furia\/","url_meta":{"origin":79495,"position":2},"title":"Teatro Municipal de Ribeir\u00e3o Preto recebe o musical \u2018Refr\u00e3o da F\u00faria\u2019","author":"noticiasribeiraopreto.com.br","date":"9 de April de 2025","format":false,"excerpt":"O Teatro Municipal de Ribeir\u00e3o Preto recebe no pr\u00f3ximo dia 17 de abril, \u00e0s 20h, o musical \u201cRefr\u00e3o da F\u00faria\u201d, inspirada em cantores da m\u00fasica popular brasileira e rock nacional. O espet\u00e1culo faz parte da programa\u00e7\u00e3o da 18\u00aa Mostra de Teatro TPC. A hist\u00f3ria acompanha a forma\u00e7\u00e3o de uma banda\u2026","rel":"","context":"In &quot;Not\u00edcias de Ribeir\u00e3o Preto-SP e Regi\u00e3o&quot;","block_context":{"text":"Not\u00edcias de Ribeir\u00e3o Preto-SP e Regi\u00e3o","link":"https:\/\/noticiasribeiraopreto.com.br\/index.php\/category\/noticias-de-ribeirao-preto-sp-e-regiao-ismael-colosi\/"},"img":{"alt_text":"","src":"https:\/\/i0.wp.com\/noticiasribeiraopreto.com.br\/wp-content\/uploads\/2025\/04\/Copia-de-Copia-de-Copia-de-TAMANHO-EXATO-PARA-FOTOS-NO-SISTEMA-NOVO-46_2025-04-09_16-25-55_jpg_2025-04-09_16-25-55.webp.webp?fit=1200%2C675&ssl=1&resize=350%2C200","width":350,"height":200,"srcset":"https:\/\/i0.wp.com\/noticiasribeiraopreto.com.br\/wp-content\/uploads\/2025\/04\/Copia-de-Copia-de-Copia-de-TAMANHO-EXATO-PARA-FOTOS-NO-SISTEMA-NOVO-46_2025-04-09_16-25-55_jpg_2025-04-09_16-25-55.webp.webp?fit=1200%2C675&ssl=1&resize=350%2C200 1x, https:\/\/i0.wp.com\/noticiasribeiraopreto.com.br\/wp-content\/uploads\/2025\/04\/Copia-de-Copia-de-Copia-de-TAMANHO-EXATO-PARA-FOTOS-NO-SISTEMA-NOVO-46_2025-04-09_16-25-55_jpg_2025-04-09_16-25-55.webp.webp?fit=1200%2C675&ssl=1&resize=525%2C300 1.5x, https:\/\/i0.wp.com\/noticiasribeiraopreto.com.br\/wp-content\/uploads\/2025\/04\/Copia-de-Copia-de-Copia-de-TAMANHO-EXATO-PARA-FOTOS-NO-SISTEMA-NOVO-46_2025-04-09_16-25-55_jpg_2025-04-09_16-25-55.webp.webp?fit=1200%2C675&ssl=1&resize=700%2C400 2x, https:\/\/i0.wp.com\/noticiasribeiraopreto.com.br\/wp-content\/uploads\/2025\/04\/Copia-de-Copia-de-Copia-de-TAMANHO-EXATO-PARA-FOTOS-NO-SISTEMA-NOVO-46_2025-04-09_16-25-55_jpg_2025-04-09_16-25-55.webp.webp?fit=1200%2C675&ssl=1&resize=1050%2C600 3x"},"classes":[]},{"id":59908,"url":"https:\/\/noticiasribeiraopreto.com.br\/index.php\/2024\/11\/01\/nando-reis-e-zeze-di-camargo-veja-o-que-fazer-no-fim-de-semana-em-ribeirao\/","url_meta":{"origin":79495,"position":3},"title":"Nando Reis e Zez\u00e9 di Camargo: Veja o que fazer no fim de semana em Ribeir\u00e3o","author":"noticiasribeiraopreto.com.br","date":"1 de November de 2024","format":false,"excerpt":"O primeiro fim de semana de novembro come\u00e7ou e Ribeir\u00e3o Preto conta com diversas atividades para diferentes gostos e idades. Entre os destaques da agenda cultural est\u00e3o os shows de Nando Reis e Zez\u00e9 di Camargo. Confira a programa\u00e7\u00e3o completa: Nando Reis O cantor\u00a0\u00a0Nando Reis realiza dois shows durante este\u2026","rel":"","context":"In &quot;Not\u00edcias de Ribeir\u00e3o Preto-SP e Regi\u00e3o&quot;","block_context":{"text":"Not\u00edcias de Ribeir\u00e3o Preto-SP e Regi\u00e3o","link":"https:\/\/noticiasribeiraopreto.com.br\/index.php\/category\/noticias-de-ribeirao-preto-sp-e-regiao-ismael-colosi\/"},"img":{"alt_text":"","src":"https:\/\/i0.wp.com\/noticiasribeiraopreto.com.br\/wp-content\/uploads\/2024\/11\/Copia-de-Copia-de-Copia-de-TAMANHO-EXATO-PARA-FOTOS-NO-SISTEMA-NOVO-24_2024-11-01_13-11-31_jpg_2024-11-01_13-11-31.webp.webp?fit=1200%2C675&ssl=1&resize=350%2C200","width":350,"height":200,"srcset":"https:\/\/i0.wp.com\/noticiasribeiraopreto.com.br\/wp-content\/uploads\/2024\/11\/Copia-de-Copia-de-Copia-de-TAMANHO-EXATO-PARA-FOTOS-NO-SISTEMA-NOVO-24_2024-11-01_13-11-31_jpg_2024-11-01_13-11-31.webp.webp?fit=1200%2C675&ssl=1&resize=350%2C200 1x, https:\/\/i0.wp.com\/noticiasribeiraopreto.com.br\/wp-content\/uploads\/2024\/11\/Copia-de-Copia-de-Copia-de-TAMANHO-EXATO-PARA-FOTOS-NO-SISTEMA-NOVO-24_2024-11-01_13-11-31_jpg_2024-11-01_13-11-31.webp.webp?fit=1200%2C675&ssl=1&resize=525%2C300 1.5x, https:\/\/i0.wp.com\/noticiasribeiraopreto.com.br\/wp-content\/uploads\/2024\/11\/Copia-de-Copia-de-Copia-de-TAMANHO-EXATO-PARA-FOTOS-NO-SISTEMA-NOVO-24_2024-11-01_13-11-31_jpg_2024-11-01_13-11-31.webp.webp?fit=1200%2C675&ssl=1&resize=700%2C400 2x, https:\/\/i0.wp.com\/noticiasribeiraopreto.com.br\/wp-content\/uploads\/2024\/11\/Copia-de-Copia-de-Copia-de-TAMANHO-EXATO-PARA-FOTOS-NO-SISTEMA-NOVO-24_2024-11-01_13-11-31_jpg_2024-11-01_13-11-31.webp.webp?fit=1200%2C675&ssl=1&resize=1050%2C600 3x"},"classes":[]},{"id":79670,"url":"https:\/\/noticiasribeiraopreto.com.br\/index.php\/2025\/11\/05\/ribeirao-preto-recebe-temporada-de-espetaculo-de-danca-ainda-este-mes\/","url_meta":{"origin":79495,"position":4},"title":"Ribeir\u00e3o Preto recebe temporada de espet\u00e1culo de dan\u00e7a ainda este m\u00eas","author":"noticiasribeiraopreto.com.br","date":"5 de November de 2025","format":false,"excerpt":"Entre os dias 10 a 16 de novembro, Ribeir\u00e3o Preto recebe o espet\u00e1culo solo de dan\u00e7a \u201cOrigin\u00e1rio\u201d, com apresenta\u00e7\u00f5es gratuitas em escolas e outras abertas \u00e0 comunidade. A circula\u00e7\u00e3o conta com a presen\u00e7a do artista Lu\u00eds Silva e oficina de dan\u00e7a. O espet\u00e1culo simboliza a jornada de integra\u00e7\u00e3o na sociedade,\u2026","rel":"","context":"In &quot;Not\u00edcias de Ribeir\u00e3o Preto-SP e Regi\u00e3o&quot;","block_context":{"text":"Not\u00edcias de Ribeir\u00e3o Preto-SP e Regi\u00e3o","link":"https:\/\/noticiasribeiraopreto.com.br\/index.php\/category\/noticias-de-ribeirao-preto-sp-e-regiao-ismael-colosi\/"},"img":{"alt_text":"","src":"https:\/\/i0.wp.com\/noticiasribeiraopreto.com.br\/wp-content\/uploads\/2025\/11\/Foto-Ana-Leopoldino_2025-11-05_14-17-09.webp.webp?fit=1200%2C800&ssl=1&resize=350%2C200","width":350,"height":200,"srcset":"https:\/\/i0.wp.com\/noticiasribeiraopreto.com.br\/wp-content\/uploads\/2025\/11\/Foto-Ana-Leopoldino_2025-11-05_14-17-09.webp.webp?fit=1200%2C800&ssl=1&resize=350%2C200 1x, https:\/\/i0.wp.com\/noticiasribeiraopreto.com.br\/wp-content\/uploads\/2025\/11\/Foto-Ana-Leopoldino_2025-11-05_14-17-09.webp.webp?fit=1200%2C800&ssl=1&resize=525%2C300 1.5x, https:\/\/i0.wp.com\/noticiasribeiraopreto.com.br\/wp-content\/uploads\/2025\/11\/Foto-Ana-Leopoldino_2025-11-05_14-17-09.webp.webp?fit=1200%2C800&ssl=1&resize=700%2C400 2x, https:\/\/i0.wp.com\/noticiasribeiraopreto.com.br\/wp-content\/uploads\/2025\/11\/Foto-Ana-Leopoldino_2025-11-05_14-17-09.webp.webp?fit=1200%2C800&ssl=1&resize=1050%2C600 3x"},"classes":[]},{"id":9002,"url":"https:\/\/noticiasribeiraopreto.com.br\/index.php\/2023\/12\/01\/thiaguinho-carpinejar-e-toninho-delicio-opcoes-para-curtir-o-fim-de-semana-em-ribeirao\/","url_meta":{"origin":79495,"position":5},"title":"Thiaguinho, Carpinejar e Toninho Del\u00edcio: Op\u00e7\u00f5es para curtir o fim de semana em Ribeir\u00e3o\u00a0","author":"noticiasribeiraopreto.com.br","date":"1 de December de 2023","format":false,"excerpt":"O primeiro fim de semana do m\u00eas de dezembro em Ribeir\u00e3o Preto tem op\u00e7\u00f5es variadas para quem gosta de m\u00fasica e programa\u00e7\u00f5es em teatros. \u00a0 Apresenta\u00e7\u00e3o de chorinho, maracatu, stand up, show do Thiaguinho e mais. Confira\u00a0 DUO GIARDINI \u00a0 O Teatro Sesi de Ribeir\u00e3o Preto, no Jardim Castelo Branco,\u2026","rel":"","context":"In &quot;Not\u00edcias de Ribeir\u00e3o Preto-SP e Regi\u00e3o&quot;","block_context":{"text":"Not\u00edcias de Ribeir\u00e3o Preto-SP e Regi\u00e3o","link":"https:\/\/noticiasribeiraopreto.com.br\/index.php\/category\/noticias-de-ribeirao-preto-sp-e-regiao-ismael-colosi\/"},"img":{"alt_text":"","src":"https:\/\/i0.wp.com\/noticiasribeiraopreto.com.br\/wp-content\/uploads\/2023\/12\/WhatsApp-Image-2023-11-11-at-12.18.32.jpeg?fit=1080%2C745&ssl=1&resize=350%2C200","width":350,"height":200,"srcset":"https:\/\/i0.wp.com\/noticiasribeiraopreto.com.br\/wp-content\/uploads\/2023\/12\/WhatsApp-Image-2023-11-11-at-12.18.32.jpeg?fit=1080%2C745&ssl=1&resize=350%2C200 1x, https:\/\/i0.wp.com\/noticiasribeiraopreto.com.br\/wp-content\/uploads\/2023\/12\/WhatsApp-Image-2023-11-11-at-12.18.32.jpeg?fit=1080%2C745&ssl=1&resize=525%2C300 1.5x, https:\/\/i0.wp.com\/noticiasribeiraopreto.com.br\/wp-content\/uploads\/2023\/12\/WhatsApp-Image-2023-11-11-at-12.18.32.jpeg?fit=1080%2C745&ssl=1&resize=700%2C400 2x, https:\/\/i0.wp.com\/noticiasribeiraopreto.com.br\/wp-content\/uploads\/2023\/12\/WhatsApp-Image-2023-11-11-at-12.18.32.jpeg?fit=1080%2C745&ssl=1&resize=1050%2C600 3x"},"classes":[]}],"jetpack_sharing_enabled":true,"jetpack_shortlink":"https:\/\/wp.me\/peQAOb-kGb","_links":{"self":[{"href":"https:\/\/noticiasribeiraopreto.com.br\/index.php\/wp-json\/wp\/v2\/posts\/79495","targetHints":{"allow":["GET"]}}],"collection":[{"href":"https:\/\/noticiasribeiraopreto.com.br\/index.php\/wp-json\/wp\/v2\/posts"}],"about":[{"href":"https:\/\/noticiasribeiraopreto.com.br\/index.php\/wp-json\/wp\/v2\/types\/post"}],"author":[{"embeddable":true,"href":"https:\/\/noticiasribeiraopreto.com.br\/index.php\/wp-json\/wp\/v2\/users\/1"}],"replies":[{"embeddable":true,"href":"https:\/\/noticiasribeiraopreto.com.br\/index.php\/wp-json\/wp\/v2\/comments?post=79495"}],"version-history":[{"count":0,"href":"https:\/\/noticiasribeiraopreto.com.br\/index.php\/wp-json\/wp\/v2\/posts\/79495\/revisions"}],"wp:featuredmedia":[{"embeddable":true,"href":"https:\/\/noticiasribeiraopreto.com.br\/index.php\/wp-json\/wp\/v2\/media\/79496"}],"wp:attachment":[{"href":"https:\/\/noticiasribeiraopreto.com.br\/index.php\/wp-json\/wp\/v2\/media?parent=79495"}],"wp:term":[{"taxonomy":"category","embeddable":true,"href":"https:\/\/noticiasribeiraopreto.com.br\/index.php\/wp-json\/wp\/v2\/categories?post=79495"},{"taxonomy":"post_tag","embeddable":true,"href":"https:\/\/noticiasribeiraopreto.com.br\/index.php\/wp-json\/wp\/v2\/tags?post=79495"}],"curies":[{"name":"wp","href":"https:\/\/api.w.org\/{rel}","templated":true}]}}