{"id":79497,"date":"2025-11-02T18:47:50","date_gmt":"2025-11-02T21:47:50","guid":{"rendered":"https:\/\/noticiasribeiraopreto.com.br\/index.php\/2025\/11\/02\/hospital-santa-lydia-abre-processo-seletivo-com-salarios-de-ate-r-4-mil\/"},"modified":"2025-11-02T18:47:50","modified_gmt":"2025-11-02T21:47:50","slug":"hospital-santa-lydia-abre-processo-seletivo-com-salarios-de-ate-r-4-mil","status":"publish","type":"post","link":"https:\/\/noticiasribeiraopreto.com.br\/index.php\/2025\/11\/02\/hospital-santa-lydia-abre-processo-seletivo-com-salarios-de-ate-r-4-mil\/","title":{"rendered":"Hospital Santa Lydia abre processo seletivo com sal\u00e1rios de at\u00e9 R$ 4 mil"},"content":{"rendered":"<div class='code-block code-block-1' style='margin: 8px 0 8px auto; text-align: right; display: block; clear: both;'>\n<p><a href=\"https:\/\/wa.link\/vpicfd\"><img data-recalc-dims=\"1\" class=\"wp-image-4922\" style=\"aspect-ratio: 2.0253164556962027; width: 561px; height: auto;\" src=\"https:\/\/i0.wp.com\/ismaelcolosi.com.br\/wp-content\/uploads\/2023\/11\/grupo-de-empregos-whatsapp-e-facebook-ismael-colosi-vagas.jpg?ssl=1\" alt=\"\" \/><\/a><\/p>\n<!-- \/wp:image -->\n<\/div>\n<p> <br \/>\n<\/p>\n<div data-td-block-uid=\"tdi_95\">\n<div class=\"tdb-block-inner td-fix-index\">\n<p>A <strong><a href=\"https:\/\/www.hospitalsantalydia.com.br\/\" data-type=\"link\" data-id=\"https:\/\/www.hospitalsantalydia.com.br\/\" target=\"_blank\" rel=\"noopener\">Funda\u00e7\u00e3o Hospital Santa Lydia de Ribeir\u00e3o Preto<\/a> <\/strong>abriu processo seletivo com quatro vagas e sal\u00e1rios que variam entre R$ 1.885,97 e R$ 4.096,98. As oportunidades s\u00e3o de n\u00edvel m\u00e9dio e superior e tamb\u00e9m contam com cadastro de reserva.<\/p>\n<p>As inscri\u00e7\u00f5es devem ser realizadas no per\u00edodo entre 3 de novembro e 12 de novembro pela internet (<a href=\"https:\/\/portal.glconsultoria.com.br\/edital\/ver\/255\" data-type=\"link\" data-id=\"https:\/\/portal.glconsultoria.com.br\/edital\/ver\/255\" target=\"_blank\" rel=\"noopener\">clique aqui<\/a>). O valor da taxa de inscri\u00e7\u00e3o custa entre R$ 22,10 e R$ 22,62.<\/p>\n<h2 class=\"wp-block-heading\"><strong>Veja as vagas<\/strong><\/h2>\n<h3 class=\"wp-block-heading\"><strong>N\u00edvel m\u00e9dio<\/strong><\/h3>\n<h3 class=\"wp-block-heading\"><strong>N\u00edvel superior<\/strong><\/h3>\n<p>Todas as vagas s\u00e3o para jornadas de 36 horas semanais. <a href=\"https:\/\/portal.glconsultoria.com.br\/edital\/ver\/255\" data-type=\"link\" data-id=\"https:\/\/portal.glconsultoria.com.br\/edital\/ver\/255\" target=\"_blank\" rel=\"noopener\">Clique aqui <\/a>e veja o edital completo.<\/p>\n<p>SAIBA MAIS<br \/>Saque-anivers\u00e1rio do FGTS tem novas regras; confira o que muda<\/p>\n<h2 class=\"wp-block-heading\"><strong>FIQUE ON<\/strong><\/h2>\n<p>Fique ligado em tudo que acontece em Ribeir\u00e3o Preto e regi\u00e3o. Siga os perfis do<strong>\u00a0acidade on\u00a0<\/strong>no<a href=\"https:\/\/www.instagram.com\/acidadeonribeirao\" target=\"_blank\" rel=\"noreferrer noopener\">\u00a0Instagram\u00a0<\/a>e no\u00a0<a href=\"https:\/\/www.facebook.com\/acidadeonribeirao\/\" target=\"_blank\" rel=\"noreferrer noopener\">Facebook<\/a>.<\/p>\n<p>Receba not\u00edcias do<strong>\u00a0acidade on<\/strong>\u00a0no WhatsApp. Para entrar no grupo,\u00a0basta\u00a0<a href=\"https:\/\/chat.whatsapp.com\/I4nieTEMKlf50pJ28aMemC?mode=ac_t\" target=\"_blank\" rel=\"noreferrer noopener\">clicar aqui<\/a>. Ou, acesse o nosso\u00a0Canal<a href=\"https:\/\/whatsapp.com\/channel\/0029Vb6IQl1JENyAeS57fk2p\" target=\"_blank\" rel=\"noreferrer noopener\">\u00a0clicando aqui<\/a>.<\/p>\n<p>Fa\u00e7a uma den\u00fancia ou sugira uma reportagem sobre Ribeir\u00e3o Preto e regi\u00e3o pelo WhatsApp: 16 99117 7802.<\/p>\n<p>VEJA TAMB\u00c9M<br \/>O que \u00e9 o 3I\/ATLAS?<\/p>\n<p><!-- AI CONTENT END 1 -->\n<\/div>\n<\/div>\n<p><script async src=\"\/\/www.instagram.com\/embed.js\"><\/script><br \/>\n<br \/><br \/>\n<br \/><a href=\"https:\/\/www.acidadeon.com\/ribeiraopreto\/economia\/hospital-santa-lydia-abre-processo-seletivo-com-salarios-de-ate-r-4-mil\/\">Source link <\/a><\/p>\n<!-- CONTENT END 1 -->\n","protected":false},"excerpt":{"rendered":"<p>A Funda\u00e7\u00e3o Hospital Santa Lydia de Ribeir\u00e3o Preto abriu processo seletivo com quatro vagas e sal\u00e1rios que variam entre R$ 1.885,97 e R$ 4.096,98. As&#8230;<\/p>\n","protected":false},"author":1,"featured_media":79498,"comment_status":"open","ping_status":"open","sticky":false,"template":"","format":"standard","meta":{"advanced_seo_description":"","jetpack_seo_html_title":"","jetpack_seo_noindex":false,"jetpack_post_was_ever_published":false,"_jetpack_newsletter_access":"","_jetpack_dont_email_post_to_subs":false,"_jetpack_newsletter_tier_id":0,"_jetpack_memberships_contains_paywalled_content":false,"_jetpack_memberships_contains_paid_content":false,"footnotes":"","jetpack_publicize_message":"","jetpack_publicize_feature_enabled":true,"jetpack_social_post_already_shared":true,"jetpack_social_options":{"image_generator_settings":{"template":"highway","default_image_id":0,"font":"","enabled":false},"version":2}},"categories":[11],"tags":[],"class_list":["post-79497","post","type-post","status-publish","format-standard","has-post-thumbnail","hentry","category-noticias-de-ribeirao-preto-sp-e-regiao-ismael-colosi"],"jetpack_publicize_connections":[],"jetpack_featured_media_url":"https:\/\/i0.wp.com\/noticiasribeiraopreto.com.br\/wp-content\/uploads\/2025\/11\/santa-lydia.jpg?fit=1620%2C1080&ssl=1","jetpack-related-posts":[{"id":80017,"url":"https:\/\/noticiasribeiraopreto.com.br\/index.php\/2025\/11\/12\/santa-lydia-abre-processo-seletivo-com-20-vagas-e-salarios-de-r-10-mil-confira\/","url_meta":{"origin":79497,"position":0},"title":"Santa Lydia abre processo seletivo com 20 vagas e sal\u00e1rios de R$ 10 mil; Confira","author":"noticiasribeiraopreto.com.br","date":"12 de November de 2025","format":false,"excerpt":"A Funda\u00e7\u00e3o Hospital Santa Lydia de Ribeir\u00e3o Preto abriu processo seletivo com 20 vagas de n\u00edvel m\u00e9dio e superior. Os sal\u00e1rios variam entre R$ 1.047,78 e R$ 10.965,05. As inscri\u00e7\u00f5es devem ser realizadas pela internet (clique aqui) at\u00e9 o dia 19 de novembro. O valor da taxa de inscri\u00e7\u00e3o varia\u2026","rel":"","context":"In &quot;Not\u00edcias de Ribeir\u00e3o Preto-SP e Regi\u00e3o&quot;","block_context":{"text":"Not\u00edcias de Ribeir\u00e3o Preto-SP e Regi\u00e3o","link":"https:\/\/noticiasribeiraopreto.com.br\/index.php\/category\/noticias-de-ribeirao-preto-sp-e-regiao-ismael-colosi\/"},"img":{"alt_text":"","src":"https:\/\/i0.wp.com\/noticiasribeiraopreto.com.br\/wp-content\/uploads\/2025\/11\/1762977542_santa-lydia.jpg?fit=1200%2C800&ssl=1&resize=350%2C200","width":350,"height":200,"srcset":"https:\/\/i0.wp.com\/noticiasribeiraopreto.com.br\/wp-content\/uploads\/2025\/11\/1762977542_santa-lydia.jpg?fit=1200%2C800&ssl=1&resize=350%2C200 1x, https:\/\/i0.wp.com\/noticiasribeiraopreto.com.br\/wp-content\/uploads\/2025\/11\/1762977542_santa-lydia.jpg?fit=1200%2C800&ssl=1&resize=525%2C300 1.5x, https:\/\/i0.wp.com\/noticiasribeiraopreto.com.br\/wp-content\/uploads\/2025\/11\/1762977542_santa-lydia.jpg?fit=1200%2C800&ssl=1&resize=700%2C400 2x, https:\/\/i0.wp.com\/noticiasribeiraopreto.com.br\/wp-content\/uploads\/2025\/11\/1762977542_santa-lydia.jpg?fit=1200%2C800&ssl=1&resize=1050%2C600 3x"},"classes":[]},{"id":74021,"url":"https:\/\/noticiasribeiraopreto.com.br\/index.php\/2025\/07\/14\/santa-lydia-abre-processo-seletivo-com-oito-vagas-e-salarios-de-ate-r-10-mil\/","url_meta":{"origin":79497,"position":1},"title":"Santa Lydia abre processo seletivo com oito vagas e sal\u00e1rios de at\u00e9 R$ 10 mil","author":"noticiasribeiraopreto.com.br","date":"14 de July de 2025","format":false,"excerpt":"A Funda\u00e7\u00e3o Hospital Sanata Lydia abriu as inscri\u00e7\u00f5es para processo seletivo com oito vagas para contrata\u00e7\u00e3o direta e sal\u00e1rios de at\u00e9 R$ 10,9 mil. As vagas s\u00e3o de n\u00edvel fundamental, m\u00e9dio e superior. As inscri\u00e7\u00f5es devem ser realizadas pela internet (clique aqui) at\u00e9 13h do dia 24 de julho de\u2026","rel":"","context":"In &quot;Not\u00edcias de Ribeir\u00e3o Preto-SP e Regi\u00e3o&quot;","block_context":{"text":"Not\u00edcias de Ribeir\u00e3o Preto-SP e Regi\u00e3o","link":"https:\/\/noticiasribeiraopreto.com.br\/index.php\/category\/noticias-de-ribeirao-preto-sp-e-regiao-ismael-colosi\/"},"img":{"alt_text":"","src":"https:\/\/i0.wp.com\/noticiasribeiraopreto.com.br\/wp-content\/uploads\/2025\/07\/santa-lydia.jpg?fit=1200%2C800&ssl=1&resize=350%2C200","width":350,"height":200,"srcset":"https:\/\/i0.wp.com\/noticiasribeiraopreto.com.br\/wp-content\/uploads\/2025\/07\/santa-lydia.jpg?fit=1200%2C800&ssl=1&resize=350%2C200 1x, https:\/\/i0.wp.com\/noticiasribeiraopreto.com.br\/wp-content\/uploads\/2025\/07\/santa-lydia.jpg?fit=1200%2C800&ssl=1&resize=525%2C300 1.5x, https:\/\/i0.wp.com\/noticiasribeiraopreto.com.br\/wp-content\/uploads\/2025\/07\/santa-lydia.jpg?fit=1200%2C800&ssl=1&resize=700%2C400 2x, https:\/\/i0.wp.com\/noticiasribeiraopreto.com.br\/wp-content\/uploads\/2025\/07\/santa-lydia.jpg?fit=1200%2C800&ssl=1&resize=1050%2C600 3x"},"classes":[]},{"id":62523,"url":"https:\/\/noticiasribeiraopreto.com.br\/index.php\/2025\/01\/16\/hospital-santa-lydia-abre-processo-seletivo-com-salarios-de-ate-r-73-mil\/","url_meta":{"origin":79497,"position":2},"title":"Hospital Santa Lydia abre processo seletivo com sal\u00e1rios de at\u00e9 R$ 7,3 mil","author":"noticiasribeiraopreto.com.br","date":"16 de January de 2025","format":false,"excerpt":"A Funda\u00e7\u00e3o Hospital Santa Lydia de Ribeir\u00e3o Preto publicou edital de processo seletivo para contrata\u00e7\u00e3o de profissionais de n\u00edvel fundamental, m\u00e9dio e superior. De acordo com o edital publicado nesta quinta-feira (16), s\u00e3o nove vagas dispon\u00edveis, al\u00e9m de cadastro reserva. Os sal\u00e1rios variam entre R$ 1,4 e R$ 7,3 mil.\u2026","rel":"","context":"In &quot;Not\u00edcias de Ribeir\u00e3o Preto-SP e Regi\u00e3o&quot;","block_context":{"text":"Not\u00edcias de Ribeir\u00e3o Preto-SP e Regi\u00e3o","link":"https:\/\/noticiasribeiraopreto.com.br\/index.php\/category\/noticias-de-ribeirao-preto-sp-e-regiao-ismael-colosi\/"},"img":{"alt_text":"","src":"https:\/\/i0.wp.com\/noticiasribeiraopreto.com.br\/wp-content\/uploads\/2025\/01\/santa-lydia.jpg?fit=1200%2C800&ssl=1&resize=350%2C200","width":350,"height":200,"srcset":"https:\/\/i0.wp.com\/noticiasribeiraopreto.com.br\/wp-content\/uploads\/2025\/01\/santa-lydia.jpg?fit=1200%2C800&ssl=1&resize=350%2C200 1x, https:\/\/i0.wp.com\/noticiasribeiraopreto.com.br\/wp-content\/uploads\/2025\/01\/santa-lydia.jpg?fit=1200%2C800&ssl=1&resize=525%2C300 1.5x, https:\/\/i0.wp.com\/noticiasribeiraopreto.com.br\/wp-content\/uploads\/2025\/01\/santa-lydia.jpg?fit=1200%2C800&ssl=1&resize=700%2C400 2x, https:\/\/i0.wp.com\/noticiasribeiraopreto.com.br\/wp-content\/uploads\/2025\/01\/santa-lydia.jpg?fit=1200%2C800&ssl=1&resize=1050%2C600 3x"},"classes":[]},{"id":42203,"url":"https:\/\/noticiasribeiraopreto.com.br\/index.php\/2024\/03\/13\/hospital-santa-lydia-de-ribeirao-preto-abre-processo-seletivo-com-seis-vagas\/","url_meta":{"origin":79497,"position":3},"title":"Hospital Santa Lydia de Ribeir\u00e3o Preto abre processo seletivo com seis vagas","author":"noticiasribeiraopreto.com.br","date":"13 de March de 2024","format":false,"excerpt":"A Funda\u00e7\u00e3o Hospital Santa Lydia de Ribeir\u00e3o Preto abriu processo seletivo emergencial com seis vagas de n\u00edvel m\u00e9dio, t\u00e9cnico e superior. Al\u00e9m disso, h\u00e1 oportunidades para o cadastro de reserva. Os sal\u00e1rios variam entre R$ 1.403,95 e R$ 2.313,77. As inscri\u00e7\u00f5es devem ser realizadas pela internet (clique aqui) at\u00e9 as\u2026","rel":"","context":"In &quot;Not\u00edcias de Ribeir\u00e3o Preto-SP e Regi\u00e3o&quot;","block_context":{"text":"Not\u00edcias de Ribeir\u00e3o Preto-SP e Regi\u00e3o","link":"https:\/\/noticiasribeiraopreto.com.br\/index.php\/category\/noticias-de-ribeirao-preto-sp-e-regiao-ismael-colosi\/"},"img":{"alt_text":"","src":"https:\/\/i0.wp.com\/noticiasribeiraopreto.com.br\/wp-content\/uploads\/2024\/03\/santa-lydia.jpg?fit=1200%2C800&ssl=1&resize=350%2C200","width":350,"height":200,"srcset":"https:\/\/i0.wp.com\/noticiasribeiraopreto.com.br\/wp-content\/uploads\/2024\/03\/santa-lydia.jpg?fit=1200%2C800&ssl=1&resize=350%2C200 1x, https:\/\/i0.wp.com\/noticiasribeiraopreto.com.br\/wp-content\/uploads\/2024\/03\/santa-lydia.jpg?fit=1200%2C800&ssl=1&resize=525%2C300 1.5x, https:\/\/i0.wp.com\/noticiasribeiraopreto.com.br\/wp-content\/uploads\/2024\/03\/santa-lydia.jpg?fit=1200%2C800&ssl=1&resize=700%2C400 2x, https:\/\/i0.wp.com\/noticiasribeiraopreto.com.br\/wp-content\/uploads\/2024\/03\/santa-lydia.jpg?fit=1200%2C800&ssl=1&resize=1050%2C600 3x"},"classes":[]},{"id":59883,"url":"https:\/\/noticiasribeiraopreto.com.br\/index.php\/2024\/10\/31\/hospital-santa-lydia-de-ribeirao-abre-processo-seletivo-com-salarios-de-r-4-mil\/","url_meta":{"origin":79497,"position":4},"title":"Hospital Santa Lydia de Ribeir\u00e3o abre processo seletivo com sal\u00e1rios de R$ 4 mil","author":"noticiasribeiraopreto.com.br","date":"31 de October de 2024","format":false,"excerpt":"A\u00a0Funda\u00e7\u00e3o Hospital Santa Lydia de Ribeir\u00e3o Preto\u00a0publicou edital de\u00a0processo seletivo para contrata\u00e7\u00e3o de profissionais de n\u00edvel\u00a0m\u00e9dio\u00a0e\u00a0superior\u00a0nesta quinta-feira (31). Os sal\u00e1rios variam de\u00a0R$ 1.586,93\u00a0a\u00a0R$ 4.552,20. De acordo com o\u00a0edital, as oportunidades s\u00e3o para os seguintes cargos: N\u00edvel M\u00e9dio: Auxiliar de Farm\u00e1cia Auxiliar de Cozinha Cozinheiro Porteiro N\u00edvel Superior Biologista Enfermeiro do\u2026","rel":"","context":"In &quot;Not\u00edcias de Ribeir\u00e3o Preto-SP e Regi\u00e3o&quot;","block_context":{"text":"Not\u00edcias de Ribeir\u00e3o Preto-SP e Regi\u00e3o","link":"https:\/\/noticiasribeiraopreto.com.br\/index.php\/category\/noticias-de-ribeirao-preto-sp-e-regiao-ismael-colosi\/"},"img":{"alt_text":"","src":"https:\/\/i0.wp.com\/noticiasribeiraopreto.com.br\/wp-content\/uploads\/2024\/10\/santa-lydia-1024x683-1_2024-10-31_21-06-50_jpg_2024-10-31_21-06-50.webp.webp?fit=1024%2C683&ssl=1&resize=350%2C200","width":350,"height":200,"srcset":"https:\/\/i0.wp.com\/noticiasribeiraopreto.com.br\/wp-content\/uploads\/2024\/10\/santa-lydia-1024x683-1_2024-10-31_21-06-50_jpg_2024-10-31_21-06-50.webp.webp?fit=1024%2C683&ssl=1&resize=350%2C200 1x, https:\/\/i0.wp.com\/noticiasribeiraopreto.com.br\/wp-content\/uploads\/2024\/10\/santa-lydia-1024x683-1_2024-10-31_21-06-50_jpg_2024-10-31_21-06-50.webp.webp?fit=1024%2C683&ssl=1&resize=525%2C300 1.5x, https:\/\/i0.wp.com\/noticiasribeiraopreto.com.br\/wp-content\/uploads\/2024\/10\/santa-lydia-1024x683-1_2024-10-31_21-06-50_jpg_2024-10-31_21-06-50.webp.webp?fit=1024%2C683&ssl=1&resize=700%2C400 2x"},"classes":[]},{"id":64028,"url":"https:\/\/noticiasribeiraopreto.com.br\/index.php\/2025\/02\/27\/hospital-santa-lydia-abre-processo-seletivo-em-ribeirao-preto-veja-como-participar\/","url_meta":{"origin":79497,"position":5},"title":"Hospital Santa Lydia abre processo seletivo em Ribeir\u00e3o Preto; Veja como participar","author":"noticiasribeiraopreto.com.br","date":"27 de February de 2025","format":false,"excerpt":"A Funda\u00e7\u00e3o Hospital Santa Lydia publicou edital de processo seletivo com tr\u00eas vagas em Ribeir\u00e3o Preto. As oportunidades s\u00e3o de n\u00edvel fundamental e m\u00e9dio e os sal\u00e1rios variam entre R$ 1.479,78 e R$ 2.444,35. As inscri\u00e7\u00f5es devem ser realizadas no per\u00edodo entre 13h do dia 28 de fevereiro e 23h59\u2026","rel":"","context":"In &quot;Not\u00edcias de Ribeir\u00e3o Preto-SP e Regi\u00e3o&quot;","block_context":{"text":"Not\u00edcias de Ribeir\u00e3o Preto-SP e Regi\u00e3o","link":"https:\/\/noticiasribeiraopreto.com.br\/index.php\/category\/noticias-de-ribeirao-preto-sp-e-regiao-ismael-colosi\/"},"img":{"alt_text":"","src":"https:\/\/i0.wp.com\/noticiasribeiraopreto.com.br\/wp-content\/uploads\/2025\/02\/1740691384_santa-lydia.jpg?fit=1200%2C800&ssl=1&resize=350%2C200","width":350,"height":200,"srcset":"https:\/\/i0.wp.com\/noticiasribeiraopreto.com.br\/wp-content\/uploads\/2025\/02\/1740691384_santa-lydia.jpg?fit=1200%2C800&ssl=1&resize=350%2C200 1x, https:\/\/i0.wp.com\/noticiasribeiraopreto.com.br\/wp-content\/uploads\/2025\/02\/1740691384_santa-lydia.jpg?fit=1200%2C800&ssl=1&resize=525%2C300 1.5x, https:\/\/i0.wp.com\/noticiasribeiraopreto.com.br\/wp-content\/uploads\/2025\/02\/1740691384_santa-lydia.jpg?fit=1200%2C800&ssl=1&resize=700%2C400 2x, https:\/\/i0.wp.com\/noticiasribeiraopreto.com.br\/wp-content\/uploads\/2025\/02\/1740691384_santa-lydia.jpg?fit=1200%2C800&ssl=1&resize=1050%2C600 3x"},"classes":[]}],"jetpack_sharing_enabled":true,"jetpack_shortlink":"https:\/\/wp.me\/peQAOb-kGd","_links":{"self":[{"href":"https:\/\/noticiasribeiraopreto.com.br\/index.php\/wp-json\/wp\/v2\/posts\/79497","targetHints":{"allow":["GET"]}}],"collection":[{"href":"https:\/\/noticiasribeiraopreto.com.br\/index.php\/wp-json\/wp\/v2\/posts"}],"about":[{"href":"https:\/\/noticiasribeiraopreto.com.br\/index.php\/wp-json\/wp\/v2\/types\/post"}],"author":[{"embeddable":true,"href":"https:\/\/noticiasribeiraopreto.com.br\/index.php\/wp-json\/wp\/v2\/users\/1"}],"replies":[{"embeddable":true,"href":"https:\/\/noticiasribeiraopreto.com.br\/index.php\/wp-json\/wp\/v2\/comments?post=79497"}],"version-history":[{"count":0,"href":"https:\/\/noticiasribeiraopreto.com.br\/index.php\/wp-json\/wp\/v2\/posts\/79497\/revisions"}],"wp:featuredmedia":[{"embeddable":true,"href":"https:\/\/noticiasribeiraopreto.com.br\/index.php\/wp-json\/wp\/v2\/media\/79498"}],"wp:attachment":[{"href":"https:\/\/noticiasribeiraopreto.com.br\/index.php\/wp-json\/wp\/v2\/media?parent=79497"}],"wp:term":[{"taxonomy":"category","embeddable":true,"href":"https:\/\/noticiasribeiraopreto.com.br\/index.php\/wp-json\/wp\/v2\/categories?post=79497"},{"taxonomy":"post_tag","embeddable":true,"href":"https:\/\/noticiasribeiraopreto.com.br\/index.php\/wp-json\/wp\/v2\/tags?post=79497"}],"curies":[{"name":"wp","href":"https:\/\/api.w.org\/{rel}","templated":true}]}}