{"id":7950,"date":"2023-11-29T06:53:39","date_gmt":"2023-11-29T09:53:39","guid":{"rendered":"https:\/\/noticiasribeiraopreto.com.br\/index.php\/2023\/11\/29\/concurso-publico-do-ifrn-abre-edital-com-51-vagas-imediatas\/"},"modified":"2023-11-29T06:53:39","modified_gmt":"2023-11-29T09:53:39","slug":"concurso-publico-do-ifrn-abre-edital-com-51-vagas-imediatas","status":"publish","type":"post","link":"https:\/\/noticiasribeiraopreto.com.br\/index.php\/2023\/11\/29\/concurso-publico-do-ifrn-abre-edital-com-51-vagas-imediatas\/","title":{"rendered":"Concurso p\u00fablico do IFRN abre edital com 51 vagas imediatas"},"content":{"rendered":"<div class='code-block code-block-1' style='margin: 8px 0 8px auto; text-align: right; display: block; clear: both;'>\n<p><a href=\"https:\/\/wa.link\/vpicfd\"><img data-recalc-dims=\"1\" class=\"wp-image-4922\" style=\"aspect-ratio: 2.0253164556962027; width: 561px; height: auto;\" src=\"https:\/\/i0.wp.com\/ismaelcolosi.com.br\/wp-content\/uploads\/2023\/11\/grupo-de-empregos-whatsapp-e-facebook-ismael-colosi-vagas.jpg?ssl=1\" alt=\"\" \/><\/a><\/p>\n<!-- \/wp:image -->\n<\/div>\n<p> <br \/>\n<\/p>\n<div>\n<div id=\"attachment_2314375\" class=\"wp-caption alignnone\">\n<div class=\"d-flex justify-content-center\" data-attachment-id=\"2314375\">\n<div class=\"position-relative d-inline-block\"><img data-recalc-dims=\"1\" data-portal-copyright=\"IStock\" decoding=\"async\" fetchpriority=\"high\" class=\"size-medium wp-image-2314375\" src=\"https:\/\/i0.wp.com\/catracalivre.com.br\/wp-content\/uploads\/2023\/11\/istock-622042632-450x231.jpg?resize=450%2C231&#038;ssl=1\" alt=\"Concurso P\u00fablico do IFRN\" width=\"450\" height=\"231\" srcset=\"https:\/\/catracalivre.com.br\/wp-content\/uploads\/2023\/11\/istock-622042632-450x231.jpg 450w, https:\/\/catracalivre.com.br\/wp-content\/uploads\/2023\/11\/istock-622042632-910x468.jpg 910w, https:\/\/catracalivre.com.br\/wp-content\/uploads\/2023\/11\/istock-622042632-768x395.jpg 768w, https:\/\/catracalivre.com.br\/wp-content\/uploads\/2023\/11\/istock-622042632.jpg 1427w\" sizes=\"(max-width: 450px) 100vw, 450px\"\/><\/p>\n<p>Cr\u00e9ditos: IStock<\/p>\n<\/div>\n<\/div>\n<p><span class=\"post-imagem__legenda\">Concurso P\u00fablico do IFRN<\/span><\/p>\n<\/div>\n<p>O Instituto Federal de Educa\u00e7\u00e3o, Ci\u00eancia e Tecnologia do Rio Grande do Norte (IFRN) anuncia edital de n\u00ba 7\/2023 para <a href=\"https:\/\/catracalivre.com.br\/cidadania\/concurso-publico-e-denunciado-por-conter-alternativas-racistas\/\">concurso<\/a> p\u00fablico, que oferece 51 vagas imediatas para T\u00e9cnico Administrativo em Educa\u00e7\u00e3o, contemplando profissionais de n\u00edveis m\u00e9dio, t\u00e9cnico e superior.<\/p>\n<p>O <a href=\"https:\/\/catracalivre.com.br\/carreira\/7-concursos-publicos-para-quem-quer-viver-no-nordeste\/\">concurso<\/a> p\u00fablico prev\u00ea remunera\u00e7\u00e3o mensal de at\u00e9 R$ 4.556,92 para jornadas de 40 horas semanais de trabalho. Al\u00e9m disso, os contratados dever\u00e3o receber benef\u00edcios como Aux\u00edlio Alimenta\u00e7\u00e3o, Aux\u00edlio Transporte e Aux\u00edlio Sa\u00fade. Tamb\u00e9m est\u00e1 previsto Incentivo \u00e0 Qualifica\u00e7\u00e3o, com acr\u00e9scimo de at\u00e9 75% dependendo do n\u00edvel de forma\u00e7\u00e3o.<\/p>\n<h2>Conhe\u00e7a as oportunidades:<\/h2>\n<p>Assistente de Aluno: 4 vagas para n\u00edvel m\u00e9dio;<\/p>\n<p>Assistente em Administra\u00e7\u00e3o: 13 vagas para n\u00edvel m\u00e9dio;<\/p>\n<p>T\u00e9cnico em Tecnologia da Informa\u00e7\u00e3o: 8 vagas para n\u00edvel m\u00e9dio profissionalizante ou acrescido de curso t\u00e9cnico;<\/p>\n<p>T\u00e9cnico em Laborat\u00f3rio \u2013 Multim\u00eddia: 3 vagas para n\u00edvel m\u00e9dio profissionalizante ou acrescido de curso t\u00e9cnico;<\/p>\n<p>T\u00e9cnico em Laborat\u00f3rio \u2013 Ci\u00eancia: 1 vaga para n\u00edvel m\u00e9dio profissionalizante ou acrescido de curso t\u00e9cnico;<\/p>\n<p>T\u00e9cnico em Laborat\u00f3rio \u2013 Edifica\u00e7\u00f5es: 1 vaga para n\u00edvel m\u00e9dio profissionalizante ou acrescido de curso t\u00e9cnico;<\/p>\n<p>T\u00e9cnico em Laborat\u00f3rio \u2013 Eletroeletr\u00f4nica: 1 vaga para n\u00edvel m\u00e9dio profissionalizante ou acrescido de curso t\u00e9cnico;<\/p>\n<p>T\u00e9cnico em Laborat\u00f3rio \u2013 Qu\u00edmica: 2 vagas para n\u00edvel m\u00e9dio profissionalizante ou acrescido de curso t\u00e9cnico;<\/p>\n<p>T\u00e9cnico em Laborat\u00f3rio \u2013 Inform\u00e1tica: 4 vagas para n\u00edvel m\u00e9dio profissionalizante ou acrescido de curso t\u00e9cnico;<\/p>\n<p>T\u00e9cnico em Enfermagem: 1 vaga para n\u00edvel m\u00e9dio profissionalizante ou acrescido de curso t\u00e9cnico mais registro no COREN;<\/p>\n<p>Analista de Tecnologia da Informa\u00e7\u00e3o: 1 vaga para n\u00edvel superior em Computa\u00e7\u00e3o;<\/p>\n<p>Engenheiro Civil: 1 vaga para n\u00edvel superior em Engenharia Civil mais registro no CREA;<\/p>\n<p>M\u00e9dico Cl\u00ednico: 4 vagas para n\u00edvel superior em Medicina mais registro no CRM;<\/p>\n<p>Nutricionista: 1 vaga para n\u00edvel superior em Nutri\u00e7\u00e3o mais registro no CRN;<\/p>\n<p>Odont\u00f3logo: 2 vagas para n\u00edvel superior em Odontologia mais registro no CRO;<\/p>\n<p>Pedagogo: 3 vagas para n\u00edvel superior em Pedagogia;<\/p>\n<p>T\u00e9cnico em Assuntos Educacionais: 1 vaga para n\u00edvel superior em Pedagogia ou Licenciaturas.<\/p>\n<p>As inscri\u00e7\u00f5es devem ser realizadas atrav\u00e9s de site oficial at\u00e9 o dia 07 de dezembro de 2023. A taxa de inscri\u00e7\u00e3o tem os valores de: R$ 55 para Assistente de Aluno; R$ 70 para demais cargos de n\u00edvel m\u00e9dio\/t\u00e9cnico; R$ 115,00 para cargos de n\u00edvel superior.<\/p>\n<p>Para d\u00favida e outras informa\u00e7\u00f5es, entre em contato com a banca organizadora pelo e-mail\u00a0concursopcctaeIFRN2023@funcern.br.<\/p>\n<div class=\"partner d-flex rounded shadow-sm p-2 mb-3 align-items-center\" id=\"partner\" data-print=\"ignore\">\n<div class=\"image mr-2\">\n<img data-recalc-dims=\"1\" src=\"https:\/\/i0.wp.com\/robohash.org\/b730afd4cf5c5d237c7f93163ed023b6.png?resize=110%2C110&#038;ssl=1\" width=\"110\" height=\"110\" title=\"Thatyana Costa\" loading=\"lazy\" decoding=\"async\" class=\"rounded-circle\"\/>\n<\/div>\n<\/div>\n<\/div>\n<p><script>\n\t\t! function(f, b, e, v, n, t, s) {\n\t\t\tif (f.fbq) return;\n\t\t\tn = f.fbq = function() {\n\t\t\t\tn.callMethod ?\n\t\t\t\t\tn.callMethod.apply(n, arguments) : n.queue.push(arguments)\n\t\t\t};\n\t\t\tif (!f._fbq) f._fbq = n;\n\t\t\tn.push = n;\n\t\t\tn.loaded = !0;\n\t\t\tn.version = '2.0';\n\t\t\tn.queue = [];\n\t\t\tt = b.createElement(e);\n\t\t\tt.async = !0;\n\t\t\tt.src = v;\n\t\t\ts = b.getElementsByTagName(e)[0];\n\t\t\ts.parentNode.insertBefore(t, s)\n\t\t}(window, document, 'script',\n\t\t\t'https:\/\/connect.facebook.net\/en_US\/fbevents.js');\n\t\tfbq('init', '338315473262380');\n\t\tfbq('track', 'PageView');\n\t<\/script><br \/>\n<br \/><br \/>\n<br \/><a href=\"https:\/\/catracalivre.com.br\/educacao\/concurso-publico-do-ifrn-abre-edital-com-51-vagas-imediatas\/\">Source link <\/a><\/p>\n<!-- CONTENT END 1 -->\n","protected":false},"excerpt":{"rendered":"<p>Cr\u00e9ditos: IStock Concurso P\u00fablico do IFRN O Instituto Federal de Educa\u00e7\u00e3o, Ci\u00eancia e Tecnologia do Rio Grande do Norte (IFRN) anuncia edital de n\u00ba 7\/2023&#8230;<\/p>\n","protected":false},"author":1,"featured_media":7951,"comment_status":"open","ping_status":"open","sticky":false,"template":"","format":"standard","meta":{"advanced_seo_description":"","jetpack_seo_html_title":"","jetpack_seo_noindex":false,"jetpack_post_was_ever_published":false,"_jetpack_newsletter_access":"","_jetpack_dont_email_post_to_subs":false,"_jetpack_newsletter_tier_id":0,"_jetpack_memberships_contains_paywalled_content":false,"_jetpack_memberships_contains_paid_content":false,"footnotes":"","jetpack_publicize_message":"","jetpack_publicize_feature_enabled":true,"jetpack_social_post_already_shared":true,"jetpack_social_options":{"image_generator_settings":{"template":"highway","default_image_id":0,"font":"","enabled":false},"version":2}},"categories":[19],"tags":[],"class_list":["post-7950","post","type-post","status-publish","format-standard","has-post-thumbnail","hentry","category-variedades"],"jetpack_publicize_connections":[],"jetpack_featured_media_url":"https:\/\/i0.wp.com\/noticiasribeiraopreto.com.br\/wp-content\/uploads\/2023\/11\/istock-622042632.jpg?fit=1200%2C638&ssl=1","jetpack-related-posts":[{"id":60787,"url":"https:\/\/noticiasribeiraopreto.com.br\/index.php\/2024\/11\/25\/hc-de-ribeirao-preto-tem-concursos-publicos-abertos-veja-vagas\/","url_meta":{"origin":7950,"position":0},"title":"HC de Ribeir\u00e3o Preto tem concursos p\u00fablicos abertos; veja vagas","author":"noticiasribeiraopreto.com.br","date":"25 de November de 2024","format":false,"excerpt":"O Hospital das Cl\u00ednicas de Ribeir\u00e3o Preto (HC-RP) est\u00e1 com 13 concursos p\u00fablicos em aberto, oferecendo vagas para cargos de n\u00edvel t\u00e9cnico e superior. Os sal\u00e1rios variam de R$ 2,5 mil a R$ 5,7 mil. Al\u00e9m da remunera\u00e7\u00e3o, os aprovados ter\u00e3o direito a um aux\u00edlio alimenta\u00e7\u00e3o de R$ 360 e\u2026","rel":"","context":"In &quot;Not\u00edcias de Ribeir\u00e3o Preto-SP e Regi\u00e3o&quot;","block_context":{"text":"Not\u00edcias de Ribeir\u00e3o Preto-SP e Regi\u00e3o","link":"https:\/\/noticiasribeiraopreto.com.br\/index.php\/category\/noticias-de-ribeirao-preto-sp-e-regiao-ismael-colosi\/"},"img":{"alt_text":"","src":"https:\/\/i0.wp.com\/noticiasribeiraopreto.com.br\/wp-content\/uploads\/2024\/08\/Copia-de-Copia-de-TAMANHO-EXATO-PARA-FOTOS-NO-SISTEMA-NOVO-13_2024-07-14_14-37-47_jpg_2024-07-14_14-37-47.webp.webp?fit=1200%2C675&ssl=1&resize=350%2C200","width":350,"height":200,"srcset":"https:\/\/i0.wp.com\/noticiasribeiraopreto.com.br\/wp-content\/uploads\/2024\/08\/Copia-de-Copia-de-TAMANHO-EXATO-PARA-FOTOS-NO-SISTEMA-NOVO-13_2024-07-14_14-37-47_jpg_2024-07-14_14-37-47.webp.webp?fit=1200%2C675&ssl=1&resize=350%2C200 1x, https:\/\/i0.wp.com\/noticiasribeiraopreto.com.br\/wp-content\/uploads\/2024\/08\/Copia-de-Copia-de-TAMANHO-EXATO-PARA-FOTOS-NO-SISTEMA-NOVO-13_2024-07-14_14-37-47_jpg_2024-07-14_14-37-47.webp.webp?fit=1200%2C675&ssl=1&resize=525%2C300 1.5x, https:\/\/i0.wp.com\/noticiasribeiraopreto.com.br\/wp-content\/uploads\/2024\/08\/Copia-de-Copia-de-TAMANHO-EXATO-PARA-FOTOS-NO-SISTEMA-NOVO-13_2024-07-14_14-37-47_jpg_2024-07-14_14-37-47.webp.webp?fit=1200%2C675&ssl=1&resize=700%2C400 2x, https:\/\/i0.wp.com\/noticiasribeiraopreto.com.br\/wp-content\/uploads\/2024\/08\/Copia-de-Copia-de-TAMANHO-EXATO-PARA-FOTOS-NO-SISTEMA-NOVO-13_2024-07-14_14-37-47_jpg_2024-07-14_14-37-47.webp.webp?fit=1200%2C675&ssl=1&resize=1050%2C600 3x"},"classes":[]},{"id":15701,"url":"https:\/\/noticiasribeiraopreto.com.br\/index.php\/2023\/12\/14\/concurso-publico-da-camara-de-planalto-alegre-sc-lanca-edital-para-efetivos\/","url_meta":{"origin":7950,"position":1},"title":"Concurso p\u00fablico da C\u00e2mara de Planalto Alegre (SC) lan\u00e7a edital para efetivos","author":"noticiasribeiraopreto.com.br","date":"14 de December de 2023","format":false,"excerpt":"Cr\u00e9ditos: IStockConcurso P\u00fablico da C\u00e2mara de Planalto AlegreA C\u00e2mara de Planalto Alegre, no estado de\u00a0Santa Catarina, anuncia edital de n\u00ba 01\/2023 para concurso p\u00fablico, visando suprir as necessidades do quadro de pessoal. O certame oferece uma vaga imediata de ampla concorr\u00eancia para contrata\u00e7\u00e3o de servidor efetivo do \u00f3rg\u00e3o.A \u00fanica vaga\u2026","rel":"","context":"In &quot;Variedades&quot;","block_context":{"text":"Variedades","link":"https:\/\/noticiasribeiraopreto.com.br\/index.php\/category\/variedades\/"},"img":{"alt_text":"","src":"https:\/\/i0.wp.com\/noticiasribeiraopreto.com.br\/wp-content\/uploads\/2023\/12\/istock-970998244.jpg?fit=1200%2C638&ssl=1&resize=350%2C200","width":350,"height":200,"srcset":"https:\/\/i0.wp.com\/noticiasribeiraopreto.com.br\/wp-content\/uploads\/2023\/12\/istock-970998244.jpg?fit=1200%2C638&ssl=1&resize=350%2C200 1x, https:\/\/i0.wp.com\/noticiasribeiraopreto.com.br\/wp-content\/uploads\/2023\/12\/istock-970998244.jpg?fit=1200%2C638&ssl=1&resize=525%2C300 1.5x, https:\/\/i0.wp.com\/noticiasribeiraopreto.com.br\/wp-content\/uploads\/2023\/12\/istock-970998244.jpg?fit=1200%2C638&ssl=1&resize=700%2C400 2x, https:\/\/i0.wp.com\/noticiasribeiraopreto.com.br\/wp-content\/uploads\/2023\/12\/istock-970998244.jpg?fit=1200%2C638&ssl=1&resize=1050%2C600 3x"},"classes":[]},{"id":26816,"url":"https:\/\/noticiasribeiraopreto.com.br\/index.php\/2024\/01\/10\/veja-o-edital-do-concurso-publico-nacional-unificado-sao-66-mil-vagas\/","url_meta":{"origin":7950,"position":2},"title":"Veja o edital do Concurso P\u00fablico Nacional Unificado; S\u00e3o 6,6 mil vagas","author":"noticiasribeiraopreto.com.br","date":"10 de January de 2024","format":false,"excerpt":"O Governo Federal divulgou nesta quarta-feira (10) o edital do Concurso P\u00fablico Nacional Unificado, o Enem dos Concursos \u2013 Veja aqui. As provas ser\u00e3o realizadas no dia 5 de maio em 217 cidades brasileiras, incluindo Ribeir\u00e3o Preto \u2013 veja todas cidades aqui. As inscri\u00e7\u00f5es v\u00e3o come\u00e7ar dia 19 de janeiro\u2026","rel":"","context":"In &quot;Not\u00edcias de Ribeir\u00e3o Preto-SP e Regi\u00e3o&quot;","block_context":{"text":"Not\u00edcias de Ribeir\u00e3o Preto-SP e Regi\u00e3o","link":"https:\/\/noticiasribeiraopreto.com.br\/index.php\/category\/noticias-de-ribeirao-preto-sp-e-regiao-ismael-colosi\/"},"img":{"alt_text":"","src":"https:\/\/i0.wp.com\/noticiasribeiraopreto.com.br\/wp-content\/uploads\/2024\/01\/concurso-publico-nacional-unificado-cesgranrio.jpg?fit=1200%2C798&ssl=1&resize=350%2C200","width":350,"height":200,"srcset":"https:\/\/i0.wp.com\/noticiasribeiraopreto.com.br\/wp-content\/uploads\/2024\/01\/concurso-publico-nacional-unificado-cesgranrio.jpg?fit=1200%2C798&ssl=1&resize=350%2C200 1x, https:\/\/i0.wp.com\/noticiasribeiraopreto.com.br\/wp-content\/uploads\/2024\/01\/concurso-publico-nacional-unificado-cesgranrio.jpg?fit=1200%2C798&ssl=1&resize=525%2C300 1.5x, https:\/\/i0.wp.com\/noticiasribeiraopreto.com.br\/wp-content\/uploads\/2024\/01\/concurso-publico-nacional-unificado-cesgranrio.jpg?fit=1200%2C798&ssl=1&resize=700%2C400 2x, https:\/\/i0.wp.com\/noticiasribeiraopreto.com.br\/wp-content\/uploads\/2024\/01\/concurso-publico-nacional-unificado-cesgranrio.jpg?fit=1200%2C798&ssl=1&resize=1050%2C600 3x"},"classes":[]},{"id":12648,"url":"https:\/\/noticiasribeiraopreto.com.br\/index.php\/2023\/12\/08\/usp-tem-34-vagas-em-concurso-publico-com-salarios-de-r-10-mil\/","url_meta":{"origin":7950,"position":3},"title":"USP tem 34 vagas em concurso p\u00fablico com sal\u00e1rios de R$ 10 mil","author":"noticiasribeiraopreto.com.br","date":"8 de December de 2023","format":false,"excerpt":"A USP (Universidade de S\u00e3o Paulo) publicou 18 editais de concurso p\u00fablico com 34 vagas para diversas especialidades com sal\u00e1rios de R$ 10.231,05. As vagas s\u00e3o para os campi da universidade em S\u00e3o Paulo, Ribeir\u00e3o Preto e Pirassununga. As inscri\u00e7\u00f5es para o concurso p\u00fablico da USP devem ser realizadas no\u2026","rel":"","context":"In &quot;Not\u00edcias de Ribeir\u00e3o Preto-SP e Regi\u00e3o&quot;","block_context":{"text":"Not\u00edcias de Ribeir\u00e3o Preto-SP e Regi\u00e3o","link":"https:\/\/noticiasribeiraopreto.com.br\/index.php\/category\/noticias-de-ribeirao-preto-sp-e-regiao-ismael-colosi\/"},"img":{"alt_text":"","src":"https:\/\/i0.wp.com\/noticiasribeiraopreto.com.br\/wp-content\/uploads\/2023\/12\/1702047750_usp_ribeirao_500x320_26072019111611.jpg?fit=500%2C322&ssl=1&resize=350%2C200","width":350,"height":200},"classes":[]},{"id":76115,"url":"https:\/\/noticiasribeiraopreto.com.br\/index.php\/2025\/08\/22\/hc-de-ribeirao-preto-abre-concurso-publico-com-salarios-de-ate-r-59-mil\/","url_meta":{"origin":7950,"position":4},"title":"HC de Ribeir\u00e3o Preto abre concurso p\u00fablico com sal\u00e1rios de at\u00e9 R$ 5,9 mil","author":"noticiasribeiraopreto.com.br","date":"22 de August de 2025","format":false,"excerpt":"O HC-RP (Hospital das Cl\u00ednicas de Ribeir\u00e3o Preto) publicou nove editais de concurso p\u00fablico nesta sexta-feira (22). Os sal\u00e1rios para os cargos variam entre R$ 2,9 mil e R$ 5,9 mil para jornadas entre 20 e 30 horas semanais. As inscri\u00e7\u00f5es dever\u00e3o ser realizadas somente pela Internet, no site do\u2026","rel":"","context":"In &quot;Not\u00edcias de Ribeir\u00e3o Preto-SP e Regi\u00e3o&quot;","block_context":{"text":"Not\u00edcias de Ribeir\u00e3o Preto-SP e Regi\u00e3o","link":"https:\/\/noticiasribeiraopreto.com.br\/index.php\/category\/noticias-de-ribeirao-preto-sp-e-regiao-ismael-colosi\/"},"img":{"alt_text":"","src":"https:\/\/i0.wp.com\/noticiasribeiraopreto.com.br\/wp-content\/uploads\/2025\/08\/hc-ribeirao-preto_2024-09-19_13-13-53_jpg_2024-09-19_13-13-53.webp.webp?fit=1200%2C863&ssl=1&resize=350%2C200","width":350,"height":200,"srcset":"https:\/\/i0.wp.com\/noticiasribeiraopreto.com.br\/wp-content\/uploads\/2025\/08\/hc-ribeirao-preto_2024-09-19_13-13-53_jpg_2024-09-19_13-13-53.webp.webp?fit=1200%2C863&ssl=1&resize=350%2C200 1x, https:\/\/i0.wp.com\/noticiasribeiraopreto.com.br\/wp-content\/uploads\/2025\/08\/hc-ribeirao-preto_2024-09-19_13-13-53_jpg_2024-09-19_13-13-53.webp.webp?fit=1200%2C863&ssl=1&resize=525%2C300 1.5x, https:\/\/i0.wp.com\/noticiasribeiraopreto.com.br\/wp-content\/uploads\/2025\/08\/hc-ribeirao-preto_2024-09-19_13-13-53_jpg_2024-09-19_13-13-53.webp.webp?fit=1200%2C863&ssl=1&resize=700%2C400 2x, https:\/\/i0.wp.com\/noticiasribeiraopreto.com.br\/wp-content\/uploads\/2025\/08\/hc-ribeirao-preto_2024-09-19_13-13-53_jpg_2024-09-19_13-13-53.webp.webp?fit=1200%2C863&ssl=1&resize=1050%2C600 3x"},"classes":[]},{"id":60783,"url":"https:\/\/noticiasribeiraopreto.com.br\/index.php\/2024\/11\/25\/hc-de-ribeirao-preto-tem-concursos-publicos-em-aberto-veja-vagas\/","url_meta":{"origin":7950,"position":5},"title":"HC de Ribeir\u00e3o Preto tem concursos p\u00fablicos em aberto; veja vagas","author":"noticiasribeiraopreto.com.br","date":"25 de November de 2024","format":false,"excerpt":"O Hospital das Cl\u00ednicas de Ribeir\u00e3o Preto (HC-RP) est\u00e1 com 13 concursos p\u00fablicos em aberto, oferecendo vagas para cargos de n\u00edvel t\u00e9cnico e superior. Os sal\u00e1rios variam de R$ 2,5 mil a R$ 5,7 mil. Al\u00e9m da remunera\u00e7\u00e3o, os aprovados ter\u00e3o direito a um aux\u00edlio alimenta\u00e7\u00e3o de R$ 360 e\u2026","rel":"","context":"In &quot;Not\u00edcias de Ribeir\u00e3o Preto-SP e Regi\u00e3o&quot;","block_context":{"text":"Not\u00edcias de Ribeir\u00e3o Preto-SP e Regi\u00e3o","link":"https:\/\/noticiasribeiraopreto.com.br\/index.php\/category\/noticias-de-ribeirao-preto-sp-e-regiao-ismael-colosi\/"},"img":{"alt_text":"","src":"https:\/\/i0.wp.com\/noticiasribeiraopreto.com.br\/wp-content\/uploads\/2024\/08\/Copia-de-Copia-de-TAMANHO-EXATO-PARA-FOTOS-NO-SISTEMA-NOVO-13_2024-07-14_14-37-47_jpg_2024-07-14_14-37-47.webp.webp?fit=1200%2C675&ssl=1&resize=350%2C200","width":350,"height":200,"srcset":"https:\/\/i0.wp.com\/noticiasribeiraopreto.com.br\/wp-content\/uploads\/2024\/08\/Copia-de-Copia-de-TAMANHO-EXATO-PARA-FOTOS-NO-SISTEMA-NOVO-13_2024-07-14_14-37-47_jpg_2024-07-14_14-37-47.webp.webp?fit=1200%2C675&ssl=1&resize=350%2C200 1x, https:\/\/i0.wp.com\/noticiasribeiraopreto.com.br\/wp-content\/uploads\/2024\/08\/Copia-de-Copia-de-TAMANHO-EXATO-PARA-FOTOS-NO-SISTEMA-NOVO-13_2024-07-14_14-37-47_jpg_2024-07-14_14-37-47.webp.webp?fit=1200%2C675&ssl=1&resize=525%2C300 1.5x, https:\/\/i0.wp.com\/noticiasribeiraopreto.com.br\/wp-content\/uploads\/2024\/08\/Copia-de-Copia-de-TAMANHO-EXATO-PARA-FOTOS-NO-SISTEMA-NOVO-13_2024-07-14_14-37-47_jpg_2024-07-14_14-37-47.webp.webp?fit=1200%2C675&ssl=1&resize=700%2C400 2x, https:\/\/i0.wp.com\/noticiasribeiraopreto.com.br\/wp-content\/uploads\/2024\/08\/Copia-de-Copia-de-TAMANHO-EXATO-PARA-FOTOS-NO-SISTEMA-NOVO-13_2024-07-14_14-37-47_jpg_2024-07-14_14-37-47.webp.webp?fit=1200%2C675&ssl=1&resize=1050%2C600 3x"},"classes":[]}],"jetpack_sharing_enabled":true,"jetpack_shortlink":"https:\/\/wp.me\/peQAOb-24e","_links":{"self":[{"href":"https:\/\/noticiasribeiraopreto.com.br\/index.php\/wp-json\/wp\/v2\/posts\/7950","targetHints":{"allow":["GET"]}}],"collection":[{"href":"https:\/\/noticiasribeiraopreto.com.br\/index.php\/wp-json\/wp\/v2\/posts"}],"about":[{"href":"https:\/\/noticiasribeiraopreto.com.br\/index.php\/wp-json\/wp\/v2\/types\/post"}],"author":[{"embeddable":true,"href":"https:\/\/noticiasribeiraopreto.com.br\/index.php\/wp-json\/wp\/v2\/users\/1"}],"replies":[{"embeddable":true,"href":"https:\/\/noticiasribeiraopreto.com.br\/index.php\/wp-json\/wp\/v2\/comments?post=7950"}],"version-history":[{"count":0,"href":"https:\/\/noticiasribeiraopreto.com.br\/index.php\/wp-json\/wp\/v2\/posts\/7950\/revisions"}],"wp:featuredmedia":[{"embeddable":true,"href":"https:\/\/noticiasribeiraopreto.com.br\/index.php\/wp-json\/wp\/v2\/media\/7951"}],"wp:attachment":[{"href":"https:\/\/noticiasribeiraopreto.com.br\/index.php\/wp-json\/wp\/v2\/media?parent=7950"}],"wp:term":[{"taxonomy":"category","embeddable":true,"href":"https:\/\/noticiasribeiraopreto.com.br\/index.php\/wp-json\/wp\/v2\/categories?post=7950"},{"taxonomy":"post_tag","embeddable":true,"href":"https:\/\/noticiasribeiraopreto.com.br\/index.php\/wp-json\/wp\/v2\/tags?post=7950"}],"curies":[{"name":"wp","href":"https:\/\/api.w.org\/{rel}","templated":true}]}}