{"id":79501,"date":"2025-11-03T09:59:02","date_gmt":"2025-11-03T12:59:02","guid":{"rendered":"https:\/\/noticiasribeiraopreto.com.br\/index.php\/2025\/11\/03\/cantor-e-compositor-lo-borges-morre-aos-73-anos\/"},"modified":"2025-11-03T09:59:02","modified_gmt":"2025-11-03T12:59:02","slug":"cantor-e-compositor-lo-borges-morre-aos-73-anos","status":"publish","type":"post","link":"https:\/\/noticiasribeiraopreto.com.br\/index.php\/2025\/11\/03\/cantor-e-compositor-lo-borges-morre-aos-73-anos\/","title":{"rendered":"Cantor e compositor L\u00f4 Borges morre aos 73 anos"},"content":{"rendered":"<div class='code-block code-block-1' style='margin: 8px 0 8px auto; text-align: right; display: block; clear: both;'>\n<p><a href=\"https:\/\/wa.link\/vpicfd\"><img data-recalc-dims=\"1\" class=\"wp-image-4922\" style=\"aspect-ratio: 2.0253164556962027; width: 561px; height: auto;\" src=\"https:\/\/i0.wp.com\/ismaelcolosi.com.br\/wp-content\/uploads\/2023\/11\/grupo-de-empregos-whatsapp-e-facebook-ismael-colosi-vagas.jpg?ssl=1\" alt=\"\" \/><\/a><\/p>\n<!-- \/wp:image -->\n<\/div>\n<p> <br \/>\n<\/p>\n<p>O cantor e compositor <strong>L\u00f4 Borges<\/strong> morreu nesta segunda-feira (3), aos 73 anos, em <strong>Belo Horizonte<\/strong>. O artista estava internado por conta de um quadro de intoxica\u00e7\u00e3o por medicamentos e chegou a cancelar uma apresenta\u00e7\u00e3o que seria realizada em<strong> Ribeir\u00e3o Preto<\/strong> na \u00faltima sexta-feira (31).<\/p>\n<h2 class=\"wp-block-heading\"><strong>Interna\u00e7\u00e3o<\/strong><\/h2>\n<p>L\u00f4 Borges, um dos fundadores e principais expoentes do Movimento Clube da Esquina, foi internado no \u00faltimo dia 17 de outubro, em um hospital particular de Belo Horizonte, ap\u00f3s passar mal.<\/p>\n<p>Entre os sucessos lan\u00e7ados por L\u00f4 Borges est\u00e3o \u201cUm Girassol da Cor do Seu Cabelo\u201d, \u201cO Trem Azul\u201d, \u201cCravo e Canela\u201d e \u201cCanela\u201d.<\/p>\n<p>O post Cantor e compositor L\u00f4 Borges morre aos 73 anos apareceu primeiro em ACidade ON Ribeir\u00e3o Preto.<\/p>\n<p><br \/>\n<br \/><a href=\"https:\/\/www.acidadeon.com\/ribeiraopreto\/cotidiano\/cantor-e-compositor-lo-borges-morre-aos-73-anos\/\">Source link <\/a><\/p>\n<!-- CONTENT END 1 -->\n","protected":false},"excerpt":{"rendered":"<p>O cantor e compositor L\u00f4 Borges morreu nesta segunda-feira (3), aos 73 anos, em Belo Horizonte. O artista estava internado por conta de um quadro&#8230;<\/p>\n","protected":false},"author":1,"featured_media":79071,"comment_status":"open","ping_status":"open","sticky":false,"template":"","format":"standard","meta":{"advanced_seo_description":"","jetpack_seo_html_title":"","jetpack_seo_noindex":false,"jetpack_post_was_ever_published":false,"_jetpack_newsletter_access":"","_jetpack_dont_email_post_to_subs":false,"_jetpack_newsletter_tier_id":0,"_jetpack_memberships_contains_paywalled_content":false,"_jetpack_memberships_contains_paid_content":false,"footnotes":"","jetpack_publicize_message":"","jetpack_publicize_feature_enabled":true,"jetpack_social_post_already_shared":true,"jetpack_social_options":{"image_generator_settings":{"template":"highway","default_image_id":0,"font":"","enabled":false},"version":2}},"categories":[11],"tags":[],"class_list":["post-79501","post","type-post","status-publish","format-standard","has-post-thumbnail","hentry","category-noticias-de-ribeirao-preto-sp-e-regiao-ismael-colosi"],"jetpack_publicize_connections":[],"jetpack_featured_media_url":"https:\/\/i0.wp.com\/noticiasribeiraopreto.com.br\/wp-content\/uploads\/2025\/10\/WhatsApp-Image-2025-10-23-at-14.07.23_2025-10-23_17-13-31.webp.webp?fit=1200%2C675&ssl=1","jetpack-related-posts":[{"id":79070,"url":"https:\/\/noticiasribeiraopreto.com.br\/index.php\/2025\/10\/23\/lo-borges-e-internado-e-tem-show-cancelado-em-ribeirao-preto\/","url_meta":{"origin":79501,"position":0},"title":"L\u00f4\u00a0Borges\u00a0\u00e9 internado e tem show cancelado em Ribeir\u00e3o Preto","author":"noticiasribeiraopreto.com.br","date":"23 de October de 2025","format":false,"excerpt":"O show de L\u00f4 Borges e Beto Guedes, Esquina & Can\u00e7\u00f5es, que seria realizado no pr\u00f3ximo dia 31 de outubro, em Ribeir\u00e3o Preto, foi cancelado. O motivo \u00e9 a interna\u00e7\u00e3o de L\u00f4 Borges, de 73 anos, com um quadro de intoxica\u00e7\u00e3o por medicamentos. Em comunicado emitido pelo Multiplan Hall, haver\u00e1\u2026","rel":"","context":"In &quot;Not\u00edcias de Ribeir\u00e3o Preto-SP e Regi\u00e3o&quot;","block_context":{"text":"Not\u00edcias de Ribeir\u00e3o Preto-SP e Regi\u00e3o","link":"https:\/\/noticiasribeiraopreto.com.br\/index.php\/category\/noticias-de-ribeirao-preto-sp-e-regiao-ismael-colosi\/"},"img":{"alt_text":"","src":"https:\/\/i0.wp.com\/noticiasribeiraopreto.com.br\/wp-content\/uploads\/2025\/10\/WhatsApp-Image-2025-10-23-at-14.07.23_2025-10-23_17-13-31.webp.webp?fit=1200%2C675&ssl=1&resize=350%2C200","width":350,"height":200,"srcset":"https:\/\/i0.wp.com\/noticiasribeiraopreto.com.br\/wp-content\/uploads\/2025\/10\/WhatsApp-Image-2025-10-23-at-14.07.23_2025-10-23_17-13-31.webp.webp?fit=1200%2C675&ssl=1&resize=350%2C200 1x, https:\/\/i0.wp.com\/noticiasribeiraopreto.com.br\/wp-content\/uploads\/2025\/10\/WhatsApp-Image-2025-10-23-at-14.07.23_2025-10-23_17-13-31.webp.webp?fit=1200%2C675&ssl=1&resize=525%2C300 1.5x, https:\/\/i0.wp.com\/noticiasribeiraopreto.com.br\/wp-content\/uploads\/2025\/10\/WhatsApp-Image-2025-10-23-at-14.07.23_2025-10-23_17-13-31.webp.webp?fit=1200%2C675&ssl=1&resize=700%2C400 2x, https:\/\/i0.wp.com\/noticiasribeiraopreto.com.br\/wp-content\/uploads\/2025\/10\/WhatsApp-Image-2025-10-23-at-14.07.23_2025-10-23_17-13-31.webp.webp?fit=1200%2C675&ssl=1&resize=1050%2C600 3x"},"classes":[]},{"id":80207,"url":"https:\/\/noticiasribeiraopreto.com.br\/index.php\/2025\/11\/17\/cantor-e-compositor-jards-macale-morre-aos-82-anos\/","url_meta":{"origin":79501,"position":1},"title":"Cantor e compositor Jards Macal\u00e9 morre aos 82 anos","author":"noticiasribeiraopreto.com.br","date":"17 de November de 2025","format":false,"excerpt":"O cantor e compositor Jards Macal\u00e9 morreu nesta segunda-feira (17) aos 82 anos. O artista estava internado em um hospital no Rio de Janeiro. A morte de Jards Macal\u00e9 foi anunciada nas redes sociais do artista. \u201cJards Macal\u00e9 nos deixou hoje. Chegou a acordar de uma cirurgia cantando \u201cMeu Nome\u2026","rel":"","context":"In &quot;Not\u00edcias de Ribeir\u00e3o Preto-SP e Regi\u00e3o&quot;","block_context":{"text":"Not\u00edcias de Ribeir\u00e3o Preto-SP e Regi\u00e3o","link":"https:\/\/noticiasribeiraopreto.com.br\/index.php\/category\/noticias-de-ribeirao-preto-sp-e-regiao-ismael-colosi\/"},"img":{"alt_text":"","src":"https:\/\/i0.wp.com\/noticiasribeiraopreto.com.br\/wp-content\/uploads\/2025\/11\/jards-macale_2025-11-17_20-34-31.webp.webp?fit=1079%2C810&ssl=1&resize=350%2C200","width":350,"height":200,"srcset":"https:\/\/i0.wp.com\/noticiasribeiraopreto.com.br\/wp-content\/uploads\/2025\/11\/jards-macale_2025-11-17_20-34-31.webp.webp?fit=1079%2C810&ssl=1&resize=350%2C200 1x, https:\/\/i0.wp.com\/noticiasribeiraopreto.com.br\/wp-content\/uploads\/2025\/11\/jards-macale_2025-11-17_20-34-31.webp.webp?fit=1079%2C810&ssl=1&resize=525%2C300 1.5x, https:\/\/i0.wp.com\/noticiasribeiraopreto.com.br\/wp-content\/uploads\/2025\/11\/jards-macale_2025-11-17_20-34-31.webp.webp?fit=1079%2C810&ssl=1&resize=700%2C400 2x, https:\/\/i0.wp.com\/noticiasribeiraopreto.com.br\/wp-content\/uploads\/2025\/11\/jards-macale_2025-11-17_20-34-31.webp.webp?fit=1079%2C810&ssl=1&resize=1050%2C600 3x"},"classes":[]},{"id":75431,"url":"https:\/\/noticiasribeiraopreto.com.br\/index.php\/2025\/08\/08\/morre-arlindo-cruz-icone-do-samba-aos-66-anos\/","url_meta":{"origin":79501,"position":2},"title":"Morre Arlindo Cruz, \u00edcone do samba, aos 66 anos","author":"noticiasribeiraopreto.com.br","date":"8 de August de 2025","format":false,"excerpt":"8 de agosto de 2025 15:480 Compartilhar0 O cantor, compositor e multi-instrumentista Arlindo Domingos da Cruz Filho, conhecido como Arlindo Cruz, faleceu hoje aos 66 anos no Rio de Janeiro. A confirma\u00e7\u00e3o foi feita por sua esposa, Babi Cruz. Arlindo sofreu um Acidente Vascular Cerebral hemorr\u00e1gico em mar\u00e7o de 2017.\u2026","rel":"","context":"In &quot;Not\u00edcias de Ribeir\u00e3o Preto-SP e Regi\u00e3o&quot;","block_context":{"text":"Not\u00edcias de Ribeir\u00e3o Preto-SP e Regi\u00e3o","link":"https:\/\/noticiasribeiraopreto.com.br\/index.php\/category\/noticias-de-ribeirao-preto-sp-e-regiao-ismael-colosi\/"},"img":{"alt_text":"","src":"https:\/\/i0.wp.com\/noticiasribeiraopreto.com.br\/wp-content\/uploads\/2025\/08\/arlindocruz.jpg?fit=960%2C640&ssl=1&resize=350%2C200","width":350,"height":200,"srcset":"https:\/\/i0.wp.com\/noticiasribeiraopreto.com.br\/wp-content\/uploads\/2025\/08\/arlindocruz.jpg?fit=960%2C640&ssl=1&resize=350%2C200 1x, https:\/\/i0.wp.com\/noticiasribeiraopreto.com.br\/wp-content\/uploads\/2025\/08\/arlindocruz.jpg?fit=960%2C640&ssl=1&resize=525%2C300 1.5x, https:\/\/i0.wp.com\/noticiasribeiraopreto.com.br\/wp-content\/uploads\/2025\/08\/arlindocruz.jpg?fit=960%2C640&ssl=1&resize=700%2C400 2x"},"classes":[]},{"id":59328,"url":"https:\/\/noticiasribeiraopreto.com.br\/index.php\/2024\/10\/21\/sesi-ribeirao-tem-programacao-com-shows-de-rock-jazz-viola-caipira-forro-e-ritmos-africanos\/","url_meta":{"origin":79501,"position":3},"title":"Sesi Ribeir\u00e3o tem programa\u00e7\u00e3o com shows de rock, jazz, viola caipira, forr\u00f3 e ritmos africanos","author":"noticiasribeiraopreto.com.br","date":"21 de October de 2024","format":false,"excerpt":"O Sesi Ribeir\u00e3o Preto oferece uma programa\u00e7\u00e3o cultural com muita diversidade musical, passando pelos g\u00eaneros de jazz, rock, viola caipira, forr\u00f3 e ritmos africanos. Ao todo s\u00e3o cinco atra\u00e7\u00f5es para todas as idades. A entrada \u00e9 gratuita. Confira a programa\u00e7\u00e3o Nesta quinta-feira (24), \u00e0s 19h30, a banda Pitoresco promete um\u2026","rel":"","context":"In &quot;Not\u00edcias de Ribeir\u00e3o Preto-SP e Regi\u00e3o&quot;","block_context":{"text":"Not\u00edcias de Ribeir\u00e3o Preto-SP e Regi\u00e3o","link":"https:\/\/noticiasribeiraopreto.com.br\/index.php\/category\/noticias-de-ribeirao-preto-sp-e-regiao-ismael-colosi\/"},"img":{"alt_text":"","src":"https:\/\/i0.wp.com\/noticiasribeiraopreto.com.br\/wp-content\/uploads\/2024\/10\/ae451ad3-3ad9-49dc-8d23-6ba32dc0e266_2024-10-21_15-52-48_jpg_2024-10-21_15-52-48.webp.webp?fit=1200%2C800&ssl=1&resize=350%2C200","width":350,"height":200,"srcset":"https:\/\/i0.wp.com\/noticiasribeiraopreto.com.br\/wp-content\/uploads\/2024\/10\/ae451ad3-3ad9-49dc-8d23-6ba32dc0e266_2024-10-21_15-52-48_jpg_2024-10-21_15-52-48.webp.webp?fit=1200%2C800&ssl=1&resize=350%2C200 1x, https:\/\/i0.wp.com\/noticiasribeiraopreto.com.br\/wp-content\/uploads\/2024\/10\/ae451ad3-3ad9-49dc-8d23-6ba32dc0e266_2024-10-21_15-52-48_jpg_2024-10-21_15-52-48.webp.webp?fit=1200%2C800&ssl=1&resize=525%2C300 1.5x, https:\/\/i0.wp.com\/noticiasribeiraopreto.com.br\/wp-content\/uploads\/2024\/10\/ae451ad3-3ad9-49dc-8d23-6ba32dc0e266_2024-10-21_15-52-48_jpg_2024-10-21_15-52-48.webp.webp?fit=1200%2C800&ssl=1&resize=700%2C400 2x, https:\/\/i0.wp.com\/noticiasribeiraopreto.com.br\/wp-content\/uploads\/2024\/10\/ae451ad3-3ad9-49dc-8d23-6ba32dc0e266_2024-10-21_15-52-48_jpg_2024-10-21_15-52-48.webp.webp?fit=1200%2C800&ssl=1&resize=1050%2C600 3x"},"classes":[]},{"id":17026,"url":"https:\/\/noticiasribeiraopreto.com.br\/index.php\/2023\/12\/17\/morre-cantor-considerado-grande-nomes-da-musica-brasileira-apos-contrair-bacteria\/","url_meta":{"origin":79501,"position":4},"title":"morre cantor considerado grande nomes da m\u00fasica brasileira ap\u00f3s contrair bact\u00e9ria","author":"noticiasribeiraopreto.com.br","date":"17 de December de 2023","format":false,"excerpt":"Neste fim de semana, o p\u00fablico recebeu com pesar a not\u00edcia da morte de um dos grandes nomes da m\u00fasica brasileira. Trata-se do cantor e compositor Carlos Lyra, que ficou conhecido em todo o pa\u00eds por suas can\u00e7\u00f5es de sucesso.Carlos era considerado um dos fundadores da Bossa Nova e fez\u2026","rel":"","context":"In &quot;Blog&quot;","block_context":{"text":"Blog","link":"https:\/\/noticiasribeiraopreto.com.br\/index.php\/category\/blog\/"},"img":{"alt_text":"","src":"https:\/\/i0.wp.com\/noticiasribeiraopreto.com.br\/wp-content\/uploads\/2023\/12\/postimg-657efade0d70e7399.jpg?fit=1200%2C628&ssl=1&resize=350%2C200","width":350,"height":200,"srcset":"https:\/\/i0.wp.com\/noticiasribeiraopreto.com.br\/wp-content\/uploads\/2023\/12\/postimg-657efade0d70e7399.jpg?fit=1200%2C628&ssl=1&resize=350%2C200 1x, https:\/\/i0.wp.com\/noticiasribeiraopreto.com.br\/wp-content\/uploads\/2023\/12\/postimg-657efade0d70e7399.jpg?fit=1200%2C628&ssl=1&resize=525%2C300 1.5x, https:\/\/i0.wp.com\/noticiasribeiraopreto.com.br\/wp-content\/uploads\/2023\/12\/postimg-657efade0d70e7399.jpg?fit=1200%2C628&ssl=1&resize=700%2C400 2x, https:\/\/i0.wp.com\/noticiasribeiraopreto.com.br\/wp-content\/uploads\/2023\/12\/postimg-657efade0d70e7399.jpg?fit=1200%2C628&ssl=1&resize=1050%2C600 3x"},"classes":[]},{"id":59996,"url":"https:\/\/noticiasribeiraopreto.com.br\/index.php\/2024\/11\/04\/cantor-agnaldo-rayol-morre-aos-86-anos-em-sao-paulo\/","url_meta":{"origin":79501,"position":5},"title":"Cantor Agnaldo Rayol morre aos 86 anos em S\u00e3o Paulo","author":"noticiasribeiraopreto.com.br","date":"4 de November de 2024","format":false,"excerpt":"O cantor Agnaldo Rayol morreu nesta segunda-feira (4), de 86 anos, em S\u00e3o Paulo. A fam\u00edlia informou que a morte do artista foi em decorr\u00eancia de uma queda em seu apartamento, durante a madrugada. Agnaldo Rayol estava internado no Hospital HSANP, na zona Norte da capital paulista. Veja a nota\u2026","rel":"","context":"In &quot;Not\u00edcias de Ribeir\u00e3o Preto-SP e Regi\u00e3o&quot;","block_context":{"text":"Not\u00edcias de Ribeir\u00e3o Preto-SP e Regi\u00e3o","link":"https:\/\/noticiasribeiraopreto.com.br\/index.php\/category\/noticias-de-ribeirao-preto-sp-e-regiao-ismael-colosi\/"},"img":{"alt_text":"","src":"https:\/\/i0.wp.com\/noticiasribeiraopreto.com.br\/wp-content\/uploads\/2024\/11\/AGNALDO-RAYOL_2024-11-04_13-13-02_jpg_2024-11-04_13-13-02.webp.webp?fit=1200%2C858&ssl=1&resize=350%2C200","width":350,"height":200,"srcset":"https:\/\/i0.wp.com\/noticiasribeiraopreto.com.br\/wp-content\/uploads\/2024\/11\/AGNALDO-RAYOL_2024-11-04_13-13-02_jpg_2024-11-04_13-13-02.webp.webp?fit=1200%2C858&ssl=1&resize=350%2C200 1x, https:\/\/i0.wp.com\/noticiasribeiraopreto.com.br\/wp-content\/uploads\/2024\/11\/AGNALDO-RAYOL_2024-11-04_13-13-02_jpg_2024-11-04_13-13-02.webp.webp?fit=1200%2C858&ssl=1&resize=525%2C300 1.5x, https:\/\/i0.wp.com\/noticiasribeiraopreto.com.br\/wp-content\/uploads\/2024\/11\/AGNALDO-RAYOL_2024-11-04_13-13-02_jpg_2024-11-04_13-13-02.webp.webp?fit=1200%2C858&ssl=1&resize=700%2C400 2x, https:\/\/i0.wp.com\/noticiasribeiraopreto.com.br\/wp-content\/uploads\/2024\/11\/AGNALDO-RAYOL_2024-11-04_13-13-02_jpg_2024-11-04_13-13-02.webp.webp?fit=1200%2C858&ssl=1&resize=1050%2C600 3x"},"classes":[]}],"jetpack_sharing_enabled":true,"jetpack_shortlink":"https:\/\/wp.me\/peQAOb-kGh","_links":{"self":[{"href":"https:\/\/noticiasribeiraopreto.com.br\/index.php\/wp-json\/wp\/v2\/posts\/79501","targetHints":{"allow":["GET"]}}],"collection":[{"href":"https:\/\/noticiasribeiraopreto.com.br\/index.php\/wp-json\/wp\/v2\/posts"}],"about":[{"href":"https:\/\/noticiasribeiraopreto.com.br\/index.php\/wp-json\/wp\/v2\/types\/post"}],"author":[{"embeddable":true,"href":"https:\/\/noticiasribeiraopreto.com.br\/index.php\/wp-json\/wp\/v2\/users\/1"}],"replies":[{"embeddable":true,"href":"https:\/\/noticiasribeiraopreto.com.br\/index.php\/wp-json\/wp\/v2\/comments?post=79501"}],"version-history":[{"count":0,"href":"https:\/\/noticiasribeiraopreto.com.br\/index.php\/wp-json\/wp\/v2\/posts\/79501\/revisions"}],"wp:featuredmedia":[{"embeddable":true,"href":"https:\/\/noticiasribeiraopreto.com.br\/index.php\/wp-json\/wp\/v2\/media\/79071"}],"wp:attachment":[{"href":"https:\/\/noticiasribeiraopreto.com.br\/index.php\/wp-json\/wp\/v2\/media?parent=79501"}],"wp:term":[{"taxonomy":"category","embeddable":true,"href":"https:\/\/noticiasribeiraopreto.com.br\/index.php\/wp-json\/wp\/v2\/categories?post=79501"},{"taxonomy":"post_tag","embeddable":true,"href":"https:\/\/noticiasribeiraopreto.com.br\/index.php\/wp-json\/wp\/v2\/tags?post=79501"}],"curies":[{"name":"wp","href":"https:\/\/api.w.org\/{rel}","templated":true}]}}