{"id":79502,"date":"2025-11-03T10:06:58","date_gmt":"2025-11-03T13:06:58","guid":{"rendered":"https:\/\/noticiasribeiraopreto.com.br\/index.php\/2025\/11\/03\/cristina-mode-e-gustavo-molinari-se-apresentam-no-theatro-pedro-ii-veja-quando\/"},"modified":"2025-11-03T10:06:58","modified_gmt":"2025-11-03T13:06:58","slug":"cristina-mode-e-gustavo-molinari-se-apresentam-no-theatro-pedro-ii-veja-quando","status":"publish","type":"post","link":"https:\/\/noticiasribeiraopreto.com.br\/index.php\/2025\/11\/03\/cristina-mode-e-gustavo-molinari-se-apresentam-no-theatro-pedro-ii-veja-quando\/","title":{"rendered":"Cristina Mod\u00e9 e Gustavo Molinari se apresentam no Theatro Pedro II; veja quando"},"content":{"rendered":"<div class='code-block code-block-1' style='margin: 8px 0 8px auto; text-align: right; display: block; clear: both;'>\n<p><a href=\"https:\/\/wa.link\/vpicfd\"><img data-recalc-dims=\"1\" class=\"wp-image-4922\" style=\"aspect-ratio: 2.0253164556962027; width: 561px; height: auto;\" src=\"https:\/\/i0.wp.com\/ismaelcolosi.com.br\/wp-content\/uploads\/2023\/11\/grupo-de-empregos-whatsapp-e-facebook-ismael-colosi-vagas.jpg?ssl=1\" alt=\"\" \/><\/a><\/p>\n<!-- \/wp:image -->\n<\/div>\n<p> <br \/>\n<\/p>\n<div>\n<p>A mezzo-soprano <strong>Cristina Mod\u00e9<\/strong> e o pianista <strong>Gustavo Molinari <\/strong>se apresentam no <strong>Theatro Pedro II<\/strong>, em <strong>Ribeir\u00e3o Preto<\/strong>, na <strong>ter\u00e7a-feira (11)<\/strong>, \u00e0s <strong>20h<\/strong>, em um concerto que celebra a expressividade e a delicadeza da m\u00fasica de c\u00e2mara.<\/p>\n<p>O recital traz um repert\u00f3rio cuidadosamente selecionado, com obras que percorrem o lirismo da can\u00e7\u00e3o de arte e a dramaticidade da \u00f3pera. O programa evidencia a versatilidade vocal de <strong>Cristina Mod\u00e9 <\/strong>e a sensibilidade de <strong>Gustavo Molinari<\/strong> ao piano.<\/p>\n<p>Entre as obras do programa est\u00e3o \u201cModinha e Melodia Sentimental\u201d, de <strong>Villa-Lobos<\/strong>; \u201cLua Branca\u201d, de <strong>Chiquinha Gonzaga<\/strong>; \u201c\u00cdndia\u201d, de <strong>Jos\u00e9 A. Flores<\/strong>; \u201cDoce Mist\u00e9rio da Vida\u201d, de <strong>Victor Herbert<\/strong>; e \u201c<strong>Trovas<\/strong>\u201c, de Alberto Nepomuceno. Tamb\u00e9m integram o repert\u00f3rio \u00e1rias como \u201cVoi che sapete\u201d, de<strong> Mozart<\/strong>; \u201cStride la Vampa\u201d, de <strong>Verdi<\/strong>; \u201cHabanera\u201d, da <strong>\u00f3pera Carmen<\/strong>, de <strong>Bizet<\/strong>; al\u00e9m de \u201cSmile\u201d, de <strong>Charles Chaplin<\/strong>, entre outras.<\/p>\n<h2 class=\"wp-block-heading\"><strong>Ingressos<\/strong><\/h2>\n<p>Os ingressos est\u00e3o dispon\u00edveis na bilheteria do <strong>Theatro Pedro II <\/strong>e pela plataforma MegaBilheteria <strong><a href=\"https:\/\/megabilheteria.com\/evento?id=20251017141012\" target=\"_blank\" rel=\"noopener\">(clique aqui)<\/a><\/strong>. Os valores variam entre <strong>R$ 15<\/strong> (meia-entrada) a <strong>R$ 30<\/strong>, com acr\u00e9scimo de taxas de servi\u00e7o para compras on-line.<\/p>\n<h2 class=\"wp-block-heading\"><strong>Servi\u00e7o<\/strong><\/h2>\n<p><strong><em>Concerto com Cristina Mod\u00e9 (mezzo-soprano) e Gustavo Molinari (piano)<\/em><\/strong><\/p>\n<p><strong>Quando: <\/strong>11 de novembro, ter\u00e7a-feira <br \/><strong>Hor\u00e1rio:<\/strong> 20h <br \/><strong>Local: <\/strong>Theatro Pedro II | rua \u00c1lvares Cabral, 370 \u2013 Centro <br \/><strong>Ingressos:<\/strong> A partir de R$ 15<\/p>\n<p>SAIBA MAIS<br \/>Teatro Municipal de Ribeir\u00e3o Preto recebe espet\u00e1culo \u2018A Verdadeira Hist\u00f3ria do Papai Noel\u2019<\/p>\n<h2 class=\"wp-block-heading\"><strong>FIQUE ON<\/strong><\/h2>\n<p>Fique ligado em tudo que acontece em Ribeir\u00e3o Preto e regi\u00e3o. Siga os perfis do\u00a0<strong>acidade on<\/strong>\u00a0no<a href=\"https:\/\/www.instagram.com\/acidadeonribeirao\" target=\"_blank\" rel=\"noreferrer noopener\">\u00a0Instagram\u00a0<\/a>e no\u00a0<a href=\"https:\/\/www.facebook.com\/acidadeonribeirao\/\" target=\"_blank\" rel=\"noreferrer noopener\">Facebook<\/a>.<\/p>\n<p>Receba not\u00edcias do<strong>\u00a0acidade on<\/strong>\u00a0no WhatsApp. Para entrar no grupo,\u00a0basta\u00a0<a href=\"https:\/\/chat.whatsapp.com\/I4nieTEMKlf50pJ28aMemC?mode=ac_t\" target=\"_blank\" rel=\"noreferrer noopener\">clicar aqui<\/a>. Ou, acesse o nosso\u00a0Canal\u00a0<a href=\"https:\/\/whatsapp.com\/channel\/0029Vb6IQl1JENyAeS57fk2p\" target=\"_blank\" rel=\"noreferrer noopener\">clicando aqui<\/a>.<\/p>\n<p>Fa\u00e7a uma den\u00fancia ou sugira uma reportagem sobre Ribeir\u00e3o Preto e regi\u00e3o pelo WhatsApp: 16 99117 7802.<\/p>\n<p>VEJA TAMB\u00c9M<br \/>Quando estreia a nova temporada de \u2018American Horror Story\u2019?<\/p>\n<p><!-- AI CONTENT END 1 -->\n<\/div>\n<p><script async src=\"\/\/www.instagram.com\/embed.js\"><\/script><br \/>\n<br \/><br \/>\n<br \/><a href=\"https:\/\/www.acidadeon.com\/ribeiraopreto\/lazer-e-cultura\/cristina-mode-e-gustavo-molinari-se-apresentam-no-theatro-pedro-ii-veja-quando\/\">Source link <\/a><\/p>\n<!-- CONTENT END 1 -->\n","protected":false},"excerpt":{"rendered":"<p>A mezzo-soprano Cristina Mod\u00e9 e o pianista Gustavo Molinari se apresentam no Theatro Pedro II, em Ribeir\u00e3o Preto, na ter\u00e7a-feira (11), \u00e0s 20h, em um&#8230;<\/p>\n","protected":false},"author":1,"featured_media":79503,"comment_status":"open","ping_status":"open","sticky":false,"template":"","format":"standard","meta":{"advanced_seo_description":"","jetpack_seo_html_title":"","jetpack_seo_noindex":false,"jetpack_post_was_ever_published":false,"_jetpack_newsletter_access":"","_jetpack_dont_email_post_to_subs":false,"_jetpack_newsletter_tier_id":0,"_jetpack_memberships_contains_paywalled_content":false,"_jetpack_memberships_contains_paid_content":false,"footnotes":"","jetpack_publicize_message":"","jetpack_publicize_feature_enabled":true,"jetpack_social_post_already_shared":true,"jetpack_social_options":{"image_generator_settings":{"template":"highway","default_image_id":0,"font":"","enabled":false},"version":2}},"categories":[11],"tags":[],"class_list":["post-79502","post","type-post","status-publish","format-standard","has-post-thumbnail","hentry","category-noticias-de-ribeirao-preto-sp-e-regiao-ismael-colosi"],"jetpack_publicize_connections":[],"jetpack_featured_media_url":"https:\/\/i0.wp.com\/noticiasribeiraopreto.com.br\/wp-content\/uploads\/2025\/11\/palace_2025-11-03_12-04-58.webp.webp?fit=1200%2C675&ssl=1","jetpack-related-posts":[{"id":79518,"url":"https:\/\/noticiasribeiraopreto.com.br\/index.php\/2025\/11\/03\/video-mostra-resgate-de-cachorro-apos-desabamento-em-ribeirao-preto-assista\/","url_meta":{"origin":79502,"position":0},"title":"V\u00eddeo mostra resgate de cachorro ap\u00f3s desabamento em Ribeir\u00e3o Preto; Assista","author":"noticiasribeiraopreto.com.br","date":"3 de November de 2025","format":false,"excerpt":"Um cachorro foi resgatado pelos bombeiros ap\u00f3s o desabamento de parte do telhado e do muro de uma oficina na manh\u00e3 do \u00faltimo domingo (2), em Ribeir\u00e3o Preto. O animal, chamado Pa\u00e7oca, ficou ferido e foi levado para uma cl\u00ednica veterin\u00e1ria, onde est\u00e1 em recupera\u00e7\u00e3o. Ver essa foto no Instagram\u2026","rel":"","context":"In &quot;Not\u00edcias de Ribeir\u00e3o Preto-SP e Regi\u00e3o&quot;","block_context":{"text":"Not\u00edcias de Ribeir\u00e3o Preto-SP e Regi\u00e3o","link":"https:\/\/noticiasribeiraopreto.com.br\/index.php\/category\/noticias-de-ribeirao-preto-sp-e-regiao-ismael-colosi\/"},"img":{"alt_text":"","src":"https:\/\/i0.wp.com\/noticiasribeiraopreto.com.br\/wp-content\/uploads\/2025\/11\/Copia-de-Copia-de-Copia-de-TAMANHO-EXATO-PARA-FOTOS-NO-SISTEMA-NOVO-81_2025-11-03_13-12-27.webp.webp?fit=1200%2C675&ssl=1&resize=350%2C200","width":350,"height":200,"srcset":"https:\/\/i0.wp.com\/noticiasribeiraopreto.com.br\/wp-content\/uploads\/2025\/11\/Copia-de-Copia-de-Copia-de-TAMANHO-EXATO-PARA-FOTOS-NO-SISTEMA-NOVO-81_2025-11-03_13-12-27.webp.webp?fit=1200%2C675&ssl=1&resize=350%2C200 1x, https:\/\/i0.wp.com\/noticiasribeiraopreto.com.br\/wp-content\/uploads\/2025\/11\/Copia-de-Copia-de-Copia-de-TAMANHO-EXATO-PARA-FOTOS-NO-SISTEMA-NOVO-81_2025-11-03_13-12-27.webp.webp?fit=1200%2C675&ssl=1&resize=525%2C300 1.5x, https:\/\/i0.wp.com\/noticiasribeiraopreto.com.br\/wp-content\/uploads\/2025\/11\/Copia-de-Copia-de-Copia-de-TAMANHO-EXATO-PARA-FOTOS-NO-SISTEMA-NOVO-81_2025-11-03_13-12-27.webp.webp?fit=1200%2C675&ssl=1&resize=700%2C400 2x, https:\/\/i0.wp.com\/noticiasribeiraopreto.com.br\/wp-content\/uploads\/2025\/11\/Copia-de-Copia-de-Copia-de-TAMANHO-EXATO-PARA-FOTOS-NO-SISTEMA-NOVO-81_2025-11-03_13-12-27.webp.webp?fit=1200%2C675&ssl=1&resize=1050%2C600 3x"},"classes":[]},{"id":79514,"url":"https:\/\/noticiasribeiraopreto.com.br\/index.php\/2025\/11\/03\/parada-preta-chega-a-4a-edicao-em-ribeirao-com-acoes-culturais-e-celebracao-da-diversidade\/","url_meta":{"origin":79502,"position":1},"title":"Parada Preta chega \u00e0 4\u00aa edi\u00e7\u00e3o em Ribeir\u00e3o com a\u00e7\u00f5es culturais e celebra\u00e7\u00e3o da diversidade","author":"noticiasribeiraopreto.com.br","date":"3 de November de 2025","format":false,"excerpt":"A quarta edi\u00e7\u00e3o da Parada Preta de Ribeir\u00e3o Preto ser\u00e1 lan\u00e7ada nesta ter\u00e7a-feira (4), \u00e0s 19h, no Shopping Santa \u00darsula, no Centro da cidade. O evento acontece no dia 9 de novembro, a partir das 13 horas, na Pra\u00e7a Chico Mendes, no Parque Ribeir\u00e3o. A iniciativa, voltada \u00e0 valoriza\u00e7\u00e3o das\u2026","rel":"","context":"In &quot;Not\u00edcias de Ribeir\u00e3o Preto-SP e Regi\u00e3o&quot;","block_context":{"text":"Not\u00edcias de Ribeir\u00e3o Preto-SP e Regi\u00e3o","link":"https:\/\/noticiasribeiraopreto.com.br\/index.php\/category\/noticias-de-ribeirao-preto-sp-e-regiao-ismael-colosi\/"},"img":{"alt_text":"","src":"https:\/\/i0.wp.com\/noticiasribeiraopreto.com.br\/wp-content\/uploads\/2025\/11\/palace-4_2025-11-03_15-05-50.webp.webp?fit=1200%2C675&ssl=1&resize=350%2C200","width":350,"height":200,"srcset":"https:\/\/i0.wp.com\/noticiasribeiraopreto.com.br\/wp-content\/uploads\/2025\/11\/palace-4_2025-11-03_15-05-50.webp.webp?fit=1200%2C675&ssl=1&resize=350%2C200 1x, https:\/\/i0.wp.com\/noticiasribeiraopreto.com.br\/wp-content\/uploads\/2025\/11\/palace-4_2025-11-03_15-05-50.webp.webp?fit=1200%2C675&ssl=1&resize=525%2C300 1.5x, https:\/\/i0.wp.com\/noticiasribeiraopreto.com.br\/wp-content\/uploads\/2025\/11\/palace-4_2025-11-03_15-05-50.webp.webp?fit=1200%2C675&ssl=1&resize=700%2C400 2x, https:\/\/i0.wp.com\/noticiasribeiraopreto.com.br\/wp-content\/uploads\/2025\/11\/palace-4_2025-11-03_15-05-50.webp.webp?fit=1200%2C675&ssl=1&resize=1050%2C600 3x"},"classes":[]},{"id":83618,"url":"https:\/\/noticiasribeiraopreto.com.br\/index.php\/2026\/03\/22\/usp-filarmonica-abre-temporada-2026-no-theatro-pedro-ii-com-concerto-gratuito\/","url_meta":{"origin":79502,"position":2},"title":"USP Filarm\u00f4nica abre temporada 2026 no Theatro Pedro II com concerto gratuito","author":"noticiasribeiraopreto.com.br","date":"22 de March de 2026","format":false,"excerpt":"A USP Filarm\u00f4nica abre sua temporada 2026 em Ribeir\u00e3o Preto com concerto gratuito no Theatro Pedro II, no dia 24 de mar\u00e7o, \u00e0s 20h, pela s\u00e9rie Concertos USP, sob a reg\u00eancia do maestro Rubens Russomanno Ricciardi. Os solistas convidados do concerto de abertura s\u00e3o a soprano Camila Provenzalle, revela\u00e7\u00e3o internacional\u2026","rel":"","context":"In &quot;Not\u00edcias de Ribeir\u00e3o Preto-SP e Regi\u00e3o&quot;","block_context":{"text":"Not\u00edcias de Ribeir\u00e3o Preto-SP e Regi\u00e3o","link":"https:\/\/noticiasribeiraopreto.com.br\/index.php\/category\/noticias-de-ribeirao-preto-sp-e-regiao-ismael-colosi\/"},"img":{"alt_text":"","src":"https:\/\/i0.wp.com\/noticiasribeiraopreto.com.br\/wp-content\/uploads\/2026\/03\/1-usp-Fotos-Andre-Estevao-3-scaled.jpg?fit=1170%2C780&ssl=1&resize=350%2C200","width":350,"height":200,"srcset":"https:\/\/i0.wp.com\/noticiasribeiraopreto.com.br\/wp-content\/uploads\/2026\/03\/1-usp-Fotos-Andre-Estevao-3-scaled.jpg?fit=1170%2C780&ssl=1&resize=350%2C200 1x, https:\/\/i0.wp.com\/noticiasribeiraopreto.com.br\/wp-content\/uploads\/2026\/03\/1-usp-Fotos-Andre-Estevao-3-scaled.jpg?fit=1170%2C780&ssl=1&resize=525%2C300 1.5x, https:\/\/i0.wp.com\/noticiasribeiraopreto.com.br\/wp-content\/uploads\/2026\/03\/1-usp-Fotos-Andre-Estevao-3-scaled.jpg?fit=1170%2C780&ssl=1&resize=700%2C400 2x, https:\/\/i0.wp.com\/noticiasribeiraopreto.com.br\/wp-content\/uploads\/2026\/03\/1-usp-Fotos-Andre-Estevao-3-scaled.jpg?fit=1170%2C780&ssl=1&resize=1050%2C600 3x"},"classes":[]},{"id":55352,"url":"https:\/\/noticiasribeiraopreto.com.br\/index.php\/2024\/08\/01\/veja-a-programacao-do-primeiro-dia-da-feira-do-livro-de-ribeirao-preto\/","url_meta":{"origin":79502,"position":3},"title":"Veja a programa\u00e7\u00e3o do primeiro dia da Feira do Livro de Ribeir\u00e3o Preto","author":"noticiasribeiraopreto.com.br","date":"1 de August de 2024","format":false,"excerpt":"A 23\u00aa edi\u00e7\u00e3o da Feira Internacional do Livro de Ribeir\u00e3o Preto inicia nesta quinta-feira (1\u00ba de agosto) e segue at\u00e9 o dia 11 de agosto, com uma programa\u00e7\u00e3o com mais de 400 atividades gratuitas que acontecem principalmente na Pra\u00e7a XV, Esplanada do Theatro Pedro II e o no Theatro Pedro\u2026","rel":"","context":"In &quot;Not\u00edcias de Ribeir\u00e3o Preto-SP e Regi\u00e3o&quot;","block_context":{"text":"Not\u00edcias de Ribeir\u00e3o Preto-SP e Regi\u00e3o","link":"https:\/\/noticiasribeiraopreto.com.br\/index.php\/category\/noticias-de-ribeirao-preto-sp-e-regiao-ismael-colosi\/"},"img":{"alt_text":"","src":"https:\/\/i0.wp.com\/noticiasribeiraopreto.com.br\/wp-content\/uploads\/2024\/08\/Copia-de-Copia-de-TAMANHO-EXATO-PARA-FOTOS-NO-SISTEMA-NOVO-20_2024-07-31_11-31-49_jpg_2024-07-31_11-31-49.webp.webp?fit=1200%2C675&ssl=1&resize=350%2C200","width":350,"height":200,"srcset":"https:\/\/i0.wp.com\/noticiasribeiraopreto.com.br\/wp-content\/uploads\/2024\/08\/Copia-de-Copia-de-TAMANHO-EXATO-PARA-FOTOS-NO-SISTEMA-NOVO-20_2024-07-31_11-31-49_jpg_2024-07-31_11-31-49.webp.webp?fit=1200%2C675&ssl=1&resize=350%2C200 1x, https:\/\/i0.wp.com\/noticiasribeiraopreto.com.br\/wp-content\/uploads\/2024\/08\/Copia-de-Copia-de-TAMANHO-EXATO-PARA-FOTOS-NO-SISTEMA-NOVO-20_2024-07-31_11-31-49_jpg_2024-07-31_11-31-49.webp.webp?fit=1200%2C675&ssl=1&resize=525%2C300 1.5x, https:\/\/i0.wp.com\/noticiasribeiraopreto.com.br\/wp-content\/uploads\/2024\/08\/Copia-de-Copia-de-TAMANHO-EXATO-PARA-FOTOS-NO-SISTEMA-NOVO-20_2024-07-31_11-31-49_jpg_2024-07-31_11-31-49.webp.webp?fit=1200%2C675&ssl=1&resize=700%2C400 2x, https:\/\/i0.wp.com\/noticiasribeiraopreto.com.br\/wp-content\/uploads\/2024\/08\/Copia-de-Copia-de-TAMANHO-EXATO-PARA-FOTOS-NO-SISTEMA-NOVO-20_2024-07-31_11-31-49_jpg_2024-07-31_11-31-49.webp.webp?fit=1200%2C675&ssl=1&resize=1050%2C600 3x"},"classes":[]},{"id":61602,"url":"https:\/\/noticiasribeiraopreto.com.br\/index.php\/2024\/12\/17\/concerto-de-natal-da-orquestra-de-ribeirao-acontece-neste-final-de-semana\/","url_meta":{"origin":79502,"position":4},"title":"Concerto de Natal da Orquestra de Ribeir\u00e3o acontece neste final de semana","author":"noticiasribeiraopreto.com.br","date":"17 de December de 2024","format":false,"excerpt":"Ainda est\u00e3o dispon\u00edveis os ingressos para o espet\u00e1culo de Natal \u201cQuebrando Nozes e Castanhas\u201d da Orquestra Sinf\u00f4nica de Ribeir\u00e3o Preto. A apresenta\u00e7\u00e3o acontece no Theatro Pedro II no s\u00e1bado (21), \u00e0s 20h, e no domingo (22), \u00e0s 17h. O evento \u00e9 considerado um dos maiores da regi\u00e3o e re\u00fane cerca\u2026","rel":"","context":"In &quot;Not\u00edcias de Ribeir\u00e3o Preto-SP e Regi\u00e3o&quot;","block_context":{"text":"Not\u00edcias de Ribeir\u00e3o Preto-SP e Regi\u00e3o","link":"https:\/\/noticiasribeiraopreto.com.br\/index.php\/category\/noticias-de-ribeirao-preto-sp-e-regiao-ismael-colosi\/"},"img":{"alt_text":"","src":"https:\/\/i0.wp.com\/noticiasribeiraopreto.com.br\/wp-content\/uploads\/2024\/12\/Copia-de-Copia-de-TAMANHO-EXATO-PARA-FOTOS-NO-SISTEMA-NOVO-69.jpg?fit=1200%2C675&ssl=1&resize=350%2C200","width":350,"height":200,"srcset":"https:\/\/i0.wp.com\/noticiasribeiraopreto.com.br\/wp-content\/uploads\/2024\/12\/Copia-de-Copia-de-TAMANHO-EXATO-PARA-FOTOS-NO-SISTEMA-NOVO-69.jpg?fit=1200%2C675&ssl=1&resize=350%2C200 1x, https:\/\/i0.wp.com\/noticiasribeiraopreto.com.br\/wp-content\/uploads\/2024\/12\/Copia-de-Copia-de-TAMANHO-EXATO-PARA-FOTOS-NO-SISTEMA-NOVO-69.jpg?fit=1200%2C675&ssl=1&resize=525%2C300 1.5x, https:\/\/i0.wp.com\/noticiasribeiraopreto.com.br\/wp-content\/uploads\/2024\/12\/Copia-de-Copia-de-TAMANHO-EXATO-PARA-FOTOS-NO-SISTEMA-NOVO-69.jpg?fit=1200%2C675&ssl=1&resize=700%2C400 2x, https:\/\/i0.wp.com\/noticiasribeiraopreto.com.br\/wp-content\/uploads\/2024\/12\/Copia-de-Copia-de-TAMANHO-EXATO-PARA-FOTOS-NO-SISTEMA-NOVO-69.jpg?fit=1200%2C675&ssl=1&resize=1050%2C600 3x"},"classes":[]},{"id":45784,"url":"https:\/\/noticiasribeiraopreto.com.br\/index.php\/2024\/04\/07\/orquestra-sinfonica-de-ribeirao-preto-apresenta-requiem-de-mozart\/","url_meta":{"origin":79502,"position":5},"title":"Orquestra Sinf\u00f4nica de Ribeir\u00e3o Preto apresenta Requiem de Mozart","author":"noticiasribeiraopreto.com.br","date":"7 de April de 2024","format":false,"excerpt":"O Theatro Pedro II, no Centro de Ribeir\u00e3o Preto, recebe no dia\u00a013 de abril, \u00e0s 19h30, o espet\u00e1culo \u2018Concertos Internacionais da Orquestra Sinf\u00f4nica de Ribeir\u00e3o Preto\u2019, com o \u00faltimo trabalho de Mozart, o Requiem. Os ingressos j\u00e1 est\u00e3o \u00e0 venda na bilheteria do Theatro e online. A obra trata-se de\u2026","rel":"","context":"In &quot;Not\u00edcias de Ribeir\u00e3o Preto-SP e Regi\u00e3o&quot;","block_context":{"text":"Not\u00edcias de Ribeir\u00e3o Preto-SP e Regi\u00e3o","link":"https:\/\/noticiasribeiraopreto.com.br\/index.php\/category\/noticias-de-ribeirao-preto-sp-e-regiao-ismael-colosi\/"},"img":{"alt_text":"","src":"https:\/\/i0.wp.com\/noticiasribeiraopreto.com.br\/wp-content\/uploads\/2024\/04\/sinfonica_orquestra_1024x576_20052021092339.jpg?fit=1024%2C576&ssl=1&resize=350%2C200","width":350,"height":200,"srcset":"https:\/\/i0.wp.com\/noticiasribeiraopreto.com.br\/wp-content\/uploads\/2024\/04\/sinfonica_orquestra_1024x576_20052021092339.jpg?fit=1024%2C576&ssl=1&resize=350%2C200 1x, https:\/\/i0.wp.com\/noticiasribeiraopreto.com.br\/wp-content\/uploads\/2024\/04\/sinfonica_orquestra_1024x576_20052021092339.jpg?fit=1024%2C576&ssl=1&resize=525%2C300 1.5x, https:\/\/i0.wp.com\/noticiasribeiraopreto.com.br\/wp-content\/uploads\/2024\/04\/sinfonica_orquestra_1024x576_20052021092339.jpg?fit=1024%2C576&ssl=1&resize=700%2C400 2x"},"classes":[]}],"jetpack_sharing_enabled":true,"jetpack_shortlink":"https:\/\/wp.me\/peQAOb-kGi","_links":{"self":[{"href":"https:\/\/noticiasribeiraopreto.com.br\/index.php\/wp-json\/wp\/v2\/posts\/79502","targetHints":{"allow":["GET"]}}],"collection":[{"href":"https:\/\/noticiasribeiraopreto.com.br\/index.php\/wp-json\/wp\/v2\/posts"}],"about":[{"href":"https:\/\/noticiasribeiraopreto.com.br\/index.php\/wp-json\/wp\/v2\/types\/post"}],"author":[{"embeddable":true,"href":"https:\/\/noticiasribeiraopreto.com.br\/index.php\/wp-json\/wp\/v2\/users\/1"}],"replies":[{"embeddable":true,"href":"https:\/\/noticiasribeiraopreto.com.br\/index.php\/wp-json\/wp\/v2\/comments?post=79502"}],"version-history":[{"count":0,"href":"https:\/\/noticiasribeiraopreto.com.br\/index.php\/wp-json\/wp\/v2\/posts\/79502\/revisions"}],"wp:featuredmedia":[{"embeddable":true,"href":"https:\/\/noticiasribeiraopreto.com.br\/index.php\/wp-json\/wp\/v2\/media\/79503"}],"wp:attachment":[{"href":"https:\/\/noticiasribeiraopreto.com.br\/index.php\/wp-json\/wp\/v2\/media?parent=79502"}],"wp:term":[{"taxonomy":"category","embeddable":true,"href":"https:\/\/noticiasribeiraopreto.com.br\/index.php\/wp-json\/wp\/v2\/categories?post=79502"},{"taxonomy":"post_tag","embeddable":true,"href":"https:\/\/noticiasribeiraopreto.com.br\/index.php\/wp-json\/wp\/v2\/tags?post=79502"}],"curies":[{"name":"wp","href":"https:\/\/api.w.org\/{rel}","templated":true}]}}