{"id":79504,"date":"2025-11-03T10:14:16","date_gmt":"2025-11-03T13:14:16","guid":{"rendered":"https:\/\/noticiasribeiraopreto.com.br\/index.php\/2025\/11\/03\/segunda-feira-comeca-com-acidentes-e-semaforos-desligados-em-ribeirao-preto\/"},"modified":"2025-11-03T10:14:16","modified_gmt":"2025-11-03T13:14:16","slug":"segunda-feira-comeca-com-acidentes-e-semaforos-desligados-em-ribeirao-preto","status":"publish","type":"post","link":"https:\/\/noticiasribeiraopreto.com.br\/index.php\/2025\/11\/03\/segunda-feira-comeca-com-acidentes-e-semaforos-desligados-em-ribeirao-preto\/","title":{"rendered":"Segunda-feira come\u00e7a com acidentes e sem\u00e1foros desligados em Ribeir\u00e3o Preto"},"content":{"rendered":"<div class='code-block code-block-1' style='margin: 8px 0 8px auto; text-align: right; display: block; clear: both;'>\n<p><a href=\"https:\/\/wa.link\/vpicfd\"><img data-recalc-dims=\"1\" class=\"wp-image-4922\" style=\"aspect-ratio: 2.0253164556962027; width: 561px; height: auto;\" src=\"https:\/\/i0.wp.com\/ismaelcolosi.com.br\/wp-content\/uploads\/2023\/11\/grupo-de-empregos-whatsapp-e-facebook-ismael-colosi-vagas.jpg?ssl=1\" alt=\"\" \/><\/a><\/p>\n<!-- \/wp:image -->\n<\/div>\n<p> <br \/>\n<\/p>\n<div data-td-block-uid=\"tdi_95\">\n<div class=\"tdb-block-inner td-fix-index\">\n<p><strong>Pelo menos dois acidentes foram registrados nesta manh\u00e3 chuvosa de segunda-feira (3), em Ribeir\u00e3o Preto. <\/strong>Tamb\u00e9m h\u00e1 <strong>sem\u00e1foros desligados <\/strong>e <strong>ocorr\u00eancia <\/strong>com <strong>fios baixos <\/strong>sobre a <strong>via<\/strong>.<\/p>\n<p>A <strong>RP Mobi<\/strong> informou que segue em <strong>monitoramento vi\u00e1rio <\/strong>nesta manh\u00e3 e que os <strong>agentes <\/strong>acompanham as <strong>condi\u00e7\u00f5es <\/strong>das <strong>vias <\/strong>e realizam os <strong>atendimentos <\/strong>necess\u00e1rios. <\/p>\n<h2 class=\"wp-block-heading\"><strong>Confira as ocorr\u00eancias:<\/strong><\/h2>\n<p><strong>Sinistros de Tr\u00e2nsito<\/strong><\/p>\n<ul class=\"wp-block-list\">\n<li>Avenida Francisco Junqueira x Avenida Pl\u00ednio de Castro Prado \u2014 colis\u00e3o entre \u00f4nibus e carro<\/li>\n<li>Rua Sete de Setembro, 1.421 \u2014 sinistro sem informa\u00e7\u00f5es detalhadas dos ve\u00edculos envolvidos<\/li>\n<\/ul>\n<p><strong>Fios baixos na via<\/strong><\/p>\n<ul class=\"wp-block-list\">\n<li>Avenida Ivo Pareschi x Rua Luiz Granatto \u2014 equipes acionadas<\/li>\n<\/ul>\n<p><strong>Sem\u00e1foros desligados<\/strong><\/p>\n<ul class=\"wp-block-list\">\n<li>Avenida Francisco Maggioni x Rua Bar\u00e3o do Cotegipe \u2014 devido a furto de fia\u00e7\u00e3o (equipamento j\u00e1 retomou o funcionamento)<\/li>\n<li>Avenida Marechal Costa e Silva x Rua Patroc\u00ednio \u2014 local sinalizado com cavaletes e placas de parada obrigat\u00f3ria<\/li>\n<\/ul>\n<figure class=\"wp-block-image\"><img data-recalc-dims=\"1\" fetchpriority=\"high\" decoding=\"async\" width=\"1200\" height=\"900\" src=\"https:\/\/i0.wp.com\/cdn.media-acidadeon.com.br\/ribeiraopreto\/wp-content\/uploads\/sites\/3\/2025\/11\/WhatsApp-Image-2025-11-03-at-07.48.18-1_2025-11-03_11-03-36.webp?resize=1200%2C900&#038;ssl=1\" alt=\"fios\" class=\"wp-image-134457\" title=\"Segunda-feira come\u00e7a com acidentes e sem\u00e1foros desligados em Ribeir\u00e3o Preto 1\" srcset=\"https:\/\/cdn.media-acidadeon.com.br\/ribeiraopreto\/wp-content\/uploads\/sites\/3\/2025\/11\/WhatsApp-Image-2025-11-03-at-07.48.18-1_2025-11-03_11-03-36.webp 1200w, https:\/\/cdn.media-acidadeon.com.br\/ribeiraopreto\/wp-content\/uploads\/sites\/3\/2025\/11\/WhatsApp-Image-2025-11-03-at-07.48.18-1_2025-11-03_11-03-36-300x225.webp 300w, https:\/\/cdn.media-acidadeon.com.br\/ribeiraopreto\/wp-content\/uploads\/sites\/3\/2025\/11\/WhatsApp-Image-2025-11-03-at-07.48.18-1_2025-11-03_11-03-36-1024x768.webp 1024w, https:\/\/cdn.media-acidadeon.com.br\/ribeiraopreto\/wp-content\/uploads\/sites\/3\/2025\/11\/WhatsApp-Image-2025-11-03-at-07.48.18-1_2025-11-03_11-03-36-768x576.webp 768w, https:\/\/cdn.media-acidadeon.com.br\/ribeiraopreto\/wp-content\/uploads\/sites\/3\/2025\/11\/WhatsApp-Image-2025-11-03-at-07.48.18-1_2025-11-03_11-03-36-696x522.webp 696w, https:\/\/cdn.media-acidadeon.com.br\/ribeiraopreto\/wp-content\/uploads\/sites\/3\/2025\/11\/WhatsApp-Image-2025-11-03-at-07.48.18-1_2025-11-03_11-03-36-1068x801.webp 1068w\" sizes=\"(max-width: 1200px) 100vw, 1200px\"\/><figcaption class=\"wp-element-caption\">Sinaliza\u00e7\u00e3o aponta fios baixos na avenida Ivo Pareschi \u2013 Foto: Divulga\u00e7\u00e3o \/ RP Mobi<\/figcaption><\/figure>\n<p>SAIBA MAIS<\/p>\n<p>Queda de \u00e1rvore compromete abastecimento de \u00e1gua na regi\u00e3o de Ribeir\u00e3o Preto<\/p>\n<h3 class=\"wp-block-heading\"><strong>FIQUE ON<\/strong><\/h3>\n<p>Fique ligado em tudo que acontece em Ribeir\u00e3o Preto e regi\u00e3o. Siga os perfis do<strong>\u00a0acidade on\u00a0<\/strong>no<a href=\"https:\/\/www.instagram.com\/acidadeonribeirao\" target=\"_blank\" rel=\"noreferrer noopener\">\u00a0Instagram\u00a0<\/a>e no\u00a0<a href=\"https:\/\/www.facebook.com\/acidadeonribeirao\/\" target=\"_blank\" rel=\"noreferrer noopener\">Facebook<\/a>.<\/p>\n<p>Receba not\u00edcias do<strong>\u00a0acidade on<\/strong>\u00a0no WhatsApp. Para entrar no grupo,\u00a0basta\u00a0<a href=\"https:\/\/chat.whatsapp.com\/I4nieTEMKlf50pJ28aMemC?mode=ac_t\" target=\"_blank\" rel=\"noreferrer noopener\">clicar aqui<\/a>. Ou, acesse o nosso\u00a0Canal<a href=\"https:\/\/whatsapp.com\/channel\/0029Vb6IQl1JENyAeS57fk2p\" target=\"_blank\" rel=\"noreferrer noopener\">\u00a0clicando aqui<\/a>.<\/p>\n<p>Fa\u00e7a uma den\u00fancia ou sugira uma reportagem sobre Ribeir\u00e3o Preto e regi\u00e3o pelo WhatsApp: 16 99117 7802.<\/p>\n<p>VEJA TAMB\u00c9M<\/p>\n<p>O que \u00e9 o 3I\/ATLAS?<\/p>\n<p><!-- AI CONTENT END 1 -->\n<\/div>\n<\/div>\n<p><script async src=\"\/\/www.instagram.com\/embed.js\"><\/script><br \/>\n<br \/><br \/>\n<br \/><a href=\"https:\/\/www.acidadeon.com\/ribeiraopreto\/cotidiano\/segunda-feira-comeca-com-acidentes-e-semaforos-desligados-em-ribeirao-preto\/\">Source link <\/a><\/p>\n<!-- CONTENT END 1 -->\n","protected":false},"excerpt":{"rendered":"<p>Pelo menos dois acidentes foram registrados nesta manh\u00e3 chuvosa de segunda-feira (3), em Ribeir\u00e3o Preto. Tamb\u00e9m h\u00e1 sem\u00e1foros desligados e ocorr\u00eancia com fios baixos sobre&#8230;<\/p>\n","protected":false},"author":1,"featured_media":79505,"comment_status":"open","ping_status":"open","sticky":false,"template":"","format":"standard","meta":{"advanced_seo_description":"","jetpack_seo_html_title":"","jetpack_seo_noindex":false,"jetpack_post_was_ever_published":false,"_jetpack_newsletter_access":"","_jetpack_dont_email_post_to_subs":false,"_jetpack_newsletter_tier_id":0,"_jetpack_memberships_contains_paywalled_content":false,"_jetpack_memberships_contains_paid_content":false,"footnotes":"","jetpack_publicize_message":"","jetpack_publicize_feature_enabled":true,"jetpack_social_post_already_shared":true,"jetpack_social_options":{"image_generator_settings":{"template":"highway","default_image_id":0,"font":"","enabled":false},"version":2}},"categories":[11],"tags":[],"class_list":["post-79504","post","type-post","status-publish","format-standard","has-post-thumbnail","hentry","category-noticias-de-ribeirao-preto-sp-e-regiao-ismael-colosi"],"jetpack_publicize_connections":[],"jetpack_featured_media_url":"https:\/\/i0.wp.com\/noticiasribeiraopreto.com.br\/wp-content\/uploads\/2025\/11\/WhatsApp-Image-2025-11-03-at-07.48.18_2025-11-03_11-02-02.webp.webp?fit=1200%2C806&ssl=1","jetpack-related-posts":[{"id":72715,"url":"https:\/\/noticiasribeiraopreto.com.br\/index.php\/2025\/06\/20\/manha-de-semaforos-desligados-em-ribeirao-preto\/","url_meta":{"origin":79504,"position":0},"title":"Manh\u00e3 de sem\u00e1foros desligados em Ribeir\u00e3o Preto","author":"noticiasribeiraopreto.com.br","date":"20 de June de 2025","format":false,"excerpt":"Motoristas enfrentaram confus\u00e3o e lentid\u00e3o em diversos pontos zona Oeste; furtos causaram problemas de fios 20 de junho de 2025 10:3020 de junho de 2025 12:0637 Compartilhar2 Por: Alfredo Risk e Adalberto Luque V\u00e1rios sem\u00e1foros estavam desligados ou operando no modo de amarelo piscante, na manh\u00e3 desta sexta-feira (20), em\u2026","rel":"","context":"In &quot;Not\u00edcias de Ribeir\u00e3o Preto-SP e Regi\u00e3o&quot;","block_context":{"text":"Not\u00edcias de Ribeir\u00e3o Preto-SP e Regi\u00e3o","link":"https:\/\/noticiasribeiraopreto.com.br\/index.php\/category\/noticias-de-ribeirao-preto-sp-e-regiao-ismael-colosi\/"},"img":{"alt_text":"","src":"https:\/\/i0.wp.com\/noticiasribeiraopreto.com.br\/wp-content\/uploads\/2025\/06\/20-jun-2025-semaforosdesligados1-scaled.jpg?fit=750%2C500&ssl=1&resize=350%2C200","width":350,"height":200,"srcset":"https:\/\/i0.wp.com\/noticiasribeiraopreto.com.br\/wp-content\/uploads\/2025\/06\/20-jun-2025-semaforosdesligados1-scaled.jpg?fit=750%2C500&ssl=1&resize=350%2C200 1x, https:\/\/i0.wp.com\/noticiasribeiraopreto.com.br\/wp-content\/uploads\/2025\/06\/20-jun-2025-semaforosdesligados1-scaled.jpg?fit=750%2C500&ssl=1&resize=525%2C300 1.5x, https:\/\/i0.wp.com\/noticiasribeiraopreto.com.br\/wp-content\/uploads\/2025\/06\/20-jun-2025-semaforosdesligados1-scaled.jpg?fit=750%2C500&ssl=1&resize=700%2C400 2x"},"classes":[]},{"id":78305,"url":"https:\/\/noticiasribeiraopreto.com.br\/index.php\/2025\/10\/08\/avenida-dom-pedro-i-tem-semaforos-desligados-em-ribeirao-preto\/","url_meta":{"origin":79504,"position":1},"title":"Avenida Dom Pedro I tem sem\u00e1foros desligados em Ribeir\u00e3o Preto","author":"noticiasribeiraopreto.com.br","date":"8 de October de 2025","format":false,"excerpt":"Ao menos dois conjuntos de sem\u00e1foros ficaram inoperantes na manh\u00e3 desta quarta-feira (8), na avenida Dom Pedro I, em Ribeir\u00e3o Preto. Segundo informa\u00e7\u00f5es, o problema ocorre nos cruzamentos da Dom Pedro I com as ruas Tapaj\u00f3s e Japur\u00e1. A suspeita \u00e9 que um furto de fia\u00e7\u00e3o tenha causado o desligamento\u2026","rel":"","context":"In &quot;Not\u00edcias de Ribeir\u00e3o Preto-SP e Regi\u00e3o&quot;","block_context":{"text":"Not\u00edcias de Ribeir\u00e3o Preto-SP e Regi\u00e3o","link":"https:\/\/noticiasribeiraopreto.com.br\/index.php\/category\/noticias-de-ribeirao-preto-sp-e-regiao-ismael-colosi\/"},"img":{"alt_text":"","src":"https:\/\/i0.wp.com\/noticiasribeiraopreto.com.br\/wp-content\/uploads\/2025\/10\/WhatsApp-Image-2025-10-08-at-07.46.39_2025-10-08_10-59-44.webp.webp?fit=1200%2C900&ssl=1&resize=350%2C200","width":350,"height":200,"srcset":"https:\/\/i0.wp.com\/noticiasribeiraopreto.com.br\/wp-content\/uploads\/2025\/10\/WhatsApp-Image-2025-10-08-at-07.46.39_2025-10-08_10-59-44.webp.webp?fit=1200%2C900&ssl=1&resize=350%2C200 1x, https:\/\/i0.wp.com\/noticiasribeiraopreto.com.br\/wp-content\/uploads\/2025\/10\/WhatsApp-Image-2025-10-08-at-07.46.39_2025-10-08_10-59-44.webp.webp?fit=1200%2C900&ssl=1&resize=525%2C300 1.5x, https:\/\/i0.wp.com\/noticiasribeiraopreto.com.br\/wp-content\/uploads\/2025\/10\/WhatsApp-Image-2025-10-08-at-07.46.39_2025-10-08_10-59-44.webp.webp?fit=1200%2C900&ssl=1&resize=700%2C400 2x, https:\/\/i0.wp.com\/noticiasribeiraopreto.com.br\/wp-content\/uploads\/2025\/10\/WhatsApp-Image-2025-10-08-at-07.46.39_2025-10-08_10-59-44.webp.webp?fit=1200%2C900&ssl=1&resize=1050%2C600 3x"},"classes":[]},{"id":63583,"url":"https:\/\/noticiasribeiraopreto.com.br\/index.php\/2025\/02\/17\/semana-comeca-com-semaforos-desligados-em-ribeirao-preto-veja-locais\/","url_meta":{"origin":79504,"position":2},"title":"Semana come\u00e7a com sem\u00e1foros desligados em Ribeir\u00e3o Preto; Veja locais","author":"noticiasribeiraopreto.com.br","date":"17 de February de 2025","format":false,"excerpt":"Os sem\u00e1foros da avenida Caramu com a rua Saldanha Marinho, e do cruzamento entre as avenidas do Caf\u00e9, Elp\u00eddio Gomes e alameda Botafogo est\u00e3o desligados na manh\u00e3 desta segunda-feira (17), em Ribeir\u00e3o Preto. Ainda n\u00e3o h\u00e1 informa\u00e7\u00f5es sobre o que provou o desligamento dos equipamentos. Tamb\u00e9m h\u00e1 relatos sobre um\u2026","rel":"","context":"In &quot;Not\u00edcias de Ribeir\u00e3o Preto-SP e Regi\u00e3o&quot;","block_context":{"text":"Not\u00edcias de Ribeir\u00e3o Preto-SP e Regi\u00e3o","link":"https:\/\/noticiasribeiraopreto.com.br\/index.php\/category\/noticias-de-ribeirao-preto-sp-e-regiao-ismael-colosi\/"},"img":{"alt_text":"","src":"https:\/\/i0.wp.com\/noticiasribeiraopreto.com.br\/wp-content\/uploads\/2025\/02\/Copia-de-Copia-de-Copia-de-TAMANHO-EXATO-PARA-FOTOS-NO-SISTEMA-NOVO-2025-02-17T083808.586_2025-02-17_11-38-39_png_2025-02-17_11-38-39.webp.webp?fit=1200%2C675&ssl=1&resize=350%2C200","width":350,"height":200,"srcset":"https:\/\/i0.wp.com\/noticiasribeiraopreto.com.br\/wp-content\/uploads\/2025\/02\/Copia-de-Copia-de-Copia-de-TAMANHO-EXATO-PARA-FOTOS-NO-SISTEMA-NOVO-2025-02-17T083808.586_2025-02-17_11-38-39_png_2025-02-17_11-38-39.webp.webp?fit=1200%2C675&ssl=1&resize=350%2C200 1x, https:\/\/i0.wp.com\/noticiasribeiraopreto.com.br\/wp-content\/uploads\/2025\/02\/Copia-de-Copia-de-Copia-de-TAMANHO-EXATO-PARA-FOTOS-NO-SISTEMA-NOVO-2025-02-17T083808.586_2025-02-17_11-38-39_png_2025-02-17_11-38-39.webp.webp?fit=1200%2C675&ssl=1&resize=525%2C300 1.5x, https:\/\/i0.wp.com\/noticiasribeiraopreto.com.br\/wp-content\/uploads\/2025\/02\/Copia-de-Copia-de-Copia-de-TAMANHO-EXATO-PARA-FOTOS-NO-SISTEMA-NOVO-2025-02-17T083808.586_2025-02-17_11-38-39_png_2025-02-17_11-38-39.webp.webp?fit=1200%2C675&ssl=1&resize=700%2C400 2x, https:\/\/i0.wp.com\/noticiasribeiraopreto.com.br\/wp-content\/uploads\/2025\/02\/Copia-de-Copia-de-Copia-de-TAMANHO-EXATO-PARA-FOTOS-NO-SISTEMA-NOVO-2025-02-17T083808.586_2025-02-17_11-38-39_png_2025-02-17_11-38-39.webp.webp?fit=1200%2C675&ssl=1&resize=1050%2C600 3x"},"classes":[]},{"id":62980,"url":"https:\/\/noticiasribeiraopreto.com.br\/index.php\/2025\/01\/30\/cruzamentos-do-centro-de-ribeirao-amanhecem-com-semaforos-desligados-veja-o-motivo\/","url_meta":{"origin":79504,"position":3},"title":"Cruzamentos do Centro de Ribeir\u00e3o amanhecem com sem\u00e1foros desligados; Veja o motivo","author":"noticiasribeiraopreto.com.br","date":"30 de January de 2025","format":false,"excerpt":"Os sem\u00e1foros das esquinas das ruas S\u00e3o Sebasti\u00e3o e Am\u00e9rico Brasiliense com a Visconde de Inha\u00fama, no Centro de Ribeir\u00e3o Preto, amanheceram desligados nesta quinta-feira (30). De acordo com as informa\u00e7\u00f5es da CBN Ribeir\u00e3o, os cabos da fia\u00e7\u00e3o foram furtados. At\u00e9 quarta-feira (29), foram registradas 34 ocorr\u00eancias envolvendo furto de\u2026","rel":"","context":"In &quot;Not\u00edcias de Ribeir\u00e3o Preto-SP e Regi\u00e3o&quot;","block_context":{"text":"Not\u00edcias de Ribeir\u00e3o Preto-SP e Regi\u00e3o","link":"https:\/\/noticiasribeiraopreto.com.br\/index.php\/category\/noticias-de-ribeirao-preto-sp-e-regiao-ismael-colosi\/"},"img":{"alt_text":"","src":"https:\/\/i0.wp.com\/noticiasribeiraopreto.com.br\/wp-content\/uploads\/2025\/01\/WhatsApp-Image-2025-01-30-at-08.59.41_2025-01-30_12-15-23_jpeg_2025-01-30_12-15-23.webp.webp?fit=1200%2C675&ssl=1&resize=350%2C200","width":350,"height":200,"srcset":"https:\/\/i0.wp.com\/noticiasribeiraopreto.com.br\/wp-content\/uploads\/2025\/01\/WhatsApp-Image-2025-01-30-at-08.59.41_2025-01-30_12-15-23_jpeg_2025-01-30_12-15-23.webp.webp?fit=1200%2C675&ssl=1&resize=350%2C200 1x, https:\/\/i0.wp.com\/noticiasribeiraopreto.com.br\/wp-content\/uploads\/2025\/01\/WhatsApp-Image-2025-01-30-at-08.59.41_2025-01-30_12-15-23_jpeg_2025-01-30_12-15-23.webp.webp?fit=1200%2C675&ssl=1&resize=525%2C300 1.5x, https:\/\/i0.wp.com\/noticiasribeiraopreto.com.br\/wp-content\/uploads\/2025\/01\/WhatsApp-Image-2025-01-30-at-08.59.41_2025-01-30_12-15-23_jpeg_2025-01-30_12-15-23.webp.webp?fit=1200%2C675&ssl=1&resize=700%2C400 2x, https:\/\/i0.wp.com\/noticiasribeiraopreto.com.br\/wp-content\/uploads\/2025\/01\/WhatsApp-Image-2025-01-30-at-08.59.41_2025-01-30_12-15-23_jpeg_2025-01-30_12-15-23.webp.webp?fit=1200%2C675&ssl=1&resize=1050%2C600 3x"},"classes":[]},{"id":63679,"url":"https:\/\/noticiasribeiraopreto.com.br\/index.php\/2025\/02\/19\/furto-de-fios-volta-a-desligar-semaforos-em-ribeirao-preto-veja-video\/","url_meta":{"origin":79504,"position":4},"title":"Furto de fios volta a desligar sem\u00e1foros em Ribeir\u00e3o Preto; Veja v\u00eddeo","author":"noticiasribeiraopreto.com.br","date":"19 de February de 2025","format":false,"excerpt":"Dois cruzamentos da avenida Ant\u00f4nio e Helena\u00a0Zerrener\u00a0est\u00e3o com os sem\u00e1foros desligados na manh\u00e3 desta quarta-feira (19), por causa do furto de fios. Assista ao v\u00eddeo abaixo. Foram afetados os cruzamentos da\u00a0Zerrener\u00a0com as ruas Itapetininga e Paranapanema. O furto de fia\u00e7\u00e3o ocorreu no quarteir\u00e3o entre a ruas Rond\u00f4nia e Itapetininga. Equipes\u2026","rel":"","context":"In &quot;Not\u00edcias de Ribeir\u00e3o Preto-SP e Regi\u00e3o&quot;","block_context":{"text":"Not\u00edcias de Ribeir\u00e3o Preto-SP e Regi\u00e3o","link":"https:\/\/noticiasribeiraopreto.com.br\/index.php\/category\/noticias-de-ribeirao-preto-sp-e-regiao-ismael-colosi\/"},"img":{"alt_text":"","src":"https:\/\/i0.wp.com\/noticiasribeiraopreto.com.br\/wp-content\/uploads\/2025\/02\/20250219_074319_2025-02-19_11-44-11_jpg_2025-02-19_11-44-12-scaled.webp.webp?fit=1200%2C675&ssl=1&resize=350%2C200","width":350,"height":200,"srcset":"https:\/\/i0.wp.com\/noticiasribeiraopreto.com.br\/wp-content\/uploads\/2025\/02\/20250219_074319_2025-02-19_11-44-11_jpg_2025-02-19_11-44-12-scaled.webp.webp?fit=1200%2C675&ssl=1&resize=350%2C200 1x, https:\/\/i0.wp.com\/noticiasribeiraopreto.com.br\/wp-content\/uploads\/2025\/02\/20250219_074319_2025-02-19_11-44-11_jpg_2025-02-19_11-44-12-scaled.webp.webp?fit=1200%2C675&ssl=1&resize=525%2C300 1.5x, https:\/\/i0.wp.com\/noticiasribeiraopreto.com.br\/wp-content\/uploads\/2025\/02\/20250219_074319_2025-02-19_11-44-11_jpg_2025-02-19_11-44-12-scaled.webp.webp?fit=1200%2C675&ssl=1&resize=700%2C400 2x, https:\/\/i0.wp.com\/noticiasribeiraopreto.com.br\/wp-content\/uploads\/2025\/02\/20250219_074319_2025-02-19_11-44-11_jpg_2025-02-19_11-44-12-scaled.webp.webp?fit=1200%2C675&ssl=1&resize=1050%2C600 3x"},"classes":[]},{"id":63618,"url":"https:\/\/noticiasribeiraopreto.com.br\/index.php\/2025\/02\/18\/furto-de-fios-desliga-semaforos-em-ribeirao-preto-veja-video\/","url_meta":{"origin":79504,"position":5},"title":"Furto de fios desliga sem\u00e1foros em Ribeir\u00e3o Preto; Veja\u00a0v\u00eddeo","author":"noticiasribeiraopreto.com.br","date":"18 de February de 2025","format":false,"excerpt":"O furto de fios causou o desligamento de sem\u00e1foros na manh\u00e3 desta ter\u00e7a-feira (18), na avenida Francisco Junqueira, altura do cruzamento com a\u00a0avenida\u00a0Saudade e rua Saldanha Marinho, em Ribeir\u00e3o Preto. Assista ao v\u00eddeo abaixo. Equipe da RP Mobi atua no local e j\u00e1 restabeleceu a sinaliza\u00e7\u00e3o\u00a0na Francisco\u00a0Junqueira. O problema agora\u2026","rel":"","context":"In &quot;Not\u00edcias de Ribeir\u00e3o Preto-SP e Regi\u00e3o&quot;","block_context":{"text":"Not\u00edcias de Ribeir\u00e3o Preto-SP e Regi\u00e3o","link":"https:\/\/noticiasribeiraopreto.com.br\/index.php\/category\/noticias-de-ribeirao-preto-sp-e-regiao-ismael-colosi\/"},"img":{"alt_text":"","src":"","width":0,"height":0},"classes":[]}],"jetpack_sharing_enabled":true,"jetpack_shortlink":"https:\/\/wp.me\/peQAOb-kGk","_links":{"self":[{"href":"https:\/\/noticiasribeiraopreto.com.br\/index.php\/wp-json\/wp\/v2\/posts\/79504","targetHints":{"allow":["GET"]}}],"collection":[{"href":"https:\/\/noticiasribeiraopreto.com.br\/index.php\/wp-json\/wp\/v2\/posts"}],"about":[{"href":"https:\/\/noticiasribeiraopreto.com.br\/index.php\/wp-json\/wp\/v2\/types\/post"}],"author":[{"embeddable":true,"href":"https:\/\/noticiasribeiraopreto.com.br\/index.php\/wp-json\/wp\/v2\/users\/1"}],"replies":[{"embeddable":true,"href":"https:\/\/noticiasribeiraopreto.com.br\/index.php\/wp-json\/wp\/v2\/comments?post=79504"}],"version-history":[{"count":0,"href":"https:\/\/noticiasribeiraopreto.com.br\/index.php\/wp-json\/wp\/v2\/posts\/79504\/revisions"}],"wp:featuredmedia":[{"embeddable":true,"href":"https:\/\/noticiasribeiraopreto.com.br\/index.php\/wp-json\/wp\/v2\/media\/79505"}],"wp:attachment":[{"href":"https:\/\/noticiasribeiraopreto.com.br\/index.php\/wp-json\/wp\/v2\/media?parent=79504"}],"wp:term":[{"taxonomy":"category","embeddable":true,"href":"https:\/\/noticiasribeiraopreto.com.br\/index.php\/wp-json\/wp\/v2\/categories?post=79504"},{"taxonomy":"post_tag","embeddable":true,"href":"https:\/\/noticiasribeiraopreto.com.br\/index.php\/wp-json\/wp\/v2\/tags?post=79504"}],"curies":[{"name":"wp","href":"https:\/\/api.w.org\/{rel}","templated":true}]}}