{"id":79508,"date":"2025-11-03T11:54:29","date_gmt":"2025-11-03T14:54:29","guid":{"rendered":"https:\/\/noticiasribeiraopreto.com.br\/index.php\/2025\/11\/03\/audiencia-publica-e-agendada-para-debater-situacao-do-lar-santana\/"},"modified":"2025-11-03T11:54:29","modified_gmt":"2025-11-03T14:54:29","slug":"audiencia-publica-e-agendada-para-debater-situacao-do-lar-santana","status":"publish","type":"post","link":"https:\/\/noticiasribeiraopreto.com.br\/index.php\/2025\/11\/03\/audiencia-publica-e-agendada-para-debater-situacao-do-lar-santana\/","title":{"rendered":"Audi\u00eancia p\u00fablica \u00e9 agendada para debater situa\u00e7\u00e3o do Lar Santana"},"content":{"rendered":"<p> <br \/>\n<\/p>\n<div id=\"post-445100\">\n<header class=\"entry-header penci-entry-header penci-title-center\">\n<p>\n\t\t\t\t\t\t\t\t\t<span class=\"entry-meta-item penci-posted-on\"><i class=\"fa fa-clock-o\"\/><time class=\"entry-date published\" datetime=\"2025-11-03T11:50:33-03:00\">3 de novembro de 2025 11:50<\/time><time class=\"updated\" datetime=\"2025-11-03T11:36:09-03:00\">3 de novembro de 2025 11:36<\/time><\/span><span class=\"entry-meta-item penci-post-countview\"><span class=\"entry-meta-item penci-post-countview penci_post-meta_item\"><i class=\"fa fa-eye\"\/><span class=\"penci-post-countview-number penci-post-countview-p445100\">10<\/span><\/span><\/span>\t\t\t\t\t\t\t\t<\/p>\n<p><!-- .entry-meta --><br \/>\n\t\t\t\t\t\t\t\t<span class=\"penci-social-buttons penci-social-share-footer\"><span class=\"penci-social-share-text\">Compartilhar<\/span><a href=\"#\" class=\"penci-post-like penci_post-meta_item  single-like-button penci-social-item like\" data-post_id=\"445100\" title=\"Like\" data-like=\"Like\" data-unlike=\"Unlike\"><i class=\"fa fa-thumbs-o-up\"\/><span class=\"penci-share-number\">0<\/span><\/a><i class=\"fa fa-facebook\"\/><a class=\"penci-social-item twitter\" target=\"_blank\" rel=\"noopener\" title=\"\" href=\"https:\/\/twitter.com\/intent\/tweet?text=Audi\u00eancia%20p\u00fablica%20\u00e9%20agendada%20para%20debater%20situa\u00e7\u00e3o%20do%20Lar%20Santana%20-%20https:\/\/www.tribunaribeirao.com.br\/audiencia-publica-e-agendada-para-debater-situacao-do-lar-santana\/\"><i class=\"fa fa-twitter\"\/><\/a><i class=\"fa fa-linkedin\"\/><i class=\"fa fa-whatsapp\"\/><i class=\"fa fa-telegram\"\/><i class=\"fa fa-envelope\"\/><\/span>\t\t\t\t\t\t\t<\/header>\n<p><!-- .entry-header --><\/p>\n<div class=\"penci-entry-content entry-content\">\n<p>No \u00faltimo dia 31 foi oficializado no Di\u00e1rio Oficial agendamento para Audi\u00eancia P\u00fablica sobre a situa\u00e7\u00e3o prec\u00e1ria do Lar Santana<\/p>\n<p>A C\u00e2mara de Ribeir\u00e3o Preto agendou uma Audi\u00eancia P\u00fablica para discutir as condi\u00e7\u00f5es do Lar Santana.\u00a0Ela ir\u00e1 acontecer no pr\u00f3ximo dia 18, \u00e0s 19horas. Audi\u00eancia foi proposta pelas vereadoras Duda Hidalgo (PT), Coletivo Popular Judeti Zilli (PT) e Perla Muller (PT).<\/p>\n<p>O evento ser\u00e1 transmitido pelos canais oficiais da C\u00e2mara de Ribeir\u00e3o Preto, incluindo o YouTube.<br \/>Situa\u00e7\u00e3o \u2013 O pr\u00e9dio hist\u00f3rico est\u00e1 localizado no bairro Vila Tib\u00e9rio e se encontra ocupado por militantes desde meados de agosto.<\/p>\n<p>Ocupado desde 11 de agosto, o Lar Santana \u2013 apelidado por \u201cMemorial da Resist\u00eancia Madre Maurina Borges\u201d pelos pr\u00f3prios envolvidos, sofre com neglig\u00eancias do poder p\u00fablico h\u00e1 15 anos, ao menos.<\/p>\n<p>O objetivo da ocupa\u00e7\u00e3o \u00e9 denunciar o abandono do patrim\u00f4nio p\u00fablico e resgatar a hist\u00f3ria de resist\u00eancia envolvendo o edif\u00edcio contra a ditadura<\/p>\n<p><!-- CONTENT END 3 -->\n<\/div>\n<p><!-- .entry-content --><\/p>\n<footer class=\"penci-entry-footer\">\n\t\t\t\t\t\t\t\t<span class=\"penci-social-buttons penci-social-share-footer\"><span class=\"penci-social-share-text\">Compartilhar<\/span><a href=\"#\" class=\"penci-post-like penci_post-meta_item  single-like-button penci-social-item like\" data-post_id=\"445100\" title=\"Like\" data-like=\"Like\" data-unlike=\"Unlike\"><i class=\"fa fa-thumbs-o-up\"\/><span class=\"penci-share-number\">0<\/span><\/a><i class=\"fa fa-facebook\"\/><a class=\"penci-social-item twitter\" target=\"_blank\" rel=\"noopener\" title=\"\" href=\"https:\/\/twitter.com\/intent\/tweet?text=Audi\u00eancia%20p\u00fablica%20\u00e9%20agendada%20para%20debater%20situa\u00e7\u00e3o%20do%20Lar%20Santana%20-%20https:\/\/www.tribunaribeirao.com.br\/audiencia-publica-e-agendada-para-debater-situacao-do-lar-santana\/\"><i class=\"fa fa-twitter\"\/><\/a><i class=\"fa fa-linkedin\"\/><i class=\"fa fa-whatsapp\"\/><i class=\"fa fa-telegram\"\/><i class=\"fa fa-envelope\"\/><\/span>\t\t\t\t\t\t\t<\/footer>\n<p><!-- .entry-footer -->\n\t\t\t\t\t\t<\/div>\n<p><script async src=\"\/\/platform.twitter.com\/widgets.js\" charset=\"utf-8\"><\/script><br \/>\n<br \/><br \/>\n<br \/><a href=\"https:\/\/www.tribunaribeirao.com.br\/audiencia-publica-e-agendada-para-debater-situacao-do-lar-santana\/\">Source link <\/a><\/p>\n","protected":false},"excerpt":{"rendered":"<p>3 de novembro de 2025 11:503 de novembro de 2025 11:3610 Compartilhar0 No \u00faltimo dia 31 foi oficializado no Di\u00e1rio Oficial agendamento para Audi\u00eancia P\u00fablica&#8230;<\/p>\n","protected":false},"author":1,"featured_media":79509,"comment_status":"open","ping_status":"open","sticky":false,"template":"","format":"standard","meta":{"advanced_seo_description":"","jetpack_seo_html_title":"","jetpack_seo_noindex":false,"jetpack_post_was_ever_published":false,"_jetpack_newsletter_access":"","_jetpack_dont_email_post_to_subs":false,"_jetpack_newsletter_tier_id":0,"_jetpack_memberships_contains_paywalled_content":false,"_jetpack_memberships_contains_paid_content":false,"footnotes":"","jetpack_publicize_message":"","jetpack_publicize_feature_enabled":true,"jetpack_social_post_already_shared":true,"jetpack_social_options":{"image_generator_settings":{"template":"highway","default_image_id":0,"font":"","enabled":false},"version":2}},"categories":[11],"tags":[],"class_list":["post-79508","post","type-post","status-publish","format-standard","has-post-thumbnail","hentry","category-noticias-de-ribeirao-preto-sp-e-regiao-ismael-colosi"],"jetpack_publicize_connections":[],"jetpack_featured_media_url":"https:\/\/i0.wp.com\/noticiasribeiraopreto.com.br\/wp-content\/uploads\/2025\/11\/larsantana.jpg?fit=700%2C450&ssl=1","jetpack-related-posts":[{"id":78319,"url":"https:\/\/noticiasribeiraopreto.com.br\/index.php\/2025\/10\/08\/usp-tem-concurso-publico-com-salarios-de-ate-r-11-mil-e-vaga-em-ribeirao-preto\/","url_meta":{"origin":79508,"position":0},"title":"USP tem concurso p\u00fablico com sal\u00e1rios de at\u00e9 R$ 11 mil e vaga em Ribeir\u00e3o Preto","author":"noticiasribeiraopreto.com.br","date":"8 de October de 2025","format":false,"excerpt":"A USP (Universidade de S\u00e3o Paulo) publicou 10 editais de concurso p\u00fablico com 12 vagas e oportunidades para diversos campi, incluindo o de Ribeir\u00e3o Preto. As inscri\u00e7\u00f5es come\u00e7am no dia 13 de outubro e os sal\u00e1rios variam entre R$ 6 mil e R$ 11 mil. Edital 64\/2025 Enfermeiro (especialidade obstetr\u00edcia).\u2026","rel":"","context":"In &quot;Not\u00edcias de Ribeir\u00e3o Preto-SP e Regi\u00e3o&quot;","block_context":{"text":"Not\u00edcias de Ribeir\u00e3o Preto-SP e Regi\u00e3o","link":"https:\/\/noticiasribeiraopreto.com.br\/index.php\/category\/noticias-de-ribeirao-preto-sp-e-regiao-ismael-colosi\/"},"img":{"alt_text":"","src":"https:\/\/i0.wp.com\/noticiasribeiraopreto.com.br\/wp-content\/uploads\/2025\/09\/Copia-de-Copia-de-TAMANHO-EXATO-PARA-FOTOS-NO-SISTEMA-NOVO-6_2024-06-11_13-40-15_jpg_2024-06-11_13-40-15.webp.webp?fit=1200%2C675&ssl=1&resize=350%2C200","width":350,"height":200,"srcset":"https:\/\/i0.wp.com\/noticiasribeiraopreto.com.br\/wp-content\/uploads\/2025\/09\/Copia-de-Copia-de-TAMANHO-EXATO-PARA-FOTOS-NO-SISTEMA-NOVO-6_2024-06-11_13-40-15_jpg_2024-06-11_13-40-15.webp.webp?fit=1200%2C675&ssl=1&resize=350%2C200 1x, https:\/\/i0.wp.com\/noticiasribeiraopreto.com.br\/wp-content\/uploads\/2025\/09\/Copia-de-Copia-de-TAMANHO-EXATO-PARA-FOTOS-NO-SISTEMA-NOVO-6_2024-06-11_13-40-15_jpg_2024-06-11_13-40-15.webp.webp?fit=1200%2C675&ssl=1&resize=525%2C300 1.5x, https:\/\/i0.wp.com\/noticiasribeiraopreto.com.br\/wp-content\/uploads\/2025\/09\/Copia-de-Copia-de-TAMANHO-EXATO-PARA-FOTOS-NO-SISTEMA-NOVO-6_2024-06-11_13-40-15_jpg_2024-06-11_13-40-15.webp.webp?fit=1200%2C675&ssl=1&resize=700%2C400 2x, https:\/\/i0.wp.com\/noticiasribeiraopreto.com.br\/wp-content\/uploads\/2025\/09\/Copia-de-Copia-de-TAMANHO-EXATO-PARA-FOTOS-NO-SISTEMA-NOVO-6_2024-06-11_13-40-15_jpg_2024-06-11_13-40-15.webp.webp?fit=1200%2C675&ssl=1&resize=1050%2C600 3x"},"classes":[]},{"id":6473,"url":"https:\/\/noticiasribeiraopreto.com.br\/index.php\/2023\/11\/26\/maes-do-bolsa-familia-recebem-bonus-de-r-50-na-parcela-de-novembro\/","url_meta":{"origin":79508,"position":1},"title":"M\u00e3es do Bolsa Fam\u00edlia recebem b\u00f4nus de R$ 50 na parcela de novembro","author":"noticiasribeiraopreto.com.br","date":"26 de November de 2023","format":false,"excerpt":"Cr\u00e9ditos: Ag\u00eancia Brasil\/ArquivoA novidade mais aguardada do Bolsa Fam\u00edlia de novembro acaba de chegar As m\u00e3es que fazem parte do programa Bolsa Fam\u00edlia t\u00eam um motivo a mais para celebrar neste m\u00eas de novembro. Al\u00e9m dos pagamentos regulares que j\u00e1 beneficiam mais de 20 milh\u00f5es de pessoas, um b\u00f4nus de\u2026","rel":"","context":"In &quot;Variedades&quot;","block_context":{"text":"Variedades","link":"https:\/\/noticiasribeiraopreto.com.br\/index.php\/category\/variedades\/"},"img":{"alt_text":"","src":"https:\/\/i0.wp.com\/noticiasribeiraopreto.com.br\/wp-content\/uploads\/2023\/11\/bolsa-familia-na-conta-saiba-se-voce-vai-receber-hoje.jpg?fit=1200%2C638&ssl=1&resize=350%2C200","width":350,"height":200,"srcset":"https:\/\/i0.wp.com\/noticiasribeiraopreto.com.br\/wp-content\/uploads\/2023\/11\/bolsa-familia-na-conta-saiba-se-voce-vai-receber-hoje.jpg?fit=1200%2C638&ssl=1&resize=350%2C200 1x, https:\/\/i0.wp.com\/noticiasribeiraopreto.com.br\/wp-content\/uploads\/2023\/11\/bolsa-familia-na-conta-saiba-se-voce-vai-receber-hoje.jpg?fit=1200%2C638&ssl=1&resize=525%2C300 1.5x, https:\/\/i0.wp.com\/noticiasribeiraopreto.com.br\/wp-content\/uploads\/2023\/11\/bolsa-familia-na-conta-saiba-se-voce-vai-receber-hoje.jpg?fit=1200%2C638&ssl=1&resize=700%2C400 2x, https:\/\/i0.wp.com\/noticiasribeiraopreto.com.br\/wp-content\/uploads\/2023\/11\/bolsa-familia-na-conta-saiba-se-voce-vai-receber-hoje.jpg?fit=1200%2C638&ssl=1&resize=1050%2C600 3x"},"classes":[]},{"id":59815,"url":"https:\/\/noticiasribeiraopreto.com.br\/index.php\/2024\/10\/30\/hc-de-ribeirao-preto-tem-concursos-publicos-com-salarios-de-ate-r-56-mil-2\/","url_meta":{"origin":79508,"position":2},"title":"HC de Ribeir\u00e3o Preto tem concursos p\u00fablicos com sal\u00e1rios de at\u00e9 R$ 5,6 mil","author":"noticiasribeiraopreto.com.br","date":"30 de October de 2024","format":false,"excerpt":"O HC-RP (Hospital das Cl\u00ednicas de Ribeir\u00e3o Preto) publicou edital de seis novos concursos p\u00fablicos de n\u00edvel m\u00e9dio e superior, com sal\u00e1rios que variam entre R$ 2,5 mil e R$ 5,6 mil. As oportunidades dispon\u00edveis s\u00e3o para t\u00e9cnico de laborat\u00f3rio, fonoaudi\u00f3logo e m\u00e9dico de diferentes especialidades \u2013 veja abaixo. As\u2026","rel":"","context":"In &quot;Not\u00edcias de Ribeir\u00e3o Preto-SP e Regi\u00e3o&quot;","block_context":{"text":"Not\u00edcias de Ribeir\u00e3o Preto-SP e Regi\u00e3o","link":"https:\/\/noticiasribeiraopreto.com.br\/index.php\/category\/noticias-de-ribeirao-preto-sp-e-regiao-ismael-colosi\/"},"img":{"alt_text":"","src":"https:\/\/i0.wp.com\/noticiasribeiraopreto.com.br\/wp-content\/uploads\/2024\/10\/hc-ribeirao-preto.jpg?fit=1200%2C675&ssl=1&resize=350%2C200","width":350,"height":200,"srcset":"https:\/\/i0.wp.com\/noticiasribeiraopreto.com.br\/wp-content\/uploads\/2024\/10\/hc-ribeirao-preto.jpg?fit=1200%2C675&ssl=1&resize=350%2C200 1x, https:\/\/i0.wp.com\/noticiasribeiraopreto.com.br\/wp-content\/uploads\/2024\/10\/hc-ribeirao-preto.jpg?fit=1200%2C675&ssl=1&resize=525%2C300 1.5x, https:\/\/i0.wp.com\/noticiasribeiraopreto.com.br\/wp-content\/uploads\/2024\/10\/hc-ribeirao-preto.jpg?fit=1200%2C675&ssl=1&resize=700%2C400 2x, https:\/\/i0.wp.com\/noticiasribeiraopreto.com.br\/wp-content\/uploads\/2024\/10\/hc-ribeirao-preto.jpg?fit=1200%2C675&ssl=1&resize=1050%2C600 3x"},"classes":[]},{"id":3421,"url":"https:\/\/noticiasribeiraopreto.com.br\/index.php\/2023\/11\/18\/black-friday-veja-as-promocoes-do-shopping-iguatemi-de-ribeirao-preto\/","url_meta":{"origin":79508,"position":3},"title":"Black Friday: Veja as promo\u00e7\u00f5es do Shopping Iguatemi de Ribeir\u00e3o Preto","author":"noticiasribeiraopreto.com.br","date":"18 de November de 2023","format":false,"excerpt":"Falta menos de uma semana para data oficial da Black Friday \u2013 que \u00e9 24 de novembro \u2013 e muitas lojas j\u00e1 iniciaram as promo\u00e7\u00f5es ou j\u00e1 divulgaram a data do in\u00edcio das ofertas. No Shopping Iguatemi, na zona Sul de Ribeir\u00e3o Preto, por exemplo, v\u00e1rias lojas aderiam e divulgaram\u2026","rel":"","context":"In &quot;Not\u00edcias de Ribeir\u00e3o Preto-SP e Regi\u00e3o&quot;","block_context":{"text":"Not\u00edcias de Ribeir\u00e3o Preto-SP e Regi\u00e3o","link":"https:\/\/noticiasribeiraopreto.com.br\/index.php\/category\/noticias-de-ribeirao-preto-sp-e-regiao-ismael-colosi\/"},"img":{"alt_text":"","src":"https:\/\/i0.wp.com\/noticiasribeiraopreto.com.br\/wp-content\/uploads\/2023\/11\/WhatsApp-Image-2023-11-17-at-13.51.16.jpeg?fit=696%2C464&ssl=1&resize=350%2C200","width":350,"height":200,"srcset":"https:\/\/i0.wp.com\/noticiasribeiraopreto.com.br\/wp-content\/uploads\/2023\/11\/WhatsApp-Image-2023-11-17-at-13.51.16.jpeg?fit=696%2C464&ssl=1&resize=350%2C200 1x, https:\/\/i0.wp.com\/noticiasribeiraopreto.com.br\/wp-content\/uploads\/2023\/11\/WhatsApp-Image-2023-11-17-at-13.51.16.jpeg?fit=696%2C464&ssl=1&resize=525%2C300 1.5x"},"classes":[]},{"id":6531,"url":"https:\/\/noticiasribeiraopreto.com.br\/index.php\/2023\/11\/26\/pagamentos-antecipados-do-bolsa-familia-beneficiam-brasileiros\/","url_meta":{"origin":79508,"position":4},"title":"Pagamentos antecipados do Bolsa Fam\u00edlia beneficiam brasileiros","author":"noticiasribeiraopreto.com.br","date":"26 de November de 2023","format":false,"excerpt":"Cr\u00e9ditos: MDAS\/Divulga\u00e7\u00e3oO calend\u00e1rio do Bolsa Fam\u00edlia de novembro est\u00e1 SURPREENDENTE Iniciando uma era de maior agilidade e antecipa\u00e7\u00e3o, o novo calend\u00e1rio do Bolsa Fam\u00edlia, implementado a partir de 17 de novembro, traz mudan\u00e7as significativas que beneficiar\u00e3o mais de 20 milh\u00f5es de fam\u00edlias em todo o Brasil. Neste m\u00eas, os pagamentos\u2026","rel":"","context":"In &quot;Variedades&quot;","block_context":{"text":"Variedades","link":"https:\/\/noticiasribeiraopreto.com.br\/index.php\/category\/variedades\/"},"img":{"alt_text":"","src":"https:\/\/i0.wp.com\/noticiasribeiraopreto.com.br\/wp-content\/uploads\/2023\/11\/bolsa-familia-paga-dinheiro-extra-hoje-saiba-quem-vai-receber.jpg?fit=1200%2C638&ssl=1&resize=350%2C200","width":350,"height":200,"srcset":"https:\/\/i0.wp.com\/noticiasribeiraopreto.com.br\/wp-content\/uploads\/2023\/11\/bolsa-familia-paga-dinheiro-extra-hoje-saiba-quem-vai-receber.jpg?fit=1200%2C638&ssl=1&resize=350%2C200 1x, https:\/\/i0.wp.com\/noticiasribeiraopreto.com.br\/wp-content\/uploads\/2023\/11\/bolsa-familia-paga-dinheiro-extra-hoje-saiba-quem-vai-receber.jpg?fit=1200%2C638&ssl=1&resize=525%2C300 1.5x, https:\/\/i0.wp.com\/noticiasribeiraopreto.com.br\/wp-content\/uploads\/2023\/11\/bolsa-familia-paga-dinheiro-extra-hoje-saiba-quem-vai-receber.jpg?fit=1200%2C638&ssl=1&resize=700%2C400 2x, https:\/\/i0.wp.com\/noticiasribeiraopreto.com.br\/wp-content\/uploads\/2023\/11\/bolsa-familia-paga-dinheiro-extra-hoje-saiba-quem-vai-receber.jpg?fit=1200%2C638&ssl=1&resize=1050%2C600 3x"},"classes":[]},{"id":79670,"url":"https:\/\/noticiasribeiraopreto.com.br\/index.php\/2025\/11\/05\/ribeirao-preto-recebe-temporada-de-espetaculo-de-danca-ainda-este-mes\/","url_meta":{"origin":79508,"position":5},"title":"Ribeir\u00e3o Preto recebe temporada de espet\u00e1culo de dan\u00e7a ainda este m\u00eas","author":"noticiasribeiraopreto.com.br","date":"5 de November de 2025","format":false,"excerpt":"Entre os dias 10 a 16 de novembro, Ribeir\u00e3o Preto recebe o espet\u00e1culo solo de dan\u00e7a \u201cOrigin\u00e1rio\u201d, com apresenta\u00e7\u00f5es gratuitas em escolas e outras abertas \u00e0 comunidade. A circula\u00e7\u00e3o conta com a presen\u00e7a do artista Lu\u00eds Silva e oficina de dan\u00e7a. O espet\u00e1culo simboliza a jornada de integra\u00e7\u00e3o na sociedade,\u2026","rel":"","context":"In &quot;Not\u00edcias de Ribeir\u00e3o Preto-SP e Regi\u00e3o&quot;","block_context":{"text":"Not\u00edcias de Ribeir\u00e3o Preto-SP e Regi\u00e3o","link":"https:\/\/noticiasribeiraopreto.com.br\/index.php\/category\/noticias-de-ribeirao-preto-sp-e-regiao-ismael-colosi\/"},"img":{"alt_text":"","src":"https:\/\/i0.wp.com\/noticiasribeiraopreto.com.br\/wp-content\/uploads\/2025\/11\/Foto-Ana-Leopoldino_2025-11-05_14-17-09.webp.webp?fit=1200%2C800&ssl=1&resize=350%2C200","width":350,"height":200,"srcset":"https:\/\/i0.wp.com\/noticiasribeiraopreto.com.br\/wp-content\/uploads\/2025\/11\/Foto-Ana-Leopoldino_2025-11-05_14-17-09.webp.webp?fit=1200%2C800&ssl=1&resize=350%2C200 1x, https:\/\/i0.wp.com\/noticiasribeiraopreto.com.br\/wp-content\/uploads\/2025\/11\/Foto-Ana-Leopoldino_2025-11-05_14-17-09.webp.webp?fit=1200%2C800&ssl=1&resize=525%2C300 1.5x, https:\/\/i0.wp.com\/noticiasribeiraopreto.com.br\/wp-content\/uploads\/2025\/11\/Foto-Ana-Leopoldino_2025-11-05_14-17-09.webp.webp?fit=1200%2C800&ssl=1&resize=700%2C400 2x, https:\/\/i0.wp.com\/noticiasribeiraopreto.com.br\/wp-content\/uploads\/2025\/11\/Foto-Ana-Leopoldino_2025-11-05_14-17-09.webp.webp?fit=1200%2C800&ssl=1&resize=1050%2C600 3x"},"classes":[]}],"jetpack_sharing_enabled":true,"jetpack_shortlink":"https:\/\/wp.me\/peQAOb-kGo","_links":{"self":[{"href":"https:\/\/noticiasribeiraopreto.com.br\/index.php\/wp-json\/wp\/v2\/posts\/79508","targetHints":{"allow":["GET"]}}],"collection":[{"href":"https:\/\/noticiasribeiraopreto.com.br\/index.php\/wp-json\/wp\/v2\/posts"}],"about":[{"href":"https:\/\/noticiasribeiraopreto.com.br\/index.php\/wp-json\/wp\/v2\/types\/post"}],"author":[{"embeddable":true,"href":"https:\/\/noticiasribeiraopreto.com.br\/index.php\/wp-json\/wp\/v2\/users\/1"}],"replies":[{"embeddable":true,"href":"https:\/\/noticiasribeiraopreto.com.br\/index.php\/wp-json\/wp\/v2\/comments?post=79508"}],"version-history":[{"count":0,"href":"https:\/\/noticiasribeiraopreto.com.br\/index.php\/wp-json\/wp\/v2\/posts\/79508\/revisions"}],"wp:featuredmedia":[{"embeddable":true,"href":"https:\/\/noticiasribeiraopreto.com.br\/index.php\/wp-json\/wp\/v2\/media\/79509"}],"wp:attachment":[{"href":"https:\/\/noticiasribeiraopreto.com.br\/index.php\/wp-json\/wp\/v2\/media?parent=79508"}],"wp:term":[{"taxonomy":"category","embeddable":true,"href":"https:\/\/noticiasribeiraopreto.com.br\/index.php\/wp-json\/wp\/v2\/categories?post=79508"},{"taxonomy":"post_tag","embeddable":true,"href":"https:\/\/noticiasribeiraopreto.com.br\/index.php\/wp-json\/wp\/v2\/tags?post=79508"}],"curies":[{"name":"wp","href":"https:\/\/api.w.org\/{rel}","templated":true}]}}