{"id":79512,"date":"2025-11-03T13:10:41","date_gmt":"2025-11-03T16:10:41","guid":{"rendered":"https:\/\/noticiasribeiraopreto.com.br\/index.php\/2025\/11\/03\/ribeirao-preto-recebe-concerto-gratuito-com-obras-de-brahms-e-mozart-em-dialogo-com-a-musica-chinesa\/"},"modified":"2025-11-03T13:10:41","modified_gmt":"2025-11-03T16:10:41","slug":"ribeirao-preto-recebe-concerto-gratuito-com-obras-de-brahms-e-mozart-em-dialogo-com-a-musica-chinesa","status":"publish","type":"post","link":"https:\/\/noticiasribeiraopreto.com.br\/index.php\/2025\/11\/03\/ribeirao-preto-recebe-concerto-gratuito-com-obras-de-brahms-e-mozart-em-dialogo-com-a-musica-chinesa\/","title":{"rendered":"Ribeir\u00e3o Preto recebe concerto gratuito com obras de Brahms e Mozart em di\u00e1logo com a m\u00fasica chinesa"},"content":{"rendered":"<div class='code-block code-block-1' style='margin: 8px 0 8px auto; text-align: right; display: block; clear: both;'>\n<p><a href=\"https:\/\/wa.link\/vpicfd\"><img data-recalc-dims=\"1\" class=\"wp-image-4922\" style=\"aspect-ratio: 2.0253164556962027; width: 561px; height: auto;\" src=\"https:\/\/i0.wp.com\/ismaelcolosi.com.br\/wp-content\/uploads\/2023\/11\/grupo-de-empregos-whatsapp-e-facebook-ismael-colosi-vagas.jpg?ssl=1\" alt=\"\" \/><\/a><\/p>\n<!-- \/wp:image -->\n<\/div>\n<p> <br \/>\n<\/p>\n<div>\n<p><strong>Ribeir\u00e3o Preto<\/strong> recebe um concerto gratuito que promete encantar p\u00fablicos de todas as idades. O Minist\u00e9rio da Cultura e a CPFL Energia apresentam os <strong>Concertos EPTV 2025<\/strong>, nesta quarta-feira (5), \u00e0s 20h, no <strong>Theatro Pedro II<\/strong>.<\/p>\n<p>A turn\u00ea, que tem a miss\u00e3o cont\u00ednua de levar m\u00fasica de alta qualidade ao interior do Estado de S\u00e3o Paulo, unindo pe\u00e7as da m\u00fasica cl\u00e1ssica \u00e0s sonoridades tradicionais da China, \u00e9 um convite para quem j\u00e1 ama concertos de c\u00e2mara e tamb\u00e9m para quem vai ter essa experi\u00eancia pela primeira vez.<\/p>\n<p>Os<strong> Concertos EPTV 2025<\/strong> integram a <strong>9\u00aa edi\u00e7\u00e3o do Interc\u00e2mbio Cultural Brasil-China<\/strong>, iniciativa do<strong> Instituto CPFL <\/strong>que desde 2016 aproxima os dois pa\u00edses por meio da arte e da cultura. A iniciativa tamb\u00e9m passar\u00e1 por<strong> Franca (6\/11)<\/strong>, <strong>Araraquara (7\/11)<\/strong>, <strong>Piracicaba (9\/11) <\/strong>e <strong>Cosm\u00f3polis (16\/11)<\/strong>.<\/p>\n<h2 class=\"wp-block-heading\"><strong>O concerto<\/strong><\/h2>\n<p>Na primeira parte do concerto, o trio formado por Pablo de Le\u00f3n, spalla do Theatro Municipal de S\u00e3o Paulo, Hor\u00e1cio Schaefer, chefe de naipe das violas da Osesp, e o violoncelista Roberto Ring convida os m\u00fasicos Tong Zijuan e Qinxiang Gao para um momento contemplativo, evocando a rica natureza dos vales e montanhas da China.<\/p>\n<p>A magia da m\u00fasica tradicional chinesa ganha destaque por meio do pip\u00e1 e do yangqin, instrumentos capazes de transportar o p\u00fablico a diferentes paisagens sonoras.<\/p>\n<p>Na segunda parte, o trio se amplia com a presen\u00e7a de m\u00fasicos brasileiros de grande destaque: a violinista Cristiane de Le\u00f3n, o violista Renato Bandel e o violoncelista Andr\u00e9 Micheletti, que se unem ao trio anfitri\u00e3o em apresenta\u00e7\u00f5es que ter\u00e3o obras primas de Mozart e Brahms.<\/p>\n<figure class=\"wp-block-gallery has-nested-images columns-default is-cropped wp-block-gallery-1 is-layout-flex wp-block-gallery-is-layout-flex\">\n<figure class=\"wp-block-image size-large\"><img data-recalc-dims=\"1\" fetchpriority=\"high\" decoding=\"async\" width=\"600\" height=\"800\" data-id=\"134501\" src=\"https:\/\/i0.wp.com\/cdn.media-acidadeon.com.br\/ribeiraopreto\/wp-content\/uploads\/sites\/3\/2025\/11\/1_2025-11-03_15-15-41.webp?resize=600%2C800&#038;ssl=1\" alt=\"1 2025 11 03 15 15 41\" class=\"wp-image-134501\" title=\"Ribeir\u00e3o Preto recebe concerto gratuito com obras de Brahms e Mozart em di\u00e1logo com a m\u00fasica chinesa 1\" srcset=\"https:\/\/cdn.media-acidadeon.com.br\/ribeiraopreto\/wp-content\/uploads\/sites\/3\/2025\/11\/1_2025-11-03_15-15-41.webp 600w, https:\/\/cdn.media-acidadeon.com.br\/ribeiraopreto\/wp-content\/uploads\/sites\/3\/2025\/11\/1_2025-11-03_15-15-41-225x300.webp 225w\" sizes=\"(max-width: 600px) 100vw, 600px\"\/><figcaption class=\"wp-element-caption\">Tong Zijuan (Foto: divulga\u00e7\u00e3o)<\/figcaption><\/figure>\n<figure class=\"wp-block-image size-large\"><img data-recalc-dims=\"1\" loading=\"lazy\" decoding=\"async\" width=\"1024\" height=\"1003\" data-id=\"134504\" src=\"https:\/\/i0.wp.com\/cdn.media-acidadeon.com.br\/ribeiraopreto\/wp-content\/uploads\/sites\/3\/2025\/11\/2_2025-11-03_15-15-41-1024x1003.webp?resize=1024%2C1003&#038;ssl=1\" alt=\"2 2025 11 03 15 15 41\" class=\"wp-image-134504\" title=\"Ribeir\u00e3o Preto recebe concerto gratuito com obras de Brahms e Mozart em di\u00e1logo com a m\u00fasica chinesa 2\" srcset=\"https:\/\/cdn.media-acidadeon.com.br\/ribeiraopreto\/wp-content\/uploads\/sites\/3\/2025\/11\/2_2025-11-03_15-15-41-1024x1003.webp 1024w, https:\/\/cdn.media-acidadeon.com.br\/ribeiraopreto\/wp-content\/uploads\/sites\/3\/2025\/11\/2_2025-11-03_15-15-41-300x294.webp 300w, https:\/\/cdn.media-acidadeon.com.br\/ribeiraopreto\/wp-content\/uploads\/sites\/3\/2025\/11\/2_2025-11-03_15-15-41-768x752.webp 768w, https:\/\/cdn.media-acidadeon.com.br\/ribeiraopreto\/wp-content\/uploads\/sites\/3\/2025\/11\/2_2025-11-03_15-15-41-696x682.webp 696w, https:\/\/cdn.media-acidadeon.com.br\/ribeiraopreto\/wp-content\/uploads\/sites\/3\/2025\/11\/2_2025-11-03_15-15-41-1068x1046.webp 1068w, https:\/\/cdn.media-acidadeon.com.br\/ribeiraopreto\/wp-content\/uploads\/sites\/3\/2025\/11\/2_2025-11-03_15-15-41.webp 1200w\" sizes=\"auto, (max-width: 1024px) 100vw, 1024px\"\/><figcaption class=\"wp-element-caption\">Qinxiang Gao (Foto: divulga\u00e7\u00e3o)<\/figcaption><\/figure>\n<figure class=\"wp-block-image size-large\"><img data-recalc-dims=\"1\" loading=\"lazy\" decoding=\"async\" width=\"786\" height=\"1024\" data-id=\"134500\" src=\"https:\/\/i0.wp.com\/cdn.media-acidadeon.com.br\/ribeiraopreto\/wp-content\/uploads\/sites\/3\/2025\/11\/3_2025-11-03_15-15-41-786x1024.webp?resize=786%2C1024&#038;ssl=1\" alt=\"3 2025 11 03 15 15 41\" class=\"wp-image-134500\" title=\"Ribeir\u00e3o Preto recebe concerto gratuito com obras de Brahms e Mozart em di\u00e1logo com a m\u00fasica chinesa 3\" srcset=\"https:\/\/cdn.media-acidadeon.com.br\/ribeiraopreto\/wp-content\/uploads\/sites\/3\/2025\/11\/3_2025-11-03_15-15-41-786x1024.webp 786w, https:\/\/cdn.media-acidadeon.com.br\/ribeiraopreto\/wp-content\/uploads\/sites\/3\/2025\/11\/3_2025-11-03_15-15-41-230x300.webp 230w, https:\/\/cdn.media-acidadeon.com.br\/ribeiraopreto\/wp-content\/uploads\/sites\/3\/2025\/11\/3_2025-11-03_15-15-41-768x1001.webp 768w, https:\/\/cdn.media-acidadeon.com.br\/ribeiraopreto\/wp-content\/uploads\/sites\/3\/2025\/11\/3_2025-11-03_15-15-41-696x907.webp 696w, https:\/\/cdn.media-acidadeon.com.br\/ribeiraopreto\/wp-content\/uploads\/sites\/3\/2025\/11\/3_2025-11-03_15-15-41.webp 982w\" sizes=\"auto, (max-width: 786px) 100vw, 786px\"\/><figcaption class=\"wp-element-caption\">Cristiane de Le\u00f3n (Foto: divulga\u00e7\u00e3o)<\/figcaption><\/figure>\n<figure class=\"wp-block-image size-large\"><img data-recalc-dims=\"1\" loading=\"lazy\" decoding=\"async\" width=\"1024\" height=\"819\" data-id=\"134503\" src=\"https:\/\/i0.wp.com\/cdn.media-acidadeon.com.br\/ribeiraopreto\/wp-content\/uploads\/sites\/3\/2025\/11\/4_2025-11-03_15-15-41-1024x819.webp?resize=1024%2C819&#038;ssl=1\" alt=\"4 2025 11 03 15 15 41\" class=\"wp-image-134503\" title=\"Ribeir\u00e3o Preto recebe concerto gratuito com obras de Brahms e Mozart em di\u00e1logo com a m\u00fasica chinesa 4\" srcset=\"https:\/\/cdn.media-acidadeon.com.br\/ribeiraopreto\/wp-content\/uploads\/sites\/3\/2025\/11\/4_2025-11-03_15-15-41-1024x819.webp 1024w, https:\/\/cdn.media-acidadeon.com.br\/ribeiraopreto\/wp-content\/uploads\/sites\/3\/2025\/11\/4_2025-11-03_15-15-41-300x240.webp 300w, https:\/\/cdn.media-acidadeon.com.br\/ribeiraopreto\/wp-content\/uploads\/sites\/3\/2025\/11\/4_2025-11-03_15-15-41-768x614.webp 768w, https:\/\/cdn.media-acidadeon.com.br\/ribeiraopreto\/wp-content\/uploads\/sites\/3\/2025\/11\/4_2025-11-03_15-15-41-696x557.webp 696w, https:\/\/cdn.media-acidadeon.com.br\/ribeiraopreto\/wp-content\/uploads\/sites\/3\/2025\/11\/4_2025-11-03_15-15-41-1068x854.webp 1068w, https:\/\/cdn.media-acidadeon.com.br\/ribeiraopreto\/wp-content\/uploads\/sites\/3\/2025\/11\/4_2025-11-03_15-15-41.webp 1200w\" sizes=\"auto, (max-width: 1024px) 100vw, 1024px\"\/><figcaption class=\"wp-element-caption\">Renato Bandel (Foto: divulga\u00e7\u00e3o)<\/figcaption><\/figure>\n<figure class=\"wp-block-image size-large\"><img data-recalc-dims=\"1\" loading=\"lazy\" decoding=\"async\" width=\"809\" height=\"1024\" data-id=\"134502\" src=\"https:\/\/i0.wp.com\/cdn.media-acidadeon.com.br\/ribeiraopreto\/wp-content\/uploads\/sites\/3\/2025\/11\/5_2025-11-03_15-15-41-809x1024.webp?resize=809%2C1024&#038;ssl=1\" alt=\"5 2025 11 03 15 15 41\" class=\"wp-image-134502\" title=\"Ribeir\u00e3o Preto recebe concerto gratuito com obras de Brahms e Mozart em di\u00e1logo com a m\u00fasica chinesa 5\" srcset=\"https:\/\/cdn.media-acidadeon.com.br\/ribeiraopreto\/wp-content\/uploads\/sites\/3\/2025\/11\/5_2025-11-03_15-15-41-809x1024.webp 809w, https:\/\/cdn.media-acidadeon.com.br\/ribeiraopreto\/wp-content\/uploads\/sites\/3\/2025\/11\/5_2025-11-03_15-15-41-237x300.webp 237w, https:\/\/cdn.media-acidadeon.com.br\/ribeiraopreto\/wp-content\/uploads\/sites\/3\/2025\/11\/5_2025-11-03_15-15-41-768x972.webp 768w, https:\/\/cdn.media-acidadeon.com.br\/ribeiraopreto\/wp-content\/uploads\/sites\/3\/2025\/11\/5_2025-11-03_15-15-41-696x881.webp 696w, https:\/\/cdn.media-acidadeon.com.br\/ribeiraopreto\/wp-content\/uploads\/sites\/3\/2025\/11\/5_2025-11-03_15-15-41-1068x1352.webp 1068w, https:\/\/cdn.media-acidadeon.com.br\/ribeiraopreto\/wp-content\/uploads\/sites\/3\/2025\/11\/5_2025-11-03_15-15-41.webp 1140w\" sizes=\"auto, (max-width: 809px) 100vw, 809px\"\/><figcaption class=\"wp-element-caption\">Andr\u00e9 Micheletti (Foto: divulga\u00e7\u00e3o)<\/figcaption><\/figure>\n<\/figure>\n<p>Os <strong>Concertos EPTV<\/strong> fazem parte de um projeto cultural dedicado a levar a m\u00fasica cl\u00e1ssica e erudita a diversas cidades do interior paulista. A cada edi\u00e7\u00e3o, cresce a ades\u00e3o e o entusiasmo do p\u00fablico, revelando um encantamento genu\u00edno diante da qualidade apresentada.<\/p>\n<p>Nesse contexto, as apresenta\u00e7\u00f5es reafirmam o papel transformador da m\u00fasica de c\u00e2mara: aproximam diferentes p\u00fablicos, ampliam horizontes e oferecem contato direto com interpreta\u00e7\u00f5es de excel\u00eancia.<\/p>\n<p>\u201cN\u00f3s queremos escuta, proximidade e descoberta. Quando colocamos o romantismo europeu lado a lado com a poesia dos timbres chineses, o p\u00fablico pode perceber que a m\u00fasica fala muitas l\u00ednguas e que todas cabem na mesma sala\u201d, afirma o violoncelista Roberto Ring.<\/p>\n<p>\u201cNosso prop\u00f3sito \u00e9 excel\u00eancia com acesso: queremos que mais pessoas se reconhe\u00e7am nesse encontro\u201d, completa.<\/p>\n<p>A apresenta\u00e7\u00e3o contar\u00e1 ainda com audiodescri\u00e7\u00e3o, a\u00e7\u00e3o de acessibilidade destinada a pessoas com defici\u00eancia visual. A entrada \u00e9 gratuita e os ingressos podem ser retirados a partir de 4 de novembro, na bilheteria do Theatro Pedro II. Classifica\u00e7\u00e3o: 10 anos.<\/p>\n<h2 class=\"wp-block-heading\"><strong>Servi\u00e7o<\/strong><\/h2>\n<p><strong>CONCERTOS EPTV 2025 \u2013 RIBEIR\u00c3O PRETO<br \/>Onde:<\/strong> Theatro Pedro II \u2013 Rua \u00c1lvares Cabral, 370 \u2013 Centro<br \/><strong>Quando: <\/strong>5 de novembro, quarta-feira, 20h<br \/><strong>Informa\u00e7\u00f5es: <\/strong>(16) 3977-8111 ou pelo site (<a href=\"https:\/\/stravinsky.com.br\/\" data-type=\"link\" data-id=\"https:\/\/stravinsky.com.br\/\" target=\"_blank\" rel=\"noopener\">clique aqui<\/a>)<br \/><strong>Redes sociais:<br \/><\/strong><a href=\"https:\/\/www.instagram.com\/stravinskyproducoes\/\" data-type=\"link\" data-id=\"https:\/\/www.instagram.com\/stravinskyproducoes\/\" target=\"_blank\" rel=\"noopener\">Instagram<\/a><br \/><a href=\"https:\/\/www.facebook.com\/stravinskyproducoes\" data-type=\"link\" data-id=\"https:\/\/www.facebook.com\/stravinskyproducoes\" target=\"_blank\" rel=\"noopener\">Facebook<\/a><\/p>\n<p>SAIBA MAIS<br \/>A chuva continua? Veja a previs\u00e3o do tempo para Ribeir\u00e3o Preto nos pr\u00f3ximos dias<\/p>\n<h2 class=\"wp-block-heading\"><strong>FIQUE ON<\/strong><\/h2>\n<p>Fique ligado em tudo que acontece em Ribeir\u00e3o Preto e regi\u00e3o. Siga os perfis do\u00a0<strong>acidade on<\/strong>\u00a0no<a href=\"https:\/\/www.instagram.com\/acidadeonribeirao\" target=\"_blank\" rel=\"noreferrer noopener\">\u00a0Instagram<\/a>\u00a0e no<a href=\"https:\/\/www.facebook.com\/acidadeonribeirao\/\" target=\"_blank\" rel=\"noreferrer noopener\">\u00a0Facebook<\/a>.<\/p>\n<p>Receba not\u00edcias do\u00a0<strong>acidade on<\/strong>\u00a0no WhatsApp. Para entrar no grupo,\u00a0basta\u00a0<a href=\"https:\/\/chat.whatsapp.com\/I4nieTEMKlf50pJ28aMemC?mode=ac_t\" target=\"_blank\" rel=\"noreferrer noopener\">clicar aqui<\/a>. Ou, acesse o nosso\u00a0Canal<a href=\"https:\/\/whatsapp.com\/channel\/0029Vb6IQl1JENyAeS57fk2p\" target=\"_blank\" rel=\"noreferrer noopener\">\u00a0clicando aqui<\/a>.<\/p>\n<p>Fa\u00e7a uma den\u00fancia ou sugira uma reportagem sobre Ribeir\u00e3o Preto e regi\u00e3o pelo WhatsApp: 16 99117 7802.<\/p>\n<p>VEJA TAMB\u00c9M<br \/>La Nin\u00e3 vai durar at\u00e9 quando?<\/p>\n<p><!-- AI CONTENT END 1 -->\n<\/div>\n<p><script async src=\"\/\/www.instagram.com\/embed.js\"><\/script><br \/>\n<br \/><br \/>\n<br \/><a href=\"https:\/\/www.acidadeon.com\/ribeiraopreto\/lazer-e-cultura\/ribeirao-preto-recebe-concerto-gratuito-com-obras-de-brahms-e-mozart-em-dialogo-com-a-musica-chinesa\/\">Source link <\/a><\/p>\n<!-- CONTENT END 1 -->\n","protected":false},"excerpt":{"rendered":"<p>Ribeir\u00e3o Preto recebe um concerto gratuito que promete encantar p\u00fablicos de todas as idades. O Minist\u00e9rio da Cultura e a CPFL Energia apresentam os Concertos&#8230;<\/p>\n","protected":false},"author":1,"featured_media":79513,"comment_status":"open","ping_status":"open","sticky":false,"template":"","format":"standard","meta":{"advanced_seo_description":"","jetpack_seo_html_title":"","jetpack_seo_noindex":false,"jetpack_post_was_ever_published":false,"_jetpack_newsletter_access":"","_jetpack_dont_email_post_to_subs":false,"_jetpack_newsletter_tier_id":0,"_jetpack_memberships_contains_paywalled_content":false,"_jetpack_memberships_contains_paid_content":false,"footnotes":"","jetpack_publicize_message":"","jetpack_publicize_feature_enabled":true,"jetpack_social_post_already_shared":true,"jetpack_social_options":{"image_generator_settings":{"template":"highway","default_image_id":0,"font":"","enabled":false},"version":2}},"categories":[11],"tags":[],"class_list":["post-79512","post","type-post","status-publish","format-standard","has-post-thumbnail","hentry","category-noticias-de-ribeirao-preto-sp-e-regiao-ismael-colosi"],"jetpack_publicize_connections":[],"jetpack_featured_media_url":"https:\/\/i0.wp.com\/noticiasribeiraopreto.com.br\/wp-content\/uploads\/2025\/11\/concertos-eptv_2025-11-03_15-13-08.webp.webp?fit=1200%2C880&ssl=1","jetpack-related-posts":[{"id":79717,"url":"https:\/\/noticiasribeiraopreto.com.br\/index.php\/2025\/11\/06\/franca-recebe-concerto-gratuito-com-obras-de-brahms-e-mozart\/","url_meta":{"origin":79512,"position":0},"title":"Franca recebe concerto gratuito com obras de Brahms e Mozart","author":"noticiasribeiraopreto.com.br","date":"6 de November de 2025","format":false,"excerpt":"Franca recebe um concerto gratuito que promete encantar p\u00fablicos de todas as idades. O Minist\u00e9rio da Cultura e a CPFL Energia apresentam os Concertos EPTV 2025, nesta quinta-feira (6), \u00e0s 20h, no Teatro Municipal Jos\u00e9 Cyrino Goulart. A turn\u00ea, que tem a miss\u00e3o cont\u00ednua de levar m\u00fasica de alta qualidade\u2026","rel":"","context":"In &quot;Not\u00edcias de Ribeir\u00e3o Preto-SP e Regi\u00e3o&quot;","block_context":{"text":"Not\u00edcias de Ribeir\u00e3o Preto-SP e Regi\u00e3o","link":"https:\/\/noticiasribeiraopreto.com.br\/index.php\/category\/noticias-de-ribeirao-preto-sp-e-regiao-ismael-colosi\/"},"img":{"alt_text":"","src":"https:\/\/i0.wp.com\/noticiasribeiraopreto.com.br\/wp-content\/uploads\/2025\/11\/concertos-eptv_2025-11-03_15-13-08.webp.webp?fit=1200%2C880&ssl=1&resize=350%2C200","width":350,"height":200,"srcset":"https:\/\/i0.wp.com\/noticiasribeiraopreto.com.br\/wp-content\/uploads\/2025\/11\/concertos-eptv_2025-11-03_15-13-08.webp.webp?fit=1200%2C880&ssl=1&resize=350%2C200 1x, https:\/\/i0.wp.com\/noticiasribeiraopreto.com.br\/wp-content\/uploads\/2025\/11\/concertos-eptv_2025-11-03_15-13-08.webp.webp?fit=1200%2C880&ssl=1&resize=525%2C300 1.5x, https:\/\/i0.wp.com\/noticiasribeiraopreto.com.br\/wp-content\/uploads\/2025\/11\/concertos-eptv_2025-11-03_15-13-08.webp.webp?fit=1200%2C880&ssl=1&resize=700%2C400 2x, https:\/\/i0.wp.com\/noticiasribeiraopreto.com.br\/wp-content\/uploads\/2025\/11\/concertos-eptv_2025-11-03_15-13-08.webp.webp?fit=1200%2C880&ssl=1&resize=1050%2C600 3x"},"classes":[]},{"id":71432,"url":"https:\/\/noticiasribeiraopreto.com.br\/index.php\/2025\/06\/05\/ribeirao-recebe-concerto-gratuito-com-orquestra-e-sucessos-da-musica-brasileira\/","url_meta":{"origin":79512,"position":1},"title":"Ribeir\u00e3o recebe concerto gratuito com orquestra e sucessos da m\u00fasica brasileira","author":"noticiasribeiraopreto.com.br","date":"5 de June de 2025","format":false,"excerpt":"O Teatro Municipal de Ribeir\u00e3o Preto recebe no pr\u00f3ximo domingo (18), \u00e0s 19h, uma apresenta\u00e7\u00e3o gratuita da turn\u00ea do concerto \u201cTons do Brasil\u201d, com a Orquestra Lyra Mojimiriana. Sob a reg\u00eancia do Maestro Carlos Lima, o concerto pretende apresentar vers\u00f5es sinf\u00f4nicas de grandes sucessos da m\u00fasica brasileira. Portanto, contar\u00e1 com\u2026","rel":"","context":"In &quot;Not\u00edcias de Ribeir\u00e3o Preto-SP e Regi\u00e3o&quot;","block_context":{"text":"Not\u00edcias de Ribeir\u00e3o Preto-SP e Regi\u00e3o","link":"https:\/\/noticiasribeiraopreto.com.br\/index.php\/category\/noticias-de-ribeirao-preto-sp-e-regiao-ismael-colosi\/"},"img":{"alt_text":"","src":"https:\/\/i0.wp.com\/noticiasribeiraopreto.com.br\/wp-content\/uploads\/2025\/06\/42a0954a-fb80-451a-a4de-8566854947e3_2025-06-05_18-43-31.webp.webp?fit=1200%2C900&ssl=1&resize=350%2C200","width":350,"height":200,"srcset":"https:\/\/i0.wp.com\/noticiasribeiraopreto.com.br\/wp-content\/uploads\/2025\/06\/42a0954a-fb80-451a-a4de-8566854947e3_2025-06-05_18-43-31.webp.webp?fit=1200%2C900&ssl=1&resize=350%2C200 1x, https:\/\/i0.wp.com\/noticiasribeiraopreto.com.br\/wp-content\/uploads\/2025\/06\/42a0954a-fb80-451a-a4de-8566854947e3_2025-06-05_18-43-31.webp.webp?fit=1200%2C900&ssl=1&resize=525%2C300 1.5x, https:\/\/i0.wp.com\/noticiasribeiraopreto.com.br\/wp-content\/uploads\/2025\/06\/42a0954a-fb80-451a-a4de-8566854947e3_2025-06-05_18-43-31.webp.webp?fit=1200%2C900&ssl=1&resize=700%2C400 2x, https:\/\/i0.wp.com\/noticiasribeiraopreto.com.br\/wp-content\/uploads\/2025\/06\/42a0954a-fb80-451a-a4de-8566854947e3_2025-06-05_18-43-31.webp.webp?fit=1200%2C900&ssl=1&resize=1050%2C600 3x"},"classes":[]},{"id":70679,"url":"https:\/\/noticiasribeiraopreto.com.br\/index.php\/2025\/05\/28\/concerto-gratuito-na-catedral-de-ribeirao-preto-leva-obras-sacras-ao-publico-veja-quando\/","url_meta":{"origin":79512,"position":2},"title":"Concerto gratuito na Catedral de Ribeir\u00e3o Preto leva obras sacras ao p\u00fablico; Veja quando","author":"noticiasribeiraopreto.com.br","date":"28 de May de 2025","format":false,"excerpt":"A Catedral Metropolitana de Ribeir\u00e3o Preto, no Centro do munic\u00edpio, recebe neste domingo (1\u00ba), \u00e0s 20h, mais uma edi\u00e7\u00e3o do Concerto USP na Catedral, programa\u00e7\u00e3o cultural que integra a campanha \u201cSalve a Catedral\u201d. A entrada \u00e9 gratuita e aberta \u00e0 popula\u00e7\u00e3o. Com o programa \u201cExsultate Deo: A M\u00fasica e o\u2026","rel":"","context":"In &quot;Not\u00edcias de Ribeir\u00e3o Preto-SP e Regi\u00e3o&quot;","block_context":{"text":"Not\u00edcias de Ribeir\u00e3o Preto-SP e Regi\u00e3o","link":"https:\/\/noticiasribeiraopreto.com.br\/index.php\/category\/noticias-de-ribeirao-preto-sp-e-regiao-ismael-colosi\/"},"img":{"alt_text":"","src":"https:\/\/i0.wp.com\/noticiasribeiraopreto.com.br\/wp-content\/uploads\/2025\/05\/20220618_024226476_catedral_sao_1200x675_17062022004910-1.jpg?fit=1200%2C675&ssl=1&resize=350%2C200","width":350,"height":200,"srcset":"https:\/\/i0.wp.com\/noticiasribeiraopreto.com.br\/wp-content\/uploads\/2025\/05\/20220618_024226476_catedral_sao_1200x675_17062022004910-1.jpg?fit=1200%2C675&ssl=1&resize=350%2C200 1x, https:\/\/i0.wp.com\/noticiasribeiraopreto.com.br\/wp-content\/uploads\/2025\/05\/20220618_024226476_catedral_sao_1200x675_17062022004910-1.jpg?fit=1200%2C675&ssl=1&resize=525%2C300 1.5x, https:\/\/i0.wp.com\/noticiasribeiraopreto.com.br\/wp-content\/uploads\/2025\/05\/20220618_024226476_catedral_sao_1200x675_17062022004910-1.jpg?fit=1200%2C675&ssl=1&resize=700%2C400 2x, https:\/\/i0.wp.com\/noticiasribeiraopreto.com.br\/wp-content\/uploads\/2025\/05\/20220618_024226476_catedral_sao_1200x675_17062022004910-1.jpg?fit=1200%2C675&ssl=1&resize=1050%2C600 3x"},"classes":[]},{"id":2755,"url":"https:\/\/noticiasribeiraopreto.com.br\/index.php\/2023\/11\/16\/usp-de-ribeirao-preto-realiza-concerto-gratuito\/","url_meta":{"origin":79512,"position":3},"title":"USP de Ribeir\u00e3o Preto realiza concerto gratuito\u00a0","author":"noticiasribeiraopreto.com.br","date":"16 de November de 2023","format":false,"excerpt":"A Sala de Concertos da Tulha da USP de Ribeir\u00e3o Preto, recebe, nesta sexta-feira (17), um concerto com o grupo de m\u00fasica de c\u00e2mara Ensemble Mentemanuque. A entrada \u00e9 gratuita. \u00a0 A apresenta\u00e7\u00e3o \u00e9 em celebra\u00e7\u00e3o ao Dia da Consci\u00eancia Negra com maestro e compositor Rubens Russomanno Ricciardi e participa\u00e7\u00e3o\u2026","rel":"","context":"In &quot;Not\u00edcias de Ribeir\u00e3o Preto-SP e Regi\u00e3o&quot;","block_context":{"text":"Not\u00edcias de Ribeir\u00e3o Preto-SP e Regi\u00e3o","link":"https:\/\/noticiasribeiraopreto.com.br\/index.php\/category\/noticias-de-ribeirao-preto-sp-e-regiao-ismael-colosi\/"},"img":{"alt_text":"","src":"https:\/\/i0.wp.com\/noticiasribeiraopreto.com.br\/wp-content\/uploads\/2023\/11\/Tulha-FFCLRP.png?fit=618%2C416&ssl=1&resize=350%2C200","width":350,"height":200,"srcset":"https:\/\/i0.wp.com\/noticiasribeiraopreto.com.br\/wp-content\/uploads\/2023\/11\/Tulha-FFCLRP.png?fit=618%2C416&ssl=1&resize=350%2C200 1x, https:\/\/i0.wp.com\/noticiasribeiraopreto.com.br\/wp-content\/uploads\/2023\/11\/Tulha-FFCLRP.png?fit=618%2C416&ssl=1&resize=525%2C300 1.5x"},"classes":[]},{"id":59161,"url":"https:\/\/noticiasribeiraopreto.com.br\/index.php\/2024\/10\/16\/concertos-eptv-obras-de-haydn-mozart-e-brahms-chegam-a-franca\/","url_meta":{"origin":79512,"position":4},"title":"Concertos EPTV: Obras de Haydn, Mozart e Brahms chegam a Franca","author":"noticiasribeiraopreto.com.br","date":"16 de October de 2024","format":false,"excerpt":"O Minist\u00e9rio do Turismo e a CPFL Energia apresentam a s\u00e9rie Concertos EPTV. Com a proposta permanente de levar m\u00fasica da melhor qualidade ao interior do Estado de S\u00e3o Paulo, a Temporada 2024 dos Concertos EPTV come\u00e7ou no m\u00eas de setembro e continua agora em outubro. Os concertos contam com\u2026","rel":"","context":"In &quot;Not\u00edcias de Ribeir\u00e3o Preto-SP e Regi\u00e3o&quot;","block_context":{"text":"Not\u00edcias de Ribeir\u00e3o Preto-SP e Regi\u00e3o","link":"https:\/\/noticiasribeiraopreto.com.br\/index.php\/category\/noticias-de-ribeirao-preto-sp-e-regiao-ismael-colosi\/"},"img":{"alt_text":"","src":"https:\/\/i0.wp.com\/noticiasribeiraopreto.com.br\/wp-content\/uploads\/2024\/10\/concertos-eptv_2024-10-16_15-46-03_jpg_2024-10-16_15-46-03.webp.webp?fit=900%2C556&ssl=1&resize=350%2C200","width":350,"height":200,"srcset":"https:\/\/i0.wp.com\/noticiasribeiraopreto.com.br\/wp-content\/uploads\/2024\/10\/concertos-eptv_2024-10-16_15-46-03_jpg_2024-10-16_15-46-03.webp.webp?fit=900%2C556&ssl=1&resize=350%2C200 1x, https:\/\/i0.wp.com\/noticiasribeiraopreto.com.br\/wp-content\/uploads\/2024\/10\/concertos-eptv_2024-10-16_15-46-03_jpg_2024-10-16_15-46-03.webp.webp?fit=900%2C556&ssl=1&resize=525%2C300 1.5x, https:\/\/i0.wp.com\/noticiasribeiraopreto.com.br\/wp-content\/uploads\/2024\/10\/concertos-eptv_2024-10-16_15-46-03_jpg_2024-10-16_15-46-03.webp.webp?fit=900%2C556&ssl=1&resize=700%2C400 2x"},"classes":[]},{"id":76757,"url":"https:\/\/noticiasribeiraopreto.com.br\/index.php\/2025\/09\/04\/catedral-de-ribeirao-preto-recebe-concerto-gratuito-veja-quando\/","url_meta":{"origin":79512,"position":5},"title":"Catedral de Ribeir\u00e3o Preto recebe concerto gratuito; veja quando","author":"noticiasribeiraopreto.com.br","date":"4 de September de 2025","format":false,"excerpt":"A Catedral Metropolitana de Ribeir\u00e3o Preto recebe neste domingo (7), \u00e0s 20h, mais uma edi\u00e7\u00e3o da s\u00e9rie Concertos USP na Catedral. A apresenta\u00e7\u00e3o tem entrada gratuita e re\u00fane jovens m\u00fasicos do Departamento de M\u00fasica da USP. O programa conta com a participa\u00e7\u00e3o de: Jo\u00e3o Henrique Moreira Duarte (viol\u00e3o) Lucas Menezes\u2026","rel":"","context":"In &quot;Not\u00edcias de Ribeir\u00e3o Preto-SP e Regi\u00e3o&quot;","block_context":{"text":"Not\u00edcias de Ribeir\u00e3o Preto-SP e Regi\u00e3o","link":"https:\/\/noticiasribeiraopreto.com.br\/index.php\/category\/noticias-de-ribeirao-preto-sp-e-regiao-ismael-colosi\/"},"img":{"alt_text":"","src":"https:\/\/i0.wp.com\/noticiasribeiraopreto.com.br\/wp-content\/uploads\/2025\/09\/catedral-ribeirao-preto_2025-05-24_16-57-04.webp.webp?fit=1200%2C800&ssl=1&resize=350%2C200","width":350,"height":200,"srcset":"https:\/\/i0.wp.com\/noticiasribeiraopreto.com.br\/wp-content\/uploads\/2025\/09\/catedral-ribeirao-preto_2025-05-24_16-57-04.webp.webp?fit=1200%2C800&ssl=1&resize=350%2C200 1x, https:\/\/i0.wp.com\/noticiasribeiraopreto.com.br\/wp-content\/uploads\/2025\/09\/catedral-ribeirao-preto_2025-05-24_16-57-04.webp.webp?fit=1200%2C800&ssl=1&resize=525%2C300 1.5x, https:\/\/i0.wp.com\/noticiasribeiraopreto.com.br\/wp-content\/uploads\/2025\/09\/catedral-ribeirao-preto_2025-05-24_16-57-04.webp.webp?fit=1200%2C800&ssl=1&resize=700%2C400 2x, https:\/\/i0.wp.com\/noticiasribeiraopreto.com.br\/wp-content\/uploads\/2025\/09\/catedral-ribeirao-preto_2025-05-24_16-57-04.webp.webp?fit=1200%2C800&ssl=1&resize=1050%2C600 3x"},"classes":[]}],"jetpack_sharing_enabled":true,"jetpack_shortlink":"https:\/\/wp.me\/peQAOb-kGs","_links":{"self":[{"href":"https:\/\/noticiasribeiraopreto.com.br\/index.php\/wp-json\/wp\/v2\/posts\/79512","targetHints":{"allow":["GET"]}}],"collection":[{"href":"https:\/\/noticiasribeiraopreto.com.br\/index.php\/wp-json\/wp\/v2\/posts"}],"about":[{"href":"https:\/\/noticiasribeiraopreto.com.br\/index.php\/wp-json\/wp\/v2\/types\/post"}],"author":[{"embeddable":true,"href":"https:\/\/noticiasribeiraopreto.com.br\/index.php\/wp-json\/wp\/v2\/users\/1"}],"replies":[{"embeddable":true,"href":"https:\/\/noticiasribeiraopreto.com.br\/index.php\/wp-json\/wp\/v2\/comments?post=79512"}],"version-history":[{"count":0,"href":"https:\/\/noticiasribeiraopreto.com.br\/index.php\/wp-json\/wp\/v2\/posts\/79512\/revisions"}],"wp:featuredmedia":[{"embeddable":true,"href":"https:\/\/noticiasribeiraopreto.com.br\/index.php\/wp-json\/wp\/v2\/media\/79513"}],"wp:attachment":[{"href":"https:\/\/noticiasribeiraopreto.com.br\/index.php\/wp-json\/wp\/v2\/media?parent=79512"}],"wp:term":[{"taxonomy":"category","embeddable":true,"href":"https:\/\/noticiasribeiraopreto.com.br\/index.php\/wp-json\/wp\/v2\/categories?post=79512"},{"taxonomy":"post_tag","embeddable":true,"href":"https:\/\/noticiasribeiraopreto.com.br\/index.php\/wp-json\/wp\/v2\/tags?post=79512"}],"curies":[{"name":"wp","href":"https:\/\/api.w.org\/{rel}","templated":true}]}}