{"id":79514,"date":"2025-11-03T13:18:16","date_gmt":"2025-11-03T16:18:16","guid":{"rendered":"https:\/\/noticiasribeiraopreto.com.br\/index.php\/2025\/11\/03\/parada-preta-chega-a-4a-edicao-em-ribeirao-com-acoes-culturais-e-celebracao-da-diversidade\/"},"modified":"2025-11-03T13:18:16","modified_gmt":"2025-11-03T16:18:16","slug":"parada-preta-chega-a-4a-edicao-em-ribeirao-com-acoes-culturais-e-celebracao-da-diversidade","status":"publish","type":"post","link":"https:\/\/noticiasribeiraopreto.com.br\/index.php\/2025\/11\/03\/parada-preta-chega-a-4a-edicao-em-ribeirao-com-acoes-culturais-e-celebracao-da-diversidade\/","title":{"rendered":"Parada Preta chega \u00e0 4\u00aa edi\u00e7\u00e3o em Ribeir\u00e3o com a\u00e7\u00f5es culturais e celebra\u00e7\u00e3o da diversidade"},"content":{"rendered":"<div class='code-block code-block-1' style='margin: 8px 0 8px auto; text-align: right; display: block; clear: both;'>\n<p><a href=\"https:\/\/wa.link\/vpicfd\"><img data-recalc-dims=\"1\" class=\"wp-image-4922\" style=\"aspect-ratio: 2.0253164556962027; width: 561px; height: auto;\" src=\"https:\/\/i0.wp.com\/ismaelcolosi.com.br\/wp-content\/uploads\/2023\/11\/grupo-de-empregos-whatsapp-e-facebook-ismael-colosi-vagas.jpg?ssl=1\" alt=\"\" \/><\/a><\/p>\n<!-- \/wp:image -->\n<\/div>\n<p> <br \/>\n<\/p>\n<div>\n<p>A quarta edi\u00e7\u00e3o da <strong>Parada Preta de Ribeir\u00e3o Preto<\/strong> ser\u00e1 lan\u00e7ada nesta ter\u00e7a-feira (4), \u00e0s 19h, no Shopping Santa \u00darsula, no Centro da cidade. <mark style=\"background-color:#fcb900\" class=\"has-inline-color\">O evento acontece no dia 9 de novembro, a partir das 13 horas, na Pra\u00e7a Chico Mendes, no Parque Ribeir\u00e3o.<\/mark><\/p>\n<p>A iniciativa, voltada \u00e0 <strong>valoriza\u00e7\u00e3o das comunidades negras LGBTQIAPN+<\/strong>, apresenta uma programa\u00e7\u00e3o que integra <strong>a\u00e7\u00f5es formativas<\/strong>, <strong>manifesta\u00e7\u00f5es art\u00edsticas <\/strong>e <strong>momentos de celebra\u00e7\u00e3o da diversidade<\/strong> \u2013 veja abaixo.<\/p>\n<p>Al\u00e9m do lan\u00e7amento, ser\u00e1 celebrada tamb\u00e9m a marca de quatro anos de atividades do Espa\u00e7o Coletivo Social, administrado pela <strong>ONG Arco-\u00cdris<\/strong>, respons\u00e1vel por dar visibilidade e oportunidade a artistas e artes\u00e3os de Ribeir\u00e3o Preto.<\/p>\n<h2 class=\"wp-block-heading\"><strong>Atividades gratuitas<\/strong><\/h2>\n<p>Conforme a organiza\u00e7\u00e3o, nesta edi\u00e7\u00e3o a <strong>Parada<\/strong> conta com parceria cultural do S<strong>esc Ribeir\u00e3o Preto<\/strong> e apoio da <strong>Faculdade Metropolitana<\/strong>, que integram o calend\u00e1rio com atividades gratuitas:<\/p>\n<ul class=\"wp-block-list\">\n<li>Na sexta-feira (7), \u00e0s 19h, ser\u00e1 realizada a oficina \u201cMonta\u00e7\u00e3o: Do Pente ao Glitter\u201d;<\/li>\n<li>No s\u00e1bado (8), \u00e0s 16h, ocorre a oficina de Samba de Roda com o Grupo Terra Preta, ambas no Sesc Ribeir\u00e3o Preto, na rua Tibiri\u00e7\u00e1, 50, Centro.<\/li>\n<\/ul>\n<h2 class=\"wp-block-heading\"><strong>Parada Preta<\/strong><\/h2>\n<p>A <strong>quarta edi\u00e7\u00e3o da Parada Preta<\/strong> contar\u00e1 com apresenta\u00e7\u00f5es que mesclam <strong>tradi\u00e7\u00e3o cultural e novas express\u00f5es art\u00edsticas<\/strong>, <mark style=\"background-color:#fcb900\" class=\"has-inline-color\">como apresenta\u00e7\u00e3o de samba de roda e capoeira com Grupo Terra Preta Capoeira, maracatu com Baque Mulher de Ribeir\u00e3o Preto, Slam e o festejado Bate-Cabelo.<\/mark><\/p>\n<p>Al\u00e9m disso, o evento vai reunir <strong>performances de MCs, DJs, cantores, drags e o grupo Batuque de Rua<\/strong>, e outros artistas da cena preta.<\/p>\n<p>O encerramento ser\u00e1 marcado pelo show do cantor <strong>WD<\/strong>, natural de <strong>Campinas <\/strong>e reconhecido por sua presen\u00e7a marcante no cen\u00e1rio musical nacional. O artista participou da 10\u00aa edi\u00e7\u00e3o do The Voice e chegou \u00e0 semifinal do programa.\u00a0<\/p>\n<div class=\"wp-block-image\">\n<figure class=\"aligncenter size-full is-resized\"><img data-recalc-dims=\"1\" fetchpriority=\"high\" decoding=\"async\" width=\"984\" height=\"553\" src=\"https:\/\/i0.wp.com\/cdn.media-acidadeon.com.br\/ribeiraopreto\/wp-content\/uploads\/sites\/3\/2025\/11\/WhatsApp-Image-2025-11-01-at-08.48.08_2025-11-03_14-41-14.webp?resize=984%2C553&#038;ssl=1\" alt=\"WD foi semifinalista no The Voice Brasil - Foto: reprodu\u00e7\u00e3o\/ TV Globo.\" class=\"wp-image-134493\" style=\"width:654px\" title=\"Parada Preta chega \u00e0 4\u00aa edi\u00e7\u00e3o em Ribeir\u00e3o com a\u00e7\u00f5es culturais e celebra\u00e7\u00e3o da diversidade 1\" srcset=\"https:\/\/cdn.media-acidadeon.com.br\/ribeiraopreto\/wp-content\/uploads\/sites\/3\/2025\/11\/WhatsApp-Image-2025-11-01-at-08.48.08_2025-11-03_14-41-14.webp 984w, https:\/\/cdn.media-acidadeon.com.br\/ribeiraopreto\/wp-content\/uploads\/sites\/3\/2025\/11\/WhatsApp-Image-2025-11-01-at-08.48.08_2025-11-03_14-41-14-300x169.webp 300w, https:\/\/cdn.media-acidadeon.com.br\/ribeiraopreto\/wp-content\/uploads\/sites\/3\/2025\/11\/WhatsApp-Image-2025-11-01-at-08.48.08_2025-11-03_14-41-14-768x432.webp 768w, https:\/\/cdn.media-acidadeon.com.br\/ribeiraopreto\/wp-content\/uploads\/sites\/3\/2025\/11\/WhatsApp-Image-2025-11-01-at-08.48.08_2025-11-03_14-41-14-696x391.webp 696w\" sizes=\"(max-width: 984px) 100vw, 984px\"\/><figcaption class=\"wp-element-caption\">WD foi semifinalista no The Voice Brasil \u2013 Foto: reprodu\u00e7\u00e3o\/ TV Globo.<\/figcaption><\/figure>\n<\/div>\n<h2 class=\"wp-block-heading\"><strong>Servi\u00e7o<\/strong><\/h2>\n<h3 class=\"wp-block-heading\"><em>Lan\u00e7amento da 4\u00aa Parada Preta \u2013 ONG Arco-\u00cdris de Ribeir\u00e3o Preto<\/em><\/h3>\n<p>Quando: 4 de novembro, ter\u00e7a-feira<\/p>\n<p>Hor\u00e1rio: \u00e0s 19 horas<\/p>\n<p>Local: Shopping Santa \u00darsula (segundo andar)<\/p>\n<h3 class=\"wp-block-heading\"><em>4\u00aa Parada Preta<\/em><\/h3>\n<p>Quando: 9 de novembro<\/p>\n<p>Hor\u00e1rio: a partir das 13h<\/p>\n<p>\u00a0Local: Pra\u00e7a Chico Mendes \u2013 Av. Osvaldo Aranha, 1129, Parque Ribeir\u00e3o<\/p>\n<hr class=\"wp-block-separator has-alpha-channel-opacity\"\/>\n<p>SAIBA MAIS<\/p>\n<p>Cristina Mod\u00e9 e Gustavo Molinari se apresentam no Theatro Pedro II; veja quando<\/p>\n<h2 class=\"wp-block-heading\"><strong>FIQUE ON<\/strong><\/h2>\n<p>Fique ligado em tudo que acontece em Ribeir\u00e3o Preto e regi\u00e3o. Siga os perfis do\u00a0<strong>acidade on<\/strong>\u00a0no<a href=\"https:\/\/www.instagram.com\/acidadeonribeirao\" target=\"_blank\" rel=\"noreferrer noopener\">\u00a0Instagram\u00a0<\/a>e no\u00a0<a href=\"https:\/\/www.facebook.com\/acidadeonribeirao\/\" target=\"_blank\" rel=\"noreferrer noopener\">Facebook<\/a>.<\/p>\n<p>Receba not\u00edcias do<strong>\u00a0acidade on<\/strong>\u00a0no WhatsApp. Para entrar no grupo,\u00a0basta\u00a0<a href=\"https:\/\/chat.whatsapp.com\/I4nieTEMKlf50pJ28aMemC?mode=ac_t\" target=\"_blank\" rel=\"noreferrer noopener\">clicar aqui<\/a>. Ou, acesse o nosso\u00a0Canal\u00a0<a href=\"https:\/\/whatsapp.com\/channel\/0029Vb6IQl1JENyAeS57fk2p\" target=\"_blank\" rel=\"noreferrer noopener\">clicando aqui<\/a>.<\/p>\n<p>Fa\u00e7a uma den\u00fancia ou sugira uma reportagem sobre Ribeir\u00e3o Preto e regi\u00e3o pelo WhatsApp: 16 99117 7802.<\/p>\n<p>VEJA TAMB\u00c9M<\/p>\n<p>Quantos anos Regina Duarte tinha em \u2018Rainha da Sucata\u2019?\u00a0<\/p>\n<p><!-- AI CONTENT END 1 -->\n<\/div>\n<p><script async src=\"\/\/www.instagram.com\/embed.js\"><\/script><br \/>\n<br \/><br \/>\n<br \/><a href=\"https:\/\/www.acidadeon.com\/ribeiraopreto\/lazer-e-cultura\/parada-preta-chega-a-4a-edicao-em-ribeirao-com-acoes-culturais-e-celebracao-da-diversidade\/\">Source link <\/a><\/p>\n<!-- CONTENT END 1 -->\n","protected":false},"excerpt":{"rendered":"<p>A quarta edi\u00e7\u00e3o da Parada Preta de Ribeir\u00e3o Preto ser\u00e1 lan\u00e7ada nesta ter\u00e7a-feira (4), \u00e0s 19h, no Shopping Santa \u00darsula, no Centro da cidade. O&#8230;<\/p>\n","protected":false},"author":1,"featured_media":79515,"comment_status":"open","ping_status":"open","sticky":false,"template":"","format":"standard","meta":{"advanced_seo_description":"","jetpack_seo_html_title":"","jetpack_seo_noindex":false,"jetpack_post_was_ever_published":false,"_jetpack_newsletter_access":"","_jetpack_dont_email_post_to_subs":false,"_jetpack_newsletter_tier_id":0,"_jetpack_memberships_contains_paywalled_content":false,"_jetpack_memberships_contains_paid_content":false,"footnotes":"","jetpack_publicize_message":"","jetpack_publicize_feature_enabled":true,"jetpack_social_post_already_shared":true,"jetpack_social_options":{"image_generator_settings":{"template":"highway","default_image_id":0,"font":"","enabled":false},"version":2}},"categories":[11],"tags":[],"class_list":["post-79514","post","type-post","status-publish","format-standard","has-post-thumbnail","hentry","category-noticias-de-ribeirao-preto-sp-e-regiao-ismael-colosi"],"jetpack_publicize_connections":[],"jetpack_featured_media_url":"https:\/\/i0.wp.com\/noticiasribeiraopreto.com.br\/wp-content\/uploads\/2025\/11\/palace-4_2025-11-03_15-05-50.webp.webp?fit=1200%2C675&ssl=1","jetpack-related-posts":[{"id":75485,"url":"https:\/\/noticiasribeiraopreto.com.br\/index.php\/2025\/08\/09\/21a-parada-lgbt-de-ribeirao-preto-homenageia-pessoas-com-60-anos-ou-mais\/","url_meta":{"origin":79514,"position":0},"title":"21\u00aa Parada LGBT+ de Ribeir\u00e3o Preto homenageia pessoas com 60 anos ou mais","author":"noticiasribeiraopreto.com.br","date":"9 de August de 2025","format":false,"excerpt":"A ONG Arco-\u00cdris realiza nesta segunda-feira (11) o lan\u00e7amento oficial da 21\u00aa edi\u00e7\u00e3o da Parada do Orgulho LGBTQIAPN+ de Ribeir\u00e3o Preto. O evento ser\u00e1 realizado \u00e0s 10h, no Hotel Ibis, anexo ao Ribeir\u00e3oShopping, e contar\u00e1 com a presen\u00e7a de autoridades, patrocinadores, apoiadores e representantes da imprensa. Com o tema \u201cOrgulho\u2026","rel":"","context":"In &quot;Not\u00edcias de Ribeir\u00e3o Preto-SP e Regi\u00e3o&quot;","block_context":{"text":"Not\u00edcias de Ribeir\u00e3o Preto-SP e Regi\u00e3o","link":"https:\/\/noticiasribeiraopreto.com.br\/index.php\/category\/noticias-de-ribeirao-preto-sp-e-regiao-ismael-colosi\/"},"img":{"alt_text":"","src":"","width":0,"height":0},"classes":[]},{"id":46896,"url":"https:\/\/noticiasribeiraopreto.com.br\/index.php\/2024\/04\/15\/parada-lgbtqiap-celebra-20-anos-em-ribeirao-preto-veja-calendario-de-eventos\/","url_meta":{"origin":79514,"position":1},"title":"Parada LGBTQIAP+ celebra 20 anos em Ribeir\u00e3o Preto; Veja calend\u00e1rio de eventos","author":"noticiasribeiraopreto.com.br","date":"15 de April de 2024","format":false,"excerpt":"A 20\u00aa edi\u00e7\u00e3o da Parada LGBTQIAP+ de Ribeir\u00e3o Preto acontece no dia 16 de junho, com o tema: \u201cO show tem que continuar. Homofobia n\u00e3o\u201d. O evento \u00e9 realizado pela ONG Arco \u00cdris em parceria com a Secretaria da Cultura e Turismo da cidade. Neste ano, as celebra\u00e7\u00f5es marcam 20\u2026","rel":"","context":"In &quot;Not\u00edcias de Ribeir\u00e3o Preto-SP e Regi\u00e3o&quot;","block_context":{"text":"Not\u00edcias de Ribeir\u00e3o Preto-SP e Regi\u00e3o","link":"https:\/\/noticiasribeiraopreto.com.br\/index.php\/category\/noticias-de-ribeirao-preto-sp-e-regiao-ismael-colosi\/"},"img":{"alt_text":"","src":"https:\/\/i0.wp.com\/noticiasribeiraopreto.com.br\/wp-content\/uploads\/2024\/04\/parada_lgbt_1024x576_28062021202727_x1x.jpg?fit=1024%2C576&ssl=1&resize=350%2C200","width":350,"height":200,"srcset":"https:\/\/i0.wp.com\/noticiasribeiraopreto.com.br\/wp-content\/uploads\/2024\/04\/parada_lgbt_1024x576_28062021202727_x1x.jpg?fit=1024%2C576&ssl=1&resize=350%2C200 1x, https:\/\/i0.wp.com\/noticiasribeiraopreto.com.br\/wp-content\/uploads\/2024\/04\/parada_lgbt_1024x576_28062021202727_x1x.jpg?fit=1024%2C576&ssl=1&resize=525%2C300 1.5x, https:\/\/i0.wp.com\/noticiasribeiraopreto.com.br\/wp-content\/uploads\/2024\/04\/parada_lgbt_1024x576_28062021202727_x1x.jpg?fit=1024%2C576&ssl=1&resize=700%2C400 2x"},"classes":[]},{"id":42721,"url":"https:\/\/noticiasribeiraopreto.com.br\/index.php\/2024\/03\/16\/inscricoes-abertas-para-o-concurso-miss-e-mister-lgbtqiap-de-ribeirao-preto\/","url_meta":{"origin":79514,"position":2},"title":"Inscri\u00e7\u00f5es abertas para o Concurso Miss e Mister LGBTQIAP+ de Ribeir\u00e3o Preto","author":"noticiasribeiraopreto.com.br","date":"16 de March de 2024","format":false,"excerpt":"Est\u00e3o abertas as\u00a0inscri\u00e7\u00f5es para a 13\u00aa edi\u00e7\u00e3o do Concurso Miss e Mister LGBTQIAP+2024, que acontece em Ribeir\u00e3o Preto, no dia 17 de maio, \u00e0s 19h. Interessados podem se inscrever por meio de um formul\u00e1rio na internet (clique aqui) at\u00e9 o dia 7 de abril. Os candidatos que se inscreverem receber\u00e3o\u2026","rel":"","context":"In &quot;Not\u00edcias de Ribeir\u00e3o Preto-SP e Regi\u00e3o&quot;","block_context":{"text":"Not\u00edcias de Ribeir\u00e3o Preto-SP e Regi\u00e3o","link":"https:\/\/noticiasribeiraopreto.com.br\/index.php\/category\/noticias-de-ribeirao-preto-sp-e-regiao-ismael-colosi\/"},"img":{"alt_text":"","src":"https:\/\/i0.wp.com\/noticiasribeiraopreto.com.br\/wp-content\/uploads\/2024\/03\/miss_e_mister_lgbtqiap_1.jpeg?fit=1200%2C801&ssl=1&resize=350%2C200","width":350,"height":200,"srcset":"https:\/\/i0.wp.com\/noticiasribeiraopreto.com.br\/wp-content\/uploads\/2024\/03\/miss_e_mister_lgbtqiap_1.jpeg?fit=1200%2C801&ssl=1&resize=350%2C200 1x, https:\/\/i0.wp.com\/noticiasribeiraopreto.com.br\/wp-content\/uploads\/2024\/03\/miss_e_mister_lgbtqiap_1.jpeg?fit=1200%2C801&ssl=1&resize=525%2C300 1.5x, https:\/\/i0.wp.com\/noticiasribeiraopreto.com.br\/wp-content\/uploads\/2024\/03\/miss_e_mister_lgbtqiap_1.jpeg?fit=1200%2C801&ssl=1&resize=700%2C400 2x, https:\/\/i0.wp.com\/noticiasribeiraopreto.com.br\/wp-content\/uploads\/2024\/03\/miss_e_mister_lgbtqiap_1.jpeg?fit=1200%2C801&ssl=1&resize=1050%2C600 3x"},"classes":[]},{"id":42645,"url":"https:\/\/noticiasribeiraopreto.com.br\/index.php\/2024\/03\/15\/abertas-as-inscricoes-para-o-miss-e-mister-lgbtqiap\/","url_meta":{"origin":79514,"position":3},"title":"Abertas as inscri\u00e7\u00f5es para o Miss e Mister LGBTQIAP+","author":"noticiasribeiraopreto.com.br","date":"15 de March de 2024","format":false,"excerpt":"Os interessados podem fazer suas inscri\u00e7\u00f5es de 15 de mar\u00e7o a 7 de abril nos links das redes sociais da Parada 15 de mar\u00e7o de 2024 | 16:47 0Est\u00e3o abertas as inscri\u00e7\u00f5es para os que desejam participar da 13\u00aa edi\u00e7\u00e3o do Concurso Miss e Mister LGBTQIAP+2024, que acontece na cidade\u2026","rel":"","context":"In &quot;Not\u00edcias de Ribeir\u00e3o Preto-SP e Regi\u00e3o&quot;","block_context":{"text":"Not\u00edcias de Ribeir\u00e3o Preto-SP e Regi\u00e3o","link":"https:\/\/noticiasribeiraopreto.com.br\/index.php\/category\/noticias-de-ribeirao-preto-sp-e-regiao-ismael-colosi\/"},"img":{"alt_text":"","src":"https:\/\/i0.wp.com\/noticiasribeiraopreto.com.br\/wp-content\/uploads\/2024\/03\/1149cd6f-4819-4f6a-b407-de588b91aedd-scaled.jpg?fit=968%2C645&ssl=1&resize=350%2C200","width":350,"height":200,"srcset":"https:\/\/i0.wp.com\/noticiasribeiraopreto.com.br\/wp-content\/uploads\/2024\/03\/1149cd6f-4819-4f6a-b407-de588b91aedd-scaled.jpg?fit=968%2C645&ssl=1&resize=350%2C200 1x, https:\/\/i0.wp.com\/noticiasribeiraopreto.com.br\/wp-content\/uploads\/2024\/03\/1149cd6f-4819-4f6a-b407-de588b91aedd-scaled.jpg?fit=968%2C645&ssl=1&resize=525%2C300 1.5x, https:\/\/i0.wp.com\/noticiasribeiraopreto.com.br\/wp-content\/uploads\/2024\/03\/1149cd6f-4819-4f6a-b407-de588b91aedd-scaled.jpg?fit=968%2C645&ssl=1&resize=700%2C400 2x"},"classes":[]},{"id":50116,"url":"https:\/\/noticiasribeiraopreto.com.br\/index.php\/2024\/05\/14\/concurso-miss-e-mister-lgbtqiap-de-ribeirao-preto-acontece-nesta-sexta-feira\/","url_meta":{"origin":79514,"position":4},"title":"Concurso Miss e Mister LGBTQIAP+ de Ribeir\u00e3o Preto acontece nesta sexta-feira","author":"noticiasribeiraopreto.com.br","date":"14 de May de 2024","format":false,"excerpt":"A 13\u00ba edi\u00e7\u00e3o do Concurso Miss e Mister LGBTQIAP+ de Ribeir\u00e3o Preto acontece nesta sexta-feira (17), no Teatro Municipal da cidade, localizado Complexo Cultural Morro do S\u00e3o Bento, a partir das 19h30. A entrada para o evento \u00e9 gratuita, contudo, a organiza\u00e7\u00e3o pede a doa\u00e7\u00e3o de 1 kg de alimento\u2026","rel":"","context":"In &quot;Not\u00edcias de Ribeir\u00e3o Preto-SP e Regi\u00e3o&quot;","block_context":{"text":"Not\u00edcias de Ribeir\u00e3o Preto-SP e Regi\u00e3o","link":"https:\/\/noticiasribeiraopreto.com.br\/index.php\/category\/noticias-de-ribeirao-preto-sp-e-regiao-ismael-colosi\/"},"img":{"alt_text":"","src":"https:\/\/i0.wp.com\/noticiasribeiraopreto.com.br\/wp-content\/uploads\/2024\/05\/Capturar-6.jpg?fit=950%2C625&ssl=1&resize=350%2C200","width":350,"height":200,"srcset":"https:\/\/i0.wp.com\/noticiasribeiraopreto.com.br\/wp-content\/uploads\/2024\/05\/Capturar-6.jpg?fit=950%2C625&ssl=1&resize=350%2C200 1x, https:\/\/i0.wp.com\/noticiasribeiraopreto.com.br\/wp-content\/uploads\/2024\/05\/Capturar-6.jpg?fit=950%2C625&ssl=1&resize=525%2C300 1.5x, https:\/\/i0.wp.com\/noticiasribeiraopreto.com.br\/wp-content\/uploads\/2024\/05\/Capturar-6.jpg?fit=950%2C625&ssl=1&resize=700%2C400 2x"},"classes":[]},{"id":52622,"url":"https:\/\/noticiasribeiraopreto.com.br\/index.php\/2024\/06\/10\/ribeirao-celebra-20-anos-de-parada-lgbtqiap-com-shows-e-apresentacoes-veja-programacao\/","url_meta":{"origin":79514,"position":5},"title":"Ribeir\u00e3o celebra 20 anos de Parada LGBTQIAP+ com shows e apresenta\u00e7\u00f5es; Veja programa\u00e7\u00e3o","author":"noticiasribeiraopreto.com.br","date":"10 de June de 2024","format":false,"excerpt":"A 20\u00aa edi\u00e7\u00e3o da Parada LGBTQIAP+ de Ribeir\u00e3o Preto acontece neste domingo (16), com concentra\u00e7\u00e3o a partir das 13h, no cruzamento das avenidas Presidente Vargas e Jo\u00e3o Fi\u00fasa, na zona Sul do munic\u00edpio. Dois trios el\u00e9tricos far\u00e3o um trajeto de 40 minutos pelas avenidas Ant\u00f4nio Diederichsen e 9 de Julho,\u2026","rel":"","context":"In &quot;Not\u00edcias de Ribeir\u00e3o Preto-SP e Regi\u00e3o&quot;","block_context":{"text":"Not\u00edcias de Ribeir\u00e3o Preto-SP e Regi\u00e3o","link":"https:\/\/noticiasribeiraopreto.com.br\/index.php\/category\/noticias-de-ribeirao-preto-sp-e-regiao-ismael-colosi\/"},"img":{"alt_text":"","src":"https:\/\/i0.wp.com\/noticiasribeiraopreto.com.br\/wp-content\/uploads\/2024\/06\/WhatsApp-Image-2024-06-10-at-17.39.34_2024-06-10_20-52-57_jpeg_2024-06-10_20-52-57.webp.webp?fit=1200%2C800&ssl=1&resize=350%2C200","width":350,"height":200,"srcset":"https:\/\/i0.wp.com\/noticiasribeiraopreto.com.br\/wp-content\/uploads\/2024\/06\/WhatsApp-Image-2024-06-10-at-17.39.34_2024-06-10_20-52-57_jpeg_2024-06-10_20-52-57.webp.webp?fit=1200%2C800&ssl=1&resize=350%2C200 1x, https:\/\/i0.wp.com\/noticiasribeiraopreto.com.br\/wp-content\/uploads\/2024\/06\/WhatsApp-Image-2024-06-10-at-17.39.34_2024-06-10_20-52-57_jpeg_2024-06-10_20-52-57.webp.webp?fit=1200%2C800&ssl=1&resize=525%2C300 1.5x, https:\/\/i0.wp.com\/noticiasribeiraopreto.com.br\/wp-content\/uploads\/2024\/06\/WhatsApp-Image-2024-06-10-at-17.39.34_2024-06-10_20-52-57_jpeg_2024-06-10_20-52-57.webp.webp?fit=1200%2C800&ssl=1&resize=700%2C400 2x, https:\/\/i0.wp.com\/noticiasribeiraopreto.com.br\/wp-content\/uploads\/2024\/06\/WhatsApp-Image-2024-06-10-at-17.39.34_2024-06-10_20-52-57_jpeg_2024-06-10_20-52-57.webp.webp?fit=1200%2C800&ssl=1&resize=1050%2C600 3x"},"classes":[]}],"jetpack_sharing_enabled":true,"jetpack_shortlink":"https:\/\/wp.me\/peQAOb-kGu","_links":{"self":[{"href":"https:\/\/noticiasribeiraopreto.com.br\/index.php\/wp-json\/wp\/v2\/posts\/79514","targetHints":{"allow":["GET"]}}],"collection":[{"href":"https:\/\/noticiasribeiraopreto.com.br\/index.php\/wp-json\/wp\/v2\/posts"}],"about":[{"href":"https:\/\/noticiasribeiraopreto.com.br\/index.php\/wp-json\/wp\/v2\/types\/post"}],"author":[{"embeddable":true,"href":"https:\/\/noticiasribeiraopreto.com.br\/index.php\/wp-json\/wp\/v2\/users\/1"}],"replies":[{"embeddable":true,"href":"https:\/\/noticiasribeiraopreto.com.br\/index.php\/wp-json\/wp\/v2\/comments?post=79514"}],"version-history":[{"count":0,"href":"https:\/\/noticiasribeiraopreto.com.br\/index.php\/wp-json\/wp\/v2\/posts\/79514\/revisions"}],"wp:featuredmedia":[{"embeddable":true,"href":"https:\/\/noticiasribeiraopreto.com.br\/index.php\/wp-json\/wp\/v2\/media\/79515"}],"wp:attachment":[{"href":"https:\/\/noticiasribeiraopreto.com.br\/index.php\/wp-json\/wp\/v2\/media?parent=79514"}],"wp:term":[{"taxonomy":"category","embeddable":true,"href":"https:\/\/noticiasribeiraopreto.com.br\/index.php\/wp-json\/wp\/v2\/categories?post=79514"},{"taxonomy":"post_tag","embeddable":true,"href":"https:\/\/noticiasribeiraopreto.com.br\/index.php\/wp-json\/wp\/v2\/tags?post=79514"}],"curies":[{"name":"wp","href":"https:\/\/api.w.org\/{rel}","templated":true}]}}