{"id":79516,"date":"2025-11-03T13:28:32","date_gmt":"2025-11-03T16:28:32","guid":{"rendered":"https:\/\/noticiasribeiraopreto.com.br\/index.php\/2025\/11\/03\/gesso-despenca-de-teto-de-igreja-e-missas-sao-suspensas-na-regiao-de-ribeirao-preto\/"},"modified":"2025-11-03T13:28:32","modified_gmt":"2025-11-03T16:28:32","slug":"gesso-despenca-de-teto-de-igreja-e-missas-sao-suspensas-na-regiao-de-ribeirao-preto","status":"publish","type":"post","link":"https:\/\/noticiasribeiraopreto.com.br\/index.php\/2025\/11\/03\/gesso-despenca-de-teto-de-igreja-e-missas-sao-suspensas-na-regiao-de-ribeirao-preto\/","title":{"rendered":"Gesso despenca de teto de igreja e missas s\u00e3o suspensas na regi\u00e3o de Ribeir\u00e3o Preto"},"content":{"rendered":"<div class='code-block code-block-1' style='margin: 8px 0 8px auto; text-align: right; display: block; clear: both;'>\n<p><a href=\"https:\/\/wa.link\/vpicfd\"><img data-recalc-dims=\"1\" class=\"wp-image-4922\" style=\"aspect-ratio: 2.0253164556962027; width: 561px; height: auto;\" src=\"https:\/\/i0.wp.com\/ismaelcolosi.com.br\/wp-content\/uploads\/2023\/11\/grupo-de-empregos-whatsapp-e-facebook-ismael-colosi-vagas.jpg?ssl=1\" alt=\"\" \/><\/a><\/p>\n<!-- \/wp:image -->\n<\/div>\n<p> <br \/>\n<\/p>\n<div data-td-block-uid=\"tdi_95\">\n<div class=\"tdb-block-inner td-fix-index\">\n<p><strong>Parte do gesso no teto da Igreja Matriz de Cajuru desabou na noite do \u00faltimo s\u00e1bado (1\u00ba), devido transbordamento da \u00e1gua da chuva.<\/strong> <strong>Apesar <\/strong>do <strong>susto <\/strong>e <strong>danos<\/strong>, n\u00e3o houve <strong>registro <\/strong>de <strong>v\u00edtimas<\/strong>. <strong>Assista <\/strong>ao <strong>v\u00eddeo <\/strong>abaixo.<\/p>\n<p>O <strong>padre Ivonei Adriani Burtia<\/strong> disse que <strong>pombos <\/strong>fizeram <strong>ninhos <\/strong>embaixo de placas solares instaladas no <strong>telhado <\/strong>e tr\u00eas <strong>aves morreram <\/strong>no local, o que causou o <strong>entupimento <\/strong>da <strong>calha<\/strong>. Com as <strong>chuvas<\/strong>, houve <strong>transbordamento <\/strong>da <strong>\u00e1gua <\/strong>e a <strong>estrutura cedeu<\/strong>.<\/p>\n<p>Uma mesa e um ventilador foram danificados com a queda do gesso. No momento do desabamento, contudo, a igreja estava vazia e ningu\u00e9m ficou ferido.<\/p>\n<p>Por medida de seguran\u00e7a, as atividades religiosas foram suspensas enquanto a estrutura passa por avalia\u00e7\u00e3o t\u00e9cnica e reparos.<\/p>\n<p>As missas foram transferidas para as capelas S\u00e3o Jos\u00e9 e Nossa Senhora Aparecida.<\/p>\n<blockquote class=\"instagram-media\" data-instgrm-permalink=\"https:\/\/www.instagram.com\/reel\/DQmQFPPjujk\/?utm_source=ig_embed&amp;utm_campaign=loading\" data-instgrm-version=\"14\" style=\" background:#FFF; border:0; border-radius:3px; box-shadow:0 0 1px 0 rgba(0,0,0,0.5),0 1px 10px 0 rgba(0,0,0,0.15); margin: 1px; max-width:540px; min-width:326px; padding:0; width:99.375%; width:-webkit-calc(100% - 2px); width:calc(100% - 2px);\"\/>\n<p>SAIBA MAIS<\/p>\n<p>Segunda-feira come\u00e7a com acidentes e sem\u00e1foros desligados em Ribeir\u00e3o Preto<\/p>\n<h2 class=\"wp-block-heading\"><strong>FIQUE ON<\/strong><\/h2>\n<p>Fique ligado em tudo que acontece em Ribeir\u00e3o Preto e regi\u00e3o. Siga os perfis do<strong>\u00a0acidade on\u00a0<\/strong>no<a href=\"https:\/\/www.instagram.com\/acidadeonribeirao\" target=\"_blank\" rel=\"noreferrer noopener\">\u00a0Instagram\u00a0<\/a>e no\u00a0<a href=\"https:\/\/www.facebook.com\/acidadeonribeirao\/\" target=\"_blank\" rel=\"noreferrer noopener\">Facebook<\/a>.<\/p>\n<p>Receba not\u00edcias do<strong>\u00a0acidade on<\/strong>\u00a0no WhatsApp. Para entrar no grupo,\u00a0basta\u00a0<a href=\"https:\/\/chat.whatsapp.com\/I4nieTEMKlf50pJ28aMemC?mode=ac_t\" target=\"_blank\" rel=\"noreferrer noopener\">clicar aqui<\/a>. Ou, acesse o nosso\u00a0Canal<a href=\"https:\/\/whatsapp.com\/channel\/0029Vb6IQl1JENyAeS57fk2p\" target=\"_blank\" rel=\"noreferrer noopener\">\u00a0clicando aqui<\/a>.<\/p>\n<p>Fa\u00e7a uma den\u00fancia ou sugira uma reportagem sobre Ribeir\u00e3o Preto e regi\u00e3o pelo WhatsApp: 16 99117 7802.<\/p>\n<p>VEJA TAMB\u00c9M<\/p>\n<p>O que \u00e9 o 3I\/ATLAS?<\/p>\n<p><!-- AI CONTENT END 1 -->\n<\/div>\n<\/div>\n<p><script async src=\"\/\/www.instagram.com\/embed.js\"><\/script><br \/>\n<br \/><br \/>\n<br \/><a href=\"https:\/\/www.acidadeon.com\/ribeiraopreto\/cotidiano\/gesso-despenca-de-teto-de-igreja-e-missas-sao-suspensas-na-regiao-de-ribeirao-preto\/\">Source link <\/a><\/p>\n<!-- CONTENT END 1 -->\n","protected":false},"excerpt":{"rendered":"<p>Parte do gesso no teto da Igreja Matriz de Cajuru desabou na noite do \u00faltimo s\u00e1bado (1\u00ba), devido transbordamento da \u00e1gua da chuva. Apesar do&#8230;<\/p>\n","protected":false},"author":1,"featured_media":79517,"comment_status":"open","ping_status":"open","sticky":false,"template":"","format":"standard","meta":{"advanced_seo_description":"","jetpack_seo_html_title":"","jetpack_seo_noindex":false,"jetpack_post_was_ever_published":false,"_jetpack_newsletter_access":"","_jetpack_dont_email_post_to_subs":false,"_jetpack_newsletter_tier_id":0,"_jetpack_memberships_contains_paywalled_content":false,"_jetpack_memberships_contains_paid_content":false,"footnotes":"","jetpack_publicize_message":"","jetpack_publicize_feature_enabled":true,"jetpack_social_post_already_shared":true,"jetpack_social_options":{"image_generator_settings":{"template":"highway","default_image_id":0,"font":"","enabled":false},"version":2}},"categories":[11],"tags":[],"class_list":["post-79516","post","type-post","status-publish","format-standard","has-post-thumbnail","hentry","category-noticias-de-ribeirao-preto-sp-e-regiao-ismael-colosi"],"jetpack_publicize_connections":[],"jetpack_featured_media_url":"https:\/\/i0.wp.com\/noticiasribeiraopreto.com.br\/wp-content\/uploads\/2025\/11\/WhatsApp-Image-2025-11-03-at-11.05.45_2025-11-03_14-09-12.webp.webp?fit=1200%2C675&ssl=1","jetpack-related-posts":[{"id":63192,"url":"https:\/\/noticiasribeiraopreto.com.br\/index.php\/2025\/02\/05\/saiba-quem-e-a-jovem-de-ribeirao-preto-que-morreu-apos-teto-de-igreja-desabar-na-bahia\/","url_meta":{"origin":79516,"position":0},"title":"Saiba quem \u00e9 a jovem de Ribeir\u00e3o Preto que morreu ap\u00f3s teto de igreja desabar na Bahia","author":"noticiasribeiraopreto.com.br","date":"5 de February de 2025","format":false,"excerpt":"A jovem de Ribeir\u00e3o Preto que morreu ap\u00f3s parte do teto da Igreja de S\u00e3o Francisco de Assis, em Salvador, desabar foi identificada como\u00a0Giulia Panchoni Righetto, de 26 anos, segundo a delegada titular da Delegacia de Prote\u00e7\u00e3o ao Turista (Deltur), Camila Albuquerque. Giulia estava no local com o namorado e\u2026","rel":"","context":"In &quot;Not\u00edcias de Ribeir\u00e3o Preto-SP e Regi\u00e3o&quot;","block_context":{"text":"Not\u00edcias de Ribeir\u00e3o Preto-SP e Regi\u00e3o","link":"https:\/\/noticiasribeiraopreto.com.br\/index.php\/category\/noticias-de-ribeirao-preto-sp-e-regiao-ismael-colosi\/"},"img":{"alt_text":"","src":"https:\/\/i0.wp.com\/noticiasribeiraopreto.com.br\/wp-content\/uploads\/2025\/02\/Copia-de-Copia-de-Copia-de-TAMANHO-EXATO-PARA-FOTOS-NO-SISTEMA-NOVO-2025-02-05T185024.411_2025-02-05_21-53-00_png_2025-02-05_21-53-00.webp.webp?fit=1200%2C675&ssl=1&resize=350%2C200","width":350,"height":200,"srcset":"https:\/\/i0.wp.com\/noticiasribeiraopreto.com.br\/wp-content\/uploads\/2025\/02\/Copia-de-Copia-de-Copia-de-TAMANHO-EXATO-PARA-FOTOS-NO-SISTEMA-NOVO-2025-02-05T185024.411_2025-02-05_21-53-00_png_2025-02-05_21-53-00.webp.webp?fit=1200%2C675&ssl=1&resize=350%2C200 1x, https:\/\/i0.wp.com\/noticiasribeiraopreto.com.br\/wp-content\/uploads\/2025\/02\/Copia-de-Copia-de-Copia-de-TAMANHO-EXATO-PARA-FOTOS-NO-SISTEMA-NOVO-2025-02-05T185024.411_2025-02-05_21-53-00_png_2025-02-05_21-53-00.webp.webp?fit=1200%2C675&ssl=1&resize=525%2C300 1.5x, https:\/\/i0.wp.com\/noticiasribeiraopreto.com.br\/wp-content\/uploads\/2025\/02\/Copia-de-Copia-de-Copia-de-TAMANHO-EXATO-PARA-FOTOS-NO-SISTEMA-NOVO-2025-02-05T185024.411_2025-02-05_21-53-00_png_2025-02-05_21-53-00.webp.webp?fit=1200%2C675&ssl=1&resize=700%2C400 2x, https:\/\/i0.wp.com\/noticiasribeiraopreto.com.br\/wp-content\/uploads\/2025\/02\/Copia-de-Copia-de-Copia-de-TAMANHO-EXATO-PARA-FOTOS-NO-SISTEMA-NOVO-2025-02-05T185024.411_2025-02-05_21-53-00_png_2025-02-05_21-53-00.webp.webp?fit=1200%2C675&ssl=1&resize=1050%2C600 3x"},"classes":[]},{"id":83161,"url":"https:\/\/noticiasribeiraopreto.com.br\/index.php\/2026\/03\/11\/alerta-vermelho-e-emitido-para-o-interior-de-sp-veja-cidades-afetadas\/","url_meta":{"origin":79516,"position":1},"title":"Alerta vermelho \u00e9 emitido para o interior de SP; Veja cidades afetadas","author":"noticiasribeiraopreto.com.br","date":"11 de March de 2026","format":false,"excerpt":"O\u00a0Inmet (Instituto Nacional de Meteorologia)\u00a0publicou\u00a0um alerta de \u201cgrande perigo\u201d para acumulado de chuva no interior de S\u00e3o Paulo, incluindo Ribeir\u00e3o Preto e regi\u00e3o. O alerta \u00e9 vermelho, o \u00faltimo em uma escala at\u00e9 tr\u00eas n\u00edveis de severidade, e abrange grande parte do interior paulista nesta quarta-feira (11). Clique aqui e\u2026","rel":"","context":"In &quot;Not\u00edcias de Ribeir\u00e3o Preto-SP e Regi\u00e3o&quot;","block_context":{"text":"Not\u00edcias de Ribeir\u00e3o Preto-SP e Regi\u00e3o","link":"https:\/\/noticiasribeiraopreto.com.br\/index.php\/category\/noticias-de-ribeirao-preto-sp-e-regiao-ismael-colosi\/"},"img":{"alt_text":"","src":"https:\/\/i0.wp.com\/noticiasribeiraopreto.com.br\/wp-content\/uploads\/2026\/03\/mapa-sp_2026-03-11_09-37-18.webp.webp?fit=1200%2C841&ssl=1&resize=350%2C200","width":350,"height":200,"srcset":"https:\/\/i0.wp.com\/noticiasribeiraopreto.com.br\/wp-content\/uploads\/2026\/03\/mapa-sp_2026-03-11_09-37-18.webp.webp?fit=1200%2C841&ssl=1&resize=350%2C200 1x, https:\/\/i0.wp.com\/noticiasribeiraopreto.com.br\/wp-content\/uploads\/2026\/03\/mapa-sp_2026-03-11_09-37-18.webp.webp?fit=1200%2C841&ssl=1&resize=525%2C300 1.5x, https:\/\/i0.wp.com\/noticiasribeiraopreto.com.br\/wp-content\/uploads\/2026\/03\/mapa-sp_2026-03-11_09-37-18.webp.webp?fit=1200%2C841&ssl=1&resize=700%2C400 2x, https:\/\/i0.wp.com\/noticiasribeiraopreto.com.br\/wp-content\/uploads\/2026\/03\/mapa-sp_2026-03-11_09-37-18.webp.webp?fit=1200%2C841&ssl=1&resize=1050%2C600 3x"},"classes":[]},{"id":63229,"url":"https:\/\/noticiasribeiraopreto.com.br\/index.php\/2025\/02\/06\/ribeirao-preto-decreta-luto-oficial-por-morte-de-jovem-em-igreja-na-bahia\/","url_meta":{"origin":79516,"position":2},"title":"Ribeir\u00e3o Preto decreta luto oficial por morte de jovem em igreja na Bahia","author":"noticiasribeiraopreto.com.br","date":"6 de February de 2025","format":false,"excerpt":"O prefeito de Ribeir\u00e3o Preto, Ricardo Silva (PSD), decretou luto oficial por tr\u00eas dias em raz\u00e3o da morte de Giulia Panchoni Righetto, de apenas 26 anos, no desabamento do teto de uma igreja em Salvador, na Bahia, na \u00faltima quarta-feira (5). Giulia era filha do servidor municipal, Gilmar Righetto, fiscal\u2026","rel":"","context":"In &quot;Not\u00edcias de Ribeir\u00e3o Preto-SP e Regi\u00e3o&quot;","block_context":{"text":"Not\u00edcias de Ribeir\u00e3o Preto-SP e Regi\u00e3o","link":"https:\/\/noticiasribeiraopreto.com.br\/index.php\/category\/noticias-de-ribeirao-preto-sp-e-regiao-ismael-colosi\/"},"img":{"alt_text":"","src":"https:\/\/i0.wp.com\/noticiasribeiraopreto.com.br\/wp-content\/uploads\/2025\/02\/Copia-de-Copia-de-Copia-de-TAMANHO-EXATO-PARA-FOTOS-NO-SISTEMA-NOVO-2025-02-05T185024.411_2025-02-05_21-53-00_png_2025-02-05_21-53-00.webp.webp?fit=1200%2C675&ssl=1&resize=350%2C200","width":350,"height":200,"srcset":"https:\/\/i0.wp.com\/noticiasribeiraopreto.com.br\/wp-content\/uploads\/2025\/02\/Copia-de-Copia-de-Copia-de-TAMANHO-EXATO-PARA-FOTOS-NO-SISTEMA-NOVO-2025-02-05T185024.411_2025-02-05_21-53-00_png_2025-02-05_21-53-00.webp.webp?fit=1200%2C675&ssl=1&resize=350%2C200 1x, https:\/\/i0.wp.com\/noticiasribeiraopreto.com.br\/wp-content\/uploads\/2025\/02\/Copia-de-Copia-de-Copia-de-TAMANHO-EXATO-PARA-FOTOS-NO-SISTEMA-NOVO-2025-02-05T185024.411_2025-02-05_21-53-00_png_2025-02-05_21-53-00.webp.webp?fit=1200%2C675&ssl=1&resize=525%2C300 1.5x, https:\/\/i0.wp.com\/noticiasribeiraopreto.com.br\/wp-content\/uploads\/2025\/02\/Copia-de-Copia-de-Copia-de-TAMANHO-EXATO-PARA-FOTOS-NO-SISTEMA-NOVO-2025-02-05T185024.411_2025-02-05_21-53-00_png_2025-02-05_21-53-00.webp.webp?fit=1200%2C675&ssl=1&resize=700%2C400 2x, https:\/\/i0.wp.com\/noticiasribeiraopreto.com.br\/wp-content\/uploads\/2025\/02\/Copia-de-Copia-de-Copia-de-TAMANHO-EXATO-PARA-FOTOS-NO-SISTEMA-NOVO-2025-02-05T185024.411_2025-02-05_21-53-00_png_2025-02-05_21-53-00.webp.webp?fit=1200%2C675&ssl=1&resize=1050%2C600 3x"},"classes":[]},{"id":63190,"url":"https:\/\/noticiasribeiraopreto.com.br\/index.php\/2025\/02\/05\/jovem-de-ribeirao-preto-morre-apos-desabamento-do-teto-de-igreja-em-salvador\/","url_meta":{"origin":79516,"position":3},"title":"Jovem de Ribeir\u00e3o Preto morre ap\u00f3s desabamento do teto de igreja em Salvador","author":"noticiasribeiraopreto.com.br","date":"5 de February de 2025","format":false,"excerpt":"Uma jovem, natural de Ribeir\u00e3o Preto, morreu depois que parte do teto da Igreja de S\u00e3o Francisco de Assis, conhecida como \u201cigreja de ouro\u201d, desabou na tarde desta quarta-feira (5), no Centro Hist\u00f3rico de\u00a0Salvador. A informa\u00e7\u00e3o foi confirmada pelo Corpo de Bombeiros da Bahia. De acordo com a Delegacia de\u2026","rel":"","context":"In &quot;Not\u00edcias de Ribeir\u00e3o Preto-SP e Regi\u00e3o&quot;","block_context":{"text":"Not\u00edcias de Ribeir\u00e3o Preto-SP e Regi\u00e3o","link":"https:\/\/noticiasribeiraopreto.com.br\/index.php\/category\/noticias-de-ribeirao-preto-sp-e-regiao-ismael-colosi\/"},"img":{"alt_text":"","src":"https:\/\/i0.wp.com\/noticiasribeiraopreto.com.br\/wp-content\/uploads\/2025\/02\/Copia-de-Copia-de-Copia-de-TAMANHO-EXATO-PARA-FOTOS-NO-SISTEMA-NOVO-2025-02-05T175157.700_2025-02-05_20-52-11_png_2025-02-05_20-52-11.webp.webp?fit=1200%2C675&ssl=1&resize=350%2C200","width":350,"height":200,"srcset":"https:\/\/i0.wp.com\/noticiasribeiraopreto.com.br\/wp-content\/uploads\/2025\/02\/Copia-de-Copia-de-Copia-de-TAMANHO-EXATO-PARA-FOTOS-NO-SISTEMA-NOVO-2025-02-05T175157.700_2025-02-05_20-52-11_png_2025-02-05_20-52-11.webp.webp?fit=1200%2C675&ssl=1&resize=350%2C200 1x, https:\/\/i0.wp.com\/noticiasribeiraopreto.com.br\/wp-content\/uploads\/2025\/02\/Copia-de-Copia-de-Copia-de-TAMANHO-EXATO-PARA-FOTOS-NO-SISTEMA-NOVO-2025-02-05T175157.700_2025-02-05_20-52-11_png_2025-02-05_20-52-11.webp.webp?fit=1200%2C675&ssl=1&resize=525%2C300 1.5x, https:\/\/i0.wp.com\/noticiasribeiraopreto.com.br\/wp-content\/uploads\/2025\/02\/Copia-de-Copia-de-Copia-de-TAMANHO-EXATO-PARA-FOTOS-NO-SISTEMA-NOVO-2025-02-05T175157.700_2025-02-05_20-52-11_png_2025-02-05_20-52-11.webp.webp?fit=1200%2C675&ssl=1&resize=700%2C400 2x, https:\/\/i0.wp.com\/noticiasribeiraopreto.com.br\/wp-content\/uploads\/2025\/02\/Copia-de-Copia-de-Copia-de-TAMANHO-EXATO-PARA-FOTOS-NO-SISTEMA-NOVO-2025-02-05T175157.700_2025-02-05_20-52-11_png_2025-02-05_20-52-11.webp.webp?fit=1200%2C675&ssl=1&resize=1050%2C600 3x"},"classes":[]},{"id":79545,"url":"https:\/\/noticiasribeiraopreto.com.br\/index.php\/2025\/11\/03\/acidente-em-rodovia-da-regiao-de-ribeirao-preto-deixa-uma-pessoa-morta-e-outra-ferida\/","url_meta":{"origin":79516,"position":4},"title":"Acidente em rodovia da regi\u00e3o de Ribeir\u00e3o Preto deixa uma pessoa morta e outra ferida","author":"noticiasribeiraopreto.com.br","date":"3 de November de 2025","format":false,"excerpt":"Um acidente envolvendo dois ve\u00edculos na manh\u00e3 desta segunda-feira (3) na rodovia Nem\u00e9sio Cadetti (SP 333), em Taquaritinga, regi\u00e3o de Ribeir\u00e3o Preto, deixou uma pessoa morta e outra ferida. De acordo com informa\u00e7\u00f5es da Artesp, o condutor de um dos carros trafegava pela rodovia quando colidiu na traseira de outro\u2026","rel":"","context":"In &quot;Not\u00edcias de Ribeir\u00e3o Preto-SP e Regi\u00e3o&quot;","block_context":{"text":"Not\u00edcias de Ribeir\u00e3o Preto-SP e Regi\u00e3o","link":"https:\/\/noticiasribeiraopreto.com.br\/index.php\/category\/noticias-de-ribeirao-preto-sp-e-regiao-ismael-colosi\/"},"img":{"alt_text":"","src":"https:\/\/i0.wp.com\/noticiasribeiraopreto.com.br\/wp-content\/uploads\/2025\/11\/palace-9_2025-11-03_21-09-00.webp.webp?fit=1200%2C675&ssl=1&resize=350%2C200","width":350,"height":200,"srcset":"https:\/\/i0.wp.com\/noticiasribeiraopreto.com.br\/wp-content\/uploads\/2025\/11\/palace-9_2025-11-03_21-09-00.webp.webp?fit=1200%2C675&ssl=1&resize=350%2C200 1x, https:\/\/i0.wp.com\/noticiasribeiraopreto.com.br\/wp-content\/uploads\/2025\/11\/palace-9_2025-11-03_21-09-00.webp.webp?fit=1200%2C675&ssl=1&resize=525%2C300 1.5x, https:\/\/i0.wp.com\/noticiasribeiraopreto.com.br\/wp-content\/uploads\/2025\/11\/palace-9_2025-11-03_21-09-00.webp.webp?fit=1200%2C675&ssl=1&resize=700%2C400 2x, https:\/\/i0.wp.com\/noticiasribeiraopreto.com.br\/wp-content\/uploads\/2025\/11\/palace-9_2025-11-03_21-09-00.webp.webp?fit=1200%2C675&ssl=1&resize=1050%2C600 3x"},"classes":[]},{"id":79537,"url":"https:\/\/noticiasribeiraopreto.com.br\/index.php\/2025\/11\/03\/alerta-de-tempestade-e-emitido-para-o-estado-de-sp-veja-cidades\/","url_meta":{"origin":79516,"position":5},"title":"Alerta de tempestade \u00e9 emitido para o estado de SP; Veja cidades","author":"noticiasribeiraopreto.com.br","date":"3 de November de 2025","format":false,"excerpt":"O\u00a0Inmet (Instituto Nacional de Meteorologia)\u00a0publicou nesta segunda-feira (3)\u00a0um alerta de \u201cperigo potencial\u201d para tempestades no estado de S\u00e3o Paulo. Ribeir\u00e3o Preto e cidades da regi\u00e3o est\u00e3o inclu\u00eddas na faixa amarela, a primeira em uma escala at\u00e9 tr\u00eas n\u00edveis de severidade, que abrange grande parte do estado paulista. Clique aqui e\u2026","rel":"","context":"In &quot;Not\u00edcias de Ribeir\u00e3o Preto-SP e Regi\u00e3o&quot;","block_context":{"text":"Not\u00edcias de Ribeir\u00e3o Preto-SP e Regi\u00e3o","link":"https:\/\/noticiasribeiraopreto.com.br\/index.php\/category\/noticias-de-ribeirao-preto-sp-e-regiao-ismael-colosi\/"},"img":{"alt_text":"","src":"https:\/\/i0.wp.com\/noticiasribeiraopreto.com.br\/wp-content\/uploads\/2025\/11\/WhatsApp-Image-2025-11-03-at-13.12.29_2025-11-03_16-12-44.webp.webp?fit=630%2C399&ssl=1&resize=350%2C200","width":350,"height":200,"srcset":"https:\/\/i0.wp.com\/noticiasribeiraopreto.com.br\/wp-content\/uploads\/2025\/11\/WhatsApp-Image-2025-11-03-at-13.12.29_2025-11-03_16-12-44.webp.webp?fit=630%2C399&ssl=1&resize=350%2C200 1x, https:\/\/i0.wp.com\/noticiasribeiraopreto.com.br\/wp-content\/uploads\/2025\/11\/WhatsApp-Image-2025-11-03-at-13.12.29_2025-11-03_16-12-44.webp.webp?fit=630%2C399&ssl=1&resize=525%2C300 1.5x"},"classes":[]}],"jetpack_sharing_enabled":true,"jetpack_shortlink":"https:\/\/wp.me\/peQAOb-kGw","_links":{"self":[{"href":"https:\/\/noticiasribeiraopreto.com.br\/index.php\/wp-json\/wp\/v2\/posts\/79516","targetHints":{"allow":["GET"]}}],"collection":[{"href":"https:\/\/noticiasribeiraopreto.com.br\/index.php\/wp-json\/wp\/v2\/posts"}],"about":[{"href":"https:\/\/noticiasribeiraopreto.com.br\/index.php\/wp-json\/wp\/v2\/types\/post"}],"author":[{"embeddable":true,"href":"https:\/\/noticiasribeiraopreto.com.br\/index.php\/wp-json\/wp\/v2\/users\/1"}],"replies":[{"embeddable":true,"href":"https:\/\/noticiasribeiraopreto.com.br\/index.php\/wp-json\/wp\/v2\/comments?post=79516"}],"version-history":[{"count":0,"href":"https:\/\/noticiasribeiraopreto.com.br\/index.php\/wp-json\/wp\/v2\/posts\/79516\/revisions"}],"wp:featuredmedia":[{"embeddable":true,"href":"https:\/\/noticiasribeiraopreto.com.br\/index.php\/wp-json\/wp\/v2\/media\/79517"}],"wp:attachment":[{"href":"https:\/\/noticiasribeiraopreto.com.br\/index.php\/wp-json\/wp\/v2\/media?parent=79516"}],"wp:term":[{"taxonomy":"category","embeddable":true,"href":"https:\/\/noticiasribeiraopreto.com.br\/index.php\/wp-json\/wp\/v2\/categories?post=79516"},{"taxonomy":"post_tag","embeddable":true,"href":"https:\/\/noticiasribeiraopreto.com.br\/index.php\/wp-json\/wp\/v2\/tags?post=79516"}],"curies":[{"name":"wp","href":"https:\/\/api.w.org\/{rel}","templated":true}]}}