{"id":79518,"date":"2025-11-03T13:38:20","date_gmt":"2025-11-03T16:38:20","guid":{"rendered":"https:\/\/noticiasribeiraopreto.com.br\/index.php\/2025\/11\/03\/video-mostra-resgate-de-cachorro-apos-desabamento-em-ribeirao-preto-assista\/"},"modified":"2025-11-03T13:38:20","modified_gmt":"2025-11-03T16:38:20","slug":"video-mostra-resgate-de-cachorro-apos-desabamento-em-ribeirao-preto-assista","status":"publish","type":"post","link":"https:\/\/noticiasribeiraopreto.com.br\/index.php\/2025\/11\/03\/video-mostra-resgate-de-cachorro-apos-desabamento-em-ribeirao-preto-assista\/","title":{"rendered":"V\u00eddeo mostra resgate de cachorro ap\u00f3s desabamento em Ribeir\u00e3o Preto; Assista"},"content":{"rendered":"<div class='code-block code-block-1' style='margin: 8px 0 8px auto; text-align: right; display: block; clear: both;'>\n<p><a href=\"https:\/\/wa.link\/vpicfd\"><img data-recalc-dims=\"1\" class=\"wp-image-4922\" style=\"aspect-ratio: 2.0253164556962027; width: 561px; height: auto;\" src=\"https:\/\/i0.wp.com\/ismaelcolosi.com.br\/wp-content\/uploads\/2023\/11\/grupo-de-empregos-whatsapp-e-facebook-ismael-colosi-vagas.jpg?ssl=1\" alt=\"\" \/><\/a><\/p>\n<!-- \/wp:image -->\n<\/div>\n<p> <br \/>\n<\/p>\n<p>Um cachorro foi resgatado pelos bombeiros ap\u00f3s o desabamento de parte do telhado e do muro de uma oficina na manh\u00e3 do \u00faltimo <strong>domingo (2)<\/strong>, em <strong>Ribeir\u00e3o Preto<\/strong>. O animal, chamado <strong>Pa\u00e7oca<\/strong>, ficou ferido e foi levado para uma cl\u00ednica veterin\u00e1ria, onde est\u00e1 em recupera\u00e7\u00e3o.<\/p>\n<blockquote class=\"instagram-media\" data-instgrm-permalink=\"https:\/\/www.instagram.com\/reel\/DQmIsO0Dgpm\/?utm_source=ig_embed&amp;utm_campaign=loading\" data-instgrm-version=\"14\" style=\"background:#FFF;border:0;border-radius:3px;margin: 1px;max-width:540px;min-width:326px;padding:0;width:99.375%;width:-webkit-calc(100% - 2px);width:calc(100% - 2px)\">\n<div style=\"padding:16px\"> <a href=\"https:\/\/www.instagram.com\/reel\/DQmIsO0Dgpm\/?utm_source=ig_embed&amp;utm_campaign=loading\" style=\"background:#FFFFFF;line-height:0;padding:0 0;text-align:center;text-decoration:none;width:100%\" target=\"_blank\" rel=\"noopener\"> <\/p>\n<div style=\"flex-direction: row;align-items: center\">\n<div style=\"background-color: #F4F4F4;border-radius: 50%;flex-grow: 0;height: 40px;margin-right: 14px;width: 40px\"><\/div>\n<div style=\"flex-direction: column;flex-grow: 1;justify-content: center\">\n<div style=\"background-color: #F4F4F4;border-radius: 4px;flex-grow: 0;height: 14px;margin-bottom: 6px;width: 100px\"><\/div>\n<div style=\"background-color: #F4F4F4;border-radius: 4px;flex-grow: 0;height: 14px;width: 60px\"><\/div>\n<\/div>\n<\/div>\n<div style=\"padding: 19% 0\"><\/div>\n<div style=\"height:50px;margin:0 auto 12px;width:50px\"><\/div>\n<div style=\"padding-top: 8px\">\n<div style=\"color:#3897f0;font-family:Arial,sans-serif;font-size:14px;font-style:normal;font-weight:550;line-height:18px\">Ver essa foto no Instagram<\/div>\n<\/div>\n<div style=\"padding: 12.5% 0\"><\/div>\n<div style=\"flex-direction: row;margin-bottom: 14px;align-items: center\">\n<div>\n<div style=\"background-color: #F4F4F4;border-radius: 50%;height: 12.5px;width: 12.5px\"><\/div>\n<div style=\"background-color: #F4F4F4;height: 12.5px;width: 12.5px;flex-grow: 0;margin-right: 14px;margin-left: 2px\"><\/div>\n<div style=\"background-color: #F4F4F4;border-radius: 50%;height: 12.5px;width: 12.5px\"><\/div>\n<\/div>\n<div style=\"margin-left: 8px\">\n<div style=\"background-color: #F4F4F4;border-radius: 50%;flex-grow: 0;height: 20px;width: 20px\"><\/div>\n<div style=\"width: 0;height: 0;border-top: 2px solid transparent;border-left: 6px solid #f4f4f4;border-bottom: 2px solid transparent\"><\/div>\n<\/div>\n<div style=\"margin-left: auto\">\n<div style=\"width: 0px;border-top: 8px solid #F4F4F4;border-right: 8px solid transparent\"><\/div>\n<div style=\"background-color: #F4F4F4;flex-grow: 0;height: 12px;width: 16px\"><\/div>\n<div style=\"width: 0;height: 0;border-top: 8px solid #F4F4F4;border-left: 8px solid transparent\"><\/div>\n<\/div>\n<\/div>\n<div style=\"flex-direction: column;flex-grow: 1;justify-content: center;margin-bottom: 24px\">\n<div style=\"background-color: #F4F4F4;border-radius: 4px;flex-grow: 0;height: 14px;margin-bottom: 6px;width: 224px\"><\/div>\n<div style=\"background-color: #F4F4F4;border-radius: 4px;flex-grow: 0;height: 14px;width: 144px\"><\/div>\n<\/div>\n<p><\/a><\/p>\n<p style=\"color:#c9c8cd;font-family:Arial,sans-serif;font-size:14px;line-height:17px;margin-bottom:0;margin-top:8px;overflow:hidden;padding:8px 0 7px;text-align:center\"><a href=\"https:\/\/www.instagram.com\/reel\/DQmIsO0Dgpm\/?utm_source=ig_embed&amp;utm_campaign=loading\" style=\"color:#c9c8cd;font-family:Arial,sans-serif;font-size:14px;font-style:normal;font-weight:normal;line-height:17px;text-decoration:none\" target=\"_blank\" rel=\"noopener\">Uma publica\u00e7\u00e3o compartilhada por acidade on Ribeir\u00e3o (@acidadeonribeirao)<\/a><\/p>\n<\/div>\n<\/blockquote>\n<p>O im\u00f3vel, localizado no bairro <strong>Campos El\u00edseos<\/strong>, tem cerca de <strong>80 anos<\/strong> e ocupa uma \u00e1rea de <strong>2 mil metros quadrados<\/strong>. Segundo a Defesa Civil de Ribeir\u00e3o Preto, engenheiros devem ir ao local nesta segunda-feira (3) para vistoriar o im\u00f3vel.<\/p>\n<p>SAIBA MAIS<br \/>Cristina Mod\u00e9 e Gustavo Molinari se apresentam no Theatro Pedro II; veja quando<\/p>\n<h2 class=\"wp-block-heading\"><strong>FIQUE ON<\/strong><\/h2>\n<p>Fique ligado em tudo que acontece em Ribeir\u00e3o Preto e regi\u00e3o. Siga os perfis do&nbsp;<strong>acidade on<\/strong>&nbsp;no<a href=\"https:\/\/www.instagram.com\/acidadeonribeirao\" target=\"_blank\" rel=\"noreferrer noopener\">&nbsp;Instagram&nbsp;<\/a>e no&nbsp;<a href=\"https:\/\/www.facebook.com\/acidadeonribeirao\/\" target=\"_blank\" rel=\"noreferrer noopener\">Facebook<\/a>.<\/p>\n<p>Receba not\u00edcias do<strong>&nbsp;acidade on<\/strong>&nbsp;no WhatsApp. Para entrar no grupo,&nbsp;basta&nbsp;<a href=\"https:\/\/chat.whatsapp.com\/I4nieTEMKlf50pJ28aMemC?mode=ac_t\" target=\"_blank\" rel=\"noreferrer noopener\">clicar aqui<\/a>. Ou, acesse o nosso&nbsp;Canal&nbsp;<a href=\"https:\/\/whatsapp.com\/channel\/0029Vb6IQl1JENyAeS57fk2p\" target=\"_blank\" rel=\"noreferrer noopener\">clicando aqui<\/a>.<\/p>\n<p>Fa\u00e7a uma den\u00fancia ou sugira uma reportagem sobre Ribeir\u00e3o Preto e regi\u00e3o pelo WhatsApp: 16 99117 7802.<\/p>\n<p>VEJA TAMB\u00c9M<br \/>David Harbour ser\u00e1 cortado de \u2018Stranger Things\u2019 5?<\/p>\n<\/p>\n<p>O post V\u00eddeo mostra resgate de cachorro ap\u00f3s desabamento em Ribeir\u00e3o Preto; Assista apareceu primeiro em ACidade ON Ribeir\u00e3o Preto.<\/p>\n<p><script async src=\"\/\/www.instagram.com\/embed.js\"><\/script><br \/>\n<br \/><br \/>\n<br \/><a href=\"https:\/\/www.acidadeon.com\/ribeiraopreto\/lazer-e-cultura\/video-mostra-resgate-de-cachorro-apos-desabamento-em-ribeirao-preto-assista\/\">Source link <\/a><\/p>\n<!-- CONTENT END 1 -->\n","protected":false},"excerpt":{"rendered":"<p>Um cachorro foi resgatado pelos bombeiros ap\u00f3s o desabamento de parte do telhado e do muro de uma oficina na manh\u00e3 do \u00faltimo domingo (2),&#8230;<\/p>\n","protected":false},"author":1,"featured_media":79519,"comment_status":"open","ping_status":"open","sticky":false,"template":"","format":"standard","meta":{"advanced_seo_description":"","jetpack_seo_html_title":"","jetpack_seo_noindex":false,"jetpack_post_was_ever_published":false,"_jetpack_newsletter_access":"","_jetpack_dont_email_post_to_subs":false,"_jetpack_newsletter_tier_id":0,"_jetpack_memberships_contains_paywalled_content":false,"_jetpack_memberships_contains_paid_content":false,"footnotes":"","jetpack_publicize_message":"","jetpack_publicize_feature_enabled":true,"jetpack_social_post_already_shared":true,"jetpack_social_options":{"image_generator_settings":{"template":"highway","default_image_id":0,"font":"","enabled":false},"version":2}},"categories":[11],"tags":[],"class_list":["post-79518","post","type-post","status-publish","format-standard","has-post-thumbnail","hentry","category-noticias-de-ribeirao-preto-sp-e-regiao-ismael-colosi"],"jetpack_publicize_connections":[],"jetpack_featured_media_url":"https:\/\/i0.wp.com\/noticiasribeiraopreto.com.br\/wp-content\/uploads\/2025\/11\/Copia-de-Copia-de-Copia-de-TAMANHO-EXATO-PARA-FOTOS-NO-SISTEMA-NOVO-81_2025-11-03_13-12-27.webp.webp?fit=1200%2C675&ssl=1","jetpack-related-posts":[{"id":59546,"url":"https:\/\/noticiasribeiraopreto.com.br\/index.php\/2024\/10\/25\/rodeio-na-regiao-de-ribeirao-preto-e-suspenso-apos-desabamento-de-estrutura\/","url_meta":{"origin":79518,"position":0},"title":"Rodeio na regi\u00e3o de Ribeir\u00e3o Preto \u00e9 suspenso ap\u00f3s desabamento de estrutura","author":"noticiasribeiraopreto.com.br","date":"25 de October de 2024","format":false,"excerpt":"A Prefeitura de Sert\u00e3ozinho informou nesta sexta-feira (25) que o Cruz das Posses Rodeio Fest 2024 foi suspenso ap\u00f3s parte da estrutura ter desabado na tarde da \u00faltima quinta-feira (24) durante o temporal. Segundo a prefeitura, as fortes chuvas e ventos que atingiram a regi\u00e3o, comprometeram a estrutura do evento.\u2026","rel":"","context":"In &quot;Not\u00edcias de Ribeir\u00e3o Preto-SP e Regi\u00e3o&quot;","block_context":{"text":"Not\u00edcias de Ribeir\u00e3o Preto-SP e Regi\u00e3o","link":"https:\/\/noticiasribeiraopreto.com.br\/index.php\/category\/noticias-de-ribeirao-preto-sp-e-regiao-ismael-colosi\/"},"img":{"alt_text":"","src":"https:\/\/i0.wp.com\/noticiasribeiraopreto.com.br\/wp-content\/uploads\/2024\/10\/WhatsApp-Image-2024-10-24-at-16.31.56_2024-10-24_19-56-31_jpeg_2024-10-24_19-56-32.webp.webp?fit=1200%2C675&ssl=1&resize=350%2C200","width":350,"height":200,"srcset":"https:\/\/i0.wp.com\/noticiasribeiraopreto.com.br\/wp-content\/uploads\/2024\/10\/WhatsApp-Image-2024-10-24-at-16.31.56_2024-10-24_19-56-31_jpeg_2024-10-24_19-56-32.webp.webp?fit=1200%2C675&ssl=1&resize=350%2C200 1x, https:\/\/i0.wp.com\/noticiasribeiraopreto.com.br\/wp-content\/uploads\/2024\/10\/WhatsApp-Image-2024-10-24-at-16.31.56_2024-10-24_19-56-31_jpeg_2024-10-24_19-56-32.webp.webp?fit=1200%2C675&ssl=1&resize=525%2C300 1.5x, https:\/\/i0.wp.com\/noticiasribeiraopreto.com.br\/wp-content\/uploads\/2024\/10\/WhatsApp-Image-2024-10-24-at-16.31.56_2024-10-24_19-56-31_jpeg_2024-10-24_19-56-32.webp.webp?fit=1200%2C675&ssl=1&resize=700%2C400 2x, https:\/\/i0.wp.com\/noticiasribeiraopreto.com.br\/wp-content\/uploads\/2024\/10\/WhatsApp-Image-2024-10-24-at-16.31.56_2024-10-24_19-56-31_jpeg_2024-10-24_19-56-32.webp.webp?fit=1200%2C675&ssl=1&resize=1050%2C600 3x"},"classes":[]},{"id":20467,"url":"https:\/\/noticiasribeiraopreto.com.br\/index.php\/2023\/12\/25\/utm_sourcerssutm_mediumrssutm_campaignhomem-em-situacao-de-rua-fica-ferido-apos-desabamento-de-marquise\/","url_meta":{"origin":79518,"position":1},"title":"Homem em situa\u00e7\u00e3o de rua fica ferido ap\u00f3s desabamento de marquise \u2013 X Tudo Ribeir\u00e3o","author":"noticiasribeiraopreto.com.br","date":"25 de December de 2023","format":false,"excerpt":"Um morador em situa\u00e7\u00e3o de rua ficou gravemente ferido ap\u00f3s a marquise de um com\u00e9rcio desabar na avenida Saudade, no bairro Campos El\u00edseos na zona Norte de Ribeir\u00e3o Preto. Segundo informa\u00e7\u00f5es iniciais da PM, a v\u00edtima que n\u00e3o teve o nome divulgado estava deitada, momento que ocorreu o desabamento da\u2026","rel":"","context":"In &quot;Not\u00edcias de Ribeir\u00e3o Preto-SP e Regi\u00e3o&quot;","block_context":{"text":"Not\u00edcias de Ribeir\u00e3o Preto-SP e Regi\u00e3o","link":"https:\/\/noticiasribeiraopreto.com.br\/index.php\/category\/noticias-de-ribeirao-preto-sp-e-regiao-ismael-colosi\/"},"img":{"alt_text":"","src":"https:\/\/i0.wp.com\/noticiasribeiraopreto.com.br\/wp-content\/uploads\/2023\/12\/4fda745b-cb23-48f2-83b7-191e4ea07c57.jpeg?fit=1200%2C900&ssl=1&resize=350%2C200","width":350,"height":200,"srcset":"https:\/\/i0.wp.com\/noticiasribeiraopreto.com.br\/wp-content\/uploads\/2023\/12\/4fda745b-cb23-48f2-83b7-191e4ea07c57.jpeg?fit=1200%2C900&ssl=1&resize=350%2C200 1x, https:\/\/i0.wp.com\/noticiasribeiraopreto.com.br\/wp-content\/uploads\/2023\/12\/4fda745b-cb23-48f2-83b7-191e4ea07c57.jpeg?fit=1200%2C900&ssl=1&resize=525%2C300 1.5x, https:\/\/i0.wp.com\/noticiasribeiraopreto.com.br\/wp-content\/uploads\/2023\/12\/4fda745b-cb23-48f2-83b7-191e4ea07c57.jpeg?fit=1200%2C900&ssl=1&resize=700%2C400 2x, https:\/\/i0.wp.com\/noticiasribeiraopreto.com.br\/wp-content\/uploads\/2023\/12\/4fda745b-cb23-48f2-83b7-191e4ea07c57.jpeg?fit=1200%2C900&ssl=1&resize=1050%2C600 3x"},"classes":[]},{"id":63190,"url":"https:\/\/noticiasribeiraopreto.com.br\/index.php\/2025\/02\/05\/jovem-de-ribeirao-preto-morre-apos-desabamento-do-teto-de-igreja-em-salvador\/","url_meta":{"origin":79518,"position":2},"title":"Jovem de Ribeir\u00e3o Preto morre ap\u00f3s desabamento do teto de igreja em Salvador","author":"noticiasribeiraopreto.com.br","date":"5 de February de 2025","format":false,"excerpt":"Uma jovem, natural de Ribeir\u00e3o Preto, morreu depois que parte do teto da Igreja de S\u00e3o Francisco de Assis, conhecida como \u201cigreja de ouro\u201d, desabou na tarde desta quarta-feira (5), no Centro Hist\u00f3rico de\u00a0Salvador. A informa\u00e7\u00e3o foi confirmada pelo Corpo de Bombeiros da Bahia. De acordo com a Delegacia de\u2026","rel":"","context":"In &quot;Not\u00edcias de Ribeir\u00e3o Preto-SP e Regi\u00e3o&quot;","block_context":{"text":"Not\u00edcias de Ribeir\u00e3o Preto-SP e Regi\u00e3o","link":"https:\/\/noticiasribeiraopreto.com.br\/index.php\/category\/noticias-de-ribeirao-preto-sp-e-regiao-ismael-colosi\/"},"img":{"alt_text":"","src":"https:\/\/i0.wp.com\/noticiasribeiraopreto.com.br\/wp-content\/uploads\/2025\/02\/Copia-de-Copia-de-Copia-de-TAMANHO-EXATO-PARA-FOTOS-NO-SISTEMA-NOVO-2025-02-05T175157.700_2025-02-05_20-52-11_png_2025-02-05_20-52-11.webp.webp?fit=1200%2C675&ssl=1&resize=350%2C200","width":350,"height":200,"srcset":"https:\/\/i0.wp.com\/noticiasribeiraopreto.com.br\/wp-content\/uploads\/2025\/02\/Copia-de-Copia-de-Copia-de-TAMANHO-EXATO-PARA-FOTOS-NO-SISTEMA-NOVO-2025-02-05T175157.700_2025-02-05_20-52-11_png_2025-02-05_20-52-11.webp.webp?fit=1200%2C675&ssl=1&resize=350%2C200 1x, https:\/\/i0.wp.com\/noticiasribeiraopreto.com.br\/wp-content\/uploads\/2025\/02\/Copia-de-Copia-de-Copia-de-TAMANHO-EXATO-PARA-FOTOS-NO-SISTEMA-NOVO-2025-02-05T175157.700_2025-02-05_20-52-11_png_2025-02-05_20-52-11.webp.webp?fit=1200%2C675&ssl=1&resize=525%2C300 1.5x, https:\/\/i0.wp.com\/noticiasribeiraopreto.com.br\/wp-content\/uploads\/2025\/02\/Copia-de-Copia-de-Copia-de-TAMANHO-EXATO-PARA-FOTOS-NO-SISTEMA-NOVO-2025-02-05T175157.700_2025-02-05_20-52-11_png_2025-02-05_20-52-11.webp.webp?fit=1200%2C675&ssl=1&resize=700%2C400 2x, https:\/\/i0.wp.com\/noticiasribeiraopreto.com.br\/wp-content\/uploads\/2025\/02\/Copia-de-Copia-de-Copia-de-TAMANHO-EXATO-PARA-FOTOS-NO-SISTEMA-NOVO-2025-02-05T175157.700_2025-02-05_20-52-11_png_2025-02-05_20-52-11.webp.webp?fit=1200%2C675&ssl=1&resize=1050%2C600 3x"},"classes":[]},{"id":63213,"url":"https:\/\/noticiasribeiraopreto.com.br\/index.php\/2025\/02\/06\/lula-se-manifesta-sobre-morte-de-jovem-de-ribeirao-preto-apos-desabamento-em-igreja\/","url_meta":{"origin":79518,"position":3},"title":"Lula se manifesta sobre morte de jovem de Ribeir\u00e3o Preto ap\u00f3s desabamento em igreja","author":"noticiasribeiraopreto.com.br","date":"6 de February de 2025","format":false,"excerpt":"O presidente Luiz In\u00e1cio Lula da Silva (PT) se manifestou sobre o desabamento do teto de uma igreja em Salvador-BA, na \u00faltima quarta-feira (5), que resultou na morte da jovem Giulia Panchoni Righetto, de 26 anos, natural de Ribeir\u00e3o Preto. Segundo o presidente, o Governo Federal est\u00e1 \u00e0 disposi\u00e7\u00e3o das\u2026","rel":"","context":"In &quot;Not\u00edcias de Ribeir\u00e3o Preto-SP e Regi\u00e3o&quot;","block_context":{"text":"Not\u00edcias de Ribeir\u00e3o Preto-SP e Regi\u00e3o","link":"https:\/\/noticiasribeiraopreto.com.br\/index.php\/category\/noticias-de-ribeirao-preto-sp-e-regiao-ismael-colosi\/"},"img":{"alt_text":"","src":"https:\/\/i0.wp.com\/noticiasribeiraopreto.com.br\/wp-content\/uploads\/2025\/02\/lula_2025-02-06_15-39-40_jpg_2025-02-06_15-39-40.webp.webp?fit=1050%2C684&ssl=1&resize=350%2C200","width":350,"height":200,"srcset":"https:\/\/i0.wp.com\/noticiasribeiraopreto.com.br\/wp-content\/uploads\/2025\/02\/lula_2025-02-06_15-39-40_jpg_2025-02-06_15-39-40.webp.webp?fit=1050%2C684&ssl=1&resize=350%2C200 1x, https:\/\/i0.wp.com\/noticiasribeiraopreto.com.br\/wp-content\/uploads\/2025\/02\/lula_2025-02-06_15-39-40_jpg_2025-02-06_15-39-40.webp.webp?fit=1050%2C684&ssl=1&resize=525%2C300 1.5x, https:\/\/i0.wp.com\/noticiasribeiraopreto.com.br\/wp-content\/uploads\/2025\/02\/lula_2025-02-06_15-39-40_jpg_2025-02-06_15-39-40.webp.webp?fit=1050%2C684&ssl=1&resize=700%2C400 2x, https:\/\/i0.wp.com\/noticiasribeiraopreto.com.br\/wp-content\/uploads\/2025\/02\/lula_2025-02-06_15-39-40_jpg_2025-02-06_15-39-40.webp.webp?fit=1050%2C684&ssl=1&resize=1050%2C600 3x"},"classes":[]},{"id":66950,"url":"https:\/\/noticiasribeiraopreto.com.br\/index.php\/2025\/04\/07\/mulher-fica-ferida-apos-ser-atacada-por-cachorro-em-ribeirao-preto\/","url_meta":{"origin":79518,"position":4},"title":"Mulher fica ferida ap\u00f3s ser atacada por cachorro em Ribeir\u00e3o Preto","author":"noticiasribeiraopreto.com.br","date":"7 de April de 2025","format":false,"excerpt":"Na tarde desta segunda-feira, uma mulher ficou ferida ap\u00f3s ser atacada por um cachorro na Vila V\u00edrginia, em Ribeir\u00e3o Preto. O animal, da ra\u00e7a Bull terrier, pertence ao irm\u00e3o da v\u00edtima. Segundo informa\u00e7\u00f5es de vizinhos e familiares, o c\u00e3o j\u00e1 havia demonstrado comportamento agressivo e, cerca de 15 dias antes\u2026","rel":"","context":"In &quot;Not\u00edcias de Ribeir\u00e3o Preto-SP e Regi\u00e3o&quot;","block_context":{"text":"Not\u00edcias de Ribeir\u00e3o Preto-SP e Regi\u00e3o","link":"https:\/\/noticiasribeiraopreto.com.br\/index.php\/category\/noticias-de-ribeirao-preto-sp-e-regiao-ismael-colosi\/"},"img":{"alt_text":"","src":"https:\/\/i0.wp.com\/noticiasribeiraopreto.com.br\/wp-content\/uploads\/2025\/04\/ambulancia_upa_1024x576_21052021184950.jpg?fit=1024%2C576&ssl=1&resize=350%2C200","width":350,"height":200,"srcset":"https:\/\/i0.wp.com\/noticiasribeiraopreto.com.br\/wp-content\/uploads\/2025\/04\/ambulancia_upa_1024x576_21052021184950.jpg?fit=1024%2C576&ssl=1&resize=350%2C200 1x, https:\/\/i0.wp.com\/noticiasribeiraopreto.com.br\/wp-content\/uploads\/2025\/04\/ambulancia_upa_1024x576_21052021184950.jpg?fit=1024%2C576&ssl=1&resize=525%2C300 1.5x, https:\/\/i0.wp.com\/noticiasribeiraopreto.com.br\/wp-content\/uploads\/2025\/04\/ambulancia_upa_1024x576_21052021184950.jpg?fit=1024%2C576&ssl=1&resize=700%2C400 2x"},"classes":[]},{"id":78816,"url":"https:\/\/noticiasribeiraopreto.com.br\/index.php\/2025\/10\/18\/vitima-e-socorrida-em-estado-grave-apos-desabamento-em-arena-de-beach-tennis\/","url_meta":{"origin":79518,"position":5},"title":"V\u00edtima \u00e9 socorrida em estado grave ap\u00f3s desabamento em arena de beach tennis","author":"noticiasribeiraopreto.com.br","date":"18 de October de 2025","format":false,"excerpt":"Nove pessoas ficaram feridas na tarde deste s\u00e1bado (18) por conta do desabamento da cobertura de uma arquibancada da Arena Beach Ribeir\u00e3o, no distrito de Bonfim Paulista, em Ribeir\u00e3o Preto. Segundo a Defesa Civil, uma v\u00edtima foi socorrida em estado grave com trauma cr\u00e2nio encef\u00e1lico. A reportagem do acidade on\u2026","rel":"","context":"In &quot;Not\u00edcias de Ribeir\u00e3o Preto-SP e Regi\u00e3o&quot;","block_context":{"text":"Not\u00edcias de Ribeir\u00e3o Preto-SP e Regi\u00e3o","link":"https:\/\/noticiasribeiraopreto.com.br\/index.php\/category\/noticias-de-ribeirao-preto-sp-e-regiao-ismael-colosi\/"},"img":{"alt_text":"","src":"https:\/\/i0.wp.com\/noticiasribeiraopreto.com.br\/wp-content\/uploads\/2025\/10\/arena-beach-tennis-ribeirao-preto_2025-10-18_20-56-52.webp.webp?fit=1200%2C675&ssl=1&resize=350%2C200","width":350,"height":200,"srcset":"https:\/\/i0.wp.com\/noticiasribeiraopreto.com.br\/wp-content\/uploads\/2025\/10\/arena-beach-tennis-ribeirao-preto_2025-10-18_20-56-52.webp.webp?fit=1200%2C675&ssl=1&resize=350%2C200 1x, https:\/\/i0.wp.com\/noticiasribeiraopreto.com.br\/wp-content\/uploads\/2025\/10\/arena-beach-tennis-ribeirao-preto_2025-10-18_20-56-52.webp.webp?fit=1200%2C675&ssl=1&resize=525%2C300 1.5x, https:\/\/i0.wp.com\/noticiasribeiraopreto.com.br\/wp-content\/uploads\/2025\/10\/arena-beach-tennis-ribeirao-preto_2025-10-18_20-56-52.webp.webp?fit=1200%2C675&ssl=1&resize=700%2C400 2x, https:\/\/i0.wp.com\/noticiasribeiraopreto.com.br\/wp-content\/uploads\/2025\/10\/arena-beach-tennis-ribeirao-preto_2025-10-18_20-56-52.webp.webp?fit=1200%2C675&ssl=1&resize=1050%2C600 3x"},"classes":[]}],"jetpack_sharing_enabled":true,"jetpack_shortlink":"https:\/\/wp.me\/peQAOb-kGy","_links":{"self":[{"href":"https:\/\/noticiasribeiraopreto.com.br\/index.php\/wp-json\/wp\/v2\/posts\/79518","targetHints":{"allow":["GET"]}}],"collection":[{"href":"https:\/\/noticiasribeiraopreto.com.br\/index.php\/wp-json\/wp\/v2\/posts"}],"about":[{"href":"https:\/\/noticiasribeiraopreto.com.br\/index.php\/wp-json\/wp\/v2\/types\/post"}],"author":[{"embeddable":true,"href":"https:\/\/noticiasribeiraopreto.com.br\/index.php\/wp-json\/wp\/v2\/users\/1"}],"replies":[{"embeddable":true,"href":"https:\/\/noticiasribeiraopreto.com.br\/index.php\/wp-json\/wp\/v2\/comments?post=79518"}],"version-history":[{"count":0,"href":"https:\/\/noticiasribeiraopreto.com.br\/index.php\/wp-json\/wp\/v2\/posts\/79518\/revisions"}],"wp:featuredmedia":[{"embeddable":true,"href":"https:\/\/noticiasribeiraopreto.com.br\/index.php\/wp-json\/wp\/v2\/media\/79519"}],"wp:attachment":[{"href":"https:\/\/noticiasribeiraopreto.com.br\/index.php\/wp-json\/wp\/v2\/media?parent=79518"}],"wp:term":[{"taxonomy":"category","embeddable":true,"href":"https:\/\/noticiasribeiraopreto.com.br\/index.php\/wp-json\/wp\/v2\/categories?post=79518"},{"taxonomy":"post_tag","embeddable":true,"href":"https:\/\/noticiasribeiraopreto.com.br\/index.php\/wp-json\/wp\/v2\/tags?post=79518"}],"curies":[{"name":"wp","href":"https:\/\/api.w.org\/{rel}","templated":true}]}}