{"id":79520,"date":"2025-11-03T13:44:56","date_gmt":"2025-11-03T16:44:56","guid":{"rendered":"https:\/\/noticiasribeiraopreto.com.br\/index.php\/2025\/11\/03\/dona-de-casa-de-repouso-e-presa-por-maus-tratos-a-idosos-em-ribeirao-preto\/"},"modified":"2025-11-03T13:44:56","modified_gmt":"2025-11-03T16:44:56","slug":"dona-de-casa-de-repouso-e-presa-por-maus-tratos-a-idosos-em-ribeirao-preto","status":"publish","type":"post","link":"https:\/\/noticiasribeiraopreto.com.br\/index.php\/2025\/11\/03\/dona-de-casa-de-repouso-e-presa-por-maus-tratos-a-idosos-em-ribeirao-preto\/","title":{"rendered":"Dona de casa de repouso \u00e9 presa por maus-tratos a idosos em Ribeir\u00e3o Preto"},"content":{"rendered":"<div class='code-block code-block-1' style='margin: 8px 0 8px auto; text-align: right; display: block; clear: both;'>\n<p><a href=\"https:\/\/wa.link\/vpicfd\"><img data-recalc-dims=\"1\" class=\"wp-image-4922\" style=\"aspect-ratio: 2.0253164556962027; width: 561px; height: auto;\" src=\"https:\/\/i0.wp.com\/ismaelcolosi.com.br\/wp-content\/uploads\/2023\/11\/grupo-de-empregos-whatsapp-e-facebook-ismael-colosi-vagas.jpg?ssl=1\" alt=\"\" \/><\/a><\/p>\n<!-- \/wp:image -->\n<\/div>\n<p> <br \/>\n<\/p>\n<div>\n<p><strong>Uma mulher de 40 anos foi presa neste domingo (2), depois que a pol\u00edcia encontrou sete idosos em condi\u00e7\u00f5es insalubres em uma casa, no Parque Ribeir\u00e3o, zona Oeste de Ribeir\u00e3o Preto.<\/strong> Os <strong>idosos <\/strong>foram <strong>resgatados<\/strong>.<\/p>\n<p>Segundo o<strong> boletim de ocorr\u00eancia (BO)<\/strong>, <mark style=\"background-color:#fcb900\" class=\"has-inline-color has-black-color\">Eva Maria Lima disse ser auxiliar de enfermagem, e alegou que havia acolhido os idosos em sua casa depois do fechamento da cl\u00ednica onde eles residiam anteriormente.<\/mark> Tr\u00eas institui\u00e7\u00f5es que estariam sob sua responsabilidade, nas regi\u00f5es do Alto da Boa Vista, Ant\u00f4nio Marincek e Centro da cidade, foram alvos de investiga\u00e7\u00e3o em abril deste ano.<\/p>\n<p>Consta no registro que a resid\u00eancia do Parque Ribeir\u00e3o n\u00e3o possu\u00eda alvar\u00e1 de funcionamento e \u201cexalava forte odor de urina, apresentava condi\u00e7\u00f5es prec\u00e1rias de higiene, com lixo, restos de alimentos e fezes espalhados pelo ch\u00e3o\u201d. <\/p>\n<p>Ainda conforme o BO, em outros dois im\u00f3veis utilizados como abrigo para pessoas idosas, nas ruas Lafaiete e Marechal Deodoro, na regi\u00e3o central de Ribeir\u00e3o Preto, tamb\u00e9m foram constatadas situa\u00e7\u00f5es semelhantes neste domingo.<\/p>\n<p>A filha de uma idosa encontrada na casa do Parque Ribeir\u00e3o disse \u00e0 pol\u00edcia que a m\u00e3e havia sido internada h\u00e1 dois anos na cl\u00ednica do bairro Marincek. O custo de R$ 1,5 mil era repassado por meio de benef\u00edcio assistencial. A filha negou a inten\u00e7\u00e3o de abandono e afirmou n\u00e3o ter conhecimento da situa\u00e7\u00e3o atual. Ela foi qualificada como investigada.<\/p>\n<p>Diversos \u00f3rg\u00e3os foram mobilizados nas ocorr\u00eancias, como pol\u00edcias Civil e Militar, Samu e Prefeitura de Ribeir\u00e3o Preto.<\/p>\n<p>O caso foi registrado na CPJ (Central de Pol\u00edcia Judici\u00e1ria) Permanente como flagrante de abandonar idoso ou n\u00e3o prover suas necessidades e expor a perigo a integridade e sa\u00fade.<\/p>\n<p>A Secretaria Municipal da Sa\u00fade informou que os idosos resgatados na casa do Parque Ribeir\u00e3o foram transferidos para os hospitais Santa Lydia e Francisco de Assis.<\/p>\n<p>Nesta segunda-feira (3), equipe da Sa\u00fade dever\u00e3o montar um plano para os outros idosos que ficaram nas outras duas casas de repouso.<\/p>\n<h2 class=\"wp-block-heading\"><strong>Outro lado<\/strong><\/h2>\n<p>A defesa de Eva Maria Lima disse, por meio de nota, que busca entender a situa\u00e7\u00e3o para posteriormente se manifestar.<\/p>\n<p>SAIBA MAIS<\/p>\n<p>Segunda-feira come\u00e7a com acidentes e sem\u00e1foros desligados em Ribeir\u00e3o Preto<\/p>\n<h3 class=\"wp-block-heading\"><strong>FIQUE ON<\/strong><\/h3>\n<p>Fique ligado em tudo que acontece em Ribeir\u00e3o Preto e regi\u00e3o. Siga os perfis do<strong>\u00a0acidade on\u00a0<\/strong>no<a href=\"https:\/\/www.instagram.com\/acidadeonribeirao\" target=\"_blank\" rel=\"noreferrer noopener\">\u00a0Instagram\u00a0<\/a>e no\u00a0<a href=\"https:\/\/www.facebook.com\/acidadeonribeirao\/\" target=\"_blank\" rel=\"noreferrer noopener\">Facebook<\/a>.<\/p>\n<p>Receba not\u00edcias do<strong>\u00a0acidade on<\/strong>\u00a0no WhatsApp. Para entrar no grupo,\u00a0basta\u00a0<a href=\"https:\/\/chat.whatsapp.com\/I4nieTEMKlf50pJ28aMemC?mode=ac_t\" target=\"_blank\" rel=\"noreferrer noopener\">clicar aqui<\/a>. Ou, acesse o nosso\u00a0Canal<a href=\"https:\/\/whatsapp.com\/channel\/0029Vb6IQl1JENyAeS57fk2p\" target=\"_blank\" rel=\"noreferrer noopener\">\u00a0clicando aqui<\/a>.<\/p>\n<p>Fa\u00e7a uma den\u00fancia ou sugira uma reportagem sobre Ribeir\u00e3o Preto e regi\u00e3o pelo WhatsApp: 16 99117 7802.<\/p>\n<p>VEJA TAMB\u00c9M<\/p>\n<p>O que \u00e9 o 3I\/ATLAS?<\/p>\n<p><!-- AI CONTENT END 1 -->\n<\/div>\n<p><script async src=\"\/\/www.instagram.com\/embed.js\"><\/script><br \/>\n<br \/><br \/>\n<br \/><a href=\"https:\/\/www.acidadeon.com\/ribeiraopreto\/cotidiano\/dona-de-casa-de-repouso-e-presa-por-maus-tratos-a-idosos-em-ribeirao-preto\/\">Source link <\/a><\/p>\n<!-- CONTENT END 1 -->\n","protected":false},"excerpt":{"rendered":"<p>Uma mulher de 40 anos foi presa neste domingo (2), depois que a pol\u00edcia encontrou sete idosos em condi\u00e7\u00f5es insalubres em uma casa, no Parque&#8230;<\/p>\n","protected":false},"author":1,"featured_media":79521,"comment_status":"open","ping_status":"open","sticky":false,"template":"","format":"standard","meta":{"advanced_seo_description":"","jetpack_seo_html_title":"","jetpack_seo_noindex":false,"jetpack_post_was_ever_published":false,"_jetpack_newsletter_access":"","_jetpack_dont_email_post_to_subs":false,"_jetpack_newsletter_tier_id":0,"_jetpack_memberships_contains_paywalled_content":false,"_jetpack_memberships_contains_paid_content":false,"footnotes":"","jetpack_publicize_message":"","jetpack_publicize_feature_enabled":true,"jetpack_social_post_already_shared":true,"jetpack_social_options":{"image_generator_settings":{"template":"highway","default_image_id":0,"font":"","enabled":false},"version":2}},"categories":[11],"tags":[],"class_list":["post-79520","post","type-post","status-publish","format-standard","has-post-thumbnail","hentry","category-noticias-de-ribeirao-preto-sp-e-regiao-ismael-colosi"],"jetpack_publicize_connections":[],"jetpack_featured_media_url":"https:\/\/i0.wp.com\/noticiasribeiraopreto.com.br\/wp-content\/uploads\/2025\/11\/WhatsApp-Image-2025-11-03-at-09.55.17_2025-11-03_13-04-56.webp.webp?fit=1200%2C675&ssl=1","jetpack-related-posts":[{"id":79535,"url":"https:\/\/noticiasribeiraopreto.com.br\/index.php\/2025\/11\/03\/prefeitura-de-ribeirao-assume-casas-de-repouso-apos-prisao-de-responsavel-por-suspeita-de-maus-tratos\/","url_meta":{"origin":79520,"position":0},"title":"Prefeitura de Ribeir\u00e3o assume casas de repouso ap\u00f3s pris\u00e3o de respons\u00e1vel por suspeita de maus-tratos","author":"noticiasribeiraopreto.com.br","date":"3 de November de 2025","format":false,"excerpt":"A Prefeitura de Ribeir\u00e3o Preto assumiu temporariamente a gest\u00e3o de duas casas de repouso do grupo Meu Doce Lar ap\u00f3s a pris\u00e3o da propriet\u00e1ria, Eva Maria Lima, no domingo (2), por descumprimento de medidas judiciais e suspeita de maus-tratos a idosos. O an\u00fancio foi feito na tarde desta segunda-feira (3)\u2026","rel":"","context":"In &quot;Not\u00edcias de Ribeir\u00e3o Preto-SP e Regi\u00e3o&quot;","block_context":{"text":"Not\u00edcias de Ribeir\u00e3o Preto-SP e Regi\u00e3o","link":"https:\/\/noticiasribeiraopreto.com.br\/index.php\/category\/noticias-de-ribeirao-preto-sp-e-regiao-ismael-colosi\/"},"img":{"alt_text":"","src":"https:\/\/i0.wp.com\/noticiasribeiraopreto.com.br\/wp-content\/uploads\/2025\/11\/palace-5_2025-11-03_17-16-58.webp.webp?fit=1200%2C675&ssl=1&resize=350%2C200","width":350,"height":200,"srcset":"https:\/\/i0.wp.com\/noticiasribeiraopreto.com.br\/wp-content\/uploads\/2025\/11\/palace-5_2025-11-03_17-16-58.webp.webp?fit=1200%2C675&ssl=1&resize=350%2C200 1x, https:\/\/i0.wp.com\/noticiasribeiraopreto.com.br\/wp-content\/uploads\/2025\/11\/palace-5_2025-11-03_17-16-58.webp.webp?fit=1200%2C675&ssl=1&resize=525%2C300 1.5x, https:\/\/i0.wp.com\/noticiasribeiraopreto.com.br\/wp-content\/uploads\/2025\/11\/palace-5_2025-11-03_17-16-58.webp.webp?fit=1200%2C675&ssl=1&resize=700%2C400 2x, https:\/\/i0.wp.com\/noticiasribeiraopreto.com.br\/wp-content\/uploads\/2025\/11\/palace-5_2025-11-03_17-16-58.webp.webp?fit=1200%2C675&ssl=1&resize=1050%2C600 3x"},"classes":[]},{"id":79541,"url":"https:\/\/noticiasribeiraopreto.com.br\/index.php\/2025\/11\/03\/trinta-e-seis-idosos-sao-resgatados-em-casas-de-repouso-em-ribeirao\/","url_meta":{"origin":79520,"position":1},"title":"Trinta e seis idosos s\u00e3o resgatados em casas de repouso em Ribeir\u00e3o","author":"noticiasribeiraopreto.com.br","date":"3 de November de 2025","format":false,"excerpt":"3 de novembro de 2025 17:593 Compartilhar0 Em dois locais, nos bairros Alto da Boa Vista e Centro, foram mais de 29 idosos encontrados na manh\u00e3 desta segunda-feira (3) pelas equipes da prefeitura e sete idosos foram retirados de um im\u00f3vel no domingo (2) no Parque Ribeir\u00e3o Trinta e seis\u2026","rel":"","context":"In &quot;Not\u00edcias de Ribeir\u00e3o Preto-SP e Regi\u00e3o&quot;","block_context":{"text":"Not\u00edcias de Ribeir\u00e3o Preto-SP e Regi\u00e3o","link":"https:\/\/noticiasribeiraopreto.com.br\/index.php\/category\/noticias-de-ribeirao-preto-sp-e-regiao-ismael-colosi\/"},"img":{"alt_text":"","src":"https:\/\/i0.wp.com\/noticiasribeiraopreto.com.br\/wp-content\/uploads\/2025\/11\/WhatsApp-Image-2025-11-03-at-16.22.29-scaled.jpeg?fit=1170%2C780&ssl=1&resize=350%2C200","width":350,"height":200,"srcset":"https:\/\/i0.wp.com\/noticiasribeiraopreto.com.br\/wp-content\/uploads\/2025\/11\/WhatsApp-Image-2025-11-03-at-16.22.29-scaled.jpeg?fit=1170%2C780&ssl=1&resize=350%2C200 1x, https:\/\/i0.wp.com\/noticiasribeiraopreto.com.br\/wp-content\/uploads\/2025\/11\/WhatsApp-Image-2025-11-03-at-16.22.29-scaled.jpeg?fit=1170%2C780&ssl=1&resize=525%2C300 1.5x, https:\/\/i0.wp.com\/noticiasribeiraopreto.com.br\/wp-content\/uploads\/2025\/11\/WhatsApp-Image-2025-11-03-at-16.22.29-scaled.jpeg?fit=1170%2C780&ssl=1&resize=700%2C400 2x, https:\/\/i0.wp.com\/noticiasribeiraopreto.com.br\/wp-content\/uploads\/2025\/11\/WhatsApp-Image-2025-11-03-at-16.22.29-scaled.jpeg?fit=1170%2C780&ssl=1&resize=1050%2C600 3x"},"classes":[]},{"id":79562,"url":"https:\/\/noticiasribeiraopreto.com.br\/index.php\/2025\/11\/04\/prefeitura-assume-casas-de-repouso-ilegais\/","url_meta":{"origin":79520,"position":2},"title":"Prefeitura assume\u2028 casas de repouso ilegais","author":"noticiasribeiraopreto.com.br","date":"4 de November de 2025","format":false,"excerpt":"Equipes da Sa\u00fade e da Assist\u00eancia Social garantem atendimento, acolhimento e contato com familiares dos 36 idosos atendidos nas unidades\u2028\u2028 A prefeitura de Ribeir\u00e3o Preto assumiu, de forma emergencial e tempor\u00e1ria, a gest\u00e3o de duas casas de repouso pertencentes ao grupo Meu Doce Lar, ap\u00f3s a pris\u00e3o da propriet\u00e1ria Eva\u2026","rel":"","context":"In &quot;Not\u00edcias de Ribeir\u00e3o Preto-SP e Regi\u00e3o&quot;","block_context":{"text":"Not\u00edcias de Ribeir\u00e3o Preto-SP e Regi\u00e3o","link":"https:\/\/noticiasribeiraopreto.com.br\/index.php\/category\/noticias-de-ribeirao-preto-sp-e-regiao-ismael-colosi\/"},"img":{"alt_text":"","src":"https:\/\/i0.wp.com\/noticiasribeiraopreto.com.br\/wp-content\/uploads\/2025\/11\/Asilos-Pre-Guilherme-Sircili-01-scaled.jpg?fit=1170%2C780&ssl=1&resize=350%2C200","width":350,"height":200,"srcset":"https:\/\/i0.wp.com\/noticiasribeiraopreto.com.br\/wp-content\/uploads\/2025\/11\/Asilos-Pre-Guilherme-Sircili-01-scaled.jpg?fit=1170%2C780&ssl=1&resize=350%2C200 1x, https:\/\/i0.wp.com\/noticiasribeiraopreto.com.br\/wp-content\/uploads\/2025\/11\/Asilos-Pre-Guilherme-Sircili-01-scaled.jpg?fit=1170%2C780&ssl=1&resize=525%2C300 1.5x, https:\/\/i0.wp.com\/noticiasribeiraopreto.com.br\/wp-content\/uploads\/2025\/11\/Asilos-Pre-Guilherme-Sircili-01-scaled.jpg?fit=1170%2C780&ssl=1&resize=700%2C400 2x, https:\/\/i0.wp.com\/noticiasribeiraopreto.com.br\/wp-content\/uploads\/2025\/11\/Asilos-Pre-Guilherme-Sircili-01-scaled.jpg?fit=1170%2C780&ssl=1&resize=1050%2C600 3x"},"classes":[]},{"id":59876,"url":"https:\/\/noticiasribeiraopreto.com.br\/index.php\/2024\/10\/31\/idoso-e-resgatado-de-condicoes-analogas-a-escravidao-na-regiao-de-ribeirao\/","url_meta":{"origin":79520,"position":3},"title":"Idoso \u00e9 resgatado de condi\u00e7\u00f5es an\u00e1logas \u00e0 escravid\u00e3o na regi\u00e3o de Ribeir\u00e3o","author":"noticiasribeiraopreto.com.br","date":"31 de October de 2024","format":false,"excerpt":"Uma\u00a0idoso de 71 anos foi resgatado de\u00a0condi\u00e7\u00f5es an\u00e1logas \u00e0 escravid\u00e3o\u00a0em\u00a0Igarapava, na regi\u00e3o de\u00a0Ribeir\u00e3o Preto, nesta quinta-feira (31). A opera\u00e7\u00e3o foi realizada pelo\u00a0Minist\u00e9rio P\u00fablico do Trabalho (MPT),\u00a0Minist\u00e9rio do Trabalho e Emprego (MTE)\u00a0e\u00a0Pol\u00edcia Rodovi\u00e1ria Federal (PRF). Segundo a investiga\u00e7\u00e3o, o idoso trabalhava h\u00e1 tr\u00eas anos como caseiro em uma propriedade rural e\u2026","rel":"","context":"In &quot;Not\u00edcias de Ribeir\u00e3o Preto-SP e Regi\u00e3o&quot;","block_context":{"text":"Not\u00edcias de Ribeir\u00e3o Preto-SP e Regi\u00e3o","link":"https:\/\/noticiasribeiraopreto.com.br\/index.php\/category\/noticias-de-ribeirao-preto-sp-e-regiao-ismael-colosi\/"},"img":{"alt_text":"","src":"https:\/\/i0.wp.com\/noticiasribeiraopreto.com.br\/wp-content\/uploads\/2024\/10\/Copia-de-Copia-de-Copia-de-TAMANHO-EXATO-PARA-FOTOS-NO-SISTEMA-NOVO-67_2024-10-31_20-30-55_png_2024-10-31_20-30-55.webp.webp?fit=1200%2C675&ssl=1&resize=350%2C200","width":350,"height":200,"srcset":"https:\/\/i0.wp.com\/noticiasribeiraopreto.com.br\/wp-content\/uploads\/2024\/10\/Copia-de-Copia-de-Copia-de-TAMANHO-EXATO-PARA-FOTOS-NO-SISTEMA-NOVO-67_2024-10-31_20-30-55_png_2024-10-31_20-30-55.webp.webp?fit=1200%2C675&ssl=1&resize=350%2C200 1x, https:\/\/i0.wp.com\/noticiasribeiraopreto.com.br\/wp-content\/uploads\/2024\/10\/Copia-de-Copia-de-Copia-de-TAMANHO-EXATO-PARA-FOTOS-NO-SISTEMA-NOVO-67_2024-10-31_20-30-55_png_2024-10-31_20-30-55.webp.webp?fit=1200%2C675&ssl=1&resize=525%2C300 1.5x, https:\/\/i0.wp.com\/noticiasribeiraopreto.com.br\/wp-content\/uploads\/2024\/10\/Copia-de-Copia-de-Copia-de-TAMANHO-EXATO-PARA-FOTOS-NO-SISTEMA-NOVO-67_2024-10-31_20-30-55_png_2024-10-31_20-30-55.webp.webp?fit=1200%2C675&ssl=1&resize=700%2C400 2x, https:\/\/i0.wp.com\/noticiasribeiraopreto.com.br\/wp-content\/uploads\/2024\/10\/Copia-de-Copia-de-Copia-de-TAMANHO-EXATO-PARA-FOTOS-NO-SISTEMA-NOVO-67_2024-10-31_20-30-55_png_2024-10-31_20-30-55.webp.webp?fit=1200%2C675&ssl=1&resize=1050%2C600 3x"},"classes":[]},{"id":66721,"url":"https:\/\/noticiasribeiraopreto.com.br\/index.php\/2025\/04\/04\/ministerio-publico-interdita-tres-casas-de-repouso-em-ribeirao-preto\/","url_meta":{"origin":79520,"position":4},"title":"Minist\u00e9rio P\u00fablico interdita tr\u00eas casas de repouso em Ribeir\u00e3o Preto","author":"noticiasribeiraopreto.com.br","date":"4 de April de 2025","format":false,"excerpt":"Tr\u00eas casas de repouso foram interditadas, em Ribeir\u00e3o Preto, durante uma investiga\u00e7\u00e3o realizada pelo Minist\u00e9rio P\u00fablico, com apoio da Vigil\u00e2ncia Sanit\u00e1ria, secretarias de Assist\u00eancia Social e Sa\u00fade, al\u00e9m da Pol\u00edcia Civil. Cerca de 50 idosos estavam sendo mantidos em condi\u00e7\u00f5es de maus-tratos, nas casas localizadas nos bairros Alto da Boa\u2026","rel":"","context":"In &quot;Not\u00edcias de Ribeir\u00e3o Preto-SP e Regi\u00e3o&quot;","block_context":{"text":"Not\u00edcias de Ribeir\u00e3o Preto-SP e Regi\u00e3o","link":"https:\/\/noticiasribeiraopreto.com.br\/index.php\/category\/noticias-de-ribeirao-preto-sp-e-regiao-ismael-colosi\/"},"img":{"alt_text":"","src":"https:\/\/i0.wp.com\/noticiasribeiraopreto.com.br\/wp-content\/uploads\/2025\/04\/Copia-de-Copia-de-Copia-de-TAMANHO-EXATO-PARA-FOTOS-NO-SISTEMA-NOVO-2025-04-04T152751.593_2025-04-04_18-28-17_png_2025-04-04_18-28-17.webp.webp?fit=1200%2C675&ssl=1&resize=350%2C200","width":350,"height":200,"srcset":"https:\/\/i0.wp.com\/noticiasribeiraopreto.com.br\/wp-content\/uploads\/2025\/04\/Copia-de-Copia-de-Copia-de-TAMANHO-EXATO-PARA-FOTOS-NO-SISTEMA-NOVO-2025-04-04T152751.593_2025-04-04_18-28-17_png_2025-04-04_18-28-17.webp.webp?fit=1200%2C675&ssl=1&resize=350%2C200 1x, https:\/\/i0.wp.com\/noticiasribeiraopreto.com.br\/wp-content\/uploads\/2025\/04\/Copia-de-Copia-de-Copia-de-TAMANHO-EXATO-PARA-FOTOS-NO-SISTEMA-NOVO-2025-04-04T152751.593_2025-04-04_18-28-17_png_2025-04-04_18-28-17.webp.webp?fit=1200%2C675&ssl=1&resize=525%2C300 1.5x, https:\/\/i0.wp.com\/noticiasribeiraopreto.com.br\/wp-content\/uploads\/2025\/04\/Copia-de-Copia-de-Copia-de-TAMANHO-EXATO-PARA-FOTOS-NO-SISTEMA-NOVO-2025-04-04T152751.593_2025-04-04_18-28-17_png_2025-04-04_18-28-17.webp.webp?fit=1200%2C675&ssl=1&resize=700%2C400 2x, https:\/\/i0.wp.com\/noticiasribeiraopreto.com.br\/wp-content\/uploads\/2025\/04\/Copia-de-Copia-de-Copia-de-TAMANHO-EXATO-PARA-FOTOS-NO-SISTEMA-NOVO-2025-04-04T152751.593_2025-04-04_18-28-17_png_2025-04-04_18-28-17.webp.webp?fit=1200%2C675&ssl=1&resize=1050%2C600 3x"},"classes":[]},{"id":73639,"url":"https:\/\/noticiasribeiraopreto.com.br\/index.php\/2025\/07\/06\/video-quadrilha-e-presa-apos-fazer-casal-de-idosos-refem\/","url_meta":{"origin":79520,"position":5},"title":"V\u00cdDEO: Quadrilha \u00e9 presa ap\u00f3s fazer casal de idosos ref\u00e9m\u00a0","author":"noticiasribeiraopreto.com.br","date":"6 de July de 2025","format":false,"excerpt":"6 de julho de 2025 15:524 Compartilhar0 Quatro homens foram presos neste domingo (6) ap\u00f3s invadirem uma resid\u00eancia, fazerem dois idosos ref\u00e9ns e roubarem cerca de R$ 1 milh\u00e3o em joias, R$ 180 mil em dinheiro e tr\u00eas armas de fogo. A a\u00e7\u00e3o criminosa aconteceu em um bairro nobre de\u2026","rel":"","context":"In &quot;Not\u00edcias de Ribeir\u00e3o Preto-SP e Regi\u00e3o&quot;","block_context":{"text":"Not\u00edcias de Ribeir\u00e3o Preto-SP e Regi\u00e3o","link":"https:\/\/noticiasribeiraopreto.com.br\/index.php\/category\/noticias-de-ribeirao-preto-sp-e-regiao-ismael-colosi\/"},"img":{"alt_text":"","src":"https:\/\/i0.wp.com\/noticiasribeiraopreto.com.br\/wp-content\/uploads\/2025\/07\/roubo_jardel.jpeg?fit=708%2C403&ssl=1&resize=350%2C200","width":350,"height":200,"srcset":"https:\/\/i0.wp.com\/noticiasribeiraopreto.com.br\/wp-content\/uploads\/2025\/07\/roubo_jardel.jpeg?fit=708%2C403&ssl=1&resize=350%2C200 1x, https:\/\/i0.wp.com\/noticiasribeiraopreto.com.br\/wp-content\/uploads\/2025\/07\/roubo_jardel.jpeg?fit=708%2C403&ssl=1&resize=525%2C300 1.5x, https:\/\/i0.wp.com\/noticiasribeiraopreto.com.br\/wp-content\/uploads\/2025\/07\/roubo_jardel.jpeg?fit=708%2C403&ssl=1&resize=700%2C400 2x"},"classes":[]}],"jetpack_sharing_enabled":true,"jetpack_shortlink":"https:\/\/wp.me\/peQAOb-kGA","_links":{"self":[{"href":"https:\/\/noticiasribeiraopreto.com.br\/index.php\/wp-json\/wp\/v2\/posts\/79520","targetHints":{"allow":["GET"]}}],"collection":[{"href":"https:\/\/noticiasribeiraopreto.com.br\/index.php\/wp-json\/wp\/v2\/posts"}],"about":[{"href":"https:\/\/noticiasribeiraopreto.com.br\/index.php\/wp-json\/wp\/v2\/types\/post"}],"author":[{"embeddable":true,"href":"https:\/\/noticiasribeiraopreto.com.br\/index.php\/wp-json\/wp\/v2\/users\/1"}],"replies":[{"embeddable":true,"href":"https:\/\/noticiasribeiraopreto.com.br\/index.php\/wp-json\/wp\/v2\/comments?post=79520"}],"version-history":[{"count":0,"href":"https:\/\/noticiasribeiraopreto.com.br\/index.php\/wp-json\/wp\/v2\/posts\/79520\/revisions"}],"wp:featuredmedia":[{"embeddable":true,"href":"https:\/\/noticiasribeiraopreto.com.br\/index.php\/wp-json\/wp\/v2\/media\/79521"}],"wp:attachment":[{"href":"https:\/\/noticiasribeiraopreto.com.br\/index.php\/wp-json\/wp\/v2\/media?parent=79520"}],"wp:term":[{"taxonomy":"category","embeddable":true,"href":"https:\/\/noticiasribeiraopreto.com.br\/index.php\/wp-json\/wp\/v2\/categories?post=79520"},{"taxonomy":"post_tag","embeddable":true,"href":"https:\/\/noticiasribeiraopreto.com.br\/index.php\/wp-json\/wp\/v2\/tags?post=79520"}],"curies":[{"name":"wp","href":"https:\/\/api.w.org\/{rel}","templated":true}]}}