{"id":79522,"date":"2025-11-03T13:58:40","date_gmt":"2025-11-03T16:58:40","guid":{"rendered":"https:\/\/noticiasribeiraopreto.com.br\/index.php\/2025\/11\/03\/video-caminhao-desgovernado-invade-casa-em-franca\/"},"modified":"2025-11-03T13:58:40","modified_gmt":"2025-11-03T16:58:40","slug":"video-caminhao-desgovernado-invade-casa-em-franca","status":"publish","type":"post","link":"https:\/\/noticiasribeiraopreto.com.br\/index.php\/2025\/11\/03\/video-caminhao-desgovernado-invade-casa-em-franca\/","title":{"rendered":"V\u00cdDEO: Caminh\u00e3o desgovernado invade casa em Franca"},"content":{"rendered":"<p> <br \/>\n<\/p>\n<div id=\"post-445102\">\n<header class=\"entry-header penci-entry-header penci-title-center\">\n<p>\n\t\t\t\t\t\t\t\t\t<span class=\"entry-meta-item penci-posted-on\"><i class=\"fa fa-clock-o\"\/><time class=\"entry-date published updated\" datetime=\"2025-11-03T13:52:37-03:00\">3 de novembro de 2025 13:52<\/time><\/span><span class=\"entry-meta-item penci-post-countview\"><span class=\"entry-meta-item penci-post-countview penci_post-meta_item\"><i class=\"fa fa-eye\"\/><span class=\"penci-post-countview-number penci-post-countview-p445102\">4<\/span><\/span><\/span>\t\t\t\t\t\t\t\t<\/p>\n<p><!-- .entry-meta --><br \/>\n\t\t\t\t\t\t\t\t<span class=\"penci-social-buttons penci-social-share-footer\"><span class=\"penci-social-share-text\">Compartilhar<\/span><a href=\"#\" class=\"penci-post-like penci_post-meta_item  single-like-button penci-social-item like\" data-post_id=\"445102\" title=\"Like\" data-like=\"Like\" data-unlike=\"Unlike\"><i class=\"fa fa-thumbs-o-up\"\/><span class=\"penci-share-number\">0<\/span><\/a><i class=\"fa fa-facebook\"\/><a class=\"penci-social-item twitter\" target=\"_blank\" rel=\"noopener\" title=\"\" href=\"https:\/\/twitter.com\/intent\/tweet?text=V\u00cdDEO:%20Caminh\u00e3o%20desgovernado%20invade%20casa%20em%20Franca%20-%20https:\/\/www.tribunaribeirao.com.br\/video-caminhao-desgovernado-invade-casa-em-franca\/\"><i class=\"fa fa-twitter\"\/><\/a><i class=\"fa fa-linkedin\"\/><i class=\"fa fa-whatsapp\"\/><i class=\"fa fa-telegram\"\/><i class=\"fa fa-envelope\"\/><\/span>\t\t\t\t\t\t\t<\/header>\n<p><!-- .entry-header --><\/p>\n<div class=\"penci-entry-content entry-content\">\n<p><iframe loading=\"lazy\" title=\"Caminh\u00e3o desgovernado invade casa em Franca (SP)\" width=\"500\" height=\"281\" src=\"https:\/\/www.youtube.com\/embed\/I6927HSIHno?feature=oembed\" frameborder=\"0\" allow=\"accelerometer; autoplay; clipboard-write; encrypted-media; gyroscope; picture-in-picture; web-share\" referrerpolicy=\"strict-origin-when-cross-origin\" allowfullscreen><\/iframe><\/p>\n<p>\u00a0<\/p>\n<p>Um caminh\u00e3o invadiu uma casa na manh\u00e3 desta segunda-feira (3), no bairro Jardim S\u00e3o Luiz, em Franca (SP), na regi\u00e3o de Ribeir\u00e3o Preto (SP). Dois v\u00eddeos de c\u00e2meras de seguran\u00e7a mostram o ve\u00edculo sendo consertado por dois homens e em determinado momento ele desce de r\u00e9 pela rua Jo\u00e3o Nestor dos Santos.<\/p>\n<p>Segundo a moradora, havia tr\u00eas pessoas dentro da casa \u2013 m\u00e3e e dois filhos -, mas ningu\u00e9m se machucou.<\/p>\n<p>As causas do acidente ser\u00e3o investigadas.<\/p>\n<p><!-- CONTENT END 3 -->\n<\/div>\n<p><!-- .entry-content --><\/p>\n<footer class=\"penci-entry-footer\">\n\t\t\t\t\t\t\t\t<span class=\"penci-social-buttons penci-social-share-footer\"><span class=\"penci-social-share-text\">Compartilhar<\/span><a href=\"#\" class=\"penci-post-like penci_post-meta_item  single-like-button penci-social-item like\" data-post_id=\"445102\" title=\"Like\" data-like=\"Like\" data-unlike=\"Unlike\"><i class=\"fa fa-thumbs-o-up\"\/><span class=\"penci-share-number\">0<\/span><\/a><i class=\"fa fa-facebook\"\/><a class=\"penci-social-item twitter\" target=\"_blank\" rel=\"noopener\" title=\"\" href=\"https:\/\/twitter.com\/intent\/tweet?text=V\u00cdDEO:%20Caminh\u00e3o%20desgovernado%20invade%20casa%20em%20Franca%20-%20https:\/\/www.tribunaribeirao.com.br\/video-caminhao-desgovernado-invade-casa-em-franca\/\"><i class=\"fa fa-twitter\"\/><\/a><i class=\"fa fa-linkedin\"\/><i class=\"fa fa-whatsapp\"\/><i class=\"fa fa-telegram\"\/><i class=\"fa fa-envelope\"\/><\/span>\t\t\t\t\t\t\t<\/footer>\n<p><!-- .entry-footer -->\n\t\t\t\t\t\t<\/div>\n<p><script async src=\"\/\/platform.twitter.com\/widgets.js\" charset=\"utf-8\"><\/script><br \/>\n<br \/><br \/>\n<br \/><a href=\"https:\/\/www.tribunaribeirao.com.br\/video-caminhao-desgovernado-invade-casa-em-franca\/\">Source link <\/a><\/p>\n","protected":false},"excerpt":{"rendered":"<p>3 de novembro de 2025 13:524 Compartilhar0 \u00a0 Um caminh\u00e3o invadiu uma casa na manh\u00e3 desta segunda-feira (3), no bairro Jardim S\u00e3o Luiz, em Franca&#8230;<\/p>\n","protected":false},"author":1,"featured_media":79524,"comment_status":"open","ping_status":"open","sticky":false,"template":"","format":"standard","meta":{"advanced_seo_description":"","jetpack_seo_html_title":"","jetpack_seo_noindex":false,"jetpack_post_was_ever_published":false,"_jetpack_newsletter_access":"","_jetpack_dont_email_post_to_subs":false,"_jetpack_newsletter_tier_id":0,"_jetpack_memberships_contains_paywalled_content":false,"_jetpack_memberships_contains_paid_content":false,"footnotes":"","jetpack_publicize_message":"","jetpack_publicize_feature_enabled":true,"jetpack_social_post_already_shared":true,"jetpack_social_options":{"image_generator_settings":{"template":"highway","default_image_id":0,"font":"","enabled":false},"version":2}},"categories":[11],"tags":[],"class_list":["post-79522","post","type-post","status-publish","format-standard","has-post-thumbnail","hentry","category-noticias-de-ribeirao-preto-sp-e-regiao-ismael-colosi"],"jetpack_publicize_connections":[],"jetpack_featured_media_url":"https:\/\/i0.wp.com\/noticiasribeiraopreto.com.br\/wp-content\/uploads\/2025\/11\/cam_franca.jpeg?fit=741%2C423&ssl=1","jetpack-related-posts":[{"id":17543,"url":"https:\/\/noticiasribeiraopreto.com.br\/index.php\/2023\/12\/18\/pats-da-regiao-de-ribeirao-estao-com-diversas-vagas-disponiveis-veja-as-oportunidades\/","url_meta":{"origin":79522,"position":0},"title":"PATs da regi\u00e3o de Ribeir\u00e3o est\u00e3o com diversas vagas dispon\u00edveis; Veja as oportunidades","author":"noticiasribeiraopreto.com.br","date":"18 de December de 2023","format":false,"excerpt":"A Secretaria de Desenvolvimento Econ\u00f4mico do Estado de S\u00e3o Paulo informou, nesta segunda-feira-feira (18), que os Postos de Atendimento ao Trabalhador (PATs) est\u00e3o com 281 oportunidades de trabalho na regi\u00e3o de Ribeir\u00e3o Preto. Os interessados em concorrer alguma das vagas devem comparecer ao PAT das cidades com oportunidades, munidos com\u2026","rel":"","context":"In &quot;Not\u00edcias de Ribeir\u00e3o Preto-SP e Regi\u00e3o&quot;","block_context":{"text":"Not\u00edcias de Ribeir\u00e3o Preto-SP e Regi\u00e3o","link":"https:\/\/noticiasribeiraopreto.com.br\/index.php\/category\/noticias-de-ribeirao-preto-sp-e-regiao-ismael-colosi\/"},"img":{"alt_text":"","src":"https:\/\/i0.wp.com\/noticiasribeiraopreto.com.br\/wp-content\/uploads\/2023\/12\/vagas_pat_-_foto_guilherme_sircili_1-1068x711-1.jpg?fit=1068%2C711&ssl=1&resize=350%2C200","width":350,"height":200,"srcset":"https:\/\/i0.wp.com\/noticiasribeiraopreto.com.br\/wp-content\/uploads\/2023\/12\/vagas_pat_-_foto_guilherme_sircili_1-1068x711-1.jpg?fit=1068%2C711&ssl=1&resize=350%2C200 1x, https:\/\/i0.wp.com\/noticiasribeiraopreto.com.br\/wp-content\/uploads\/2023\/12\/vagas_pat_-_foto_guilherme_sircili_1-1068x711-1.jpg?fit=1068%2C711&ssl=1&resize=525%2C300 1.5x, https:\/\/i0.wp.com\/noticiasribeiraopreto.com.br\/wp-content\/uploads\/2023\/12\/vagas_pat_-_foto_guilherme_sircili_1-1068x711-1.jpg?fit=1068%2C711&ssl=1&resize=700%2C400 2x, https:\/\/i0.wp.com\/noticiasribeiraopreto.com.br\/wp-content\/uploads\/2023\/12\/vagas_pat_-_foto_guilherme_sircili_1-1068x711-1.jpg?fit=1068%2C711&ssl=1&resize=1050%2C600 3x"},"classes":[]},{"id":45319,"url":"https:\/\/noticiasribeiraopreto.com.br\/index.php\/2024\/04\/03\/a-procura-de-emprego-regiao-de-ribeirao-preto-esta-com-684-vagas-abertas-ribeirao-preto-e-franca-g1\/","url_meta":{"origin":79522,"position":1},"title":"\u00c0 procura de emprego? Regi\u00e3o de Ribeir\u00e3o Preto est\u00e1 com 684 vagas abertas | Ribeir\u00e3o Preto e Franca | G1","author":"noticiasribeiraopreto.com.br","date":"3 de April de 2024","format":false,"excerpt":"\u00c0 procura de emprego? Regi\u00e3o de Ribeir\u00e3o Preto est\u00e1 com 684 vagas abertas 1 de 1 Carteira de trabalho, em imagem de arquivo \u2014 Foto: Ag\u00eancia Bras\u00edlia Carteira de trabalho, em imagem de arquivo \u2014 Foto: Ag\u00eancia Bras\u00edlia Dez cidades das regi\u00f5es de Ribeir\u00e3o Preto (SP) e Franca (SP) est\u00e3o\u2026","rel":"","context":"In &quot;Vagas de Emprego em Ribeir\u00e3o Preto-SP&quot;","block_context":{"text":"Vagas de Emprego em Ribeir\u00e3o Preto-SP","link":"https:\/\/noticiasribeiraopreto.com.br\/index.php\/category\/empregos-classificados-vagas-trabalho\/vagas-de-empregos-em-ribeirao-preto-regiao-brasil\/"},"img":{"alt_text":"","src":"","width":0,"height":0},"classes":[]},{"id":24713,"url":"https:\/\/noticiasribeiraopreto.com.br\/index.php\/2024\/01\/04\/ribeirao-preto-e-regiao-tem-mais-de-400-vagas-de-emprego-veja-as-oportunidades-1\/","url_meta":{"origin":79522,"position":2},"title":"Ribeir\u00e3o Preto e regi\u00e3o\u00a0t\u00eam mais de 400 vagas de emprego; Veja as oportunidades","author":"noticiasribeiraopreto.com.br","date":"4 de January de 2024","format":false,"excerpt":"Os PATs (Postos de Atendimentos ao Trabalhador) da regi\u00e3o de Ribeir\u00e3o Preto est\u00e3o com mais de 400 vagas de emprego dispon\u00edveis nessa quinta-feira (4), de acordo com os dados da Secretaria de Desenvolvimento Econ\u00f4mico do Estado. As vagas s\u00e3o para diversos setores nas cidades de Barretos, Bebedouro, Ol\u00edmpia, Viradouro, Batatais,\u2026","rel":"","context":"In &quot;Not\u00edcias de Ribeir\u00e3o Preto-SP e Regi\u00e3o&quot;","block_context":{"text":"Not\u00edcias de Ribeir\u00e3o Preto-SP e Regi\u00e3o","link":"https:\/\/noticiasribeiraopreto.com.br\/index.php\/category\/noticias-de-ribeirao-preto-sp-e-regiao-ismael-colosi\/"},"img":{"alt_text":"","src":"https:\/\/i0.wp.com\/noticiasribeiraopreto.com.br\/wp-content\/uploads\/2024\/01\/vagas_de_500x320_07082018085735.jpg?fit=500%2C322&ssl=1&resize=350%2C200","width":350,"height":200},"classes":[]},{"id":28773,"url":"https:\/\/noticiasribeiraopreto.com.br\/index.php\/2024\/01\/16\/regiao-de-ribeirao-esta-com-mais-de-600-vagas-de-trabalho-vejas-as-oportunidades\/","url_meta":{"origin":79522,"position":3},"title":"Regi\u00e3o de Ribeir\u00e3o est\u00e1 com mais de 600 vagas de trabalho; Vejas as oportunidades","author":"noticiasribeiraopreto.com.br","date":"16 de January de 2024","format":false,"excerpt":"A regi\u00e3o de Ribeir\u00e3o Preto est\u00e1 com mais de 600 vagas de emprego, nesta ter\u00e7a-feira (16). As vagas est\u00e3o dispon\u00edveis nos PATs (Posto de Atendimento ao Trabalhador) das cidades, de acordo com a Secretaria de Desenvolvimento Econ\u00f4mico do Estado. As oportunidades est\u00e3o distribu\u00eddas em Barretos, Bebedouro, Gua\u00edra, Ol\u00edmpia, Batatais, Franca,\u2026","rel":"","context":"In &quot;Not\u00edcias de Ribeir\u00e3o Preto-SP e Regi\u00e3o&quot;","block_context":{"text":"Not\u00edcias de Ribeir\u00e3o Preto-SP e Regi\u00e3o","link":"https:\/\/noticiasribeiraopreto.com.br\/index.php\/category\/noticias-de-ribeirao-preto-sp-e-regiao-ismael-colosi\/"},"img":{"alt_text":"","src":"https:\/\/i0.wp.com\/noticiasribeiraopreto.com.br\/wp-content\/uploads\/2024\/01\/mutirao_do_emprego_caterp_pat_pei_-_foto_guilherme_sircili_6.jpg?fit=1200%2C799&ssl=1&resize=350%2C200","width":350,"height":200,"srcset":"https:\/\/i0.wp.com\/noticiasribeiraopreto.com.br\/wp-content\/uploads\/2024\/01\/mutirao_do_emprego_caterp_pat_pei_-_foto_guilherme_sircili_6.jpg?fit=1200%2C799&ssl=1&resize=350%2C200 1x, https:\/\/i0.wp.com\/noticiasribeiraopreto.com.br\/wp-content\/uploads\/2024\/01\/mutirao_do_emprego_caterp_pat_pei_-_foto_guilherme_sircili_6.jpg?fit=1200%2C799&ssl=1&resize=525%2C300 1.5x, https:\/\/i0.wp.com\/noticiasribeiraopreto.com.br\/wp-content\/uploads\/2024\/01\/mutirao_do_emprego_caterp_pat_pei_-_foto_guilherme_sircili_6.jpg?fit=1200%2C799&ssl=1&resize=700%2C400 2x, https:\/\/i0.wp.com\/noticiasribeiraopreto.com.br\/wp-content\/uploads\/2024\/01\/mutirao_do_emprego_caterp_pat_pei_-_foto_guilherme_sircili_6.jpg?fit=1200%2C799&ssl=1&resize=1050%2C600 3x"},"classes":[]},{"id":34007,"url":"https:\/\/noticiasribeiraopreto.com.br\/index.php\/2024\/01\/31\/ribeirao-e-regiao-tem-mais-de-mil-vagas-de-emprego-veja-as-oportunidades\/","url_meta":{"origin":79522,"position":4},"title":"Ribeir\u00e3o e regi\u00e3o t\u00eam mais de mil vagas de emprego; Veja as oportunidades","author":"noticiasribeiraopreto.com.br","date":"31 de January de 2024","format":false,"excerpt":"Os Postos de Atendimento ao Trabalhador (PATs) da regi\u00e3o de Ribeir\u00e3o Preto est\u00e3o com 1.279 vagas de emprego, de acordo com a Secretaria de Desenvolvimento Econ\u00f4mico do Estado de S\u00e3o Paulo. Entre as oportunidades est\u00e3o vagas para T\u00e9cnico de Enfermagem, Pizzaiolo, Administrador e Professor de Educa\u00e7\u00e3o F\u00edsica para o Ensino\u2026","rel":"","context":"In &quot;Not\u00edcias de Ribeir\u00e3o Preto-SP e Regi\u00e3o&quot;","block_context":{"text":"Not\u00edcias de Ribeir\u00e3o Preto-SP e Regi\u00e3o","link":"https:\/\/noticiasribeiraopreto.com.br\/index.php\/category\/noticias-de-ribeirao-preto-sp-e-regiao-ismael-colosi\/"},"img":{"alt_text":"","src":"https:\/\/i0.wp.com\/noticiasribeiraopreto.com.br\/wp-content\/uploads\/2024\/01\/carteira_de_1024x576_27092020203402.jpg?fit=1024%2C576&ssl=1&resize=350%2C200","width":350,"height":200,"srcset":"https:\/\/i0.wp.com\/noticiasribeiraopreto.com.br\/wp-content\/uploads\/2024\/01\/carteira_de_1024x576_27092020203402.jpg?fit=1024%2C576&ssl=1&resize=350%2C200 1x, https:\/\/i0.wp.com\/noticiasribeiraopreto.com.br\/wp-content\/uploads\/2024\/01\/carteira_de_1024x576_27092020203402.jpg?fit=1024%2C576&ssl=1&resize=525%2C300 1.5x, https:\/\/i0.wp.com\/noticiasribeiraopreto.com.br\/wp-content\/uploads\/2024\/01\/carteira_de_1024x576_27092020203402.jpg?fit=1024%2C576&ssl=1&resize=700%2C400 2x"},"classes":[]},{"id":44275,"url":"https:\/\/noticiasribeiraopreto.com.br\/index.php\/2024\/03\/26\/esta-buscando-uma-oportunidade-regiao-de-ribeirao-tem-mais-de-700-vagas-de-emprego\/","url_meta":{"origin":79522,"position":5},"title":"Est\u00e1 buscando uma oportunidade? Regi\u00e3o de Ribeir\u00e3o tem mais de 700 vagas de emprego","author":"noticiasribeiraopreto.com.br","date":"26 de March de 2024","format":false,"excerpt":"Os Postos de Atendimento ao Trabalhador (PATs) da regi\u00e3o de Ribeir\u00e3o Preto est\u00e3o com 729 oportunidades de emprego, de acordo com a Secretaria de Desenvolvimento Econ\u00f4mico do Estado de S\u00e3o Paulo. As vagas s\u00e3o para diversos setores nas cidades de Ribeir\u00e3o Preto, Barretos, Bebedouro, Gua\u00edra, Batatais, Franca, Ituverava, Orl\u00e2ndia, Jardin\u00f3polis,\u2026","rel":"","context":"In &quot;Not\u00edcias de Ribeir\u00e3o Preto-SP e Regi\u00e3o&quot;","block_context":{"text":"Not\u00edcias de Ribeir\u00e3o Preto-SP e Regi\u00e3o","link":"https:\/\/noticiasribeiraopreto.com.br\/index.php\/category\/noticias-de-ribeirao-preto-sp-e-regiao-ismael-colosi\/"},"img":{"alt_text":"","src":"https:\/\/i0.wp.com\/noticiasribeiraopreto.com.br\/wp-content\/uploads\/2024\/03\/vagas_pat_-_foto_guilherme_sircili_1-1068x711-1.jpg?fit=1068%2C711&ssl=1&resize=350%2C200","width":350,"height":200,"srcset":"https:\/\/i0.wp.com\/noticiasribeiraopreto.com.br\/wp-content\/uploads\/2024\/03\/vagas_pat_-_foto_guilherme_sircili_1-1068x711-1.jpg?fit=1068%2C711&ssl=1&resize=350%2C200 1x, https:\/\/i0.wp.com\/noticiasribeiraopreto.com.br\/wp-content\/uploads\/2024\/03\/vagas_pat_-_foto_guilherme_sircili_1-1068x711-1.jpg?fit=1068%2C711&ssl=1&resize=525%2C300 1.5x, https:\/\/i0.wp.com\/noticiasribeiraopreto.com.br\/wp-content\/uploads\/2024\/03\/vagas_pat_-_foto_guilherme_sircili_1-1068x711-1.jpg?fit=1068%2C711&ssl=1&resize=700%2C400 2x, https:\/\/i0.wp.com\/noticiasribeiraopreto.com.br\/wp-content\/uploads\/2024\/03\/vagas_pat_-_foto_guilherme_sircili_1-1068x711-1.jpg?fit=1068%2C711&ssl=1&resize=1050%2C600 3x"},"classes":[]}],"jetpack_sharing_enabled":true,"jetpack_shortlink":"https:\/\/wp.me\/peQAOb-kGC","_links":{"self":[{"href":"https:\/\/noticiasribeiraopreto.com.br\/index.php\/wp-json\/wp\/v2\/posts\/79522","targetHints":{"allow":["GET"]}}],"collection":[{"href":"https:\/\/noticiasribeiraopreto.com.br\/index.php\/wp-json\/wp\/v2\/posts"}],"about":[{"href":"https:\/\/noticiasribeiraopreto.com.br\/index.php\/wp-json\/wp\/v2\/types\/post"}],"author":[{"embeddable":true,"href":"https:\/\/noticiasribeiraopreto.com.br\/index.php\/wp-json\/wp\/v2\/users\/1"}],"replies":[{"embeddable":true,"href":"https:\/\/noticiasribeiraopreto.com.br\/index.php\/wp-json\/wp\/v2\/comments?post=79522"}],"version-history":[{"count":0,"href":"https:\/\/noticiasribeiraopreto.com.br\/index.php\/wp-json\/wp\/v2\/posts\/79522\/revisions"}],"wp:featuredmedia":[{"embeddable":true,"href":"https:\/\/noticiasribeiraopreto.com.br\/index.php\/wp-json\/wp\/v2\/media\/79524"}],"wp:attachment":[{"href":"https:\/\/noticiasribeiraopreto.com.br\/index.php\/wp-json\/wp\/v2\/media?parent=79522"}],"wp:term":[{"taxonomy":"category","embeddable":true,"href":"https:\/\/noticiasribeiraopreto.com.br\/index.php\/wp-json\/wp\/v2\/categories?post=79522"},{"taxonomy":"post_tag","embeddable":true,"href":"https:\/\/noticiasribeiraopreto.com.br\/index.php\/wp-json\/wp\/v2\/tags?post=79522"}],"curies":[{"name":"wp","href":"https:\/\/api.w.org\/{rel}","templated":true}]}}