{"id":79525,"date":"2025-11-03T16:10:43","date_gmt":"2025-11-03T19:10:43","guid":{"rendered":"https:\/\/noticiasribeiraopreto.com.br\/index.php\/2025\/11\/03\/evento-em-ribeirao-discute-seguranca-e-boas-praticas-em-condominios-saiba-como-participar\/"},"modified":"2025-11-03T16:10:43","modified_gmt":"2025-11-03T19:10:43","slug":"evento-em-ribeirao-discute-seguranca-e-boas-praticas-em-condominios-saiba-como-participar","status":"publish","type":"post","link":"https:\/\/noticiasribeiraopreto.com.br\/index.php\/2025\/11\/03\/evento-em-ribeirao-discute-seguranca-e-boas-praticas-em-condominios-saiba-como-participar\/","title":{"rendered":"Evento em Ribeir\u00e3o discute seguran\u00e7a e boas pr\u00e1ticas em condom\u00ednios; Saiba como participar"},"content":{"rendered":"<div class='code-block code-block-1' style='margin: 8px 0 8px auto; text-align: right; display: block; clear: both;'>\n<p><a href=\"https:\/\/wa.link\/vpicfd\"><img data-recalc-dims=\"1\" class=\"wp-image-4922\" style=\"aspect-ratio: 2.0253164556962027; width: 561px; height: auto;\" src=\"https:\/\/i0.wp.com\/ismaelcolosi.com.br\/wp-content\/uploads\/2023\/11\/grupo-de-empregos-whatsapp-e-facebook-ismael-colosi-vagas.jpg?ssl=1\" alt=\"\" \/><\/a><\/p>\n<!-- \/wp:image -->\n<\/div>\n<p> <br \/>\n<\/p>\n<div>\n<p>Acidentes em pr\u00e9dios brasileiros nos \u00faltimos anos refor\u00e7am a <strong>necessidade de manuten\u00e7\u00e3o predial<\/strong> e da <strong>presen\u00e7a de profissionais habilitados<\/strong> na gest\u00e3o de condom\u00ednios.<\/p>\n<p>Para discutir o tema, <strong>Ribeir\u00e3o Preto<\/strong> recebe nesta quinta-feira (6), a partir das 18h, na sede da <strong><a href=\"https:\/\/aeaarp.org.br\/\" data-type=\"link\" data-id=\"https:\/\/aeaarp.org.br\/\" target=\"_blank\" rel=\"noreferrer noopener\">Associa\u00e7\u00e3o de Engenharia, Arquitetura e Agronomia de Ribeir\u00e3o Preto (AEAARP)<\/a><\/strong>, o evento \u201c<strong>Gest\u00e3o Condominial e Engenharia: conhecimento e a\u00e7\u00f5es visando \u00e0 valoriza\u00e7\u00e3o coletiva<\/strong>\u201d \u2013 veja programa\u00e7\u00e3o abaixo.<\/p>\n<p><strong>A entrada \u00e9 gratuita mediante a doa\u00e7\u00e3o de 2 kg de alimentos n\u00e3o perec\u00edveis<\/strong>, que ser\u00e3o destinados a institui\u00e7\u00f5es assistenciais. Os interessados devem se inscrever online (<a href=\"https:\/\/aeaarp.org.br\/formulario-evento\/?id=bbff1a90-bfac-4e4d-9115-0199cf817c62\" target=\"_blank\" data-type=\"link\" data-id=\"https:\/\/aeaarp.org.br\/formulario-evento\/?id=bbff1a90-bfac-4e4d-9115-0199cf817c62\" rel=\"noreferrer noopener\">clique aqui<\/a>).<\/p>\n<p>A proposta \u00e9 <mark style=\"background-color:#fcb900\" class=\"has-inline-color\">promover o aprimoramento t\u00e9cnico e a atualiza\u00e7\u00e3o de s\u00edndicos e profissionais que atuam direta ou indiretamente na administra\u00e7\u00e3o condominial.<\/mark><\/p>\n<div class=\"wp-block-image\">\n<figure class=\"aligncenter size-large is-resized\"><img data-recalc-dims=\"1\" fetchpriority=\"high\" decoding=\"async\" width=\"1024\" height=\"576\" src=\"https:\/\/i0.wp.com\/cdn.media-acidadeon.com.br\/ribeiraopreto\/wp-content\/uploads\/sites\/3\/2024\/06\/WhatsApp-Image-2024-06-13-at-10.11.31_2024-06-13_13-22-04_jpeg_2024-06-13_13-22-05-1024x576.webp?resize=1024%2C576&#038;ssl=1\" alt=\"Seguran\u00e7a em condom\u00ednios ser\u00e1 tema de evento em Ribeir\u00e3o Preto - Foto: Marcelo Fontes\" class=\"wp-image-84403\" style=\"width:654px\" title=\"Evento em Ribeir\u00e3o discute seguran\u00e7a e boas pr\u00e1ticas em condom\u00ednios; Saiba como participar 1\" srcset=\"https:\/\/cdn.media-acidadeon.com.br\/ribeiraopreto\/wp-content\/uploads\/sites\/3\/2024\/06\/WhatsApp-Image-2024-06-13-at-10.11.31_2024-06-13_13-22-04_jpeg_2024-06-13_13-22-05-1024x576.webp 1024w, https:\/\/cdn.media-acidadeon.com.br\/ribeiraopreto\/wp-content\/uploads\/sites\/3\/2024\/06\/WhatsApp-Image-2024-06-13-at-10.11.31_2024-06-13_13-22-04_jpeg_2024-06-13_13-22-05-300x169.webp 300w, https:\/\/cdn.media-acidadeon.com.br\/ribeiraopreto\/wp-content\/uploads\/sites\/3\/2024\/06\/WhatsApp-Image-2024-06-13-at-10.11.31_2024-06-13_13-22-04_jpeg_2024-06-13_13-22-05-768x432.webp 768w, https:\/\/cdn.media-acidadeon.com.br\/ribeiraopreto\/wp-content\/uploads\/sites\/3\/2024\/06\/WhatsApp-Image-2024-06-13-at-10.11.31_2024-06-13_13-22-04_jpeg_2024-06-13_13-22-05-1536x864.webp 1536w, https:\/\/cdn.media-acidadeon.com.br\/ribeiraopreto\/wp-content\/uploads\/sites\/3\/2024\/06\/WhatsApp-Image-2024-06-13-at-10.11.31_2024-06-13_13-22-04_jpeg_2024-06-13_13-22-05-2048x1152.webp 2048w, https:\/\/cdn.media-acidadeon.com.br\/ribeiraopreto\/wp-content\/uploads\/sites\/3\/2024\/06\/WhatsApp-Image-2024-06-13-at-10.11.31_2024-06-13_13-22-04_jpeg_2024-06-13_13-22-05-696x392.webp 696w, https:\/\/cdn.media-acidadeon.com.br\/ribeiraopreto\/wp-content\/uploads\/sites\/3\/2024\/06\/WhatsApp-Image-2024-06-13-at-10.11.31_2024-06-13_13-22-04_jpeg_2024-06-13_13-22-05-1068x601.webp 1068w, https:\/\/cdn.media-acidadeon.com.br\/ribeiraopreto\/wp-content\/uploads\/sites\/3\/2024\/06\/WhatsApp-Image-2024-06-13-at-10.11.31_2024-06-13_13-22-04_jpeg_2024-06-13_13-22-05-1920x1080.webp 1920w\" sizes=\"(max-width: 1024px) 100vw, 1024px\"\/><figcaption class=\"wp-element-caption\">Seguran\u00e7a em condom\u00ednios ser\u00e1 tema de evento em Ribeir\u00e3o Preto \u2013 Foto: Marcelo Fontes<\/figcaption><\/figure>\n<\/div>\n<h2 class=\"wp-block-heading\"><strong>Import\u00e2ncia do acompanhamento t\u00e9cnico<\/strong><\/h2>\n<p>Conforme explica\u00e7\u00e3o da <strong>Associa\u00e7\u00e3o<\/strong>, a presen\u00e7a de <strong>engenheiros <\/strong>e <strong>arquitetos <\/strong>durante obras, reformas e manuten\u00e7\u00f5es em condom\u00ednios \u00e9 essencial para asseguras que cada etapa siga normas t\u00e9cnicas e preserve a integridade das constru\u00e7\u00f5es.<\/p>\n<p>J\u00e1 os <strong>agr\u00f4nomos <\/strong>t\u00eam papel relevante em quest\u00f5es ligadas \u00e0 arboriza\u00e7\u00e3o, jardins, manejo de \u00e1reas verdes e sustentabilidade ambiental. \u201cA aus\u00eancia de acompanhamento t\u00e9cnico, por outro lado, pode resultar em preju\u00edzos financeiros, riscos \u00e0 vida e perda de garantias legais\u201d, explica a <strong>AEAARP<\/strong>.<\/p>\n<p>Para o engenheiro civil <strong>Fernando Junqueira, presidente da AEAARP<\/strong>, esses dois eixos se complementam. \u201cO setor \u00e9 oportunidade de mercado de trabalho para profissionais habilitados no Sistema CONFEA\/CREA e CAU que por sua vez s\u00e3o os que podem garantir seguran\u00e7a \u00e0s interven\u00e7\u00f5es feitas tanto nas \u00e1reas comuns quanto nas unidades habitacionais\u201d.<\/p>\n<div class=\"wp-block-image\">\n<figure class=\"aligncenter size-large is-resized\"><img data-recalc-dims=\"1\" loading=\"lazy\" decoding=\"async\" width=\"1024\" height=\"768\" src=\"https:\/\/i0.wp.com\/cdn.media-acidadeon.com.br\/ribeiraopreto\/wp-content\/uploads\/sites\/3\/2024\/01\/ribeirao-preto-1024x768.jpg?resize=1024%2C768&#038;ssl=1\" alt=\"Profissionais habilitados e manuten\u00e7\u00e3o s\u00e3o foco de encontro sobre condom\u00ednios - Foto: Fernando Gonzaga \/ CCS Ribeir\u00e3o Preto.\" class=\"wp-image-64984\" style=\"width:654px\" title=\"Evento em Ribeir\u00e3o discute seguran\u00e7a e boas pr\u00e1ticas em condom\u00ednios; Saiba como participar 2\" srcset=\"https:\/\/cdn.media-acidadeon.com.br\/ribeiraopreto\/wp-content\/uploads\/sites\/3\/2024\/01\/ribeirao-preto-1024x768.jpg 1024w, https:\/\/cdn.media-acidadeon.com.br\/ribeiraopreto\/wp-content\/uploads\/sites\/3\/2024\/01\/ribeirao-preto-300x225.jpg 300w, https:\/\/cdn.media-acidadeon.com.br\/ribeiraopreto\/wp-content\/uploads\/sites\/3\/2024\/01\/ribeirao-preto-768x576.jpg 768w, https:\/\/cdn.media-acidadeon.com.br\/ribeiraopreto\/wp-content\/uploads\/sites\/3\/2024\/01\/ribeirao-preto-696x522.jpg 696w, https:\/\/cdn.media-acidadeon.com.br\/ribeiraopreto\/wp-content\/uploads\/sites\/3\/2024\/01\/ribeirao-preto-1068x801.jpg 1068w, https:\/\/cdn.media-acidadeon.com.br\/ribeiraopreto\/wp-content\/uploads\/sites\/3\/2024\/01\/ribeirao-preto.jpg 1440w\" sizes=\"auto, (max-width: 1024px) 100vw, 1024px\"\/><figcaption class=\"wp-element-caption\">Profissionais habilitados e manuten\u00e7\u00e3o s\u00e3o foco de encontro sobre condom\u00ednios \u2013 Foto: Fernando Gonzaga \/ CCS Ribeir\u00e3o Preto.<\/figcaption><\/figure>\n<\/div>\n<h3 class=\"wp-block-heading\"><strong>Confira a programa\u00e7\u00e3o do evento<\/strong><\/h3>\n<ul class=\"wp-block-list\">\n<li><strong>O papel do CREA na valoriza\u00e7\u00e3o e seguran\u00e7a das edifica\u00e7\u00f5es<\/strong> \u2013 Jairo J\u00fanior (CREA-SP);<\/li>\n<li><strong>Blindagem e gest\u00e3o jur\u00eddica condominial<\/strong> \u2013 Eng. Almir Al-Haji;<\/li>\n<li><strong>Garantias de obras: o que todo s\u00edndico precisa saber para n\u00e3o perder direitos<\/strong> \u2013 Eng. Juliano Figueiredo;<\/li>\n<li><strong>Recebimento inteligente: primeiro passo para durabilidade da edifica\u00e7\u00e3o e preserva\u00e7\u00e3o do patrim\u00f4nio<\/strong> \u2013 Eng. Sabrina Alves;<\/li>\n<li><strong>Reformas sem caos: gest\u00e3o t\u00e9cnica e comunica\u00e7\u00e3o eficaz com moradores<\/strong> \u2013 Eng. Maira Crippa;<\/li>\n<li><strong>Inspe\u00e7\u00e3o predial: a import\u00e2ncia de um diagn\u00f3stico preciso sobre a sa\u00fade do edif\u00edcio <\/strong>\u2013 Eng. Marco R\u00f3tolo.<\/li>\n<\/ul>\n<h2 class=\"wp-block-heading\"><strong>Servi\u00e7o<\/strong><\/h2>\n<p><em>Gest\u00e3o Condominial e Engenharia: conhecimento e a\u00e7\u00f5es visando \u00e0 valoriza\u00e7\u00e3o coletiva<\/em> na AEAARP<\/p>\n<p>Quando: dia 6 de novembro, quinta-feira<\/p>\n<p>Hor\u00e1rio: \u00e0s 18h<\/p>\n<p>Local: Sede da AEAARP \u2013 rua Jo\u00e3o Penteado, 2237 \u2013 Jardim Sumare \u2013 Ribeir\u00e3o Preto<\/p>\n<p>Entrada: gratuita mediante doa\u00e7\u00e3o de 2 kg de alimentos<\/p>\n<hr class=\"wp-block-separator has-alpha-channel-opacity\"\/>\n<p>SAIBA MAIS<\/p>\n<p>Durante persegui\u00e7\u00e3o, motorista sobe na cal\u00e7ada e passa entre poste e fachada de loja; V\u00cdDEO<\/p>\n<h2 class=\"wp-block-heading\"><strong>FIQUE ON<\/strong><\/h2>\n<p>Fique ligado em tudo que acontece em Ribeir\u00e3o Preto e regi\u00e3o. Siga os perfis do<strong>\u00a0acidade on\u00a0<\/strong>no<a href=\"https:\/\/www.instagram.com\/acidadeonribeirao\" target=\"_blank\" rel=\"noreferrer noopener\">\u00a0Instagram\u00a0<\/a>e no\u00a0<a href=\"https:\/\/www.facebook.com\/acidadeonribeirao\/\" target=\"_blank\" rel=\"noreferrer noopener\">Facebook<\/a>.<\/p>\n<p>Receba not\u00edcias do<strong>\u00a0acidade on<\/strong>\u00a0no WhatsApp. Para entrar no grupo,\u00a0basta\u00a0<a href=\"https:\/\/chat.whatsapp.com\/I4nieTEMKlf50pJ28aMemC?mode=ac_t\" target=\"_blank\" rel=\"noreferrer noopener\">clicar aqui<\/a>. Ou, acesse o nosso\u00a0Canal<a href=\"https:\/\/whatsapp.com\/channel\/0029Vb6IQl1JENyAeS57fk2p\" target=\"_blank\" rel=\"noreferrer noopener\">\u00a0clicando aqui<\/a>.<\/p>\n<p>Fa\u00e7a uma den\u00fancia ou sugira uma reportagem sobre Ribeir\u00e3o Preto e regi\u00e3o pelo WhatsApp: 16 99117 7802.<\/p>\n<p>VEJA TAMB\u00c9M<\/p>\n<p>Irm\u00e3os Cravinhos est\u00e3o soltos?<\/p>\n<p><!-- AI CONTENT END 1 -->\n<\/div>\n<p><script async src=\"\/\/www.instagram.com\/embed.js\"><\/script><br \/>\n<br \/><br \/>\n<br \/><a href=\"https:\/\/www.acidadeon.com\/ribeiraopreto\/economia\/evento-em-ribeirao-discute-seguranca-e-boas-praticas-em-condominios-saiba-como-participar\/\">Source link <\/a><\/p>\n<!-- CONTENT END 1 -->\n","protected":false},"excerpt":{"rendered":"<p>Acidentes em pr\u00e9dios brasileiros nos \u00faltimos anos refor\u00e7am a necessidade de manuten\u00e7\u00e3o predial e da presen\u00e7a de profissionais habilitados na gest\u00e3o de condom\u00ednios. Para discutir&#8230;<\/p>\n","protected":false},"author":1,"featured_media":79526,"comment_status":"open","ping_status":"open","sticky":false,"template":"","format":"standard","meta":{"advanced_seo_description":"","jetpack_seo_html_title":"","jetpack_seo_noindex":false,"jetpack_post_was_ever_published":false,"_jetpack_newsletter_access":"","_jetpack_dont_email_post_to_subs":false,"_jetpack_newsletter_tier_id":0,"_jetpack_memberships_contains_paywalled_content":false,"_jetpack_memberships_contains_paid_content":false,"footnotes":"","jetpack_publicize_message":"","jetpack_publicize_feature_enabled":true,"jetpack_social_post_already_shared":true,"jetpack_social_options":{"image_generator_settings":{"template":"highway","default_image_id":0,"font":"","enabled":false},"version":2}},"categories":[11],"tags":[],"class_list":["post-79525","post","type-post","status-publish","format-standard","has-post-thumbnail","hentry","category-noticias-de-ribeirao-preto-sp-e-regiao-ismael-colosi"],"jetpack_publicize_connections":[],"jetpack_featured_media_url":"https:\/\/i0.wp.com\/noticiasribeiraopreto.com.br\/wp-content\/uploads\/2025\/11\/WhatsApp-Image-2024-06-13-at-10.11.31_2024-06-13_13-22-04_jpeg_2024-06-13_13-22-05-1024x576.webp.webp?fit=1024%2C576&ssl=1","jetpack-related-posts":[{"id":76653,"url":"https:\/\/noticiasribeiraopreto.com.br\/index.php\/2025\/09\/02\/ribeirao-preto-recebe-evento-sobre-recarga-de-carros-eletricos-em-condominios\/","url_meta":{"origin":79525,"position":0},"title":"Ribeir\u00e3o Preto recebe evento sobre recarga de carros el\u00e9tricos em condom\u00ednios","author":"noticiasribeiraopreto.com.br","date":"2 de September de 2025","format":false,"excerpt":"A Associa\u00e7\u00e3o Comercial e Industrial de Ribeir\u00e3o Preto (Acirp) promove nesta quarta-feira (3), a partir das 18h30, um evento sobre os desafios da eletromobilidade em condom\u00ednios, com foco em infraestrutura e seguran\u00e7a para instala\u00e7\u00e3o de pontos de recarga de ve\u00edculos el\u00e9tricos em residenciais. A palestra ser\u00e1 conduzida pelo engenheiro civil\u2026","rel":"","context":"In &quot;Not\u00edcias de Ribeir\u00e3o Preto-SP e Regi\u00e3o&quot;","block_context":{"text":"Not\u00edcias de Ribeir\u00e3o Preto-SP e Regi\u00e3o","link":"https:\/\/noticiasribeiraopreto.com.br\/index.php\/category\/noticias-de-ribeirao-preto-sp-e-regiao-ismael-colosi\/"},"img":{"alt_text":"","src":"https:\/\/i0.wp.com\/noticiasribeiraopreto.com.br\/wp-content\/uploads\/2025\/09\/Copia-de-Copia-de-Copia-de-TAMANHO-EXATO-PARA-FOTOS-NO-SISTEMA-NOVO-2025-09-02T194227.096_2025-09-02_22-42-58.webp.webp?fit=1200%2C675&ssl=1&resize=350%2C200","width":350,"height":200,"srcset":"https:\/\/i0.wp.com\/noticiasribeiraopreto.com.br\/wp-content\/uploads\/2025\/09\/Copia-de-Copia-de-Copia-de-TAMANHO-EXATO-PARA-FOTOS-NO-SISTEMA-NOVO-2025-09-02T194227.096_2025-09-02_22-42-58.webp.webp?fit=1200%2C675&ssl=1&resize=350%2C200 1x, https:\/\/i0.wp.com\/noticiasribeiraopreto.com.br\/wp-content\/uploads\/2025\/09\/Copia-de-Copia-de-Copia-de-TAMANHO-EXATO-PARA-FOTOS-NO-SISTEMA-NOVO-2025-09-02T194227.096_2025-09-02_22-42-58.webp.webp?fit=1200%2C675&ssl=1&resize=525%2C300 1.5x, https:\/\/i0.wp.com\/noticiasribeiraopreto.com.br\/wp-content\/uploads\/2025\/09\/Copia-de-Copia-de-Copia-de-TAMANHO-EXATO-PARA-FOTOS-NO-SISTEMA-NOVO-2025-09-02T194227.096_2025-09-02_22-42-58.webp.webp?fit=1200%2C675&ssl=1&resize=700%2C400 2x, https:\/\/i0.wp.com\/noticiasribeiraopreto.com.br\/wp-content\/uploads\/2025\/09\/Copia-de-Copia-de-Copia-de-TAMANHO-EXATO-PARA-FOTOS-NO-SISTEMA-NOVO-2025-09-02T194227.096_2025-09-02_22-42-58.webp.webp?fit=1200%2C675&ssl=1&resize=1050%2C600 3x"},"classes":[]},{"id":79932,"url":"https:\/\/noticiasribeiraopreto.com.br\/index.php\/2025\/11\/11\/como-aumentar-a-seguranca-no-condominio-palestra-em-ribeirao-preto-traz-orientacoes\/","url_meta":{"origin":79525,"position":1},"title":"Como aumentar a seguran\u00e7a no condom\u00ednio? Palestra em Ribeir\u00e3o Preto traz orienta\u00e7\u00f5es","author":"noticiasribeiraopreto.com.br","date":"11 de November de 2025","format":false,"excerpt":"A Associa\u00e7\u00e3o Comercial e Industrial de Ribeir\u00e3o Preto (Acirp) promove, no dia 24 de novembro, \u00e0s 18h30, uma palestra e roda de conversa sobre seguran\u00e7a em condom\u00ednios. O evento faz parte das a\u00e7\u00f5es em comemora\u00e7\u00e3o ao Dia do S\u00edndico, celebrado em 30 de novembro. Preven\u00e7\u00e3o e responsabilidade condominial A atividade\u2026","rel":"","context":"In &quot;Not\u00edcias de Ribeir\u00e3o Preto-SP e Regi\u00e3o&quot;","block_context":{"text":"Not\u00edcias de Ribeir\u00e3o Preto-SP e Regi\u00e3o","link":"https:\/\/noticiasribeiraopreto.com.br\/index.php\/category\/noticias-de-ribeirao-preto-sp-e-regiao-ismael-colosi\/"},"img":{"alt_text":"","src":"https:\/\/i0.wp.com\/noticiasribeiraopreto.com.br\/wp-content\/uploads\/2025\/11\/1280-x-659-header-Foto-Acirp-13-_2025-11-11_15-32-25.webp.webp?fit=1200%2C618&ssl=1&resize=350%2C200","width":350,"height":200,"srcset":"https:\/\/i0.wp.com\/noticiasribeiraopreto.com.br\/wp-content\/uploads\/2025\/11\/1280-x-659-header-Foto-Acirp-13-_2025-11-11_15-32-25.webp.webp?fit=1200%2C618&ssl=1&resize=350%2C200 1x, https:\/\/i0.wp.com\/noticiasribeiraopreto.com.br\/wp-content\/uploads\/2025\/11\/1280-x-659-header-Foto-Acirp-13-_2025-11-11_15-32-25.webp.webp?fit=1200%2C618&ssl=1&resize=525%2C300 1.5x, https:\/\/i0.wp.com\/noticiasribeiraopreto.com.br\/wp-content\/uploads\/2025\/11\/1280-x-659-header-Foto-Acirp-13-_2025-11-11_15-32-25.webp.webp?fit=1200%2C618&ssl=1&resize=700%2C400 2x, https:\/\/i0.wp.com\/noticiasribeiraopreto.com.br\/wp-content\/uploads\/2025\/11\/1280-x-659-header-Foto-Acirp-13-_2025-11-11_15-32-25.webp.webp?fit=1200%2C618&ssl=1&resize=1050%2C600 3x"},"classes":[]},{"id":54130,"url":"https:\/\/noticiasribeiraopreto.com.br\/index.php\/2024\/06\/28\/justica-proibe-suspeito-de-agredir-e-matar-idoso-em-ribeirao-preto-de-entrar-em-condominio\/","url_meta":{"origin":79525,"position":2},"title":"Justi\u00e7a pro\u00edbe suspeito de agredir e matar idoso em Ribeir\u00e3o Preto de entrar em condom\u00ednio","author":"noticiasribeiraopreto.com.br","date":"28 de June de 2024","format":false,"excerpt":"A Justi\u00e7a proibiu a entrada de S\u00e9rgio Salom\u00e3o Bernardes, de 48 anos, suspeito de agredir a socos e matar, o idoso J\u00falio C\u00e9sar da Silva, de 60 anos, no condom\u00ednio Jardim das Pedras, no bairro Jardim Paulista em Ribeir\u00e3o Preto. A decis\u00e3o do TJ-SP (Tribunal de Justi\u00e7a de S\u00e3o Paulo)\u2026","rel":"","context":"In &quot;Not\u00edcias de Ribeir\u00e3o Preto-SP e Regi\u00e3o&quot;","block_context":{"text":"Not\u00edcias de Ribeir\u00e3o Preto-SP e Regi\u00e3o","link":"https:\/\/noticiasribeiraopreto.com.br\/index.php\/category\/noticias-de-ribeirao-preto-sp-e-regiao-ismael-colosi\/"},"img":{"alt_text":"","src":"https:\/\/i0.wp.com\/noticiasribeiraopreto.com.br\/wp-content\/uploads\/2024\/06\/suspeito-agredir-idoso_2024-06-27_23-46-06_png_2024-06-27_23-46-06.webp.webp?fit=984%2C554&ssl=1&resize=350%2C200","width":350,"height":200,"srcset":"https:\/\/i0.wp.com\/noticiasribeiraopreto.com.br\/wp-content\/uploads\/2024\/06\/suspeito-agredir-idoso_2024-06-27_23-46-06_png_2024-06-27_23-46-06.webp.webp?fit=984%2C554&ssl=1&resize=350%2C200 1x, https:\/\/i0.wp.com\/noticiasribeiraopreto.com.br\/wp-content\/uploads\/2024\/06\/suspeito-agredir-idoso_2024-06-27_23-46-06_png_2024-06-27_23-46-06.webp.webp?fit=984%2C554&ssl=1&resize=525%2C300 1.5x, https:\/\/i0.wp.com\/noticiasribeiraopreto.com.br\/wp-content\/uploads\/2024\/06\/suspeito-agredir-idoso_2024-06-27_23-46-06_png_2024-06-27_23-46-06.webp.webp?fit=984%2C554&ssl=1&resize=700%2C400 2x"},"classes":[]},{"id":80255,"url":"https:\/\/noticiasribeiraopreto.com.br\/index.php\/2025\/11\/18\/evento-na-regiao-de-ribeirao-preto-discute-empreendedorismo-e-lideranca\/","url_meta":{"origin":79525,"position":3},"title":"Evento na regi\u00e3o de Ribeir\u00e3o Preto discute empreendedorismo e lideran\u00e7a","author":"noticiasribeiraopreto.com.br","date":"18 de November de 2025","format":false,"excerpt":"O Complexo Rio Sol, localizado entre Rifaina, na regi\u00e3o de Ribeir\u00e3o Preto, e Sacramento-MG, recebe no pr\u00f3ximo dia 6 de dezembro de 2025 o evento A Trinca Real Estate, voltado ao empreendedorismo, lideran\u00e7a e performance, com Fl\u00e1vio Augusto, Joel Jota, Caio Carneiro e C\u00e9zar Haik. O evento deve reunir tr\u00eas\u2026","rel":"","context":"In &quot;Not\u00edcias de Ribeir\u00e3o Preto-SP e Regi\u00e3o&quot;","block_context":{"text":"Not\u00edcias de Ribeir\u00e3o Preto-SP e Regi\u00e3o","link":"https:\/\/noticiasribeiraopreto.com.br\/index.php\/category\/noticias-de-ribeirao-preto-sp-e-regiao-ismael-colosi\/"},"img":{"alt_text":"","src":"https:\/\/i0.wp.com\/noticiasribeiraopreto.com.br\/wp-content\/uploads\/2025\/11\/A-Trinca-Real-Estate_2025-11-18_18-26-22.webp.webp?fit=1200%2C800&ssl=1&resize=350%2C200","width":350,"height":200,"srcset":"https:\/\/i0.wp.com\/noticiasribeiraopreto.com.br\/wp-content\/uploads\/2025\/11\/A-Trinca-Real-Estate_2025-11-18_18-26-22.webp.webp?fit=1200%2C800&ssl=1&resize=350%2C200 1x, https:\/\/i0.wp.com\/noticiasribeiraopreto.com.br\/wp-content\/uploads\/2025\/11\/A-Trinca-Real-Estate_2025-11-18_18-26-22.webp.webp?fit=1200%2C800&ssl=1&resize=525%2C300 1.5x, https:\/\/i0.wp.com\/noticiasribeiraopreto.com.br\/wp-content\/uploads\/2025\/11\/A-Trinca-Real-Estate_2025-11-18_18-26-22.webp.webp?fit=1200%2C800&ssl=1&resize=700%2C400 2x, https:\/\/i0.wp.com\/noticiasribeiraopreto.com.br\/wp-content\/uploads\/2025\/11\/A-Trinca-Real-Estate_2025-11-18_18-26-22.webp.webp?fit=1200%2C800&ssl=1&resize=1050%2C600 3x"},"classes":[]},{"id":49091,"url":"https:\/\/noticiasribeiraopreto.com.br\/index.php\/2024\/05\/08\/saerp-alerta-para-falta-dagua-em-condominios-de-ribeirao-preto-ate-o-final-da-noite\/","url_meta":{"origin":79525,"position":4},"title":"Saerp alerta para falta d\u2019\u00e1gua em condom\u00ednios de Ribeir\u00e3o Preto at\u00e9 o final da noite","author":"noticiasribeiraopreto.com.br","date":"8 de May de 2024","format":false,"excerpt":"A Saerp (Secretaria de \u00c1gua e Esgoto de Ribeir\u00e3o Preto) alerta para falta d\u2019\u00e1gua em bairros das regi\u00f5es Leste e Sul de Ribeir\u00e3o Preto, nesta quarta-feira (8). De acordo com a pasta, s\u00e3o realizados dois servi\u00e7os. Na regi\u00e3o Leste, est\u00e1 sendo realizado o reparo emergencial em uma rede rompida na\u2026","rel":"","context":"In &quot;Not\u00edcias de Ribeir\u00e3o Preto-SP e Regi\u00e3o&quot;","block_context":{"text":"Not\u00edcias de Ribeir\u00e3o Preto-SP e Regi\u00e3o","link":"https:\/\/noticiasribeiraopreto.com.br\/index.php\/category\/noticias-de-ribeirao-preto-sp-e-regiao-ismael-colosi\/"},"img":{"alt_text":"","src":"https:\/\/i0.wp.com\/noticiasribeiraopreto.com.br\/wp-content\/uploads\/2024\/05\/falta_de_agua.jpg?fit=867%2C478&ssl=1&resize=350%2C200","width":350,"height":200,"srcset":"https:\/\/i0.wp.com\/noticiasribeiraopreto.com.br\/wp-content\/uploads\/2024\/05\/falta_de_agua.jpg?fit=867%2C478&ssl=1&resize=350%2C200 1x, https:\/\/i0.wp.com\/noticiasribeiraopreto.com.br\/wp-content\/uploads\/2024\/05\/falta_de_agua.jpg?fit=867%2C478&ssl=1&resize=525%2C300 1.5x, https:\/\/i0.wp.com\/noticiasribeiraopreto.com.br\/wp-content\/uploads\/2024\/05\/falta_de_agua.jpg?fit=867%2C478&ssl=1&resize=700%2C400 2x"},"classes":[]},{"id":47688,"url":"https:\/\/noticiasribeiraopreto.com.br\/index.php\/2024\/04\/27\/homem-e-morto-dentro-de-apartamento-em-condominio-na-regiao-de-ribeirao-preto\/","url_meta":{"origin":79525,"position":5},"title":"Homem \u00e9 morto dentro de apartamento em condom\u00ednio na regi\u00e3o de Ribeir\u00e3o Preto","author":"noticiasribeiraopreto.com.br","date":"27 de April de 2024","format":false,"excerpt":"Um homem de 32 anos foi morto com um tiro na cabe\u00e7a na madrugada deste s\u00e1bado (27), em um conjunto habitacional de Jaboticabal, cidade a 57 quil\u00f4metros de Ribeir\u00e3o Preto. O suspeito, que tamb\u00e9m, \u00e9 morador do local est\u00e1 foragido. Segundo consta no boletim de ocorr\u00eancia, os envolvidos tinham rixas\u2026","rel":"","context":"In &quot;Not\u00edcias de Ribeir\u00e3o Preto-SP e Regi\u00e3o&quot;","block_context":{"text":"Not\u00edcias de Ribeir\u00e3o Preto-SP e Regi\u00e3o","link":"https:\/\/noticiasribeiraopreto.com.br\/index.php\/category\/noticias-de-ribeirao-preto-sp-e-regiao-ismael-colosi\/"},"img":{"alt_text":"","src":"https:\/\/i0.wp.com\/noticiasribeiraopreto.com.br\/wp-content\/uploads\/2024\/04\/Capturar-11.jpg?fit=730%2C480&ssl=1&resize=350%2C200","width":350,"height":200,"srcset":"https:\/\/i0.wp.com\/noticiasribeiraopreto.com.br\/wp-content\/uploads\/2024\/04\/Capturar-11.jpg?fit=730%2C480&ssl=1&resize=350%2C200 1x, https:\/\/i0.wp.com\/noticiasribeiraopreto.com.br\/wp-content\/uploads\/2024\/04\/Capturar-11.jpg?fit=730%2C480&ssl=1&resize=525%2C300 1.5x, https:\/\/i0.wp.com\/noticiasribeiraopreto.com.br\/wp-content\/uploads\/2024\/04\/Capturar-11.jpg?fit=730%2C480&ssl=1&resize=700%2C400 2x"},"classes":[]}],"jetpack_sharing_enabled":true,"jetpack_shortlink":"https:\/\/wp.me\/peQAOb-kGF","_links":{"self":[{"href":"https:\/\/noticiasribeiraopreto.com.br\/index.php\/wp-json\/wp\/v2\/posts\/79525","targetHints":{"allow":["GET"]}}],"collection":[{"href":"https:\/\/noticiasribeiraopreto.com.br\/index.php\/wp-json\/wp\/v2\/posts"}],"about":[{"href":"https:\/\/noticiasribeiraopreto.com.br\/index.php\/wp-json\/wp\/v2\/types\/post"}],"author":[{"embeddable":true,"href":"https:\/\/noticiasribeiraopreto.com.br\/index.php\/wp-json\/wp\/v2\/users\/1"}],"replies":[{"embeddable":true,"href":"https:\/\/noticiasribeiraopreto.com.br\/index.php\/wp-json\/wp\/v2\/comments?post=79525"}],"version-history":[{"count":0,"href":"https:\/\/noticiasribeiraopreto.com.br\/index.php\/wp-json\/wp\/v2\/posts\/79525\/revisions"}],"wp:featuredmedia":[{"embeddable":true,"href":"https:\/\/noticiasribeiraopreto.com.br\/index.php\/wp-json\/wp\/v2\/media\/79526"}],"wp:attachment":[{"href":"https:\/\/noticiasribeiraopreto.com.br\/index.php\/wp-json\/wp\/v2\/media?parent=79525"}],"wp:term":[{"taxonomy":"category","embeddable":true,"href":"https:\/\/noticiasribeiraopreto.com.br\/index.php\/wp-json\/wp\/v2\/categories?post=79525"},{"taxonomy":"post_tag","embeddable":true,"href":"https:\/\/noticiasribeiraopreto.com.br\/index.php\/wp-json\/wp\/v2\/tags?post=79525"}],"curies":[{"name":"wp","href":"https:\/\/api.w.org\/{rel}","templated":true}]}}