{"id":79527,"date":"2025-11-03T16:18:58","date_gmt":"2025-11-03T19:18:58","guid":{"rendered":"https:\/\/noticiasribeiraopreto.com.br\/index.php\/2025\/11\/03\/tradicao-e-inovacao-em-saude-para-caes-e-gatos\/"},"modified":"2025-11-03T16:18:58","modified_gmt":"2025-11-03T19:18:58","slug":"tradicao-e-inovacao-em-saude-para-caes-e-gatos","status":"publish","type":"post","link":"https:\/\/noticiasribeiraopreto.com.br\/index.php\/2025\/11\/03\/tradicao-e-inovacao-em-saude-para-caes-e-gatos\/","title":{"rendered":"tradi\u00e7\u00e3o e inova\u00e7\u00e3o em sa\u00fade para c\u00e3es e gatos"},"content":{"rendered":"<div class='code-block code-block-1' style='margin: 8px 0 8px auto; text-align: right; display: block; clear: both;'>\n<p><a href=\"https:\/\/wa.link\/vpicfd\"><img data-recalc-dims=\"1\" class=\"wp-image-4922\" style=\"aspect-ratio: 2.0253164556962027; width: 561px; height: auto;\" src=\"https:\/\/i0.wp.com\/ismaelcolosi.com.br\/wp-content\/uploads\/2023\/11\/grupo-de-empregos-whatsapp-e-facebook-ismael-colosi-vagas.jpg?ssl=1\" alt=\"\" \/><\/a><\/p>\n<!-- \/wp:image -->\n<\/div>\n<p> <br \/>\n<\/p>\n<div>\n<p>Apaixonada por animais, a aposentada Maria Izabel Soares possui h\u00e1 16 anos o plano de sa\u00fade para c\u00e3es e gatos da Vetplan. Hoje, o cuidado \u00e9 com a cachorrinha Cleo.<\/p>\n<blockquote class=\"wp-block-quote is-layout-flow wp-block-quote-is-layout-flow\">\n<p>\u201cJ\u00e1 usei para interna\u00e7\u00e3o, cirurgia e vacina\u00e7\u00e3o\u201d, conta. Outro fator que a faz ser fiel \u00e0 empresa \u00e9 o atendimento humanizado \u2014 inclusive em momentos de despedida.<\/p>\n<p><strong>\u201cQuando minha outra cachorrinha faleceu, eles foram muito atenciosos e me deram total suporte neste momento delicado\u201d, relembra, Maria Izabel.<\/strong><\/p>\n<\/blockquote>\n<p><strong>De Ribeir\u00e3o Preto para o Brasil: uma hist\u00f3ria de pioneirismo e amor pelos pets<\/strong><\/p>\n<p>Em 1996, quando o conceito de plano de sa\u00fade para pets ainda era desconhecido at\u00e9 mesmo nos grandes centros, os m\u00e9dicos-veterin\u00e1rios Alexandre\u00a0Couri, Antonio \u00c2ngelo Jorge Caniceiro, Mussi Lacerda, Paulo Ernesto Tofano Neto e Wanderley Marco<strong>, <\/strong>de Ribeir\u00e3o Preto, deram in\u00edcio a uma revolu\u00e7\u00e3o silenciosa na Medicina Veterin\u00e1ria brasileira.<br \/>Foi assim que nasceu a Vetplan, o primeiro plano de sa\u00fade para c\u00e3es e gatos do Brasil, com o prop\u00f3sito de levar seguran\u00e7a, acesso e tranquilidade aos tutores.<\/p>\n<blockquote class=\"wp-block-quote is-layout-flow wp-block-quote-is-layout-flow\">\n<p><strong>\u201cCuidar de um pet envolve responsabilidade, amor e, muitas vezes, gastos inesperados. Quer\u00edamos oferecer algo que ajudasse os tutores a manter seus animais sempre protegidos, sem que o custo fosse um obst\u00e1culo\u201d, relembra o Dr. Wanderley Marco, um dos cofundadores da Vetplan.<\/strong><\/p>\n<\/blockquote>\n<p><strong>Planos completos, sem car\u00eancia e com foco em preven\u00e7\u00e3o<\/strong><\/p>\n<p>Hoje, a Vetplan oferece tr\u00eas modalidades de planos para c\u00e3es e duas para gatos, com cobertura que inclui consultas, vacinas, exames, cirurgias e interna\u00e7\u00f5es.<\/p>\n<p>O grande diferencial est\u00e1 no incentivo \u00e0 medicina preventiva, que permite acompanhar a sa\u00fade dos pets de forma cont\u00ednua.<\/p>\n<blockquote class=\"wp-block-quote is-layout-flow wp-block-quote-is-layout-flow\">\n<p><strong>\u201cA Vetplan foi criada para incentivar o cuidado preventivo. Esse \u00e9 o melhor caminho para garantir longevidade e bem-estar aos nossos filhos de patas\u201d, explica Dr. Mussi.<\/strong><\/p>\n<\/blockquote>\n<p>Com uma rede ampla de cl\u00ednicas credenciadas e profissionais especializados, a Vetplan oferece atendimento de qualidade e confian\u00e7a em Ribeir\u00e3o Preto e regi\u00e3o.<\/p>\n<figure class=\"wp-block-image size-large\"><img data-recalc-dims=\"1\" fetchpriority=\"high\" decoding=\"async\" width=\"1024\" height=\"683\" src=\"https:\/\/i0.wp.com\/cdn.media-acidadeon.com.br\/ribeiraopreto\/wp-content\/uploads\/sites\/3\/2025\/11\/2-2025-11-03T143959.729_2025-11-03_17-42-31-1024x683.webp?resize=1024%2C683&#038;ssl=1\" alt=\"2 2025 11 03T143959.729 2025 11 03 17 42 31\" class=\"wp-image-134544\" title=\"Vetplan: tradi\u00e7\u00e3o e inova\u00e7\u00e3o em sa\u00fade para c\u00e3es e gatos 1\" srcset=\"https:\/\/cdn.media-acidadeon.com.br\/ribeiraopreto\/wp-content\/uploads\/sites\/3\/2025\/11\/2-2025-11-03T143959.729_2025-11-03_17-42-31-1024x683.webp 1024w, https:\/\/cdn.media-acidadeon.com.br\/ribeiraopreto\/wp-content\/uploads\/sites\/3\/2025\/11\/2-2025-11-03T143959.729_2025-11-03_17-42-31-300x200.webp 300w, https:\/\/cdn.media-acidadeon.com.br\/ribeiraopreto\/wp-content\/uploads\/sites\/3\/2025\/11\/2-2025-11-03T143959.729_2025-11-03_17-42-31-768x512.webp 768w, https:\/\/cdn.media-acidadeon.com.br\/ribeiraopreto\/wp-content\/uploads\/sites\/3\/2025\/11\/2-2025-11-03T143959.729_2025-11-03_17-42-31-696x464.webp 696w, https:\/\/cdn.media-acidadeon.com.br\/ribeiraopreto\/wp-content\/uploads\/sites\/3\/2025\/11\/2-2025-11-03T143959.729_2025-11-03_17-42-31-1068x712.webp 1068w, https:\/\/cdn.media-acidadeon.com.br\/ribeiraopreto\/wp-content\/uploads\/sites\/3\/2025\/11\/2-2025-11-03T143959.729_2025-11-03_17-42-31.webp 1200w\" sizes=\"(max-width: 1024px) 100vw, 1024px\"\/><figcaption class=\"wp-element-caption\">Vetplan: tradi\u00e7\u00e3o e inova\u00e7\u00e3o em sa\u00fade para c\u00e3es e gatos \u2013 Fotos meramente ilustrativas \u2013 Cr\u00e9dito: Divulga\u00e7\u00e3o<\/figcaption><\/figure>\n<p><strong>Sem coparticipa\u00e7\u00e3o: transpar\u00eancia e tranquilidade para o tutor<\/strong><\/p>\n<p>Na Vetplan, cuidar do seu pet \u00e9 simples, claro e sem surpresas.<br \/>Os planos n\u00e3o t\u00eam <strong>coparticipa\u00e7\u00e3o<\/strong>, o que significa que o tutor <strong>n\u00e3o paga nada a mais<\/strong> no momento do atendimento.<\/p>\n<p>Esse formato garante <strong>previsibilidade financeira<\/strong> e mais tranquilidade para as fam\u00edlias, especialmente em emerg\u00eancia.<\/p>\n<blockquote class=\"wp-block-quote is-layout-flow wp-block-quote-is-layout-flow\">\n<p>\u201cDesde o in\u00edcio, nosso objetivo foi eliminar qualquer barreira que impedisse o tutor de procurar ajuda. Com a Vetplan, o pet \u00e9 atendido sem custos adicionais, e o tutor tem a seguran\u00e7a de saber exatamente o que est\u00e1 incluso ao fechar o contrato\u201d, explica o <strong>Dr. Wanderley Marco<\/strong>.<\/p>\n<\/blockquote>\n<p>Al\u00e9m de facilitar o acesso, a aus\u00eancia de coparticipa\u00e7\u00e3o refor\u00e7a a miss\u00e3o da Vetplan de <strong>oferecer cuidado acess\u00edvel e cont\u00ednuo<\/strong>, permitindo que os tutores busquem assist\u00eancia sempre que necess\u00e1rio \u2014 <strong>sem medo de pesar no bolso<\/strong>.<\/p>\n<p><strong>Tradi\u00e7\u00e3o que gera confian\u00e7a, prop\u00f3sito que atravessa gera\u00e7\u00f5es<\/strong><\/p>\n<p>Com 29 anos de hist\u00f3ria, a Vetplan j\u00e1 faz parte da vida de milhares de fam\u00edlias, como a da Maria Izabel, citada acima.<\/p>\n<blockquote class=\"wp-block-quote is-layout-flow wp-block-quote-is-layout-flow\">\n<p>\u201cMuitos dos tutores atuais cresceram vendo seus pais cuidarem dos pets com o mesmo plano. Temos conveniados que hoje trazem seus novos c\u00e3es e gatos porque lembram do cuidado que receberam com os pets de inf\u00e2ncia. Isso mostra que nossa rela\u00e7\u00e3o \u00e9 de confian\u00e7a e continuidade\u201d, comenta Dr. Mussi.<\/p>\n<\/blockquote>\n<p>Mais do que um servi\u00e7o, a Vetplan representa uma hist\u00f3ria de amor pelos animais, constru\u00edda com \u00e9tica, proximidade e inova\u00e7\u00e3o.<\/p>\n<p><strong>Desse amor a gente entende<\/strong><\/p>\n<p>Com o slogan que se tornou uma marca registrada \u2014 <em>Desse amor a gente entende<\/em> \u2014, a Vetplan refor\u00e7a seu compromisso em oferecer cuidado acess\u00edvel, humano e de qualidade.<\/p>\n<blockquote class=\"wp-block-quote is-layout-flow wp-block-quote-is-layout-flow\">\n<p><strong>\u201cNosso trabalho vai muito al\u00e9m de um contrato. Ele est\u00e1 na rela\u00e7\u00e3o de carinho que constru\u00edmos com cada tutor e em cada pet que atendemos. Esse \u00e9 o verdadeiro significado de ser Vetplan\u201d, conclui Dr. Wanderley.<\/strong><\/p>\n<\/blockquote>\n<p><strong>A Vetplan atua em Ribeir\u00e3o Preto e regi\u00e3o, com 29 anos de experi\u00eancia em sa\u00fade animal.<br \/>\ud83c\udf10 Saiba mais em <\/strong><a href=\"http:\/\/www.vetplan.com.br\" target=\"_blank\" rel=\"noreferrer noopener\"><strong>www.vetplan.com.br<\/strong><\/a><\/p>\n<figure class=\"wp-block-table\"\/>\n<figure class=\"wp-block-video\"><video controls=\"\" src=\"https:\/\/www.acidadeon.com\/ribeiraopreto\/wp-content\/uploads\/sites\/3\/2025\/11\/Vetplan_NATIVE-VIDEO.mp4\"\/><\/figure>\n<p><!-- AI CONTENT END 1 -->\n<\/div>\n<p><br \/>\n<br \/><a href=\"https:\/\/www.acidadeon.com\/ribeiraopreto\/conteudo-patrocinado\/vetplan\/vetplan-tradicao-e-inovacao-em-saude-para-caes-e-gatos\/\">Source link <\/a><\/p>\n<!-- CONTENT END 1 -->\n","protected":false},"excerpt":{"rendered":"<p>Apaixonada por animais, a aposentada Maria Izabel Soares possui h\u00e1 16 anos o plano de sa\u00fade para c\u00e3es e gatos da Vetplan. Hoje, o cuidado&#8230;<\/p>\n","protected":false},"author":1,"featured_media":79528,"comment_status":"open","ping_status":"open","sticky":false,"template":"","format":"standard","meta":{"advanced_seo_description":"","jetpack_seo_html_title":"","jetpack_seo_noindex":false,"jetpack_post_was_ever_published":false,"_jetpack_newsletter_access":"","_jetpack_dont_email_post_to_subs":false,"_jetpack_newsletter_tier_id":0,"_jetpack_memberships_contains_paywalled_content":false,"_jetpack_memberships_contains_paid_content":false,"footnotes":"","jetpack_publicize_message":"","jetpack_publicize_feature_enabled":true,"jetpack_social_post_already_shared":true,"jetpack_social_options":{"image_generator_settings":{"template":"highway","default_image_id":0,"font":"","enabled":false},"version":2}},"categories":[11],"tags":[],"class_list":["post-79527","post","type-post","status-publish","format-standard","has-post-thumbnail","hentry","category-noticias-de-ribeirao-preto-sp-e-regiao-ismael-colosi"],"jetpack_publicize_connections":[],"jetpack_featured_media_url":"https:\/\/i0.wp.com\/noticiasribeiraopreto.com.br\/wp-content\/uploads\/2025\/11\/1-2025-11-03T143959.083_2025-11-03_17-40-49.webp.webp?fit=1200%2C800&ssl=1","jetpack-related-posts":[{"id":15965,"url":"https:\/\/noticiasribeiraopreto.com.br\/index.php\/2023\/12\/14\/ribeirao-preto-tem-feirao-para-adocao-de-caes-e-gatos-neste-sabado-veja-como-adotar\/","url_meta":{"origin":79527,"position":0},"title":"Ribeir\u00e3o Preto tem feira para ado\u00e7\u00e3o de c\u00e3es e gatos neste s\u00e1bado; Veja como adotar","author":"noticiasribeiraopreto.com.br","date":"14 de December de 2023","format":false,"excerpt":"A Divis\u00e3o de Bem-Estar Animal (DBEA) de Ribeir\u00e3o Preto realiza, neste s\u00e1bado (16), das 9h \u00e0s 14h, na sede da divis\u00e3o, um feir\u00e3o para ado\u00e7\u00e3o de c\u00e3es e gatos de todas as idades. A conviv\u00eancia com animais de estima\u00e7\u00e3o proporciona momentos de alegria no dia a dia, al\u00e9m de in\u00fameros\u2026","rel":"","context":"In &quot;Not\u00edcias de Ribeir\u00e3o Preto-SP e Regi\u00e3o&quot;","block_context":{"text":"Not\u00edcias de Ribeir\u00e3o Preto-SP e Regi\u00e3o","link":"https:\/\/noticiasribeiraopreto.com.br\/index.php\/category\/noticias-de-ribeirao-preto-sp-e-regiao-ismael-colosi\/"},"img":{"alt_text":"","src":"https:\/\/i0.wp.com\/noticiasribeiraopreto.com.br\/wp-content\/uploads\/2023\/12\/Copia-de-Copia-de-TAMANHO-EXATO-PARA-FOTOS-NO-SISTEMA-NOVO-24.png?fit=1200%2C675&ssl=1&resize=350%2C200","width":350,"height":200,"srcset":"https:\/\/i0.wp.com\/noticiasribeiraopreto.com.br\/wp-content\/uploads\/2023\/12\/Copia-de-Copia-de-TAMANHO-EXATO-PARA-FOTOS-NO-SISTEMA-NOVO-24.png?fit=1200%2C675&ssl=1&resize=350%2C200 1x, https:\/\/i0.wp.com\/noticiasribeiraopreto.com.br\/wp-content\/uploads\/2023\/12\/Copia-de-Copia-de-TAMANHO-EXATO-PARA-FOTOS-NO-SISTEMA-NOVO-24.png?fit=1200%2C675&ssl=1&resize=525%2C300 1.5x, https:\/\/i0.wp.com\/noticiasribeiraopreto.com.br\/wp-content\/uploads\/2023\/12\/Copia-de-Copia-de-TAMANHO-EXATO-PARA-FOTOS-NO-SISTEMA-NOVO-24.png?fit=1200%2C675&ssl=1&resize=700%2C400 2x, https:\/\/i0.wp.com\/noticiasribeiraopreto.com.br\/wp-content\/uploads\/2023\/12\/Copia-de-Copia-de-TAMANHO-EXATO-PARA-FOTOS-NO-SISTEMA-NOVO-24.png?fit=1200%2C675&ssl=1&resize=1050%2C600 3x"},"classes":[]},{"id":55799,"url":"https:\/\/noticiasribeiraopreto.com.br\/index.php\/2024\/08\/06\/ribeirao-preto-tem-inscricao-para-castracao-gratuita-de-caes-e-gatos-veja-quando\/","url_meta":{"origin":79527,"position":1},"title":"Ribeir\u00e3o Preto tem inscri\u00e7\u00e3o para castra\u00e7\u00e3o gratuita de c\u00e3es e gatos; Veja quando","author":"noticiasribeiraopreto.com.br","date":"6 de August de 2024","format":false,"excerpt":"Entre os dias 17 e 18 de agosto, a Divis\u00e3o de Bem Estar Animal (DBEA) de Ribeir\u00e3o Preto abrir\u00e1 inscri\u00e7\u00f5es para castra\u00e7\u00e3o gratuita de c\u00e3es e gatos de estima\u00e7\u00e3o. Podem ser castrados c\u00e3es e gatos, machos ou f\u00eameas, com seis meses at\u00e9 seis anos de idade. Para efetuar a inscri\u00e7\u00e3o,\u2026","rel":"","context":"In &quot;Not\u00edcias de Ribeir\u00e3o Preto-SP e Regi\u00e3o&quot;","block_context":{"text":"Not\u00edcias de Ribeir\u00e3o Preto-SP e Regi\u00e3o","link":"https:\/\/noticiasribeiraopreto.com.br\/index.php\/category\/noticias-de-ribeirao-preto-sp-e-regiao-ismael-colosi\/"},"img":{"alt_text":"","src":"https:\/\/i0.wp.com\/noticiasribeiraopreto.com.br\/wp-content\/uploads\/2024\/05\/castracao_2024_-_foto_guilherme_sircili_101_2024-05-17_18-42-20_jpg_2024-05-17_18-42-20.webp.webp?fit=1200%2C800&ssl=1&resize=350%2C200","width":350,"height":200,"srcset":"https:\/\/i0.wp.com\/noticiasribeiraopreto.com.br\/wp-content\/uploads\/2024\/05\/castracao_2024_-_foto_guilherme_sircili_101_2024-05-17_18-42-20_jpg_2024-05-17_18-42-20.webp.webp?fit=1200%2C800&ssl=1&resize=350%2C200 1x, https:\/\/i0.wp.com\/noticiasribeiraopreto.com.br\/wp-content\/uploads\/2024\/05\/castracao_2024_-_foto_guilherme_sircili_101_2024-05-17_18-42-20_jpg_2024-05-17_18-42-20.webp.webp?fit=1200%2C800&ssl=1&resize=525%2C300 1.5x, https:\/\/i0.wp.com\/noticiasribeiraopreto.com.br\/wp-content\/uploads\/2024\/05\/castracao_2024_-_foto_guilherme_sircili_101_2024-05-17_18-42-20_jpg_2024-05-17_18-42-20.webp.webp?fit=1200%2C800&ssl=1&resize=700%2C400 2x, https:\/\/i0.wp.com\/noticiasribeiraopreto.com.br\/wp-content\/uploads\/2024\/05\/castracao_2024_-_foto_guilherme_sircili_101_2024-05-17_18-42-20_jpg_2024-05-17_18-42-20.webp.webp?fit=1200%2C800&ssl=1&resize=1050%2C600 3x"},"classes":[]},{"id":80057,"url":"https:\/\/noticiasribeiraopreto.com.br\/index.php\/2025\/11\/13\/ribeirao-tem-feira-de-adocao-com-190-caes-e-gatos-veja-quando\/","url_meta":{"origin":79527,"position":2},"title":"Ribeir\u00e3o tem feira de ado\u00e7\u00e3o com 190 c\u00e3es e gatos; Veja quando","author":"noticiasribeiraopreto.com.br","date":"13 de November de 2025","format":false,"excerpt":"Ribeir\u00e3o Preto recebe neste s\u00e1bado (15) mais uma feira de ado\u00e7\u00e3o de c\u00e3es e gatos na Unidade de Bem-Estar Animal (antiga DBEA), localizada na avenida Eduardo Andrea Matarazzo, n\u00ba 4.255, das 9h \u00e0s 14h. Ao todo, 190 animais estar\u00e3o dispon\u00edveis para ado\u00e7\u00e3o, entre c\u00e3es e gatos, todos vacinados, vermifugados, microchipados\u2026","rel":"","context":"In &quot;Not\u00edcias de Ribeir\u00e3o Preto-SP e Regi\u00e3o&quot;","block_context":{"text":"Not\u00edcias de Ribeir\u00e3o Preto-SP e Regi\u00e3o","link":"https:\/\/noticiasribeiraopreto.com.br\/index.php\/category\/noticias-de-ribeirao-preto-sp-e-regiao-ismael-colosi\/"},"img":{"alt_text":"","src":"https:\/\/i0.wp.com\/noticiasribeiraopreto.com.br\/wp-content\/uploads\/2025\/11\/dbea_doguinhos_adocao_-_foto_guilherme_sircili_313.jpg?fit=1200%2C800&ssl=1&resize=350%2C200","width":350,"height":200,"srcset":"https:\/\/i0.wp.com\/noticiasribeiraopreto.com.br\/wp-content\/uploads\/2025\/11\/dbea_doguinhos_adocao_-_foto_guilherme_sircili_313.jpg?fit=1200%2C800&ssl=1&resize=350%2C200 1x, https:\/\/i0.wp.com\/noticiasribeiraopreto.com.br\/wp-content\/uploads\/2025\/11\/dbea_doguinhos_adocao_-_foto_guilherme_sircili_313.jpg?fit=1200%2C800&ssl=1&resize=525%2C300 1.5x, https:\/\/i0.wp.com\/noticiasribeiraopreto.com.br\/wp-content\/uploads\/2025\/11\/dbea_doguinhos_adocao_-_foto_guilherme_sircili_313.jpg?fit=1200%2C800&ssl=1&resize=700%2C400 2x, https:\/\/i0.wp.com\/noticiasribeiraopreto.com.br\/wp-content\/uploads\/2025\/11\/dbea_doguinhos_adocao_-_foto_guilherme_sircili_313.jpg?fit=1200%2C800&ssl=1&resize=1050%2C600 3x"},"classes":[]},{"id":67720,"url":"https:\/\/noticiasribeiraopreto.com.br\/index.php\/2025\/04\/17\/rg-para-caes-e-gatos-veja-como-funciona-e-fazer-o-cadastro-do-seu-pet\/","url_meta":{"origin":79527,"position":3},"title":"RG para c\u00e3es e gatos: Veja como funciona e fazer o cadastro do seu pet","author":"noticiasribeiraopreto.com.br","date":"17 de April de 2025","format":false,"excerpt":"O Governo Federal lan\u00e7ou oficialmente nesta quinta-feira (17) o SinPatinhas (Sistema do Cadastro Nacional de Animais Dom\u00e9sticos). O sistema funciona como uma esp\u00e9cie de RG, permitindo o registro de c\u00e3es e gatos e ajuda na prote\u00e7\u00e3o e bem-estar dos pets. Tire suas d\u00favidas sobre o tema O que \u00e9 o\u2026","rel":"","context":"In &quot;Not\u00edcias de Ribeir\u00e3o Preto-SP e Regi\u00e3o&quot;","block_context":{"text":"Not\u00edcias de Ribeir\u00e3o Preto-SP e Regi\u00e3o","link":"https:\/\/noticiasribeiraopreto.com.br\/index.php\/category\/noticias-de-ribeirao-preto-sp-e-regiao-ismael-colosi\/"},"img":{"alt_text":"","src":"https:\/\/i0.wp.com\/noticiasribeiraopreto.com.br\/wp-content\/uploads\/2025\/04\/RG-ANIMAL_2025-04-17_18-13-02.webp.webp?fit=1200%2C800&ssl=1&resize=350%2C200","width":350,"height":200,"srcset":"https:\/\/i0.wp.com\/noticiasribeiraopreto.com.br\/wp-content\/uploads\/2025\/04\/RG-ANIMAL_2025-04-17_18-13-02.webp.webp?fit=1200%2C800&ssl=1&resize=350%2C200 1x, https:\/\/i0.wp.com\/noticiasribeiraopreto.com.br\/wp-content\/uploads\/2025\/04\/RG-ANIMAL_2025-04-17_18-13-02.webp.webp?fit=1200%2C800&ssl=1&resize=525%2C300 1.5x, https:\/\/i0.wp.com\/noticiasribeiraopreto.com.br\/wp-content\/uploads\/2025\/04\/RG-ANIMAL_2025-04-17_18-13-02.webp.webp?fit=1200%2C800&ssl=1&resize=700%2C400 2x, https:\/\/i0.wp.com\/noticiasribeiraopreto.com.br\/wp-content\/uploads\/2025\/04\/RG-ANIMAL_2025-04-17_18-13-02.webp.webp?fit=1200%2C800&ssl=1&resize=1050%2C600 3x"},"classes":[]},{"id":16578,"url":"https:\/\/noticiasribeiraopreto.com.br\/index.php\/2023\/12\/15\/mais-de-100-caes-e-gatos-aguardam-por-uma-familia-no-evento-de-adocao-da-dbea\/","url_meta":{"origin":79527,"position":4},"title":"Mais de 100 c\u00e3es e gatos aguardam por uma fam\u00edlia em evento de ado\u00e7\u00e3o","author":"noticiasribeiraopreto.com.br","date":"15 de December de 2023","format":false,"excerpt":"15 de dezembro de 2023 | 17:0015 de dezembro de 2023 | 17:36 0A conviv\u00eancia com animais de estima\u00e7\u00e3o proporciona momentos de alegria no dia a dia, al\u00e9m de in\u00fameros benef\u00edcios \u00e0 sa\u00fade f\u00edsica e mental de seus tutores, mas tamb\u00e9m exige algumas responsabilidades que garantem o bem-estar dos animais.\u2026","rel":"","context":"In &quot;Not\u00edcias de Ribeir\u00e3o Preto-SP e Regi\u00e3o&quot;","block_context":{"text":"Not\u00edcias de Ribeir\u00e3o Preto-SP e Regi\u00e3o","link":"https:\/\/noticiasribeiraopreto.com.br\/index.php\/category\/noticias-de-ribeirao-preto-sp-e-regiao-ismael-colosi\/"},"img":{"alt_text":"","src":"https:\/\/i0.wp.com\/noticiasribeiraopreto.com.br\/wp-content\/uploads\/2023\/12\/adocao-scaled.jpg?fit=967%2C645&ssl=1&resize=350%2C200","width":350,"height":200,"srcset":"https:\/\/i0.wp.com\/noticiasribeiraopreto.com.br\/wp-content\/uploads\/2023\/12\/adocao-scaled.jpg?fit=967%2C645&ssl=1&resize=350%2C200 1x, https:\/\/i0.wp.com\/noticiasribeiraopreto.com.br\/wp-content\/uploads\/2023\/12\/adocao-scaled.jpg?fit=967%2C645&ssl=1&resize=525%2C300 1.5x, https:\/\/i0.wp.com\/noticiasribeiraopreto.com.br\/wp-content\/uploads\/2023\/12\/adocao-scaled.jpg?fit=967%2C645&ssl=1&resize=700%2C400 2x"},"classes":[]},{"id":42318,"url":"https:\/\/noticiasribeiraopreto.com.br\/index.php\/2024\/03\/13\/ribeirao-preto-tem-novo-evento-para-adocao-de-caes-e-gatos-veja-onde\/","url_meta":{"origin":79527,"position":5},"title":"Ribeir\u00e3o Preto tem novo evento para ado\u00e7\u00e3o de c\u00e3es e gatos; Veja onde","author":"noticiasribeiraopreto.com.br","date":"13 de March de 2024","format":false,"excerpt":"Ribeir\u00e3o Preto ter\u00e1 um novo evento de ado\u00e7\u00e3o de c\u00e3es e gatos, neste s\u00e1bado (16), das 09h \u00e0s 14h, na sede da Divis\u00e3o de Bem-Estar Animal (DBEA), localizada na avenida Eduardo Andrea Matarazzo (Via Norte), n\u00ba4255. De acordo com o comunicado da Prefeitura, entre filhotes e adultos, existem mais de\u2026","rel":"","context":"In &quot;Not\u00edcias de Ribeir\u00e3o Preto-SP e Regi\u00e3o&quot;","block_context":{"text":"Not\u00edcias de Ribeir\u00e3o Preto-SP e Regi\u00e3o","link":"https:\/\/noticiasribeiraopreto.com.br\/index.php\/category\/noticias-de-ribeirao-preto-sp-e-regiao-ismael-colosi\/"},"img":{"alt_text":"","src":"https:\/\/i0.wp.com\/noticiasribeiraopreto.com.br\/wp-content\/uploads\/2024\/03\/AnyConv.com__Copia-de-Copia-de-TAMANHO-EXATO-PARA-FOTOS-NO-SISTEMA-NOVO-73.webp.webp?fit=1200%2C675&ssl=1&resize=350%2C200","width":350,"height":200,"srcset":"https:\/\/i0.wp.com\/noticiasribeiraopreto.com.br\/wp-content\/uploads\/2024\/03\/AnyConv.com__Copia-de-Copia-de-TAMANHO-EXATO-PARA-FOTOS-NO-SISTEMA-NOVO-73.webp.webp?fit=1200%2C675&ssl=1&resize=350%2C200 1x, https:\/\/i0.wp.com\/noticiasribeiraopreto.com.br\/wp-content\/uploads\/2024\/03\/AnyConv.com__Copia-de-Copia-de-TAMANHO-EXATO-PARA-FOTOS-NO-SISTEMA-NOVO-73.webp.webp?fit=1200%2C675&ssl=1&resize=525%2C300 1.5x, https:\/\/i0.wp.com\/noticiasribeiraopreto.com.br\/wp-content\/uploads\/2024\/03\/AnyConv.com__Copia-de-Copia-de-TAMANHO-EXATO-PARA-FOTOS-NO-SISTEMA-NOVO-73.webp.webp?fit=1200%2C675&ssl=1&resize=700%2C400 2x, https:\/\/i0.wp.com\/noticiasribeiraopreto.com.br\/wp-content\/uploads\/2024\/03\/AnyConv.com__Copia-de-Copia-de-TAMANHO-EXATO-PARA-FOTOS-NO-SISTEMA-NOVO-73.webp.webp?fit=1200%2C675&ssl=1&resize=1050%2C600 3x"},"classes":[]}],"jetpack_sharing_enabled":true,"jetpack_shortlink":"https:\/\/wp.me\/peQAOb-kGH","_links":{"self":[{"href":"https:\/\/noticiasribeiraopreto.com.br\/index.php\/wp-json\/wp\/v2\/posts\/79527","targetHints":{"allow":["GET"]}}],"collection":[{"href":"https:\/\/noticiasribeiraopreto.com.br\/index.php\/wp-json\/wp\/v2\/posts"}],"about":[{"href":"https:\/\/noticiasribeiraopreto.com.br\/index.php\/wp-json\/wp\/v2\/types\/post"}],"author":[{"embeddable":true,"href":"https:\/\/noticiasribeiraopreto.com.br\/index.php\/wp-json\/wp\/v2\/users\/1"}],"replies":[{"embeddable":true,"href":"https:\/\/noticiasribeiraopreto.com.br\/index.php\/wp-json\/wp\/v2\/comments?post=79527"}],"version-history":[{"count":0,"href":"https:\/\/noticiasribeiraopreto.com.br\/index.php\/wp-json\/wp\/v2\/posts\/79527\/revisions"}],"wp:featuredmedia":[{"embeddable":true,"href":"https:\/\/noticiasribeiraopreto.com.br\/index.php\/wp-json\/wp\/v2\/media\/79528"}],"wp:attachment":[{"href":"https:\/\/noticiasribeiraopreto.com.br\/index.php\/wp-json\/wp\/v2\/media?parent=79527"}],"wp:term":[{"taxonomy":"category","embeddable":true,"href":"https:\/\/noticiasribeiraopreto.com.br\/index.php\/wp-json\/wp\/v2\/categories?post=79527"},{"taxonomy":"post_tag","embeddable":true,"href":"https:\/\/noticiasribeiraopreto.com.br\/index.php\/wp-json\/wp\/v2\/tags?post=79527"}],"curies":[{"name":"wp","href":"https:\/\/api.w.org\/{rel}","templated":true}]}}