{"id":79535,"date":"2025-11-03T16:51:36","date_gmt":"2025-11-03T19:51:36","guid":{"rendered":"https:\/\/noticiasribeiraopreto.com.br\/index.php\/2025\/11\/03\/prefeitura-de-ribeirao-assume-casas-de-repouso-apos-prisao-de-responsavel-por-suspeita-de-maus-tratos\/"},"modified":"2025-11-03T16:51:36","modified_gmt":"2025-11-03T19:51:36","slug":"prefeitura-de-ribeirao-assume-casas-de-repouso-apos-prisao-de-responsavel-por-suspeita-de-maus-tratos","status":"publish","type":"post","link":"https:\/\/noticiasribeiraopreto.com.br\/index.php\/2025\/11\/03\/prefeitura-de-ribeirao-assume-casas-de-repouso-apos-prisao-de-responsavel-por-suspeita-de-maus-tratos\/","title":{"rendered":"Prefeitura de Ribeir\u00e3o assume casas de repouso ap\u00f3s pris\u00e3o de respons\u00e1vel por suspeita de maus-tratos"},"content":{"rendered":"<div class='code-block code-block-1' style='margin: 8px 0 8px auto; text-align: right; display: block; clear: both;'>\n<p><a href=\"https:\/\/wa.link\/vpicfd\"><img data-recalc-dims=\"1\" class=\"wp-image-4922\" style=\"aspect-ratio: 2.0253164556962027; width: 561px; height: auto;\" src=\"https:\/\/i0.wp.com\/ismaelcolosi.com.br\/wp-content\/uploads\/2023\/11\/grupo-de-empregos-whatsapp-e-facebook-ismael-colosi-vagas.jpg?ssl=1\" alt=\"\" \/><\/a><\/p>\n<!-- \/wp:image -->\n<\/div>\n<p> <br \/>\n<\/p>\n<div>\n<p>A <strong>Prefeitura de Ribeir\u00e3o Preto <\/strong>assumiu temporariamente a gest\u00e3o de <strong>duas casas de repouso<\/strong> do grupo Meu Doce Lar ap\u00f3s a pris\u00e3o da propriet\u00e1ria, <strong>Eva Maria Lima<\/strong>, no domingo (2), por descumprimento de medidas judiciais e suspeita de maus-tratos a idosos. O an\u00fancio foi feito na tarde desta segunda-feira (3)<\/p>\n<p>De acordo com o comunicado, as unidades, que atendiam <strong>36 residentes<\/strong>, <mark style=\"background-color:#fcb900\" class=\"has-inline-color\">s\u00e3o as mesmas que <strong>haviam sido interditadas, h\u00e1 cerca de seis meses, pela Vigil\u00e2ncia Sanit\u00e1ria de Ribeir\u00e3o Preto <\/strong>por falta de higiene, superlota\u00e7\u00e3o e aus\u00eancia de profissionais qualificados.<\/mark><\/p>\n<figure class=\"wp-block-pullquote\">\n<blockquote>\n<p>Sete idosos foram resgatados e encaminhados aos hospitais Santa Lydia e Francisco de Assis, enquanto os demais continuam recebendo acompanhamento m\u00e9dico e social nas pr\u00f3prias unidades<\/p>\n<p><cite>informou a Prefeitura<\/cite><\/p><\/blockquote>\n<\/figure>\n<p>Ainda de segundo a Administra\u00e7\u00e3o, a medida de interven\u00e7\u00e3o foi adotada pelo <strong>prefeito Ricardo Silva (PSD)<\/strong> para garantir a seguran\u00e7a, a continuidade dos cuidados e a prote\u00e7\u00e3o integral dos idosos. \u201cDesde a madrugada, equipes multidisciplinares est\u00e3o realizando avalia\u00e7\u00f5es individuais e organizam o plano de a\u00e7\u00e3o emergencial para os pr\u00f3ximos dias\u201d, diz a nota.<\/p>\n<p>A a\u00e7\u00e3o no final de semana contou com a participa\u00e7\u00e3o da <strong>Pol\u00edcia Militar<\/strong>, do <strong>Minist\u00e9rio P\u00fablico<\/strong> e de <strong>equipes da Prefeitura de Ribeir\u00e3o Preto<\/strong>, que permaneceram no local durante toda a noite, ap\u00f3s a pris\u00e3o da respons\u00e1vel.<\/p>\n<div class=\"wp-block-image\">\n<figure class=\"aligncenter size-large is-resized\"><img data-recalc-dims=\"1\" fetchpriority=\"high\" decoding=\"async\" width=\"1024\" height=\"576\" src=\"https:\/\/i0.wp.com\/cdn.media-acidadeon.com.br\/ribeiraopreto\/wp-content\/uploads\/sites\/3\/2025\/11\/WhatsApp-Image-2025-11-03-at-09.55.17_2025-11-03_13-04-56-1024x576.webp?resize=1024%2C576&#038;ssl=1\" alt=\"Idosos foram resgatados de casa neste domingo (2) - Foto: Divulga\u00e7\u00e3o\" class=\"wp-image-134473\" style=\"width:654px\" title=\"Prefeitura de Ribeir\u00e3o assume casas de repouso ap\u00f3s pris\u00e3o de respons\u00e1vel por suspeita de maus-tratos 1\" srcset=\"https:\/\/cdn.media-acidadeon.com.br\/ribeiraopreto\/wp-content\/uploads\/sites\/3\/2025\/11\/WhatsApp-Image-2025-11-03-at-09.55.17_2025-11-03_13-04-56-1024x576.webp 1024w, https:\/\/cdn.media-acidadeon.com.br\/ribeiraopreto\/wp-content\/uploads\/sites\/3\/2025\/11\/WhatsApp-Image-2025-11-03-at-09.55.17_2025-11-03_13-04-56-300x169.webp 300w, https:\/\/cdn.media-acidadeon.com.br\/ribeiraopreto\/wp-content\/uploads\/sites\/3\/2025\/11\/WhatsApp-Image-2025-11-03-at-09.55.17_2025-11-03_13-04-56-768x432.webp 768w, https:\/\/cdn.media-acidadeon.com.br\/ribeiraopreto\/wp-content\/uploads\/sites\/3\/2025\/11\/WhatsApp-Image-2025-11-03-at-09.55.17_2025-11-03_13-04-56-696x392.webp 696w, https:\/\/cdn.media-acidadeon.com.br\/ribeiraopreto\/wp-content\/uploads\/sites\/3\/2025\/11\/WhatsApp-Image-2025-11-03-at-09.55.17_2025-11-03_13-04-56-1068x601.webp 1068w, https:\/\/cdn.media-acidadeon.com.br\/ribeiraopreto\/wp-content\/uploads\/sites\/3\/2025\/11\/WhatsApp-Image-2025-11-03-at-09.55.17_2025-11-03_13-04-56.webp 1200w\" sizes=\"(max-width: 1024px) 100vw, 1024px\"\/><figcaption class=\"wp-element-caption\">Idosos foram resgatados de casa neste domingo (2) \u2013 Foto: Divulga\u00e7\u00e3o<\/figcaption><\/figure>\n<\/div>\n<h2 class=\"wp-block-heading\"><strong>O que aconteceu?<\/strong><\/h2>\n<p>Conforme o <strong>boletim de ocorr\u00eancia (BO)<\/strong>, <strong>Eva Maria Lima<\/strong> teria dito ser auxiliar de enfermagem e alegou que <mark style=\"background-color:#fcb900\" class=\"has-inline-color\">havia acolhido os idosos em sua casa depois do fechamento da cl\u00ednica onde eles residiam anteriormente<\/mark>.<\/p>\n<p>Tr\u00eas institui\u00e7\u00f5es que estariam sob sua responsabilidade, nas regi\u00f5es do <strong>Alto da Boa Vista<\/strong>, <strong>Ant\u00f4nio Marincek<\/strong> e <strong>Centro <\/strong>da cidade, foram alvos de investiga\u00e7\u00e3o em abril deste ano.<\/p>\n<p>Consta no registro que a <strong>resid\u00eancia do Parque Ribeir\u00e3o<\/strong> n\u00e3o possu\u00eda alvar\u00e1 de funcionamento e \u201cexalava forte odor de urina, apresentava condi\u00e7\u00f5es prec\u00e1rias de higiene, com lixo, restos de alimentos e fezes espalhados pelo ch\u00e3o\u201d.<\/p>\n<p>Ainda segundo o <strong>BO<\/strong>, em outros dois im\u00f3veis utilizados como abrigo para pessoas idosas, nas ruas Lafaiete e Marechal Deodoro, na regi\u00e3o central de Ribeir\u00e3o Preto, tamb\u00e9m foram constatadas situa\u00e7\u00f5es semelhantes neste domingo \u2013 clique aqui para saber mais.<\/p>\n<hr class=\"wp-block-separator has-alpha-channel-opacity\"\/>\n<p>SAIBA MAIS<\/p>\n<p>Dona de casa de repouso \u00e9 presa por maus-tratos a idosos em Ribeir\u00e3o Preto<\/p>\n<h2 class=\"wp-block-heading\"><strong>FIQUE ON<\/strong><\/h2>\n<p>Fique ligado em tudo que acontece em Ribeir\u00e3o Preto e regi\u00e3o. Siga os perfis do<strong>\u00a0acidade on\u00a0<\/strong>no<a href=\"https:\/\/www.instagram.com\/acidadeonribeirao\" target=\"_blank\" rel=\"noreferrer noopener\">\u00a0Instagram\u00a0<\/a>e no\u00a0<a href=\"https:\/\/www.facebook.com\/acidadeonribeirao\/\" target=\"_blank\" rel=\"noreferrer noopener\">Facebook<\/a>.<\/p>\n<p>Receba not\u00edcias do<strong>\u00a0acidade on<\/strong>\u00a0no WhatsApp. Para entrar no grupo,\u00a0basta\u00a0<a href=\"https:\/\/chat.whatsapp.com\/I4nieTEMKlf50pJ28aMemC?mode=ac_t\" target=\"_blank\" rel=\"noreferrer noopener\">clicar aqui<\/a>. Ou, acesse o nosso\u00a0Canal<a href=\"https:\/\/whatsapp.com\/channel\/0029Vb6IQl1JENyAeS57fk2p\" target=\"_blank\" rel=\"noreferrer noopener\">\u00a0clicando aqui<\/a>.<\/p>\n<p>Fa\u00e7a uma den\u00fancia ou sugira uma reportagem sobre Ribeir\u00e3o Preto e regi\u00e3o pelo WhatsApp: 16 99117 7802.<\/p>\n<p>VEJA TAMB\u00c9M<\/p>\n<p>Qual a frase famosa sobre Laurinha em \u2018Rainha da Sucata\u2019?<\/p>\n<p><!-- AI CONTENT END 1 -->\n<\/div>\n<p><script async src=\"\/\/www.instagram.com\/embed.js\"><\/script><br \/>\n<br \/><br \/>\n<br \/><a href=\"https:\/\/www.acidadeon.com\/ribeiraopreto\/cotidiano\/prefeitura-de-ribeirao-assume-casas-de-repouso-apos-prisao-de-responsavel-por-suspeita-de-maus-tratos\/\">Source link <\/a><\/p>\n<!-- CONTENT END 1 -->\n","protected":false},"excerpt":{"rendered":"<p>A Prefeitura de Ribeir\u00e3o Preto assumiu temporariamente a gest\u00e3o de duas casas de repouso do grupo Meu Doce Lar ap\u00f3s a pris\u00e3o da propriet\u00e1ria, Eva&#8230;<\/p>\n","protected":false},"author":1,"featured_media":79536,"comment_status":"open","ping_status":"open","sticky":false,"template":"","format":"standard","meta":{"advanced_seo_description":"","jetpack_seo_html_title":"","jetpack_seo_noindex":false,"jetpack_post_was_ever_published":false,"_jetpack_newsletter_access":"","_jetpack_dont_email_post_to_subs":false,"_jetpack_newsletter_tier_id":0,"_jetpack_memberships_contains_paywalled_content":false,"_jetpack_memberships_contains_paid_content":false,"footnotes":"","jetpack_publicize_message":"","jetpack_publicize_feature_enabled":true,"jetpack_social_post_already_shared":true,"jetpack_social_options":{"image_generator_settings":{"template":"highway","default_image_id":0,"font":"","enabled":false},"version":2}},"categories":[11],"tags":[],"class_list":["post-79535","post","type-post","status-publish","format-standard","has-post-thumbnail","hentry","category-noticias-de-ribeirao-preto-sp-e-regiao-ismael-colosi"],"jetpack_publicize_connections":[],"jetpack_featured_media_url":"https:\/\/i0.wp.com\/noticiasribeiraopreto.com.br\/wp-content\/uploads\/2025\/11\/palace-5_2025-11-03_17-16-58.webp.webp?fit=1200%2C675&ssl=1","jetpack-related-posts":[{"id":79562,"url":"https:\/\/noticiasribeiraopreto.com.br\/index.php\/2025\/11\/04\/prefeitura-assume-casas-de-repouso-ilegais\/","url_meta":{"origin":79535,"position":0},"title":"Prefeitura assume\u2028 casas de repouso ilegais","author":"noticiasribeiraopreto.com.br","date":"4 de November de 2025","format":false,"excerpt":"Equipes da Sa\u00fade e da Assist\u00eancia Social garantem atendimento, acolhimento e contato com familiares dos 36 idosos atendidos nas unidades\u2028\u2028 A prefeitura de Ribeir\u00e3o Preto assumiu, de forma emergencial e tempor\u00e1ria, a gest\u00e3o de duas casas de repouso pertencentes ao grupo Meu Doce Lar, ap\u00f3s a pris\u00e3o da propriet\u00e1ria Eva\u2026","rel":"","context":"In &quot;Not\u00edcias de Ribeir\u00e3o Preto-SP e Regi\u00e3o&quot;","block_context":{"text":"Not\u00edcias de Ribeir\u00e3o Preto-SP e Regi\u00e3o","link":"https:\/\/noticiasribeiraopreto.com.br\/index.php\/category\/noticias-de-ribeirao-preto-sp-e-regiao-ismael-colosi\/"},"img":{"alt_text":"","src":"https:\/\/i0.wp.com\/noticiasribeiraopreto.com.br\/wp-content\/uploads\/2025\/11\/Asilos-Pre-Guilherme-Sircili-01-scaled.jpg?fit=1170%2C780&ssl=1&resize=350%2C200","width":350,"height":200,"srcset":"https:\/\/i0.wp.com\/noticiasribeiraopreto.com.br\/wp-content\/uploads\/2025\/11\/Asilos-Pre-Guilherme-Sircili-01-scaled.jpg?fit=1170%2C780&ssl=1&resize=350%2C200 1x, https:\/\/i0.wp.com\/noticiasribeiraopreto.com.br\/wp-content\/uploads\/2025\/11\/Asilos-Pre-Guilherme-Sircili-01-scaled.jpg?fit=1170%2C780&ssl=1&resize=525%2C300 1.5x, https:\/\/i0.wp.com\/noticiasribeiraopreto.com.br\/wp-content\/uploads\/2025\/11\/Asilos-Pre-Guilherme-Sircili-01-scaled.jpg?fit=1170%2C780&ssl=1&resize=700%2C400 2x, https:\/\/i0.wp.com\/noticiasribeiraopreto.com.br\/wp-content\/uploads\/2025\/11\/Asilos-Pre-Guilherme-Sircili-01-scaled.jpg?fit=1170%2C780&ssl=1&resize=1050%2C600 3x"},"classes":[]},{"id":83775,"url":"https:\/\/noticiasribeiraopreto.com.br\/index.php\/2026\/03\/25\/casa-de-repouso-e-interditada-na-zona-oeste-de-ribeirao-preto\/","url_meta":{"origin":79535,"position":1},"title":"Casa de repouso \u00e9 interditada na zona Oeste de Ribeir\u00e3o Preto","author":"noticiasribeiraopreto.com.br","date":"25 de March de 2026","format":false,"excerpt":"A Prefeitura de Ribeir\u00e3o Preto interditou uma casa de repouso no bairroMonte Alegre, na zona Oeste, na tarde desta quarta-feira (25). A suspeita \u00e9 que o estabelecimento atue de forma clandestina.\u00a0 No local, foram encontrados 12 idosos, sendo que um deles precisou ser levado para um hospital particular, segundo apura\u00e7\u00e3o\u2026","rel":"","context":"In &quot;Not\u00edcias de Ribeir\u00e3o Preto-SP e Regi\u00e3o&quot;","block_context":{"text":"Not\u00edcias de Ribeir\u00e3o Preto-SP e Regi\u00e3o","link":"https:\/\/noticiasribeiraopreto.com.br\/index.php\/category\/noticias-de-ribeirao-preto-sp-e-regiao-ismael-colosi\/"},"img":{"alt_text":"","src":"https:\/\/i0.wp.com\/noticiasribeiraopreto.com.br\/wp-content\/uploads\/2026\/03\/casa-de-repouso-interdicao_2026-03-25_21-31-29.webp.webp?fit=1200%2C674&ssl=1&resize=350%2C200","width":350,"height":200,"srcset":"https:\/\/i0.wp.com\/noticiasribeiraopreto.com.br\/wp-content\/uploads\/2026\/03\/casa-de-repouso-interdicao_2026-03-25_21-31-29.webp.webp?fit=1200%2C674&ssl=1&resize=350%2C200 1x, https:\/\/i0.wp.com\/noticiasribeiraopreto.com.br\/wp-content\/uploads\/2026\/03\/casa-de-repouso-interdicao_2026-03-25_21-31-29.webp.webp?fit=1200%2C674&ssl=1&resize=525%2C300 1.5x, https:\/\/i0.wp.com\/noticiasribeiraopreto.com.br\/wp-content\/uploads\/2026\/03\/casa-de-repouso-interdicao_2026-03-25_21-31-29.webp.webp?fit=1200%2C674&ssl=1&resize=700%2C400 2x, https:\/\/i0.wp.com\/noticiasribeiraopreto.com.br\/wp-content\/uploads\/2026\/03\/casa-de-repouso-interdicao_2026-03-25_21-31-29.webp.webp?fit=1200%2C674&ssl=1&resize=1050%2C600 3x"},"classes":[]},{"id":79520,"url":"https:\/\/noticiasribeiraopreto.com.br\/index.php\/2025\/11\/03\/dona-de-casa-de-repouso-e-presa-por-maus-tratos-a-idosos-em-ribeirao-preto\/","url_meta":{"origin":79535,"position":2},"title":"Dona de casa de repouso \u00e9 presa por maus-tratos a idosos em Ribeir\u00e3o Preto","author":"noticiasribeiraopreto.com.br","date":"3 de November de 2025","format":false,"excerpt":"Uma mulher de 40 anos foi presa neste domingo (2), depois que a pol\u00edcia encontrou sete idosos em condi\u00e7\u00f5es insalubres em uma casa, no Parque Ribeir\u00e3o, zona Oeste de Ribeir\u00e3o Preto. Os idosos foram resgatados. Segundo o boletim de ocorr\u00eancia (BO), Eva Maria Lima disse ser auxiliar de enfermagem, e\u2026","rel":"","context":"In &quot;Not\u00edcias de Ribeir\u00e3o Preto-SP e Regi\u00e3o&quot;","block_context":{"text":"Not\u00edcias de Ribeir\u00e3o Preto-SP e Regi\u00e3o","link":"https:\/\/noticiasribeiraopreto.com.br\/index.php\/category\/noticias-de-ribeirao-preto-sp-e-regiao-ismael-colosi\/"},"img":{"alt_text":"","src":"https:\/\/i0.wp.com\/noticiasribeiraopreto.com.br\/wp-content\/uploads\/2025\/11\/WhatsApp-Image-2025-11-03-at-09.55.17_2025-11-03_13-04-56.webp.webp?fit=1200%2C675&ssl=1&resize=350%2C200","width":350,"height":200,"srcset":"https:\/\/i0.wp.com\/noticiasribeiraopreto.com.br\/wp-content\/uploads\/2025\/11\/WhatsApp-Image-2025-11-03-at-09.55.17_2025-11-03_13-04-56.webp.webp?fit=1200%2C675&ssl=1&resize=350%2C200 1x, https:\/\/i0.wp.com\/noticiasribeiraopreto.com.br\/wp-content\/uploads\/2025\/11\/WhatsApp-Image-2025-11-03-at-09.55.17_2025-11-03_13-04-56.webp.webp?fit=1200%2C675&ssl=1&resize=525%2C300 1.5x, https:\/\/i0.wp.com\/noticiasribeiraopreto.com.br\/wp-content\/uploads\/2025\/11\/WhatsApp-Image-2025-11-03-at-09.55.17_2025-11-03_13-04-56.webp.webp?fit=1200%2C675&ssl=1&resize=700%2C400 2x, https:\/\/i0.wp.com\/noticiasribeiraopreto.com.br\/wp-content\/uploads\/2025\/11\/WhatsApp-Image-2025-11-03-at-09.55.17_2025-11-03_13-04-56.webp.webp?fit=1200%2C675&ssl=1&resize=1050%2C600 3x"},"classes":[]},{"id":79541,"url":"https:\/\/noticiasribeiraopreto.com.br\/index.php\/2025\/11\/03\/trinta-e-seis-idosos-sao-resgatados-em-casas-de-repouso-em-ribeirao\/","url_meta":{"origin":79535,"position":3},"title":"Trinta e seis idosos s\u00e3o resgatados em casas de repouso em Ribeir\u00e3o","author":"noticiasribeiraopreto.com.br","date":"3 de November de 2025","format":false,"excerpt":"3 de novembro de 2025 17:593 Compartilhar0 Em dois locais, nos bairros Alto da Boa Vista e Centro, foram mais de 29 idosos encontrados na manh\u00e3 desta segunda-feira (3) pelas equipes da prefeitura e sete idosos foram retirados de um im\u00f3vel no domingo (2) no Parque Ribeir\u00e3o Trinta e seis\u2026","rel":"","context":"In &quot;Not\u00edcias de Ribeir\u00e3o Preto-SP e Regi\u00e3o&quot;","block_context":{"text":"Not\u00edcias de Ribeir\u00e3o Preto-SP e Regi\u00e3o","link":"https:\/\/noticiasribeiraopreto.com.br\/index.php\/category\/noticias-de-ribeirao-preto-sp-e-regiao-ismael-colosi\/"},"img":{"alt_text":"","src":"https:\/\/i0.wp.com\/noticiasribeiraopreto.com.br\/wp-content\/uploads\/2025\/11\/WhatsApp-Image-2025-11-03-at-16.22.29-scaled.jpeg?fit=1170%2C780&ssl=1&resize=350%2C200","width":350,"height":200,"srcset":"https:\/\/i0.wp.com\/noticiasribeiraopreto.com.br\/wp-content\/uploads\/2025\/11\/WhatsApp-Image-2025-11-03-at-16.22.29-scaled.jpeg?fit=1170%2C780&ssl=1&resize=350%2C200 1x, https:\/\/i0.wp.com\/noticiasribeiraopreto.com.br\/wp-content\/uploads\/2025\/11\/WhatsApp-Image-2025-11-03-at-16.22.29-scaled.jpeg?fit=1170%2C780&ssl=1&resize=525%2C300 1.5x, https:\/\/i0.wp.com\/noticiasribeiraopreto.com.br\/wp-content\/uploads\/2025\/11\/WhatsApp-Image-2025-11-03-at-16.22.29-scaled.jpeg?fit=1170%2C780&ssl=1&resize=700%2C400 2x, https:\/\/i0.wp.com\/noticiasribeiraopreto.com.br\/wp-content\/uploads\/2025\/11\/WhatsApp-Image-2025-11-03-at-16.22.29-scaled.jpeg?fit=1170%2C780&ssl=1&resize=1050%2C600 3x"},"classes":[]},{"id":66721,"url":"https:\/\/noticiasribeiraopreto.com.br\/index.php\/2025\/04\/04\/ministerio-publico-interdita-tres-casas-de-repouso-em-ribeirao-preto\/","url_meta":{"origin":79535,"position":4},"title":"Minist\u00e9rio P\u00fablico interdita tr\u00eas casas de repouso em Ribeir\u00e3o Preto","author":"noticiasribeiraopreto.com.br","date":"4 de April de 2025","format":false,"excerpt":"Tr\u00eas casas de repouso foram interditadas, em Ribeir\u00e3o Preto, durante uma investiga\u00e7\u00e3o realizada pelo Minist\u00e9rio P\u00fablico, com apoio da Vigil\u00e2ncia Sanit\u00e1ria, secretarias de Assist\u00eancia Social e Sa\u00fade, al\u00e9m da Pol\u00edcia Civil. Cerca de 50 idosos estavam sendo mantidos em condi\u00e7\u00f5es de maus-tratos, nas casas localizadas nos bairros Alto da Boa\u2026","rel":"","context":"In &quot;Not\u00edcias de Ribeir\u00e3o Preto-SP e Regi\u00e3o&quot;","block_context":{"text":"Not\u00edcias de Ribeir\u00e3o Preto-SP e Regi\u00e3o","link":"https:\/\/noticiasribeiraopreto.com.br\/index.php\/category\/noticias-de-ribeirao-preto-sp-e-regiao-ismael-colosi\/"},"img":{"alt_text":"","src":"https:\/\/i0.wp.com\/noticiasribeiraopreto.com.br\/wp-content\/uploads\/2025\/04\/Copia-de-Copia-de-Copia-de-TAMANHO-EXATO-PARA-FOTOS-NO-SISTEMA-NOVO-2025-04-04T152751.593_2025-04-04_18-28-17_png_2025-04-04_18-28-17.webp.webp?fit=1200%2C675&ssl=1&resize=350%2C200","width":350,"height":200,"srcset":"https:\/\/i0.wp.com\/noticiasribeiraopreto.com.br\/wp-content\/uploads\/2025\/04\/Copia-de-Copia-de-Copia-de-TAMANHO-EXATO-PARA-FOTOS-NO-SISTEMA-NOVO-2025-04-04T152751.593_2025-04-04_18-28-17_png_2025-04-04_18-28-17.webp.webp?fit=1200%2C675&ssl=1&resize=350%2C200 1x, https:\/\/i0.wp.com\/noticiasribeiraopreto.com.br\/wp-content\/uploads\/2025\/04\/Copia-de-Copia-de-Copia-de-TAMANHO-EXATO-PARA-FOTOS-NO-SISTEMA-NOVO-2025-04-04T152751.593_2025-04-04_18-28-17_png_2025-04-04_18-28-17.webp.webp?fit=1200%2C675&ssl=1&resize=525%2C300 1.5x, https:\/\/i0.wp.com\/noticiasribeiraopreto.com.br\/wp-content\/uploads\/2025\/04\/Copia-de-Copia-de-Copia-de-TAMANHO-EXATO-PARA-FOTOS-NO-SISTEMA-NOVO-2025-04-04T152751.593_2025-04-04_18-28-17_png_2025-04-04_18-28-17.webp.webp?fit=1200%2C675&ssl=1&resize=700%2C400 2x, https:\/\/i0.wp.com\/noticiasribeiraopreto.com.br\/wp-content\/uploads\/2025\/04\/Copia-de-Copia-de-Copia-de-TAMANHO-EXATO-PARA-FOTOS-NO-SISTEMA-NOVO-2025-04-04T152751.593_2025-04-04_18-28-17_png_2025-04-04_18-28-17.webp.webp?fit=1200%2C675&ssl=1&resize=1050%2C600 3x"},"classes":[]},{"id":84159,"url":"https:\/\/noticiasribeiraopreto.com.br\/index.php\/2026\/04\/03\/denuncias-sobre-asilos-levam-secretario-a-camara\/","url_meta":{"origin":79535,"position":5},"title":"Den\u00fancias sobre asilos levam secret\u00e1rio \u00e0 C\u00e2mara","author":"noticiasribeiraopreto.com.br","date":"3 de April de 2026","format":false,"excerpt":"Vereadores v\u00e3o ouvir secret\u00e1rio da Sa\u00fade e Assist\u00eancia Social ap\u00f3s casos de maus-tratos a idosos e den\u00fancia do Minist\u00e9rio P\u00fablico sobre omiss\u00e3o da prefeitura de Ribeir\u00e3o Preto A Comiss\u00e3o Permanente dos Direitos dos Idosos da C\u00e2mara Municipal decidiu convocar o secret\u00e1rio municipal de Sa\u00fade e de Assist\u00eancia Social, Maur\u00edcio Godinho,\u2026","rel":"","context":"In &quot;Not\u00edcias de Ribeir\u00e3o Preto-SP e Regi\u00e3o&quot;","block_context":{"text":"Not\u00edcias de Ribeir\u00e3o Preto-SP e Regi\u00e3o","link":"https:\/\/noticiasribeiraopreto.com.br\/index.php\/category\/noticias-de-ribeirao-preto-sp-e-regiao-ismael-colosi\/"},"img":{"alt_text":"","src":"https:\/\/i0.wp.com\/noticiasribeiraopreto.com.br\/wp-content\/uploads\/2026\/04\/Asilo-Mon-Fernando-Gonzaga.jpg?fit=960%2C640&ssl=1&resize=350%2C200","width":350,"height":200,"srcset":"https:\/\/i0.wp.com\/noticiasribeiraopreto.com.br\/wp-content\/uploads\/2026\/04\/Asilo-Mon-Fernando-Gonzaga.jpg?fit=960%2C640&ssl=1&resize=350%2C200 1x, https:\/\/i0.wp.com\/noticiasribeiraopreto.com.br\/wp-content\/uploads\/2026\/04\/Asilo-Mon-Fernando-Gonzaga.jpg?fit=960%2C640&ssl=1&resize=525%2C300 1.5x, https:\/\/i0.wp.com\/noticiasribeiraopreto.com.br\/wp-content\/uploads\/2026\/04\/Asilo-Mon-Fernando-Gonzaga.jpg?fit=960%2C640&ssl=1&resize=700%2C400 2x"},"classes":[]}],"jetpack_sharing_enabled":true,"jetpack_shortlink":"https:\/\/wp.me\/peQAOb-kGP","_links":{"self":[{"href":"https:\/\/noticiasribeiraopreto.com.br\/index.php\/wp-json\/wp\/v2\/posts\/79535","targetHints":{"allow":["GET"]}}],"collection":[{"href":"https:\/\/noticiasribeiraopreto.com.br\/index.php\/wp-json\/wp\/v2\/posts"}],"about":[{"href":"https:\/\/noticiasribeiraopreto.com.br\/index.php\/wp-json\/wp\/v2\/types\/post"}],"author":[{"embeddable":true,"href":"https:\/\/noticiasribeiraopreto.com.br\/index.php\/wp-json\/wp\/v2\/users\/1"}],"replies":[{"embeddable":true,"href":"https:\/\/noticiasribeiraopreto.com.br\/index.php\/wp-json\/wp\/v2\/comments?post=79535"}],"version-history":[{"count":0,"href":"https:\/\/noticiasribeiraopreto.com.br\/index.php\/wp-json\/wp\/v2\/posts\/79535\/revisions"}],"wp:featuredmedia":[{"embeddable":true,"href":"https:\/\/noticiasribeiraopreto.com.br\/index.php\/wp-json\/wp\/v2\/media\/79536"}],"wp:attachment":[{"href":"https:\/\/noticiasribeiraopreto.com.br\/index.php\/wp-json\/wp\/v2\/media?parent=79535"}],"wp:term":[{"taxonomy":"category","embeddable":true,"href":"https:\/\/noticiasribeiraopreto.com.br\/index.php\/wp-json\/wp\/v2\/categories?post=79535"},{"taxonomy":"post_tag","embeddable":true,"href":"https:\/\/noticiasribeiraopreto.com.br\/index.php\/wp-json\/wp\/v2\/tags?post=79535"}],"curies":[{"name":"wp","href":"https:\/\/api.w.org\/{rel}","templated":true}]}}