{"id":79543,"date":"2025-11-03T19:18:12","date_gmt":"2025-11-03T22:18:12","guid":{"rendered":"https:\/\/noticiasribeiraopreto.com.br\/index.php\/2025\/11\/03\/nova-frente-fria-traz-chuva-ainda-mais-intensa-para-sp-saiba-quando\/"},"modified":"2025-11-03T19:18:12","modified_gmt":"2025-11-03T22:18:12","slug":"nova-frente-fria-traz-chuva-ainda-mais-intensa-para-sp-saiba-quando","status":"publish","type":"post","link":"https:\/\/noticiasribeiraopreto.com.br\/index.php\/2025\/11\/03\/nova-frente-fria-traz-chuva-ainda-mais-intensa-para-sp-saiba-quando\/","title":{"rendered":"Nova frente fria traz chuva ainda mais intensa para SP; Saiba quando"},"content":{"rendered":"<div class='code-block code-block-1' style='margin: 8px 0 8px auto; text-align: right; display: block; clear: both;'>\n<p><a href=\"https:\/\/wa.link\/vpicfd\"><img data-recalc-dims=\"1\" class=\"wp-image-4922\" style=\"aspect-ratio: 2.0253164556962027; width: 561px; height: auto;\" src=\"https:\/\/i0.wp.com\/ismaelcolosi.com.br\/wp-content\/uploads\/2023\/11\/grupo-de-empregos-whatsapp-e-facebook-ismael-colosi-vagas.jpg?ssl=1\" alt=\"\" \/><\/a><\/p>\n<!-- \/wp:image -->\n<\/div>\n<p> <br \/>\n<\/p>\n<div>\n<p>Ap\u00f3s um fim de semana de <strong>chuva intensa<\/strong> e <strong>diversos transtornos<\/strong>, a <strong>Defesa Civil de S\u00e3o Paulo<\/strong> emitiu um <strong>novo alerta para a chegada de uma frente fria ainda mais forte<\/strong>, com risco de temporais em v\u00e1rias regi\u00f5es do Estado nesta semana. <\/p>\n<p>De acordo com \u00f3rg\u00e3o, ao longo desta semana, <mark style=\"background-color:#fcb900\" class=\"has-inline-color\">o avan\u00e7o de frentes frias e a intensifica\u00e7\u00e3o do corredor de umidade da Amaz\u00f4nia devem manter o tempo inst\u00e1vel em todo o territ\u00f3rio paulista<\/mark>.<\/p>\n<figure class=\"wp-block-pullquote\">\n<blockquote>\n<p>H\u00e1 previs\u00e3o de pancadas de chuva isoladas, com intensidade moderada a forte, acompanhadas por raios e rajadas de vento um durante todos os dias da semana<\/p>\n<p><cite>Defesa Civil<\/cite><\/p><\/blockquote>\n<\/figure>\n<div class=\"wp-block-image\">\n<figure class=\"aligncenter size-large is-resized\"><img data-recalc-dims=\"1\" fetchpriority=\"high\" decoding=\"async\" width=\"1024\" height=\"461\" src=\"https:\/\/i0.wp.com\/cdn.media-acidadeon.com.br\/ribeiraopreto\/wp-content\/uploads\/sites\/3\/2025\/06\/WhatsApp-Image-2025-06-23-at-13.53.17_2025-06-23_17-03-34-1024x461.webp?resize=1024%2C461&#038;ssl=1\" alt=\"Defesa Civil alerta para retorno das chuvas - Foto: Ricardo Canaveze.\" class=\"wp-image-120619\" style=\"width:654px\" title=\"Nova frente fria traz chuva ainda mais intensa para SP; Saiba quando 1\" srcset=\"https:\/\/cdn.media-acidadeon.com.br\/ribeiraopreto\/wp-content\/uploads\/sites\/3\/2025\/06\/WhatsApp-Image-2025-06-23-at-13.53.17_2025-06-23_17-03-34-1024x461.webp 1024w, https:\/\/cdn.media-acidadeon.com.br\/ribeiraopreto\/wp-content\/uploads\/sites\/3\/2025\/06\/WhatsApp-Image-2025-06-23-at-13.53.17_2025-06-23_17-03-34-300x135.webp 300w, https:\/\/cdn.media-acidadeon.com.br\/ribeiraopreto\/wp-content\/uploads\/sites\/3\/2025\/06\/WhatsApp-Image-2025-06-23-at-13.53.17_2025-06-23_17-03-34-768x346.webp 768w, https:\/\/cdn.media-acidadeon.com.br\/ribeiraopreto\/wp-content\/uploads\/sites\/3\/2025\/06\/WhatsApp-Image-2025-06-23-at-13.53.17_2025-06-23_17-03-34-696x313.webp 696w, https:\/\/cdn.media-acidadeon.com.br\/ribeiraopreto\/wp-content\/uploads\/sites\/3\/2025\/06\/WhatsApp-Image-2025-06-23-at-13.53.17_2025-06-23_17-03-34-1068x481.webp 1068w, https:\/\/cdn.media-acidadeon.com.br\/ribeiraopreto\/wp-content\/uploads\/sites\/3\/2025\/06\/WhatsApp-Image-2025-06-23-at-13.53.17_2025-06-23_17-03-34.webp 1200w\" sizes=\"(max-width: 1024px) 100vw, 1024px\"\/><figcaption class=\"wp-element-caption\">Defesa Civil alerta para retorno das chuvas \u2013 Foto: Ricardo Canaveze.<\/figcaption><\/figure>\n<\/div>\n<h2 class=\"wp-block-heading\"><strong>Risco elevado<\/strong><\/h2>\n<p>Conforme explica\u00e7\u00e3o da <strong>Defesa Civil<\/strong>, o solo encharcado pelas chuvas anteriores <strong>eleva o risco de alagamentos<\/strong>, <strong>deslizamentos <\/strong>e <strong>quedas de \u00e1rvores<\/strong>, especialmente em \u00e1reas urbanas e de relevo acentuado.<\/p>\n<p>Entre <strong>sexta-feira (7) e s\u00e1bado (8),<\/strong> <mark style=\"background-color:#fcb900\" class=\"has-inline-color\">uma nova frente fria, mais intensa<\/mark>, poder\u00e1 provocar temporais generalizados, com acumulados muito altos em um per\u00edodo de apenas 24 horas em pontos isolados das <strong>regi\u00f5es centro, oeste e sul <\/strong>do Estado.<\/p>\n<figure class=\"wp-block-pullquote\">\n<blockquote>\n<p>Tamb\u00e9m h\u00e1 possibilidade de rajadas de vento com forte intensidade, aumentando o risco de destelhamentos, interrup\u00e7\u00f5es no fornecimento de energia e transtornos significativos em \u00e1reas vulner\u00e1veis<\/p>\n<p><cite>Defesa Civil<\/cite><\/p><\/blockquote>\n<\/figure>\n<p>J\u00e1 no <strong>domingo (9)<\/strong>, o sistema frontal se afasta, e o tempo volta a ficar mais est\u00e1vel. Contudo, ainda h\u00e1 previs\u00e3o de chuva fraca e isolada na faixa leste, que inclui o Litoral, o Vale do Para\u00edba e a Regi\u00e3o Metropolitana de S\u00e3o Paulo.<\/p>\n<p>As temperaturas devem permanecer dentro da m\u00e9dia para o per\u00edodo, com sensa\u00e7\u00e3o t\u00e9rmica amena nas manh\u00e3s e noites, e ligeiramente elevada \u00e0 tarde no interior de S\u00e3o Paulo.<\/p>\n<div class=\"wp-block-image\">\n<figure class=\"aligncenter size-large is-resized\"><img data-recalc-dims=\"1\" loading=\"lazy\" decoding=\"async\" width=\"1024\" height=\"743\" src=\"https:\/\/i0.wp.com\/cdn.media-acidadeon.com.br\/ribeiraopreto\/wp-content\/uploads\/sites\/3\/2025\/02\/calor_chuva_sp_24_2025-02-20_20-46-45_jpg_2025-02-20_20-46-45-1024x743.webp?resize=1024%2C743&#038;ssl=1\" alt=\"Frente fria deve provocar chuva intensa em SP - Foto: Foto: Paulo Pinto\/ Ag\u00eancia Brasil. \" class=\"wp-image-108555\" style=\"width:654px\" title=\"Nova frente fria traz chuva ainda mais intensa para SP; Saiba quando 2\" srcset=\"https:\/\/cdn.media-acidadeon.com.br\/ribeiraopreto\/wp-content\/uploads\/sites\/3\/2025\/02\/calor_chuva_sp_24_2025-02-20_20-46-45_jpg_2025-02-20_20-46-45-1024x743.webp 1024w, https:\/\/cdn.media-acidadeon.com.br\/ribeiraopreto\/wp-content\/uploads\/sites\/3\/2025\/02\/calor_chuva_sp_24_2025-02-20_20-46-45_jpg_2025-02-20_20-46-45-300x218.webp 300w, https:\/\/cdn.media-acidadeon.com.br\/ribeiraopreto\/wp-content\/uploads\/sites\/3\/2025\/02\/calor_chuva_sp_24_2025-02-20_20-46-45_jpg_2025-02-20_20-46-45-768x557.webp 768w, https:\/\/cdn.media-acidadeon.com.br\/ribeiraopreto\/wp-content\/uploads\/sites\/3\/2025\/02\/calor_chuva_sp_24_2025-02-20_20-46-45_jpg_2025-02-20_20-46-45-1536x1115.webp 1536w, https:\/\/cdn.media-acidadeon.com.br\/ribeiraopreto\/wp-content\/uploads\/sites\/3\/2025\/02\/calor_chuva_sp_24_2025-02-20_20-46-45_jpg_2025-02-20_20-46-45-2048x1486.webp 2048w, https:\/\/cdn.media-acidadeon.com.br\/ribeiraopreto\/wp-content\/uploads\/sites\/3\/2025\/02\/calor_chuva_sp_24_2025-02-20_20-46-45_jpg_2025-02-20_20-46-45-696x505.webp 696w, https:\/\/cdn.media-acidadeon.com.br\/ribeiraopreto\/wp-content\/uploads\/sites\/3\/2025\/02\/calor_chuva_sp_24_2025-02-20_20-46-45_jpg_2025-02-20_20-46-45-1068x775.webp 1068w, https:\/\/cdn.media-acidadeon.com.br\/ribeiraopreto\/wp-content\/uploads\/sites\/3\/2025\/02\/calor_chuva_sp_24_2025-02-20_20-46-45_jpg_2025-02-20_20-46-45-1920x1394.webp 1920w\" sizes=\"auto, (max-width: 1024px) 100vw, 1024px\"\/><figcaption class=\"wp-element-caption\">Frente fria deve provocar chuva intensa em SP \u2013 Foto: Foto: Paulo Pinto\/ Ag\u00eancia Brasil. <\/figcaption><\/figure>\n<\/div>\n<h2 class=\"wp-block-heading\"><strong>Orienta\u00e7\u00f5es<\/strong><\/h2>\n<p>Por conta do cen\u00e1rio de alerta, a Defesa Civil orienta a popula\u00e7\u00e3o a redobrar a aten\u00e7\u00e3o, especialmente entre os dias 7 e 8, e a evitar \u00e1reas alagadas ou de risco de deslizamento.<\/p>\n<p>Em caso de emerg\u00eancia, acione a Defesa Civil pelo n\u00famero 199 ou o Corpo de Bombeiros pelo 193.<\/p>\n<div class=\"wp-block-image\">\n<figure class=\"aligncenter size-full is-resized\"><img decoding=\"async\" src=\"https:\/\/www.acidadeon.com\/ribeiraopreto\/wp-content\/uploads\/sites\/3\/2023\/08\/whatsapp_image_2022-08-08_at_07_42_08.jpe\" alt=\"Frente fria chega ao estado de SP nesta semana - Foto: Thayn\u00e1 Cunha\/ arquivo acidade on\" class=\"wp-image-30940\" style=\"width:654px\" title=\"Nova frente fria traz chuva ainda mais intensa para SP; Saiba quando 3\"\/><figcaption class=\"wp-element-caption\">Frente fria chega ao estado de SP nesta semana \u2013 Foto: Thayn\u00e1 Cunha\/ arquivo acidade on<\/figcaption><\/figure>\n<\/div>\n<hr class=\"wp-block-separator has-alpha-channel-opacity\"\/>\n<p>SAIBA MAIS<\/p>\n<p>Concurso p\u00fablico da Artesp tem 142 vagas e sal\u00e1rios de at\u00e9 R$ 12 mil<\/p>\n<h2 class=\"wp-block-heading\"><strong>FIQUE ON<\/strong><\/h2>\n<p>Fique ligado em tudo que acontece em Ribeir\u00e3o Preto e regi\u00e3o. Siga os perfis do\u00a0<strong>acidade on<\/strong>\u00a0no<a href=\"https:\/\/www.instagram.com\/acidadeonribeirao\" target=\"_blank\" rel=\"noreferrer noopener\">\u00a0Instagram<\/a>\u00a0e no<a href=\"https:\/\/www.facebook.com\/acidadeonribeirao\/\" target=\"_blank\" rel=\"noreferrer noopener\">\u00a0Facebook<\/a>.<\/p>\n<p>Receba not\u00edcias do\u00a0<strong>acidade on<\/strong>\u00a0no WhatsApp. Para entrar no grupo,\u00a0basta\u00a0<a href=\"https:\/\/chat.whatsapp.com\/I4nieTEMKlf50pJ28aMemC?mode=ac_t\" target=\"_blank\" rel=\"noreferrer noopener\">clicar aqui<\/a>. Ou, acesse o nosso\u00a0Canal<a href=\"https:\/\/whatsapp.com\/channel\/0029Vb6IQl1JENyAeS57fk2p\" target=\"_blank\" rel=\"noreferrer noopener\">\u00a0clicando aqui<\/a>.<\/p>\n<p>Fa\u00e7a uma den\u00fancia ou sugira uma reportagem sobre Ribeir\u00e3o Preto e regi\u00e3o pelo WhatsApp: 16 99117 7802.<\/p>\n<p>VEJA TAMB\u00c9M<\/p>\n<p>Quais s\u00e3o os jogos mensais de novembro do PS Plus?<\/p>\n<p><!-- AI CONTENT END 1 -->\n<\/div>\n<p><script async src=\"\/\/www.instagram.com\/embed.js\"><\/script><br \/>\n<br \/><br \/>\n<br \/><a href=\"https:\/\/www.acidadeon.com\/ribeiraopreto\/cotidiano\/nova-frente-fria-traz-chuva-ainda-mais-intensa-para-sp-saiba-quando\/\">Source link <\/a><\/p>\n<!-- CONTENT END 1 -->\n","protected":false},"excerpt":{"rendered":"<p>Ap\u00f3s um fim de semana de chuva intensa e diversos transtornos, a Defesa Civil de S\u00e3o Paulo emitiu um novo alerta para a chegada de&#8230;<\/p>\n","protected":false},"author":1,"featured_media":79544,"comment_status":"open","ping_status":"open","sticky":false,"template":"","format":"standard","meta":{"advanced_seo_description":"","jetpack_seo_html_title":"","jetpack_seo_noindex":false,"jetpack_post_was_ever_published":false,"_jetpack_newsletter_access":"","_jetpack_dont_email_post_to_subs":false,"_jetpack_newsletter_tier_id":0,"_jetpack_memberships_contains_paywalled_content":false,"_jetpack_memberships_contains_paid_content":false,"footnotes":"","jetpack_publicize_message":"","jetpack_publicize_feature_enabled":true,"jetpack_social_post_already_shared":true,"jetpack_social_options":{"image_generator_settings":{"template":"highway","default_image_id":0,"font":"","enabled":false},"version":2}},"categories":[11],"tags":[],"class_list":["post-79543","post","type-post","status-publish","format-standard","has-post-thumbnail","hentry","category-noticias-de-ribeirao-preto-sp-e-regiao-ismael-colosi"],"jetpack_publicize_connections":[],"jetpack_featured_media_url":"https:\/\/i0.wp.com\/noticiasribeiraopreto.com.br\/wp-content\/uploads\/2025\/11\/Copia-de-Copia-de-Copia-de-TAMANHO-EXATO-PARA-FOTOS-NO-SISTEMA-NOVO-2025-10-09T140757.106_2025-10-09_17-08-33.webp.webp?fit=1200%2C675&ssl=1","jetpack-related-posts":[{"id":80104,"url":"https:\/\/noticiasribeiraopreto.com.br\/index.php\/2025\/11\/14\/chuva-forte-e-rajadas-intensas-de-vento-frente-fria-deve-mudar-o-tempo-em-todo-o-estado-de-sp\/","url_meta":{"origin":79543,"position":0},"title":"Chuva forte e rajadas intensas de vento: frente fria deve mudar o tempo em todo o estado de SP","author":"noticiasribeiraopreto.com.br","date":"14 de November de 2025","format":false,"excerpt":"Uma nova frente fria deve avan\u00e7ar pelo Brasil neste fim de semana e mudar o tempo em v\u00e1rias regi\u00f5es. O encontro da massa de ar frio com o ar quente e inst\u00e1vel aumenta o risco de tempestades severas, chuva intensa e rajadas de vento. De acordo com a Climatempo, no\u2026","rel":"","context":"In &quot;Not\u00edcias de Ribeir\u00e3o Preto-SP e Regi\u00e3o&quot;","block_context":{"text":"Not\u00edcias de Ribeir\u00e3o Preto-SP e Regi\u00e3o","link":"https:\/\/noticiasribeiraopreto.com.br\/index.php\/category\/noticias-de-ribeirao-preto-sp-e-regiao-ismael-colosi\/"},"img":{"alt_text":"","src":"https:\/\/i0.wp.com\/noticiasribeiraopreto.com.br\/wp-content\/uploads\/2025\/11\/anhangabau_chuva_03_0.webp.webp?fit=1170%2C700&ssl=1&resize=350%2C200","width":350,"height":200,"srcset":"https:\/\/i0.wp.com\/noticiasribeiraopreto.com.br\/wp-content\/uploads\/2025\/11\/anhangabau_chuva_03_0.webp.webp?fit=1170%2C700&ssl=1&resize=350%2C200 1x, https:\/\/i0.wp.com\/noticiasribeiraopreto.com.br\/wp-content\/uploads\/2025\/11\/anhangabau_chuva_03_0.webp.webp?fit=1170%2C700&ssl=1&resize=525%2C300 1.5x, https:\/\/i0.wp.com\/noticiasribeiraopreto.com.br\/wp-content\/uploads\/2025\/11\/anhangabau_chuva_03_0.webp.webp?fit=1170%2C700&ssl=1&resize=700%2C400 2x, https:\/\/i0.wp.com\/noticiasribeiraopreto.com.br\/wp-content\/uploads\/2025\/11\/anhangabau_chuva_03_0.webp.webp?fit=1170%2C700&ssl=1&resize=1050%2C600 3x"},"classes":[]},{"id":84874,"url":"https:\/\/noticiasribeiraopreto.com.br\/index.php\/2026\/04\/17\/frente-fria-muda-o-tempo-no-estado-de-sp-veja-a-previsao-no-fim-de-semana\/","url_meta":{"origin":79543,"position":1},"title":"Frente fria muda o tempo no estado de SP; Veja a previs\u00e3o no fim de semana","author":"noticiasribeiraopreto.com.br","date":"17 de April de 2026","format":false,"excerpt":"Ler o resumo da not\u00edcia \r Frente fria se aproxima da costa do Sudeste e deve provocar chuvas em S\u00e3o Paulo no fim de semana, segundo a Meteored.\r Na sexta\u2011feira (17) o tempo permanece ensolarado, dominado por massa de ar quente e seca.\r No s\u00e1bado (18) a frente gera instabilidades\u2026","rel":"","context":"In &quot;Not\u00edcias de Ribeir\u00e3o Preto-SP e Regi\u00e3o&quot;","block_context":{"text":"Not\u00edcias de Ribeir\u00e3o Preto-SP e Regi\u00e3o","link":"https:\/\/noticiasribeiraopreto.com.br\/index.php\/category\/noticias-de-ribeirao-preto-sp-e-regiao-ismael-colosi\/"},"img":{"alt_text":"","src":"https:\/\/i0.wp.com\/noticiasribeiraopreto.com.br\/wp-content\/uploads\/2026\/04\/WhatsApp-Image-2026-04-06-at-13.41.26_2026-04-06_16-44-17.webp.webp?fit=1200%2C543&ssl=1&resize=350%2C200","width":350,"height":200,"srcset":"https:\/\/i0.wp.com\/noticiasribeiraopreto.com.br\/wp-content\/uploads\/2026\/04\/WhatsApp-Image-2026-04-06-at-13.41.26_2026-04-06_16-44-17.webp.webp?fit=1200%2C543&ssl=1&resize=350%2C200 1x, https:\/\/i0.wp.com\/noticiasribeiraopreto.com.br\/wp-content\/uploads\/2026\/04\/WhatsApp-Image-2026-04-06-at-13.41.26_2026-04-06_16-44-17.webp.webp?fit=1200%2C543&ssl=1&resize=525%2C300 1.5x, https:\/\/i0.wp.com\/noticiasribeiraopreto.com.br\/wp-content\/uploads\/2026\/04\/WhatsApp-Image-2026-04-06-at-13.41.26_2026-04-06_16-44-17.webp.webp?fit=1200%2C543&ssl=1&resize=700%2C400 2x, https:\/\/i0.wp.com\/noticiasribeiraopreto.com.br\/wp-content\/uploads\/2026\/04\/WhatsApp-Image-2026-04-06-at-13.41.26_2026-04-06_16-44-17.webp.webp?fit=1200%2C543&ssl=1&resize=1050%2C600 3x"},"classes":[]},{"id":78490,"url":"https:\/\/noticiasribeiraopreto.com.br\/index.php\/2025\/10\/11\/defesa-civil-emite-alerta-para-nova-frente-fria-no-estado-de-sp-veja-quando\/","url_meta":{"origin":79543,"position":2},"title":"Defesa Civil emite alerta para nova frente fria no estado de SP; Veja quando","author":"noticiasribeiraopreto.com.br","date":"11 de October de 2025","format":false,"excerpt":"A Defesa Civil emitiu neste s\u00e1bado (11) um alerta para a chegada de uma nova frente fria, que dever\u00e1 provocar chuvas de moderada a forte intensidade mais generalizadas, no in\u00edcio da pr\u00f3xima semana, em \u00e1reas do estado de S\u00e3o Paulo. Segundo o \u00f3rg\u00e3o, entre domingo (12) e segunda-feira (13), a\u2026","rel":"","context":"In &quot;Not\u00edcias de Ribeir\u00e3o Preto-SP e Regi\u00e3o&quot;","block_context":{"text":"Not\u00edcias de Ribeir\u00e3o Preto-SP e Regi\u00e3o","link":"https:\/\/noticiasribeiraopreto.com.br\/index.php\/category\/noticias-de-ribeirao-preto-sp-e-regiao-ismael-colosi\/"},"img":{"alt_text":"","src":"https:\/\/i0.wp.com\/noticiasribeiraopreto.com.br\/wp-content\/uploads\/2025\/09\/chuva_sexta_08_2024-12-30_19-10-10_jpg_2024-12-30_19-10-11-1024x683.webp.webp?fit=1024%2C683&ssl=1&resize=350%2C200","width":350,"height":200,"srcset":"https:\/\/i0.wp.com\/noticiasribeiraopreto.com.br\/wp-content\/uploads\/2025\/09\/chuva_sexta_08_2024-12-30_19-10-10_jpg_2024-12-30_19-10-11-1024x683.webp.webp?fit=1024%2C683&ssl=1&resize=350%2C200 1x, https:\/\/i0.wp.com\/noticiasribeiraopreto.com.br\/wp-content\/uploads\/2025\/09\/chuva_sexta_08_2024-12-30_19-10-10_jpg_2024-12-30_19-10-11-1024x683.webp.webp?fit=1024%2C683&ssl=1&resize=525%2C300 1.5x, https:\/\/i0.wp.com\/noticiasribeiraopreto.com.br\/wp-content\/uploads\/2025\/09\/chuva_sexta_08_2024-12-30_19-10-10_jpg_2024-12-30_19-10-11-1024x683.webp.webp?fit=1024%2C683&ssl=1&resize=700%2C400 2x"},"classes":[]},{"id":63471,"url":"https:\/\/noticiasribeiraopreto.com.br\/index.php\/2025\/02\/14\/frente-fria-deixa-interior-sp-em-alerta-para-chuva-forte-veja-cidades\/","url_meta":{"origin":79543,"position":3},"title":"Frente fria deixa interior SP em alerta para chuva forte; Veja cidades","author":"noticiasribeiraopreto.com.br","date":"14 de February de 2025","format":false,"excerpt":"A sexta-feira (14) ser\u00e1 mais um dia de aten\u00e7\u00e3o para o risco de chuva forte em regi\u00f5es do interior de S\u00e3o Paulo. Al\u00e9m do calor, uma frente fria que vem do Sul estar\u00e1 passando em alto-mar, na costa paulista. A passagem desta frente fria deve provocar uma mudan\u00e7a na circula\u00e7\u00e3o\u2026","rel":"","context":"In &quot;Not\u00edcias de Ribeir\u00e3o Preto-SP e Regi\u00e3o&quot;","block_context":{"text":"Not\u00edcias de Ribeir\u00e3o Preto-SP e Regi\u00e3o","link":"https:\/\/noticiasribeiraopreto.com.br\/index.php\/category\/noticias-de-ribeirao-preto-sp-e-regiao-ismael-colosi\/"},"img":{"alt_text":"","src":"https:\/\/i0.wp.com\/noticiasribeiraopreto.com.br\/wp-content\/uploads\/2024\/08\/WhatsApp-Image-2024-07-13-at-19.42.17_2024-07-13_22-42-51_jpeg_2024-07-13_22-42-51.webp.webp?fit=1200%2C553&ssl=1&resize=350%2C200","width":350,"height":200,"srcset":"https:\/\/i0.wp.com\/noticiasribeiraopreto.com.br\/wp-content\/uploads\/2024\/08\/WhatsApp-Image-2024-07-13-at-19.42.17_2024-07-13_22-42-51_jpeg_2024-07-13_22-42-51.webp.webp?fit=1200%2C553&ssl=1&resize=350%2C200 1x, https:\/\/i0.wp.com\/noticiasribeiraopreto.com.br\/wp-content\/uploads\/2024\/08\/WhatsApp-Image-2024-07-13-at-19.42.17_2024-07-13_22-42-51_jpeg_2024-07-13_22-42-51.webp.webp?fit=1200%2C553&ssl=1&resize=525%2C300 1.5x, https:\/\/i0.wp.com\/noticiasribeiraopreto.com.br\/wp-content\/uploads\/2024\/08\/WhatsApp-Image-2024-07-13-at-19.42.17_2024-07-13_22-42-51_jpeg_2024-07-13_22-42-51.webp.webp?fit=1200%2C553&ssl=1&resize=700%2C400 2x, https:\/\/i0.wp.com\/noticiasribeiraopreto.com.br\/wp-content\/uploads\/2024\/08\/WhatsApp-Image-2024-07-13-at-19.42.17_2024-07-13_22-42-51_jpeg_2024-07-13_22-42-51.webp.webp?fit=1200%2C553&ssl=1&resize=1050%2C600 3x"},"classes":[]},{"id":60548,"url":"https:\/\/noticiasribeiraopreto.com.br\/index.php\/2024\/11\/17\/nova-frente-fria-deve-provocar-chuvas-intensas-no-estado-de-sp-veja-previsao\/","url_meta":{"origin":79543,"position":4},"title":"Nova frente fria deve provocar chuvas intensas no Estado de SP; Veja previs\u00e3o","author":"noticiasribeiraopreto.com.br","date":"17 de November de 2024","format":false,"excerpt":"Para o alivio de algumas pessoas, as chuvas que est\u00e3o atingindo o Sudeste do pa\u00eds devem dar uma tr\u00e9gua nos pr\u00f3ximos dias. Contudo, uma nova frente fria avan\u00e7a lentamente e deve provocar chuvas intensas no decorrer da semana \u2013 veja abaixo. Nova frente fria j\u00e1 come\u00e7ou De acordo com os\u2026","rel":"","context":"In &quot;Not\u00edcias de Ribeir\u00e3o Preto-SP e Regi\u00e3o&quot;","block_context":{"text":"Not\u00edcias de Ribeir\u00e3o Preto-SP e Regi\u00e3o","link":"https:\/\/noticiasribeiraopreto.com.br\/index.php\/category\/noticias-de-ribeirao-preto-sp-e-regiao-ismael-colosi\/"},"img":{"alt_text":"","src":"https:\/\/i0.wp.com\/noticiasribeiraopreto.com.br\/wp-content\/uploads\/2024\/11\/chuva-forte.jpg?fit=1200%2C765&ssl=1&resize=350%2C200","width":350,"height":200,"srcset":"https:\/\/i0.wp.com\/noticiasribeiraopreto.com.br\/wp-content\/uploads\/2024\/11\/chuva-forte.jpg?fit=1200%2C765&ssl=1&resize=350%2C200 1x, https:\/\/i0.wp.com\/noticiasribeiraopreto.com.br\/wp-content\/uploads\/2024\/11\/chuva-forte.jpg?fit=1200%2C765&ssl=1&resize=525%2C300 1.5x, https:\/\/i0.wp.com\/noticiasribeiraopreto.com.br\/wp-content\/uploads\/2024\/11\/chuva-forte.jpg?fit=1200%2C765&ssl=1&resize=700%2C400 2x, https:\/\/i0.wp.com\/noticiasribeiraopreto.com.br\/wp-content\/uploads\/2024\/11\/chuva-forte.jpg?fit=1200%2C765&ssl=1&resize=1050%2C600 3x"},"classes":[]},{"id":80854,"url":"https:\/\/noticiasribeiraopreto.com.br\/index.php\/2025\/12\/16\/nova-frente-fria-coloca-cidades-do-interior-de-sp-em-alerta-para-chuva-confira-a-lista\/","url_meta":{"origin":79543,"position":5},"title":"Nova frente fria coloca cidades do interior de SP em alerta para chuva; confira a lista","author":"noticiasribeiraopreto.com.br","date":"16 de December de 2025","format":false,"excerpt":"Um alerta de perigo para chuvas intensas foi emitido pelo Instituto Nacional de Meteorologia (Inmet) nesta segunda-feira (15). De acordo com a Climatempo, uma nova frente fria deve refor\u00e7ar as instabilidades nesta semana, no interior de S\u00e3o Paulo. O comunicado, identificado com a cor laranja, prev\u00ea chuva entre 30 e\u2026","rel":"","context":"In &quot;Not\u00edcias de Ribeir\u00e3o Preto-SP e Regi\u00e3o&quot;","block_context":{"text":"Not\u00edcias de Ribeir\u00e3o Preto-SP e Regi\u00e3o","link":"https:\/\/noticiasribeiraopreto.com.br\/index.php\/category\/noticias-de-ribeirao-preto-sp-e-regiao-ismael-colosi\/"},"img":{"alt_text":"","src":"https:\/\/i0.wp.com\/noticiasribeiraopreto.com.br\/wp-content\/uploads\/2025\/12\/WhatsApp-Image-2025-11-22-at-09.06.01-1_2025-11-22_12-23-00.webp.webp?fit=1200%2C900&ssl=1&resize=350%2C200","width":350,"height":200,"srcset":"https:\/\/i0.wp.com\/noticiasribeiraopreto.com.br\/wp-content\/uploads\/2025\/12\/WhatsApp-Image-2025-11-22-at-09.06.01-1_2025-11-22_12-23-00.webp.webp?fit=1200%2C900&ssl=1&resize=350%2C200 1x, https:\/\/i0.wp.com\/noticiasribeiraopreto.com.br\/wp-content\/uploads\/2025\/12\/WhatsApp-Image-2025-11-22-at-09.06.01-1_2025-11-22_12-23-00.webp.webp?fit=1200%2C900&ssl=1&resize=525%2C300 1.5x, https:\/\/i0.wp.com\/noticiasribeiraopreto.com.br\/wp-content\/uploads\/2025\/12\/WhatsApp-Image-2025-11-22-at-09.06.01-1_2025-11-22_12-23-00.webp.webp?fit=1200%2C900&ssl=1&resize=700%2C400 2x, https:\/\/i0.wp.com\/noticiasribeiraopreto.com.br\/wp-content\/uploads\/2025\/12\/WhatsApp-Image-2025-11-22-at-09.06.01-1_2025-11-22_12-23-00.webp.webp?fit=1200%2C900&ssl=1&resize=1050%2C600 3x"},"classes":[]}],"jetpack_sharing_enabled":true,"jetpack_shortlink":"https:\/\/wp.me\/peQAOb-kGX","_links":{"self":[{"href":"https:\/\/noticiasribeiraopreto.com.br\/index.php\/wp-json\/wp\/v2\/posts\/79543","targetHints":{"allow":["GET"]}}],"collection":[{"href":"https:\/\/noticiasribeiraopreto.com.br\/index.php\/wp-json\/wp\/v2\/posts"}],"about":[{"href":"https:\/\/noticiasribeiraopreto.com.br\/index.php\/wp-json\/wp\/v2\/types\/post"}],"author":[{"embeddable":true,"href":"https:\/\/noticiasribeiraopreto.com.br\/index.php\/wp-json\/wp\/v2\/users\/1"}],"replies":[{"embeddable":true,"href":"https:\/\/noticiasribeiraopreto.com.br\/index.php\/wp-json\/wp\/v2\/comments?post=79543"}],"version-history":[{"count":0,"href":"https:\/\/noticiasribeiraopreto.com.br\/index.php\/wp-json\/wp\/v2\/posts\/79543\/revisions"}],"wp:featuredmedia":[{"embeddable":true,"href":"https:\/\/noticiasribeiraopreto.com.br\/index.php\/wp-json\/wp\/v2\/media\/79544"}],"wp:attachment":[{"href":"https:\/\/noticiasribeiraopreto.com.br\/index.php\/wp-json\/wp\/v2\/media?parent=79543"}],"wp:term":[{"taxonomy":"category","embeddable":true,"href":"https:\/\/noticiasribeiraopreto.com.br\/index.php\/wp-json\/wp\/v2\/categories?post=79543"},{"taxonomy":"post_tag","embeddable":true,"href":"https:\/\/noticiasribeiraopreto.com.br\/index.php\/wp-json\/wp\/v2\/tags?post=79543"}],"curies":[{"name":"wp","href":"https:\/\/api.w.org\/{rel}","templated":true}]}}