{"id":79547,"date":"2025-11-03T19:33:32","date_gmt":"2025-11-03T22:33:32","guid":{"rendered":"https:\/\/noticiasribeiraopreto.com.br\/index.php\/2025\/11\/03\/concurso-publico-da-artesp-tem-142-vagas-e-salarios-de-ate-r-12-mil\/"},"modified":"2025-11-03T19:33:32","modified_gmt":"2025-11-03T22:33:32","slug":"concurso-publico-da-artesp-tem-142-vagas-e-salarios-de-ate-r-12-mil","status":"publish","type":"post","link":"https:\/\/noticiasribeiraopreto.com.br\/index.php\/2025\/11\/03\/concurso-publico-da-artesp-tem-142-vagas-e-salarios-de-ate-r-12-mil\/","title":{"rendered":"Concurso p\u00fablico da Artesp tem 142 vagas e sal\u00e1rios de at\u00e9 R$ 12 mil"},"content":{"rendered":"<div class='code-block code-block-1' style='margin: 8px 0 8px auto; text-align: right; display: block; clear: both;'>\n<p><a href=\"https:\/\/wa.link\/vpicfd\"><img data-recalc-dims=\"1\" class=\"wp-image-4922\" style=\"aspect-ratio: 2.0253164556962027; width: 561px; height: auto;\" src=\"https:\/\/i0.wp.com\/ismaelcolosi.com.br\/wp-content\/uploads\/2023\/11\/grupo-de-empregos-whatsapp-e-facebook-ismael-colosi-vagas.jpg?ssl=1\" alt=\"\" \/><\/a><\/p>\n<!-- \/wp:image -->\n<\/div>\n<p> <br \/>\n<\/p>\n<div>\n<p>A <strong><a href=\"https:\/\/www.artesp.sp.gov.br\/artesp\" data-type=\"link\" data-id=\"https:\/\/www.artesp.sp.gov.br\/artesp\" target=\"_blank\" rel=\"noopener\">Artesp (Ag\u00eancia Reguladora de Servi\u00e7os P\u00fablicos Delegados de Transporte do Estado de S\u00e3o Paulo)<\/a> <\/strong>abriu concurso p\u00fablico com 142 vagas efetivas para cargos de n\u00edvel m\u00e9dio e superior, sob regime da <strong>CLT (Consolida\u00e7\u00e3o das Leis do Trabalho)<\/strong>. Os sal\u00e1rios v\u00e3o de R$ 3.944 a R$ 12.070.<\/p>\n<p>As inscri\u00e7\u00f5es devem ser realizadas exclusivamente pela internet (<a href=\"https:\/\/www.fcc.org.br\/\" data-type=\"link\" data-id=\"https:\/\/www.fcc.org.br\/\" target=\"_blank\" rel=\"noopener\">clique aqui<\/a>) at\u00e9 o dia 1\u00ba de dezembro. O valor da taxa de inscri\u00e7\u00e3o varia entre R$ 55 e R$ 100.<\/p>\n<h2 class=\"wp-block-heading\"><strong>Veja as vagas<\/strong><\/h2>\n<p>As 142 vagas est\u00e3o distribu\u00eddas entre fun\u00e7\u00f5es de n\u00edvel m\u00e9dio e superior, com jornadas de 40 horas semanais.<\/p>\n<p>O cargo de n\u00edvel m\u00e9dio \u00e9 de Agente de Fiscaliza\u00e7\u00e3o \u00e0 Regula\u00e7\u00e3o de Transporte I.<\/p>\n<p>J\u00e1 para o n\u00edvel superior, h\u00e1 vagas para Analista de Suporte \u00e0 Regula\u00e7\u00e3o de Transporte e Especialista em Regula\u00e7\u00e3o de Transporte, com possibilidades de ingresso em diversas forma\u00e7\u00f5es.<\/p>\n<p>As vagas abrangem carreiras t\u00e9cnicas e de gest\u00e3o em \u00e1reas como engenharia, economia, administra\u00e7\u00e3o, direito, tecnologia da informa\u00e7\u00e3o e regula\u00e7\u00e3o de transportes, entre outras.<\/p>\n<p>As remunera\u00e7\u00f5es e benef\u00edcios seguem o plano de cargos da Ag\u00eancia. Veja abaixo:<\/p>\n<ul class=\"wp-block-list\">\n<li>Agente de Fiscaliza\u00e7\u00e3o \u00e0 Regula\u00e7\u00e3o de Transporte I \u2013 R$ 3.944<\/li>\n<\/ul>\n<ul class=\"wp-block-list\">\n<li>Analista de Suporte \u00e0 Regula\u00e7\u00e3o de Transporte I \u2013 R$ 10.366<\/li>\n<\/ul>\n<ul class=\"wp-block-list\">\n<li>Especialista em Regula\u00e7\u00e3o de Transporte I \u2013 R$ 12.070<\/li>\n<\/ul>\n<h2 class=\"wp-block-heading\"><strong>Provas<\/strong><\/h2>\n<p>As provas est\u00e3o previstas para o dia 25 de janeiro de 2026, na cidade de S\u00e3o Paulo. O processo seletivo inclui provas objetivas e, para determinados cargos, provas discursivas e\/ou de t\u00edtulos, conforme o cargo.<\/p>\n<p>O conte\u00fado program\u00e1tico abrange conhecimentos gerais, legisla\u00e7\u00e3o aplic\u00e1vel \u00e0 regula\u00e7\u00e3o de transportes e temas espec\u00edficos da \u00e1rea de atua\u00e7\u00e3o.<\/p>\n<p><a href=\"https:\/\/www.doe.sp.gov.br\/executivo\/secretaria-de-parcerias-em-investimentos\/edital-n-01-2025-abertura-de-inscricoes-2025103013321761438860\" data-type=\"link\" data-id=\"https:\/\/www.doe.sp.gov.br\/executivo\/secretaria-de-parcerias-em-investimentos\/edital-n-01-2025-abertura-de-inscricoes-2025103013321761438860\" target=\"_blank\" rel=\"noopener\">Clique aqui <\/a>e veja o edital completo.<\/p>\n<p>SAIBA MAIS<br \/>A chuva continua? Veja a previs\u00e3o do tempo para Ribeir\u00e3o Preto nos pr\u00f3ximos dias<\/p>\n<h2 class=\"wp-block-heading\"><strong>FIQUE ON<\/strong><\/h2>\n<p>Fique ligado em tudo que acontece em Ribeir\u00e3o Preto e regi\u00e3o. Siga os perfis do\u00a0<strong>acidade on<\/strong>\u00a0no<a href=\"https:\/\/www.instagram.com\/acidadeonribeirao\" target=\"_blank\" rel=\"noreferrer noopener\">\u00a0Instagram<\/a>\u00a0e no<a href=\"https:\/\/www.facebook.com\/acidadeonribeirao\/\" target=\"_blank\" rel=\"noreferrer noopener\">\u00a0Facebook<\/a>.<\/p>\n<p>Receba not\u00edcias do\u00a0<strong>acidade on<\/strong>\u00a0no WhatsApp. Para entrar no grupo,\u00a0basta\u00a0<a href=\"https:\/\/chat.whatsapp.com\/I4nieTEMKlf50pJ28aMemC?mode=ac_t\" target=\"_blank\" rel=\"noreferrer noopener\">clicar aqui<\/a>. Ou, acesse o nosso\u00a0Canal<a href=\"https:\/\/whatsapp.com\/channel\/0029Vb6IQl1JENyAeS57fk2p\" target=\"_blank\" rel=\"noreferrer noopener\">\u00a0clicando aqui<\/a>.<\/p>\n<p>Fa\u00e7a uma den\u00fancia ou sugira uma reportagem sobre Ribeir\u00e3o Preto e regi\u00e3o pelo WhatsApp: 16 99117 7802.<\/p>\n<p>VEJA TAMB\u00c9M<br \/>La Nin\u00e3 vai durar at\u00e9 quando?<\/p>\n<p><!-- AI CONTENT END 1 -->\n<\/div>\n<p><script async src=\"\/\/www.instagram.com\/embed.js\"><\/script><br \/>\n<br \/><br \/>\n<br \/><a href=\"https:\/\/www.acidadeon.com\/ribeiraopreto\/economia\/concurso-publico-da-artesp-tem-142-vagas-e-salarios-de-ate-r-12-mil\/\">Source link <\/a><\/p>\n<!-- CONTENT END 1 -->\n","protected":false},"excerpt":{"rendered":"<p>A Artesp (Ag\u00eancia Reguladora de Servi\u00e7os P\u00fablicos Delegados de Transporte do Estado de S\u00e3o Paulo) abriu concurso p\u00fablico com 142 vagas efetivas para cargos de&#8230;<\/p>\n","protected":false},"author":1,"featured_media":79548,"comment_status":"open","ping_status":"open","sticky":false,"template":"","format":"standard","meta":{"advanced_seo_description":"","jetpack_seo_html_title":"","jetpack_seo_noindex":false,"jetpack_post_was_ever_published":false,"_jetpack_newsletter_access":"","_jetpack_dont_email_post_to_subs":false,"_jetpack_newsletter_tier_id":0,"_jetpack_memberships_contains_paywalled_content":false,"_jetpack_memberships_contains_paid_content":false,"footnotes":"","jetpack_publicize_message":"","jetpack_publicize_feature_enabled":true,"jetpack_social_post_already_shared":true,"jetpack_social_options":{"image_generator_settings":{"template":"highway","default_image_id":0,"font":"","enabled":false},"version":2}},"categories":[11],"tags":[],"class_list":["post-79547","post","type-post","status-publish","format-standard","has-post-thumbnail","hentry","category-noticias-de-ribeirao-preto-sp-e-regiao-ismael-colosi"],"jetpack_publicize_connections":[],"jetpack_featured_media_url":"https:\/\/i0.wp.com\/noticiasribeiraopreto.com.br\/wp-content\/uploads\/2025\/11\/artesp_2025-11-03_20-28-19.webp.webp?fit=860%2C573&ssl=1","jetpack-related-posts":[{"id":63876,"url":"https:\/\/noticiasribeiraopreto.com.br\/index.php\/2025\/02\/24\/governo-de-sp-autoriza-concurso-publico-com-142-vagas-para-artesp\/","url_meta":{"origin":79547,"position":0},"title":"Governo de SP autoriza concurso p\u00fablico com 142 vagas para Artesp","author":"noticiasribeiraopreto.com.br","date":"24 de February de 2025","format":false,"excerpt":"O governador de S\u00e3o Paulo, Tarc\u00edsio de Freitas (REP), assinou despacho, na \u00faltima sexta-feira (21), que autoriza a Artesp (Ag\u00eancia de Transporte do Estado de S\u00e3o Paulo) a abrir concurso p\u00fablico para o preenchimento de 142 vagas para cargos de n\u00edvel m\u00e9dio e superior. Ser\u00e3o 62 vagas para Agente de\u2026","rel":"","context":"In &quot;Not\u00edcias de Ribeir\u00e3o Preto-SP e Regi\u00e3o&quot;","block_context":{"text":"Not\u00edcias de Ribeir\u00e3o Preto-SP e Regi\u00e3o","link":"https:\/\/noticiasribeiraopreto.com.br\/index.php\/category\/noticias-de-ribeirao-preto-sp-e-regiao-ismael-colosi\/"},"img":{"alt_text":"","src":"https:\/\/i0.wp.com\/noticiasribeiraopreto.com.br\/wp-content\/uploads\/2025\/02\/Artesp-concurso_2025-02-24_19-04-02_jpeg_2025-02-24_19-04-02.webp.webp?fit=1200%2C800&ssl=1&resize=350%2C200","width":350,"height":200,"srcset":"https:\/\/i0.wp.com\/noticiasribeiraopreto.com.br\/wp-content\/uploads\/2025\/02\/Artesp-concurso_2025-02-24_19-04-02_jpeg_2025-02-24_19-04-02.webp.webp?fit=1200%2C800&ssl=1&resize=350%2C200 1x, https:\/\/i0.wp.com\/noticiasribeiraopreto.com.br\/wp-content\/uploads\/2025\/02\/Artesp-concurso_2025-02-24_19-04-02_jpeg_2025-02-24_19-04-02.webp.webp?fit=1200%2C800&ssl=1&resize=525%2C300 1.5x, https:\/\/i0.wp.com\/noticiasribeiraopreto.com.br\/wp-content\/uploads\/2025\/02\/Artesp-concurso_2025-02-24_19-04-02_jpeg_2025-02-24_19-04-02.webp.webp?fit=1200%2C800&ssl=1&resize=700%2C400 2x, https:\/\/i0.wp.com\/noticiasribeiraopreto.com.br\/wp-content\/uploads\/2025\/02\/Artesp-concurso_2025-02-24_19-04-02_jpeg_2025-02-24_19-04-02.webp.webp?fit=1200%2C800&ssl=1&resize=1050%2C600 3x"},"classes":[]},{"id":17774,"url":"https:\/\/noticiasribeiraopreto.com.br\/index.php\/2023\/12\/19\/concurso-publico-abre-inscricoes-com-190-vagas-para-diversos-niveis-de-escolaridade\/","url_meta":{"origin":79547,"position":1},"title":"Concurso P\u00fablico abre inscri\u00e7\u00f5es com 190 vagas para diversos n\u00edveis de escolaridade","author":"noticiasribeiraopreto.com.br","date":"19 de December de 2023","format":false,"excerpt":"Confira as chances deste concurso p\u00fablico Mais um concurso p\u00fablico anuncia oportunidades para v\u00e1rios cargos. As chances s\u00e3o maravilhosas e ao todo s\u00e3o 190 vagas. Ficou interessado? Veja a seguir. Concurso P\u00fablico A Prefeitura de Tr\u00eas Rios, interior do Rio de Janeiro, abriu inscri\u00e7\u00f5es para seu novo concurso p\u00fablico, oferecendo\u2026","rel":"","context":"In &quot;Vagas de Emprego em Ribeir\u00e3o Preto-SP&quot;","block_context":{"text":"Vagas de Emprego em Ribeir\u00e3o Preto-SP","link":"https:\/\/noticiasribeiraopreto.com.br\/index.php\/category\/empregos-classificados-vagas-trabalho\/vagas-de-empregos-em-ribeirao-preto-regiao-brasil\/"},"img":{"alt_text":"","src":"https:\/\/i0.wp.com\/noticiasribeiraopreto.com.br\/wp-content\/uploads\/2023\/12\/noticiasconcursos.com_.br-concurso-publico-abre-inscricoes-com-190-vagas-para-diversos-niveis-de-escolaridade-pexels-picjumbocom-210661.jpg?fit=1200%2C800&ssl=1&resize=350%2C200","width":350,"height":200,"srcset":"https:\/\/i0.wp.com\/noticiasribeiraopreto.com.br\/wp-content\/uploads\/2023\/12\/noticiasconcursos.com_.br-concurso-publico-abre-inscricoes-com-190-vagas-para-diversos-niveis-de-escolaridade-pexels-picjumbocom-210661.jpg?fit=1200%2C800&ssl=1&resize=350%2C200 1x, https:\/\/i0.wp.com\/noticiasribeiraopreto.com.br\/wp-content\/uploads\/2023\/12\/noticiasconcursos.com_.br-concurso-publico-abre-inscricoes-com-190-vagas-para-diversos-niveis-de-escolaridade-pexels-picjumbocom-210661.jpg?fit=1200%2C800&ssl=1&resize=525%2C300 1.5x, https:\/\/i0.wp.com\/noticiasribeiraopreto.com.br\/wp-content\/uploads\/2023\/12\/noticiasconcursos.com_.br-concurso-publico-abre-inscricoes-com-190-vagas-para-diversos-niveis-de-escolaridade-pexels-picjumbocom-210661.jpg?fit=1200%2C800&ssl=1&resize=700%2C400 2x, https:\/\/i0.wp.com\/noticiasribeiraopreto.com.br\/wp-content\/uploads\/2023\/12\/noticiasconcursos.com_.br-concurso-publico-abre-inscricoes-com-190-vagas-para-diversos-niveis-de-escolaridade-pexels-picjumbocom-210661.jpg?fit=1200%2C800&ssl=1&resize=1050%2C600 3x"},"classes":[]},{"id":18450,"url":"https:\/\/noticiasribeiraopreto.com.br\/index.php\/2023\/12\/20\/confira-os-cargos-e-salarios-ofertados-no-concurso-cnu\/","url_meta":{"origin":79547,"position":2},"title":"Confira os cargos e sal\u00e1rios ofertados no concurso CNU","author":"noticiasribeiraopreto.com.br","date":"20 de December de 2023","format":false,"excerpt":"Confira os \u00f3rg\u00e3os participantes do concurso CNU O concurso CNU- Concurso Nacional Unificado- \u00e9 uma grande chance para v\u00e1rios cargos. Al\u00e9m disso, as vagas s\u00e3o para medio e superior. Confira os \u00f3rg\u00e3os e mais detalhes. Concurso CNU e \u00f3rg\u00e3os Se voc\u00ea est\u00e1 em busca de novas oportunidades no cen\u00e1rio dos\u2026","rel":"","context":"In &quot;Vagas de Emprego em Ribeir\u00e3o Preto-SP&quot;","block_context":{"text":"Vagas de Emprego em Ribeir\u00e3o Preto-SP","link":"https:\/\/noticiasribeiraopreto.com.br\/index.php\/category\/empregos-classificados-vagas-trabalho\/vagas-de-empregos-em-ribeirao-preto-regiao-brasil\/"},"img":{"alt_text":"","src":"https:\/\/i0.wp.com\/noticiasribeiraopreto.com.br\/wp-content\/uploads\/2023\/12\/noticiasconcursos.com_.br-confira-os-cargos-e-salarios-ofertados-no-concurso-cnu-library-7408106-1280.jpg?fit=1200%2C834&ssl=1&resize=350%2C200","width":350,"height":200,"srcset":"https:\/\/i0.wp.com\/noticiasribeiraopreto.com.br\/wp-content\/uploads\/2023\/12\/noticiasconcursos.com_.br-confira-os-cargos-e-salarios-ofertados-no-concurso-cnu-library-7408106-1280.jpg?fit=1200%2C834&ssl=1&resize=350%2C200 1x, https:\/\/i0.wp.com\/noticiasribeiraopreto.com.br\/wp-content\/uploads\/2023\/12\/noticiasconcursos.com_.br-confira-os-cargos-e-salarios-ofertados-no-concurso-cnu-library-7408106-1280.jpg?fit=1200%2C834&ssl=1&resize=525%2C300 1.5x, https:\/\/i0.wp.com\/noticiasribeiraopreto.com.br\/wp-content\/uploads\/2023\/12\/noticiasconcursos.com_.br-confira-os-cargos-e-salarios-ofertados-no-concurso-cnu-library-7408106-1280.jpg?fit=1200%2C834&ssl=1&resize=700%2C400 2x, https:\/\/i0.wp.com\/noticiasribeiraopreto.com.br\/wp-content\/uploads\/2023\/12\/noticiasconcursos.com_.br-confira-os-cargos-e-salarios-ofertados-no-concurso-cnu-library-7408106-1280.jpg?fit=1200%2C834&ssl=1&resize=1050%2C600 3x"},"classes":[]},{"id":68757,"url":"https:\/\/noticiasribeiraopreto.com.br\/index.php\/2025\/04\/28\/concurso-publico-da-policia-federal-tem-192-vagas-e-salarios-de-r-11-mil\/","url_meta":{"origin":79547,"position":3},"title":"Concurso p\u00fablico da Pol\u00edcia Federal tem 192 vagas e sal\u00e1rios de R$ 11 mil","author":"noticiasribeiraopreto.com.br","date":"28 de April de 2025","format":false,"excerpt":"A Pol\u00edcia Federal publicou o novo edital do concurso p\u00fablico com 192 vagas, al\u00e9m de oportunidades para o cadastro reserva. Os cargos s\u00e3o de n\u00edvel m\u00e9dio e superior e os sal\u00e1rios chegam a R$ 11.070,93. As inscri\u00e7\u00f5es come\u00e7am nesta ter\u00e7a-feira (29) e v\u00e3o at\u00e9 o dia 21 de maio no\u2026","rel":"","context":"In &quot;Not\u00edcias de Ribeir\u00e3o Preto-SP e Regi\u00e3o&quot;","block_context":{"text":"Not\u00edcias de Ribeir\u00e3o Preto-SP e Regi\u00e3o","link":"https:\/\/noticiasribeiraopreto.com.br\/index.php\/category\/noticias-de-ribeirao-preto-sp-e-regiao-ismael-colosi\/"},"img":{"alt_text":"","src":"https:\/\/i0.wp.com\/noticiasribeiraopreto.com.br\/wp-content\/uploads\/2024\/12\/POLICIA-FEDERAL_2024-12-03_10-43-26_jpg_2024-12-03_10-43-26.webp.webp?fit=1200%2C752&ssl=1&resize=350%2C200","width":350,"height":200,"srcset":"https:\/\/i0.wp.com\/noticiasribeiraopreto.com.br\/wp-content\/uploads\/2024\/12\/POLICIA-FEDERAL_2024-12-03_10-43-26_jpg_2024-12-03_10-43-26.webp.webp?fit=1200%2C752&ssl=1&resize=350%2C200 1x, https:\/\/i0.wp.com\/noticiasribeiraopreto.com.br\/wp-content\/uploads\/2024\/12\/POLICIA-FEDERAL_2024-12-03_10-43-26_jpg_2024-12-03_10-43-26.webp.webp?fit=1200%2C752&ssl=1&resize=525%2C300 1.5x, https:\/\/i0.wp.com\/noticiasribeiraopreto.com.br\/wp-content\/uploads\/2024\/12\/POLICIA-FEDERAL_2024-12-03_10-43-26_jpg_2024-12-03_10-43-26.webp.webp?fit=1200%2C752&ssl=1&resize=700%2C400 2x, https:\/\/i0.wp.com\/noticiasribeiraopreto.com.br\/wp-content\/uploads\/2024\/12\/POLICIA-FEDERAL_2024-12-03_10-43-26_jpg_2024-12-03_10-43-26.webp.webp?fit=1200%2C752&ssl=1&resize=1050%2C600 3x"},"classes":[]},{"id":17882,"url":"https:\/\/noticiasribeiraopreto.com.br\/index.php\/2023\/12\/19\/betim-abre-concurso-publico-com-21-vagas-em-diversos-niveis\/","url_meta":{"origin":79547,"position":4},"title":"Betim abre concurso p\u00fablico com 21 vagas em diversos n\u00edveis","author":"noticiasribeiraopreto.com.br","date":"19 de December de 2023","format":false,"excerpt":"Cr\u00e9ditos: IStockConcurso p\u00fablico de BetimA C\u00e2mara Municipal de Betim, localizada em Minas Gerais, lan\u00e7a edital n\u00ba 01\/2023 para seu concurso p\u00fablico, disponibilizando 21 vagas imediatas, al\u00e9m da cria\u00e7\u00e3o de um cadastro reserva. As oportunidades contemplam profissionais de variados n\u00edveis de forma\u00e7\u00e3o, abrangendo desde o ensino m\u00e9dio at\u00e9 o superior. O\u2026","rel":"","context":"In &quot;Variedades&quot;","block_context":{"text":"Variedades","link":"https:\/\/noticiasribeiraopreto.com.br\/index.php\/category\/variedades\/"},"img":{"alt_text":"","src":"https:\/\/i0.wp.com\/noticiasribeiraopreto.com.br\/wp-content\/uploads\/2023\/12\/istock-515862638-1.jpg?fit=1200%2C638&ssl=1&resize=350%2C200","width":350,"height":200,"srcset":"https:\/\/i0.wp.com\/noticiasribeiraopreto.com.br\/wp-content\/uploads\/2023\/12\/istock-515862638-1.jpg?fit=1200%2C638&ssl=1&resize=350%2C200 1x, https:\/\/i0.wp.com\/noticiasribeiraopreto.com.br\/wp-content\/uploads\/2023\/12\/istock-515862638-1.jpg?fit=1200%2C638&ssl=1&resize=525%2C300 1.5x, https:\/\/i0.wp.com\/noticiasribeiraopreto.com.br\/wp-content\/uploads\/2023\/12\/istock-515862638-1.jpg?fit=1200%2C638&ssl=1&resize=700%2C400 2x, https:\/\/i0.wp.com\/noticiasribeiraopreto.com.br\/wp-content\/uploads\/2023\/12\/istock-515862638-1.jpg?fit=1200%2C638&ssl=1&resize=1050%2C600 3x"},"classes":[]},{"id":12102,"url":"https:\/\/noticiasribeiraopreto.com.br\/index.php\/2023\/12\/07\/concurso-publico-da-camara-de-betim-oferece-salario-de-ate-r-76-mil\/","url_meta":{"origin":79547,"position":5},"title":"Concurso P\u00fablico da C\u00e2mara de Betim oferece sal\u00e1rio de at\u00e9 R$ 7,6 mil","author":"noticiasribeiraopreto.com.br","date":"7 de December de 2023","format":false,"excerpt":"Cr\u00e9ditos: IStockConcurso P\u00fablico da C\u00e2mara de Betim A\u00a0C\u00e2mara de Betim, no estado de\u00a0Minas Gerais, anuncia edital n\u00ba 01\/2023 para concurso p\u00fablico, que visa o preenchimento de\u00a021 vagas\u00a0imediatas, al\u00e9m de formar cadastro reserva. As oportunidades s\u00e3o destinadas a profissionais de n\u00edveis superior, m\u00e9dio e t\u00e9cnico. Al\u00e9m das vagas de ampla concorr\u00eancia,\u2026","rel":"","context":"In &quot;Variedades&quot;","block_context":{"text":"Variedades","link":"https:\/\/noticiasribeiraopreto.com.br\/index.php\/category\/variedades\/"},"img":{"alt_text":"","src":"https:\/\/i0.wp.com\/noticiasribeiraopreto.com.br\/wp-content\/uploads\/2023\/12\/istock-467572150.jpg?fit=1200%2C638&ssl=1&resize=350%2C200","width":350,"height":200,"srcset":"https:\/\/i0.wp.com\/noticiasribeiraopreto.com.br\/wp-content\/uploads\/2023\/12\/istock-467572150.jpg?fit=1200%2C638&ssl=1&resize=350%2C200 1x, https:\/\/i0.wp.com\/noticiasribeiraopreto.com.br\/wp-content\/uploads\/2023\/12\/istock-467572150.jpg?fit=1200%2C638&ssl=1&resize=525%2C300 1.5x, https:\/\/i0.wp.com\/noticiasribeiraopreto.com.br\/wp-content\/uploads\/2023\/12\/istock-467572150.jpg?fit=1200%2C638&ssl=1&resize=700%2C400 2x, https:\/\/i0.wp.com\/noticiasribeiraopreto.com.br\/wp-content\/uploads\/2023\/12\/istock-467572150.jpg?fit=1200%2C638&ssl=1&resize=1050%2C600 3x"},"classes":[]}],"jetpack_sharing_enabled":true,"jetpack_shortlink":"https:\/\/wp.me\/peQAOb-kH1","_links":{"self":[{"href":"https:\/\/noticiasribeiraopreto.com.br\/index.php\/wp-json\/wp\/v2\/posts\/79547","targetHints":{"allow":["GET"]}}],"collection":[{"href":"https:\/\/noticiasribeiraopreto.com.br\/index.php\/wp-json\/wp\/v2\/posts"}],"about":[{"href":"https:\/\/noticiasribeiraopreto.com.br\/index.php\/wp-json\/wp\/v2\/types\/post"}],"author":[{"embeddable":true,"href":"https:\/\/noticiasribeiraopreto.com.br\/index.php\/wp-json\/wp\/v2\/users\/1"}],"replies":[{"embeddable":true,"href":"https:\/\/noticiasribeiraopreto.com.br\/index.php\/wp-json\/wp\/v2\/comments?post=79547"}],"version-history":[{"count":0,"href":"https:\/\/noticiasribeiraopreto.com.br\/index.php\/wp-json\/wp\/v2\/posts\/79547\/revisions"}],"wp:featuredmedia":[{"embeddable":true,"href":"https:\/\/noticiasribeiraopreto.com.br\/index.php\/wp-json\/wp\/v2\/media\/79548"}],"wp:attachment":[{"href":"https:\/\/noticiasribeiraopreto.com.br\/index.php\/wp-json\/wp\/v2\/media?parent=79547"}],"wp:term":[{"taxonomy":"category","embeddable":true,"href":"https:\/\/noticiasribeiraopreto.com.br\/index.php\/wp-json\/wp\/v2\/categories?post=79547"},{"taxonomy":"post_tag","embeddable":true,"href":"https:\/\/noticiasribeiraopreto.com.br\/index.php\/wp-json\/wp\/v2\/tags?post=79547"}],"curies":[{"name":"wp","href":"https:\/\/api.w.org\/{rel}","templated":true}]}}