{"id":79549,"date":"2025-11-03T19:42:33","date_gmt":"2025-11-03T22:42:33","guid":{"rendered":"https:\/\/noticiasribeiraopreto.com.br\/index.php\/2025\/11\/03\/ribeirao-preto-recebe-show-solidario-com-tributo-a-legiao-urbana-veja-quando\/"},"modified":"2025-11-03T19:42:33","modified_gmt":"2025-11-03T22:42:33","slug":"ribeirao-preto-recebe-show-solidario-com-tributo-a-legiao-urbana-veja-quando","status":"publish","type":"post","link":"https:\/\/noticiasribeiraopreto.com.br\/index.php\/2025\/11\/03\/ribeirao-preto-recebe-show-solidario-com-tributo-a-legiao-urbana-veja-quando\/","title":{"rendered":"Ribeir\u00e3o Preto recebe show solid\u00e1rio com tributo \u00e0 Legi\u00e3o Urbana; veja quando"},"content":{"rendered":"<div class='code-block code-block-1' style='margin: 8px 0 8px auto; text-align: right; display: block; clear: both;'>\n<p><a href=\"https:\/\/wa.link\/vpicfd\"><img data-recalc-dims=\"1\" class=\"wp-image-4922\" style=\"aspect-ratio: 2.0253164556962027; width: 561px; height: auto;\" src=\"https:\/\/i0.wp.com\/ismaelcolosi.com.br\/wp-content\/uploads\/2023\/11\/grupo-de-empregos-whatsapp-e-facebook-ismael-colosi-vagas.jpg?ssl=1\" alt=\"\" \/><\/a><\/p>\n<!-- \/wp:image -->\n<\/div>\n<p> <br \/>\n<\/p>\n<div>\n<p>Ribeir\u00e3o Preto vai receber no dia <strong>15 de novembro<\/strong> o <strong>Show Solid\u00e1rio \u2013 Tributo \u00e0 Legi\u00e3o Urbana<\/strong>. O evento ser\u00e1 realizado no <strong>Lar Padre Euclides<\/strong>, a partir das <strong>19h<\/strong>.<\/p>\n<p>O show ter\u00e1 a participa\u00e7\u00e3o de <strong>Andr\u00e9 Frateschi<\/strong>, ator e cantor, vocalista da turn\u00ea da <strong>Legi\u00e3o Urbana<\/strong> e vencedor do programa <strong>PopStar<\/strong>, da TV Globo. Ele se apresentar\u00e1 acompanhado da banda <strong>Nice Trip<\/strong>, de Ribeir\u00e3o Preto, conhecida por seu hist\u00f3rico de apresenta\u00e7\u00f5es com artistas do rock nacional.<\/p>\n<div class=\"wp-block-image\">\n<figure class=\"aligncenter size-large is-resized\"><img data-recalc-dims=\"1\" fetchpriority=\"high\" decoding=\"async\" width=\"942\" height=\"1024\" src=\"https:\/\/i0.wp.com\/cdn.media-acidadeon.com.br\/ribeiraopreto\/wp-content\/uploads\/sites\/3\/2025\/11\/Imagem-do-WhatsApp-de-2025-11-03-as-12.51.05_1655ee35_2025-11-03_18-55-20-942x1024.webp?resize=942%2C1024&#038;ssl=1\" alt=\"Legi\u00e3o Urbana\" class=\"wp-image-134565\" style=\"width:453px;height:auto\" title=\"Ribeir\u00e3o Preto recebe show solid\u00e1rio com tributo \u00e0 Legi\u00e3o Urbana; veja quando 1\" srcset=\"https:\/\/cdn.media-acidadeon.com.br\/ribeiraopreto\/wp-content\/uploads\/sites\/3\/2025\/11\/Imagem-do-WhatsApp-de-2025-11-03-as-12.51.05_1655ee35_2025-11-03_18-55-20-942x1024.webp 942w, https:\/\/cdn.media-acidadeon.com.br\/ribeiraopreto\/wp-content\/uploads\/sites\/3\/2025\/11\/Imagem-do-WhatsApp-de-2025-11-03-as-12.51.05_1655ee35_2025-11-03_18-55-20-276x300.webp 276w, https:\/\/cdn.media-acidadeon.com.br\/ribeiraopreto\/wp-content\/uploads\/sites\/3\/2025\/11\/Imagem-do-WhatsApp-de-2025-11-03-as-12.51.05_1655ee35_2025-11-03_18-55-20-768x835.webp 768w, https:\/\/cdn.media-acidadeon.com.br\/ribeiraopreto\/wp-content\/uploads\/sites\/3\/2025\/11\/Imagem-do-WhatsApp-de-2025-11-03-as-12.51.05_1655ee35_2025-11-03_18-55-20-696x757.webp 696w, https:\/\/cdn.media-acidadeon.com.br\/ribeiraopreto\/wp-content\/uploads\/sites\/3\/2025\/11\/Imagem-do-WhatsApp-de-2025-11-03-as-12.51.05_1655ee35_2025-11-03_18-55-20-1068x1161.webp 1068w, https:\/\/cdn.media-acidadeon.com.br\/ribeiraopreto\/wp-content\/uploads\/sites\/3\/2025\/11\/Imagem-do-WhatsApp-de-2025-11-03-as-12.51.05_1655ee35_2025-11-03_18-55-20.webp 1200w\" sizes=\"(max-width: 942px) 100vw, 942px\"\/><figcaption class=\"wp-element-caption\">Divulga\u00e7\u00e3o<\/figcaption><\/figure>\n<\/div>\n<p>O ingresso solid\u00e1rio custa <strong>R$ 40<\/strong> e inclui a doa\u00e7\u00e3o de <strong>1 kg de alimento ou produto de limpeza<\/strong>. Toda a arrecada\u00e7\u00e3o ser\u00e1 destinada ao cuidado dos moradores da institui\u00e7\u00e3o.<\/p>\n<h3 class=\"wp-block-heading\"><strong>Lar Padre Euclides<\/strong><\/h3>\n<p>O <strong>Lar Padre Euclides<\/strong> \u00e9 uma institui\u00e7\u00e3o de longa perman\u00eancia para idosos, fundada em <strong>1919<\/strong> pelo <strong>Padre Euclides Gomes Carneiro<\/strong>. A entidade atua at\u00e9 hoje com a miss\u00e3o de prestar assist\u00eancia social e desenvolvimento \u00e0 popula\u00e7\u00e3o idosa, conforme o artigo 2\u00ba de seu estatuto:<\/p>\n<p><em>\u201cO Lar Padre Euclides \u00e9 uma entidade civil, sem fins lucrativos, de car\u00e1ter filantr\u00f3pico, prestando seus servi\u00e7os na \u00e1rea de assist\u00eancia e desenvolvimento social com finalidade principal de amparar, proteger e dar assist\u00eancia \u00e0s pessoas idosas, pobres na acep\u00e7\u00e3o do termo e funcionar\u00e1 por tempo indeterminado.\u201d<\/em><\/p>\n<div class=\"wp-block-image\">\n<figure class=\"aligncenter size-full is-resized\"><img data-recalc-dims=\"1\" loading=\"lazy\" decoding=\"async\" width=\"984\" height=\"551\" src=\"https:\/\/i0.wp.com\/cdn.media-acidadeon.com.br\/ribeiraopreto\/wp-content\/uploads\/sites\/3\/2025\/11\/image_2025-11-03_19-51-22.webp?resize=984%2C551&#038;ssl=1\" alt=\"ribeir\u00e3o preto\" class=\"wp-image-134578\" style=\"width:677px;height:auto\" title=\"Ribeir\u00e3o Preto recebe show solid\u00e1rio com tributo \u00e0 Legi\u00e3o Urbana; veja quando 2\" srcset=\"https:\/\/cdn.media-acidadeon.com.br\/ribeiraopreto\/wp-content\/uploads\/sites\/3\/2025\/11\/image_2025-11-03_19-51-22.webp 984w, https:\/\/cdn.media-acidadeon.com.br\/ribeiraopreto\/wp-content\/uploads\/sites\/3\/2025\/11\/image_2025-11-03_19-51-22-300x168.webp 300w, https:\/\/cdn.media-acidadeon.com.br\/ribeiraopreto\/wp-content\/uploads\/sites\/3\/2025\/11\/image_2025-11-03_19-51-22-768x430.webp 768w, https:\/\/cdn.media-acidadeon.com.br\/ribeiraopreto\/wp-content\/uploads\/sites\/3\/2025\/11\/image_2025-11-03_19-51-22-696x390.webp 696w\" sizes=\"auto, (max-width: 984px) 100vw, 984px\"\/><figcaption class=\"wp-element-caption\">Lar Padre Euclides, nos Campos El\u00edseos \u2014 Foto: Reprodu\u00e7\u00e3o\/EPTV<\/figcaption><\/figure>\n<\/div>\n<p>O Lar Padre Euclides oferece suporte di\u00e1rio aos moradores, incluindo alimenta\u00e7\u00e3o, cuidados de sa\u00fade e atividades de conviv\u00eancia social, mantendo o compromisso de atender pessoas idosas em situa\u00e7\u00e3o de vulnerabilidade.<\/p>\n<hr class=\"wp-block-separator has-alpha-channel-opacity\"\/>\n<p>SAIBA MAIS<\/p>\n<p>Gesso despenca de teto de igreja e missas s\u00e3o suspensas na regi\u00e3o de Ribeir\u00e3o Preto<\/p>\n<h2 class=\"wp-block-heading\"><strong>FIQUE ON<\/strong><\/h2>\n<p>Fique ligado em tudo que acontece em Ribeir\u00e3o Preto e regi\u00e3o. Siga os perfis do<strong>\u00a0acidade on\u00a0<\/strong>no<a href=\"https:\/\/www.instagram.com\/acidadeonribeirao\" target=\"_blank\" rel=\"noreferrer noopener\">\u00a0Instagram\u00a0<\/a>e no\u00a0<a href=\"https:\/\/www.facebook.com\/acidadeonribeirao\/\" target=\"_blank\" rel=\"noreferrer noopener\">Facebook<\/a>.<\/p>\n<p>Receba not\u00edcias do<strong>\u00a0acidade on<\/strong>\u00a0no WhatsApp. Para entrar no grupo,\u00a0basta\u00a0<a href=\"https:\/\/chat.whatsapp.com\/I4nieTEMKlf50pJ28aMemC?mode=ac_t\" target=\"_blank\" rel=\"noreferrer noopener\">clicar aqui<\/a>. Ou, acesse o nosso\u00a0Canal<a href=\"https:\/\/whatsapp.com\/channel\/0029Vb6IQl1JENyAeS57fk2p\" target=\"_blank\" rel=\"noreferrer noopener\">\u00a0clicando aqui<\/a>.<\/p>\n<p>Fa\u00e7a uma den\u00fancia ou sugira uma reportagem sobre Ribeir\u00e3o Preto e regi\u00e3o pelo WhatsApp: 16 99117 7802.<\/p>\n<p>VEJA TAMB\u00c9M<\/p>\n<p>O que \u00e9 o 3I\/ATLAS?<\/p>\n<p><!-- AI CONTENT END 1 -->\n<\/div>\n<p><script async src=\"\/\/www.instagram.com\/embed.js\"><\/script><br \/>\n<br \/><br \/>\n<br \/><a href=\"https:\/\/www.acidadeon.com\/ribeiraopreto\/lazer-e-cultura\/ribeirao-preto-recebe-show-solidario-com-tributo-a-legiao-urbana-veja-quando\/\">Source link <\/a><\/p>\n<!-- CONTENT END 1 -->\n","protected":false},"excerpt":{"rendered":"<p>Ribeir\u00e3o Preto vai receber no dia 15 de novembro o Show Solid\u00e1rio \u2013 Tributo \u00e0 Legi\u00e3o Urbana. O evento ser\u00e1 realizado no Lar Padre Euclides,&#8230;<\/p>\n","protected":false},"author":1,"featured_media":79550,"comment_status":"open","ping_status":"open","sticky":false,"template":"","format":"standard","meta":{"advanced_seo_description":"","jetpack_seo_html_title":"","jetpack_seo_noindex":false,"jetpack_post_was_ever_published":false,"_jetpack_newsletter_access":"","_jetpack_dont_email_post_to_subs":false,"_jetpack_newsletter_tier_id":0,"_jetpack_memberships_contains_paywalled_content":false,"_jetpack_memberships_contains_paid_content":false,"footnotes":"","jetpack_publicize_message":"","jetpack_publicize_feature_enabled":true,"jetpack_social_post_already_shared":true,"jetpack_social_options":{"image_generator_settings":{"template":"highway","default_image_id":0,"font":"","enabled":false},"version":2}},"categories":[11],"tags":[],"class_list":["post-79549","post","type-post","status-publish","format-standard","has-post-thumbnail","hentry","category-noticias-de-ribeirao-preto-sp-e-regiao-ismael-colosi"],"jetpack_publicize_connections":[],"jetpack_featured_media_url":"https:\/\/i0.wp.com\/noticiasribeiraopreto.com.br\/wp-content\/uploads\/2025\/11\/palace-7_2025-11-03_20-00-03.webp.webp?fit=1200%2C675&ssl=1","jetpack-related-posts":[{"id":80040,"url":"https:\/\/noticiasribeiraopreto.com.br\/index.php\/2025\/11\/13\/show-solidario-ao-lar-padre-euclides-tem-andre-frateschi-e-tributo-a-legiao-urbana\/","url_meta":{"origin":79549,"position":0},"title":"Show solid\u00e1rio ao Lar Padre Euclides tem Andr\u00e9 Frateschi e tributo \u00e0 Legi\u00e3o Urbana","author":"noticiasribeiraopreto.com.br","date":"13 de November de 2025","format":false,"excerpt":"Ribeir\u00e3o Preto recebe no pr\u00f3ximo s\u00e1bado (15) um show solid\u00e1rio ao Lar Padre Euclides, com o cantor Andr\u00e9 Frateschi e a banda Nice Trip, em um tributo \u00e0 Legi\u00e3o Urbana ao rock nacional. O evento ser\u00e1 \u00e0s 19h, no Lar Padre Euclides, na avenida Saudade, 1.577, no bairro Campos El\u00edseos.\u2026","rel":"","context":"In &quot;Not\u00edcias de Ribeir\u00e3o Preto-SP e Regi\u00e3o&quot;","block_context":{"text":"Not\u00edcias de Ribeir\u00e3o Preto-SP e Regi\u00e3o","link":"https:\/\/noticiasribeiraopreto.com.br\/index.php\/category\/noticias-de-ribeirao-preto-sp-e-regiao-ismael-colosi\/"},"img":{"alt_text":"","src":"https:\/\/i0.wp.com\/noticiasribeiraopreto.com.br\/wp-content\/uploads\/2025\/11\/andre_2025-11-13_12-52-29.webp.webp?fit=1200%2C839&ssl=1&resize=350%2C200","width":350,"height":200,"srcset":"https:\/\/i0.wp.com\/noticiasribeiraopreto.com.br\/wp-content\/uploads\/2025\/11\/andre_2025-11-13_12-52-29.webp.webp?fit=1200%2C839&ssl=1&resize=350%2C200 1x, https:\/\/i0.wp.com\/noticiasribeiraopreto.com.br\/wp-content\/uploads\/2025\/11\/andre_2025-11-13_12-52-29.webp.webp?fit=1200%2C839&ssl=1&resize=525%2C300 1.5x, https:\/\/i0.wp.com\/noticiasribeiraopreto.com.br\/wp-content\/uploads\/2025\/11\/andre_2025-11-13_12-52-29.webp.webp?fit=1200%2C839&ssl=1&resize=700%2C400 2x, https:\/\/i0.wp.com\/noticiasribeiraopreto.com.br\/wp-content\/uploads\/2025\/11\/andre_2025-11-13_12-52-29.webp.webp?fit=1200%2C839&ssl=1&resize=1050%2C600 3x"},"classes":[]},{"id":53803,"url":"https:\/\/noticiasribeiraopreto.com.br\/index.php\/2024\/06\/24\/show-com-integrantes-do-legiao-urbana-em-ribeirao-preto-tem-ingresso-solidario\/","url_meta":{"origin":79549,"position":1},"title":"Show com integrantes do Legi\u00e3o Urbana em Ribeir\u00e3o Preto tem ingresso solid\u00e1rio","author":"noticiasribeiraopreto.com.br","date":"24 de June de 2024","format":false,"excerpt":"O show \u201cAs V Esta\u00e7\u00f5es com Legi\u00e3o Urbana\u201d, que acontece em Ribeir\u00e3o Preto, no dia 5 de julho est\u00e1 com lote de ingressos solid\u00e1rios. Os interessados ter\u00e3o 50% de desconto no valor do ingresso mediante a doa\u00e7\u00e3o de dois quilos de aveia ou dois litros de \u00f3leo de soja. O\u2026","rel":"","context":"In &quot;Not\u00edcias de Ribeir\u00e3o Preto-SP e Regi\u00e3o&quot;","block_context":{"text":"Not\u00edcias de Ribeir\u00e3o Preto-SP e Regi\u00e3o","link":"https:\/\/noticiasribeiraopreto.com.br\/index.php\/category\/noticias-de-ribeirao-preto-sp-e-regiao-ismael-colosi\/"},"img":{"alt_text":"","src":"https:\/\/i0.wp.com\/noticiasribeiraopreto.com.br\/wp-content\/uploads\/2024\/06\/AnyConv.com__Copia-de-Copia-de-TAMANHO-EXATO-PARA-FOTOS-NO-SISTEMA-NOVO-11_2024-06-24_22-37-31.webp.webp?fit=1200%2C675&ssl=1&resize=350%2C200","width":350,"height":200,"srcset":"https:\/\/i0.wp.com\/noticiasribeiraopreto.com.br\/wp-content\/uploads\/2024\/06\/AnyConv.com__Copia-de-Copia-de-TAMANHO-EXATO-PARA-FOTOS-NO-SISTEMA-NOVO-11_2024-06-24_22-37-31.webp.webp?fit=1200%2C675&ssl=1&resize=350%2C200 1x, https:\/\/i0.wp.com\/noticiasribeiraopreto.com.br\/wp-content\/uploads\/2024\/06\/AnyConv.com__Copia-de-Copia-de-TAMANHO-EXATO-PARA-FOTOS-NO-SISTEMA-NOVO-11_2024-06-24_22-37-31.webp.webp?fit=1200%2C675&ssl=1&resize=525%2C300 1.5x, https:\/\/i0.wp.com\/noticiasribeiraopreto.com.br\/wp-content\/uploads\/2024\/06\/AnyConv.com__Copia-de-Copia-de-TAMANHO-EXATO-PARA-FOTOS-NO-SISTEMA-NOVO-11_2024-06-24_22-37-31.webp.webp?fit=1200%2C675&ssl=1&resize=700%2C400 2x, https:\/\/i0.wp.com\/noticiasribeiraopreto.com.br\/wp-content\/uploads\/2024\/06\/AnyConv.com__Copia-de-Copia-de-TAMANHO-EXATO-PARA-FOTOS-NO-SISTEMA-NOVO-11_2024-06-24_22-37-31.webp.webp?fit=1200%2C675&ssl=1&resize=1050%2C600 3x"},"classes":[]},{"id":3049,"url":"https:\/\/noticiasribeiraopreto.com.br\/index.php\/2023\/11\/17\/drift-legiao-urbana-e-guilherme-de-sa-saiba-o-que-acontece-no-fim-de-semana-em-ribeirao\/","url_meta":{"origin":79549,"position":2},"title":"Drift, Legi\u00e3o Urbana e Guilherme de S\u00e1: Saiba o que acontece no fim de semana em Ribeir\u00e3o\u00a0","author":"noticiasribeiraopreto.com.br","date":"17 de November de 2023","format":false,"excerpt":"O fim de semana em Ribeir\u00e3o Preto conta com diversas apresenta\u00e7\u00f5es de m\u00fasica, espet\u00e1culos nos teatros e atividades gratuitas. \u00a0 H\u00e1 a final do Campeonato Brasileiro de Drift, show com integrantes da Legi\u00e3o Urbana, tributo \u00e0 Rita Lee, Guilherme de S\u00e1, festival de hip hop, entre outros. CHORINHO NA 7\u00a0\u2026","rel":"","context":"In &quot;Not\u00edcias de Ribeir\u00e3o Preto-SP e Regi\u00e3o&quot;","block_context":{"text":"Not\u00edcias de Ribeir\u00e3o Preto-SP e Regi\u00e3o","link":"https:\/\/noticiasribeiraopreto.com.br\/index.php\/category\/noticias-de-ribeirao-preto-sp-e-regiao-ismael-colosi\/"},"img":{"alt_text":"","src":"https:\/\/i0.wp.com\/noticiasribeiraopreto.com.br\/wp-content\/uploads\/2023\/11\/Pilotos-de-drift-em-acao-durante-a-temporada-em-2022-1-1024x683.jpg?fit=1024%2C683&ssl=1&resize=350%2C200","width":350,"height":200,"srcset":"https:\/\/i0.wp.com\/noticiasribeiraopreto.com.br\/wp-content\/uploads\/2023\/11\/Pilotos-de-drift-em-acao-durante-a-temporada-em-2022-1-1024x683.jpg?fit=1024%2C683&ssl=1&resize=350%2C200 1x, https:\/\/i0.wp.com\/noticiasribeiraopreto.com.br\/wp-content\/uploads\/2023\/11\/Pilotos-de-drift-em-acao-durante-a-temporada-em-2022-1-1024x683.jpg?fit=1024%2C683&ssl=1&resize=525%2C300 1.5x, https:\/\/i0.wp.com\/noticiasribeiraopreto.com.br\/wp-content\/uploads\/2023\/11\/Pilotos-de-drift-em-acao-durante-a-temporada-em-2022-1-1024x683.jpg?fit=1024%2C683&ssl=1&resize=700%2C400 2x"},"classes":[]},{"id":82922,"url":"https:\/\/noticiasribeiraopreto.com.br\/index.php\/2026\/03\/03\/ribeirao-preto-recebe-festival-gastronomico-com-entrada-gratuita\/","url_meta":{"origin":79549,"position":3},"title":"Ribeir\u00e3o Preto recebe festival gastron\u00f4mico com entrada gratuita","author":"noticiasribeiraopreto.com.br","date":"3 de March de 2026","format":false,"excerpt":"O Festival Degusta Brasil traz \u00e0 Ribeir\u00e3o Preto os sabores e tradi\u00e7\u00f5es dos estados brasileiros. O festival tem entrada gratuita e acontece entre os dias 13 e 15 de mar\u00e7o, das 12h \u00e0s 22h, no estacionamento do Novo Shopping (pr\u00f3ximo ao Parque Goril\u00e3o). Ser\u00e3o mais de 20 expositores, todos sendo\u2026","rel":"","context":"In &quot;Not\u00edcias de Ribeir\u00e3o Preto-SP e Regi\u00e3o&quot;","block_context":{"text":"Not\u00edcias de Ribeir\u00e3o Preto-SP e Regi\u00e3o","link":"https:\/\/noticiasribeiraopreto.com.br\/index.php\/category\/noticias-de-ribeirao-preto-sp-e-regiao-ismael-colosi\/"},"img":{"alt_text":"","src":"https:\/\/i0.wp.com\/noticiasribeiraopreto.com.br\/wp-content\/uploads\/2026\/03\/Choripan-Degusta-oficial-1_2026-03-02_19-38-46.webp.webp?fit=1200%2C800&ssl=1&resize=350%2C200","width":350,"height":200,"srcset":"https:\/\/i0.wp.com\/noticiasribeiraopreto.com.br\/wp-content\/uploads\/2026\/03\/Choripan-Degusta-oficial-1_2026-03-02_19-38-46.webp.webp?fit=1200%2C800&ssl=1&resize=350%2C200 1x, https:\/\/i0.wp.com\/noticiasribeiraopreto.com.br\/wp-content\/uploads\/2026\/03\/Choripan-Degusta-oficial-1_2026-03-02_19-38-46.webp.webp?fit=1200%2C800&ssl=1&resize=525%2C300 1.5x, https:\/\/i0.wp.com\/noticiasribeiraopreto.com.br\/wp-content\/uploads\/2026\/03\/Choripan-Degusta-oficial-1_2026-03-02_19-38-46.webp.webp?fit=1200%2C800&ssl=1&resize=700%2C400 2x, https:\/\/i0.wp.com\/noticiasribeiraopreto.com.br\/wp-content\/uploads\/2026\/03\/Choripan-Degusta-oficial-1_2026-03-02_19-38-46.webp.webp?fit=1200%2C800&ssl=1&resize=1050%2C600 3x"},"classes":[]},{"id":54247,"url":"https:\/\/noticiasribeiraopreto.com.br\/index.php\/2024\/07\/05\/marisa-orth-e-musicos-da-legiao-urbana-veja-programacao-do-fim-de-semana-em-ribeirao-preto\/","url_meta":{"origin":79549,"position":4},"title":"Marisa Orth e m\u00fasicos da Legi\u00e3o Urbana: Veja programa\u00e7\u00e3o do fim de semana em Ribeir\u00e3o Preto","author":"noticiasribeiraopreto.com.br","date":"5 de July de 2024","format":false,"excerpt":"Sextou! O primeiro fim de semana de julho chegou e Ribeir\u00e3o Preto conta com uma programa\u00e7\u00e3o cultural recheada de atividades para todos os gostos. Entre os destaques est\u00e3o o show de Dados Villa Lobos e Marcelo Bonf\u00e1, com a turn\u00ea \u201cAs V Esta\u00e7\u00f5es com Legi\u00e3o Urbana\u201c, e a pe\u00e7a com\u2026","rel":"","context":"In &quot;Not\u00edcias de Ribeir\u00e3o Preto-SP e Regi\u00e3o&quot;","block_context":{"text":"Not\u00edcias de Ribeir\u00e3o Preto-SP e Regi\u00e3o","link":"https:\/\/noticiasribeiraopreto.com.br\/index.php\/category\/noticias-de-ribeirao-preto-sp-e-regiao-ismael-colosi\/"},"img":{"alt_text":"","src":"https:\/\/i0.wp.com\/noticiasribeiraopreto.com.br\/wp-content\/uploads\/2024\/07\/Copia-de-Copia-de-TAMANHO-EXATO-PARA-FOTOS-NO-SISTEMA-NOVO-6_2024-07-05_13-02-58_jpg_2024-07-05_13-02-58.webp.webp?fit=1200%2C675&ssl=1&resize=350%2C200","width":350,"height":200,"srcset":"https:\/\/i0.wp.com\/noticiasribeiraopreto.com.br\/wp-content\/uploads\/2024\/07\/Copia-de-Copia-de-TAMANHO-EXATO-PARA-FOTOS-NO-SISTEMA-NOVO-6_2024-07-05_13-02-58_jpg_2024-07-05_13-02-58.webp.webp?fit=1200%2C675&ssl=1&resize=350%2C200 1x, https:\/\/i0.wp.com\/noticiasribeiraopreto.com.br\/wp-content\/uploads\/2024\/07\/Copia-de-Copia-de-TAMANHO-EXATO-PARA-FOTOS-NO-SISTEMA-NOVO-6_2024-07-05_13-02-58_jpg_2024-07-05_13-02-58.webp.webp?fit=1200%2C675&ssl=1&resize=525%2C300 1.5x, https:\/\/i0.wp.com\/noticiasribeiraopreto.com.br\/wp-content\/uploads\/2024\/07\/Copia-de-Copia-de-TAMANHO-EXATO-PARA-FOTOS-NO-SISTEMA-NOVO-6_2024-07-05_13-02-58_jpg_2024-07-05_13-02-58.webp.webp?fit=1200%2C675&ssl=1&resize=700%2C400 2x, https:\/\/i0.wp.com\/noticiasribeiraopreto.com.br\/wp-content\/uploads\/2024\/07\/Copia-de-Copia-de-TAMANHO-EXATO-PARA-FOTOS-NO-SISTEMA-NOVO-6_2024-07-05_13-02-58_jpg_2024-07-05_13-02-58.webp.webp?fit=1200%2C675&ssl=1&resize=1050%2C600 3x"},"classes":[]},{"id":79940,"url":"https:\/\/noticiasribeiraopreto.com.br\/index.php\/2025\/11\/11\/andre-frateschi-e-banda-nice-trip-em-show-beneficente-pelo-lar-padre-euclides\/","url_meta":{"origin":79549,"position":5},"title":"Andr\u00e9 Frateschi e banda Nice Trip em show beneficente pelo Lar Padre Euclides","author":"noticiasribeiraopreto.com.br","date":"11 de November de 2025","format":false,"excerpt":"11 de novembro de 2025 13:211 Compartilhar0Evento acontece no dia 15 de novembro e ter\u00e1 toda a renda revertida \u00e0 institui\u00e7\u00e3o centen\u00e1riaO cantor e ator Andr\u00e9 Frateschi, voz da turn\u00ea Legi\u00e3o Urbana XXX e vencedor do programa PopStar da TV Globo, realiza no pr\u00f3ximo dia 15 de novembro, ao lado\u2026","rel":"","context":"In &quot;Not\u00edcias de Ribeir\u00e3o Preto-SP e Regi\u00e3o&quot;","block_context":{"text":"Not\u00edcias de Ribeir\u00e3o Preto-SP e Regi\u00e3o","link":"https:\/\/noticiasribeiraopreto.com.br\/index.php\/category\/noticias-de-ribeirao-preto-sp-e-regiao-ismael-colosi\/"},"img":{"alt_text":"","src":"https:\/\/i0.wp.com\/noticiasribeiraopreto.com.br\/wp-content\/uploads\/2025\/11\/frateschi-e-nice-trip.jpeg?fit=747%2C499&ssl=1&resize=350%2C200","width":350,"height":200,"srcset":"https:\/\/i0.wp.com\/noticiasribeiraopreto.com.br\/wp-content\/uploads\/2025\/11\/frateschi-e-nice-trip.jpeg?fit=747%2C499&ssl=1&resize=350%2C200 1x, https:\/\/i0.wp.com\/noticiasribeiraopreto.com.br\/wp-content\/uploads\/2025\/11\/frateschi-e-nice-trip.jpeg?fit=747%2C499&ssl=1&resize=525%2C300 1.5x, https:\/\/i0.wp.com\/noticiasribeiraopreto.com.br\/wp-content\/uploads\/2025\/11\/frateschi-e-nice-trip.jpeg?fit=747%2C499&ssl=1&resize=700%2C400 2x"},"classes":[]}],"jetpack_sharing_enabled":true,"jetpack_shortlink":"https:\/\/wp.me\/peQAOb-kH3","_links":{"self":[{"href":"https:\/\/noticiasribeiraopreto.com.br\/index.php\/wp-json\/wp\/v2\/posts\/79549","targetHints":{"allow":["GET"]}}],"collection":[{"href":"https:\/\/noticiasribeiraopreto.com.br\/index.php\/wp-json\/wp\/v2\/posts"}],"about":[{"href":"https:\/\/noticiasribeiraopreto.com.br\/index.php\/wp-json\/wp\/v2\/types\/post"}],"author":[{"embeddable":true,"href":"https:\/\/noticiasribeiraopreto.com.br\/index.php\/wp-json\/wp\/v2\/users\/1"}],"replies":[{"embeddable":true,"href":"https:\/\/noticiasribeiraopreto.com.br\/index.php\/wp-json\/wp\/v2\/comments?post=79549"}],"version-history":[{"count":0,"href":"https:\/\/noticiasribeiraopreto.com.br\/index.php\/wp-json\/wp\/v2\/posts\/79549\/revisions"}],"wp:featuredmedia":[{"embeddable":true,"href":"https:\/\/noticiasribeiraopreto.com.br\/index.php\/wp-json\/wp\/v2\/media\/79550"}],"wp:attachment":[{"href":"https:\/\/noticiasribeiraopreto.com.br\/index.php\/wp-json\/wp\/v2\/media?parent=79549"}],"wp:term":[{"taxonomy":"category","embeddable":true,"href":"https:\/\/noticiasribeiraopreto.com.br\/index.php\/wp-json\/wp\/v2\/categories?post=79549"},{"taxonomy":"post_tag","embeddable":true,"href":"https:\/\/noticiasribeiraopreto.com.br\/index.php\/wp-json\/wp\/v2\/tags?post=79549"}],"curies":[{"name":"wp","href":"https:\/\/api.w.org\/{rel}","templated":true}]}}