{"id":79551,"date":"2025-11-03T19:50:52","date_gmt":"2025-11-03T22:50:52","guid":{"rendered":"https:\/\/noticiasribeiraopreto.com.br\/index.php\/2025\/11\/03\/ribeirao-preto-abre-cadastro-para-128-moradias-do-minha-casa-minha-vida-veja-como-participar\/"},"modified":"2025-11-03T19:50:52","modified_gmt":"2025-11-03T22:50:52","slug":"ribeirao-preto-abre-cadastro-para-128-moradias-do-minha-casa-minha-vida-veja-como-participar","status":"publish","type":"post","link":"https:\/\/noticiasribeiraopreto.com.br\/index.php\/2025\/11\/03\/ribeirao-preto-abre-cadastro-para-128-moradias-do-minha-casa-minha-vida-veja-como-participar\/","title":{"rendered":"Ribeir\u00e3o Preto abre cadastro para 128 moradias do Minha Casa, Minha Vida; veja como participar"},"content":{"rendered":"<div class='code-block code-block-1' style='margin: 8px 0 8px auto; text-align: right; display: block; clear: both;'>\n<p><a href=\"https:\/\/wa.link\/vpicfd\"><img data-recalc-dims=\"1\" class=\"wp-image-4922\" style=\"aspect-ratio: 2.0253164556962027; width: 561px; height: auto;\" src=\"https:\/\/i0.wp.com\/ismaelcolosi.com.br\/wp-content\/uploads\/2023\/11\/grupo-de-empregos-whatsapp-e-facebook-ismael-colosi-vagas.jpg?ssl=1\" alt=\"\" \/><\/a><\/p>\n<!-- \/wp:image -->\n<\/div>\n<p> <br \/>\n<\/p>\n<div>\n<p>A <strong>Prefeitura de Ribeir\u00e3o Preto<\/strong> abriu, nesta segunda-feira (3), o cadastro para a p<strong>r\u00e9-sele\u00e7\u00e3o de fam\u00edlias de baixa renda<\/strong> interessadas em concorrer a <strong>128 casas do programa Minha Casa, Minha Vida<\/strong>.<\/p>\n<p>As inscri\u00e7\u00f5es poder\u00e3o ser realizadas <strong>at\u00e9 o dia 16 de novembro<\/strong>, de forma online (<a href=\"https:\/\/authkey.coderp.sp.gov.br\/coderpsso\/realms\/CODERP\/protocol\/openid-connect\/auth?scope=openid+email+profile&amp;response_type=code&amp;client_id=sis-habitacao&amp;redirect_uri=http%3A%2F%2Fwww.ribeiraopreto.sp.gov.br%2Fsis-habitacao%2FCallback&amp;state=a2f58bfd-ac69-49c3-b1d8-589997883f3c&amp;nonce=uzuLOoBbDzX9R3UvgKaSwGqaQ8syjlXJ-_2cbHf6w6Y&amp;display=page\" target=\"_blank\" data-type=\"link\" data-id=\"https:\/\/authkey.coderp.sp.gov.br\/coderpsso\/realms\/CODERP\/protocol\/openid-connect\/auth?scope=openid+email+profile&amp;response_type=code&amp;client_id=sis-habitacao&amp;redirect_uri=http%3A%2F%2Fwww.ribeiraopreto.sp.gov.br%2Fsis-habitacao%2FCallback&amp;state=a2f58bfd-ac69-49c3-b1d8-589997883f3c&amp;nonce=uzuLOoBbDzX9R3UvgKaSwGqaQ8syjlXJ-_2cbHf6w6Y&amp;display=page\" rel=\"noreferrer noopener\">clique aqui<\/a>) ou presencialmente, na sede da <strong>Secretaria de Planejamento, Desenvolvimento Urbano e Habita\u00e7\u00e3o <\/strong>\u2013 veja abaixo quem pode participar.<\/p>\n<p>De acordo com a Administra\u00e7\u00e3o, os im\u00f3veis ser\u00e3o financiados com <strong>valores abaixo dos praticados pelo mercado<\/strong> e os <strong>subs\u00eddios <\/strong>podem chegar a <strong>95% do valor dos im\u00f3veis<\/strong>. <mark style=\"background-color:#fcb900\" class=\"has-inline-color\">Os financiamentos ter\u00e3o parcelas a partir de R$ 80,00, sem juros, pagas em at\u00e9 60 meses.<\/mark><\/p>\n<p>Nesta primeira fase, as moradias correspondem a apartamentos em constru\u00e7\u00e3o no <strong>Jardim Ant\u00f4nio Palocci<\/strong>, na regi\u00e3o Leste, com previs\u00e3o de entrega em junho de 2026.<\/p>\n<p>O programa \u00e9 resultado de uma parceria entre os governos federal e municipal, com doa\u00e7\u00e3o das \u00e1reas pelo munic\u00edpio para a constru\u00e7\u00e3o dos empreendimentos.<\/p>\n<div class=\"wp-block-image\">\n<figure class=\"aligncenter size-large is-resized\"><img data-recalc-dims=\"1\" fetchpriority=\"high\" decoding=\"async\" width=\"1024\" height=\"682\" src=\"https:\/\/i0.wp.com\/cdn.media-acidadeon.com.br\/ribeiraopreto\/wp-content\/uploads\/sites\/3\/2025\/11\/habitacao_2025-11-03_19-53-22-1024x682.webp?resize=1024%2C682&#038;ssl=1\" alt=\"Prefeitura abre cadastramento para fam\u00edlias interessadas em apartamentos do programa Minha Casa, Minha Vida - Foto: divulga\u00e7\u00e3o.\" class=\"wp-image-134579\" style=\"width:654px\" title=\"Ribeir\u00e3o Preto abre cadastro para 128 moradias do Minha Casa, Minha Vida; veja como participar 1\" srcset=\"https:\/\/cdn.media-acidadeon.com.br\/ribeiraopreto\/wp-content\/uploads\/sites\/3\/2025\/11\/habitacao_2025-11-03_19-53-22-1024x682.webp 1024w, https:\/\/cdn.media-acidadeon.com.br\/ribeiraopreto\/wp-content\/uploads\/sites\/3\/2025\/11\/habitacao_2025-11-03_19-53-22-300x200.webp 300w, https:\/\/cdn.media-acidadeon.com.br\/ribeiraopreto\/wp-content\/uploads\/sites\/3\/2025\/11\/habitacao_2025-11-03_19-53-22-768x511.webp 768w, https:\/\/cdn.media-acidadeon.com.br\/ribeiraopreto\/wp-content\/uploads\/sites\/3\/2025\/11\/habitacao_2025-11-03_19-53-22-696x463.webp 696w, https:\/\/cdn.media-acidadeon.com.br\/ribeiraopreto\/wp-content\/uploads\/sites\/3\/2025\/11\/habitacao_2025-11-03_19-53-22-1068x711.webp 1068w, https:\/\/cdn.media-acidadeon.com.br\/ribeiraopreto\/wp-content\/uploads\/sites\/3\/2025\/11\/habitacao_2025-11-03_19-53-22.webp 1200w\" sizes=\"(max-width: 1024px) 100vw, 1024px\"\/><figcaption class=\"wp-element-caption\">Prefeitura abre cadastramento para fam\u00edlias interessadas em apartamentos do programa Minha Casa, Minha Vida \u2013 Foto: divulga\u00e7\u00e3o.<\/figcaption><\/figure>\n<\/div>\n<h2 class=\"wp-block-heading\"><strong>Quem pode participar?<\/strong><\/h2>\n<p>Conforme a<strong> Prefeitura de Ribeir\u00e3o Preto<\/strong>, para participar do programa, <strong>as fam\u00edlias devem ter renda bruta mensal de at\u00e9 R$ 2.850,00<\/strong>. Al\u00e9m disso, elas devem:<\/p>\n<ul class=\"wp-block-list\">\n<li><strong>Viver em condi\u00e7\u00e3o de d\u00e9ficit habitacional<\/strong>, como habita\u00e7\u00e3o prec\u00e1ria, coabita\u00e7\u00e3o, adensamento excessivo, \u00f4nus excessivo com aluguel, aluguel social provis\u00f3rio ou situa\u00e7\u00e3o de rua;<\/li>\n<\/ul>\n<ul class=\"wp-block-list\">\n<li><strong>Possuir capacidade civil para assinatura de contrato (maior de 18 anos ou emancipado)<\/strong>.<\/li>\n<\/ul>\n<p><mark style=\"background-color:#fcb900\" class=\"has-inline-color\">N\u00e3o poder\u00e3o participar pessoas que j\u00e1 possuam financiamento de im\u00f3vel com FGTS, casa pr\u00f3pria com estrutura adequada (\u00e1gua, luz e esgoto) ou que tenham recebido benef\u00edcio habitacional nos \u00faltimos 10 anos, salvo exce\u00e7\u00f5es previstas em lei.<\/mark><\/p>\n<p>D\u00favidas, informa\u00e7\u00f5es adicionais ou agendamentos para inscri\u00e7\u00f5es presenciais podem ser solicitados pelo telefone e WhatsApp (16) 3977-9147 ou pelo e-mail programashabitacionais.planejamento@rp.ribeiraopreto.sp.gov.br.<\/p>\n<hr class=\"wp-block-separator has-alpha-channel-opacity\"\/>\n<p>SAIBA MAIS<\/p>\n<p>Duas pessoas ficam feridas ap\u00f3s acidente entre carro e moto em cruzamento de Ribeir\u00e3o Preto<\/p>\n<h2 class=\"wp-block-heading\"><strong>FIQUE ON<\/strong><\/h2>\n<p>Fique ligado em tudo que acontece em Ribeir\u00e3o Preto e regi\u00e3o. Siga os perfis do<strong>\u00a0acidade on\u00a0<\/strong>no<a href=\"https:\/\/www.instagram.com\/acidadeonribeirao\" target=\"_blank\" rel=\"noreferrer noopener\">\u00a0Instagram\u00a0<\/a>e no\u00a0<a href=\"https:\/\/www.facebook.com\/acidadeonribeirao\/\" target=\"_blank\" rel=\"noreferrer noopener\">Facebook<\/a>.<\/p>\n<p>Receba not\u00edcias do<strong>\u00a0acidade on<\/strong>\u00a0no WhatsApp. Para entrar no grupo,\u00a0basta\u00a0<a href=\"https:\/\/chat.whatsapp.com\/I4nieTEMKlf50pJ28aMemC?mode=ac_t\" target=\"_blank\" rel=\"noreferrer noopener\">clicar aqui<\/a>. Ou, acesse o nosso\u00a0Canal<a href=\"https:\/\/whatsapp.com\/channel\/0029Vb6IQl1JENyAeS57fk2p\" target=\"_blank\" rel=\"noreferrer noopener\">\u00a0clicando aqui<\/a>.<\/p>\n<p>Fa\u00e7a uma den\u00fancia ou sugira uma reportagem sobre Ribeir\u00e3o Preto e regi\u00e3o pelo WhatsApp: 16 99117 7802.<\/p>\n<p>VEJA TAMB\u00c9M<\/p>\n<p>Irm\u00e3os Cravinhos est\u00e3o soltos?<\/p>\n<p><!-- AI CONTENT END 1 -->\n<\/div>\n<p><script async src=\"\/\/www.instagram.com\/embed.js\"><\/script><br \/>\n<br \/><br \/>\n<br \/><a href=\"https:\/\/www.acidadeon.com\/ribeiraopreto\/economia\/ribeirao-preto-abre-cadastro-para-128-moradias-do-minha-casa-minha-vida-veja-como-participar\/\">Source link <\/a><\/p>\n<!-- CONTENT END 1 -->\n","protected":false},"excerpt":{"rendered":"<p>A Prefeitura de Ribeir\u00e3o Preto abriu, nesta segunda-feira (3), o cadastro para a pr\u00e9-sele\u00e7\u00e3o de fam\u00edlias de baixa renda interessadas em concorrer a 128 casas&#8230;<\/p>\n","protected":false},"author":1,"featured_media":79552,"comment_status":"open","ping_status":"open","sticky":false,"template":"","format":"standard","meta":{"advanced_seo_description":"","jetpack_seo_html_title":"","jetpack_seo_noindex":false,"jetpack_post_was_ever_published":false,"_jetpack_newsletter_access":"","_jetpack_dont_email_post_to_subs":false,"_jetpack_newsletter_tier_id":0,"_jetpack_memberships_contains_paywalled_content":false,"_jetpack_memberships_contains_paid_content":false,"footnotes":"","jetpack_publicize_message":"","jetpack_publicize_feature_enabled":true,"jetpack_social_post_already_shared":true,"jetpack_social_options":{"image_generator_settings":{"template":"highway","default_image_id":0,"font":"","enabled":false},"version":2}},"categories":[11],"tags":[],"class_list":["post-79551","post","type-post","status-publish","format-standard","has-post-thumbnail","hentry","category-noticias-de-ribeirao-preto-sp-e-regiao-ismael-colosi"],"jetpack_publicize_connections":[],"jetpack_featured_media_url":"https:\/\/i0.wp.com\/noticiasribeiraopreto.com.br\/wp-content\/uploads\/2025\/11\/minha-casa-minha-vida.jpeg?fit=768%2C441&ssl=1","jetpack-related-posts":[{"id":43879,"url":"https:\/\/noticiasribeiraopreto.com.br\/index.php\/2024\/03\/23\/definida-empresa-para-construcao-de-unidades-habitacionais-populares-em-ribeirao\/","url_meta":{"origin":79551,"position":0},"title":"Definida empresa para constru\u00e7\u00e3o de unidades habitacionais populares em Ribeir\u00e3o","author":"noticiasribeiraopreto.com.br","date":"23 de March de 2024","format":false,"excerpt":"A Prefeitura de Ribeir\u00e3o Preto definiu a empresa respons\u00e1vel pela constru\u00e7\u00e3o de 441 unidades habitacionais populares, por meio do programa Minha Casa, Minha Vida, do Governo Federal. O projeto dever\u00e1 ser desenvolvido pela BRNPAR Empreendimentos Imobili\u00e1rios LTDA, de Araras. As unidades habitacionais ser\u00e3o constru\u00eddas no Jardim Ant\u00f4nio Palocci, na zona\u2026","rel":"","context":"In &quot;Not\u00edcias de Ribeir\u00e3o Preto-SP e Regi\u00e3o&quot;","block_context":{"text":"Not\u00edcias de Ribeir\u00e3o Preto-SP e Regi\u00e3o","link":"https:\/\/noticiasribeiraopreto.com.br\/index.php\/category\/noticias-de-ribeirao-preto-sp-e-regiao-ismael-colosi\/"},"img":{"alt_text":"","src":"https:\/\/i0.wp.com\/noticiasribeiraopreto.com.br\/wp-content\/uploads\/2024\/03\/casas-populares.jpg?fit=754%2C503&ssl=1&resize=350%2C200","width":350,"height":200,"srcset":"https:\/\/i0.wp.com\/noticiasribeiraopreto.com.br\/wp-content\/uploads\/2024\/03\/casas-populares.jpg?fit=754%2C503&ssl=1&resize=350%2C200 1x, https:\/\/i0.wp.com\/noticiasribeiraopreto.com.br\/wp-content\/uploads\/2024\/03\/casas-populares.jpg?fit=754%2C503&ssl=1&resize=525%2C300 1.5x, https:\/\/i0.wp.com\/noticiasribeiraopreto.com.br\/wp-content\/uploads\/2024\/03\/casas-populares.jpg?fit=754%2C503&ssl=1&resize=700%2C400 2x"},"classes":[]},{"id":81113,"url":"https:\/\/noticiasribeiraopreto.com.br\/index.php\/2025\/12\/24\/proposta-quer-alienar-36-imoveis-publicos-de-ribeirao-para-moradias-do-minha-casa-minha-vida\/","url_meta":{"origin":79551,"position":1},"title":"Proposta quer alienar 36 im\u00f3veis p\u00fablicos de Ribeir\u00e3o para moradias do Minha Casa, Minha Vida","author":"noticiasribeiraopreto.com.br","date":"24 de December de 2025","format":false,"excerpt":"A Prefeitura de Ribeir\u00e3o Preto enviou o projeto de lei complementar 61\/2025 para C\u00e2mara Municipal, que permite alienar 36 im\u00f3veis p\u00fablicos para constru\u00e7\u00e3o de moradias no Programa Minha Casa, Minha Vida. Segundo a proposta, os im\u00f3veis ser\u00e3o desafetados, ou seja, perder\u00e3o a fun\u00e7\u00e3o p\u00fablica para que possam ser alienados pela\u2026","rel":"","context":"In &quot;Not\u00edcias de Ribeir\u00e3o Preto-SP e Regi\u00e3o&quot;","block_context":{"text":"Not\u00edcias de Ribeir\u00e3o Preto-SP e Regi\u00e3o","link":"https:\/\/noticiasribeiraopreto.com.br\/index.php\/category\/noticias-de-ribeirao-preto-sp-e-regiao-ismael-colosi\/"},"img":{"alt_text":"","src":"https:\/\/i0.wp.com\/noticiasribeiraopreto.com.br\/wp-content\/uploads\/2025\/10\/camara-de-ribeirao-preto_2025-10-27_20-36-22.webp.webp?fit=1024%2C576&ssl=1&resize=350%2C200","width":350,"height":200,"srcset":"https:\/\/i0.wp.com\/noticiasribeiraopreto.com.br\/wp-content\/uploads\/2025\/10\/camara-de-ribeirao-preto_2025-10-27_20-36-22.webp.webp?fit=1024%2C576&ssl=1&resize=350%2C200 1x, https:\/\/i0.wp.com\/noticiasribeiraopreto.com.br\/wp-content\/uploads\/2025\/10\/camara-de-ribeirao-preto_2025-10-27_20-36-22.webp.webp?fit=1024%2C576&ssl=1&resize=525%2C300 1.5x, https:\/\/i0.wp.com\/noticiasribeiraopreto.com.br\/wp-content\/uploads\/2025\/10\/camara-de-ribeirao-preto_2025-10-27_20-36-22.webp.webp?fit=1024%2C576&ssl=1&resize=700%2C400 2x"},"classes":[]},{"id":66697,"url":"https:\/\/noticiasribeiraopreto.com.br\/index.php\/2025\/04\/04\/veja-quem-pode-participar-do-minha-casa-minha-vida-com-ampliacao-do-teto\/","url_meta":{"origin":79551,"position":2},"title":"Veja quem pode participar do Minha Casa, Minha Vida com amplia\u00e7\u00e3o do teto","author":"noticiasribeiraopreto.com.br","date":"4 de April de 2025","format":false,"excerpt":"O Minist\u00e9rio das Cidades ampliou a faixa de renda do Minha Casa, Minha Vida para fam\u00edlias com sal\u00e1rios de at\u00e9 R$ 12 mil. Anteriormente, o teto do Minha Casa, Minha Vida era de R$ 8 mil. Com isso, a linha estendida do programa prev\u00ea a possibilidade de financiamento de at\u00e9\u2026","rel":"","context":"In &quot;Not\u00edcias de Ribeir\u00e3o Preto-SP e Regi\u00e3o&quot;","block_context":{"text":"Not\u00edcias de Ribeir\u00e3o Preto-SP e Regi\u00e3o","link":"https:\/\/noticiasribeiraopreto.com.br\/index.php\/category\/noticias-de-ribeirao-preto-sp-e-regiao-ismael-colosi\/"},"img":{"alt_text":"","src":"https:\/\/i0.wp.com\/noticiasribeiraopreto.com.br\/wp-content\/uploads\/2025\/03\/imposto-de-renda_2025-03-18_17-20-00_jpg_2025-03-18_17-20-00.webp.webp?fit=1200%2C800&ssl=1&resize=350%2C200","width":350,"height":200,"srcset":"https:\/\/i0.wp.com\/noticiasribeiraopreto.com.br\/wp-content\/uploads\/2025\/03\/imposto-de-renda_2025-03-18_17-20-00_jpg_2025-03-18_17-20-00.webp.webp?fit=1200%2C800&ssl=1&resize=350%2C200 1x, https:\/\/i0.wp.com\/noticiasribeiraopreto.com.br\/wp-content\/uploads\/2025\/03\/imposto-de-renda_2025-03-18_17-20-00_jpg_2025-03-18_17-20-00.webp.webp?fit=1200%2C800&ssl=1&resize=525%2C300 1.5x, https:\/\/i0.wp.com\/noticiasribeiraopreto.com.br\/wp-content\/uploads\/2025\/03\/imposto-de-renda_2025-03-18_17-20-00_jpg_2025-03-18_17-20-00.webp.webp?fit=1200%2C800&ssl=1&resize=700%2C400 2x, https:\/\/i0.wp.com\/noticiasribeiraopreto.com.br\/wp-content\/uploads\/2025\/03\/imposto-de-renda_2025-03-18_17-20-00_jpg_2025-03-18_17-20-00.webp.webp?fit=1200%2C800&ssl=1&resize=1050%2C600 3x"},"classes":[]},{"id":84102,"url":"https:\/\/noticiasribeiraopreto.com.br\/index.php\/2026\/04\/01\/entenda-as-mudancas-do-minha-casa-minha-vida-anunciadas-nesta-quarta-feira\/","url_meta":{"origin":79551,"position":3},"title":"Entenda as mudan\u00e7as do Minha Casa, Minha Vida anunciadas nesta quarta-feira","author":"noticiasribeiraopreto.com.br","date":"1 de April de 2026","format":false,"excerpt":"Ler o resumo da not\u00edcia Governo atualiza limites de renda do Minha Casa, Minha Vida; novos valores foram publicados em 1\u00ba de abril e aprovados pelo Conselho Curador do FGTS no dia 24 de mar\u00e7o. Programa passa a atender fam\u00edlias em \u00e1reas rurais com renda anual de at\u00e9 R$ 162,5\u2026","rel":"","context":"In &quot;Not\u00edcias de Ribeir\u00e3o Preto-SP e Regi\u00e3o&quot;","block_context":{"text":"Not\u00edcias de Ribeir\u00e3o Preto-SP e Regi\u00e3o","link":"https:\/\/noticiasribeiraopreto.com.br\/index.php\/category\/noticias-de-ribeirao-preto-sp-e-regiao-ismael-colosi\/"},"img":{"alt_text":"","src":"https:\/\/i0.wp.com\/noticiasribeiraopreto.com.br\/wp-content\/uploads\/2025\/04\/Copia-de-Copia-de-Copia-de-TAMANHO-EXATO-PARA-FOTOS-NO-SISTEMA-NOVO-2025-04-15T202726.174_2025-04-15_23-27-35_png_2025-04-15_23-27-35.webp.webp?fit=1200%2C675&ssl=1&resize=350%2C200","width":350,"height":200,"srcset":"https:\/\/i0.wp.com\/noticiasribeiraopreto.com.br\/wp-content\/uploads\/2025\/04\/Copia-de-Copia-de-Copia-de-TAMANHO-EXATO-PARA-FOTOS-NO-SISTEMA-NOVO-2025-04-15T202726.174_2025-04-15_23-27-35_png_2025-04-15_23-27-35.webp.webp?fit=1200%2C675&ssl=1&resize=350%2C200 1x, https:\/\/i0.wp.com\/noticiasribeiraopreto.com.br\/wp-content\/uploads\/2025\/04\/Copia-de-Copia-de-Copia-de-TAMANHO-EXATO-PARA-FOTOS-NO-SISTEMA-NOVO-2025-04-15T202726.174_2025-04-15_23-27-35_png_2025-04-15_23-27-35.webp.webp?fit=1200%2C675&ssl=1&resize=525%2C300 1.5x, https:\/\/i0.wp.com\/noticiasribeiraopreto.com.br\/wp-content\/uploads\/2025\/04\/Copia-de-Copia-de-Copia-de-TAMANHO-EXATO-PARA-FOTOS-NO-SISTEMA-NOVO-2025-04-15T202726.174_2025-04-15_23-27-35_png_2025-04-15_23-27-35.webp.webp?fit=1200%2C675&ssl=1&resize=700%2C400 2x, https:\/\/i0.wp.com\/noticiasribeiraopreto.com.br\/wp-content\/uploads\/2025\/04\/Copia-de-Copia-de-Copia-de-TAMANHO-EXATO-PARA-FOTOS-NO-SISTEMA-NOVO-2025-04-15T202726.174_2025-04-15_23-27-35_png_2025-04-15_23-27-35.webp.webp?fit=1200%2C675&ssl=1&resize=1050%2C600 3x"},"classes":[]},{"id":62718,"url":"https:\/\/noticiasribeiraopreto.com.br\/index.php\/2025\/01\/22\/minha-casa-minha-vida-governo-preve-construcao-de-445-imoveis-na-regiao-de-ribeirao-preto\/","url_meta":{"origin":79551,"position":4},"title":"Minha Casa, Minha Vida: Governo prev\u00ea constru\u00e7\u00e3o de 445 im\u00f3veis na regi\u00e3o de Ribeir\u00e3o Preto","author":"noticiasribeiraopreto.com.br","date":"22 de January de 2025","format":false,"excerpt":"O Governo Federal anunciou, na \u00faltima segunda-feira (20), que nove munic\u00edpios da regi\u00e3o de Ribeir\u00e3o Preto foram habilitados para apresentarem propostas de projetos habitacionais pelo programa Minha Casa Minha Vida. A autoriza\u00e7\u00e3o para a constru\u00e7\u00e3o dos im\u00f3veis populares foi publicada no Di\u00e1rio Oficial da Uni\u00e3o. Conforme o documento, ser\u00e3o beneficiadas\u2026","rel":"","context":"In &quot;Not\u00edcias de Ribeir\u00e3o Preto-SP e Regi\u00e3o&quot;","block_context":{"text":"Not\u00edcias de Ribeir\u00e3o Preto-SP e Regi\u00e3o","link":"https:\/\/noticiasribeiraopreto.com.br\/index.php\/category\/noticias-de-ribeirao-preto-sp-e-regiao-ismael-colosi\/"},"img":{"alt_text":"","src":"https:\/\/i0.wp.com\/noticiasribeiraopreto.com.br\/wp-content\/uploads\/2025\/01\/minha-casa-minha-vida.jpeg?fit=768%2C441&ssl=1&resize=350%2C200","width":350,"height":200,"srcset":"https:\/\/i0.wp.com\/noticiasribeiraopreto.com.br\/wp-content\/uploads\/2025\/01\/minha-casa-minha-vida.jpeg?fit=768%2C441&ssl=1&resize=350%2C200 1x, https:\/\/i0.wp.com\/noticiasribeiraopreto.com.br\/wp-content\/uploads\/2025\/01\/minha-casa-minha-vida.jpeg?fit=768%2C441&ssl=1&resize=525%2C300 1.5x, https:\/\/i0.wp.com\/noticiasribeiraopreto.com.br\/wp-content\/uploads\/2025\/01\/minha-casa-minha-vida.jpeg?fit=768%2C441&ssl=1&resize=700%2C400 2x"},"classes":[]},{"id":42221,"url":"https:\/\/noticiasribeiraopreto.com.br\/index.php\/2024\/03\/13\/veja-como-fazer-o-cadastro-para-programas-habitacionais-em-ribeirao-preto\/","url_meta":{"origin":79551,"position":5},"title":"Veja como fazer o cadastro para programas habitacionais em Ribeir\u00e3o Preto","author":"noticiasribeiraopreto.com.br","date":"13 de March de 2024","format":false,"excerpt":"A Prefeitura de Ribeir\u00e3o Preto lan\u00e7ou uma plataforma para que a popula\u00e7\u00e3o possa fazer o cadastro para participar de processos de sele\u00e7\u00e3o para aquisi\u00e7\u00e3o de moradias em programas como o Minha Casa, Minha Vida, do Governo Federal, e o Casa Nossa, do governo estadual. De acordo com a prefeitura, o\u2026","rel":"","context":"In &quot;Not\u00edcias de Ribeir\u00e3o Preto-SP e Regi\u00e3o&quot;","block_context":{"text":"Not\u00edcias de Ribeir\u00e3o Preto-SP e Regi\u00e3o","link":"https:\/\/noticiasribeiraopreto.com.br\/index.php\/category\/noticias-de-ribeirao-preto-sp-e-regiao-ismael-colosi\/"},"img":{"alt_text":"","src":"https:\/\/i0.wp.com\/noticiasribeiraopreto.com.br\/wp-content\/uploads\/2024\/03\/aerea-ribeirao-preto.jpg?fit=1200%2C800&ssl=1&resize=350%2C200","width":350,"height":200,"srcset":"https:\/\/i0.wp.com\/noticiasribeiraopreto.com.br\/wp-content\/uploads\/2024\/03\/aerea-ribeirao-preto.jpg?fit=1200%2C800&ssl=1&resize=350%2C200 1x, https:\/\/i0.wp.com\/noticiasribeiraopreto.com.br\/wp-content\/uploads\/2024\/03\/aerea-ribeirao-preto.jpg?fit=1200%2C800&ssl=1&resize=525%2C300 1.5x, https:\/\/i0.wp.com\/noticiasribeiraopreto.com.br\/wp-content\/uploads\/2024\/03\/aerea-ribeirao-preto.jpg?fit=1200%2C800&ssl=1&resize=700%2C400 2x, https:\/\/i0.wp.com\/noticiasribeiraopreto.com.br\/wp-content\/uploads\/2024\/03\/aerea-ribeirao-preto.jpg?fit=1200%2C800&ssl=1&resize=1050%2C600 3x"},"classes":[]}],"jetpack_sharing_enabled":true,"jetpack_shortlink":"https:\/\/wp.me\/peQAOb-kH5","_links":{"self":[{"href":"https:\/\/noticiasribeiraopreto.com.br\/index.php\/wp-json\/wp\/v2\/posts\/79551","targetHints":{"allow":["GET"]}}],"collection":[{"href":"https:\/\/noticiasribeiraopreto.com.br\/index.php\/wp-json\/wp\/v2\/posts"}],"about":[{"href":"https:\/\/noticiasribeiraopreto.com.br\/index.php\/wp-json\/wp\/v2\/types\/post"}],"author":[{"embeddable":true,"href":"https:\/\/noticiasribeiraopreto.com.br\/index.php\/wp-json\/wp\/v2\/users\/1"}],"replies":[{"embeddable":true,"href":"https:\/\/noticiasribeiraopreto.com.br\/index.php\/wp-json\/wp\/v2\/comments?post=79551"}],"version-history":[{"count":0,"href":"https:\/\/noticiasribeiraopreto.com.br\/index.php\/wp-json\/wp\/v2\/posts\/79551\/revisions"}],"wp:featuredmedia":[{"embeddable":true,"href":"https:\/\/noticiasribeiraopreto.com.br\/index.php\/wp-json\/wp\/v2\/media\/79552"}],"wp:attachment":[{"href":"https:\/\/noticiasribeiraopreto.com.br\/index.php\/wp-json\/wp\/v2\/media?parent=79551"}],"wp:term":[{"taxonomy":"category","embeddable":true,"href":"https:\/\/noticiasribeiraopreto.com.br\/index.php\/wp-json\/wp\/v2\/categories?post=79551"},{"taxonomy":"post_tag","embeddable":true,"href":"https:\/\/noticiasribeiraopreto.com.br\/index.php\/wp-json\/wp\/v2\/tags?post=79551"}],"curies":[{"name":"wp","href":"https:\/\/api.w.org\/{rel}","templated":true}]}}